{"id":22637,"date":"2018-09-04T00:00:00","date_gmt":"2018-09-03T22:00:00","guid":{"rendered":"https:\/\/www.revuemusicale.ch\/blog\/2018\/09\/04\/opera-et-mapping-video\/"},"modified":"2023-01-18T17:43:12","modified_gmt":"2023-01-18T16:43:12","slug":"opera-et-mapping-video","status":"publish","type":"post","link":"https:\/\/www.revuemusicale.ch\/en\/campus\/2018\/09\/opera-et-mapping-video","title":{"rendered":"Opera and video mapping"},"content":{"rendered":"<figure style=\"width: 1200px\" class=\"wp-caption alignnone\"><img decoding=\"async\" class=\"size-full\" src=\"https:\/\/www.revuemusicale.ch\/wp-content\/uploads\/2023\/01\/HEMU_Les_Noces_de_Figaro_c_Olivier_Wavre_D4W_4703.jpg\" alt=\"\" \/><figcaption class=\"wp-caption-text\">Photo: Olivier Wavre<\/figcaption><\/figure>\n<div class='text-section'>\n<p>Singing students from the Hautes \u00e9coles de musique de Suisse Romande take over the BCV Concert Hall in Lausanne, under the artistic direction of Todd Camburn, and staging by Lorenzo Malaguerra and Philippe Soltermann. The HEMU Orchestra will be conducted by Leonardo Garc\u00eda Alarc\u00f3n. <br \/> \u00a0<br \/> <strong>In the light of Supermafia<br \/> <\/strong>Every two years, the HEMU produces an opera that brings together singers and instrumentalists from the Lausanne and Geneva Hautes \u00c9coles de Musique. The stage of the BCV Concert Hall will thus see the mythical characters of the\u00a0<em>Figaro's wedding<\/em>\u00a0The artists' collective Supermafia, specialists in innovative visual installations, are on hand to showcase all their facets. Their aim is to create a clash between their artistic universe and the world of opera, which, rather than highlighting a theme, will blur the spectator's perception and create a sense of emotion and disorientation.<br \/> \u00a0<br \/> <strong>A subversive work<br \/> <\/strong>Sensuality, multiple hazards, humor, psychological and relational complexity are at the heart of this \"Folle Journ\u00e9e\" full of imbroglios: Susanna and Figaro are preparing their wedding, but the Conte di Almaviva wishes to prevent the union, and seduce the bride-to-be. Singing, music and light projections enhance the mischievous situations.<\/p>\n<\/p><\/div>","protected":false},"excerpt":{"rendered":"<p><strong>From September 12 to 15, 2018, the Haute \u00c9cole de Musique de Lausanne (HEMU) presents Mozart's opera buffa \"The Marriage of Figaro\". The Supermafia collective, specialists in innovative visual installations, dress this show in light.<\/strong><\/p>","protected":false},"author":1,"featured_media":22638,"comment_status":"open","ping_status":"open","sticky":false,"template":"","format":"standard","meta":{"_acf_changed":false,"_relevanssi_hide_post":"","_relevanssi_hide_content":"","_relevanssi_pin_for_all":"","_relevanssi_pin_keywords":"","_relevanssi_unpin_keywords":"","_relevanssi_related_keywords":"","_relevanssi_related_include_ids":"","_relevanssi_related_exclude_ids":"","_relevanssi_related_no_append":"","_relevanssi_related_not_related":"","_relevanssi_related_posts":"","_relevanssi_noindex_reason":"","pgc_sgb_lightbox_settings":"","footnotes":""},"categories":[447,1604],"tags":[],"class_list":["post-22637","post","type-post","status-publish","format-standard","has-post-thumbnail","hentry","category-campus","category-haute-ecole-de-musique"],"acf":[],"yoast_head":"<!-- This site is optimized with the Yoast SEO plugin v27.3 - https:\/\/yoast.com\/product\/yoast-seo-wordpress\/ -->\n<title>Op\u00e9ra et mapping vid\u00e9o - Revue Musicale Suisse<\/title>\n<meta name=\"robots\" content=\"index, follow, max-snippet:-1, max-image-preview:large, max-video-preview:-1\" \/>\n<link rel=\"canonical\" href=\"https:\/\/www.revuemusicale.ch\/en\/campus\/2018\/09\/opera-et-mapping-video\/\" \/>\n<meta property=\"og:locale\" content=\"en_US\" \/>\n<meta property=\"og:type\" content=\"article\" \/>\n<meta property=\"og:title\" content=\"Op\u00e9ra et mapping vid\u00e9o - Revue Musicale Suisse\" \/>\n<meta property=\"og:description\" content=\"Du 12 au 15 septembre 2018, la Haute \u00c9cole de Musique de Lausanne (HEMU) pr\u00e9sente l\u2019op\u00e9ra-bouffe de Mozart\u00a0\u00abLes Noces de Figaro\u00bb. Le collectif Supermafia, sp\u00e9cialiste en installations visuelles innovantes, habille ce spectacle de lumi\u00e8re.\" \/>\n<meta property=\"og:url\" content=\"https:\/\/www.revuemusicale.ch\/en\/campus\/2018\/09\/opera-et-mapping-video\/\" \/>\n<meta property=\"og:site_name\" content=\"Revue Musicale Suisse\" \/>\n<meta property=\"article:publisher\" content=\"https:\/\/www.facebook.com\/SchweizerMusikzeitung\/\" \/>\n<meta property=\"article:published_time\" content=\"2018-09-03T22:00:00+00:00\" \/>\n<meta property=\"article:modified_time\" content=\"2023-01-18T16:43:12+00:00\" \/>\n<meta property=\"og:image\" content=\"https:\/\/www.revuemusicale.ch\/wp-content\/uploads\/2023\/01\/HEMU_Les_Noces_de_Figaro_c_Olivier_Wavre_D4W_4703.jpg\" \/>\n\t<meta property=\"og:image:width\" content=\"554\" \/>\n\t<meta property=\"og:image:height\" content=\"368\" \/>\n\t<meta property=\"og:image:type\" content=\"image\/jpeg\" \/>\n<meta name=\"author\" content=\"Musikzeitung-Redaktion\" \/>\n<meta name=\"twitter:card\" content=\"summary_large_image\" \/>\n<meta name=\"twitter:creator\" content=\"@smusikzeitung\" \/>\n<meta name=\"twitter:site\" content=\"@smusikzeitung\" \/>\n<meta name=\"twitter:label1\" content=\"Written by\" \/>\n\t<meta name=\"twitter:data1\" content=\"Musikzeitung-Redaktion\" \/>\n\t<meta name=\"twitter:label2\" content=\"Est. reading time\" \/>\n\t<meta name=\"twitter:data2\" content=\"1 minute\" \/>\n<script type=\"application\/ld+json\" class=\"yoast-schema-graph\">{\"@context\":\"https:\\\/\\\/schema.org\",\"@graph\":[{\"@type\":\"Article\",\"@id\":\"https:\\\/\\\/www.revuemusicale.ch\\\/campus\\\/2018\\\/09\\\/opera-et-mapping-video#article\",\"isPartOf\":{\"@id\":\"https:\\\/\\\/www.revuemusicale.ch\\\/campus\\\/2018\\\/09\\\/opera-et-mapping-video\"},\"author\":{\"name\":\"Musikzeitung-Redaktion\",\"@id\":\"https:\\\/\\\/www.revuemusicale.ch\\\/#\\\/schema\\\/person\\\/b2fd892c800856270b9dcc6001265712\"},\"headline\":\"Op\u00e9ra et mapping vid\u00e9o\",\"datePublished\":\"2018-09-03T22:00:00+00:00\",\"dateModified\":\"2023-01-18T16:43:12+00:00\",\"mainEntityOfPage\":{\"@id\":\"https:\\\/\\\/www.revuemusicale.ch\\\/campus\\\/2018\\\/09\\\/opera-et-mapping-video\"},\"wordCount\":238,\"commentCount\":0,\"publisher\":{\"@id\":\"https:\\\/\\\/www.revuemusicale.ch\\\/#organization\"},\"image\":{\"@id\":\"https:\\\/\\\/www.revuemusicale.ch\\\/campus\\\/2018\\\/09\\\/opera-et-mapping-video#primaryimage\"},\"thumbnailUrl\":\"https:\\\/\\\/www.revuemusicale.ch\\\/wp-content\\\/uploads\\\/2023\\\/01\\\/HEMU_Les_Noces_de_Figaro_c_Olivier_Wavre_D4W_4703.jpg\",\"articleSection\":[\"Campus\",\"Haute \u00e9cole de musique\"],\"inLanguage\":\"en-US\"},{\"@type\":\"WebPage\",\"@id\":\"https:\\\/\\\/www.revuemusicale.ch\\\/campus\\\/2018\\\/09\\\/opera-et-mapping-video\",\"url\":\"https:\\\/\\\/www.revuemusicale.ch\\\/campus\\\/2018\\\/09\\\/opera-et-mapping-video\",\"name\":\"Op\u00e9ra et mapping vid\u00e9o - Revue Musicale Suisse\",\"isPartOf\":{\"@id\":\"https:\\\/\\\/www.revuemusicale.ch\\\/#website\"},\"primaryImageOfPage\":{\"@id\":\"https:\\\/\\\/www.revuemusicale.ch\\\/campus\\\/2018\\\/09\\\/opera-et-mapping-video#primaryimage\"},\"image\":{\"@id\":\"https:\\\/\\\/www.revuemusicale.ch\\\/campus\\\/2018\\\/09\\\/opera-et-mapping-video#primaryimage\"},\"thumbnailUrl\":\"https:\\\/\\\/www.revuemusicale.ch\\\/wp-content\\\/uploads\\\/2023\\\/01\\\/HEMU_Les_Noces_de_Figaro_c_Olivier_Wavre_D4W_4703.jpg\",\"datePublished\":\"2018-09-03T22:00:00+00:00\",\"dateModified\":\"2023-01-18T16:43:12+00:00\",\"breadcrumb\":{\"@id\":\"https:\\\/\\\/www.revuemusicale.ch\\\/campus\\\/2018\\\/09\\\/opera-et-mapping-video#breadcrumb\"},\"inLanguage\":\"en-US\",\"potentialAction\":[{\"@type\":\"ReadAction\",\"target\":[\"https:\\\/\\\/www.revuemusicale.ch\\\/campus\\\/2018\\\/09\\\/opera-et-mapping-video\"]}]},{\"@type\":\"ImageObject\",\"inLanguage\":\"en-US\",\"@id\":\"https:\\\/\\\/www.revuemusicale.ch\\\/campus\\\/2018\\\/09\\\/opera-et-mapping-video#primaryimage\",\"url\":\"https:\\\/\\\/www.revuemusicale.ch\\\/wp-content\\\/uploads\\\/2023\\\/01\\\/HEMU_Les_Noces_de_Figaro_c_Olivier_Wavre_D4W_4703.jpg\",\"contentUrl\":\"https:\\\/\\\/www.revuemusicale.ch\\\/wp-content\\\/uploads\\\/2023\\\/01\\\/HEMU_Les_Noces_de_Figaro_c_Olivier_Wavre_D4W_4703.jpg\",\"width\":554,\"height\":368},{\"@type\":\"BreadcrumbList\",\"@id\":\"https:\\\/\\\/www.revuemusicale.ch\\\/campus\\\/2018\\\/09\\\/opera-et-mapping-video#breadcrumb\",\"itemListElement\":[{\"@type\":\"ListItem\",\"position\":1,\"name\":\"Home\",\"item\":\"https:\\\/\\\/www.revuemusicale.ch\\\/\"},{\"@type\":\"ListItem\",\"position\":2,\"name\":\"Op\u00e9ra et mapping vid\u00e9o\"}]},{\"@type\":\"WebSite\",\"@id\":\"https:\\\/\\\/www.revuemusicale.ch\\\/#website\",\"url\":\"https:\\\/\\\/www.revuemusicale.ch\\\/\",\"name\":\"Revue Musicale Suisse\",\"description\":\"\",\"publisher\":{\"@id\":\"https:\\\/\\\/www.revuemusicale.ch\\\/#organization\"},\"potentialAction\":[{\"@type\":\"SearchAction\",\"target\":{\"@type\":\"EntryPoint\",\"urlTemplate\":\"https:\\\/\\\/www.revuemusicale.ch\\\/?s={search_term_string}\"},\"query-input\":{\"@type\":\"PropertyValueSpecification\",\"valueRequired\":true,\"valueName\":\"search_term_string\"}}],\"inLanguage\":\"en-US\"},{\"@type\":\"Organization\",\"@id\":\"https:\\\/\\\/www.revuemusicale.ch\\\/#organization\",\"name\":\"Revue Musicale Suisse\",\"url\":\"https:\\\/\\\/www.revuemusicale.ch\\\/\",\"logo\":{\"@type\":\"ImageObject\",\"inLanguage\":\"en-US\",\"@id\":\"https:\\\/\\\/www.revuemusicale.ch\\\/#\\\/schema\\\/logo\\\/image\\\/\",\"url\":\"https:\\\/\\\/www.revuemusicale.ch\\\/wp-content\\\/uploads\\\/2023\\\/01\\\/logo_revuemusicale_musikzeitung.jpg\",\"contentUrl\":\"https:\\\/\\\/www.revuemusicale.ch\\\/wp-content\\\/uploads\\\/2023\\\/01\\\/logo_revuemusicale_musikzeitung.jpg\",\"width\":1200,\"height\":243,\"caption\":\"Revue Musicale Suisse\"},\"image\":{\"@id\":\"https:\\\/\\\/www.revuemusicale.ch\\\/#\\\/schema\\\/logo\\\/image\\\/\"},\"sameAs\":[\"https:\\\/\\\/www.facebook.com\\\/SchweizerMusikzeitung\\\/\",\"https:\\\/\\\/x.com\\\/smusikzeitung\",\"https:\\\/\\\/www.instagram.com\\\/musikzeitung.ch\\\/?hl=de\"]},{\"@type\":\"Person\",\"@id\":\"https:\\\/\\\/www.revuemusicale.ch\\\/#\\\/schema\\\/person\\\/b2fd892c800856270b9dcc6001265712\",\"name\":\"Musikzeitung-Redaktion\",\"image\":{\"@type\":\"ImageObject\",\"inLanguage\":\"en-US\",\"@id\":\"https:\\\/\\\/secure.gravatar.com\\\/avatar\\\/0c7e6a405862e402eb76a70f8a26fc732d07c32931e9fae9ab1582911d2e8a3b?s=96&d=mm&r=g\",\"url\":\"https:\\\/\\\/secure.gravatar.com\\\/avatar\\\/0c7e6a405862e402eb76a70f8a26fc732d07c32931e9fae9ab1582911d2e8a3b?s=96&d=mm&r=g\",\"contentUrl\":\"https:\\\/\\\/secure.gravatar.com\\\/avatar\\\/0c7e6a405862e402eb76a70f8a26fc732d07c32931e9fae9ab1582911d2e8a3b?s=96&d=mm&r=g\",\"caption\":\"Musikzeitung-Redaktion\"},\"sameAs\":[\"http:\\\/\\\/wundo-docker.io\"],\"url\":\"https:\\\/\\\/www.revuemusicale.ch\\\/en\\\/author\\\/admin\"}]}<\/script>\n<!-- \/ Yoast SEO plugin. -->","yoast_head_json":{"title":"Op\u00e9ra et mapping vid\u00e9o - Revue Musicale Suisse","robots":{"index":"index","follow":"follow","max-snippet":"max-snippet:-1","max-image-preview":"max-image-preview:large","max-video-preview":"max-video-preview:-1"},"canonical":"https:\/\/www.revuemusicale.ch\/en\/campus\/2018\/09\/opera-et-mapping-video\/","og_locale":"en_US","og_type":"article","og_title":"Op\u00e9ra et mapping vid\u00e9o - Revue Musicale Suisse","og_description":"Du 12 au 15 septembre 2018, la Haute \u00c9cole de Musique de Lausanne (HEMU) pr\u00e9sente l\u2019op\u00e9ra-bouffe de Mozart\u00a0\u00abLes Noces de Figaro\u00bb. Le collectif Supermafia, sp\u00e9cialiste en installations visuelles innovantes, habille ce spectacle de lumi\u00e8re.","og_url":"https:\/\/www.revuemusicale.ch\/en\/campus\/2018\/09\/opera-et-mapping-video\/","og_site_name":"Revue Musicale Suisse","article_publisher":"https:\/\/www.facebook.com\/SchweizerMusikzeitung\/","article_published_time":"2018-09-03T22:00:00+00:00","article_modified_time":"2023-01-18T16:43:12+00:00","og_image":[{"width":554,"height":368,"url":"https:\/\/www.revuemusicale.ch\/wp-content\/uploads\/2023\/01\/HEMU_Les_Noces_de_Figaro_c_Olivier_Wavre_D4W_4703.jpg","type":"image\/jpeg"}],"author":"Musikzeitung-Redaktion","twitter_card":"summary_large_image","twitter_creator":"@smusikzeitung","twitter_site":"@smusikzeitung","twitter_misc":{"Written by":"Musikzeitung-Redaktion","Est. reading time":"1 minute"},"schema":{"@context":"https:\/\/schema.org","@graph":[{"@type":"Article","@id":"https:\/\/www.revuemusicale.ch\/campus\/2018\/09\/opera-et-mapping-video#article","isPartOf":{"@id":"https:\/\/www.revuemusicale.ch\/campus\/2018\/09\/opera-et-mapping-video"},"author":{"name":"Musikzeitung-Redaktion","@id":"https:\/\/www.revuemusicale.ch\/#\/schema\/person\/b2fd892c800856270b9dcc6001265712"},"headline":"Op\u00e9ra et mapping vid\u00e9o","datePublished":"2018-09-03T22:00:00+00:00","dateModified":"2023-01-18T16:43:12+00:00","mainEntityOfPage":{"@id":"https:\/\/www.revuemusicale.ch\/campus\/2018\/09\/opera-et-mapping-video"},"wordCount":238,"commentCount":0,"publisher":{"@id":"https:\/\/www.revuemusicale.ch\/#organization"},"image":{"@id":"https:\/\/www.revuemusicale.ch\/campus\/2018\/09\/opera-et-mapping-video#primaryimage"},"thumbnailUrl":"https:\/\/www.revuemusicale.ch\/wp-content\/uploads\/2023\/01\/HEMU_Les_Noces_de_Figaro_c_Olivier_Wavre_D4W_4703.jpg","articleSection":["Campus","Haute \u00e9cole de musique"],"inLanguage":"en-US"},{"@type":"WebPage","@id":"https:\/\/www.revuemusicale.ch\/campus\/2018\/09\/opera-et-mapping-video","url":"https:\/\/www.revuemusicale.ch\/campus\/2018\/09\/opera-et-mapping-video","name":"Op\u00e9ra et mapping vid\u00e9o - Revue Musicale Suisse","isPartOf":{"@id":"https:\/\/www.revuemusicale.ch\/#website"},"primaryImageOfPage":{"@id":"https:\/\/www.revuemusicale.ch\/campus\/2018\/09\/opera-et-mapping-video#primaryimage"},"image":{"@id":"https:\/\/www.revuemusicale.ch\/campus\/2018\/09\/opera-et-mapping-video#primaryimage"},"thumbnailUrl":"https:\/\/www.revuemusicale.ch\/wp-content\/uploads\/2023\/01\/HEMU_Les_Noces_de_Figaro_c_Olivier_Wavre_D4W_4703.jpg","datePublished":"2018-09-03T22:00:00+00:00","dateModified":"2023-01-18T16:43:12+00:00","breadcrumb":{"@id":"https:\/\/www.revuemusicale.ch\/campus\/2018\/09\/opera-et-mapping-video#breadcrumb"},"inLanguage":"en-US","potentialAction":[{"@type":"ReadAction","target":["https:\/\/www.revuemusicale.ch\/campus\/2018\/09\/opera-et-mapping-video"]}]},{"@type":"ImageObject","inLanguage":"en-US","@id":"https:\/\/www.revuemusicale.ch\/campus\/2018\/09\/opera-et-mapping-video#primaryimage","url":"https:\/\/www.revuemusicale.ch\/wp-content\/uploads\/2023\/01\/HEMU_Les_Noces_de_Figaro_c_Olivier_Wavre_D4W_4703.jpg","contentUrl":"https:\/\/www.revuemusicale.ch\/wp-content\/uploads\/2023\/01\/HEMU_Les_Noces_de_Figaro_c_Olivier_Wavre_D4W_4703.jpg","width":554,"height":368},{"@type":"BreadcrumbList","@id":"https:\/\/www.revuemusicale.ch\/campus\/2018\/09\/opera-et-mapping-video#breadcrumb","itemListElement":[{"@type":"ListItem","position":1,"name":"Home","item":"https:\/\/www.revuemusicale.ch\/"},{"@type":"ListItem","position":2,"name":"Op\u00e9ra et mapping vid\u00e9o"}]},{"@type":"WebSite","@id":"https:\/\/www.revuemusicale.ch\/#website","url":"https:\/\/www.revuemusicale.ch\/","name":"Swiss Music Review","description":"","publisher":{"@id":"https:\/\/www.revuemusicale.ch\/#organization"},"potentialAction":[{"@type":"SearchAction","target":{"@type":"EntryPoint","urlTemplate":"https:\/\/www.revuemusicale.ch\/?s={search_term_string}"},"query-input":{"@type":"PropertyValueSpecification","valueRequired":true,"valueName":"search_term_string"}}],"inLanguage":"en-US"},{"@type":"Organization","@id":"https:\/\/www.revuemusicale.ch\/#organization","name":"Swiss Music Review","url":"https:\/\/www.revuemusicale.ch\/","logo":{"@type":"ImageObject","inLanguage":"en-US","@id":"https:\/\/www.revuemusicale.ch\/#\/schema\/logo\/image\/","url":"https:\/\/www.revuemusicale.ch\/wp-content\/uploads\/2023\/01\/logo_revuemusicale_musikzeitung.jpg","contentUrl":"https:\/\/www.revuemusicale.ch\/wp-content\/uploads\/2023\/01\/logo_revuemusicale_musikzeitung.jpg","width":1200,"height":243,"caption":"Revue Musicale Suisse"},"image":{"@id":"https:\/\/www.revuemusicale.ch\/#\/schema\/logo\/image\/"},"sameAs":["https:\/\/www.facebook.com\/SchweizerMusikzeitung\/","https:\/\/x.com\/smusikzeitung","https:\/\/www.instagram.com\/musikzeitung.ch\/?hl=de"]},{"@type":"Person","@id":"https:\/\/www.revuemusicale.ch\/#\/schema\/person\/b2fd892c800856270b9dcc6001265712","name":"Musikzeitung-Redaktion","image":{"@type":"ImageObject","inLanguage":"en-US","@id":"https:\/\/secure.gravatar.com\/avatar\/0c7e6a405862e402eb76a70f8a26fc732d07c32931e9fae9ab1582911d2e8a3b?s=96&d=mm&r=g","url":"https:\/\/secure.gravatar.com\/avatar\/0c7e6a405862e402eb76a70f8a26fc732d07c32931e9fae9ab1582911d2e8a3b?s=96&d=mm&r=g","contentUrl":"https:\/\/secure.gravatar.com\/avatar\/0c7e6a405862e402eb76a70f8a26fc732d07c32931e9fae9ab1582911d2e8a3b?s=96&d=mm&r=g","caption":"Musikzeitung-Redaktion"},"sameAs":["http:\/\/wundo-docker.io"],"url":"https:\/\/www.revuemusicale.ch\/en\/author\/admin"}]}},"publishpress_future_action":{"enabled":false,"date":"1970-01-01 01:00:00","action":"change-status","newStatus":"draft","terms":[],"taxonomy":"category","extraData":[]},"publishpress_future_workflow_manual_trigger":{"enabledWorkflows":[]},"_links":{"self":[{"href":"https:\/\/www.revuemusicale.ch\/en\/wp-json\/wp\/v2\/posts\/22637","targetHints":{"allow":["GET"]}}],"collection":[{"href":"https:\/\/www.revuemusicale.ch\/en\/wp-json\/wp\/v2\/posts"}],"about":[{"href":"https:\/\/www.revuemusicale.ch\/en\/wp-json\/wp\/v2\/types\/post"}],"author":[{"embeddable":true,"href":"https:\/\/www.revuemusicale.ch\/en\/wp-json\/wp\/v2\/users\/1"}],"replies":[{"embeddable":true,"href":"https:\/\/www.revuemusicale.ch\/en\/wp-json\/wp\/v2\/comments?post=22637"}],"version-history":[{"count":1,"href":"https:\/\/www.revuemusicale.ch\/en\/wp-json\/wp\/v2\/posts\/22637\/revisions"}],"predecessor-version":[{"id":22639,"href":"https:\/\/www.revuemusicale.ch\/en\/wp-json\/wp\/v2\/posts\/22637\/revisions\/22639"}],"wp:featuredmedia":[{"embeddable":true,"href":"https:\/\/www.revuemusicale.ch\/en\/wp-json\/wp\/v2\/media\/22638"}],"wp:attachment":[{"href":"https:\/\/www.revuemusicale.ch\/en\/wp-json\/wp\/v2\/media?parent=22637"}],"wp:term":[{"taxonomy":"category","embeddable":true,"href":"https:\/\/www.revuemusicale.ch\/en\/wp-json\/wp\/v2\/categories?post=22637"},{"taxonomy":"post_tag","embeddable":true,"href":"https:\/\/www.revuemusicale.ch\/en\/wp-json\/wp\/v2\/tags?post=22637"}],"curies":[{"name":"wp","href":"https:\/\/api.w.org\/{rel}","templated":true}]}}