{"id":22691,"date":"2019-03-16T00:00:00","date_gmt":"2019-03-15T23:00:00","guid":{"rendered":"https:\/\/www.revuemusicale.ch\/blog\/2019\/03\/16\/nouveaux-locaux-a-porrentruy\/"},"modified":"2023-01-18T17:43:21","modified_gmt":"2023-01-18T16:43:21","slug":"nouveaux-locaux-a-porrentruy","status":"publish","type":"post","link":"https:\/\/www.revuemusicale.ch\/en\/campus\/2019\/03\/nouveaux-locaux-a-porrentruy","title":{"rendered":"New premises in Porrentruy"},"content":{"rendered":"<figure style=\"width: 1200px\" class=\"wp-caption alignnone\"><img decoding=\"async\" class=\"size-full\" src=\"https:\/\/www.revuemusicale.ch\/wp-content\/uploads\/2023\/01\/DSC_0020.jpg\" alt=\"\" \/><figcaption class=\"wp-caption-text\">Photo: EJCM<\/figcaption><\/figure>\n<div class='text-section'>\n<p>EJCM has acquired the former Sous-Bellevue kindergarten in order to establish its headquarters in the Ajoulot region. This purchase was made possible thanks to the support of the R\u00e9publique et Canton du Jura and the Loterie Romande, as well as the city of Porrentruy, the former owner of the premises. After several months of renovation work, which began in summer 2018, the ten new studios in the Sous-Bellevue building are now fully equipped for music teaching. Gone are the days of locations scattered around the city, and the multiple journeys for the 25 teachers and 375 students.<\/p>\n<p>During the speeches, Gabriel Voirol remarked that \"the EJCM is an important player for the Bruntrut authorities\" and noted that \"the EJCM is sensitive to proximity\", which is much appreciated. Martial Courtet, for his part, emphasized the important role played by the EJCM for the Jura population as a whole, and for young musicians in particular. Carmen Bossart Steulet, President of the EJCM Foundation Board, underlined the fact that, after Del\u00e9mont in 2014 and Saignel\u00e9gier in 2016, the EJCM can now also count on high-quality premises in Porrentruy. She noted the aesthetic and acoustic quality of the new studios, which seem to please both teachers and students, who have already been using them for several months. Guests were able to experience this for themselves, as a number of pieces were played by students from the school during the inauguration.<\/p>\n<p>\u00a0<\/p>\n<\/p><\/div>","protected":false},"excerpt":{"rendered":"<p><strong>The Ecole Jurassienne et Conservatoire de Musique (EJCM) has invested half a million euros in the renovation and adaptation of the former Sous-Bellevue nursery school in Porrentruy. The new premises were inaugurated on Friday March 15 in the presence of Minister Martial Courtet, as well as the President of Parliament and Mayor of Porrentruy, Gabriel Voirol. Apprentice musicians from Ajoulot have been using these five rooms and the five new studios since the end of November 2018. <\/strong><\/p>","protected":false},"author":1,"featured_media":22692,"comment_status":"open","ping_status":"open","sticky":false,"template":"","format":"standard","meta":{"_acf_changed":false,"_relevanssi_hide_post":"","_relevanssi_hide_content":"","_relevanssi_pin_for_all":"","_relevanssi_pin_keywords":"","_relevanssi_unpin_keywords":"","_relevanssi_related_keywords":"","_relevanssi_related_include_ids":"","_relevanssi_related_exclude_ids":"","_relevanssi_related_no_append":"","_relevanssi_related_not_related":"","_relevanssi_related_posts":"","_relevanssi_noindex_reason":"","pgc_sgb_lightbox_settings":"","footnotes":""},"categories":[447,1605],"tags":[],"class_list":["post-22691","post","type-post","status-publish","format-standard","has-post-thumbnail","hentry","category-campus","category-ecole-de-musique"],"acf":[],"yoast_head":"<!-- This site is optimized with the Yoast SEO plugin v27.3 - https:\/\/yoast.com\/product\/yoast-seo-wordpress\/ -->\n<title>Nouveaux locaux \u00e0 Porrentruy - Revue Musicale Suisse<\/title>\n<meta name=\"robots\" content=\"index, follow, max-snippet:-1, max-image-preview:large, max-video-preview:-1\" \/>\n<link rel=\"canonical\" href=\"https:\/\/www.revuemusicale.ch\/en\/campus\/2019\/03\/nouveaux-locaux-a-porrentruy\/\" \/>\n<meta property=\"og:locale\" content=\"en_US\" \/>\n<meta property=\"og:type\" content=\"article\" \/>\n<meta property=\"og:title\" content=\"Nouveaux locaux \u00e0 Porrentruy - Revue Musicale Suisse\" \/>\n<meta property=\"og:description\" content=\"L\u2019Ecole Jurassienne et Conservatoire de Musique (EJCM) a investi un demi-million dans la r\u00e9novation et l\u2019adaptation de l\u2019ancienne \u00e9cole enfantine de Sous-Bellevue \u00e0 Porrentruy. Les nouveaux locaux ont \u00e9t\u00e9 inaugur\u00e9s vendredi 15 mars en pr\u00e9sence notamment du ministre Martial Courtet, ainsi que du pr\u00e9sident du Parlement et maire de Porrentruy, Gabriel Voirol. Les apprentis musiciens ajoulots utilisent ces cinq salles ainsi que les cinq nouveaux studios depuis fin novembre 2018.\" \/>\n<meta property=\"og:url\" content=\"https:\/\/www.revuemusicale.ch\/en\/campus\/2019\/03\/nouveaux-locaux-a-porrentruy\/\" \/>\n<meta property=\"og:site_name\" content=\"Revue Musicale Suisse\" \/>\n<meta property=\"article:publisher\" content=\"https:\/\/www.facebook.com\/SchweizerMusikzeitung\/\" \/>\n<meta property=\"article:published_time\" content=\"2019-03-15T23:00:00+00:00\" \/>\n<meta property=\"article:modified_time\" content=\"2023-01-18T16:43:21+00:00\" \/>\n<meta property=\"og:image\" content=\"https:\/\/www.revuemusicale.ch\/wp-content\/uploads\/2023\/01\/DSC_0020.jpg\" \/>\n\t<meta property=\"og:image:width\" content=\"554\" \/>\n\t<meta property=\"og:image:height\" content=\"367\" \/>\n\t<meta property=\"og:image:type\" content=\"image\/jpeg\" \/>\n<meta name=\"author\" content=\"Musikzeitung-Redaktion\" \/>\n<meta name=\"twitter:card\" content=\"summary_large_image\" \/>\n<meta name=\"twitter:creator\" content=\"@smusikzeitung\" \/>\n<meta name=\"twitter:site\" content=\"@smusikzeitung\" \/>\n<meta name=\"twitter:label1\" content=\"Written by\" \/>\n\t<meta name=\"twitter:data1\" content=\"Musikzeitung-Redaktion\" \/>\n\t<meta name=\"twitter:label2\" content=\"Est. reading time\" \/>\n\t<meta name=\"twitter:data2\" content=\"1 minute\" \/>\n<script type=\"application\/ld+json\" class=\"yoast-schema-graph\">{\"@context\":\"https:\\\/\\\/schema.org\",\"@graph\":[{\"@type\":\"Article\",\"@id\":\"https:\\\/\\\/www.revuemusicale.ch\\\/campus\\\/2019\\\/03\\\/nouveaux-locaux-a-porrentruy#article\",\"isPartOf\":{\"@id\":\"https:\\\/\\\/www.revuemusicale.ch\\\/campus\\\/2019\\\/03\\\/nouveaux-locaux-a-porrentruy\"},\"author\":{\"name\":\"Musikzeitung-Redaktion\",\"@id\":\"https:\\\/\\\/www.revuemusicale.ch\\\/#\\\/schema\\\/person\\\/b2fd892c800856270b9dcc6001265712\"},\"headline\":\"Nouveaux locaux \u00e0 Porrentruy\",\"datePublished\":\"2019-03-15T23:00:00+00:00\",\"dateModified\":\"2023-01-18T16:43:21+00:00\",\"mainEntityOfPage\":{\"@id\":\"https:\\\/\\\/www.revuemusicale.ch\\\/campus\\\/2019\\\/03\\\/nouveaux-locaux-a-porrentruy\"},\"wordCount\":295,\"commentCount\":0,\"publisher\":{\"@id\":\"https:\\\/\\\/www.revuemusicale.ch\\\/#organization\"},\"image\":{\"@id\":\"https:\\\/\\\/www.revuemusicale.ch\\\/campus\\\/2019\\\/03\\\/nouveaux-locaux-a-porrentruy#primaryimage\"},\"thumbnailUrl\":\"https:\\\/\\\/www.revuemusicale.ch\\\/wp-content\\\/uploads\\\/2023\\\/01\\\/DSC_0020.jpg\",\"articleSection\":[\"Campus\",\"\u00c9cole de musique\"],\"inLanguage\":\"en-US\"},{\"@type\":\"WebPage\",\"@id\":\"https:\\\/\\\/www.revuemusicale.ch\\\/campus\\\/2019\\\/03\\\/nouveaux-locaux-a-porrentruy\",\"url\":\"https:\\\/\\\/www.revuemusicale.ch\\\/campus\\\/2019\\\/03\\\/nouveaux-locaux-a-porrentruy\",\"name\":\"Nouveaux locaux \u00e0 Porrentruy - Revue Musicale Suisse\",\"isPartOf\":{\"@id\":\"https:\\\/\\\/www.revuemusicale.ch\\\/#website\"},\"primaryImageOfPage\":{\"@id\":\"https:\\\/\\\/www.revuemusicale.ch\\\/campus\\\/2019\\\/03\\\/nouveaux-locaux-a-porrentruy#primaryimage\"},\"image\":{\"@id\":\"https:\\\/\\\/www.revuemusicale.ch\\\/campus\\\/2019\\\/03\\\/nouveaux-locaux-a-porrentruy#primaryimage\"},\"thumbnailUrl\":\"https:\\\/\\\/www.revuemusicale.ch\\\/wp-content\\\/uploads\\\/2023\\\/01\\\/DSC_0020.jpg\",\"datePublished\":\"2019-03-15T23:00:00+00:00\",\"dateModified\":\"2023-01-18T16:43:21+00:00\",\"breadcrumb\":{\"@id\":\"https:\\\/\\\/www.revuemusicale.ch\\\/campus\\\/2019\\\/03\\\/nouveaux-locaux-a-porrentruy#breadcrumb\"},\"inLanguage\":\"en-US\",\"potentialAction\":[{\"@type\":\"ReadAction\",\"target\":[\"https:\\\/\\\/www.revuemusicale.ch\\\/campus\\\/2019\\\/03\\\/nouveaux-locaux-a-porrentruy\"]}]},{\"@type\":\"ImageObject\",\"inLanguage\":\"en-US\",\"@id\":\"https:\\\/\\\/www.revuemusicale.ch\\\/campus\\\/2019\\\/03\\\/nouveaux-locaux-a-porrentruy#primaryimage\",\"url\":\"https:\\\/\\\/www.revuemusicale.ch\\\/wp-content\\\/uploads\\\/2023\\\/01\\\/DSC_0020.jpg\",\"contentUrl\":\"https:\\\/\\\/www.revuemusicale.ch\\\/wp-content\\\/uploads\\\/2023\\\/01\\\/DSC_0020.jpg\",\"width\":554,\"height\":367},{\"@type\":\"BreadcrumbList\",\"@id\":\"https:\\\/\\\/www.revuemusicale.ch\\\/campus\\\/2019\\\/03\\\/nouveaux-locaux-a-porrentruy#breadcrumb\",\"itemListElement\":[{\"@type\":\"ListItem\",\"position\":1,\"name\":\"Home\",\"item\":\"https:\\\/\\\/www.revuemusicale.ch\\\/\"},{\"@type\":\"ListItem\",\"position\":2,\"name\":\"Nouveaux locaux \u00e0 Porrentruy\"}]},{\"@type\":\"WebSite\",\"@id\":\"https:\\\/\\\/www.revuemusicale.ch\\\/#website\",\"url\":\"https:\\\/\\\/www.revuemusicale.ch\\\/\",\"name\":\"Revue Musicale Suisse\",\"description\":\"\",\"publisher\":{\"@id\":\"https:\\\/\\\/www.revuemusicale.ch\\\/#organization\"},\"potentialAction\":[{\"@type\":\"SearchAction\",\"target\":{\"@type\":\"EntryPoint\",\"urlTemplate\":\"https:\\\/\\\/www.revuemusicale.ch\\\/?s={search_term_string}\"},\"query-input\":{\"@type\":\"PropertyValueSpecification\",\"valueRequired\":true,\"valueName\":\"search_term_string\"}}],\"inLanguage\":\"en-US\"},{\"@type\":\"Organization\",\"@id\":\"https:\\\/\\\/www.revuemusicale.ch\\\/#organization\",\"name\":\"Revue Musicale Suisse\",\"url\":\"https:\\\/\\\/www.revuemusicale.ch\\\/\",\"logo\":{\"@type\":\"ImageObject\",\"inLanguage\":\"en-US\",\"@id\":\"https:\\\/\\\/www.revuemusicale.ch\\\/#\\\/schema\\\/logo\\\/image\\\/\",\"url\":\"https:\\\/\\\/www.revuemusicale.ch\\\/wp-content\\\/uploads\\\/2023\\\/01\\\/logo_revuemusicale_musikzeitung.jpg\",\"contentUrl\":\"https:\\\/\\\/www.revuemusicale.ch\\\/wp-content\\\/uploads\\\/2023\\\/01\\\/logo_revuemusicale_musikzeitung.jpg\",\"width\":1200,\"height\":243,\"caption\":\"Revue Musicale Suisse\"},\"image\":{\"@id\":\"https:\\\/\\\/www.revuemusicale.ch\\\/#\\\/schema\\\/logo\\\/image\\\/\"},\"sameAs\":[\"https:\\\/\\\/www.facebook.com\\\/SchweizerMusikzeitung\\\/\",\"https:\\\/\\\/x.com\\\/smusikzeitung\",\"https:\\\/\\\/www.instagram.com\\\/musikzeitung.ch\\\/?hl=de\"]},{\"@type\":\"Person\",\"@id\":\"https:\\\/\\\/www.revuemusicale.ch\\\/#\\\/schema\\\/person\\\/b2fd892c800856270b9dcc6001265712\",\"name\":\"Musikzeitung-Redaktion\",\"image\":{\"@type\":\"ImageObject\",\"inLanguage\":\"en-US\",\"@id\":\"https:\\\/\\\/secure.gravatar.com\\\/avatar\\\/0c7e6a405862e402eb76a70f8a26fc732d07c32931e9fae9ab1582911d2e8a3b?s=96&d=mm&r=g\",\"url\":\"https:\\\/\\\/secure.gravatar.com\\\/avatar\\\/0c7e6a405862e402eb76a70f8a26fc732d07c32931e9fae9ab1582911d2e8a3b?s=96&d=mm&r=g\",\"contentUrl\":\"https:\\\/\\\/secure.gravatar.com\\\/avatar\\\/0c7e6a405862e402eb76a70f8a26fc732d07c32931e9fae9ab1582911d2e8a3b?s=96&d=mm&r=g\",\"caption\":\"Musikzeitung-Redaktion\"},\"sameAs\":[\"http:\\\/\\\/wundo-docker.io\"],\"url\":\"https:\\\/\\\/www.revuemusicale.ch\\\/en\\\/author\\\/admin\"}]}<\/script>\n<!-- \/ Yoast SEO plugin. -->","yoast_head_json":{"title":"Nouveaux locaux \u00e0 Porrentruy - Revue Musicale Suisse","robots":{"index":"index","follow":"follow","max-snippet":"max-snippet:-1","max-image-preview":"max-image-preview:large","max-video-preview":"max-video-preview:-1"},"canonical":"https:\/\/www.revuemusicale.ch\/en\/campus\/2019\/03\/nouveaux-locaux-a-porrentruy\/","og_locale":"en_US","og_type":"article","og_title":"Nouveaux locaux \u00e0 Porrentruy - Revue Musicale Suisse","og_description":"L\u2019Ecole Jurassienne et Conservatoire de Musique (EJCM) a investi un demi-million dans la r\u00e9novation et l\u2019adaptation de l\u2019ancienne \u00e9cole enfantine de Sous-Bellevue \u00e0 Porrentruy. Les nouveaux locaux ont \u00e9t\u00e9 inaugur\u00e9s vendredi 15 mars en pr\u00e9sence notamment du ministre Martial Courtet, ainsi que du pr\u00e9sident du Parlement et maire de Porrentruy, Gabriel Voirol. Les apprentis musiciens ajoulots utilisent ces cinq salles ainsi que les cinq nouveaux studios depuis fin novembre 2018.","og_url":"https:\/\/www.revuemusicale.ch\/en\/campus\/2019\/03\/nouveaux-locaux-a-porrentruy\/","og_site_name":"Revue Musicale Suisse","article_publisher":"https:\/\/www.facebook.com\/SchweizerMusikzeitung\/","article_published_time":"2019-03-15T23:00:00+00:00","article_modified_time":"2023-01-18T16:43:21+00:00","og_image":[{"width":554,"height":367,"url":"https:\/\/www.revuemusicale.ch\/wp-content\/uploads\/2023\/01\/DSC_0020.jpg","type":"image\/jpeg"}],"author":"Musikzeitung-Redaktion","twitter_card":"summary_large_image","twitter_creator":"@smusikzeitung","twitter_site":"@smusikzeitung","twitter_misc":{"Written by":"Musikzeitung-Redaktion","Est. reading time":"1 minute"},"schema":{"@context":"https:\/\/schema.org","@graph":[{"@type":"Article","@id":"https:\/\/www.revuemusicale.ch\/campus\/2019\/03\/nouveaux-locaux-a-porrentruy#article","isPartOf":{"@id":"https:\/\/www.revuemusicale.ch\/campus\/2019\/03\/nouveaux-locaux-a-porrentruy"},"author":{"name":"Musikzeitung-Redaktion","@id":"https:\/\/www.revuemusicale.ch\/#\/schema\/person\/b2fd892c800856270b9dcc6001265712"},"headline":"Nouveaux locaux \u00e0 Porrentruy","datePublished":"2019-03-15T23:00:00+00:00","dateModified":"2023-01-18T16:43:21+00:00","mainEntityOfPage":{"@id":"https:\/\/www.revuemusicale.ch\/campus\/2019\/03\/nouveaux-locaux-a-porrentruy"},"wordCount":295,"commentCount":0,"publisher":{"@id":"https:\/\/www.revuemusicale.ch\/#organization"},"image":{"@id":"https:\/\/www.revuemusicale.ch\/campus\/2019\/03\/nouveaux-locaux-a-porrentruy#primaryimage"},"thumbnailUrl":"https:\/\/www.revuemusicale.ch\/wp-content\/uploads\/2023\/01\/DSC_0020.jpg","articleSection":["Campus","\u00c9cole de musique"],"inLanguage":"en-US"},{"@type":"WebPage","@id":"https:\/\/www.revuemusicale.ch\/campus\/2019\/03\/nouveaux-locaux-a-porrentruy","url":"https:\/\/www.revuemusicale.ch\/campus\/2019\/03\/nouveaux-locaux-a-porrentruy","name":"Nouveaux locaux \u00e0 Porrentruy - Revue Musicale Suisse","isPartOf":{"@id":"https:\/\/www.revuemusicale.ch\/#website"},"primaryImageOfPage":{"@id":"https:\/\/www.revuemusicale.ch\/campus\/2019\/03\/nouveaux-locaux-a-porrentruy#primaryimage"},"image":{"@id":"https:\/\/www.revuemusicale.ch\/campus\/2019\/03\/nouveaux-locaux-a-porrentruy#primaryimage"},"thumbnailUrl":"https:\/\/www.revuemusicale.ch\/wp-content\/uploads\/2023\/01\/DSC_0020.jpg","datePublished":"2019-03-15T23:00:00+00:00","dateModified":"2023-01-18T16:43:21+00:00","breadcrumb":{"@id":"https:\/\/www.revuemusicale.ch\/campus\/2019\/03\/nouveaux-locaux-a-porrentruy#breadcrumb"},"inLanguage":"en-US","potentialAction":[{"@type":"ReadAction","target":["https:\/\/www.revuemusicale.ch\/campus\/2019\/03\/nouveaux-locaux-a-porrentruy"]}]},{"@type":"ImageObject","inLanguage":"en-US","@id":"https:\/\/www.revuemusicale.ch\/campus\/2019\/03\/nouveaux-locaux-a-porrentruy#primaryimage","url":"https:\/\/www.revuemusicale.ch\/wp-content\/uploads\/2023\/01\/DSC_0020.jpg","contentUrl":"https:\/\/www.revuemusicale.ch\/wp-content\/uploads\/2023\/01\/DSC_0020.jpg","width":554,"height":367},{"@type":"BreadcrumbList","@id":"https:\/\/www.revuemusicale.ch\/campus\/2019\/03\/nouveaux-locaux-a-porrentruy#breadcrumb","itemListElement":[{"@type":"ListItem","position":1,"name":"Home","item":"https:\/\/www.revuemusicale.ch\/"},{"@type":"ListItem","position":2,"name":"Nouveaux locaux \u00e0 Porrentruy"}]},{"@type":"WebSite","@id":"https:\/\/www.revuemusicale.ch\/#website","url":"https:\/\/www.revuemusicale.ch\/","name":"Swiss Music Review","description":"","publisher":{"@id":"https:\/\/www.revuemusicale.ch\/#organization"},"potentialAction":[{"@type":"SearchAction","target":{"@type":"EntryPoint","urlTemplate":"https:\/\/www.revuemusicale.ch\/?s={search_term_string}"},"query-input":{"@type":"PropertyValueSpecification","valueRequired":true,"valueName":"search_term_string"}}],"inLanguage":"en-US"},{"@type":"Organization","@id":"https:\/\/www.revuemusicale.ch\/#organization","name":"Swiss Music Review","url":"https:\/\/www.revuemusicale.ch\/","logo":{"@type":"ImageObject","inLanguage":"en-US","@id":"https:\/\/www.revuemusicale.ch\/#\/schema\/logo\/image\/","url":"https:\/\/www.revuemusicale.ch\/wp-content\/uploads\/2023\/01\/logo_revuemusicale_musikzeitung.jpg","contentUrl":"https:\/\/www.revuemusicale.ch\/wp-content\/uploads\/2023\/01\/logo_revuemusicale_musikzeitung.jpg","width":1200,"height":243,"caption":"Revue Musicale Suisse"},"image":{"@id":"https:\/\/www.revuemusicale.ch\/#\/schema\/logo\/image\/"},"sameAs":["https:\/\/www.facebook.com\/SchweizerMusikzeitung\/","https:\/\/x.com\/smusikzeitung","https:\/\/www.instagram.com\/musikzeitung.ch\/?hl=de"]},{"@type":"Person","@id":"https:\/\/www.revuemusicale.ch\/#\/schema\/person\/b2fd892c800856270b9dcc6001265712","name":"Musikzeitung-Redaktion","image":{"@type":"ImageObject","inLanguage":"en-US","@id":"https:\/\/secure.gravatar.com\/avatar\/0c7e6a405862e402eb76a70f8a26fc732d07c32931e9fae9ab1582911d2e8a3b?s=96&d=mm&r=g","url":"https:\/\/secure.gravatar.com\/avatar\/0c7e6a405862e402eb76a70f8a26fc732d07c32931e9fae9ab1582911d2e8a3b?s=96&d=mm&r=g","contentUrl":"https:\/\/secure.gravatar.com\/avatar\/0c7e6a405862e402eb76a70f8a26fc732d07c32931e9fae9ab1582911d2e8a3b?s=96&d=mm&r=g","caption":"Musikzeitung-Redaktion"},"sameAs":["http:\/\/wundo-docker.io"],"url":"https:\/\/www.revuemusicale.ch\/en\/author\/admin"}]}},"publishpress_future_action":{"enabled":false,"date":"1970-01-01 01:00:00","action":"change-status","newStatus":"draft","terms":[],"taxonomy":"category","extraData":[]},"publishpress_future_workflow_manual_trigger":{"enabledWorkflows":[]},"_links":{"self":[{"href":"https:\/\/www.revuemusicale.ch\/en\/wp-json\/wp\/v2\/posts\/22691","targetHints":{"allow":["GET"]}}],"collection":[{"href":"https:\/\/www.revuemusicale.ch\/en\/wp-json\/wp\/v2\/posts"}],"about":[{"href":"https:\/\/www.revuemusicale.ch\/en\/wp-json\/wp\/v2\/types\/post"}],"author":[{"embeddable":true,"href":"https:\/\/www.revuemusicale.ch\/en\/wp-json\/wp\/v2\/users\/1"}],"replies":[{"embeddable":true,"href":"https:\/\/www.revuemusicale.ch\/en\/wp-json\/wp\/v2\/comments?post=22691"}],"version-history":[{"count":1,"href":"https:\/\/www.revuemusicale.ch\/en\/wp-json\/wp\/v2\/posts\/22691\/revisions"}],"predecessor-version":[{"id":22693,"href":"https:\/\/www.revuemusicale.ch\/en\/wp-json\/wp\/v2\/posts\/22691\/revisions\/22693"}],"wp:featuredmedia":[{"embeddable":true,"href":"https:\/\/www.revuemusicale.ch\/en\/wp-json\/wp\/v2\/media\/22692"}],"wp:attachment":[{"href":"https:\/\/www.revuemusicale.ch\/en\/wp-json\/wp\/v2\/media?parent=22691"}],"wp:term":[{"taxonomy":"category","embeddable":true,"href":"https:\/\/www.revuemusicale.ch\/en\/wp-json\/wp\/v2\/categories?post=22691"},{"taxonomy":"post_tag","embeddable":true,"href":"https:\/\/www.revuemusicale.ch\/en\/wp-json\/wp\/v2\/tags?post=22691"}],"curies":[{"name":"wp","href":"https:\/\/api.w.org\/{rel}","templated":true}]}}