{"id":22790,"date":"2013-04-09T00:00:00","date_gmt":"2013-04-08T22:00:00","guid":{"rendered":"https:\/\/www.revuemusicale.ch\/blog\/2013\/04\/09\/acteurs-de-la-scene-musicale-suisse-et-action-swiss-music-fusionnent\/"},"modified":"2023-01-18T17:43:39","modified_gmt":"2023-01-18T16:43:39","slug":"acteurs-de-la-scene-musicale-suisse-et-action-swiss-music-fusionnent","status":"publish","type":"post","link":"https:\/\/www.revuemusicale.ch\/en\/politique\/2013\/04\/acteurs-de-la-scene-musicale-suisse-et-action-swiss-music-fusionnent","title":{"rendered":"Swiss music scene players and swiss music action merge"},"content":{"rendered":"<img decoding=\"async\" class=\"size-full\" src=\"https:\/\/www.revuemusicale.ch\/wp-content\/uploads\/2023\/01\/67.jpg\" alt=\"\" \/>\n<div class='text-section'>\n<p>action swiss music has been committed to the rights and interests of Swiss musicians for over 30 years, but just over a year ago they set up the association Acteurs de la sc\u00e8ne musicale Suisse with the main aim of representing the interests of artists in view of the worrying situation regarding copyright on the Internet. These two entities are to merge. The result will be a single, stronger, well-supported association called Swiss Musicians (DE: Musikschaffende Schweiz, IT: Musicisti svizzeri, EN: Swiss Musicians), capable of effectively representing the interests of today's Swiss music in all its splendour, as well as supporting and encouraging its members in many ways in their professional activities.<\/p>\n<p>The new association brings together the best of what each has to offer: on the one hand, the proactive political and public relations work of the players on the music scene, and on the other, the know-how and experience of action swiss music in the field of advice and services. The key themes of the two associations also complement each other: the music scene continues to fight against Internet piracy and for fair compensation for the digital use of works, but the services provided for members are now accompanied by advice, workshops, events and other actions. Conversely, members of the former action swiss music association can expect more external influence and political activity. In this way, we hope to be able to offer support and assistance to our members in all aspects of their professional musical lives.<\/p>\n<p>Swiss Musicians is structured as an association, with a General Meeting as its supreme body, and an Executive Committee with a President and two Vice-Presidents. The Zurich branch will be headed by Luise Werlen, and Christoph Trummer will take on the position of part-time political project manager in addition to his duties as president. Christian Wicky will be Vice-President for French-speaking Switzerland. The Board of Directors comprises 16 members, representing the different national languages and the diversity of creation in the field of popular music.<\/p>\n<p>A new, completely updated website will be online shortly.<\/p>\n<\/p><\/div>","protected":false},"excerpt":{"rendered":"<p><strong>At the m4music Festival, the annual meetings of \"Acteurs de la sc\u00e8ne musicale Suisse\" and \"action swiss music\" gave their blessing to the proposal of the two boards of directors: a merger.<\/strong><\/p>","protected":false},"author":1,"featured_media":22791,"comment_status":"open","ping_status":"open","sticky":false,"template":"","format":"standard","meta":{"_acf_changed":false,"_relevanssi_hide_post":"","_relevanssi_hide_content":"","_relevanssi_pin_for_all":"","_relevanssi_pin_keywords":"","_relevanssi_unpin_keywords":"","_relevanssi_related_keywords":"","_relevanssi_related_include_ids":"","_relevanssi_related_exclude_ids":"","_relevanssi_related_no_append":"","_relevanssi_related_not_related":"","_relevanssi_related_posts":"","_relevanssi_noindex_reason":"","pgc_sgb_lightbox_settings":"","footnotes":""},"categories":[1613,1612],"tags":[],"class_list":["post-22790","post","type-post","status-publish","format-standard","has-post-thumbnail","hentry","category-national-politique","category-politique"],"acf":[],"yoast_head":"<!-- This site is optimized with the Yoast SEO plugin v27.3 - https:\/\/yoast.com\/product\/yoast-seo-wordpress\/ -->\n<title>Acteurs de la sc\u00e8ne musicale Suisse et action swiss music fusionnent - Revue Musicale Suisse<\/title>\n<meta name=\"robots\" content=\"index, follow, max-snippet:-1, max-image-preview:large, max-video-preview:-1\" \/>\n<link rel=\"canonical\" href=\"https:\/\/www.revuemusicale.ch\/en\/politique\/2013\/04\/acteurs-de-la-scene-musicale-suisse-et-action-swiss-music-fusionnent\/\" \/>\n<meta property=\"og:locale\" content=\"en_US\" \/>\n<meta property=\"og:type\" content=\"article\" \/>\n<meta property=\"og:title\" content=\"Acteurs de la sc\u00e8ne musicale Suisse et action swiss music fusionnent - Revue Musicale Suisse\" \/>\n<meta property=\"og:description\" content=\"Dans le cadre du Festival m4music, les assembl\u00e9es annuelles d\u2019\u00abActeurs de la sc\u00e8ne musicale Suisse\u00bb et d\u2019\u00abaction swiss music\u00bb ont donn\u00e9 leur b\u00e9n\u00e9diction \u00e0 la proposition des deux comit\u00e9s de direction: une fusion.\" \/>\n<meta property=\"og:url\" content=\"https:\/\/www.revuemusicale.ch\/en\/politique\/2013\/04\/acteurs-de-la-scene-musicale-suisse-et-action-swiss-music-fusionnent\/\" \/>\n<meta property=\"og:site_name\" content=\"Revue Musicale Suisse\" \/>\n<meta property=\"article:publisher\" content=\"https:\/\/www.facebook.com\/SchweizerMusikzeitung\/\" \/>\n<meta property=\"article:published_time\" content=\"2013-04-08T22:00:00+00:00\" \/>\n<meta property=\"article:modified_time\" content=\"2023-01-18T16:43:39+00:00\" \/>\n<meta property=\"og:image\" content=\"https:\/\/www.revuemusicale.ch\/wp-content\/uploads\/2023\/01\/67.jpg\" \/>\n\t<meta property=\"og:image:width\" content=\"554\" \/>\n\t<meta property=\"og:image:height\" content=\"367\" \/>\n\t<meta property=\"og:image:type\" content=\"image\/jpeg\" \/>\n<meta name=\"author\" content=\"Musikzeitung-Redaktion\" \/>\n<meta name=\"twitter:card\" content=\"summary_large_image\" \/>\n<meta name=\"twitter:creator\" content=\"@smusikzeitung\" \/>\n<meta name=\"twitter:site\" content=\"@smusikzeitung\" \/>\n<meta name=\"twitter:label1\" content=\"Written by\" \/>\n\t<meta name=\"twitter:data1\" content=\"Musikzeitung-Redaktion\" \/>\n\t<meta name=\"twitter:label2\" content=\"Est. reading time\" \/>\n\t<meta name=\"twitter:data2\" content=\"2 minutes\" \/>\n<script type=\"application\/ld+json\" class=\"yoast-schema-graph\">{\"@context\":\"https:\\\/\\\/schema.org\",\"@graph\":[{\"@type\":\"Article\",\"@id\":\"https:\\\/\\\/www.revuemusicale.ch\\\/politique\\\/2013\\\/04\\\/acteurs-de-la-scene-musicale-suisse-et-action-swiss-music-fusionnent#article\",\"isPartOf\":{\"@id\":\"https:\\\/\\\/www.revuemusicale.ch\\\/politique\\\/2013\\\/04\\\/acteurs-de-la-scene-musicale-suisse-et-action-swiss-music-fusionnent\"},\"author\":{\"name\":\"Musikzeitung-Redaktion\",\"@id\":\"https:\\\/\\\/www.revuemusicale.ch\\\/#\\\/schema\\\/person\\\/b2fd892c800856270b9dcc6001265712\"},\"headline\":\"Acteurs de la sc\u00e8ne musicale Suisse et action swiss music fusionnent\",\"datePublished\":\"2013-04-08T22:00:00+00:00\",\"dateModified\":\"2023-01-18T16:43:39+00:00\",\"mainEntityOfPage\":{\"@id\":\"https:\\\/\\\/www.revuemusicale.ch\\\/politique\\\/2013\\\/04\\\/acteurs-de-la-scene-musicale-suisse-et-action-swiss-music-fusionnent\"},\"wordCount\":449,\"commentCount\":0,\"publisher\":{\"@id\":\"https:\\\/\\\/www.revuemusicale.ch\\\/#organization\"},\"image\":{\"@id\":\"https:\\\/\\\/www.revuemusicale.ch\\\/politique\\\/2013\\\/04\\\/acteurs-de-la-scene-musicale-suisse-et-action-swiss-music-fusionnent#primaryimage\"},\"thumbnailUrl\":\"https:\\\/\\\/www.revuemusicale.ch\\\/wp-content\\\/uploads\\\/2023\\\/01\\\/67.jpg\",\"articleSection\":[\"National\",\"Politique\"],\"inLanguage\":\"en-US\"},{\"@type\":\"WebPage\",\"@id\":\"https:\\\/\\\/www.revuemusicale.ch\\\/politique\\\/2013\\\/04\\\/acteurs-de-la-scene-musicale-suisse-et-action-swiss-music-fusionnent\",\"url\":\"https:\\\/\\\/www.revuemusicale.ch\\\/politique\\\/2013\\\/04\\\/acteurs-de-la-scene-musicale-suisse-et-action-swiss-music-fusionnent\",\"name\":\"Acteurs de la sc\u00e8ne musicale Suisse et action swiss music fusionnent - Revue Musicale Suisse\",\"isPartOf\":{\"@id\":\"https:\\\/\\\/www.revuemusicale.ch\\\/#website\"},\"primaryImageOfPage\":{\"@id\":\"https:\\\/\\\/www.revuemusicale.ch\\\/politique\\\/2013\\\/04\\\/acteurs-de-la-scene-musicale-suisse-et-action-swiss-music-fusionnent#primaryimage\"},\"image\":{\"@id\":\"https:\\\/\\\/www.revuemusicale.ch\\\/politique\\\/2013\\\/04\\\/acteurs-de-la-scene-musicale-suisse-et-action-swiss-music-fusionnent#primaryimage\"},\"thumbnailUrl\":\"https:\\\/\\\/www.revuemusicale.ch\\\/wp-content\\\/uploads\\\/2023\\\/01\\\/67.jpg\",\"datePublished\":\"2013-04-08T22:00:00+00:00\",\"dateModified\":\"2023-01-18T16:43:39+00:00\",\"breadcrumb\":{\"@id\":\"https:\\\/\\\/www.revuemusicale.ch\\\/politique\\\/2013\\\/04\\\/acteurs-de-la-scene-musicale-suisse-et-action-swiss-music-fusionnent#breadcrumb\"},\"inLanguage\":\"en-US\",\"potentialAction\":[{\"@type\":\"ReadAction\",\"target\":[\"https:\\\/\\\/www.revuemusicale.ch\\\/politique\\\/2013\\\/04\\\/acteurs-de-la-scene-musicale-suisse-et-action-swiss-music-fusionnent\"]}]},{\"@type\":\"ImageObject\",\"inLanguage\":\"en-US\",\"@id\":\"https:\\\/\\\/www.revuemusicale.ch\\\/politique\\\/2013\\\/04\\\/acteurs-de-la-scene-musicale-suisse-et-action-swiss-music-fusionnent#primaryimage\",\"url\":\"https:\\\/\\\/www.revuemusicale.ch\\\/wp-content\\\/uploads\\\/2023\\\/01\\\/67.jpg\",\"contentUrl\":\"https:\\\/\\\/www.revuemusicale.ch\\\/wp-content\\\/uploads\\\/2023\\\/01\\\/67.jpg\",\"width\":554,\"height\":367},{\"@type\":\"BreadcrumbList\",\"@id\":\"https:\\\/\\\/www.revuemusicale.ch\\\/politique\\\/2013\\\/04\\\/acteurs-de-la-scene-musicale-suisse-et-action-swiss-music-fusionnent#breadcrumb\",\"itemListElement\":[{\"@type\":\"ListItem\",\"position\":1,\"name\":\"Home\",\"item\":\"https:\\\/\\\/www.revuemusicale.ch\\\/\"},{\"@type\":\"ListItem\",\"position\":2,\"name\":\"Acteurs de la sc\u00e8ne musicale Suisse et action swiss music fusionnent\"}]},{\"@type\":\"WebSite\",\"@id\":\"https:\\\/\\\/www.revuemusicale.ch\\\/#website\",\"url\":\"https:\\\/\\\/www.revuemusicale.ch\\\/\",\"name\":\"Revue Musicale Suisse\",\"description\":\"\",\"publisher\":{\"@id\":\"https:\\\/\\\/www.revuemusicale.ch\\\/#organization\"},\"potentialAction\":[{\"@type\":\"SearchAction\",\"target\":{\"@type\":\"EntryPoint\",\"urlTemplate\":\"https:\\\/\\\/www.revuemusicale.ch\\\/?s={search_term_string}\"},\"query-input\":{\"@type\":\"PropertyValueSpecification\",\"valueRequired\":true,\"valueName\":\"search_term_string\"}}],\"inLanguage\":\"en-US\"},{\"@type\":\"Organization\",\"@id\":\"https:\\\/\\\/www.revuemusicale.ch\\\/#organization\",\"name\":\"Revue Musicale Suisse\",\"url\":\"https:\\\/\\\/www.revuemusicale.ch\\\/\",\"logo\":{\"@type\":\"ImageObject\",\"inLanguage\":\"en-US\",\"@id\":\"https:\\\/\\\/www.revuemusicale.ch\\\/#\\\/schema\\\/logo\\\/image\\\/\",\"url\":\"https:\\\/\\\/www.revuemusicale.ch\\\/wp-content\\\/uploads\\\/2023\\\/01\\\/logo_revuemusicale_musikzeitung.jpg\",\"contentUrl\":\"https:\\\/\\\/www.revuemusicale.ch\\\/wp-content\\\/uploads\\\/2023\\\/01\\\/logo_revuemusicale_musikzeitung.jpg\",\"width\":1200,\"height\":243,\"caption\":\"Revue Musicale Suisse\"},\"image\":{\"@id\":\"https:\\\/\\\/www.revuemusicale.ch\\\/#\\\/schema\\\/logo\\\/image\\\/\"},\"sameAs\":[\"https:\\\/\\\/www.facebook.com\\\/SchweizerMusikzeitung\\\/\",\"https:\\\/\\\/x.com\\\/smusikzeitung\",\"https:\\\/\\\/www.instagram.com\\\/musikzeitung.ch\\\/?hl=de\"]},{\"@type\":\"Person\",\"@id\":\"https:\\\/\\\/www.revuemusicale.ch\\\/#\\\/schema\\\/person\\\/b2fd892c800856270b9dcc6001265712\",\"name\":\"Musikzeitung-Redaktion\",\"image\":{\"@type\":\"ImageObject\",\"inLanguage\":\"en-US\",\"@id\":\"https:\\\/\\\/secure.gravatar.com\\\/avatar\\\/0c7e6a405862e402eb76a70f8a26fc732d07c32931e9fae9ab1582911d2e8a3b?s=96&d=mm&r=g\",\"url\":\"https:\\\/\\\/secure.gravatar.com\\\/avatar\\\/0c7e6a405862e402eb76a70f8a26fc732d07c32931e9fae9ab1582911d2e8a3b?s=96&d=mm&r=g\",\"contentUrl\":\"https:\\\/\\\/secure.gravatar.com\\\/avatar\\\/0c7e6a405862e402eb76a70f8a26fc732d07c32931e9fae9ab1582911d2e8a3b?s=96&d=mm&r=g\",\"caption\":\"Musikzeitung-Redaktion\"},\"sameAs\":[\"http:\\\/\\\/wundo-docker.io\"],\"url\":\"https:\\\/\\\/www.revuemusicale.ch\\\/en\\\/author\\\/admin\"}]}<\/script>\n<!-- \/ Yoast SEO plugin. -->","yoast_head_json":{"title":"Acteurs de la sc\u00e8ne musicale Suisse et action swiss music fusionnent - Revue Musicale Suisse","robots":{"index":"index","follow":"follow","max-snippet":"max-snippet:-1","max-image-preview":"max-image-preview:large","max-video-preview":"max-video-preview:-1"},"canonical":"https:\/\/www.revuemusicale.ch\/en\/politique\/2013\/04\/acteurs-de-la-scene-musicale-suisse-et-action-swiss-music-fusionnent\/","og_locale":"en_US","og_type":"article","og_title":"Acteurs de la sc\u00e8ne musicale Suisse et action swiss music fusionnent - Revue Musicale Suisse","og_description":"Dans le cadre du Festival m4music, les assembl\u00e9es annuelles d\u2019\u00abActeurs de la sc\u00e8ne musicale Suisse\u00bb et d\u2019\u00abaction swiss music\u00bb ont donn\u00e9 leur b\u00e9n\u00e9diction \u00e0 la proposition des deux comit\u00e9s de direction: une fusion.","og_url":"https:\/\/www.revuemusicale.ch\/en\/politique\/2013\/04\/acteurs-de-la-scene-musicale-suisse-et-action-swiss-music-fusionnent\/","og_site_name":"Revue Musicale Suisse","article_publisher":"https:\/\/www.facebook.com\/SchweizerMusikzeitung\/","article_published_time":"2013-04-08T22:00:00+00:00","article_modified_time":"2023-01-18T16:43:39+00:00","og_image":[{"width":554,"height":367,"url":"https:\/\/www.revuemusicale.ch\/wp-content\/uploads\/2023\/01\/67.jpg","type":"image\/jpeg"}],"author":"Musikzeitung-Redaktion","twitter_card":"summary_large_image","twitter_creator":"@smusikzeitung","twitter_site":"@smusikzeitung","twitter_misc":{"Written by":"Musikzeitung-Redaktion","Est. reading time":"2 minutes"},"schema":{"@context":"https:\/\/schema.org","@graph":[{"@type":"Article","@id":"https:\/\/www.revuemusicale.ch\/politique\/2013\/04\/acteurs-de-la-scene-musicale-suisse-et-action-swiss-music-fusionnent#article","isPartOf":{"@id":"https:\/\/www.revuemusicale.ch\/politique\/2013\/04\/acteurs-de-la-scene-musicale-suisse-et-action-swiss-music-fusionnent"},"author":{"name":"Musikzeitung-Redaktion","@id":"https:\/\/www.revuemusicale.ch\/#\/schema\/person\/b2fd892c800856270b9dcc6001265712"},"headline":"Acteurs de la sc\u00e8ne musicale Suisse et action swiss music fusionnent","datePublished":"2013-04-08T22:00:00+00:00","dateModified":"2023-01-18T16:43:39+00:00","mainEntityOfPage":{"@id":"https:\/\/www.revuemusicale.ch\/politique\/2013\/04\/acteurs-de-la-scene-musicale-suisse-et-action-swiss-music-fusionnent"},"wordCount":449,"commentCount":0,"publisher":{"@id":"https:\/\/www.revuemusicale.ch\/#organization"},"image":{"@id":"https:\/\/www.revuemusicale.ch\/politique\/2013\/04\/acteurs-de-la-scene-musicale-suisse-et-action-swiss-music-fusionnent#primaryimage"},"thumbnailUrl":"https:\/\/www.revuemusicale.ch\/wp-content\/uploads\/2023\/01\/67.jpg","articleSection":["National","Politique"],"inLanguage":"en-US"},{"@type":"WebPage","@id":"https:\/\/www.revuemusicale.ch\/politique\/2013\/04\/acteurs-de-la-scene-musicale-suisse-et-action-swiss-music-fusionnent","url":"https:\/\/www.revuemusicale.ch\/politique\/2013\/04\/acteurs-de-la-scene-musicale-suisse-et-action-swiss-music-fusionnent","name":"Acteurs de la sc\u00e8ne musicale Suisse et action swiss music fusionnent - Revue Musicale Suisse","isPartOf":{"@id":"https:\/\/www.revuemusicale.ch\/#website"},"primaryImageOfPage":{"@id":"https:\/\/www.revuemusicale.ch\/politique\/2013\/04\/acteurs-de-la-scene-musicale-suisse-et-action-swiss-music-fusionnent#primaryimage"},"image":{"@id":"https:\/\/www.revuemusicale.ch\/politique\/2013\/04\/acteurs-de-la-scene-musicale-suisse-et-action-swiss-music-fusionnent#primaryimage"},"thumbnailUrl":"https:\/\/www.revuemusicale.ch\/wp-content\/uploads\/2023\/01\/67.jpg","datePublished":"2013-04-08T22:00:00+00:00","dateModified":"2023-01-18T16:43:39+00:00","breadcrumb":{"@id":"https:\/\/www.revuemusicale.ch\/politique\/2013\/04\/acteurs-de-la-scene-musicale-suisse-et-action-swiss-music-fusionnent#breadcrumb"},"inLanguage":"en-US","potentialAction":[{"@type":"ReadAction","target":["https:\/\/www.revuemusicale.ch\/politique\/2013\/04\/acteurs-de-la-scene-musicale-suisse-et-action-swiss-music-fusionnent"]}]},{"@type":"ImageObject","inLanguage":"en-US","@id":"https:\/\/www.revuemusicale.ch\/politique\/2013\/04\/acteurs-de-la-scene-musicale-suisse-et-action-swiss-music-fusionnent#primaryimage","url":"https:\/\/www.revuemusicale.ch\/wp-content\/uploads\/2023\/01\/67.jpg","contentUrl":"https:\/\/www.revuemusicale.ch\/wp-content\/uploads\/2023\/01\/67.jpg","width":554,"height":367},{"@type":"BreadcrumbList","@id":"https:\/\/www.revuemusicale.ch\/politique\/2013\/04\/acteurs-de-la-scene-musicale-suisse-et-action-swiss-music-fusionnent#breadcrumb","itemListElement":[{"@type":"ListItem","position":1,"name":"Home","item":"https:\/\/www.revuemusicale.ch\/"},{"@type":"ListItem","position":2,"name":"Acteurs de la sc\u00e8ne musicale Suisse et action swiss music fusionnent"}]},{"@type":"WebSite","@id":"https:\/\/www.revuemusicale.ch\/#website","url":"https:\/\/www.revuemusicale.ch\/","name":"Swiss Music Review","description":"","publisher":{"@id":"https:\/\/www.revuemusicale.ch\/#organization"},"potentialAction":[{"@type":"SearchAction","target":{"@type":"EntryPoint","urlTemplate":"https:\/\/www.revuemusicale.ch\/?s={search_term_string}"},"query-input":{"@type":"PropertyValueSpecification","valueRequired":true,"valueName":"search_term_string"}}],"inLanguage":"en-US"},{"@type":"Organization","@id":"https:\/\/www.revuemusicale.ch\/#organization","name":"Swiss Music Review","url":"https:\/\/www.revuemusicale.ch\/","logo":{"@type":"ImageObject","inLanguage":"en-US","@id":"https:\/\/www.revuemusicale.ch\/#\/schema\/logo\/image\/","url":"https:\/\/www.revuemusicale.ch\/wp-content\/uploads\/2023\/01\/logo_revuemusicale_musikzeitung.jpg","contentUrl":"https:\/\/www.revuemusicale.ch\/wp-content\/uploads\/2023\/01\/logo_revuemusicale_musikzeitung.jpg","width":1200,"height":243,"caption":"Revue Musicale Suisse"},"image":{"@id":"https:\/\/www.revuemusicale.ch\/#\/schema\/logo\/image\/"},"sameAs":["https:\/\/www.facebook.com\/SchweizerMusikzeitung\/","https:\/\/x.com\/smusikzeitung","https:\/\/www.instagram.com\/musikzeitung.ch\/?hl=de"]},{"@type":"Person","@id":"https:\/\/www.revuemusicale.ch\/#\/schema\/person\/b2fd892c800856270b9dcc6001265712","name":"Musikzeitung-Redaktion","image":{"@type":"ImageObject","inLanguage":"en-US","@id":"https:\/\/secure.gravatar.com\/avatar\/0c7e6a405862e402eb76a70f8a26fc732d07c32931e9fae9ab1582911d2e8a3b?s=96&d=mm&r=g","url":"https:\/\/secure.gravatar.com\/avatar\/0c7e6a405862e402eb76a70f8a26fc732d07c32931e9fae9ab1582911d2e8a3b?s=96&d=mm&r=g","contentUrl":"https:\/\/secure.gravatar.com\/avatar\/0c7e6a405862e402eb76a70f8a26fc732d07c32931e9fae9ab1582911d2e8a3b?s=96&d=mm&r=g","caption":"Musikzeitung-Redaktion"},"sameAs":["http:\/\/wundo-docker.io"],"url":"https:\/\/www.revuemusicale.ch\/en\/author\/admin"}]}},"publishpress_future_action":{"enabled":false,"date":"1970-01-01 01:00:00","action":"change-status","newStatus":"draft","terms":[],"taxonomy":"category","extraData":[]},"publishpress_future_workflow_manual_trigger":{"enabledWorkflows":[]},"_links":{"self":[{"href":"https:\/\/www.revuemusicale.ch\/en\/wp-json\/wp\/v2\/posts\/22790","targetHints":{"allow":["GET"]}}],"collection":[{"href":"https:\/\/www.revuemusicale.ch\/en\/wp-json\/wp\/v2\/posts"}],"about":[{"href":"https:\/\/www.revuemusicale.ch\/en\/wp-json\/wp\/v2\/types\/post"}],"author":[{"embeddable":true,"href":"https:\/\/www.revuemusicale.ch\/en\/wp-json\/wp\/v2\/users\/1"}],"replies":[{"embeddable":true,"href":"https:\/\/www.revuemusicale.ch\/en\/wp-json\/wp\/v2\/comments?post=22790"}],"version-history":[{"count":1,"href":"https:\/\/www.revuemusicale.ch\/en\/wp-json\/wp\/v2\/posts\/22790\/revisions"}],"predecessor-version":[{"id":22792,"href":"https:\/\/www.revuemusicale.ch\/en\/wp-json\/wp\/v2\/posts\/22790\/revisions\/22792"}],"wp:featuredmedia":[{"embeddable":true,"href":"https:\/\/www.revuemusicale.ch\/en\/wp-json\/wp\/v2\/media\/22791"}],"wp:attachment":[{"href":"https:\/\/www.revuemusicale.ch\/en\/wp-json\/wp\/v2\/media?parent=22790"}],"wp:term":[{"taxonomy":"category","embeddable":true,"href":"https:\/\/www.revuemusicale.ch\/en\/wp-json\/wp\/v2\/categories?post=22790"},{"taxonomy":"post_tag","embeddable":true,"href":"https:\/\/www.revuemusicale.ch\/en\/wp-json\/wp\/v2\/tags?post=22790"}],"curies":[{"name":"wp","href":"https:\/\/api.w.org\/{rel}","templated":true}]}}