{"id":22830,"date":"2014-06-02T00:00:00","date_gmt":"2014-06-01T22:00:00","guid":{"rendered":"https:\/\/www.revuemusicale.ch\/blog\/2014\/06\/02\/procedure-de-consultation-sur-le-message-culture-2016-2019\/"},"modified":"2023-01-18T17:43:45","modified_gmt":"2023-01-18T16:43:45","slug":"procedure-de-consultation-sur-le-message-culture-2016-2019","status":"publish","type":"post","link":"https:\/\/www.revuemusicale.ch\/en\/politique\/2014\/06\/procedure-de-consultation-sur-le-message-culture-2016-2019","title":{"rendered":"Consultation procedure on the 2016-2019 Culture Message"},"content":{"rendered":"<figure style=\"width: 1200px\" class=\"wp-caption alignnone\"><img decoding=\"async\" class=\"size-full\" src=\"https:\/\/www.revuemusicale.ch\/wp-content\/uploads\/2023\/01\/bundeshaus-sued-05-g.jpg\" alt=\"\" \/><figcaption class=\"wp-caption-text\">Photo: Parlement.ch<\/figcaption><\/figure>\n<div class='text-section'>\n<p>The Confederation intends to follow three priority lines of action, namely cultural participation, social cohesion and the promotion of creation and innovation. The Federal Council also wants to strengthen collaboration between the federal, cantonal and communal levels to ensure a coherent cultural policy at national level. To implement its cultural policy, the Federal Council is requesting financial resources of CHF 894.6 million.<\/p>\n<p>The Culture Bill defines the strategic directions of the Confederation's cultural policy. It sets out the objectives to be achieved, the measures to be taken and the financial aspects for all the funding areas covered by the Federal Office of Culture, the Pro Helvetia foundation and the Swiss National Museum.<\/p>\n<p>With its Message on Culture 2016-2019, the Federal Council intends to respond to the challenges facing society today, such as globalization, digitization and demographic change. The Confederation wishes to orient its policy along three priority axes: cultural participation, social cohesion and the promotion of creation and innovation. The Federal Council has also set itself the goal of ensuring a coherent cultural policy at national level by improving cooperation between the Confederation, cantons, towns and municipalities.<\/p>\n<p>To implement the Confederation's cultural policy, the Federal Council is requesting a framework credit of CHF 894.6 million, corresponding to an average annual growth rate of 3.4%. It should be noted that the period covered by the Culture Bill will be extended by one year to 2020 at the end of the consultation process, in order to coordinate its timing with that of multi-year funding programs in other fields.<\/p>\n<p>Interested parties are invited to comment on the consultation draft by September 19, 2014. After evaluation of the comments received, the message will be submitted to the Federal Council for approval at the end of the year. It will be processed by Parliament in 2015, with a view to coming into force on January 1, 2016.<\/p>\n<p>More info : <a href='http:\/\/www.news.admin.ch'>www.news.admin.ch<\/a><\/p>\n<\/p><\/div>","protected":false},"excerpt":{"rendered":"<p><strong>On May 28, 2014, the Federal Council opened the consultation procedure on the Dispatch on the Promotion of Culture for the years 2016 to 2019 (Culture Dispatch). The Culture Dispatch defines the objectives, measures and funding allocated to the Confederation's cultural institutions for a period of four years. <\/strong><\/p>","protected":false},"author":1,"featured_media":22831,"comment_status":"open","ping_status":"open","sticky":false,"template":"","format":"standard","meta":{"_acf_changed":false,"_relevanssi_hide_post":"","_relevanssi_hide_content":"","_relevanssi_pin_for_all":"","_relevanssi_pin_keywords":"","_relevanssi_unpin_keywords":"","_relevanssi_related_keywords":"","_relevanssi_related_include_ids":"","_relevanssi_related_exclude_ids":"","_relevanssi_related_no_append":"","_relevanssi_related_not_related":"","_relevanssi_related_posts":"","_relevanssi_noindex_reason":"","pgc_sgb_lightbox_settings":"","footnotes":""},"categories":[1613,1612],"tags":[],"class_list":["post-22830","post","type-post","status-publish","format-standard","has-post-thumbnail","hentry","category-national-politique","category-politique"],"acf":[],"yoast_head":"<!-- This site is optimized with the Yoast SEO plugin v27.3 - https:\/\/yoast.com\/product\/yoast-seo-wordpress\/ -->\n<title>Proc\u00e9dure de consultation sur le Message culture 2016-2019 - Revue Musicale Suisse<\/title>\n<meta name=\"robots\" content=\"index, follow, max-snippet:-1, max-image-preview:large, max-video-preview:-1\" \/>\n<link rel=\"canonical\" href=\"https:\/\/www.revuemusicale.ch\/en\/politique\/2014\/06\/procedure-de-consultation-sur-le-message-culture-2016-2019\/\" \/>\n<meta property=\"og:locale\" content=\"en_US\" \/>\n<meta property=\"og:type\" content=\"article\" \/>\n<meta property=\"og:title\" content=\"Proc\u00e9dure de consultation sur le Message culture 2016-2019 - Revue Musicale Suisse\" \/>\n<meta property=\"og:description\" content=\"Le Conseil f\u00e9d\u00e9ral a ouvert le 28 mai 2014 la proc\u00e9dure de consultation sur le Message concernant l&#039;encouragement de la culture pour les ann\u00e9es 2016 \u00e0 2019 (Message culture). Le Message culture d\u00e9finit les objectifs, les mesures et les cr\u00e9dits qui sont allou\u00e9s aux institutions culturelles de la Conf\u00e9d\u00e9ration pour une p\u00e9riode de quatre ans.\" \/>\n<meta property=\"og:url\" content=\"https:\/\/www.revuemusicale.ch\/en\/politique\/2014\/06\/procedure-de-consultation-sur-le-message-culture-2016-2019\/\" \/>\n<meta property=\"og:site_name\" content=\"Revue Musicale Suisse\" \/>\n<meta property=\"article:publisher\" content=\"https:\/\/www.facebook.com\/SchweizerMusikzeitung\/\" \/>\n<meta property=\"article:published_time\" content=\"2014-06-01T22:00:00+00:00\" \/>\n<meta property=\"article:modified_time\" content=\"2023-01-18T16:43:45+00:00\" \/>\n<meta property=\"og:image\" content=\"https:\/\/www.revuemusicale.ch\/wp-content\/uploads\/2023\/01\/bundeshaus-sued-05-g.jpg\" \/>\n\t<meta property=\"og:image:width\" content=\"554\" \/>\n\t<meta property=\"og:image:height\" content=\"367\" \/>\n\t<meta property=\"og:image:type\" content=\"image\/jpeg\" \/>\n<meta name=\"author\" content=\"Musikzeitung-Redaktion\" \/>\n<meta name=\"twitter:card\" content=\"summary_large_image\" \/>\n<meta name=\"twitter:creator\" content=\"@smusikzeitung\" \/>\n<meta name=\"twitter:site\" content=\"@smusikzeitung\" \/>\n<meta name=\"twitter:label1\" content=\"Written by\" \/>\n\t<meta name=\"twitter:data1\" content=\"Musikzeitung-Redaktion\" \/>\n\t<meta name=\"twitter:label2\" content=\"Est. reading time\" \/>\n\t<meta name=\"twitter:data2\" content=\"2 minutes\" \/>\n<script type=\"application\/ld+json\" class=\"yoast-schema-graph\">{\"@context\":\"https:\\\/\\\/schema.org\",\"@graph\":[{\"@type\":\"Article\",\"@id\":\"https:\\\/\\\/www.revuemusicale.ch\\\/politique\\\/2014\\\/06\\\/procedure-de-consultation-sur-le-message-culture-2016-2019#article\",\"isPartOf\":{\"@id\":\"https:\\\/\\\/www.revuemusicale.ch\\\/politique\\\/2014\\\/06\\\/procedure-de-consultation-sur-le-message-culture-2016-2019\"},\"author\":{\"name\":\"Musikzeitung-Redaktion\",\"@id\":\"https:\\\/\\\/www.revuemusicale.ch\\\/#\\\/schema\\\/person\\\/b2fd892c800856270b9dcc6001265712\"},\"headline\":\"Proc\u00e9dure de consultation sur le Message culture 2016-2019\",\"datePublished\":\"2014-06-01T22:00:00+00:00\",\"dateModified\":\"2023-01-18T16:43:45+00:00\",\"mainEntityOfPage\":{\"@id\":\"https:\\\/\\\/www.revuemusicale.ch\\\/politique\\\/2014\\\/06\\\/procedure-de-consultation-sur-le-message-culture-2016-2019\"},\"wordCount\":394,\"commentCount\":0,\"publisher\":{\"@id\":\"https:\\\/\\\/www.revuemusicale.ch\\\/#organization\"},\"image\":{\"@id\":\"https:\\\/\\\/www.revuemusicale.ch\\\/politique\\\/2014\\\/06\\\/procedure-de-consultation-sur-le-message-culture-2016-2019#primaryimage\"},\"thumbnailUrl\":\"https:\\\/\\\/www.revuemusicale.ch\\\/wp-content\\\/uploads\\\/2023\\\/01\\\/bundeshaus-sued-05-g.jpg\",\"articleSection\":[\"National\",\"Politique\"],\"inLanguage\":\"en-US\"},{\"@type\":\"WebPage\",\"@id\":\"https:\\\/\\\/www.revuemusicale.ch\\\/politique\\\/2014\\\/06\\\/procedure-de-consultation-sur-le-message-culture-2016-2019\",\"url\":\"https:\\\/\\\/www.revuemusicale.ch\\\/politique\\\/2014\\\/06\\\/procedure-de-consultation-sur-le-message-culture-2016-2019\",\"name\":\"Proc\u00e9dure de consultation sur le Message culture 2016-2019 - Revue Musicale Suisse\",\"isPartOf\":{\"@id\":\"https:\\\/\\\/www.revuemusicale.ch\\\/#website\"},\"primaryImageOfPage\":{\"@id\":\"https:\\\/\\\/www.revuemusicale.ch\\\/politique\\\/2014\\\/06\\\/procedure-de-consultation-sur-le-message-culture-2016-2019#primaryimage\"},\"image\":{\"@id\":\"https:\\\/\\\/www.revuemusicale.ch\\\/politique\\\/2014\\\/06\\\/procedure-de-consultation-sur-le-message-culture-2016-2019#primaryimage\"},\"thumbnailUrl\":\"https:\\\/\\\/www.revuemusicale.ch\\\/wp-content\\\/uploads\\\/2023\\\/01\\\/bundeshaus-sued-05-g.jpg\",\"datePublished\":\"2014-06-01T22:00:00+00:00\",\"dateModified\":\"2023-01-18T16:43:45+00:00\",\"breadcrumb\":{\"@id\":\"https:\\\/\\\/www.revuemusicale.ch\\\/politique\\\/2014\\\/06\\\/procedure-de-consultation-sur-le-message-culture-2016-2019#breadcrumb\"},\"inLanguage\":\"en-US\",\"potentialAction\":[{\"@type\":\"ReadAction\",\"target\":[\"https:\\\/\\\/www.revuemusicale.ch\\\/politique\\\/2014\\\/06\\\/procedure-de-consultation-sur-le-message-culture-2016-2019\"]}]},{\"@type\":\"ImageObject\",\"inLanguage\":\"en-US\",\"@id\":\"https:\\\/\\\/www.revuemusicale.ch\\\/politique\\\/2014\\\/06\\\/procedure-de-consultation-sur-le-message-culture-2016-2019#primaryimage\",\"url\":\"https:\\\/\\\/www.revuemusicale.ch\\\/wp-content\\\/uploads\\\/2023\\\/01\\\/bundeshaus-sued-05-g.jpg\",\"contentUrl\":\"https:\\\/\\\/www.revuemusicale.ch\\\/wp-content\\\/uploads\\\/2023\\\/01\\\/bundeshaus-sued-05-g.jpg\",\"width\":554,\"height\":367},{\"@type\":\"BreadcrumbList\",\"@id\":\"https:\\\/\\\/www.revuemusicale.ch\\\/politique\\\/2014\\\/06\\\/procedure-de-consultation-sur-le-message-culture-2016-2019#breadcrumb\",\"itemListElement\":[{\"@type\":\"ListItem\",\"position\":1,\"name\":\"Home\",\"item\":\"https:\\\/\\\/www.revuemusicale.ch\\\/\"},{\"@type\":\"ListItem\",\"position\":2,\"name\":\"Proc\u00e9dure de consultation sur le Message culture 2016-2019\"}]},{\"@type\":\"WebSite\",\"@id\":\"https:\\\/\\\/www.revuemusicale.ch\\\/#website\",\"url\":\"https:\\\/\\\/www.revuemusicale.ch\\\/\",\"name\":\"Revue Musicale Suisse\",\"description\":\"\",\"publisher\":{\"@id\":\"https:\\\/\\\/www.revuemusicale.ch\\\/#organization\"},\"potentialAction\":[{\"@type\":\"SearchAction\",\"target\":{\"@type\":\"EntryPoint\",\"urlTemplate\":\"https:\\\/\\\/www.revuemusicale.ch\\\/?s={search_term_string}\"},\"query-input\":{\"@type\":\"PropertyValueSpecification\",\"valueRequired\":true,\"valueName\":\"search_term_string\"}}],\"inLanguage\":\"en-US\"},{\"@type\":\"Organization\",\"@id\":\"https:\\\/\\\/www.revuemusicale.ch\\\/#organization\",\"name\":\"Revue Musicale Suisse\",\"url\":\"https:\\\/\\\/www.revuemusicale.ch\\\/\",\"logo\":{\"@type\":\"ImageObject\",\"inLanguage\":\"en-US\",\"@id\":\"https:\\\/\\\/www.revuemusicale.ch\\\/#\\\/schema\\\/logo\\\/image\\\/\",\"url\":\"https:\\\/\\\/www.revuemusicale.ch\\\/wp-content\\\/uploads\\\/2023\\\/01\\\/logo_revuemusicale_musikzeitung.jpg\",\"contentUrl\":\"https:\\\/\\\/www.revuemusicale.ch\\\/wp-content\\\/uploads\\\/2023\\\/01\\\/logo_revuemusicale_musikzeitung.jpg\",\"width\":1200,\"height\":243,\"caption\":\"Revue Musicale Suisse\"},\"image\":{\"@id\":\"https:\\\/\\\/www.revuemusicale.ch\\\/#\\\/schema\\\/logo\\\/image\\\/\"},\"sameAs\":[\"https:\\\/\\\/www.facebook.com\\\/SchweizerMusikzeitung\\\/\",\"https:\\\/\\\/x.com\\\/smusikzeitung\",\"https:\\\/\\\/www.instagram.com\\\/musikzeitung.ch\\\/?hl=de\"]},{\"@type\":\"Person\",\"@id\":\"https:\\\/\\\/www.revuemusicale.ch\\\/#\\\/schema\\\/person\\\/b2fd892c800856270b9dcc6001265712\",\"name\":\"Musikzeitung-Redaktion\",\"image\":{\"@type\":\"ImageObject\",\"inLanguage\":\"en-US\",\"@id\":\"https:\\\/\\\/secure.gravatar.com\\\/avatar\\\/0c7e6a405862e402eb76a70f8a26fc732d07c32931e9fae9ab1582911d2e8a3b?s=96&d=mm&r=g\",\"url\":\"https:\\\/\\\/secure.gravatar.com\\\/avatar\\\/0c7e6a405862e402eb76a70f8a26fc732d07c32931e9fae9ab1582911d2e8a3b?s=96&d=mm&r=g\",\"contentUrl\":\"https:\\\/\\\/secure.gravatar.com\\\/avatar\\\/0c7e6a405862e402eb76a70f8a26fc732d07c32931e9fae9ab1582911d2e8a3b?s=96&d=mm&r=g\",\"caption\":\"Musikzeitung-Redaktion\"},\"sameAs\":[\"http:\\\/\\\/wundo-docker.io\"],\"url\":\"https:\\\/\\\/www.revuemusicale.ch\\\/en\\\/author\\\/admin\"}]}<\/script>\n<!-- \/ Yoast SEO plugin. -->","yoast_head_json":{"title":"Proc\u00e9dure de consultation sur le Message culture 2016-2019 - Revue Musicale Suisse","robots":{"index":"index","follow":"follow","max-snippet":"max-snippet:-1","max-image-preview":"max-image-preview:large","max-video-preview":"max-video-preview:-1"},"canonical":"https:\/\/www.revuemusicale.ch\/en\/politique\/2014\/06\/procedure-de-consultation-sur-le-message-culture-2016-2019\/","og_locale":"en_US","og_type":"article","og_title":"Proc\u00e9dure de consultation sur le Message culture 2016-2019 - Revue Musicale Suisse","og_description":"Le Conseil f\u00e9d\u00e9ral a ouvert le 28 mai 2014 la proc\u00e9dure de consultation sur le Message concernant l'encouragement de la culture pour les ann\u00e9es 2016 \u00e0 2019 (Message culture). Le Message culture d\u00e9finit les objectifs, les mesures et les cr\u00e9dits qui sont allou\u00e9s aux institutions culturelles de la Conf\u00e9d\u00e9ration pour une p\u00e9riode de quatre ans.","og_url":"https:\/\/www.revuemusicale.ch\/en\/politique\/2014\/06\/procedure-de-consultation-sur-le-message-culture-2016-2019\/","og_site_name":"Revue Musicale Suisse","article_publisher":"https:\/\/www.facebook.com\/SchweizerMusikzeitung\/","article_published_time":"2014-06-01T22:00:00+00:00","article_modified_time":"2023-01-18T16:43:45+00:00","og_image":[{"width":554,"height":367,"url":"https:\/\/www.revuemusicale.ch\/wp-content\/uploads\/2023\/01\/bundeshaus-sued-05-g.jpg","type":"image\/jpeg"}],"author":"Musikzeitung-Redaktion","twitter_card":"summary_large_image","twitter_creator":"@smusikzeitung","twitter_site":"@smusikzeitung","twitter_misc":{"Written by":"Musikzeitung-Redaktion","Est. reading time":"2 minutes"},"schema":{"@context":"https:\/\/schema.org","@graph":[{"@type":"Article","@id":"https:\/\/www.revuemusicale.ch\/politique\/2014\/06\/procedure-de-consultation-sur-le-message-culture-2016-2019#article","isPartOf":{"@id":"https:\/\/www.revuemusicale.ch\/politique\/2014\/06\/procedure-de-consultation-sur-le-message-culture-2016-2019"},"author":{"name":"Musikzeitung-Redaktion","@id":"https:\/\/www.revuemusicale.ch\/#\/schema\/person\/b2fd892c800856270b9dcc6001265712"},"headline":"Proc\u00e9dure de consultation sur le Message culture 2016-2019","datePublished":"2014-06-01T22:00:00+00:00","dateModified":"2023-01-18T16:43:45+00:00","mainEntityOfPage":{"@id":"https:\/\/www.revuemusicale.ch\/politique\/2014\/06\/procedure-de-consultation-sur-le-message-culture-2016-2019"},"wordCount":394,"commentCount":0,"publisher":{"@id":"https:\/\/www.revuemusicale.ch\/#organization"},"image":{"@id":"https:\/\/www.revuemusicale.ch\/politique\/2014\/06\/procedure-de-consultation-sur-le-message-culture-2016-2019#primaryimage"},"thumbnailUrl":"https:\/\/www.revuemusicale.ch\/wp-content\/uploads\/2023\/01\/bundeshaus-sued-05-g.jpg","articleSection":["National","Politique"],"inLanguage":"en-US"},{"@type":"WebPage","@id":"https:\/\/www.revuemusicale.ch\/politique\/2014\/06\/procedure-de-consultation-sur-le-message-culture-2016-2019","url":"https:\/\/www.revuemusicale.ch\/politique\/2014\/06\/procedure-de-consultation-sur-le-message-culture-2016-2019","name":"Proc\u00e9dure de consultation sur le Message culture 2016-2019 - Revue Musicale Suisse","isPartOf":{"@id":"https:\/\/www.revuemusicale.ch\/#website"},"primaryImageOfPage":{"@id":"https:\/\/www.revuemusicale.ch\/politique\/2014\/06\/procedure-de-consultation-sur-le-message-culture-2016-2019#primaryimage"},"image":{"@id":"https:\/\/www.revuemusicale.ch\/politique\/2014\/06\/procedure-de-consultation-sur-le-message-culture-2016-2019#primaryimage"},"thumbnailUrl":"https:\/\/www.revuemusicale.ch\/wp-content\/uploads\/2023\/01\/bundeshaus-sued-05-g.jpg","datePublished":"2014-06-01T22:00:00+00:00","dateModified":"2023-01-18T16:43:45+00:00","breadcrumb":{"@id":"https:\/\/www.revuemusicale.ch\/politique\/2014\/06\/procedure-de-consultation-sur-le-message-culture-2016-2019#breadcrumb"},"inLanguage":"en-US","potentialAction":[{"@type":"ReadAction","target":["https:\/\/www.revuemusicale.ch\/politique\/2014\/06\/procedure-de-consultation-sur-le-message-culture-2016-2019"]}]},{"@type":"ImageObject","inLanguage":"en-US","@id":"https:\/\/www.revuemusicale.ch\/politique\/2014\/06\/procedure-de-consultation-sur-le-message-culture-2016-2019#primaryimage","url":"https:\/\/www.revuemusicale.ch\/wp-content\/uploads\/2023\/01\/bundeshaus-sued-05-g.jpg","contentUrl":"https:\/\/www.revuemusicale.ch\/wp-content\/uploads\/2023\/01\/bundeshaus-sued-05-g.jpg","width":554,"height":367},{"@type":"BreadcrumbList","@id":"https:\/\/www.revuemusicale.ch\/politique\/2014\/06\/procedure-de-consultation-sur-le-message-culture-2016-2019#breadcrumb","itemListElement":[{"@type":"ListItem","position":1,"name":"Home","item":"https:\/\/www.revuemusicale.ch\/"},{"@type":"ListItem","position":2,"name":"Proc\u00e9dure de consultation sur le Message culture 2016-2019"}]},{"@type":"WebSite","@id":"https:\/\/www.revuemusicale.ch\/#website","url":"https:\/\/www.revuemusicale.ch\/","name":"Swiss Music Review","description":"","publisher":{"@id":"https:\/\/www.revuemusicale.ch\/#organization"},"potentialAction":[{"@type":"SearchAction","target":{"@type":"EntryPoint","urlTemplate":"https:\/\/www.revuemusicale.ch\/?s={search_term_string}"},"query-input":{"@type":"PropertyValueSpecification","valueRequired":true,"valueName":"search_term_string"}}],"inLanguage":"en-US"},{"@type":"Organization","@id":"https:\/\/www.revuemusicale.ch\/#organization","name":"Swiss Music Review","url":"https:\/\/www.revuemusicale.ch\/","logo":{"@type":"ImageObject","inLanguage":"en-US","@id":"https:\/\/www.revuemusicale.ch\/#\/schema\/logo\/image\/","url":"https:\/\/www.revuemusicale.ch\/wp-content\/uploads\/2023\/01\/logo_revuemusicale_musikzeitung.jpg","contentUrl":"https:\/\/www.revuemusicale.ch\/wp-content\/uploads\/2023\/01\/logo_revuemusicale_musikzeitung.jpg","width":1200,"height":243,"caption":"Revue Musicale Suisse"},"image":{"@id":"https:\/\/www.revuemusicale.ch\/#\/schema\/logo\/image\/"},"sameAs":["https:\/\/www.facebook.com\/SchweizerMusikzeitung\/","https:\/\/x.com\/smusikzeitung","https:\/\/www.instagram.com\/musikzeitung.ch\/?hl=de"]},{"@type":"Person","@id":"https:\/\/www.revuemusicale.ch\/#\/schema\/person\/b2fd892c800856270b9dcc6001265712","name":"Musikzeitung-Redaktion","image":{"@type":"ImageObject","inLanguage":"en-US","@id":"https:\/\/secure.gravatar.com\/avatar\/0c7e6a405862e402eb76a70f8a26fc732d07c32931e9fae9ab1582911d2e8a3b?s=96&d=mm&r=g","url":"https:\/\/secure.gravatar.com\/avatar\/0c7e6a405862e402eb76a70f8a26fc732d07c32931e9fae9ab1582911d2e8a3b?s=96&d=mm&r=g","contentUrl":"https:\/\/secure.gravatar.com\/avatar\/0c7e6a405862e402eb76a70f8a26fc732d07c32931e9fae9ab1582911d2e8a3b?s=96&d=mm&r=g","caption":"Musikzeitung-Redaktion"},"sameAs":["http:\/\/wundo-docker.io"],"url":"https:\/\/www.revuemusicale.ch\/en\/author\/admin"}]}},"publishpress_future_action":{"enabled":false,"date":"1970-01-01 01:00:00","action":"change-status","newStatus":"draft","terms":[],"taxonomy":"category","extraData":[]},"publishpress_future_workflow_manual_trigger":{"enabledWorkflows":[]},"_links":{"self":[{"href":"https:\/\/www.revuemusicale.ch\/en\/wp-json\/wp\/v2\/posts\/22830","targetHints":{"allow":["GET"]}}],"collection":[{"href":"https:\/\/www.revuemusicale.ch\/en\/wp-json\/wp\/v2\/posts"}],"about":[{"href":"https:\/\/www.revuemusicale.ch\/en\/wp-json\/wp\/v2\/types\/post"}],"author":[{"embeddable":true,"href":"https:\/\/www.revuemusicale.ch\/en\/wp-json\/wp\/v2\/users\/1"}],"replies":[{"embeddable":true,"href":"https:\/\/www.revuemusicale.ch\/en\/wp-json\/wp\/v2\/comments?post=22830"}],"version-history":[{"count":1,"href":"https:\/\/www.revuemusicale.ch\/en\/wp-json\/wp\/v2\/posts\/22830\/revisions"}],"predecessor-version":[{"id":22832,"href":"https:\/\/www.revuemusicale.ch\/en\/wp-json\/wp\/v2\/posts\/22830\/revisions\/22832"}],"wp:featuredmedia":[{"embeddable":true,"href":"https:\/\/www.revuemusicale.ch\/en\/wp-json\/wp\/v2\/media\/22831"}],"wp:attachment":[{"href":"https:\/\/www.revuemusicale.ch\/en\/wp-json\/wp\/v2\/media?parent=22830"}],"wp:term":[{"taxonomy":"category","embeddable":true,"href":"https:\/\/www.revuemusicale.ch\/en\/wp-json\/wp\/v2\/categories?post=22830"},{"taxonomy":"post_tag","embeddable":true,"href":"https:\/\/www.revuemusicale.ch\/en\/wp-json\/wp\/v2\/tags?post=22830"}],"curies":[{"name":"wp","href":"https:\/\/api.w.org\/{rel}","templated":true}]}}