{"id":22839,"date":"2016-01-25T00:00:00","date_gmt":"2016-01-24T23:00:00","guid":{"rendered":"https:\/\/www.revuemusicale.ch\/blog\/2016\/01\/25\/comment-la-confederation-soutient-la-formation-musicale\/"},"modified":"2023-01-18T17:43:46","modified_gmt":"2023-01-18T16:43:46","slug":"comment-la-confederation-soutient-la-formation-musicale","status":"publish","type":"post","link":"https:\/\/www.revuemusicale.ch\/en\/politique\/2016\/01\/comment-la-confederation-soutient-la-formation-musicale","title":{"rendered":"How the Confederation supports musical training"},"content":{"rendered":"<figure style=\"width: 1200px\" class=\"wp-caption alignnone\"><img decoding=\"async\" class=\"size-full\" src=\"https:\/\/www.revuemusicale.ch\/wp-content\/uploads\/2023\/01\/Enfant-musique.jpeg\" alt=\"\" \/><figcaption class=\"wp-caption-text\">Photo: Steve Snodgrass<\/figcaption><\/figure>\n<div class='text-section'>\n<p>For the past four years, the Confederation has been supporting music education on the basis of the Federal Act on the Promotion of Culture. The Confederation's remit was extended with the introduction of the new constitutional article 67a Cst (musical training), accepted by the people and cantons on September 23, 2012. 2016 sees the start of a new period of support.<\/p>\n<p>In the new 2016-2020 period, existing measures to support musical training will be continued and expanded. Musicians' training courses, competitions and music festivals will receive increased support.<\/p>\n<p>The main innovation is the introduction of the \"Youth and Music\" program, aimed at encouraging children and young people to take part in musical activities, and harmoniously promoting their development and self-fulfilment, from a triple educational, social and cultural perspective.<\/p>\n<p>A new provision also requires music schools to offer all students and apprentices significantly lower tuition fees than adults, up to the end of secondary level II. They will also be required to offer gifted students, by virtue of the number of teaching units they will be required to take, rates that are lower than normal rates.<\/p>\n<p>How much money is earmarked to support musical training? As part of the discussion on the 2016-2020 cultural message, Parliament approved an overall spending ceiling of CHF 17.3 million for the period. Of the CHF 3.5 million allocated on average each year, CHF 2.5 million is earmarked for the \"Youth and Music\" program.<\/p>\n<p> <strong>Introduction of the \"youth and music\" (j+m) program<\/strong><\/p>\n<p>The program is based on three pillars: basic and advanced training for youth and music instructors, music courses and music camps.<\/p>\n<ol>\n<li><strong>Basic and advanced training for youth and music instructors<\/strong>. The program trains instructors to teach music to children and young people in courses and camps, and to pass on the joy of music to them. j+m instructors are required to undergo regular further training. Their training is based on a multi-level module system. Aspiring instructors follow a basic module and modules in pedagogy and music.<\/li>\n<li><strong>Music lessons<\/strong>. The program supports music courses for children and young people run by a certified j+m instructor. These courses must have at least ten lessons and be attended by at least five children or young people. Contributions per participant are set annually by the FOC, on the basis of fixed scales. The instructors themselves decide how to allocate these contributions (infrastructure, instructors' salaries, etc.), within the framework of pre-established ranges, thus ensuring that the funds are used as effectively as possible.<\/li>\n<li><strong>Music camps<\/strong>. The program supports music camps for children and young people run by a certified j+m counsellor. These camps last between two and seven days and must be attended by at least ten children or young people. Contributions are also allocated on the basis of fixed rates. The camps must generally take place in Switzerland, to ensure a good cost\/benefit ratio and maintain added value in Switzerland.<\/li>\n<\/ol>\n<p>The plan is to introduce the program in stages. j+m instructor training will be offered from 2016, with music courses and music camps supported from 2017. Applications will be managed by an external agency, which the OFC has commissioned to implement the program. Following a public tender procedure, the mandate was awarded to Res Publica Consulting AG.<\/p>\n<p>The conditions for participation in basic and advanced training, the criteria for supporting music courses and music camps, and other details are set out in the Federal Department of Home Affairs' support scheme, at the following address:\u00a0<a href='http:\/\/www.bak.admin.ch\/kulturschaffen\/04250\/04255\/05057\/index.html?lang=fr'>www.bak.admin.ch\/kulturschaffen\/04250\/04255\/05057\/index.html?lang=fr<\/a><\/p>\n<\/p><\/div>","protected":false},"excerpt":{"rendered":"<p><strong>The Swiss government has been supporting musical training for children and young people since 2012. In 2016, it will expand its measures and launch the new \"Youth and Music\" program. <\/strong><\/p>","protected":false},"author":1,"featured_media":22840,"comment_status":"open","ping_status":"open","sticky":false,"template":"","format":"standard","meta":{"_acf_changed":false,"_relevanssi_hide_post":"","_relevanssi_hide_content":"","_relevanssi_pin_for_all":"","_relevanssi_pin_keywords":"","_relevanssi_unpin_keywords":"","_relevanssi_related_keywords":"","_relevanssi_related_include_ids":"","_relevanssi_related_exclude_ids":"","_relevanssi_related_no_append":"","_relevanssi_related_not_related":"","_relevanssi_related_posts":"","_relevanssi_noindex_reason":"","pgc_sgb_lightbox_settings":"","footnotes":""},"categories":[1613,1612],"tags":[],"class_list":["post-22839","post","type-post","status-publish","format-standard","has-post-thumbnail","hentry","category-national-politique","category-politique"],"acf":[],"yoast_head":"<!-- This site is optimized with the Yoast SEO plugin v27.3 - https:\/\/yoast.com\/product\/yoast-seo-wordpress\/ -->\n<title>Comment la Conf\u00e9d\u00e9ration soutient la formation musicale - Revue Musicale Suisse<\/title>\n<meta name=\"robots\" content=\"index, follow, max-snippet:-1, max-image-preview:large, max-video-preview:-1\" \/>\n<link rel=\"canonical\" href=\"https:\/\/www.revuemusicale.ch\/en\/politique\/2016\/01\/comment-la-confederation-soutient-la-formation-musicale\/\" \/>\n<meta property=\"og:locale\" content=\"en_US\" \/>\n<meta property=\"og:type\" content=\"article\" \/>\n<meta property=\"og:title\" content=\"Comment la Conf\u00e9d\u00e9ration soutient la formation musicale - Revue Musicale Suisse\" \/>\n<meta property=\"og:description\" content=\"La Conf\u00e9d\u00e9ration soutient la formation musicale des enfants et des jeunes depuis 2012. En 2016, elle \u00e9largira ses mesures et lancera le nouveau programme \u00abjeunesse et musique\u00bb.\" \/>\n<meta property=\"og:url\" content=\"https:\/\/www.revuemusicale.ch\/en\/politique\/2016\/01\/comment-la-confederation-soutient-la-formation-musicale\/\" \/>\n<meta property=\"og:site_name\" content=\"Revue Musicale Suisse\" \/>\n<meta property=\"article:publisher\" content=\"https:\/\/www.facebook.com\/SchweizerMusikzeitung\/\" \/>\n<meta property=\"article:published_time\" content=\"2016-01-24T23:00:00+00:00\" \/>\n<meta property=\"article:modified_time\" content=\"2023-01-18T16:43:46+00:00\" \/>\n<meta property=\"og:image\" content=\"https:\/\/www.revuemusicale.ch\/wp-content\/uploads\/2023\/01\/Enfant-musique.jpeg\" \/>\n\t<meta property=\"og:image:width\" content=\"554\" \/>\n\t<meta property=\"og:image:height\" content=\"366\" \/>\n\t<meta property=\"og:image:type\" content=\"image\/jpeg\" \/>\n<meta name=\"author\" content=\"Musikzeitung-Redaktion\" \/>\n<meta name=\"twitter:card\" content=\"summary_large_image\" \/>\n<meta name=\"twitter:creator\" content=\"@smusikzeitung\" \/>\n<meta name=\"twitter:site\" content=\"@smusikzeitung\" \/>\n<meta name=\"twitter:label1\" content=\"Written by\" \/>\n\t<meta name=\"twitter:data1\" content=\"Musikzeitung-Redaktion\" \/>\n\t<meta name=\"twitter:label2\" content=\"Est. reading time\" \/>\n\t<meta name=\"twitter:data2\" content=\"4 minutes\" \/>\n<script type=\"application\/ld+json\" class=\"yoast-schema-graph\">{\"@context\":\"https:\\\/\\\/schema.org\",\"@graph\":[{\"@type\":\"Article\",\"@id\":\"https:\\\/\\\/www.revuemusicale.ch\\\/politique\\\/2016\\\/01\\\/comment-la-confederation-soutient-la-formation-musicale#article\",\"isPartOf\":{\"@id\":\"https:\\\/\\\/www.revuemusicale.ch\\\/politique\\\/2016\\\/01\\\/comment-la-confederation-soutient-la-formation-musicale\"},\"author\":{\"name\":\"Musikzeitung-Redaktion\",\"@id\":\"https:\\\/\\\/www.revuemusicale.ch\\\/#\\\/schema\\\/person\\\/b2fd892c800856270b9dcc6001265712\"},\"headline\":\"Comment la Conf\u00e9d\u00e9ration soutient la formation musicale\",\"datePublished\":\"2016-01-24T23:00:00+00:00\",\"dateModified\":\"2023-01-18T16:43:46+00:00\",\"mainEntityOfPage\":{\"@id\":\"https:\\\/\\\/www.revuemusicale.ch\\\/politique\\\/2016\\\/01\\\/comment-la-confederation-soutient-la-formation-musicale\"},\"wordCount\":742,\"commentCount\":0,\"publisher\":{\"@id\":\"https:\\\/\\\/www.revuemusicale.ch\\\/#organization\"},\"image\":{\"@id\":\"https:\\\/\\\/www.revuemusicale.ch\\\/politique\\\/2016\\\/01\\\/comment-la-confederation-soutient-la-formation-musicale#primaryimage\"},\"thumbnailUrl\":\"https:\\\/\\\/www.revuemusicale.ch\\\/wp-content\\\/uploads\\\/2023\\\/01\\\/Enfant-musique.jpeg\",\"articleSection\":[\"National\",\"Politique\"],\"inLanguage\":\"en-US\"},{\"@type\":\"WebPage\",\"@id\":\"https:\\\/\\\/www.revuemusicale.ch\\\/politique\\\/2016\\\/01\\\/comment-la-confederation-soutient-la-formation-musicale\",\"url\":\"https:\\\/\\\/www.revuemusicale.ch\\\/politique\\\/2016\\\/01\\\/comment-la-confederation-soutient-la-formation-musicale\",\"name\":\"Comment la Conf\u00e9d\u00e9ration soutient la formation musicale - Revue Musicale Suisse\",\"isPartOf\":{\"@id\":\"https:\\\/\\\/www.revuemusicale.ch\\\/#website\"},\"primaryImageOfPage\":{\"@id\":\"https:\\\/\\\/www.revuemusicale.ch\\\/politique\\\/2016\\\/01\\\/comment-la-confederation-soutient-la-formation-musicale#primaryimage\"},\"image\":{\"@id\":\"https:\\\/\\\/www.revuemusicale.ch\\\/politique\\\/2016\\\/01\\\/comment-la-confederation-soutient-la-formation-musicale#primaryimage\"},\"thumbnailUrl\":\"https:\\\/\\\/www.revuemusicale.ch\\\/wp-content\\\/uploads\\\/2023\\\/01\\\/Enfant-musique.jpeg\",\"datePublished\":\"2016-01-24T23:00:00+00:00\",\"dateModified\":\"2023-01-18T16:43:46+00:00\",\"breadcrumb\":{\"@id\":\"https:\\\/\\\/www.revuemusicale.ch\\\/politique\\\/2016\\\/01\\\/comment-la-confederation-soutient-la-formation-musicale#breadcrumb\"},\"inLanguage\":\"en-US\",\"potentialAction\":[{\"@type\":\"ReadAction\",\"target\":[\"https:\\\/\\\/www.revuemusicale.ch\\\/politique\\\/2016\\\/01\\\/comment-la-confederation-soutient-la-formation-musicale\"]}]},{\"@type\":\"ImageObject\",\"inLanguage\":\"en-US\",\"@id\":\"https:\\\/\\\/www.revuemusicale.ch\\\/politique\\\/2016\\\/01\\\/comment-la-confederation-soutient-la-formation-musicale#primaryimage\",\"url\":\"https:\\\/\\\/www.revuemusicale.ch\\\/wp-content\\\/uploads\\\/2023\\\/01\\\/Enfant-musique.jpeg\",\"contentUrl\":\"https:\\\/\\\/www.revuemusicale.ch\\\/wp-content\\\/uploads\\\/2023\\\/01\\\/Enfant-musique.jpeg\",\"width\":554,\"height\":366},{\"@type\":\"BreadcrumbList\",\"@id\":\"https:\\\/\\\/www.revuemusicale.ch\\\/politique\\\/2016\\\/01\\\/comment-la-confederation-soutient-la-formation-musicale#breadcrumb\",\"itemListElement\":[{\"@type\":\"ListItem\",\"position\":1,\"name\":\"Home\",\"item\":\"https:\\\/\\\/www.revuemusicale.ch\\\/\"},{\"@type\":\"ListItem\",\"position\":2,\"name\":\"Comment la Conf\u00e9d\u00e9ration soutient la formation musicale\"}]},{\"@type\":\"WebSite\",\"@id\":\"https:\\\/\\\/www.revuemusicale.ch\\\/#website\",\"url\":\"https:\\\/\\\/www.revuemusicale.ch\\\/\",\"name\":\"Revue Musicale Suisse\",\"description\":\"\",\"publisher\":{\"@id\":\"https:\\\/\\\/www.revuemusicale.ch\\\/#organization\"},\"potentialAction\":[{\"@type\":\"SearchAction\",\"target\":{\"@type\":\"EntryPoint\",\"urlTemplate\":\"https:\\\/\\\/www.revuemusicale.ch\\\/?s={search_term_string}\"},\"query-input\":{\"@type\":\"PropertyValueSpecification\",\"valueRequired\":true,\"valueName\":\"search_term_string\"}}],\"inLanguage\":\"en-US\"},{\"@type\":\"Organization\",\"@id\":\"https:\\\/\\\/www.revuemusicale.ch\\\/#organization\",\"name\":\"Revue Musicale Suisse\",\"url\":\"https:\\\/\\\/www.revuemusicale.ch\\\/\",\"logo\":{\"@type\":\"ImageObject\",\"inLanguage\":\"en-US\",\"@id\":\"https:\\\/\\\/www.revuemusicale.ch\\\/#\\\/schema\\\/logo\\\/image\\\/\",\"url\":\"https:\\\/\\\/www.revuemusicale.ch\\\/wp-content\\\/uploads\\\/2023\\\/01\\\/logo_revuemusicale_musikzeitung.jpg\",\"contentUrl\":\"https:\\\/\\\/www.revuemusicale.ch\\\/wp-content\\\/uploads\\\/2023\\\/01\\\/logo_revuemusicale_musikzeitung.jpg\",\"width\":1200,\"height\":243,\"caption\":\"Revue Musicale Suisse\"},\"image\":{\"@id\":\"https:\\\/\\\/www.revuemusicale.ch\\\/#\\\/schema\\\/logo\\\/image\\\/\"},\"sameAs\":[\"https:\\\/\\\/www.facebook.com\\\/SchweizerMusikzeitung\\\/\",\"https:\\\/\\\/x.com\\\/smusikzeitung\",\"https:\\\/\\\/www.instagram.com\\\/musikzeitung.ch\\\/?hl=de\"]},{\"@type\":\"Person\",\"@id\":\"https:\\\/\\\/www.revuemusicale.ch\\\/#\\\/schema\\\/person\\\/b2fd892c800856270b9dcc6001265712\",\"name\":\"Musikzeitung-Redaktion\",\"image\":{\"@type\":\"ImageObject\",\"inLanguage\":\"en-US\",\"@id\":\"https:\\\/\\\/secure.gravatar.com\\\/avatar\\\/0c7e6a405862e402eb76a70f8a26fc732d07c32931e9fae9ab1582911d2e8a3b?s=96&d=mm&r=g\",\"url\":\"https:\\\/\\\/secure.gravatar.com\\\/avatar\\\/0c7e6a405862e402eb76a70f8a26fc732d07c32931e9fae9ab1582911d2e8a3b?s=96&d=mm&r=g\",\"contentUrl\":\"https:\\\/\\\/secure.gravatar.com\\\/avatar\\\/0c7e6a405862e402eb76a70f8a26fc732d07c32931e9fae9ab1582911d2e8a3b?s=96&d=mm&r=g\",\"caption\":\"Musikzeitung-Redaktion\"},\"sameAs\":[\"http:\\\/\\\/wundo-docker.io\"],\"url\":\"https:\\\/\\\/www.revuemusicale.ch\\\/en\\\/author\\\/admin\"}]}<\/script>\n<!-- \/ Yoast SEO plugin. -->","yoast_head_json":{"title":"Comment la Conf\u00e9d\u00e9ration soutient la formation musicale - Revue Musicale Suisse","robots":{"index":"index","follow":"follow","max-snippet":"max-snippet:-1","max-image-preview":"max-image-preview:large","max-video-preview":"max-video-preview:-1"},"canonical":"https:\/\/www.revuemusicale.ch\/en\/politique\/2016\/01\/comment-la-confederation-soutient-la-formation-musicale\/","og_locale":"en_US","og_type":"article","og_title":"Comment la Conf\u00e9d\u00e9ration soutient la formation musicale - Revue Musicale Suisse","og_description":"La Conf\u00e9d\u00e9ration soutient la formation musicale des enfants et des jeunes depuis 2012. En 2016, elle \u00e9largira ses mesures et lancera le nouveau programme \u00abjeunesse et musique\u00bb.","og_url":"https:\/\/www.revuemusicale.ch\/en\/politique\/2016\/01\/comment-la-confederation-soutient-la-formation-musicale\/","og_site_name":"Revue Musicale Suisse","article_publisher":"https:\/\/www.facebook.com\/SchweizerMusikzeitung\/","article_published_time":"2016-01-24T23:00:00+00:00","article_modified_time":"2023-01-18T16:43:46+00:00","og_image":[{"width":554,"height":366,"url":"https:\/\/www.revuemusicale.ch\/wp-content\/uploads\/2023\/01\/Enfant-musique.jpeg","type":"image\/jpeg"}],"author":"Musikzeitung-Redaktion","twitter_card":"summary_large_image","twitter_creator":"@smusikzeitung","twitter_site":"@smusikzeitung","twitter_misc":{"Written by":"Musikzeitung-Redaktion","Est. reading time":"4 minutes"},"schema":{"@context":"https:\/\/schema.org","@graph":[{"@type":"Article","@id":"https:\/\/www.revuemusicale.ch\/politique\/2016\/01\/comment-la-confederation-soutient-la-formation-musicale#article","isPartOf":{"@id":"https:\/\/www.revuemusicale.ch\/politique\/2016\/01\/comment-la-confederation-soutient-la-formation-musicale"},"author":{"name":"Musikzeitung-Redaktion","@id":"https:\/\/www.revuemusicale.ch\/#\/schema\/person\/b2fd892c800856270b9dcc6001265712"},"headline":"Comment la Conf\u00e9d\u00e9ration soutient la formation musicale","datePublished":"2016-01-24T23:00:00+00:00","dateModified":"2023-01-18T16:43:46+00:00","mainEntityOfPage":{"@id":"https:\/\/www.revuemusicale.ch\/politique\/2016\/01\/comment-la-confederation-soutient-la-formation-musicale"},"wordCount":742,"commentCount":0,"publisher":{"@id":"https:\/\/www.revuemusicale.ch\/#organization"},"image":{"@id":"https:\/\/www.revuemusicale.ch\/politique\/2016\/01\/comment-la-confederation-soutient-la-formation-musicale#primaryimage"},"thumbnailUrl":"https:\/\/www.revuemusicale.ch\/wp-content\/uploads\/2023\/01\/Enfant-musique.jpeg","articleSection":["National","Politique"],"inLanguage":"en-US"},{"@type":"WebPage","@id":"https:\/\/www.revuemusicale.ch\/politique\/2016\/01\/comment-la-confederation-soutient-la-formation-musicale","url":"https:\/\/www.revuemusicale.ch\/politique\/2016\/01\/comment-la-confederation-soutient-la-formation-musicale","name":"Comment la Conf\u00e9d\u00e9ration soutient la formation musicale - Revue Musicale Suisse","isPartOf":{"@id":"https:\/\/www.revuemusicale.ch\/#website"},"primaryImageOfPage":{"@id":"https:\/\/www.revuemusicale.ch\/politique\/2016\/01\/comment-la-confederation-soutient-la-formation-musicale#primaryimage"},"image":{"@id":"https:\/\/www.revuemusicale.ch\/politique\/2016\/01\/comment-la-confederation-soutient-la-formation-musicale#primaryimage"},"thumbnailUrl":"https:\/\/www.revuemusicale.ch\/wp-content\/uploads\/2023\/01\/Enfant-musique.jpeg","datePublished":"2016-01-24T23:00:00+00:00","dateModified":"2023-01-18T16:43:46+00:00","breadcrumb":{"@id":"https:\/\/www.revuemusicale.ch\/politique\/2016\/01\/comment-la-confederation-soutient-la-formation-musicale#breadcrumb"},"inLanguage":"en-US","potentialAction":[{"@type":"ReadAction","target":["https:\/\/www.revuemusicale.ch\/politique\/2016\/01\/comment-la-confederation-soutient-la-formation-musicale"]}]},{"@type":"ImageObject","inLanguage":"en-US","@id":"https:\/\/www.revuemusicale.ch\/politique\/2016\/01\/comment-la-confederation-soutient-la-formation-musicale#primaryimage","url":"https:\/\/www.revuemusicale.ch\/wp-content\/uploads\/2023\/01\/Enfant-musique.jpeg","contentUrl":"https:\/\/www.revuemusicale.ch\/wp-content\/uploads\/2023\/01\/Enfant-musique.jpeg","width":554,"height":366},{"@type":"BreadcrumbList","@id":"https:\/\/www.revuemusicale.ch\/politique\/2016\/01\/comment-la-confederation-soutient-la-formation-musicale#breadcrumb","itemListElement":[{"@type":"ListItem","position":1,"name":"Home","item":"https:\/\/www.revuemusicale.ch\/"},{"@type":"ListItem","position":2,"name":"Comment la Conf\u00e9d\u00e9ration soutient la formation musicale"}]},{"@type":"WebSite","@id":"https:\/\/www.revuemusicale.ch\/#website","url":"https:\/\/www.revuemusicale.ch\/","name":"Swiss Music Review","description":"","publisher":{"@id":"https:\/\/www.revuemusicale.ch\/#organization"},"potentialAction":[{"@type":"SearchAction","target":{"@type":"EntryPoint","urlTemplate":"https:\/\/www.revuemusicale.ch\/?s={search_term_string}"},"query-input":{"@type":"PropertyValueSpecification","valueRequired":true,"valueName":"search_term_string"}}],"inLanguage":"en-US"},{"@type":"Organization","@id":"https:\/\/www.revuemusicale.ch\/#organization","name":"Swiss Music Review","url":"https:\/\/www.revuemusicale.ch\/","logo":{"@type":"ImageObject","inLanguage":"en-US","@id":"https:\/\/www.revuemusicale.ch\/#\/schema\/logo\/image\/","url":"https:\/\/www.revuemusicale.ch\/wp-content\/uploads\/2023\/01\/logo_revuemusicale_musikzeitung.jpg","contentUrl":"https:\/\/www.revuemusicale.ch\/wp-content\/uploads\/2023\/01\/logo_revuemusicale_musikzeitung.jpg","width":1200,"height":243,"caption":"Revue Musicale Suisse"},"image":{"@id":"https:\/\/www.revuemusicale.ch\/#\/schema\/logo\/image\/"},"sameAs":["https:\/\/www.facebook.com\/SchweizerMusikzeitung\/","https:\/\/x.com\/smusikzeitung","https:\/\/www.instagram.com\/musikzeitung.ch\/?hl=de"]},{"@type":"Person","@id":"https:\/\/www.revuemusicale.ch\/#\/schema\/person\/b2fd892c800856270b9dcc6001265712","name":"Musikzeitung-Redaktion","image":{"@type":"ImageObject","inLanguage":"en-US","@id":"https:\/\/secure.gravatar.com\/avatar\/0c7e6a405862e402eb76a70f8a26fc732d07c32931e9fae9ab1582911d2e8a3b?s=96&d=mm&r=g","url":"https:\/\/secure.gravatar.com\/avatar\/0c7e6a405862e402eb76a70f8a26fc732d07c32931e9fae9ab1582911d2e8a3b?s=96&d=mm&r=g","contentUrl":"https:\/\/secure.gravatar.com\/avatar\/0c7e6a405862e402eb76a70f8a26fc732d07c32931e9fae9ab1582911d2e8a3b?s=96&d=mm&r=g","caption":"Musikzeitung-Redaktion"},"sameAs":["http:\/\/wundo-docker.io"],"url":"https:\/\/www.revuemusicale.ch\/en\/author\/admin"}]}},"publishpress_future_action":{"enabled":false,"date":"1970-01-01 01:00:00","action":"change-status","newStatus":"draft","terms":[],"taxonomy":"category","extraData":[]},"publishpress_future_workflow_manual_trigger":{"enabledWorkflows":[]},"_links":{"self":[{"href":"https:\/\/www.revuemusicale.ch\/en\/wp-json\/wp\/v2\/posts\/22839","targetHints":{"allow":["GET"]}}],"collection":[{"href":"https:\/\/www.revuemusicale.ch\/en\/wp-json\/wp\/v2\/posts"}],"about":[{"href":"https:\/\/www.revuemusicale.ch\/en\/wp-json\/wp\/v2\/types\/post"}],"author":[{"embeddable":true,"href":"https:\/\/www.revuemusicale.ch\/en\/wp-json\/wp\/v2\/users\/1"}],"replies":[{"embeddable":true,"href":"https:\/\/www.revuemusicale.ch\/en\/wp-json\/wp\/v2\/comments?post=22839"}],"version-history":[{"count":1,"href":"https:\/\/www.revuemusicale.ch\/en\/wp-json\/wp\/v2\/posts\/22839\/revisions"}],"predecessor-version":[{"id":22841,"href":"https:\/\/www.revuemusicale.ch\/en\/wp-json\/wp\/v2\/posts\/22839\/revisions\/22841"}],"wp:featuredmedia":[{"embeddable":true,"href":"https:\/\/www.revuemusicale.ch\/en\/wp-json\/wp\/v2\/media\/22840"}],"wp:attachment":[{"href":"https:\/\/www.revuemusicale.ch\/en\/wp-json\/wp\/v2\/media?parent=22839"}],"wp:term":[{"taxonomy":"category","embeddable":true,"href":"https:\/\/www.revuemusicale.ch\/en\/wp-json\/wp\/v2\/categories?post=22839"},{"taxonomy":"post_tag","embeddable":true,"href":"https:\/\/www.revuemusicale.ch\/en\/wp-json\/wp\/v2\/tags?post=22839"}],"curies":[{"name":"wp","href":"https:\/\/api.w.org\/{rel}","templated":true}]}}