{"id":22932,"date":"2020-05-26T00:00:00","date_gmt":"2020-05-25T22:00:00","guid":{"rendered":"https:\/\/www.revuemusicale.ch\/blog\/2020\/05\/26\/linachevee-achevee\/"},"modified":"2024-06-28T10:18:20","modified_gmt":"2024-06-28T08:18:20","slug":"linachevee-achevee","status":"publish","type":"post","link":"https:\/\/www.revuemusicale.ch\/en\/critiques\/disques\/2020\/05\/linachevee-achevee","title":{"rendered":"L'Inachev\u00e9e achev\u00e9e..."},"content":{"rendered":"<p><img decoding=\"async\" class=\"size-full\" src=\"https:\/\/www.revuemusicale.ch\/wp-content\/uploads\/2023\/01\/Abbado-Bruckner.jpg\" alt=\"\" \/><\/p>\n<div class=\"text-section\">\n<p>In the summer of 2013, Claudio Abbado's last concert at the Lucerne Culture and Convention Center (KKL) left a lasting impression on the public, who felt privileged to experience this legendary conductor's final collaboration with \"his\" Festival Orchestra in the performance of Bruckner's Ninth Symphony. He was renowned for knowing and appreciating each member individually; indeed, at his request, musicians were asked to call him by his first name. In this way, everyone felt personally inspired by the intense, demanding work of \"Claudio\", who, despite his frail health, gave of himself unstintingly. The very choice of this symphony <em>unfinished<\/em> is poignant, as if he were trying to postpone the inevitable death of his beloved chef, who died of cancer a few months later...<\/p>\n<p>The purpose of this article, for once relating to a \"historical\" recording, is to point out to readers of the <em>Musical review<\/em> the recent release by Accentus of this vitally important double CD. The sound quality is faithful to the acoustics of the KKL, and one feels the audience held in deep respect. The two recordings - of the Ninth Symphony in 2013 and of the First the year before, in Abbado's preferred version from Vienna, composed in 1890-91 - will forever remain examples of sobriety, fervor and inner conviction.<\/p>\n<p>The excellent, beautifully illustrated booklet is highly evocative of the event, and Julia Spinola's remarkable text (in three languages), as well as numerous press reviews from the period, underline the unanimity of enthusiasm. What strikes me personally, listening to Abbado towards the end of his life at the helm of Europe's greatest orchestras, is that he lets the music breathe even more freely than before. Bruckner's last symphony, for example, emerges from a telling silence and evolves very gradually, without any banality. Every moment contributes to building the architecture, far from any demonstrative effect. This strength of conviction is omnipresent in the passages <em>cantabile<\/em>infinitely flexible and liquid, in the <em>tutti ff<\/em>or in the famous Brucknerian silences, as if the music were still in the midst of composition...<\/p>\n<p>In the First Symphony, the timpani sound a little buzzing, but the recording remains admirably detailed. In the Ninth, the image is even more spacious - perhaps thanks to the KKL's variable acoustic settings. The suppression of the applause - frenetic, if we look at the photographs in the booklet - is certainly a choice, but it's true that the silence leaves us in Bruckner's dream... Our two CDs would have allowed the inclusion of Schubert's Unfinished, with which Claudio Abbado opened his last concert in Lucerne. But let us instead be grateful for the golden gift that this fine release offers us!<\/p>\n<p><em><img loading=\"lazy\" decoding=\"async\" class=\"aligncenter wp-image-29916 size-medium\" src=\"https:\/\/www.revuemusicale.ch\/wp-content\/uploads\/2020\/05\/Abbado_Bruckner-300x300.jpg\" alt=\"\" width=\"300\" height=\"300\" srcset=\"https:\/\/www.revuemusicale.ch\/wp-content\/uploads\/2020\/05\/Abbado_Bruckner-300x300.jpg 300w, https:\/\/www.revuemusicale.ch\/wp-content\/uploads\/2020\/05\/Abbado_Bruckner-175x175.jpg 175w, https:\/\/www.revuemusicale.ch\/wp-content\/uploads\/2020\/05\/Abbado_Bruckner-350x350.jpg 350w, https:\/\/www.revuemusicale.ch\/wp-content\/uploads\/2020\/05\/Abbado_Bruckner-250x250.jpg 250w, https:\/\/www.revuemusicale.ch\/wp-content\/uploads\/2020\/05\/Abbado_Bruckner-150x150.jpg 150w, https:\/\/www.revuemusicale.ch\/wp-content\/uploads\/2020\/05\/Abbado_Bruckner-100x100.jpg 100w, https:\/\/www.revuemusicale.ch\/wp-content\/uploads\/2020\/05\/Abbado_Bruckner-24x24.jpg 24w, https:\/\/www.revuemusicale.ch\/wp-content\/uploads\/2020\/05\/Abbado_Bruckner-48x48.jpg 48w, https:\/\/www.revuemusicale.ch\/wp-content\/uploads\/2020\/05\/Abbado_Bruckner-96x96.jpg 96w, https:\/\/www.revuemusicale.ch\/wp-content\/uploads\/2020\/05\/Abbado_Bruckner.jpg 500w\" sizes=\"auto, (max-width: 300px) 100vw, 300px\" \/>Anton Bruckner: Symphony I &amp; IX. Recorded live 2012\/13. Lucerne Festival Orchestra, Claudio Abbado. Accentus Music ACC 30489 (2 CDs)<\/em><\/p>\n<\/div>","protected":false},"excerpt":{"rendered":"<p><strong>Recent release of an already historic recording: Claudio Abbado conducts the Lucerne Festival Orchestra in two Bruckner symphonies. <\/strong><\/p>","protected":false},"author":1,"featured_media":22933,"comment_status":"closed","ping_status":"closed","sticky":false,"template":"","format":"standard","meta":{"_acf_changed":false,"_relevanssi_hide_post":"","_relevanssi_hide_content":"","_relevanssi_pin_for_all":"","_relevanssi_pin_keywords":"","_relevanssi_unpin_keywords":"","_relevanssi_related_keywords":"","_relevanssi_related_include_ids":"","_relevanssi_related_exclude_ids":"","_relevanssi_related_no_append":"","_relevanssi_related_not_related":"","_relevanssi_related_posts":"","_relevanssi_noindex_reason":"","pgc_sgb_lightbox_settings":"","footnotes":""},"categories":[1614,1615],"tags":[1855,1854,1856],"class_list":["post-22932","post","type-post","status-publish","format-standard","has-post-thumbnail","hentry","category-critiques","category-disques","tag-anton-bruckner","tag-claudio-abbado","tag-lucerne-festival-orchestra"],"acf":[],"yoast_head":"<!-- This site is optimized with the Yoast SEO plugin v27.3 - https:\/\/yoast.com\/product\/yoast-seo-wordpress\/ -->\n<title>L\u2019Inachev\u00e9e achev\u00e9e\u2026 - Revue Musicale Suisse<\/title>\n<meta name=\"robots\" content=\"index, follow, max-snippet:-1, max-image-preview:large, max-video-preview:-1\" \/>\n<link rel=\"canonical\" href=\"https:\/\/www.revuemusicale.ch\/en\/critiques\/disques\/2020\/05\/linachevee-achevee\/\" \/>\n<meta property=\"og:locale\" content=\"en_US\" \/>\n<meta property=\"og:type\" content=\"article\" \/>\n<meta property=\"og:title\" content=\"L\u2019Inachev\u00e9e achev\u00e9e\u2026 - Revue Musicale Suisse\" \/>\n<meta property=\"og:description\" content=\"R\u00e9cente parution d&#039;un enregistrement d\u00e9j\u00e0 historique : Claudio Abbado au pupitre du Lucerne Festival Orchestra qui interpr\u00e8te deux symphonies de Bruckner.\" \/>\n<meta property=\"og:url\" content=\"https:\/\/www.revuemusicale.ch\/en\/critiques\/disques\/2020\/05\/linachevee-achevee\/\" \/>\n<meta property=\"og:site_name\" content=\"Revue Musicale Suisse\" \/>\n<meta property=\"article:publisher\" content=\"https:\/\/www.facebook.com\/SchweizerMusikzeitung\/\" \/>\n<meta property=\"article:published_time\" content=\"2020-05-25T22:00:00+00:00\" \/>\n<meta property=\"article:modified_time\" content=\"2024-06-28T08:18:20+00:00\" \/>\n<meta property=\"og:image\" content=\"https:\/\/www.revuemusicale.ch\/wp-content\/uploads\/2023\/01\/Abbado-Bruckner.jpg\" \/>\n\t<meta property=\"og:image:width\" content=\"554\" \/>\n\t<meta property=\"og:image:height\" content=\"349\" \/>\n\t<meta property=\"og:image:type\" content=\"image\/jpeg\" \/>\n<meta name=\"author\" content=\"Musikzeitung-Redaktion\" \/>\n<meta name=\"twitter:card\" content=\"summary_large_image\" \/>\n<meta name=\"twitter:creator\" content=\"@smusikzeitung\" \/>\n<meta name=\"twitter:site\" content=\"@smusikzeitung\" \/>\n<meta name=\"twitter:label1\" content=\"Written by\" \/>\n\t<meta name=\"twitter:data1\" content=\"Musikzeitung-Redaktion\" \/>\n\t<meta name=\"twitter:label2\" content=\"Est. reading time\" \/>\n\t<meta name=\"twitter:data2\" content=\"3 minutes\" \/>\n<script type=\"application\/ld+json\" class=\"yoast-schema-graph\">{\"@context\":\"https:\\\/\\\/schema.org\",\"@graph\":[{\"@type\":\"Article\",\"@id\":\"https:\\\/\\\/www.revuemusicale.ch\\\/critiques\\\/disques\\\/2020\\\/05\\\/linachevee-achevee#article\",\"isPartOf\":{\"@id\":\"https:\\\/\\\/www.revuemusicale.ch\\\/critiques\\\/disques\\\/2020\\\/05\\\/linachevee-achevee\"},\"author\":{\"name\":\"Musikzeitung-Redaktion\",\"@id\":\"https:\\\/\\\/www.revuemusicale.ch\\\/#\\\/schema\\\/person\\\/b2fd892c800856270b9dcc6001265712\"},\"headline\":\"L\u2019Inachev\u00e9e achev\u00e9e\u2026\",\"datePublished\":\"2020-05-25T22:00:00+00:00\",\"dateModified\":\"2024-06-28T08:18:20+00:00\",\"mainEntityOfPage\":{\"@id\":\"https:\\\/\\\/www.revuemusicale.ch\\\/critiques\\\/disques\\\/2020\\\/05\\\/linachevee-achevee\"},\"wordCount\":548,\"publisher\":{\"@id\":\"https:\\\/\\\/www.revuemusicale.ch\\\/#organization\"},\"image\":{\"@id\":\"https:\\\/\\\/www.revuemusicale.ch\\\/critiques\\\/disques\\\/2020\\\/05\\\/linachevee-achevee#primaryimage\"},\"thumbnailUrl\":\"https:\\\/\\\/www.revuemusicale.ch\\\/wp-content\\\/uploads\\\/2023\\\/01\\\/Abbado-Bruckner.jpg\",\"keywords\":[\"Anton Bruckner\",\"Claudio Abbado\",\"Lucerne Festival Orchestra\"],\"articleSection\":[\"Critiques\",\"Disques\"],\"inLanguage\":\"en-US\"},{\"@type\":\"WebPage\",\"@id\":\"https:\\\/\\\/www.revuemusicale.ch\\\/critiques\\\/disques\\\/2020\\\/05\\\/linachevee-achevee\",\"url\":\"https:\\\/\\\/www.revuemusicale.ch\\\/critiques\\\/disques\\\/2020\\\/05\\\/linachevee-achevee\",\"name\":\"L\u2019Inachev\u00e9e achev\u00e9e\u2026 - Revue Musicale Suisse\",\"isPartOf\":{\"@id\":\"https:\\\/\\\/www.revuemusicale.ch\\\/#website\"},\"primaryImageOfPage\":{\"@id\":\"https:\\\/\\\/www.revuemusicale.ch\\\/critiques\\\/disques\\\/2020\\\/05\\\/linachevee-achevee#primaryimage\"},\"image\":{\"@id\":\"https:\\\/\\\/www.revuemusicale.ch\\\/critiques\\\/disques\\\/2020\\\/05\\\/linachevee-achevee#primaryimage\"},\"thumbnailUrl\":\"https:\\\/\\\/www.revuemusicale.ch\\\/wp-content\\\/uploads\\\/2023\\\/01\\\/Abbado-Bruckner.jpg\",\"datePublished\":\"2020-05-25T22:00:00+00:00\",\"dateModified\":\"2024-06-28T08:18:20+00:00\",\"breadcrumb\":{\"@id\":\"https:\\\/\\\/www.revuemusicale.ch\\\/critiques\\\/disques\\\/2020\\\/05\\\/linachevee-achevee#breadcrumb\"},\"inLanguage\":\"en-US\",\"potentialAction\":[{\"@type\":\"ReadAction\",\"target\":[\"https:\\\/\\\/www.revuemusicale.ch\\\/critiques\\\/disques\\\/2020\\\/05\\\/linachevee-achevee\"]}]},{\"@type\":\"ImageObject\",\"inLanguage\":\"en-US\",\"@id\":\"https:\\\/\\\/www.revuemusicale.ch\\\/critiques\\\/disques\\\/2020\\\/05\\\/linachevee-achevee#primaryimage\",\"url\":\"https:\\\/\\\/www.revuemusicale.ch\\\/wp-content\\\/uploads\\\/2023\\\/01\\\/Abbado-Bruckner.jpg\",\"contentUrl\":\"https:\\\/\\\/www.revuemusicale.ch\\\/wp-content\\\/uploads\\\/2023\\\/01\\\/Abbado-Bruckner.jpg\",\"width\":554,\"height\":349},{\"@type\":\"BreadcrumbList\",\"@id\":\"https:\\\/\\\/www.revuemusicale.ch\\\/critiques\\\/disques\\\/2020\\\/05\\\/linachevee-achevee#breadcrumb\",\"itemListElement\":[{\"@type\":\"ListItem\",\"position\":1,\"name\":\"Home\",\"item\":\"https:\\\/\\\/www.revuemusicale.ch\\\/\"},{\"@type\":\"ListItem\",\"position\":2,\"name\":\"L\u2019Inachev\u00e9e achev\u00e9e\u2026\"}]},{\"@type\":\"WebSite\",\"@id\":\"https:\\\/\\\/www.revuemusicale.ch\\\/#website\",\"url\":\"https:\\\/\\\/www.revuemusicale.ch\\\/\",\"name\":\"Revue Musicale Suisse\",\"description\":\"\",\"publisher\":{\"@id\":\"https:\\\/\\\/www.revuemusicale.ch\\\/#organization\"},\"potentialAction\":[{\"@type\":\"SearchAction\",\"target\":{\"@type\":\"EntryPoint\",\"urlTemplate\":\"https:\\\/\\\/www.revuemusicale.ch\\\/?s={search_term_string}\"},\"query-input\":{\"@type\":\"PropertyValueSpecification\",\"valueRequired\":true,\"valueName\":\"search_term_string\"}}],\"inLanguage\":\"en-US\"},{\"@type\":\"Organization\",\"@id\":\"https:\\\/\\\/www.revuemusicale.ch\\\/#organization\",\"name\":\"Revue Musicale Suisse\",\"url\":\"https:\\\/\\\/www.revuemusicale.ch\\\/\",\"logo\":{\"@type\":\"ImageObject\",\"inLanguage\":\"en-US\",\"@id\":\"https:\\\/\\\/www.revuemusicale.ch\\\/#\\\/schema\\\/logo\\\/image\\\/\",\"url\":\"https:\\\/\\\/www.revuemusicale.ch\\\/wp-content\\\/uploads\\\/2023\\\/01\\\/logo_revuemusicale_musikzeitung.jpg\",\"contentUrl\":\"https:\\\/\\\/www.revuemusicale.ch\\\/wp-content\\\/uploads\\\/2023\\\/01\\\/logo_revuemusicale_musikzeitung.jpg\",\"width\":1200,\"height\":243,\"caption\":\"Revue Musicale Suisse\"},\"image\":{\"@id\":\"https:\\\/\\\/www.revuemusicale.ch\\\/#\\\/schema\\\/logo\\\/image\\\/\"},\"sameAs\":[\"https:\\\/\\\/www.facebook.com\\\/SchweizerMusikzeitung\\\/\",\"https:\\\/\\\/x.com\\\/smusikzeitung\",\"https:\\\/\\\/www.instagram.com\\\/musikzeitung.ch\\\/?hl=de\"]},{\"@type\":\"Person\",\"@id\":\"https:\\\/\\\/www.revuemusicale.ch\\\/#\\\/schema\\\/person\\\/b2fd892c800856270b9dcc6001265712\",\"name\":\"Musikzeitung-Redaktion\",\"image\":{\"@type\":\"ImageObject\",\"inLanguage\":\"en-US\",\"@id\":\"https:\\\/\\\/secure.gravatar.com\\\/avatar\\\/0c7e6a405862e402eb76a70f8a26fc732d07c32931e9fae9ab1582911d2e8a3b?s=96&d=mm&r=g\",\"url\":\"https:\\\/\\\/secure.gravatar.com\\\/avatar\\\/0c7e6a405862e402eb76a70f8a26fc732d07c32931e9fae9ab1582911d2e8a3b?s=96&d=mm&r=g\",\"contentUrl\":\"https:\\\/\\\/secure.gravatar.com\\\/avatar\\\/0c7e6a405862e402eb76a70f8a26fc732d07c32931e9fae9ab1582911d2e8a3b?s=96&d=mm&r=g\",\"caption\":\"Musikzeitung-Redaktion\"},\"sameAs\":[\"http:\\\/\\\/wundo-docker.io\"],\"url\":\"https:\\\/\\\/www.revuemusicale.ch\\\/en\\\/author\\\/admin\"}]}<\/script>\n<!-- \/ Yoast SEO plugin. -->","yoast_head_json":{"title":"L\u2019Inachev\u00e9e achev\u00e9e\u2026 - Revue Musicale Suisse","robots":{"index":"index","follow":"follow","max-snippet":"max-snippet:-1","max-image-preview":"max-image-preview:large","max-video-preview":"max-video-preview:-1"},"canonical":"https:\/\/www.revuemusicale.ch\/en\/critiques\/disques\/2020\/05\/linachevee-achevee\/","og_locale":"en_US","og_type":"article","og_title":"L\u2019Inachev\u00e9e achev\u00e9e\u2026 - Revue Musicale Suisse","og_description":"R\u00e9cente parution d'un enregistrement d\u00e9j\u00e0 historique : Claudio Abbado au pupitre du Lucerne Festival Orchestra qui interpr\u00e8te deux symphonies de Bruckner.","og_url":"https:\/\/www.revuemusicale.ch\/en\/critiques\/disques\/2020\/05\/linachevee-achevee\/","og_site_name":"Revue Musicale Suisse","article_publisher":"https:\/\/www.facebook.com\/SchweizerMusikzeitung\/","article_published_time":"2020-05-25T22:00:00+00:00","article_modified_time":"2024-06-28T08:18:20+00:00","og_image":[{"width":554,"height":349,"url":"https:\/\/www.revuemusicale.ch\/wp-content\/uploads\/2023\/01\/Abbado-Bruckner.jpg","type":"image\/jpeg"}],"author":"Musikzeitung-Redaktion","twitter_card":"summary_large_image","twitter_creator":"@smusikzeitung","twitter_site":"@smusikzeitung","twitter_misc":{"Written by":"Musikzeitung-Redaktion","Est. reading time":"3 minutes"},"schema":{"@context":"https:\/\/schema.org","@graph":[{"@type":"Article","@id":"https:\/\/www.revuemusicale.ch\/critiques\/disques\/2020\/05\/linachevee-achevee#article","isPartOf":{"@id":"https:\/\/www.revuemusicale.ch\/critiques\/disques\/2020\/05\/linachevee-achevee"},"author":{"name":"Musikzeitung-Redaktion","@id":"https:\/\/www.revuemusicale.ch\/#\/schema\/person\/b2fd892c800856270b9dcc6001265712"},"headline":"L\u2019Inachev\u00e9e achev\u00e9e\u2026","datePublished":"2020-05-25T22:00:00+00:00","dateModified":"2024-06-28T08:18:20+00:00","mainEntityOfPage":{"@id":"https:\/\/www.revuemusicale.ch\/critiques\/disques\/2020\/05\/linachevee-achevee"},"wordCount":548,"publisher":{"@id":"https:\/\/www.revuemusicale.ch\/#organization"},"image":{"@id":"https:\/\/www.revuemusicale.ch\/critiques\/disques\/2020\/05\/linachevee-achevee#primaryimage"},"thumbnailUrl":"https:\/\/www.revuemusicale.ch\/wp-content\/uploads\/2023\/01\/Abbado-Bruckner.jpg","keywords":["Anton Bruckner","Claudio Abbado","Lucerne Festival Orchestra"],"articleSection":["Critiques","Disques"],"inLanguage":"en-US"},{"@type":"WebPage","@id":"https:\/\/www.revuemusicale.ch\/critiques\/disques\/2020\/05\/linachevee-achevee","url":"https:\/\/www.revuemusicale.ch\/critiques\/disques\/2020\/05\/linachevee-achevee","name":"L\u2019Inachev\u00e9e achev\u00e9e\u2026 - Revue Musicale Suisse","isPartOf":{"@id":"https:\/\/www.revuemusicale.ch\/#website"},"primaryImageOfPage":{"@id":"https:\/\/www.revuemusicale.ch\/critiques\/disques\/2020\/05\/linachevee-achevee#primaryimage"},"image":{"@id":"https:\/\/www.revuemusicale.ch\/critiques\/disques\/2020\/05\/linachevee-achevee#primaryimage"},"thumbnailUrl":"https:\/\/www.revuemusicale.ch\/wp-content\/uploads\/2023\/01\/Abbado-Bruckner.jpg","datePublished":"2020-05-25T22:00:00+00:00","dateModified":"2024-06-28T08:18:20+00:00","breadcrumb":{"@id":"https:\/\/www.revuemusicale.ch\/critiques\/disques\/2020\/05\/linachevee-achevee#breadcrumb"},"inLanguage":"en-US","potentialAction":[{"@type":"ReadAction","target":["https:\/\/www.revuemusicale.ch\/critiques\/disques\/2020\/05\/linachevee-achevee"]}]},{"@type":"ImageObject","inLanguage":"en-US","@id":"https:\/\/www.revuemusicale.ch\/critiques\/disques\/2020\/05\/linachevee-achevee#primaryimage","url":"https:\/\/www.revuemusicale.ch\/wp-content\/uploads\/2023\/01\/Abbado-Bruckner.jpg","contentUrl":"https:\/\/www.revuemusicale.ch\/wp-content\/uploads\/2023\/01\/Abbado-Bruckner.jpg","width":554,"height":349},{"@type":"BreadcrumbList","@id":"https:\/\/www.revuemusicale.ch\/critiques\/disques\/2020\/05\/linachevee-achevee#breadcrumb","itemListElement":[{"@type":"ListItem","position":1,"name":"Home","item":"https:\/\/www.revuemusicale.ch\/"},{"@type":"ListItem","position":2,"name":"L\u2019Inachev\u00e9e achev\u00e9e\u2026"}]},{"@type":"WebSite","@id":"https:\/\/www.revuemusicale.ch\/#website","url":"https:\/\/www.revuemusicale.ch\/","name":"Swiss Music Review","description":"","publisher":{"@id":"https:\/\/www.revuemusicale.ch\/#organization"},"potentialAction":[{"@type":"SearchAction","target":{"@type":"EntryPoint","urlTemplate":"https:\/\/www.revuemusicale.ch\/?s={search_term_string}"},"query-input":{"@type":"PropertyValueSpecification","valueRequired":true,"valueName":"search_term_string"}}],"inLanguage":"en-US"},{"@type":"Organization","@id":"https:\/\/www.revuemusicale.ch\/#organization","name":"Swiss Music Review","url":"https:\/\/www.revuemusicale.ch\/","logo":{"@type":"ImageObject","inLanguage":"en-US","@id":"https:\/\/www.revuemusicale.ch\/#\/schema\/logo\/image\/","url":"https:\/\/www.revuemusicale.ch\/wp-content\/uploads\/2023\/01\/logo_revuemusicale_musikzeitung.jpg","contentUrl":"https:\/\/www.revuemusicale.ch\/wp-content\/uploads\/2023\/01\/logo_revuemusicale_musikzeitung.jpg","width":1200,"height":243,"caption":"Revue Musicale Suisse"},"image":{"@id":"https:\/\/www.revuemusicale.ch\/#\/schema\/logo\/image\/"},"sameAs":["https:\/\/www.facebook.com\/SchweizerMusikzeitung\/","https:\/\/x.com\/smusikzeitung","https:\/\/www.instagram.com\/musikzeitung.ch\/?hl=de"]},{"@type":"Person","@id":"https:\/\/www.revuemusicale.ch\/#\/schema\/person\/b2fd892c800856270b9dcc6001265712","name":"Musikzeitung-Redaktion","image":{"@type":"ImageObject","inLanguage":"en-US","@id":"https:\/\/secure.gravatar.com\/avatar\/0c7e6a405862e402eb76a70f8a26fc732d07c32931e9fae9ab1582911d2e8a3b?s=96&d=mm&r=g","url":"https:\/\/secure.gravatar.com\/avatar\/0c7e6a405862e402eb76a70f8a26fc732d07c32931e9fae9ab1582911d2e8a3b?s=96&d=mm&r=g","contentUrl":"https:\/\/secure.gravatar.com\/avatar\/0c7e6a405862e402eb76a70f8a26fc732d07c32931e9fae9ab1582911d2e8a3b?s=96&d=mm&r=g","caption":"Musikzeitung-Redaktion"},"sameAs":["http:\/\/wundo-docker.io"],"url":"https:\/\/www.revuemusicale.ch\/en\/author\/admin"}]}},"publishpress_future_action":{"enabled":false,"date":"1970-01-01 01:00:00","action":"change-status","newStatus":"draft","terms":[],"taxonomy":"category","extraData":[]},"publishpress_future_workflow_manual_trigger":{"enabledWorkflows":[]},"_links":{"self":[{"href":"https:\/\/www.revuemusicale.ch\/en\/wp-json\/wp\/v2\/posts\/22932","targetHints":{"allow":["GET"]}}],"collection":[{"href":"https:\/\/www.revuemusicale.ch\/en\/wp-json\/wp\/v2\/posts"}],"about":[{"href":"https:\/\/www.revuemusicale.ch\/en\/wp-json\/wp\/v2\/types\/post"}],"author":[{"embeddable":true,"href":"https:\/\/www.revuemusicale.ch\/en\/wp-json\/wp\/v2\/users\/1"}],"replies":[{"embeddable":true,"href":"https:\/\/www.revuemusicale.ch\/en\/wp-json\/wp\/v2\/comments?post=22932"}],"version-history":[{"count":4,"href":"https:\/\/www.revuemusicale.ch\/en\/wp-json\/wp\/v2\/posts\/22932\/revisions"}],"predecessor-version":[{"id":29917,"href":"https:\/\/www.revuemusicale.ch\/en\/wp-json\/wp\/v2\/posts\/22932\/revisions\/29917"}],"wp:featuredmedia":[{"embeddable":true,"href":"https:\/\/www.revuemusicale.ch\/en\/wp-json\/wp\/v2\/media\/22933"}],"wp:attachment":[{"href":"https:\/\/www.revuemusicale.ch\/en\/wp-json\/wp\/v2\/media?parent=22932"}],"wp:term":[{"taxonomy":"category","embeddable":true,"href":"https:\/\/www.revuemusicale.ch\/en\/wp-json\/wp\/v2\/categories?post=22932"},{"taxonomy":"post_tag","embeddable":true,"href":"https:\/\/www.revuemusicale.ch\/en\/wp-json\/wp\/v2\/tags?post=22932"}],"curies":[{"name":"wp","href":"https:\/\/api.w.org\/{rel}","templated":true}]}}