{"id":22963,"date":"2013-03-06T00:00:00","date_gmt":"2013-03-05T23:00:00","guid":{"rendered":"https:\/\/www.revuemusicale.ch\/blog\/2013\/03\/06\/redecouverte-dune-pratique-musicale\/"},"modified":"2024-08-15T16:38:05","modified_gmt":"2024-08-15T14:38:05","slug":"redecouverte-dune-pratique-musicale","status":"publish","type":"post","link":"https:\/\/www.revuemusicale.ch\/en\/critiques\/livres-et-partitions\/2013\/03\/redecouverte-dune-pratique-musicale","title":{"rendered":"Rediscovering musical practice"},"content":{"rendered":"<div class=\"text-section\">\n<figure id=\"attachment_30671\" aria-describedby=\"caption-attachment-30671\" style=\"width: 1000px\" class=\"wp-caption alignleft\"><img loading=\"lazy\" decoding=\"async\" class=\"wp-image-30671 size-full\" src=\"https:\/\/www.revuemusicale.ch\/wp-content\/uploads\/2013\/03\/Chanter-su-le-livre.jpg\" alt=\"\" width=\"1000\" height=\"667\" srcset=\"https:\/\/www.revuemusicale.ch\/wp-content\/uploads\/2013\/03\/Chanter-su-le-livre.jpg 1000w, https:\/\/www.revuemusicale.ch\/wp-content\/uploads\/2013\/03\/Chanter-su-le-livre-300x200.jpg 300w, https:\/\/www.revuemusicale.ch\/wp-content\/uploads\/2013\/03\/Chanter-su-le-livre-600x400.jpg 600w, https:\/\/www.revuemusicale.ch\/wp-content\/uploads\/2013\/03\/Chanter-su-le-livre-768x512.jpg 768w, https:\/\/www.revuemusicale.ch\/wp-content\/uploads\/2013\/03\/Chanter-su-le-livre-18x12.jpg 18w, https:\/\/www.revuemusicale.ch\/wp-content\/uploads\/2013\/03\/Chanter-su-le-livre-262x175.jpg 262w, https:\/\/www.revuemusicale.ch\/wp-content\/uploads\/2013\/03\/Chanter-su-le-livre-525x350.jpg 525w, https:\/\/www.revuemusicale.ch\/wp-content\/uploads\/2013\/03\/Chanter-su-le-livre-920x614.jpg 920w\" sizes=\"auto, (max-width: 1000px) 100vw, 1000px\" \/><figcaption id=\"caption-attachment-30671\" class=\"wp-caption-text\">Photo: godongphoto\/depositphotos.com<\/figcaption><\/figure>\n<p>For a thousand years, from the beginnings of polyphony to the early 19th century, church musicians adorned liturgical chant with one or more improvised voices, known in France as \"chanter sur le livre\". Revived in recent years, this improvisation technique brings counterpoint, often seen as a dry exercise disconnected from musical reality, back to life. In this practical manual of Renaissance polyphonic improvisation, Barnab\u00e9 Janin pedagogically proposes a progressive approach to new constraints, either alone or - even better - with other musicians, accumulating experience and learning from mistakes. The aim here is not to invent something unheard-of, but to use the musical materials of the time to arrange and combine them in simple counterpoints (one improvised note per cantus firmus note) or \"flourishes\" (several improvised notes). In this way, learning counterpoint, which Sch\u00fctz likened to biting into a hard nut, can be assimilated as if by having fun, either singing or playing on any ancient or modern instrument, inventing canons, gymels or faux-bourdons, from simple two-voice counterpoint to double-canon or four-voice flourishes on a cantus firmus. The book also includes a solid corpus of canti firmi from plainsong, Protestant psalms and medieval and Renaissance chansonniers, as well as a brief overview of some theoretical elements and a preface by Jean-Yves Haymoz, a pioneer in the rediscovery of this musical practice that still holds many surprises in store for us. Please note that the <a href=\"http:\/\/www.contrapunctus.org\">www.contrapunctus.org<\/a> will provide up-to-date information on this subject.<\/p>\n<div class=\"text-section\">\n<dl class=\"picture media photo\">\n<dt><img decoding=\"async\" class=\"media photo aligncenter\" src=\"https:\/\/www.revuemusicale.ch\/wp-content\/uploads\/2023\/01\/REZ_res_klassik_b_ChanterRand.jpg\" alt=\"Image \" \/><\/dt>\n<\/dl>\n<\/div>\n<p><em>Barnab\u00e9 Janin, Chanter sur le livre - Manuel pratique d'improvisation polyphonique de la Renaissance (15\u00e8me et 16\u00e8me si\u00e8cles), 192 p., \u20ac 25.00, Editions Dominique Gu\u00e9niot, Langres, 2012<\/em><\/p>\n<\/div>","protected":false},"excerpt":{"rendered":"<p><strong>With this polyphonic improvisation handbook, learning contepoint isn't hard work.<\/strong><\/p>","protected":false},"author":1,"featured_media":30671,"comment_status":"closed","ping_status":"closed","sticky":false,"template":"","format":"standard","meta":{"_acf_changed":false,"_relevanssi_hide_post":"","_relevanssi_hide_content":"","_relevanssi_pin_for_all":"","_relevanssi_pin_keywords":"","_relevanssi_unpin_keywords":"","_relevanssi_related_keywords":"","_relevanssi_related_include_ids":"","_relevanssi_related_exclude_ids":"","_relevanssi_related_no_append":"","_relevanssi_related_not_related":"","_relevanssi_related_posts":"","_relevanssi_noindex_reason":"","pgc_sgb_lightbox_settings":"","footnotes":""},"categories":[1614,1616],"tags":[],"class_list":["post-22963","post","type-post","status-publish","format-standard","has-post-thumbnail","hentry","category-critiques","category-livres-et-partitions"],"acf":[],"yoast_head":"<!-- This site is optimized with the Yoast SEO plugin v27.3 - https:\/\/yoast.com\/product\/yoast-seo-wordpress\/ -->\n<title>Red\u00e9couverte d&#039;une pratique musicale - Revue Musicale Suisse<\/title>\n<meta name=\"robots\" content=\"index, follow, max-snippet:-1, max-image-preview:large, max-video-preview:-1\" \/>\n<link rel=\"canonical\" href=\"https:\/\/www.revuemusicale.ch\/en\/critiques\/livres-et-partitions\/2013\/03\/redecouverte-dune-pratique-musicale\/\" \/>\n<meta property=\"og:locale\" content=\"en_US\" \/>\n<meta property=\"og:type\" content=\"article\" \/>\n<meta property=\"og:title\" content=\"Red\u00e9couverte d&#039;une pratique musicale - Revue Musicale Suisse\" \/>\n<meta property=\"og:description\" content=\"Avec ce manuel d&#039;improvisation polyphonique, l&#039;apprentissage du contepoint n&#039;est pas dur \u00e0 croquer.\" \/>\n<meta property=\"og:url\" content=\"https:\/\/www.revuemusicale.ch\/en\/critiques\/livres-et-partitions\/2013\/03\/redecouverte-dune-pratique-musicale\/\" \/>\n<meta property=\"og:site_name\" content=\"Revue Musicale Suisse\" \/>\n<meta property=\"article:publisher\" content=\"https:\/\/www.facebook.com\/SchweizerMusikzeitung\/\" \/>\n<meta property=\"article:published_time\" content=\"2013-03-05T23:00:00+00:00\" \/>\n<meta property=\"article:modified_time\" content=\"2024-08-15T14:38:05+00:00\" \/>\n<meta property=\"og:image\" content=\"https:\/\/www.revuemusicale.ch\/wp-content\/uploads\/2013\/03\/Chanter-su-le-livre.jpg\" \/>\n\t<meta property=\"og:image:width\" content=\"1000\" \/>\n\t<meta property=\"og:image:height\" content=\"667\" \/>\n\t<meta property=\"og:image:type\" content=\"image\/jpeg\" \/>\n<meta name=\"author\" content=\"Musikzeitung-Redaktion\" \/>\n<meta name=\"twitter:card\" content=\"summary_large_image\" \/>\n<meta name=\"twitter:creator\" content=\"@smusikzeitung\" \/>\n<meta name=\"twitter:site\" content=\"@smusikzeitung\" \/>\n<meta name=\"twitter:label1\" content=\"Written by\" \/>\n\t<meta name=\"twitter:data1\" content=\"Musikzeitung-Redaktion\" \/>\n\t<meta name=\"twitter:label2\" content=\"Est. reading time\" \/>\n\t<meta name=\"twitter:data2\" content=\"2 minutes\" \/>\n<script type=\"application\/ld+json\" class=\"yoast-schema-graph\">{\"@context\":\"https:\\\/\\\/schema.org\",\"@graph\":[{\"@type\":\"Article\",\"@id\":\"https:\\\/\\\/www.revuemusicale.ch\\\/critiques\\\/livres-et-partitions\\\/2013\\\/03\\\/redecouverte-dune-pratique-musicale#article\",\"isPartOf\":{\"@id\":\"https:\\\/\\\/www.revuemusicale.ch\\\/critiques\\\/livres-et-partitions\\\/2013\\\/03\\\/redecouverte-dune-pratique-musicale\"},\"author\":{\"name\":\"Musikzeitung-Redaktion\",\"@id\":\"https:\\\/\\\/www.revuemusicale.ch\\\/#\\\/schema\\\/person\\\/b2fd892c800856270b9dcc6001265712\"},\"headline\":\"Red\u00e9couverte d&rsquo;une pratique musicale\",\"datePublished\":\"2013-03-05T23:00:00+00:00\",\"dateModified\":\"2024-08-15T14:38:05+00:00\",\"mainEntityOfPage\":{\"@id\":\"https:\\\/\\\/www.revuemusicale.ch\\\/critiques\\\/livres-et-partitions\\\/2013\\\/03\\\/redecouverte-dune-pratique-musicale\"},\"wordCount\":352,\"publisher\":{\"@id\":\"https:\\\/\\\/www.revuemusicale.ch\\\/#organization\"},\"image\":{\"@id\":\"https:\\\/\\\/www.revuemusicale.ch\\\/critiques\\\/livres-et-partitions\\\/2013\\\/03\\\/redecouverte-dune-pratique-musicale#primaryimage\"},\"thumbnailUrl\":\"https:\\\/\\\/www.revuemusicale.ch\\\/wp-content\\\/uploads\\\/2013\\\/03\\\/Chanter-su-le-livre.jpg\",\"articleSection\":[\"Critiques\",\"Livres et partitions\"],\"inLanguage\":\"en-US\"},{\"@type\":\"WebPage\",\"@id\":\"https:\\\/\\\/www.revuemusicale.ch\\\/critiques\\\/livres-et-partitions\\\/2013\\\/03\\\/redecouverte-dune-pratique-musicale\",\"url\":\"https:\\\/\\\/www.revuemusicale.ch\\\/critiques\\\/livres-et-partitions\\\/2013\\\/03\\\/redecouverte-dune-pratique-musicale\",\"name\":\"Red\u00e9couverte d'une pratique musicale - Revue Musicale Suisse\",\"isPartOf\":{\"@id\":\"https:\\\/\\\/www.revuemusicale.ch\\\/#website\"},\"primaryImageOfPage\":{\"@id\":\"https:\\\/\\\/www.revuemusicale.ch\\\/critiques\\\/livres-et-partitions\\\/2013\\\/03\\\/redecouverte-dune-pratique-musicale#primaryimage\"},\"image\":{\"@id\":\"https:\\\/\\\/www.revuemusicale.ch\\\/critiques\\\/livres-et-partitions\\\/2013\\\/03\\\/redecouverte-dune-pratique-musicale#primaryimage\"},\"thumbnailUrl\":\"https:\\\/\\\/www.revuemusicale.ch\\\/wp-content\\\/uploads\\\/2013\\\/03\\\/Chanter-su-le-livre.jpg\",\"datePublished\":\"2013-03-05T23:00:00+00:00\",\"dateModified\":\"2024-08-15T14:38:05+00:00\",\"breadcrumb\":{\"@id\":\"https:\\\/\\\/www.revuemusicale.ch\\\/critiques\\\/livres-et-partitions\\\/2013\\\/03\\\/redecouverte-dune-pratique-musicale#breadcrumb\"},\"inLanguage\":\"en-US\",\"potentialAction\":[{\"@type\":\"ReadAction\",\"target\":[\"https:\\\/\\\/www.revuemusicale.ch\\\/critiques\\\/livres-et-partitions\\\/2013\\\/03\\\/redecouverte-dune-pratique-musicale\"]}]},{\"@type\":\"ImageObject\",\"inLanguage\":\"en-US\",\"@id\":\"https:\\\/\\\/www.revuemusicale.ch\\\/critiques\\\/livres-et-partitions\\\/2013\\\/03\\\/redecouverte-dune-pratique-musicale#primaryimage\",\"url\":\"https:\\\/\\\/www.revuemusicale.ch\\\/wp-content\\\/uploads\\\/2013\\\/03\\\/Chanter-su-le-livre.jpg\",\"contentUrl\":\"https:\\\/\\\/www.revuemusicale.ch\\\/wp-content\\\/uploads\\\/2013\\\/03\\\/Chanter-su-le-livre.jpg\",\"width\":1000,\"height\":667,\"caption\":\"Catholic mass. Women with missel. Quy Nhon. Vietnam.\"},{\"@type\":\"BreadcrumbList\",\"@id\":\"https:\\\/\\\/www.revuemusicale.ch\\\/critiques\\\/livres-et-partitions\\\/2013\\\/03\\\/redecouverte-dune-pratique-musicale#breadcrumb\",\"itemListElement\":[{\"@type\":\"ListItem\",\"position\":1,\"name\":\"Home\",\"item\":\"https:\\\/\\\/www.revuemusicale.ch\\\/\"},{\"@type\":\"ListItem\",\"position\":2,\"name\":\"Red\u00e9couverte d&rsquo;une pratique musicale\"}]},{\"@type\":\"WebSite\",\"@id\":\"https:\\\/\\\/www.revuemusicale.ch\\\/#website\",\"url\":\"https:\\\/\\\/www.revuemusicale.ch\\\/\",\"name\":\"Revue Musicale Suisse\",\"description\":\"\",\"publisher\":{\"@id\":\"https:\\\/\\\/www.revuemusicale.ch\\\/#organization\"},\"potentialAction\":[{\"@type\":\"SearchAction\",\"target\":{\"@type\":\"EntryPoint\",\"urlTemplate\":\"https:\\\/\\\/www.revuemusicale.ch\\\/?s={search_term_string}\"},\"query-input\":{\"@type\":\"PropertyValueSpecification\",\"valueRequired\":true,\"valueName\":\"search_term_string\"}}],\"inLanguage\":\"en-US\"},{\"@type\":\"Organization\",\"@id\":\"https:\\\/\\\/www.revuemusicale.ch\\\/#organization\",\"name\":\"Revue Musicale Suisse\",\"url\":\"https:\\\/\\\/www.revuemusicale.ch\\\/\",\"logo\":{\"@type\":\"ImageObject\",\"inLanguage\":\"en-US\",\"@id\":\"https:\\\/\\\/www.revuemusicale.ch\\\/#\\\/schema\\\/logo\\\/image\\\/\",\"url\":\"https:\\\/\\\/www.revuemusicale.ch\\\/wp-content\\\/uploads\\\/2023\\\/01\\\/logo_revuemusicale_musikzeitung.jpg\",\"contentUrl\":\"https:\\\/\\\/www.revuemusicale.ch\\\/wp-content\\\/uploads\\\/2023\\\/01\\\/logo_revuemusicale_musikzeitung.jpg\",\"width\":1200,\"height\":243,\"caption\":\"Revue Musicale Suisse\"},\"image\":{\"@id\":\"https:\\\/\\\/www.revuemusicale.ch\\\/#\\\/schema\\\/logo\\\/image\\\/\"},\"sameAs\":[\"https:\\\/\\\/www.facebook.com\\\/SchweizerMusikzeitung\\\/\",\"https:\\\/\\\/x.com\\\/smusikzeitung\",\"https:\\\/\\\/www.instagram.com\\\/musikzeitung.ch\\\/?hl=de\"]},{\"@type\":\"Person\",\"@id\":\"https:\\\/\\\/www.revuemusicale.ch\\\/#\\\/schema\\\/person\\\/b2fd892c800856270b9dcc6001265712\",\"name\":\"Musikzeitung-Redaktion\",\"image\":{\"@type\":\"ImageObject\",\"inLanguage\":\"en-US\",\"@id\":\"https:\\\/\\\/secure.gravatar.com\\\/avatar\\\/0c7e6a405862e402eb76a70f8a26fc732d07c32931e9fae9ab1582911d2e8a3b?s=96&d=mm&r=g\",\"url\":\"https:\\\/\\\/secure.gravatar.com\\\/avatar\\\/0c7e6a405862e402eb76a70f8a26fc732d07c32931e9fae9ab1582911d2e8a3b?s=96&d=mm&r=g\",\"contentUrl\":\"https:\\\/\\\/secure.gravatar.com\\\/avatar\\\/0c7e6a405862e402eb76a70f8a26fc732d07c32931e9fae9ab1582911d2e8a3b?s=96&d=mm&r=g\",\"caption\":\"Musikzeitung-Redaktion\"},\"sameAs\":[\"http:\\\/\\\/wundo-docker.io\"],\"url\":\"https:\\\/\\\/www.revuemusicale.ch\\\/en\\\/author\\\/admin\"}]}<\/script>\n<!-- \/ Yoast SEO plugin. -->","yoast_head_json":{"title":"Red\u00e9couverte d'une pratique musicale - Revue Musicale Suisse","robots":{"index":"index","follow":"follow","max-snippet":"max-snippet:-1","max-image-preview":"max-image-preview:large","max-video-preview":"max-video-preview:-1"},"canonical":"https:\/\/www.revuemusicale.ch\/en\/critiques\/livres-et-partitions\/2013\/03\/redecouverte-dune-pratique-musicale\/","og_locale":"en_US","og_type":"article","og_title":"Red\u00e9couverte d'une pratique musicale - Revue Musicale Suisse","og_description":"Avec ce manuel d'improvisation polyphonique, l'apprentissage du contepoint n'est pas dur \u00e0 croquer.","og_url":"https:\/\/www.revuemusicale.ch\/en\/critiques\/livres-et-partitions\/2013\/03\/redecouverte-dune-pratique-musicale\/","og_site_name":"Revue Musicale Suisse","article_publisher":"https:\/\/www.facebook.com\/SchweizerMusikzeitung\/","article_published_time":"2013-03-05T23:00:00+00:00","article_modified_time":"2024-08-15T14:38:05+00:00","og_image":[{"width":1000,"height":667,"url":"https:\/\/www.revuemusicale.ch\/wp-content\/uploads\/2013\/03\/Chanter-su-le-livre.jpg","type":"image\/jpeg"}],"author":"Musikzeitung-Redaktion","twitter_card":"summary_large_image","twitter_creator":"@smusikzeitung","twitter_site":"@smusikzeitung","twitter_misc":{"Written by":"Musikzeitung-Redaktion","Est. reading time":"2 minutes"},"schema":{"@context":"https:\/\/schema.org","@graph":[{"@type":"Article","@id":"https:\/\/www.revuemusicale.ch\/critiques\/livres-et-partitions\/2013\/03\/redecouverte-dune-pratique-musicale#article","isPartOf":{"@id":"https:\/\/www.revuemusicale.ch\/critiques\/livres-et-partitions\/2013\/03\/redecouverte-dune-pratique-musicale"},"author":{"name":"Musikzeitung-Redaktion","@id":"https:\/\/www.revuemusicale.ch\/#\/schema\/person\/b2fd892c800856270b9dcc6001265712"},"headline":"Red\u00e9couverte d&rsquo;une pratique musicale","datePublished":"2013-03-05T23:00:00+00:00","dateModified":"2024-08-15T14:38:05+00:00","mainEntityOfPage":{"@id":"https:\/\/www.revuemusicale.ch\/critiques\/livres-et-partitions\/2013\/03\/redecouverte-dune-pratique-musicale"},"wordCount":352,"publisher":{"@id":"https:\/\/www.revuemusicale.ch\/#organization"},"image":{"@id":"https:\/\/www.revuemusicale.ch\/critiques\/livres-et-partitions\/2013\/03\/redecouverte-dune-pratique-musicale#primaryimage"},"thumbnailUrl":"https:\/\/www.revuemusicale.ch\/wp-content\/uploads\/2013\/03\/Chanter-su-le-livre.jpg","articleSection":["Critiques","Livres et partitions"],"inLanguage":"en-US"},{"@type":"WebPage","@id":"https:\/\/www.revuemusicale.ch\/critiques\/livres-et-partitions\/2013\/03\/redecouverte-dune-pratique-musicale","url":"https:\/\/www.revuemusicale.ch\/critiques\/livres-et-partitions\/2013\/03\/redecouverte-dune-pratique-musicale","name":"Red\u00e9couverte d'une pratique musicale - Revue Musicale Suisse","isPartOf":{"@id":"https:\/\/www.revuemusicale.ch\/#website"},"primaryImageOfPage":{"@id":"https:\/\/www.revuemusicale.ch\/critiques\/livres-et-partitions\/2013\/03\/redecouverte-dune-pratique-musicale#primaryimage"},"image":{"@id":"https:\/\/www.revuemusicale.ch\/critiques\/livres-et-partitions\/2013\/03\/redecouverte-dune-pratique-musicale#primaryimage"},"thumbnailUrl":"https:\/\/www.revuemusicale.ch\/wp-content\/uploads\/2013\/03\/Chanter-su-le-livre.jpg","datePublished":"2013-03-05T23:00:00+00:00","dateModified":"2024-08-15T14:38:05+00:00","breadcrumb":{"@id":"https:\/\/www.revuemusicale.ch\/critiques\/livres-et-partitions\/2013\/03\/redecouverte-dune-pratique-musicale#breadcrumb"},"inLanguage":"en-US","potentialAction":[{"@type":"ReadAction","target":["https:\/\/www.revuemusicale.ch\/critiques\/livres-et-partitions\/2013\/03\/redecouverte-dune-pratique-musicale"]}]},{"@type":"ImageObject","inLanguage":"en-US","@id":"https:\/\/www.revuemusicale.ch\/critiques\/livres-et-partitions\/2013\/03\/redecouverte-dune-pratique-musicale#primaryimage","url":"https:\/\/www.revuemusicale.ch\/wp-content\/uploads\/2013\/03\/Chanter-su-le-livre.jpg","contentUrl":"https:\/\/www.revuemusicale.ch\/wp-content\/uploads\/2013\/03\/Chanter-su-le-livre.jpg","width":1000,"height":667,"caption":"Catholic mass. Women with missel. Quy Nhon. Vietnam."},{"@type":"BreadcrumbList","@id":"https:\/\/www.revuemusicale.ch\/critiques\/livres-et-partitions\/2013\/03\/redecouverte-dune-pratique-musicale#breadcrumb","itemListElement":[{"@type":"ListItem","position":1,"name":"Home","item":"https:\/\/www.revuemusicale.ch\/"},{"@type":"ListItem","position":2,"name":"Red\u00e9couverte d&rsquo;une pratique musicale"}]},{"@type":"WebSite","@id":"https:\/\/www.revuemusicale.ch\/#website","url":"https:\/\/www.revuemusicale.ch\/","name":"Swiss Music Review","description":"","publisher":{"@id":"https:\/\/www.revuemusicale.ch\/#organization"},"potentialAction":[{"@type":"SearchAction","target":{"@type":"EntryPoint","urlTemplate":"https:\/\/www.revuemusicale.ch\/?s={search_term_string}"},"query-input":{"@type":"PropertyValueSpecification","valueRequired":true,"valueName":"search_term_string"}}],"inLanguage":"en-US"},{"@type":"Organization","@id":"https:\/\/www.revuemusicale.ch\/#organization","name":"Swiss Music Review","url":"https:\/\/www.revuemusicale.ch\/","logo":{"@type":"ImageObject","inLanguage":"en-US","@id":"https:\/\/www.revuemusicale.ch\/#\/schema\/logo\/image\/","url":"https:\/\/www.revuemusicale.ch\/wp-content\/uploads\/2023\/01\/logo_revuemusicale_musikzeitung.jpg","contentUrl":"https:\/\/www.revuemusicale.ch\/wp-content\/uploads\/2023\/01\/logo_revuemusicale_musikzeitung.jpg","width":1200,"height":243,"caption":"Revue Musicale Suisse"},"image":{"@id":"https:\/\/www.revuemusicale.ch\/#\/schema\/logo\/image\/"},"sameAs":["https:\/\/www.facebook.com\/SchweizerMusikzeitung\/","https:\/\/x.com\/smusikzeitung","https:\/\/www.instagram.com\/musikzeitung.ch\/?hl=de"]},{"@type":"Person","@id":"https:\/\/www.revuemusicale.ch\/#\/schema\/person\/b2fd892c800856270b9dcc6001265712","name":"Musikzeitung-Redaktion","image":{"@type":"ImageObject","inLanguage":"en-US","@id":"https:\/\/secure.gravatar.com\/avatar\/0c7e6a405862e402eb76a70f8a26fc732d07c32931e9fae9ab1582911d2e8a3b?s=96&d=mm&r=g","url":"https:\/\/secure.gravatar.com\/avatar\/0c7e6a405862e402eb76a70f8a26fc732d07c32931e9fae9ab1582911d2e8a3b?s=96&d=mm&r=g","contentUrl":"https:\/\/secure.gravatar.com\/avatar\/0c7e6a405862e402eb76a70f8a26fc732d07c32931e9fae9ab1582911d2e8a3b?s=96&d=mm&r=g","caption":"Musikzeitung-Redaktion"},"sameAs":["http:\/\/wundo-docker.io"],"url":"https:\/\/www.revuemusicale.ch\/en\/author\/admin"}]}},"publishpress_future_action":{"enabled":false,"date":"1970-01-01 01:00:00","action":"change-status","newStatus":"draft","terms":[],"taxonomy":"category","extraData":[]},"publishpress_future_workflow_manual_trigger":{"enabledWorkflows":[]},"_links":{"self":[{"href":"https:\/\/www.revuemusicale.ch\/en\/wp-json\/wp\/v2\/posts\/22963","targetHints":{"allow":["GET"]}}],"collection":[{"href":"https:\/\/www.revuemusicale.ch\/en\/wp-json\/wp\/v2\/posts"}],"about":[{"href":"https:\/\/www.revuemusicale.ch\/en\/wp-json\/wp\/v2\/types\/post"}],"author":[{"embeddable":true,"href":"https:\/\/www.revuemusicale.ch\/en\/wp-json\/wp\/v2\/users\/1"}],"replies":[{"embeddable":true,"href":"https:\/\/www.revuemusicale.ch\/en\/wp-json\/wp\/v2\/comments?post=22963"}],"version-history":[{"count":4,"href":"https:\/\/www.revuemusicale.ch\/en\/wp-json\/wp\/v2\/posts\/22963\/revisions"}],"predecessor-version":[{"id":30673,"href":"https:\/\/www.revuemusicale.ch\/en\/wp-json\/wp\/v2\/posts\/22963\/revisions\/30673"}],"wp:featuredmedia":[{"embeddable":true,"href":"https:\/\/www.revuemusicale.ch\/en\/wp-json\/wp\/v2\/media\/30671"}],"wp:attachment":[{"href":"https:\/\/www.revuemusicale.ch\/en\/wp-json\/wp\/v2\/media?parent=22963"}],"wp:term":[{"taxonomy":"category","embeddable":true,"href":"https:\/\/www.revuemusicale.ch\/en\/wp-json\/wp\/v2\/categories?post=22963"},{"taxonomy":"post_tag","embeddable":true,"href":"https:\/\/www.revuemusicale.ch\/en\/wp-json\/wp\/v2\/tags?post=22963"}],"curies":[{"name":"wp","href":"https:\/\/api.w.org\/{rel}","templated":true}]}}