{"id":22985,"date":"2013-09-06T00:00:00","date_gmt":"2013-09-05T22:00:00","guid":{"rendered":"https:\/\/www.revuemusicale.ch\/blog\/2013\/09\/06\/portrait-dun-caractere-egocentrique-2\/"},"modified":"2024-08-16T15:12:16","modified_gmt":"2024-08-16T13:12:16","slug":"portrait-dun-caractere-egocentrique-2","status":"publish","type":"post","link":"https:\/\/www.revuemusicale.ch\/en\/critiques\/livres-et-partitions\/2013\/09\/portrait-dun-caractere-egocentrique-2","title":{"rendered":"Portrait of an egocentric character"},"content":{"rendered":"<figure style=\"width: 554px\" class=\"wp-caption alignnone\"><img loading=\"lazy\" decoding=\"async\" src=\"https:\/\/www.revuemusicale.ch\/wp-content\/uploads\/2023\/01\/Othmar_Schoeck-1.jpg\" alt=\"\" width=\"554\" height=\"418\" \/><figcaption class=\"wp-caption-text\">Othmar Schoeck drawn by Hermann Burte, ca. 1938, wikimedia commons<\/figcaption><\/figure>\n<div class=\"text-section\">\n<p>After publishing works devoted to the Swiss composers d'Alessandro, Bloch, Honegger and Martin, Editions Papillon is publishing the first French-language biography of Othmar Schoeck in its M\u00e9lophile collection. Beat F\u00f6llmi, a specialist in this composer, is currently in charge of publishing his complete works, after having compiled a catalog in 1997. Instead of detailed musical analyses, he focuses on describing the environment in which the Zurich composer lived, his circle of friends (including Hermann Hesse) and the not-always-recommendable people who gravitated around him. Schoeck's egocentric, unstable character is of particular interest: in addition to an inglorious life of debauchery, his lack of punctuality and organization prevented him from advancing in his conducting career. For a long time, he cared little about making a name for himself on the international scene, while complaining that he wasn't more widely recognized. He certainly programmed the music of his time in his concerts, attended Dadaist performances, was fascinated by the <em>Wozzeck<\/em> but the lack of interest in his most stylistically \"advanced\" works (including his opera <em>Penthesilea<\/em>His personal and professional failures (a troubled marriage and financial difficulties) made him misanthropic and full of jealousy. Unfortunately, this context led him to compromise with the odious regime that was taking hold in Germany, in the hope that his works would be more often received by that country's theaters - a miscalculation that could only backfire - to the point of accepting a dubious distinction and collaborating on his last opera with a mediocre Nazi writer who smeared the libretto with his sordid ideology. After the war, ill and depressed, Schoeck wrote a more traditional style of music, which some saw as a bulwark against modernity. Today, with the stylistic plurality of the 20th century now accepted, more nuanced judgments allow us to recognize both the interest of his work and its relative modernity, which is what the author of this book does, providing us with a highly interesting portrait of this important chapter in Swiss musical life.<\/p>\n<\/div>\n<div class=\"text-section\">\n<dl class=\"picture media photo\">\n<dt><img decoding=\"async\" class=\"media photo aligncenter\" src=\"https:\/\/www.revuemusicale.ch\/wp-content\/uploads\/2023\/01\/Schoek-klein-1.jpg\" alt=\"Image \" \/><\/dt>\n<\/dl>\n<\/div>\n<div class=\"text-section\">\n<p><em>Beat F\u00f6llmi, Othmar Schoeck ou le ma\u00eetre du lied, 224 pages, Fr. 44.95, Editions Papillon, Gen\u00e8ve 2013, ISBN 978-2-940310-45-6<\/em><\/p>\n<p>&nbsp;<\/p>\n<\/div>\n<div class=\"text-section\">\n<p><strong>Spain seen from France through court ballets <\/strong><\/p>\n<p>The other publication examines the ambiguous relationship between France and Spain as seen through the lens of court ballets. Although at first glance the subject may seem limited, it soon becomes apparent that the book abounds in themes such as the analysis of satirical engravings from the period, and the history of Spanish dances (among other things, we learn that the saraband was first banned by the all-powerful Spanish Catholic Church, and its practice punishable by 200 lashes and six years in the galley for men, and exile for women). Spain, the proud leading power in Europe during the 16th century, but with its aura waning since the failure of the Invincible Armada against the English fleet, was envied by France, which, hampered by its failures in Italy and the Wars of Religion, dreamed of occupying this first place. On the one hand, the French mocked the Spanish as choleric, hypocritical and overly serious, full of arrogance and ostentation. In ballets and engravings alike, their rodomontades were ridiculed. Believing that the Spaniards possessed neither science nor art, the French, prisoners of their own judgments, had little understanding of Iberian music and theater. On the other hand, Spanish fashion was on the rise: sarabandes and chaconnes made their appearance in French music, as did the use of the five-string guitar or castanets and, more generally, products of Hispanic origin or from Spanish colonies in the New World. Spanish literature (starting with Cervantes) spread, as did the learning of Castilian. As for court ballets, we can follow their evolution: under Louis XIII, they symbolically represented political and military events, while under Louis XIV, the goal of ballet became public enjoyment: spectacular effects replaced burlesque and mockery. By this time, however, relations between the two countries had changed: Louis XIV had married Maria Theresa, daughter of Philip IV of Spain.<\/p>\n<\/div>\n<div class=\"text-section\">\n<dl class=\"picture media photo\">\n<dt><img decoding=\"async\" class=\"media photo aligncenter\" src=\"https:\/\/www.revuemusicale.ch\/wp-content\/uploads\/2023\/01\/Nue-1.jpg\" alt=\"Image \" \/><\/dt>\n<\/dl>\n<\/div>\n<div class=\"text-section\">\n<p><em>Clara Rico Os\u00e9s, L'Espagne vue de France \u00e0 travers les ballets de cour du XVIIe si\u00e8cle, 248 pages, Fr. 44.95, Editions Papillon, Geneva 2012, ISBN 978-2-940310-41-8<\/em><\/p>\n<\/div>","protected":false},"excerpt":{"rendered":"<p><strong>Editions Papillon has published the first French-language biography of Othmar Schoeck, as well as a historical study.<\/strong><\/p>","protected":false},"author":1,"featured_media":22986,"comment_status":"closed","ping_status":"closed","sticky":false,"template":"","format":"standard","meta":{"_acf_changed":false,"_relevanssi_hide_post":"","_relevanssi_hide_content":"","_relevanssi_pin_for_all":"","_relevanssi_pin_keywords":"","_relevanssi_unpin_keywords":"","_relevanssi_related_keywords":"","_relevanssi_related_include_ids":"","_relevanssi_related_exclude_ids":"","_relevanssi_related_no_append":"","_relevanssi_related_not_related":"","_relevanssi_related_posts":"","_relevanssi_noindex_reason":"","pgc_sgb_lightbox_settings":"","footnotes":""},"categories":[1614,1616],"tags":[],"class_list":["post-22985","post","type-post","status-publish","format-standard","has-post-thumbnail","hentry","category-critiques","category-livres-et-partitions"],"acf":[],"yoast_head":"<!-- This site is optimized with the Yoast SEO plugin v27.3 - https:\/\/yoast.com\/product\/yoast-seo-wordpress\/ -->\n<title>Portrait d&#039;un caract\u00e8re \u00e9gocentrique - Revue Musicale Suisse<\/title>\n<meta name=\"robots\" content=\"index, follow, max-snippet:-1, max-image-preview:large, max-video-preview:-1\" \/>\n<link rel=\"canonical\" href=\"https:\/\/www.revuemusicale.ch\/en\/critiques\/livres-et-partitions\/2013\/09\/portrait-dun-caractere-egocentrique-2\/\" \/>\n<meta property=\"og:locale\" content=\"en_US\" \/>\n<meta property=\"og:type\" content=\"article\" \/>\n<meta property=\"og:title\" content=\"Portrait d&#039;un caract\u00e8re \u00e9gocentrique - Revue Musicale Suisse\" \/>\n<meta property=\"og:description\" content=\"Les \u00e9ditions Papillon ont publi\u00e9 la premi\u00e8re biographie consacr\u00e9e en fran\u00e7ais \u00e0 Othmar Schoeck, ainsi qu\u2019une \u00e9tude historique.\" \/>\n<meta property=\"og:url\" content=\"https:\/\/www.revuemusicale.ch\/en\/critiques\/livres-et-partitions\/2013\/09\/portrait-dun-caractere-egocentrique-2\/\" \/>\n<meta property=\"og:site_name\" content=\"Revue Musicale Suisse\" \/>\n<meta property=\"article:publisher\" content=\"https:\/\/www.facebook.com\/SchweizerMusikzeitung\/\" \/>\n<meta property=\"article:published_time\" content=\"2013-09-05T22:00:00+00:00\" \/>\n<meta property=\"article:modified_time\" content=\"2024-08-16T13:12:16+00:00\" \/>\n<meta property=\"og:image\" content=\"https:\/\/www.revuemusicale.ch\/wp-content\/uploads\/2023\/01\/Othmar_Schoeck-1.jpg\" \/>\n\t<meta property=\"og:image:width\" content=\"554\" \/>\n\t<meta property=\"og:image:height\" content=\"418\" \/>\n\t<meta property=\"og:image:type\" content=\"image\/jpeg\" \/>\n<meta name=\"author\" content=\"Musikzeitung-Redaktion\" \/>\n<meta name=\"twitter:card\" content=\"summary_large_image\" \/>\n<meta name=\"twitter:creator\" content=\"@smusikzeitung\" \/>\n<meta name=\"twitter:site\" content=\"@smusikzeitung\" \/>\n<meta name=\"twitter:label1\" content=\"Written by\" \/>\n\t<meta name=\"twitter:data1\" content=\"Musikzeitung-Redaktion\" \/>\n\t<meta name=\"twitter:label2\" content=\"Est. reading time\" \/>\n\t<meta name=\"twitter:data2\" content=\"5 minutes\" \/>\n<script type=\"application\/ld+json\" class=\"yoast-schema-graph\">{\"@context\":\"https:\\\/\\\/schema.org\",\"@graph\":[{\"@type\":\"Article\",\"@id\":\"https:\\\/\\\/www.revuemusicale.ch\\\/critiques\\\/livres-et-partitions\\\/2013\\\/09\\\/portrait-dun-caractere-egocentrique-2#article\",\"isPartOf\":{\"@id\":\"https:\\\/\\\/www.revuemusicale.ch\\\/critiques\\\/livres-et-partitions\\\/2013\\\/09\\\/portrait-dun-caractere-egocentrique-2\"},\"author\":{\"name\":\"Musikzeitung-Redaktion\",\"@id\":\"https:\\\/\\\/www.revuemusicale.ch\\\/#\\\/schema\\\/person\\\/b2fd892c800856270b9dcc6001265712\"},\"headline\":\"Portrait d&rsquo;un caract\u00e8re \u00e9gocentrique\",\"datePublished\":\"2013-09-05T22:00:00+00:00\",\"dateModified\":\"2024-08-16T13:12:16+00:00\",\"mainEntityOfPage\":{\"@id\":\"https:\\\/\\\/www.revuemusicale.ch\\\/critiques\\\/livres-et-partitions\\\/2013\\\/09\\\/portrait-dun-caractere-egocentrique-2\"},\"wordCount\":874,\"publisher\":{\"@id\":\"https:\\\/\\\/www.revuemusicale.ch\\\/#organization\"},\"image\":{\"@id\":\"https:\\\/\\\/www.revuemusicale.ch\\\/critiques\\\/livres-et-partitions\\\/2013\\\/09\\\/portrait-dun-caractere-egocentrique-2#primaryimage\"},\"thumbnailUrl\":\"https:\\\/\\\/www.revuemusicale.ch\\\/wp-content\\\/uploads\\\/2023\\\/01\\\/Othmar_Schoeck-1.jpg\",\"articleSection\":[\"Critiques\",\"Livres et partitions\"],\"inLanguage\":\"en-US\"},{\"@type\":\"WebPage\",\"@id\":\"https:\\\/\\\/www.revuemusicale.ch\\\/critiques\\\/livres-et-partitions\\\/2013\\\/09\\\/portrait-dun-caractere-egocentrique-2\",\"url\":\"https:\\\/\\\/www.revuemusicale.ch\\\/critiques\\\/livres-et-partitions\\\/2013\\\/09\\\/portrait-dun-caractere-egocentrique-2\",\"name\":\"Portrait d'un caract\u00e8re \u00e9gocentrique - Revue Musicale Suisse\",\"isPartOf\":{\"@id\":\"https:\\\/\\\/www.revuemusicale.ch\\\/#website\"},\"primaryImageOfPage\":{\"@id\":\"https:\\\/\\\/www.revuemusicale.ch\\\/critiques\\\/livres-et-partitions\\\/2013\\\/09\\\/portrait-dun-caractere-egocentrique-2#primaryimage\"},\"image\":{\"@id\":\"https:\\\/\\\/www.revuemusicale.ch\\\/critiques\\\/livres-et-partitions\\\/2013\\\/09\\\/portrait-dun-caractere-egocentrique-2#primaryimage\"},\"thumbnailUrl\":\"https:\\\/\\\/www.revuemusicale.ch\\\/wp-content\\\/uploads\\\/2023\\\/01\\\/Othmar_Schoeck-1.jpg\",\"datePublished\":\"2013-09-05T22:00:00+00:00\",\"dateModified\":\"2024-08-16T13:12:16+00:00\",\"breadcrumb\":{\"@id\":\"https:\\\/\\\/www.revuemusicale.ch\\\/critiques\\\/livres-et-partitions\\\/2013\\\/09\\\/portrait-dun-caractere-egocentrique-2#breadcrumb\"},\"inLanguage\":\"en-US\",\"potentialAction\":[{\"@type\":\"ReadAction\",\"target\":[\"https:\\\/\\\/www.revuemusicale.ch\\\/critiques\\\/livres-et-partitions\\\/2013\\\/09\\\/portrait-dun-caractere-egocentrique-2\"]}]},{\"@type\":\"ImageObject\",\"inLanguage\":\"en-US\",\"@id\":\"https:\\\/\\\/www.revuemusicale.ch\\\/critiques\\\/livres-et-partitions\\\/2013\\\/09\\\/portrait-dun-caractere-egocentrique-2#primaryimage\",\"url\":\"https:\\\/\\\/www.revuemusicale.ch\\\/wp-content\\\/uploads\\\/2023\\\/01\\\/Othmar_Schoeck-1.jpg\",\"contentUrl\":\"https:\\\/\\\/www.revuemusicale.ch\\\/wp-content\\\/uploads\\\/2023\\\/01\\\/Othmar_Schoeck-1.jpg\",\"width\":554,\"height\":418},{\"@type\":\"BreadcrumbList\",\"@id\":\"https:\\\/\\\/www.revuemusicale.ch\\\/critiques\\\/livres-et-partitions\\\/2013\\\/09\\\/portrait-dun-caractere-egocentrique-2#breadcrumb\",\"itemListElement\":[{\"@type\":\"ListItem\",\"position\":1,\"name\":\"Home\",\"item\":\"https:\\\/\\\/www.revuemusicale.ch\\\/\"},{\"@type\":\"ListItem\",\"position\":2,\"name\":\"Portrait d&rsquo;un caract\u00e8re \u00e9gocentrique\"}]},{\"@type\":\"WebSite\",\"@id\":\"https:\\\/\\\/www.revuemusicale.ch\\\/#website\",\"url\":\"https:\\\/\\\/www.revuemusicale.ch\\\/\",\"name\":\"Revue Musicale Suisse\",\"description\":\"\",\"publisher\":{\"@id\":\"https:\\\/\\\/www.revuemusicale.ch\\\/#organization\"},\"potentialAction\":[{\"@type\":\"SearchAction\",\"target\":{\"@type\":\"EntryPoint\",\"urlTemplate\":\"https:\\\/\\\/www.revuemusicale.ch\\\/?s={search_term_string}\"},\"query-input\":{\"@type\":\"PropertyValueSpecification\",\"valueRequired\":true,\"valueName\":\"search_term_string\"}}],\"inLanguage\":\"en-US\"},{\"@type\":\"Organization\",\"@id\":\"https:\\\/\\\/www.revuemusicale.ch\\\/#organization\",\"name\":\"Revue Musicale Suisse\",\"url\":\"https:\\\/\\\/www.revuemusicale.ch\\\/\",\"logo\":{\"@type\":\"ImageObject\",\"inLanguage\":\"en-US\",\"@id\":\"https:\\\/\\\/www.revuemusicale.ch\\\/#\\\/schema\\\/logo\\\/image\\\/\",\"url\":\"https:\\\/\\\/www.revuemusicale.ch\\\/wp-content\\\/uploads\\\/2023\\\/01\\\/logo_revuemusicale_musikzeitung.jpg\",\"contentUrl\":\"https:\\\/\\\/www.revuemusicale.ch\\\/wp-content\\\/uploads\\\/2023\\\/01\\\/logo_revuemusicale_musikzeitung.jpg\",\"width\":1200,\"height\":243,\"caption\":\"Revue Musicale Suisse\"},\"image\":{\"@id\":\"https:\\\/\\\/www.revuemusicale.ch\\\/#\\\/schema\\\/logo\\\/image\\\/\"},\"sameAs\":[\"https:\\\/\\\/www.facebook.com\\\/SchweizerMusikzeitung\\\/\",\"https:\\\/\\\/x.com\\\/smusikzeitung\",\"https:\\\/\\\/www.instagram.com\\\/musikzeitung.ch\\\/?hl=de\"]},{\"@type\":\"Person\",\"@id\":\"https:\\\/\\\/www.revuemusicale.ch\\\/#\\\/schema\\\/person\\\/b2fd892c800856270b9dcc6001265712\",\"name\":\"Musikzeitung-Redaktion\",\"image\":{\"@type\":\"ImageObject\",\"inLanguage\":\"en-US\",\"@id\":\"https:\\\/\\\/secure.gravatar.com\\\/avatar\\\/0c7e6a405862e402eb76a70f8a26fc732d07c32931e9fae9ab1582911d2e8a3b?s=96&d=mm&r=g\",\"url\":\"https:\\\/\\\/secure.gravatar.com\\\/avatar\\\/0c7e6a405862e402eb76a70f8a26fc732d07c32931e9fae9ab1582911d2e8a3b?s=96&d=mm&r=g\",\"contentUrl\":\"https:\\\/\\\/secure.gravatar.com\\\/avatar\\\/0c7e6a405862e402eb76a70f8a26fc732d07c32931e9fae9ab1582911d2e8a3b?s=96&d=mm&r=g\",\"caption\":\"Musikzeitung-Redaktion\"},\"sameAs\":[\"http:\\\/\\\/wundo-docker.io\"],\"url\":\"https:\\\/\\\/www.revuemusicale.ch\\\/en\\\/author\\\/admin\"}]}<\/script>\n<!-- \/ Yoast SEO plugin. -->","yoast_head_json":{"title":"Portrait d'un caract\u00e8re \u00e9gocentrique - Revue Musicale Suisse","robots":{"index":"index","follow":"follow","max-snippet":"max-snippet:-1","max-image-preview":"max-image-preview:large","max-video-preview":"max-video-preview:-1"},"canonical":"https:\/\/www.revuemusicale.ch\/en\/critiques\/livres-et-partitions\/2013\/09\/portrait-dun-caractere-egocentrique-2\/","og_locale":"en_US","og_type":"article","og_title":"Portrait d'un caract\u00e8re \u00e9gocentrique - Revue Musicale Suisse","og_description":"Les \u00e9ditions Papillon ont publi\u00e9 la premi\u00e8re biographie consacr\u00e9e en fran\u00e7ais \u00e0 Othmar Schoeck, ainsi qu\u2019une \u00e9tude historique.","og_url":"https:\/\/www.revuemusicale.ch\/en\/critiques\/livres-et-partitions\/2013\/09\/portrait-dun-caractere-egocentrique-2\/","og_site_name":"Revue Musicale Suisse","article_publisher":"https:\/\/www.facebook.com\/SchweizerMusikzeitung\/","article_published_time":"2013-09-05T22:00:00+00:00","article_modified_time":"2024-08-16T13:12:16+00:00","og_image":[{"width":554,"height":418,"url":"https:\/\/www.revuemusicale.ch\/wp-content\/uploads\/2023\/01\/Othmar_Schoeck-1.jpg","type":"image\/jpeg"}],"author":"Musikzeitung-Redaktion","twitter_card":"summary_large_image","twitter_creator":"@smusikzeitung","twitter_site":"@smusikzeitung","twitter_misc":{"Written by":"Musikzeitung-Redaktion","Est. reading time":"5 minutes"},"schema":{"@context":"https:\/\/schema.org","@graph":[{"@type":"Article","@id":"https:\/\/www.revuemusicale.ch\/critiques\/livres-et-partitions\/2013\/09\/portrait-dun-caractere-egocentrique-2#article","isPartOf":{"@id":"https:\/\/www.revuemusicale.ch\/critiques\/livres-et-partitions\/2013\/09\/portrait-dun-caractere-egocentrique-2"},"author":{"name":"Musikzeitung-Redaktion","@id":"https:\/\/www.revuemusicale.ch\/#\/schema\/person\/b2fd892c800856270b9dcc6001265712"},"headline":"Portrait d&rsquo;un caract\u00e8re \u00e9gocentrique","datePublished":"2013-09-05T22:00:00+00:00","dateModified":"2024-08-16T13:12:16+00:00","mainEntityOfPage":{"@id":"https:\/\/www.revuemusicale.ch\/critiques\/livres-et-partitions\/2013\/09\/portrait-dun-caractere-egocentrique-2"},"wordCount":874,"publisher":{"@id":"https:\/\/www.revuemusicale.ch\/#organization"},"image":{"@id":"https:\/\/www.revuemusicale.ch\/critiques\/livres-et-partitions\/2013\/09\/portrait-dun-caractere-egocentrique-2#primaryimage"},"thumbnailUrl":"https:\/\/www.revuemusicale.ch\/wp-content\/uploads\/2023\/01\/Othmar_Schoeck-1.jpg","articleSection":["Critiques","Livres et partitions"],"inLanguage":"en-US"},{"@type":"WebPage","@id":"https:\/\/www.revuemusicale.ch\/critiques\/livres-et-partitions\/2013\/09\/portrait-dun-caractere-egocentrique-2","url":"https:\/\/www.revuemusicale.ch\/critiques\/livres-et-partitions\/2013\/09\/portrait-dun-caractere-egocentrique-2","name":"Portrait d'un caract\u00e8re \u00e9gocentrique - Revue Musicale Suisse","isPartOf":{"@id":"https:\/\/www.revuemusicale.ch\/#website"},"primaryImageOfPage":{"@id":"https:\/\/www.revuemusicale.ch\/critiques\/livres-et-partitions\/2013\/09\/portrait-dun-caractere-egocentrique-2#primaryimage"},"image":{"@id":"https:\/\/www.revuemusicale.ch\/critiques\/livres-et-partitions\/2013\/09\/portrait-dun-caractere-egocentrique-2#primaryimage"},"thumbnailUrl":"https:\/\/www.revuemusicale.ch\/wp-content\/uploads\/2023\/01\/Othmar_Schoeck-1.jpg","datePublished":"2013-09-05T22:00:00+00:00","dateModified":"2024-08-16T13:12:16+00:00","breadcrumb":{"@id":"https:\/\/www.revuemusicale.ch\/critiques\/livres-et-partitions\/2013\/09\/portrait-dun-caractere-egocentrique-2#breadcrumb"},"inLanguage":"en-US","potentialAction":[{"@type":"ReadAction","target":["https:\/\/www.revuemusicale.ch\/critiques\/livres-et-partitions\/2013\/09\/portrait-dun-caractere-egocentrique-2"]}]},{"@type":"ImageObject","inLanguage":"en-US","@id":"https:\/\/www.revuemusicale.ch\/critiques\/livres-et-partitions\/2013\/09\/portrait-dun-caractere-egocentrique-2#primaryimage","url":"https:\/\/www.revuemusicale.ch\/wp-content\/uploads\/2023\/01\/Othmar_Schoeck-1.jpg","contentUrl":"https:\/\/www.revuemusicale.ch\/wp-content\/uploads\/2023\/01\/Othmar_Schoeck-1.jpg","width":554,"height":418},{"@type":"BreadcrumbList","@id":"https:\/\/www.revuemusicale.ch\/critiques\/livres-et-partitions\/2013\/09\/portrait-dun-caractere-egocentrique-2#breadcrumb","itemListElement":[{"@type":"ListItem","position":1,"name":"Home","item":"https:\/\/www.revuemusicale.ch\/"},{"@type":"ListItem","position":2,"name":"Portrait d&rsquo;un caract\u00e8re \u00e9gocentrique"}]},{"@type":"WebSite","@id":"https:\/\/www.revuemusicale.ch\/#website","url":"https:\/\/www.revuemusicale.ch\/","name":"Swiss Music Review","description":"","publisher":{"@id":"https:\/\/www.revuemusicale.ch\/#organization"},"potentialAction":[{"@type":"SearchAction","target":{"@type":"EntryPoint","urlTemplate":"https:\/\/www.revuemusicale.ch\/?s={search_term_string}"},"query-input":{"@type":"PropertyValueSpecification","valueRequired":true,"valueName":"search_term_string"}}],"inLanguage":"en-US"},{"@type":"Organization","@id":"https:\/\/www.revuemusicale.ch\/#organization","name":"Swiss Music Review","url":"https:\/\/www.revuemusicale.ch\/","logo":{"@type":"ImageObject","inLanguage":"en-US","@id":"https:\/\/www.revuemusicale.ch\/#\/schema\/logo\/image\/","url":"https:\/\/www.revuemusicale.ch\/wp-content\/uploads\/2023\/01\/logo_revuemusicale_musikzeitung.jpg","contentUrl":"https:\/\/www.revuemusicale.ch\/wp-content\/uploads\/2023\/01\/logo_revuemusicale_musikzeitung.jpg","width":1200,"height":243,"caption":"Revue Musicale Suisse"},"image":{"@id":"https:\/\/www.revuemusicale.ch\/#\/schema\/logo\/image\/"},"sameAs":["https:\/\/www.facebook.com\/SchweizerMusikzeitung\/","https:\/\/x.com\/smusikzeitung","https:\/\/www.instagram.com\/musikzeitung.ch\/?hl=de"]},{"@type":"Person","@id":"https:\/\/www.revuemusicale.ch\/#\/schema\/person\/b2fd892c800856270b9dcc6001265712","name":"Musikzeitung-Redaktion","image":{"@type":"ImageObject","inLanguage":"en-US","@id":"https:\/\/secure.gravatar.com\/avatar\/0c7e6a405862e402eb76a70f8a26fc732d07c32931e9fae9ab1582911d2e8a3b?s=96&d=mm&r=g","url":"https:\/\/secure.gravatar.com\/avatar\/0c7e6a405862e402eb76a70f8a26fc732d07c32931e9fae9ab1582911d2e8a3b?s=96&d=mm&r=g","contentUrl":"https:\/\/secure.gravatar.com\/avatar\/0c7e6a405862e402eb76a70f8a26fc732d07c32931e9fae9ab1582911d2e8a3b?s=96&d=mm&r=g","caption":"Musikzeitung-Redaktion"},"sameAs":["http:\/\/wundo-docker.io"],"url":"https:\/\/www.revuemusicale.ch\/en\/author\/admin"}]}},"publishpress_future_action":{"enabled":false,"date":"1970-01-01 01:00:00","action":"change-status","newStatus":"draft","terms":[],"taxonomy":"category","extraData":[]},"publishpress_future_workflow_manual_trigger":{"enabledWorkflows":[]},"_links":{"self":[{"href":"https:\/\/www.revuemusicale.ch\/en\/wp-json\/wp\/v2\/posts\/22985","targetHints":{"allow":["GET"]}}],"collection":[{"href":"https:\/\/www.revuemusicale.ch\/en\/wp-json\/wp\/v2\/posts"}],"about":[{"href":"https:\/\/www.revuemusicale.ch\/en\/wp-json\/wp\/v2\/types\/post"}],"author":[{"embeddable":true,"href":"https:\/\/www.revuemusicale.ch\/en\/wp-json\/wp\/v2\/users\/1"}],"replies":[{"embeddable":true,"href":"https:\/\/www.revuemusicale.ch\/en\/wp-json\/wp\/v2\/comments?post=22985"}],"version-history":[{"count":4,"href":"https:\/\/www.revuemusicale.ch\/en\/wp-json\/wp\/v2\/posts\/22985\/revisions"}],"predecessor-version":[{"id":30842,"href":"https:\/\/www.revuemusicale.ch\/en\/wp-json\/wp\/v2\/posts\/22985\/revisions\/30842"}],"wp:featuredmedia":[{"embeddable":true,"href":"https:\/\/www.revuemusicale.ch\/en\/wp-json\/wp\/v2\/media\/22986"}],"wp:attachment":[{"href":"https:\/\/www.revuemusicale.ch\/en\/wp-json\/wp\/v2\/media?parent=22985"}],"wp:term":[{"taxonomy":"category","embeddable":true,"href":"https:\/\/www.revuemusicale.ch\/en\/wp-json\/wp\/v2\/categories?post=22985"},{"taxonomy":"post_tag","embeddable":true,"href":"https:\/\/www.revuemusicale.ch\/en\/wp-json\/wp\/v2\/tags?post=22985"}],"curies":[{"name":"wp","href":"https:\/\/api.w.org\/{rel}","templated":true}]}}