{"id":23013,"date":"2014-03-06T00:00:00","date_gmt":"2014-03-05T23:00:00","guid":{"rendered":"https:\/\/www.revuemusicale.ch\/blog\/2014\/03\/06\/la-vie-et-loeuvre-de-bartok\/"},"modified":"2024-08-16T14:58:18","modified_gmt":"2024-08-16T12:58:18","slug":"la-vie-et-loeuvre-de-bartok","status":"publish","type":"post","link":"https:\/\/www.revuemusicale.ch\/en\/critiques\/livres-et-partitions\/2014\/03\/la-vie-et-loeuvre-de-bartok","title":{"rendered":"Bart\u00f3k's life and work"},"content":{"rendered":"<figure style=\"width: 554px\" class=\"wp-caption alignnone\"><img loading=\"lazy\" decoding=\"async\" src=\"https:\/\/www.revuemusicale.ch\/wp-content\/uploads\/2023\/01\/1280px-Bartok_recording_folk_music.jpg\" alt=\"\" width=\"554\" height=\"423\" \/><figcaption class=\"wp-caption-text\">Bart\u00f3k recording folk songs in 1909. Source: Paul Griffiths, wikimedia commons<\/figcaption><\/figure>\n<div class=\"text-section\">\n<p>The fruit of ten years' work and research, carried out with rigor and enthusiasm, Claire Delamarche's book not only plunges us into Bart\u00f3k's life and work, but also brings him closer to us by evoking the links between his creations and his character, his daily life and the events that marked him. The author has not hesitated to learn Hungarian in order to be able to translate extracts from carefully chosen letters and texts herself. Each of Bart\u00f3k's works is presented, from the most modest to the greatest masterpieces, highlighting the evolution and logic of his language. The pages reveal the full complexity of Bart\u00f3k's character, whose fastidiousness is evident in the precision of his writing. After a youthful period of exalted nationalism, his work collecting folk songs, as well as his empathy for oppressed minorities, opened his eyes and eclipsed his chauvinism: \"My true guiding principle ... is fraternization between peoples, against all wars and all discord. I seek to illustrate this idea in music to the best of my ability; I am not closed to any influence, whether it comes from a Slovakian, Romanian, Arabian or any other source\". At the same time, he renounced his ardent Catholicism, becoming an atheist and defining a new Trinity: Nature, Art and Science.<\/p>\n<p>Gradually, as he came into contact with popular melodies and their modes, his harmony opened up new avenues beyond the tonal attraction. He built a new harmonic order that was no longer simply a succession of tensions and relaxations, and set out in search of a natural, free music, simple despite its complexity, where asymmetry and irregular rhythms are more important than stature and barlines. Features such as arching form, metric complexity and the use of the minor seventh as a consonance appear early on in his works. Work after work, we follow the thread that leads to the full flowering of Bartokian classicism: the balance between science and imagination, between energy and lyricism, as can be found, for example, in his masterpiece, the <em>Music for strings, percussion and celesta<\/em>. Among the appendices that complete the book, a complete catalog of his work is particularly noteworthy.<\/p>\n<\/div>\n<div class=\"text-section\">\n<dl class=\"picture media photo\">\n<dt><img decoding=\"async\" class=\"media photo aligncenter\" src=\"https:\/\/www.revuemusicale.ch\/wp-content\/uploads\/2023\/01\/B-17.jpg\" alt=\"Image \" \/><\/dt>\n<\/dl>\n<\/div>\n<div class=\"text-section\">\n<p><em>Claire Delamarche, B\u00e9la Bart\u00f3k, 1040 p., \u20ac 39.00, Editions Fayard, Paris 2012, ISBN 9782213668253<\/em><\/p>\n<\/div>","protected":false},"excerpt":{"rendered":"<p><strong>Fayard recently published a biography of the Hungarian genius in its rich collection of composer biographies.<\/strong><\/p>","protected":false},"author":1,"featured_media":23014,"comment_status":"closed","ping_status":"closed","sticky":false,"template":"","format":"standard","meta":{"_acf_changed":false,"_relevanssi_hide_post":"","_relevanssi_hide_content":"","_relevanssi_pin_for_all":"","_relevanssi_pin_keywords":"","_relevanssi_unpin_keywords":"","_relevanssi_related_keywords":"","_relevanssi_related_include_ids":"","_relevanssi_related_exclude_ids":"","_relevanssi_related_no_append":"","_relevanssi_related_not_related":"","_relevanssi_related_posts":"","_relevanssi_noindex_reason":"","pgc_sgb_lightbox_settings":"","footnotes":""},"categories":[1614,1616],"tags":[],"class_list":["post-23013","post","type-post","status-publish","format-standard","has-post-thumbnail","hentry","category-critiques","category-livres-et-partitions"],"acf":[],"yoast_head":"<!-- This site is optimized with the Yoast SEO plugin v27.3 - https:\/\/yoast.com\/product\/yoast-seo-wordpress\/ -->\n<title>La vie et l\u2019\u0153uvre de Bart\u00f3k - Revue Musicale Suisse<\/title>\n<meta name=\"robots\" content=\"index, follow, max-snippet:-1, max-image-preview:large, max-video-preview:-1\" \/>\n<link rel=\"canonical\" href=\"https:\/\/www.revuemusicale.ch\/en\/critiques\/livres-et-partitions\/2014\/03\/la-vie-et-loeuvre-de-bartok\/\" \/>\n<meta property=\"og:locale\" content=\"en_US\" \/>\n<meta property=\"og:type\" content=\"article\" \/>\n<meta property=\"og:title\" content=\"La vie et l\u2019\u0153uvre de Bart\u00f3k - Revue Musicale Suisse\" \/>\n<meta property=\"og:description\" content=\"Fayard a r\u00e9cemment publi\u00e9 une biographie du g\u00e9nie hongrois dans sa riche collection de biographies de compositeurs.\" \/>\n<meta property=\"og:url\" content=\"https:\/\/www.revuemusicale.ch\/en\/critiques\/livres-et-partitions\/2014\/03\/la-vie-et-loeuvre-de-bartok\/\" \/>\n<meta property=\"og:site_name\" content=\"Revue Musicale Suisse\" \/>\n<meta property=\"article:publisher\" content=\"https:\/\/www.facebook.com\/SchweizerMusikzeitung\/\" \/>\n<meta property=\"article:published_time\" content=\"2014-03-05T23:00:00+00:00\" \/>\n<meta property=\"article:modified_time\" content=\"2024-08-16T12:58:18+00:00\" \/>\n<meta property=\"og:image\" content=\"https:\/\/www.revuemusicale.ch\/wp-content\/uploads\/2023\/01\/1280px-Bartok_recording_folk_music.jpg\" \/>\n\t<meta property=\"og:image:width\" content=\"554\" \/>\n\t<meta property=\"og:image:height\" content=\"423\" \/>\n\t<meta property=\"og:image:type\" content=\"image\/jpeg\" \/>\n<meta name=\"author\" content=\"Musikzeitung-Redaktion\" \/>\n<meta name=\"twitter:card\" content=\"summary_large_image\" \/>\n<meta name=\"twitter:creator\" content=\"@smusikzeitung\" \/>\n<meta name=\"twitter:site\" content=\"@smusikzeitung\" \/>\n<meta name=\"twitter:label1\" content=\"Written by\" \/>\n\t<meta name=\"twitter:data1\" content=\"Musikzeitung-Redaktion\" \/>\n\t<meta name=\"twitter:label2\" content=\"Est. reading time\" \/>\n\t<meta name=\"twitter:data2\" content=\"3 minutes\" \/>\n<script type=\"application\/ld+json\" class=\"yoast-schema-graph\">{\"@context\":\"https:\\\/\\\/schema.org\",\"@graph\":[{\"@type\":\"Article\",\"@id\":\"https:\\\/\\\/www.revuemusicale.ch\\\/critiques\\\/livres-et-partitions\\\/2014\\\/03\\\/la-vie-et-loeuvre-de-bartok#article\",\"isPartOf\":{\"@id\":\"https:\\\/\\\/www.revuemusicale.ch\\\/critiques\\\/livres-et-partitions\\\/2014\\\/03\\\/la-vie-et-loeuvre-de-bartok\"},\"author\":{\"name\":\"Musikzeitung-Redaktion\",\"@id\":\"https:\\\/\\\/www.revuemusicale.ch\\\/#\\\/schema\\\/person\\\/b2fd892c800856270b9dcc6001265712\"},\"headline\":\"La vie et l\u2019\u0153uvre de Bart\u00f3k\",\"datePublished\":\"2014-03-05T23:00:00+00:00\",\"dateModified\":\"2024-08-16T12:58:18+00:00\",\"mainEntityOfPage\":{\"@id\":\"https:\\\/\\\/www.revuemusicale.ch\\\/critiques\\\/livres-et-partitions\\\/2014\\\/03\\\/la-vie-et-loeuvre-de-bartok\"},\"wordCount\":468,\"publisher\":{\"@id\":\"https:\\\/\\\/www.revuemusicale.ch\\\/#organization\"},\"image\":{\"@id\":\"https:\\\/\\\/www.revuemusicale.ch\\\/critiques\\\/livres-et-partitions\\\/2014\\\/03\\\/la-vie-et-loeuvre-de-bartok#primaryimage\"},\"thumbnailUrl\":\"https:\\\/\\\/www.revuemusicale.ch\\\/wp-content\\\/uploads\\\/2023\\\/01\\\/1280px-Bartok_recording_folk_music.jpg\",\"articleSection\":[\"Critiques\",\"Livres et partitions\"],\"inLanguage\":\"en-US\"},{\"@type\":\"WebPage\",\"@id\":\"https:\\\/\\\/www.revuemusicale.ch\\\/critiques\\\/livres-et-partitions\\\/2014\\\/03\\\/la-vie-et-loeuvre-de-bartok\",\"url\":\"https:\\\/\\\/www.revuemusicale.ch\\\/critiques\\\/livres-et-partitions\\\/2014\\\/03\\\/la-vie-et-loeuvre-de-bartok\",\"name\":\"La vie et l\u2019\u0153uvre de Bart\u00f3k - Revue Musicale Suisse\",\"isPartOf\":{\"@id\":\"https:\\\/\\\/www.revuemusicale.ch\\\/#website\"},\"primaryImageOfPage\":{\"@id\":\"https:\\\/\\\/www.revuemusicale.ch\\\/critiques\\\/livres-et-partitions\\\/2014\\\/03\\\/la-vie-et-loeuvre-de-bartok#primaryimage\"},\"image\":{\"@id\":\"https:\\\/\\\/www.revuemusicale.ch\\\/critiques\\\/livres-et-partitions\\\/2014\\\/03\\\/la-vie-et-loeuvre-de-bartok#primaryimage\"},\"thumbnailUrl\":\"https:\\\/\\\/www.revuemusicale.ch\\\/wp-content\\\/uploads\\\/2023\\\/01\\\/1280px-Bartok_recording_folk_music.jpg\",\"datePublished\":\"2014-03-05T23:00:00+00:00\",\"dateModified\":\"2024-08-16T12:58:18+00:00\",\"breadcrumb\":{\"@id\":\"https:\\\/\\\/www.revuemusicale.ch\\\/critiques\\\/livres-et-partitions\\\/2014\\\/03\\\/la-vie-et-loeuvre-de-bartok#breadcrumb\"},\"inLanguage\":\"en-US\",\"potentialAction\":[{\"@type\":\"ReadAction\",\"target\":[\"https:\\\/\\\/www.revuemusicale.ch\\\/critiques\\\/livres-et-partitions\\\/2014\\\/03\\\/la-vie-et-loeuvre-de-bartok\"]}]},{\"@type\":\"ImageObject\",\"inLanguage\":\"en-US\",\"@id\":\"https:\\\/\\\/www.revuemusicale.ch\\\/critiques\\\/livres-et-partitions\\\/2014\\\/03\\\/la-vie-et-loeuvre-de-bartok#primaryimage\",\"url\":\"https:\\\/\\\/www.revuemusicale.ch\\\/wp-content\\\/uploads\\\/2023\\\/01\\\/1280px-Bartok_recording_folk_music.jpg\",\"contentUrl\":\"https:\\\/\\\/www.revuemusicale.ch\\\/wp-content\\\/uploads\\\/2023\\\/01\\\/1280px-Bartok_recording_folk_music.jpg\",\"width\":554,\"height\":423},{\"@type\":\"BreadcrumbList\",\"@id\":\"https:\\\/\\\/www.revuemusicale.ch\\\/critiques\\\/livres-et-partitions\\\/2014\\\/03\\\/la-vie-et-loeuvre-de-bartok#breadcrumb\",\"itemListElement\":[{\"@type\":\"ListItem\",\"position\":1,\"name\":\"Home\",\"item\":\"https:\\\/\\\/www.revuemusicale.ch\\\/\"},{\"@type\":\"ListItem\",\"position\":2,\"name\":\"La vie et l\u2019\u0153uvre de Bart\u00f3k\"}]},{\"@type\":\"WebSite\",\"@id\":\"https:\\\/\\\/www.revuemusicale.ch\\\/#website\",\"url\":\"https:\\\/\\\/www.revuemusicale.ch\\\/\",\"name\":\"Revue Musicale Suisse\",\"description\":\"\",\"publisher\":{\"@id\":\"https:\\\/\\\/www.revuemusicale.ch\\\/#organization\"},\"potentialAction\":[{\"@type\":\"SearchAction\",\"target\":{\"@type\":\"EntryPoint\",\"urlTemplate\":\"https:\\\/\\\/www.revuemusicale.ch\\\/?s={search_term_string}\"},\"query-input\":{\"@type\":\"PropertyValueSpecification\",\"valueRequired\":true,\"valueName\":\"search_term_string\"}}],\"inLanguage\":\"en-US\"},{\"@type\":\"Organization\",\"@id\":\"https:\\\/\\\/www.revuemusicale.ch\\\/#organization\",\"name\":\"Revue Musicale Suisse\",\"url\":\"https:\\\/\\\/www.revuemusicale.ch\\\/\",\"logo\":{\"@type\":\"ImageObject\",\"inLanguage\":\"en-US\",\"@id\":\"https:\\\/\\\/www.revuemusicale.ch\\\/#\\\/schema\\\/logo\\\/image\\\/\",\"url\":\"https:\\\/\\\/www.revuemusicale.ch\\\/wp-content\\\/uploads\\\/2023\\\/01\\\/logo_revuemusicale_musikzeitung.jpg\",\"contentUrl\":\"https:\\\/\\\/www.revuemusicale.ch\\\/wp-content\\\/uploads\\\/2023\\\/01\\\/logo_revuemusicale_musikzeitung.jpg\",\"width\":1200,\"height\":243,\"caption\":\"Revue Musicale Suisse\"},\"image\":{\"@id\":\"https:\\\/\\\/www.revuemusicale.ch\\\/#\\\/schema\\\/logo\\\/image\\\/\"},\"sameAs\":[\"https:\\\/\\\/www.facebook.com\\\/SchweizerMusikzeitung\\\/\",\"https:\\\/\\\/x.com\\\/smusikzeitung\",\"https:\\\/\\\/www.instagram.com\\\/musikzeitung.ch\\\/?hl=de\"]},{\"@type\":\"Person\",\"@id\":\"https:\\\/\\\/www.revuemusicale.ch\\\/#\\\/schema\\\/person\\\/b2fd892c800856270b9dcc6001265712\",\"name\":\"Musikzeitung-Redaktion\",\"image\":{\"@type\":\"ImageObject\",\"inLanguage\":\"en-US\",\"@id\":\"https:\\\/\\\/secure.gravatar.com\\\/avatar\\\/0c7e6a405862e402eb76a70f8a26fc732d07c32931e9fae9ab1582911d2e8a3b?s=96&d=mm&r=g\",\"url\":\"https:\\\/\\\/secure.gravatar.com\\\/avatar\\\/0c7e6a405862e402eb76a70f8a26fc732d07c32931e9fae9ab1582911d2e8a3b?s=96&d=mm&r=g\",\"contentUrl\":\"https:\\\/\\\/secure.gravatar.com\\\/avatar\\\/0c7e6a405862e402eb76a70f8a26fc732d07c32931e9fae9ab1582911d2e8a3b?s=96&d=mm&r=g\",\"caption\":\"Musikzeitung-Redaktion\"},\"sameAs\":[\"http:\\\/\\\/wundo-docker.io\"],\"url\":\"https:\\\/\\\/www.revuemusicale.ch\\\/en\\\/author\\\/admin\"}]}<\/script>\n<!-- \/ Yoast SEO plugin. -->","yoast_head_json":{"title":"La vie et l\u2019\u0153uvre de Bart\u00f3k - Revue Musicale Suisse","robots":{"index":"index","follow":"follow","max-snippet":"max-snippet:-1","max-image-preview":"max-image-preview:large","max-video-preview":"max-video-preview:-1"},"canonical":"https:\/\/www.revuemusicale.ch\/en\/critiques\/livres-et-partitions\/2014\/03\/la-vie-et-loeuvre-de-bartok\/","og_locale":"en_US","og_type":"article","og_title":"La vie et l\u2019\u0153uvre de Bart\u00f3k - Revue Musicale Suisse","og_description":"Fayard a r\u00e9cemment publi\u00e9 une biographie du g\u00e9nie hongrois dans sa riche collection de biographies de compositeurs.","og_url":"https:\/\/www.revuemusicale.ch\/en\/critiques\/livres-et-partitions\/2014\/03\/la-vie-et-loeuvre-de-bartok\/","og_site_name":"Revue Musicale Suisse","article_publisher":"https:\/\/www.facebook.com\/SchweizerMusikzeitung\/","article_published_time":"2014-03-05T23:00:00+00:00","article_modified_time":"2024-08-16T12:58:18+00:00","og_image":[{"width":554,"height":423,"url":"https:\/\/www.revuemusicale.ch\/wp-content\/uploads\/2023\/01\/1280px-Bartok_recording_folk_music.jpg","type":"image\/jpeg"}],"author":"Musikzeitung-Redaktion","twitter_card":"summary_large_image","twitter_creator":"@smusikzeitung","twitter_site":"@smusikzeitung","twitter_misc":{"Written by":"Musikzeitung-Redaktion","Est. reading time":"3 minutes"},"schema":{"@context":"https:\/\/schema.org","@graph":[{"@type":"Article","@id":"https:\/\/www.revuemusicale.ch\/critiques\/livres-et-partitions\/2014\/03\/la-vie-et-loeuvre-de-bartok#article","isPartOf":{"@id":"https:\/\/www.revuemusicale.ch\/critiques\/livres-et-partitions\/2014\/03\/la-vie-et-loeuvre-de-bartok"},"author":{"name":"Musikzeitung-Redaktion","@id":"https:\/\/www.revuemusicale.ch\/#\/schema\/person\/b2fd892c800856270b9dcc6001265712"},"headline":"La vie et l\u2019\u0153uvre de Bart\u00f3k","datePublished":"2014-03-05T23:00:00+00:00","dateModified":"2024-08-16T12:58:18+00:00","mainEntityOfPage":{"@id":"https:\/\/www.revuemusicale.ch\/critiques\/livres-et-partitions\/2014\/03\/la-vie-et-loeuvre-de-bartok"},"wordCount":468,"publisher":{"@id":"https:\/\/www.revuemusicale.ch\/#organization"},"image":{"@id":"https:\/\/www.revuemusicale.ch\/critiques\/livres-et-partitions\/2014\/03\/la-vie-et-loeuvre-de-bartok#primaryimage"},"thumbnailUrl":"https:\/\/www.revuemusicale.ch\/wp-content\/uploads\/2023\/01\/1280px-Bartok_recording_folk_music.jpg","articleSection":["Critiques","Livres et partitions"],"inLanguage":"en-US"},{"@type":"WebPage","@id":"https:\/\/www.revuemusicale.ch\/critiques\/livres-et-partitions\/2014\/03\/la-vie-et-loeuvre-de-bartok","url":"https:\/\/www.revuemusicale.ch\/critiques\/livres-et-partitions\/2014\/03\/la-vie-et-loeuvre-de-bartok","name":"La vie et l\u2019\u0153uvre de Bart\u00f3k - Revue Musicale Suisse","isPartOf":{"@id":"https:\/\/www.revuemusicale.ch\/#website"},"primaryImageOfPage":{"@id":"https:\/\/www.revuemusicale.ch\/critiques\/livres-et-partitions\/2014\/03\/la-vie-et-loeuvre-de-bartok#primaryimage"},"image":{"@id":"https:\/\/www.revuemusicale.ch\/critiques\/livres-et-partitions\/2014\/03\/la-vie-et-loeuvre-de-bartok#primaryimage"},"thumbnailUrl":"https:\/\/www.revuemusicale.ch\/wp-content\/uploads\/2023\/01\/1280px-Bartok_recording_folk_music.jpg","datePublished":"2014-03-05T23:00:00+00:00","dateModified":"2024-08-16T12:58:18+00:00","breadcrumb":{"@id":"https:\/\/www.revuemusicale.ch\/critiques\/livres-et-partitions\/2014\/03\/la-vie-et-loeuvre-de-bartok#breadcrumb"},"inLanguage":"en-US","potentialAction":[{"@type":"ReadAction","target":["https:\/\/www.revuemusicale.ch\/critiques\/livres-et-partitions\/2014\/03\/la-vie-et-loeuvre-de-bartok"]}]},{"@type":"ImageObject","inLanguage":"en-US","@id":"https:\/\/www.revuemusicale.ch\/critiques\/livres-et-partitions\/2014\/03\/la-vie-et-loeuvre-de-bartok#primaryimage","url":"https:\/\/www.revuemusicale.ch\/wp-content\/uploads\/2023\/01\/1280px-Bartok_recording_folk_music.jpg","contentUrl":"https:\/\/www.revuemusicale.ch\/wp-content\/uploads\/2023\/01\/1280px-Bartok_recording_folk_music.jpg","width":554,"height":423},{"@type":"BreadcrumbList","@id":"https:\/\/www.revuemusicale.ch\/critiques\/livres-et-partitions\/2014\/03\/la-vie-et-loeuvre-de-bartok#breadcrumb","itemListElement":[{"@type":"ListItem","position":1,"name":"Home","item":"https:\/\/www.revuemusicale.ch\/"},{"@type":"ListItem","position":2,"name":"La vie et l\u2019\u0153uvre de Bart\u00f3k"}]},{"@type":"WebSite","@id":"https:\/\/www.revuemusicale.ch\/#website","url":"https:\/\/www.revuemusicale.ch\/","name":"Swiss Music Review","description":"","publisher":{"@id":"https:\/\/www.revuemusicale.ch\/#organization"},"potentialAction":[{"@type":"SearchAction","target":{"@type":"EntryPoint","urlTemplate":"https:\/\/www.revuemusicale.ch\/?s={search_term_string}"},"query-input":{"@type":"PropertyValueSpecification","valueRequired":true,"valueName":"search_term_string"}}],"inLanguage":"en-US"},{"@type":"Organization","@id":"https:\/\/www.revuemusicale.ch\/#organization","name":"Swiss Music Review","url":"https:\/\/www.revuemusicale.ch\/","logo":{"@type":"ImageObject","inLanguage":"en-US","@id":"https:\/\/www.revuemusicale.ch\/#\/schema\/logo\/image\/","url":"https:\/\/www.revuemusicale.ch\/wp-content\/uploads\/2023\/01\/logo_revuemusicale_musikzeitung.jpg","contentUrl":"https:\/\/www.revuemusicale.ch\/wp-content\/uploads\/2023\/01\/logo_revuemusicale_musikzeitung.jpg","width":1200,"height":243,"caption":"Revue Musicale Suisse"},"image":{"@id":"https:\/\/www.revuemusicale.ch\/#\/schema\/logo\/image\/"},"sameAs":["https:\/\/www.facebook.com\/SchweizerMusikzeitung\/","https:\/\/x.com\/smusikzeitung","https:\/\/www.instagram.com\/musikzeitung.ch\/?hl=de"]},{"@type":"Person","@id":"https:\/\/www.revuemusicale.ch\/#\/schema\/person\/b2fd892c800856270b9dcc6001265712","name":"Musikzeitung-Redaktion","image":{"@type":"ImageObject","inLanguage":"en-US","@id":"https:\/\/secure.gravatar.com\/avatar\/0c7e6a405862e402eb76a70f8a26fc732d07c32931e9fae9ab1582911d2e8a3b?s=96&d=mm&r=g","url":"https:\/\/secure.gravatar.com\/avatar\/0c7e6a405862e402eb76a70f8a26fc732d07c32931e9fae9ab1582911d2e8a3b?s=96&d=mm&r=g","contentUrl":"https:\/\/secure.gravatar.com\/avatar\/0c7e6a405862e402eb76a70f8a26fc732d07c32931e9fae9ab1582911d2e8a3b?s=96&d=mm&r=g","caption":"Musikzeitung-Redaktion"},"sameAs":["http:\/\/wundo-docker.io"],"url":"https:\/\/www.revuemusicale.ch\/en\/author\/admin"}]}},"publishpress_future_action":{"enabled":false,"date":"1970-01-01 01:00:00","action":"change-status","newStatus":"draft","terms":[],"taxonomy":"category","extraData":[]},"publishpress_future_workflow_manual_trigger":{"enabledWorkflows":[]},"_links":{"self":[{"href":"https:\/\/www.revuemusicale.ch\/en\/wp-json\/wp\/v2\/posts\/23013","targetHints":{"allow":["GET"]}}],"collection":[{"href":"https:\/\/www.revuemusicale.ch\/en\/wp-json\/wp\/v2\/posts"}],"about":[{"href":"https:\/\/www.revuemusicale.ch\/en\/wp-json\/wp\/v2\/types\/post"}],"author":[{"embeddable":true,"href":"https:\/\/www.revuemusicale.ch\/en\/wp-json\/wp\/v2\/users\/1"}],"replies":[{"embeddable":true,"href":"https:\/\/www.revuemusicale.ch\/en\/wp-json\/wp\/v2\/comments?post=23013"}],"version-history":[{"count":3,"href":"https:\/\/www.revuemusicale.ch\/en\/wp-json\/wp\/v2\/posts\/23013\/revisions"}],"predecessor-version":[{"id":30829,"href":"https:\/\/www.revuemusicale.ch\/en\/wp-json\/wp\/v2\/posts\/23013\/revisions\/30829"}],"wp:featuredmedia":[{"embeddable":true,"href":"https:\/\/www.revuemusicale.ch\/en\/wp-json\/wp\/v2\/media\/23014"}],"wp:attachment":[{"href":"https:\/\/www.revuemusicale.ch\/en\/wp-json\/wp\/v2\/media?parent=23013"}],"wp:term":[{"taxonomy":"category","embeddable":true,"href":"https:\/\/www.revuemusicale.ch\/en\/wp-json\/wp\/v2\/categories?post=23013"},{"taxonomy":"post_tag","embeddable":true,"href":"https:\/\/www.revuemusicale.ch\/en\/wp-json\/wp\/v2\/tags?post=23013"}],"curies":[{"name":"wp","href":"https:\/\/api.w.org\/{rel}","templated":true}]}}