{"id":23047,"date":"2015-01-22T00:00:00","date_gmt":"2015-01-21T23:00:00","guid":{"rendered":"https:\/\/www.revuemusicale.ch\/blog\/2015\/01\/22\/un-maitre-de-lopera-du-seicento\/"},"modified":"2024-08-16T14:39:44","modified_gmt":"2024-08-16T12:39:44","slug":"un-maitre-de-lopera-du-seicento","status":"publish","type":"post","link":"https:\/\/www.revuemusicale.ch\/en\/critiques\/livres-et-partitions\/2015\/01\/un-maitre-de-lopera-du-seicento","title":{"rendered":"A master of Seicento opera"},"content":{"rendered":"<figure style=\"width: 554px\" class=\"wp-caption alignnone\"><img loading=\"lazy\" decoding=\"async\" src=\"https:\/\/www.revuemusicale.ch\/wp-content\/uploads\/2023\/01\/San.jpg\" alt=\"\" width=\"554\" height=\"369\" \/><figcaption class=\"wp-caption-text\">San Marco in Venice. Photo: Thomas Max M\u00fcller \/ pixelio.de<\/figcaption><\/figure>\n<div class=\"text-section\">\n<p>Born into a poor family, the man who was to become the most popular Italian composer of his time took the surname of the Venetian nobleman who, charmed by the quality of his voice, gave him protection and affection from his early teens. He began his musical career as a singer and later as organist at the Basilica of San Marco, where he was appointed choirmaster in 1668.<\/p>\n<p>But the bulk of his musical activity was devoted to his 33 operas, most of which were created in Venice, where the first theater dedicated to musical performances outside a court context, the San Cassiano, opened in 1637. Cavalli immediately founded a new opera company, which began work on its first operatic work in 1639. His success was immediate, and for some thirty years Cavalli dominated Venetian opera production, temporarily demonstrating his managerial talents at a time when all the burdens rested on the shoulders of the impresario. In this economic model, the public imposed its tastes, hence the proliferation of burlesque situations, even in tragedies, and of arias to the detriment of recitatives. However, he soon abandoned his position as impresario to concentrate on composing, producing and directing his own operas, for which he ran a veritable workshop of copyists. Preferring the coherence of the theatrical action to vocal virtuosity or the too-clear division between aria and recitative, his music shows great fluidity, moving from recitar cantando to arioso and aria with perfect naturalness.<\/p>\n<\/div>\n<div class=\"text-section\">\n<dl class=\"picture media photo\">\n<dt><img decoding=\"async\" class=\"media photo aligncenter\" src=\"https:\/\/www.revuemusicale.ch\/wp-content\/uploads\/2023\/01\/REZ_res_klassik_b_Cavalli_F.jpg\" alt=\"Image \" \/><\/dt>\n<\/dl>\n<\/div>\n<div class=\"text-section\">\n<p>Olivier Lexa succinctly narrates the plots of the operas and describes the intellectual milieu in which their excellent librettists were immersed (accademy, influence of the Spanish Comedia nueva, etc.). In 1662, the sumptuous premiere of<em>Ercole Amante<\/em> in Paris marked a turning point in Cavalli's career, whose last years were more gloomy, even though his operas were often revived in many cities. Venice preferred composers who favored virtuosity over sentiment and depth.<\/p>\n<p>This biography crowns the rediscovery of a genius who had been forgotten for too long, not least because of the difficulties common to Seicento operas: deciphering often incomplete scores, reconstituting orchestral material and a plethora of roles.<\/p>\n<p><em>Olivier Lexa, Francesco Cavalli, 256 p., \u20ac 18.00, Actes Sud, Paris 2014, ISBN 978-2-330-03460-3<br \/>\n<\/em><\/p>\n<\/div>","protected":false},"excerpt":{"rendered":"<p><strong>Part of a series of biographies of composers published by Actes Sud, Olivier Lexa's book accurately situates the life and work of Francesco Cavalli (1602-1676) in their political, social and artistic context.<\/strong><\/p>","protected":false},"author":1,"featured_media":23048,"comment_status":"closed","ping_status":"closed","sticky":false,"template":"","format":"standard","meta":{"_acf_changed":false,"_relevanssi_hide_post":"","_relevanssi_hide_content":"","_relevanssi_pin_for_all":"","_relevanssi_pin_keywords":"","_relevanssi_unpin_keywords":"","_relevanssi_related_keywords":"","_relevanssi_related_include_ids":"","_relevanssi_related_exclude_ids":"","_relevanssi_related_no_append":"","_relevanssi_related_not_related":"","_relevanssi_related_posts":"","_relevanssi_noindex_reason":"","pgc_sgb_lightbox_settings":"","footnotes":""},"categories":[1614,1616],"tags":[],"class_list":["post-23047","post","type-post","status-publish","format-standard","has-post-thumbnail","hentry","category-critiques","category-livres-et-partitions"],"acf":[],"yoast_head":"<!-- This site is optimized with the Yoast SEO plugin v27.3 - https:\/\/yoast.com\/product\/yoast-seo-wordpress\/ -->\n<title>Un ma\u00eetre de l\u2019op\u00e9ra du Seicento - Revue Musicale Suisse<\/title>\n<meta name=\"robots\" content=\"index, follow, max-snippet:-1, max-image-preview:large, max-video-preview:-1\" \/>\n<link rel=\"canonical\" href=\"https:\/\/www.revuemusicale.ch\/en\/critiques\/livres-et-partitions\/2015\/01\/un-maitre-de-lopera-du-seicento\/\" \/>\n<meta property=\"og:locale\" content=\"en_US\" \/>\n<meta property=\"og:type\" content=\"article\" \/>\n<meta property=\"og:title\" content=\"Un ma\u00eetre de l\u2019op\u00e9ra du Seicento - Revue Musicale Suisse\" \/>\n<meta property=\"og:description\" content=\"Paru dans la s\u00e9rie de biographies de compositeurs publi\u00e9es par Actes Sud, l\u2019ouvrage d\u2019Olivier Lexa situe avec pr\u00e9cision la vie et l\u2019\u0153uvre de Francesco Cavalli (1602\u20131676) dans leur contexte politique, social et artistique.\" \/>\n<meta property=\"og:url\" content=\"https:\/\/www.revuemusicale.ch\/en\/critiques\/livres-et-partitions\/2015\/01\/un-maitre-de-lopera-du-seicento\/\" \/>\n<meta property=\"og:site_name\" content=\"Revue Musicale Suisse\" \/>\n<meta property=\"article:publisher\" content=\"https:\/\/www.facebook.com\/SchweizerMusikzeitung\/\" \/>\n<meta property=\"article:published_time\" content=\"2015-01-21T23:00:00+00:00\" \/>\n<meta property=\"article:modified_time\" content=\"2024-08-16T12:39:44+00:00\" \/>\n<meta property=\"og:image\" content=\"https:\/\/www.revuemusicale.ch\/wp-content\/uploads\/2023\/01\/San.jpg\" \/>\n\t<meta property=\"og:image:width\" content=\"554\" \/>\n\t<meta property=\"og:image:height\" content=\"369\" \/>\n\t<meta property=\"og:image:type\" content=\"image\/jpeg\" \/>\n<meta name=\"author\" content=\"Musikzeitung-Redaktion\" \/>\n<meta name=\"twitter:card\" content=\"summary_large_image\" \/>\n<meta name=\"twitter:creator\" content=\"@smusikzeitung\" \/>\n<meta name=\"twitter:site\" content=\"@smusikzeitung\" \/>\n<meta name=\"twitter:label1\" content=\"Written by\" \/>\n\t<meta name=\"twitter:data1\" content=\"Musikzeitung-Redaktion\" \/>\n\t<meta name=\"twitter:label2\" content=\"Est. reading time\" \/>\n\t<meta name=\"twitter:data2\" content=\"3 minutes\" \/>\n<script type=\"application\/ld+json\" class=\"yoast-schema-graph\">{\"@context\":\"https:\\\/\\\/schema.org\",\"@graph\":[{\"@type\":\"Article\",\"@id\":\"https:\\\/\\\/www.revuemusicale.ch\\\/critiques\\\/livres-et-partitions\\\/2015\\\/01\\\/un-maitre-de-lopera-du-seicento#article\",\"isPartOf\":{\"@id\":\"https:\\\/\\\/www.revuemusicale.ch\\\/critiques\\\/livres-et-partitions\\\/2015\\\/01\\\/un-maitre-de-lopera-du-seicento\"},\"author\":{\"name\":\"Musikzeitung-Redaktion\",\"@id\":\"https:\\\/\\\/www.revuemusicale.ch\\\/#\\\/schema\\\/person\\\/b2fd892c800856270b9dcc6001265712\"},\"headline\":\"Un ma\u00eetre de l\u2019op\u00e9ra du Seicento\",\"datePublished\":\"2015-01-21T23:00:00+00:00\",\"dateModified\":\"2024-08-16T12:39:44+00:00\",\"mainEntityOfPage\":{\"@id\":\"https:\\\/\\\/www.revuemusicale.ch\\\/critiques\\\/livres-et-partitions\\\/2015\\\/01\\\/un-maitre-de-lopera-du-seicento\"},\"wordCount\":467,\"publisher\":{\"@id\":\"https:\\\/\\\/www.revuemusicale.ch\\\/#organization\"},\"image\":{\"@id\":\"https:\\\/\\\/www.revuemusicale.ch\\\/critiques\\\/livres-et-partitions\\\/2015\\\/01\\\/un-maitre-de-lopera-du-seicento#primaryimage\"},\"thumbnailUrl\":\"https:\\\/\\\/www.revuemusicale.ch\\\/wp-content\\\/uploads\\\/2023\\\/01\\\/San.jpg\",\"articleSection\":[\"Critiques\",\"Livres et partitions\"],\"inLanguage\":\"en-US\"},{\"@type\":\"WebPage\",\"@id\":\"https:\\\/\\\/www.revuemusicale.ch\\\/critiques\\\/livres-et-partitions\\\/2015\\\/01\\\/un-maitre-de-lopera-du-seicento\",\"url\":\"https:\\\/\\\/www.revuemusicale.ch\\\/critiques\\\/livres-et-partitions\\\/2015\\\/01\\\/un-maitre-de-lopera-du-seicento\",\"name\":\"Un ma\u00eetre de l\u2019op\u00e9ra du Seicento - Revue Musicale Suisse\",\"isPartOf\":{\"@id\":\"https:\\\/\\\/www.revuemusicale.ch\\\/#website\"},\"primaryImageOfPage\":{\"@id\":\"https:\\\/\\\/www.revuemusicale.ch\\\/critiques\\\/livres-et-partitions\\\/2015\\\/01\\\/un-maitre-de-lopera-du-seicento#primaryimage\"},\"image\":{\"@id\":\"https:\\\/\\\/www.revuemusicale.ch\\\/critiques\\\/livres-et-partitions\\\/2015\\\/01\\\/un-maitre-de-lopera-du-seicento#primaryimage\"},\"thumbnailUrl\":\"https:\\\/\\\/www.revuemusicale.ch\\\/wp-content\\\/uploads\\\/2023\\\/01\\\/San.jpg\",\"datePublished\":\"2015-01-21T23:00:00+00:00\",\"dateModified\":\"2024-08-16T12:39:44+00:00\",\"breadcrumb\":{\"@id\":\"https:\\\/\\\/www.revuemusicale.ch\\\/critiques\\\/livres-et-partitions\\\/2015\\\/01\\\/un-maitre-de-lopera-du-seicento#breadcrumb\"},\"inLanguage\":\"en-US\",\"potentialAction\":[{\"@type\":\"ReadAction\",\"target\":[\"https:\\\/\\\/www.revuemusicale.ch\\\/critiques\\\/livres-et-partitions\\\/2015\\\/01\\\/un-maitre-de-lopera-du-seicento\"]}]},{\"@type\":\"ImageObject\",\"inLanguage\":\"en-US\",\"@id\":\"https:\\\/\\\/www.revuemusicale.ch\\\/critiques\\\/livres-et-partitions\\\/2015\\\/01\\\/un-maitre-de-lopera-du-seicento#primaryimage\",\"url\":\"https:\\\/\\\/www.revuemusicale.ch\\\/wp-content\\\/uploads\\\/2023\\\/01\\\/San.jpg\",\"contentUrl\":\"https:\\\/\\\/www.revuemusicale.ch\\\/wp-content\\\/uploads\\\/2023\\\/01\\\/San.jpg\",\"width\":554,\"height\":369},{\"@type\":\"BreadcrumbList\",\"@id\":\"https:\\\/\\\/www.revuemusicale.ch\\\/critiques\\\/livres-et-partitions\\\/2015\\\/01\\\/un-maitre-de-lopera-du-seicento#breadcrumb\",\"itemListElement\":[{\"@type\":\"ListItem\",\"position\":1,\"name\":\"Home\",\"item\":\"https:\\\/\\\/www.revuemusicale.ch\\\/\"},{\"@type\":\"ListItem\",\"position\":2,\"name\":\"Un ma\u00eetre de l\u2019op\u00e9ra du Seicento\"}]},{\"@type\":\"WebSite\",\"@id\":\"https:\\\/\\\/www.revuemusicale.ch\\\/#website\",\"url\":\"https:\\\/\\\/www.revuemusicale.ch\\\/\",\"name\":\"Revue Musicale Suisse\",\"description\":\"\",\"publisher\":{\"@id\":\"https:\\\/\\\/www.revuemusicale.ch\\\/#organization\"},\"potentialAction\":[{\"@type\":\"SearchAction\",\"target\":{\"@type\":\"EntryPoint\",\"urlTemplate\":\"https:\\\/\\\/www.revuemusicale.ch\\\/?s={search_term_string}\"},\"query-input\":{\"@type\":\"PropertyValueSpecification\",\"valueRequired\":true,\"valueName\":\"search_term_string\"}}],\"inLanguage\":\"en-US\"},{\"@type\":\"Organization\",\"@id\":\"https:\\\/\\\/www.revuemusicale.ch\\\/#organization\",\"name\":\"Revue Musicale Suisse\",\"url\":\"https:\\\/\\\/www.revuemusicale.ch\\\/\",\"logo\":{\"@type\":\"ImageObject\",\"inLanguage\":\"en-US\",\"@id\":\"https:\\\/\\\/www.revuemusicale.ch\\\/#\\\/schema\\\/logo\\\/image\\\/\",\"url\":\"https:\\\/\\\/www.revuemusicale.ch\\\/wp-content\\\/uploads\\\/2023\\\/01\\\/logo_revuemusicale_musikzeitung.jpg\",\"contentUrl\":\"https:\\\/\\\/www.revuemusicale.ch\\\/wp-content\\\/uploads\\\/2023\\\/01\\\/logo_revuemusicale_musikzeitung.jpg\",\"width\":1200,\"height\":243,\"caption\":\"Revue Musicale Suisse\"},\"image\":{\"@id\":\"https:\\\/\\\/www.revuemusicale.ch\\\/#\\\/schema\\\/logo\\\/image\\\/\"},\"sameAs\":[\"https:\\\/\\\/www.facebook.com\\\/SchweizerMusikzeitung\\\/\",\"https:\\\/\\\/x.com\\\/smusikzeitung\",\"https:\\\/\\\/www.instagram.com\\\/musikzeitung.ch\\\/?hl=de\"]},{\"@type\":\"Person\",\"@id\":\"https:\\\/\\\/www.revuemusicale.ch\\\/#\\\/schema\\\/person\\\/b2fd892c800856270b9dcc6001265712\",\"name\":\"Musikzeitung-Redaktion\",\"image\":{\"@type\":\"ImageObject\",\"inLanguage\":\"en-US\",\"@id\":\"https:\\\/\\\/secure.gravatar.com\\\/avatar\\\/0c7e6a405862e402eb76a70f8a26fc732d07c32931e9fae9ab1582911d2e8a3b?s=96&d=mm&r=g\",\"url\":\"https:\\\/\\\/secure.gravatar.com\\\/avatar\\\/0c7e6a405862e402eb76a70f8a26fc732d07c32931e9fae9ab1582911d2e8a3b?s=96&d=mm&r=g\",\"contentUrl\":\"https:\\\/\\\/secure.gravatar.com\\\/avatar\\\/0c7e6a405862e402eb76a70f8a26fc732d07c32931e9fae9ab1582911d2e8a3b?s=96&d=mm&r=g\",\"caption\":\"Musikzeitung-Redaktion\"},\"sameAs\":[\"http:\\\/\\\/wundo-docker.io\"],\"url\":\"https:\\\/\\\/www.revuemusicale.ch\\\/en\\\/author\\\/admin\"}]}<\/script>\n<!-- \/ Yoast SEO plugin. -->","yoast_head_json":{"title":"Un ma\u00eetre de l\u2019op\u00e9ra du Seicento - Revue Musicale Suisse","robots":{"index":"index","follow":"follow","max-snippet":"max-snippet:-1","max-image-preview":"max-image-preview:large","max-video-preview":"max-video-preview:-1"},"canonical":"https:\/\/www.revuemusicale.ch\/en\/critiques\/livres-et-partitions\/2015\/01\/un-maitre-de-lopera-du-seicento\/","og_locale":"en_US","og_type":"article","og_title":"Un ma\u00eetre de l\u2019op\u00e9ra du Seicento - Revue Musicale Suisse","og_description":"Paru dans la s\u00e9rie de biographies de compositeurs publi\u00e9es par Actes Sud, l\u2019ouvrage d\u2019Olivier Lexa situe avec pr\u00e9cision la vie et l\u2019\u0153uvre de Francesco Cavalli (1602\u20131676) dans leur contexte politique, social et artistique.","og_url":"https:\/\/www.revuemusicale.ch\/en\/critiques\/livres-et-partitions\/2015\/01\/un-maitre-de-lopera-du-seicento\/","og_site_name":"Revue Musicale Suisse","article_publisher":"https:\/\/www.facebook.com\/SchweizerMusikzeitung\/","article_published_time":"2015-01-21T23:00:00+00:00","article_modified_time":"2024-08-16T12:39:44+00:00","og_image":[{"width":554,"height":369,"url":"https:\/\/www.revuemusicale.ch\/wp-content\/uploads\/2023\/01\/San.jpg","type":"image\/jpeg"}],"author":"Musikzeitung-Redaktion","twitter_card":"summary_large_image","twitter_creator":"@smusikzeitung","twitter_site":"@smusikzeitung","twitter_misc":{"Written by":"Musikzeitung-Redaktion","Est. reading time":"3 minutes"},"schema":{"@context":"https:\/\/schema.org","@graph":[{"@type":"Article","@id":"https:\/\/www.revuemusicale.ch\/critiques\/livres-et-partitions\/2015\/01\/un-maitre-de-lopera-du-seicento#article","isPartOf":{"@id":"https:\/\/www.revuemusicale.ch\/critiques\/livres-et-partitions\/2015\/01\/un-maitre-de-lopera-du-seicento"},"author":{"name":"Musikzeitung-Redaktion","@id":"https:\/\/www.revuemusicale.ch\/#\/schema\/person\/b2fd892c800856270b9dcc6001265712"},"headline":"Un ma\u00eetre de l\u2019op\u00e9ra du Seicento","datePublished":"2015-01-21T23:00:00+00:00","dateModified":"2024-08-16T12:39:44+00:00","mainEntityOfPage":{"@id":"https:\/\/www.revuemusicale.ch\/critiques\/livres-et-partitions\/2015\/01\/un-maitre-de-lopera-du-seicento"},"wordCount":467,"publisher":{"@id":"https:\/\/www.revuemusicale.ch\/#organization"},"image":{"@id":"https:\/\/www.revuemusicale.ch\/critiques\/livres-et-partitions\/2015\/01\/un-maitre-de-lopera-du-seicento#primaryimage"},"thumbnailUrl":"https:\/\/www.revuemusicale.ch\/wp-content\/uploads\/2023\/01\/San.jpg","articleSection":["Critiques","Livres et partitions"],"inLanguage":"en-US"},{"@type":"WebPage","@id":"https:\/\/www.revuemusicale.ch\/critiques\/livres-et-partitions\/2015\/01\/un-maitre-de-lopera-du-seicento","url":"https:\/\/www.revuemusicale.ch\/critiques\/livres-et-partitions\/2015\/01\/un-maitre-de-lopera-du-seicento","name":"Un ma\u00eetre de l\u2019op\u00e9ra du Seicento - Revue Musicale Suisse","isPartOf":{"@id":"https:\/\/www.revuemusicale.ch\/#website"},"primaryImageOfPage":{"@id":"https:\/\/www.revuemusicale.ch\/critiques\/livres-et-partitions\/2015\/01\/un-maitre-de-lopera-du-seicento#primaryimage"},"image":{"@id":"https:\/\/www.revuemusicale.ch\/critiques\/livres-et-partitions\/2015\/01\/un-maitre-de-lopera-du-seicento#primaryimage"},"thumbnailUrl":"https:\/\/www.revuemusicale.ch\/wp-content\/uploads\/2023\/01\/San.jpg","datePublished":"2015-01-21T23:00:00+00:00","dateModified":"2024-08-16T12:39:44+00:00","breadcrumb":{"@id":"https:\/\/www.revuemusicale.ch\/critiques\/livres-et-partitions\/2015\/01\/un-maitre-de-lopera-du-seicento#breadcrumb"},"inLanguage":"en-US","potentialAction":[{"@type":"ReadAction","target":["https:\/\/www.revuemusicale.ch\/critiques\/livres-et-partitions\/2015\/01\/un-maitre-de-lopera-du-seicento"]}]},{"@type":"ImageObject","inLanguage":"en-US","@id":"https:\/\/www.revuemusicale.ch\/critiques\/livres-et-partitions\/2015\/01\/un-maitre-de-lopera-du-seicento#primaryimage","url":"https:\/\/www.revuemusicale.ch\/wp-content\/uploads\/2023\/01\/San.jpg","contentUrl":"https:\/\/www.revuemusicale.ch\/wp-content\/uploads\/2023\/01\/San.jpg","width":554,"height":369},{"@type":"BreadcrumbList","@id":"https:\/\/www.revuemusicale.ch\/critiques\/livres-et-partitions\/2015\/01\/un-maitre-de-lopera-du-seicento#breadcrumb","itemListElement":[{"@type":"ListItem","position":1,"name":"Home","item":"https:\/\/www.revuemusicale.ch\/"},{"@type":"ListItem","position":2,"name":"Un ma\u00eetre de l\u2019op\u00e9ra du Seicento"}]},{"@type":"WebSite","@id":"https:\/\/www.revuemusicale.ch\/#website","url":"https:\/\/www.revuemusicale.ch\/","name":"Swiss Music Review","description":"","publisher":{"@id":"https:\/\/www.revuemusicale.ch\/#organization"},"potentialAction":[{"@type":"SearchAction","target":{"@type":"EntryPoint","urlTemplate":"https:\/\/www.revuemusicale.ch\/?s={search_term_string}"},"query-input":{"@type":"PropertyValueSpecification","valueRequired":true,"valueName":"search_term_string"}}],"inLanguage":"en-US"},{"@type":"Organization","@id":"https:\/\/www.revuemusicale.ch\/#organization","name":"Swiss Music Review","url":"https:\/\/www.revuemusicale.ch\/","logo":{"@type":"ImageObject","inLanguage":"en-US","@id":"https:\/\/www.revuemusicale.ch\/#\/schema\/logo\/image\/","url":"https:\/\/www.revuemusicale.ch\/wp-content\/uploads\/2023\/01\/logo_revuemusicale_musikzeitung.jpg","contentUrl":"https:\/\/www.revuemusicale.ch\/wp-content\/uploads\/2023\/01\/logo_revuemusicale_musikzeitung.jpg","width":1200,"height":243,"caption":"Revue Musicale Suisse"},"image":{"@id":"https:\/\/www.revuemusicale.ch\/#\/schema\/logo\/image\/"},"sameAs":["https:\/\/www.facebook.com\/SchweizerMusikzeitung\/","https:\/\/x.com\/smusikzeitung","https:\/\/www.instagram.com\/musikzeitung.ch\/?hl=de"]},{"@type":"Person","@id":"https:\/\/www.revuemusicale.ch\/#\/schema\/person\/b2fd892c800856270b9dcc6001265712","name":"Musikzeitung-Redaktion","image":{"@type":"ImageObject","inLanguage":"en-US","@id":"https:\/\/secure.gravatar.com\/avatar\/0c7e6a405862e402eb76a70f8a26fc732d07c32931e9fae9ab1582911d2e8a3b?s=96&d=mm&r=g","url":"https:\/\/secure.gravatar.com\/avatar\/0c7e6a405862e402eb76a70f8a26fc732d07c32931e9fae9ab1582911d2e8a3b?s=96&d=mm&r=g","contentUrl":"https:\/\/secure.gravatar.com\/avatar\/0c7e6a405862e402eb76a70f8a26fc732d07c32931e9fae9ab1582911d2e8a3b?s=96&d=mm&r=g","caption":"Musikzeitung-Redaktion"},"sameAs":["http:\/\/wundo-docker.io"],"url":"https:\/\/www.revuemusicale.ch\/en\/author\/admin"}]}},"publishpress_future_action":{"enabled":false,"date":"1970-01-01 01:00:00","action":"change-status","newStatus":"draft","terms":[],"taxonomy":"category","extraData":[]},"publishpress_future_workflow_manual_trigger":{"enabledWorkflows":[]},"_links":{"self":[{"href":"https:\/\/www.revuemusicale.ch\/en\/wp-json\/wp\/v2\/posts\/23047","targetHints":{"allow":["GET"]}}],"collection":[{"href":"https:\/\/www.revuemusicale.ch\/en\/wp-json\/wp\/v2\/posts"}],"about":[{"href":"https:\/\/www.revuemusicale.ch\/en\/wp-json\/wp\/v2\/types\/post"}],"author":[{"embeddable":true,"href":"https:\/\/www.revuemusicale.ch\/en\/wp-json\/wp\/v2\/users\/1"}],"replies":[{"embeddable":true,"href":"https:\/\/www.revuemusicale.ch\/en\/wp-json\/wp\/v2\/comments?post=23047"}],"version-history":[{"count":3,"href":"https:\/\/www.revuemusicale.ch\/en\/wp-json\/wp\/v2\/posts\/23047\/revisions"}],"predecessor-version":[{"id":30810,"href":"https:\/\/www.revuemusicale.ch\/en\/wp-json\/wp\/v2\/posts\/23047\/revisions\/30810"}],"wp:featuredmedia":[{"embeddable":true,"href":"https:\/\/www.revuemusicale.ch\/en\/wp-json\/wp\/v2\/media\/23048"}],"wp:attachment":[{"href":"https:\/\/www.revuemusicale.ch\/en\/wp-json\/wp\/v2\/media?parent=23047"}],"wp:term":[{"taxonomy":"category","embeddable":true,"href":"https:\/\/www.revuemusicale.ch\/en\/wp-json\/wp\/v2\/categories?post=23047"},{"taxonomy":"post_tag","embeddable":true,"href":"https:\/\/www.revuemusicale.ch\/en\/wp-json\/wp\/v2\/tags?post=23047"}],"curies":[{"name":"wp","href":"https:\/\/api.w.org\/{rel}","templated":true}]}}