{"id":23293,"date":"2020-06-23T00:00:00","date_gmt":"2020-06-22T22:00:00","guid":{"rendered":"https:\/\/www.revuemusicale.ch\/blog\/2020\/06\/23\/les-operas-de-leonard-de-vinci\/"},"modified":"2024-08-16T10:43:37","modified_gmt":"2024-08-16T08:43:37","slug":"les-operas-de-leonard-de-vinci","status":"publish","type":"post","link":"https:\/\/www.revuemusicale.ch\/en\/critiques\/livres-et-partitions\/2020\/06\/les-operas-de-leonard-de-vinci","title":{"rendered":"Leonardo da Vinci's operas"},"content":{"rendered":"<figure style=\"width: 554px\" class=\"wp-caption alignnone\"><img loading=\"lazy\" decoding=\"async\" src=\"https:\/\/www.revuemusicale.ch\/wp-content\/uploads\/2023\/01\/Marcantonio-Raimondo-Leonard-de-Vinci-a-la-lira-da-braccio.jpg\" alt=\"\" width=\"554\" height=\"421\" \/><figcaption class=\"wp-caption-text\">Leonardo da Vinci, as a new Orpheus, playing the lira da braccio. Drawing by Marcantonio Raimondo, DR \/ Cleveland Museum of Art, Dudley P. Allen Fund 1930.579<\/figcaption><\/figure>\n<div class=\"text-section\">\n<p>Among the many facets of Leonardo da Vinci's genius, his musical and stage skills are all too often overlooked. This book, published by Editions du Cerf and written by Olivier Lexa, a great connoisseur of Italian music and the history of opera, ideally fills this gap. The universal polymath had not only invented several instruments and studied acoustics and the mechanism of the voice and its projection in depth, he was also renowned in his day as one of the best players of the lira da braccio, with which he improvised while singing. As an organizer of sumptuous shows, he imagined automata and machines that allowed the scenery to be transformed on sight, recreated the curtain and stage frame inspired by the theater of Antiquity, and conceived an innovative scenography corresponding to his dynamic vision where everything proceeds from movement, the principle of all life. Dramatic poems on secular subjects, with accompanied monody, chorus, orchestra, corporal expression, costumes, sets, machinery and lighting, Leonardo's four operatic works, including his last two, can be considered true operas, <em>Danae<\/em> and the <em>Fabula di Orfeo,<\/em> free themselves from the context of the representation of power. In spite of the sources provided by booklets, preparatory drawings and period testimonies, the absence of scores and the still too marked lack of interest in Quattrocento theatrical production have overshadowed this important milestone, retaining as proto-opera only the creations of the Camerata fiorentina, a century later. Abundantly documented, this book also addresses Leonardo's literary knowledge (far more extensive than a widespread misconception would have us believe) and philosophical foundations, as well as the stage innovations of his time, and includes sixty full-color illustrations and extensive appendices, including two libretti in extenso.<\/p>\n<\/div>\n<div class=\"text-section\">\n<dl class=\"picture media photo\">\n<dt><img decoding=\"async\" class=\"media photo aligncenter\" src=\"https:\/\/www.revuemusicale.ch\/wp-content\/uploads\/2023\/01\/07_crit_buch_Mettraux.jpg\" alt=\"Image \" \/><\/dt>\n<\/dl>\n<\/div>\n<div class=\"text-section\">\n<p><em>Olivier Lexa: Leonardo da Vinci. L'invention de l'op\u00e9ra, 426 p., \u20ac 30.00, \u00c9ditions du Cerf, Paris 2019, ISBN 9782204134545<\/em><\/p>\n<\/div>","protected":false},"excerpt":{"rendered":"<p><strong>Olivier Lexa looks at the polymath and his musical and stage skills. <\/strong><\/p>","protected":false},"author":1,"featured_media":23294,"comment_status":"closed","ping_status":"closed","sticky":false,"template":"","format":"standard","meta":{"_acf_changed":false,"_relevanssi_hide_post":"","_relevanssi_hide_content":"","_relevanssi_pin_for_all":"","_relevanssi_pin_keywords":"","_relevanssi_unpin_keywords":"","_relevanssi_related_keywords":"","_relevanssi_related_include_ids":"","_relevanssi_related_exclude_ids":"","_relevanssi_related_no_append":"","_relevanssi_related_not_related":"","_relevanssi_related_posts":"","_relevanssi_noindex_reason":"","pgc_sgb_lightbox_settings":"","footnotes":""},"categories":[1614,1616],"tags":[],"class_list":["post-23293","post","type-post","status-publish","format-standard","has-post-thumbnail","hentry","category-critiques","category-livres-et-partitions"],"acf":[],"yoast_head":"<!-- This site is optimized with the Yoast SEO plugin v27.3 - https:\/\/yoast.com\/product\/yoast-seo-wordpress\/ -->\n<title>Les op\u00e9ras de L\u00e9onard de Vinci - Revue Musicale Suisse<\/title>\n<meta name=\"robots\" content=\"index, follow, max-snippet:-1, max-image-preview:large, max-video-preview:-1\" \/>\n<link rel=\"canonical\" href=\"https:\/\/www.revuemusicale.ch\/en\/critiques\/livres-et-partitions\/2020\/06\/les-operas-de-leonard-de-vinci\/\" \/>\n<meta property=\"og:locale\" content=\"en_US\" \/>\n<meta property=\"og:type\" content=\"article\" \/>\n<meta property=\"og:title\" content=\"Les op\u00e9ras de L\u00e9onard de Vinci - Revue Musicale Suisse\" \/>\n<meta property=\"og:description\" content=\"Olivier Lexa se penche sur le polymathe et ses comp\u00e9tences musicales et sc\u00e9niques.\" \/>\n<meta property=\"og:url\" content=\"https:\/\/www.revuemusicale.ch\/en\/critiques\/livres-et-partitions\/2020\/06\/les-operas-de-leonard-de-vinci\/\" \/>\n<meta property=\"og:site_name\" content=\"Revue Musicale Suisse\" \/>\n<meta property=\"article:publisher\" content=\"https:\/\/www.facebook.com\/SchweizerMusikzeitung\/\" \/>\n<meta property=\"article:published_time\" content=\"2020-06-22T22:00:00+00:00\" \/>\n<meta property=\"article:modified_time\" content=\"2024-08-16T08:43:37+00:00\" \/>\n<meta property=\"og:image\" content=\"https:\/\/www.revuemusicale.ch\/wp-content\/uploads\/2023\/01\/Marcantonio-Raimondo-Leonard-de-Vinci-a-la-lira-da-braccio.jpg\" \/>\n\t<meta property=\"og:image:width\" content=\"554\" \/>\n\t<meta property=\"og:image:height\" content=\"421\" \/>\n\t<meta property=\"og:image:type\" content=\"image\/jpeg\" \/>\n<meta name=\"author\" content=\"Musikzeitung-Redaktion\" \/>\n<meta name=\"twitter:card\" content=\"summary_large_image\" \/>\n<meta name=\"twitter:creator\" content=\"@smusikzeitung\" \/>\n<meta name=\"twitter:site\" content=\"@smusikzeitung\" \/>\n<meta name=\"twitter:label1\" content=\"Written by\" \/>\n\t<meta name=\"twitter:data1\" content=\"Musikzeitung-Redaktion\" \/>\n\t<meta name=\"twitter:label2\" content=\"Est. reading time\" \/>\n\t<meta name=\"twitter:data2\" content=\"3 minutes\" \/>\n<script type=\"application\/ld+json\" class=\"yoast-schema-graph\">{\"@context\":\"https:\\\/\\\/schema.org\",\"@graph\":[{\"@type\":\"Article\",\"@id\":\"https:\\\/\\\/www.revuemusicale.ch\\\/critiques\\\/livres-et-partitions\\\/2020\\\/06\\\/les-operas-de-leonard-de-vinci#article\",\"isPartOf\":{\"@id\":\"https:\\\/\\\/www.revuemusicale.ch\\\/critiques\\\/livres-et-partitions\\\/2020\\\/06\\\/les-operas-de-leonard-de-vinci\"},\"author\":{\"name\":\"Musikzeitung-Redaktion\",\"@id\":\"https:\\\/\\\/www.revuemusicale.ch\\\/#\\\/schema\\\/person\\\/b2fd892c800856270b9dcc6001265712\"},\"headline\":\"Les op\u00e9ras de L\u00e9onard de Vinci\",\"datePublished\":\"2020-06-22T22:00:00+00:00\",\"dateModified\":\"2024-08-16T08:43:37+00:00\",\"mainEntityOfPage\":{\"@id\":\"https:\\\/\\\/www.revuemusicale.ch\\\/critiques\\\/livres-et-partitions\\\/2020\\\/06\\\/les-operas-de-leonard-de-vinci\"},\"wordCount\":395,\"publisher\":{\"@id\":\"https:\\\/\\\/www.revuemusicale.ch\\\/#organization\"},\"image\":{\"@id\":\"https:\\\/\\\/www.revuemusicale.ch\\\/critiques\\\/livres-et-partitions\\\/2020\\\/06\\\/les-operas-de-leonard-de-vinci#primaryimage\"},\"thumbnailUrl\":\"https:\\\/\\\/www.revuemusicale.ch\\\/wp-content\\\/uploads\\\/2023\\\/01\\\/Marcantonio-Raimondo-Leonard-de-Vinci-a-la-lira-da-braccio.jpg\",\"articleSection\":[\"Critiques\",\"Livres et partitions\"],\"inLanguage\":\"en-US\"},{\"@type\":\"WebPage\",\"@id\":\"https:\\\/\\\/www.revuemusicale.ch\\\/critiques\\\/livres-et-partitions\\\/2020\\\/06\\\/les-operas-de-leonard-de-vinci\",\"url\":\"https:\\\/\\\/www.revuemusicale.ch\\\/critiques\\\/livres-et-partitions\\\/2020\\\/06\\\/les-operas-de-leonard-de-vinci\",\"name\":\"Les op\u00e9ras de L\u00e9onard de Vinci - Revue Musicale Suisse\",\"isPartOf\":{\"@id\":\"https:\\\/\\\/www.revuemusicale.ch\\\/#website\"},\"primaryImageOfPage\":{\"@id\":\"https:\\\/\\\/www.revuemusicale.ch\\\/critiques\\\/livres-et-partitions\\\/2020\\\/06\\\/les-operas-de-leonard-de-vinci#primaryimage\"},\"image\":{\"@id\":\"https:\\\/\\\/www.revuemusicale.ch\\\/critiques\\\/livres-et-partitions\\\/2020\\\/06\\\/les-operas-de-leonard-de-vinci#primaryimage\"},\"thumbnailUrl\":\"https:\\\/\\\/www.revuemusicale.ch\\\/wp-content\\\/uploads\\\/2023\\\/01\\\/Marcantonio-Raimondo-Leonard-de-Vinci-a-la-lira-da-braccio.jpg\",\"datePublished\":\"2020-06-22T22:00:00+00:00\",\"dateModified\":\"2024-08-16T08:43:37+00:00\",\"breadcrumb\":{\"@id\":\"https:\\\/\\\/www.revuemusicale.ch\\\/critiques\\\/livres-et-partitions\\\/2020\\\/06\\\/les-operas-de-leonard-de-vinci#breadcrumb\"},\"inLanguage\":\"en-US\",\"potentialAction\":[{\"@type\":\"ReadAction\",\"target\":[\"https:\\\/\\\/www.revuemusicale.ch\\\/critiques\\\/livres-et-partitions\\\/2020\\\/06\\\/les-operas-de-leonard-de-vinci\"]}]},{\"@type\":\"ImageObject\",\"inLanguage\":\"en-US\",\"@id\":\"https:\\\/\\\/www.revuemusicale.ch\\\/critiques\\\/livres-et-partitions\\\/2020\\\/06\\\/les-operas-de-leonard-de-vinci#primaryimage\",\"url\":\"https:\\\/\\\/www.revuemusicale.ch\\\/wp-content\\\/uploads\\\/2023\\\/01\\\/Marcantonio-Raimondo-Leonard-de-Vinci-a-la-lira-da-braccio.jpg\",\"contentUrl\":\"https:\\\/\\\/www.revuemusicale.ch\\\/wp-content\\\/uploads\\\/2023\\\/01\\\/Marcantonio-Raimondo-Leonard-de-Vinci-a-la-lira-da-braccio.jpg\",\"width\":554,\"height\":421},{\"@type\":\"BreadcrumbList\",\"@id\":\"https:\\\/\\\/www.revuemusicale.ch\\\/critiques\\\/livres-et-partitions\\\/2020\\\/06\\\/les-operas-de-leonard-de-vinci#breadcrumb\",\"itemListElement\":[{\"@type\":\"ListItem\",\"position\":1,\"name\":\"Home\",\"item\":\"https:\\\/\\\/www.revuemusicale.ch\\\/\"},{\"@type\":\"ListItem\",\"position\":2,\"name\":\"Les op\u00e9ras de L\u00e9onard de Vinci\"}]},{\"@type\":\"WebSite\",\"@id\":\"https:\\\/\\\/www.revuemusicale.ch\\\/#website\",\"url\":\"https:\\\/\\\/www.revuemusicale.ch\\\/\",\"name\":\"Revue Musicale Suisse\",\"description\":\"\",\"publisher\":{\"@id\":\"https:\\\/\\\/www.revuemusicale.ch\\\/#organization\"},\"potentialAction\":[{\"@type\":\"SearchAction\",\"target\":{\"@type\":\"EntryPoint\",\"urlTemplate\":\"https:\\\/\\\/www.revuemusicale.ch\\\/?s={search_term_string}\"},\"query-input\":{\"@type\":\"PropertyValueSpecification\",\"valueRequired\":true,\"valueName\":\"search_term_string\"}}],\"inLanguage\":\"en-US\"},{\"@type\":\"Organization\",\"@id\":\"https:\\\/\\\/www.revuemusicale.ch\\\/#organization\",\"name\":\"Revue Musicale Suisse\",\"url\":\"https:\\\/\\\/www.revuemusicale.ch\\\/\",\"logo\":{\"@type\":\"ImageObject\",\"inLanguage\":\"en-US\",\"@id\":\"https:\\\/\\\/www.revuemusicale.ch\\\/#\\\/schema\\\/logo\\\/image\\\/\",\"url\":\"https:\\\/\\\/www.revuemusicale.ch\\\/wp-content\\\/uploads\\\/2023\\\/01\\\/logo_revuemusicale_musikzeitung.jpg\",\"contentUrl\":\"https:\\\/\\\/www.revuemusicale.ch\\\/wp-content\\\/uploads\\\/2023\\\/01\\\/logo_revuemusicale_musikzeitung.jpg\",\"width\":1200,\"height\":243,\"caption\":\"Revue Musicale Suisse\"},\"image\":{\"@id\":\"https:\\\/\\\/www.revuemusicale.ch\\\/#\\\/schema\\\/logo\\\/image\\\/\"},\"sameAs\":[\"https:\\\/\\\/www.facebook.com\\\/SchweizerMusikzeitung\\\/\",\"https:\\\/\\\/x.com\\\/smusikzeitung\",\"https:\\\/\\\/www.instagram.com\\\/musikzeitung.ch\\\/?hl=de\"]},{\"@type\":\"Person\",\"@id\":\"https:\\\/\\\/www.revuemusicale.ch\\\/#\\\/schema\\\/person\\\/b2fd892c800856270b9dcc6001265712\",\"name\":\"Musikzeitung-Redaktion\",\"image\":{\"@type\":\"ImageObject\",\"inLanguage\":\"en-US\",\"@id\":\"https:\\\/\\\/secure.gravatar.com\\\/avatar\\\/0c7e6a405862e402eb76a70f8a26fc732d07c32931e9fae9ab1582911d2e8a3b?s=96&d=mm&r=g\",\"url\":\"https:\\\/\\\/secure.gravatar.com\\\/avatar\\\/0c7e6a405862e402eb76a70f8a26fc732d07c32931e9fae9ab1582911d2e8a3b?s=96&d=mm&r=g\",\"contentUrl\":\"https:\\\/\\\/secure.gravatar.com\\\/avatar\\\/0c7e6a405862e402eb76a70f8a26fc732d07c32931e9fae9ab1582911d2e8a3b?s=96&d=mm&r=g\",\"caption\":\"Musikzeitung-Redaktion\"},\"sameAs\":[\"http:\\\/\\\/wundo-docker.io\"],\"url\":\"https:\\\/\\\/www.revuemusicale.ch\\\/en\\\/author\\\/admin\"}]}<\/script>\n<!-- \/ Yoast SEO plugin. -->","yoast_head_json":{"title":"Les op\u00e9ras de L\u00e9onard de Vinci - Revue Musicale Suisse","robots":{"index":"index","follow":"follow","max-snippet":"max-snippet:-1","max-image-preview":"max-image-preview:large","max-video-preview":"max-video-preview:-1"},"canonical":"https:\/\/www.revuemusicale.ch\/en\/critiques\/livres-et-partitions\/2020\/06\/les-operas-de-leonard-de-vinci\/","og_locale":"en_US","og_type":"article","og_title":"Les op\u00e9ras de L\u00e9onard de Vinci - Revue Musicale Suisse","og_description":"Olivier Lexa se penche sur le polymathe et ses comp\u00e9tences musicales et sc\u00e9niques.","og_url":"https:\/\/www.revuemusicale.ch\/en\/critiques\/livres-et-partitions\/2020\/06\/les-operas-de-leonard-de-vinci\/","og_site_name":"Revue Musicale Suisse","article_publisher":"https:\/\/www.facebook.com\/SchweizerMusikzeitung\/","article_published_time":"2020-06-22T22:00:00+00:00","article_modified_time":"2024-08-16T08:43:37+00:00","og_image":[{"width":554,"height":421,"url":"https:\/\/www.revuemusicale.ch\/wp-content\/uploads\/2023\/01\/Marcantonio-Raimondo-Leonard-de-Vinci-a-la-lira-da-braccio.jpg","type":"image\/jpeg"}],"author":"Musikzeitung-Redaktion","twitter_card":"summary_large_image","twitter_creator":"@smusikzeitung","twitter_site":"@smusikzeitung","twitter_misc":{"Written by":"Musikzeitung-Redaktion","Est. reading time":"3 minutes"},"schema":{"@context":"https:\/\/schema.org","@graph":[{"@type":"Article","@id":"https:\/\/www.revuemusicale.ch\/critiques\/livres-et-partitions\/2020\/06\/les-operas-de-leonard-de-vinci#article","isPartOf":{"@id":"https:\/\/www.revuemusicale.ch\/critiques\/livres-et-partitions\/2020\/06\/les-operas-de-leonard-de-vinci"},"author":{"name":"Musikzeitung-Redaktion","@id":"https:\/\/www.revuemusicale.ch\/#\/schema\/person\/b2fd892c800856270b9dcc6001265712"},"headline":"Les op\u00e9ras de L\u00e9onard de Vinci","datePublished":"2020-06-22T22:00:00+00:00","dateModified":"2024-08-16T08:43:37+00:00","mainEntityOfPage":{"@id":"https:\/\/www.revuemusicale.ch\/critiques\/livres-et-partitions\/2020\/06\/les-operas-de-leonard-de-vinci"},"wordCount":395,"publisher":{"@id":"https:\/\/www.revuemusicale.ch\/#organization"},"image":{"@id":"https:\/\/www.revuemusicale.ch\/critiques\/livres-et-partitions\/2020\/06\/les-operas-de-leonard-de-vinci#primaryimage"},"thumbnailUrl":"https:\/\/www.revuemusicale.ch\/wp-content\/uploads\/2023\/01\/Marcantonio-Raimondo-Leonard-de-Vinci-a-la-lira-da-braccio.jpg","articleSection":["Critiques","Livres et partitions"],"inLanguage":"en-US"},{"@type":"WebPage","@id":"https:\/\/www.revuemusicale.ch\/critiques\/livres-et-partitions\/2020\/06\/les-operas-de-leonard-de-vinci","url":"https:\/\/www.revuemusicale.ch\/critiques\/livres-et-partitions\/2020\/06\/les-operas-de-leonard-de-vinci","name":"Les op\u00e9ras de L\u00e9onard de Vinci - Revue Musicale Suisse","isPartOf":{"@id":"https:\/\/www.revuemusicale.ch\/#website"},"primaryImageOfPage":{"@id":"https:\/\/www.revuemusicale.ch\/critiques\/livres-et-partitions\/2020\/06\/les-operas-de-leonard-de-vinci#primaryimage"},"image":{"@id":"https:\/\/www.revuemusicale.ch\/critiques\/livres-et-partitions\/2020\/06\/les-operas-de-leonard-de-vinci#primaryimage"},"thumbnailUrl":"https:\/\/www.revuemusicale.ch\/wp-content\/uploads\/2023\/01\/Marcantonio-Raimondo-Leonard-de-Vinci-a-la-lira-da-braccio.jpg","datePublished":"2020-06-22T22:00:00+00:00","dateModified":"2024-08-16T08:43:37+00:00","breadcrumb":{"@id":"https:\/\/www.revuemusicale.ch\/critiques\/livres-et-partitions\/2020\/06\/les-operas-de-leonard-de-vinci#breadcrumb"},"inLanguage":"en-US","potentialAction":[{"@type":"ReadAction","target":["https:\/\/www.revuemusicale.ch\/critiques\/livres-et-partitions\/2020\/06\/les-operas-de-leonard-de-vinci"]}]},{"@type":"ImageObject","inLanguage":"en-US","@id":"https:\/\/www.revuemusicale.ch\/critiques\/livres-et-partitions\/2020\/06\/les-operas-de-leonard-de-vinci#primaryimage","url":"https:\/\/www.revuemusicale.ch\/wp-content\/uploads\/2023\/01\/Marcantonio-Raimondo-Leonard-de-Vinci-a-la-lira-da-braccio.jpg","contentUrl":"https:\/\/www.revuemusicale.ch\/wp-content\/uploads\/2023\/01\/Marcantonio-Raimondo-Leonard-de-Vinci-a-la-lira-da-braccio.jpg","width":554,"height":421},{"@type":"BreadcrumbList","@id":"https:\/\/www.revuemusicale.ch\/critiques\/livres-et-partitions\/2020\/06\/les-operas-de-leonard-de-vinci#breadcrumb","itemListElement":[{"@type":"ListItem","position":1,"name":"Home","item":"https:\/\/www.revuemusicale.ch\/"},{"@type":"ListItem","position":2,"name":"Les op\u00e9ras de L\u00e9onard de Vinci"}]},{"@type":"WebSite","@id":"https:\/\/www.revuemusicale.ch\/#website","url":"https:\/\/www.revuemusicale.ch\/","name":"Swiss Music Review","description":"","publisher":{"@id":"https:\/\/www.revuemusicale.ch\/#organization"},"potentialAction":[{"@type":"SearchAction","target":{"@type":"EntryPoint","urlTemplate":"https:\/\/www.revuemusicale.ch\/?s={search_term_string}"},"query-input":{"@type":"PropertyValueSpecification","valueRequired":true,"valueName":"search_term_string"}}],"inLanguage":"en-US"},{"@type":"Organization","@id":"https:\/\/www.revuemusicale.ch\/#organization","name":"Swiss Music Review","url":"https:\/\/www.revuemusicale.ch\/","logo":{"@type":"ImageObject","inLanguage":"en-US","@id":"https:\/\/www.revuemusicale.ch\/#\/schema\/logo\/image\/","url":"https:\/\/www.revuemusicale.ch\/wp-content\/uploads\/2023\/01\/logo_revuemusicale_musikzeitung.jpg","contentUrl":"https:\/\/www.revuemusicale.ch\/wp-content\/uploads\/2023\/01\/logo_revuemusicale_musikzeitung.jpg","width":1200,"height":243,"caption":"Revue Musicale Suisse"},"image":{"@id":"https:\/\/www.revuemusicale.ch\/#\/schema\/logo\/image\/"},"sameAs":["https:\/\/www.facebook.com\/SchweizerMusikzeitung\/","https:\/\/x.com\/smusikzeitung","https:\/\/www.instagram.com\/musikzeitung.ch\/?hl=de"]},{"@type":"Person","@id":"https:\/\/www.revuemusicale.ch\/#\/schema\/person\/b2fd892c800856270b9dcc6001265712","name":"Musikzeitung-Redaktion","image":{"@type":"ImageObject","inLanguage":"en-US","@id":"https:\/\/secure.gravatar.com\/avatar\/0c7e6a405862e402eb76a70f8a26fc732d07c32931e9fae9ab1582911d2e8a3b?s=96&d=mm&r=g","url":"https:\/\/secure.gravatar.com\/avatar\/0c7e6a405862e402eb76a70f8a26fc732d07c32931e9fae9ab1582911d2e8a3b?s=96&d=mm&r=g","contentUrl":"https:\/\/secure.gravatar.com\/avatar\/0c7e6a405862e402eb76a70f8a26fc732d07c32931e9fae9ab1582911d2e8a3b?s=96&d=mm&r=g","caption":"Musikzeitung-Redaktion"},"sameAs":["http:\/\/wundo-docker.io"],"url":"https:\/\/www.revuemusicale.ch\/en\/author\/admin"}]}},"publishpress_future_action":{"enabled":false,"date":"1970-01-01 01:00:00","action":"change-status","newStatus":"draft","terms":[],"taxonomy":"category","extraData":[]},"publishpress_future_workflow_manual_trigger":{"enabledWorkflows":[]},"_links":{"self":[{"href":"https:\/\/www.revuemusicale.ch\/en\/wp-json\/wp\/v2\/posts\/23293","targetHints":{"allow":["GET"]}}],"collection":[{"href":"https:\/\/www.revuemusicale.ch\/en\/wp-json\/wp\/v2\/posts"}],"about":[{"href":"https:\/\/www.revuemusicale.ch\/en\/wp-json\/wp\/v2\/types\/post"}],"author":[{"embeddable":true,"href":"https:\/\/www.revuemusicale.ch\/en\/wp-json\/wp\/v2\/users\/1"}],"replies":[{"embeddable":true,"href":"https:\/\/www.revuemusicale.ch\/en\/wp-json\/wp\/v2\/comments?post=23293"}],"version-history":[{"count":4,"href":"https:\/\/www.revuemusicale.ch\/en\/wp-json\/wp\/v2\/posts\/23293\/revisions"}],"predecessor-version":[{"id":30684,"href":"https:\/\/www.revuemusicale.ch\/en\/wp-json\/wp\/v2\/posts\/23293\/revisions\/30684"}],"wp:featuredmedia":[{"embeddable":true,"href":"https:\/\/www.revuemusicale.ch\/en\/wp-json\/wp\/v2\/media\/23294"}],"wp:attachment":[{"href":"https:\/\/www.revuemusicale.ch\/en\/wp-json\/wp\/v2\/media?parent=23293"}],"wp:term":[{"taxonomy":"category","embeddable":true,"href":"https:\/\/www.revuemusicale.ch\/en\/wp-json\/wp\/v2\/categories?post=23293"},{"taxonomy":"post_tag","embeddable":true,"href":"https:\/\/www.revuemusicale.ch\/en\/wp-json\/wp\/v2\/tags?post=23293"}],"curies":[{"name":"wp","href":"https:\/\/api.w.org\/{rel}","templated":true}]}}