{"id":23302,"date":"2020-10-27T00:00:00","date_gmt":"2020-10-26T23:00:00","guid":{"rendered":"https:\/\/www.revuemusicale.ch\/blog\/2020\/10\/27\/esthetiques-contemporaines\/"},"modified":"2024-08-15T16:23:03","modified_gmt":"2024-08-15T14:23:03","slug":"esthetiques-contemporaines","status":"publish","type":"post","link":"https:\/\/www.revuemusicale.ch\/en\/critiques\/livres-et-partitions\/2020\/10\/esthetiques-contemporaines","title":{"rendered":"Contemporary aesthetics"},"content":{"rendered":"<figure style=\"width: 554px\" class=\"wp-caption alignnone\"><img loading=\"lazy\" decoding=\"async\" src=\"https:\/\/www.revuemusicale.ch\/wp-content\/uploads\/2023\/01\/Luis_de_Pablo.jpg\" alt=\"\" width=\"554\" height=\"368\" \/><figcaption class=\"wp-caption-text\">Luis de Pablo 2008. Photo: <a href=\"https:\/\/commons.wikimedia.org\/wiki\/File:Luis_de_Pablo.jpg\" target=\"_blank\" rel=\"noopener\">SIGMA PROJECT \/ wikimedia commons<\/a><\/figcaption><\/figure>\n<div class=\"text-section\">\n<p>Luis de Pablo celebrates his 90th birthday this year. He is a Spanish composer with a universal spirit and a vast cultural background. A passionate propagator of contemporary music - also as an act of resistance against Francoism, before being forced into exile - he is the author of 200 refined scores, a highly personal synthesis of consonance and micro-intervals, free form and complex metre, as well as non-Western music. The book, published by Aedam Musicae, gathers together the composer's letters to musicologist Jean-No\u00ebl von der Weid, each of which is accompanied by an introduction and explanatory notes, interesting additions that shine here and there with the thousand lights of a surrealist imagination or a Baroque virtuosity akin to G\u00f3ngora. Introduced to some remarkable figures of Iberian literature, we come into close contact with the humanist universe of this warm personality, also in an introductory biographical note presenting some of his masterpieces.<\/p>\n<div class=\"text-section\">\n<dl class=\"picture media photo\">\n<dt><img decoding=\"async\" class=\"media photo aligncenter\" src=\"https:\/\/www.revuemusicale.ch\/wp-content\/uploads\/2023\/01\/Luis.jpg\" alt=\"Image \" \/><\/dt>\n<\/dl>\n<\/div>\n<\/div>\n<div>\n<h3 class=\"\">Contemporary music<\/h3>\n<\/div>\n<div class=\"text-section\">\n<p>Since the 1990s, Editions Minerve has produced an excellent series of glossaries, most of them dedicated to musical terminology. In a recently published fourth, revised and expanded edition, renowned musicologist and composer Jean-Yves Bosseur has turned his attention to the vocabulary specific to contemporary music, selecting 94 terms (words, expressions or antinomic pairs), including a number of notions redefined since the middle of the last century (in particular notation), thus exploring a very broad panorama of the artistic, philosophical and theoretical issues underlying the various trends in musical creation today. Not limiting himself to his own definitions, which are clear and precise, he happily complements them with contributions from composers and musicologists, and numerous quotations from texts and positions, some of which have never been published before, providing sometimes contradictory points of view, inviting debate and reflection, and reflecting the welcome diversity of today's aesthetics.<\/p>\n<div class=\"text-section\">\n<dl class=\"picture media photo\">\n<dt><img decoding=\"async\" class=\"media photo aligncenter\" src=\"https:\/\/www.revuemusicale.ch\/wp-content\/uploads\/2023\/01\/11_crit_buch_Mettraux2.jpg\" alt=\"Image \" \/><\/dt>\n<\/dl>\n<\/div>\n<\/div>\n<div>\n<h3 class=\"\">The serial spirit<\/h3>\n<\/div>\n<div class=\"text-section\">\n<p>Another book by J.-Y. Bosseur, published by the same editors, is devoted to the serial spirit in the arts: music, of course, but also literature (Michel Butor and Georges Perec in particular) and the visual arts (from Josef Albers to the present day, via three representatives of Zurich concrete art: Max Bill, Camille Graeser and Richard-Paul Lohse). If, in the aftermath of the war, a form of serialism was sectarianized as an absolute, the founder of the theory of composition with twelve sounds, Schoenberg, never confused ends and means, seeing this tool as a non-hegemonic aid to creation. The moralizing and intolerant attitude of certain followers of post-Webernian serialism has contributed to a negative image of this writing technique, whereas the much freer and more open approaches of Dallapiccola, Henze, Stravinsky and Zimmermann testify to the potential fertility of a method that can be used as ferment for the creative imagination. The author makes no secret of the controversies over who invented the technique (Hauer versus Schoenberg), nor of the paradox between the ultra-determined order of integral serialism and the impression of disorder or staticity in its sound realization, nor the criticisms of composers as diverse as Cage, Carter, Ligeti, Xenakis and Kagel, the latter denouncing the academicism and harmonic taboos of immediate post-war serialism and speaking of \"neurotic hyper-organization\". And yet, in its various metamorphoses, the serial spirit has also inspired many masterpieces, from the Second Viennese School to the present day.<\/p>\n<\/div>\n<div class=\"text-section\">\n<div class=\"text-section\">\n<dl class=\"picture media photo\">\n<dt><img decoding=\"async\" class=\"media photo aligncenter\" src=\"https:\/\/www.revuemusicale.ch\/wp-content\/uploads\/2023\/01\/l_esprit_seriel_570.jpg\" alt=\"Image \" \/><\/dt>\n<\/dl>\n<\/div>\n<p><em>Jean-No\u00ebl von der Weid: Luis de Pablo, b\u00e2tisseur d'essentiel, 144 p., \u20ac 18.00, \u00c9ditions Aedam Musicae, Ch\u00e2teau-Gontier 2020, ISBN 978-2-919046-77-5<\/em><\/p>\n<p><em>Jean-Yves Bosseur: Vocabulaire de la musique contemporaine, Fourth edition, 216 p., \u20ac 19.00, \u00c9ditions Minerve, Paris 2020, ISBN 978-2-86931-158-9<\/em><\/p>\n<p><em>Jean-Yves Bosseur: L'Esprit s\u00e9riel, d'un art \u00e0 l'autre, 200 p., \u20ac 22.00, \u00c9ditions Minerve, Paris 2018, ISBN 978-2-86931-150-3<\/em><\/p>\n<\/div>","protected":false},"excerpt":{"rendered":"<p><strong>Presentation of three works dedicated to 20th- and 21st-century music: letters by Luis de Pablo, a glossary of the main concepts of contemporary music and a study of serialism in the arts.<\/strong><\/p>","protected":false},"author":1,"featured_media":23303,"comment_status":"closed","ping_status":"closed","sticky":false,"template":"","format":"standard","meta":{"_acf_changed":false,"_relevanssi_hide_post":"","_relevanssi_hide_content":"","_relevanssi_pin_for_all":"","_relevanssi_pin_keywords":"","_relevanssi_unpin_keywords":"","_relevanssi_related_keywords":"","_relevanssi_related_include_ids":"","_relevanssi_related_exclude_ids":"","_relevanssi_related_no_append":"","_relevanssi_related_not_related":"","_relevanssi_related_posts":"","_relevanssi_noindex_reason":"","pgc_sgb_lightbox_settings":"","footnotes":""},"categories":[1614,1616],"tags":[],"class_list":["post-23302","post","type-post","status-publish","format-standard","has-post-thumbnail","hentry","category-critiques","category-livres-et-partitions"],"acf":[],"yoast_head":"<!-- This site is optimized with the Yoast SEO plugin v27.3 - https:\/\/yoast.com\/product\/yoast-seo-wordpress\/ -->\n<title>Esth\u00e9tiques contemporaines - Revue Musicale Suisse<\/title>\n<meta name=\"robots\" content=\"index, follow, max-snippet:-1, max-image-preview:large, max-video-preview:-1\" \/>\n<link rel=\"canonical\" href=\"https:\/\/www.revuemusicale.ch\/en\/critiques\/livres-et-partitions\/2020\/10\/esthetiques-contemporaines\/\" \/>\n<meta property=\"og:locale\" content=\"en_US\" \/>\n<meta property=\"og:type\" content=\"article\" \/>\n<meta property=\"og:title\" content=\"Esth\u00e9tiques contemporaines - Revue Musicale Suisse\" \/>\n<meta property=\"og:description\" content=\"Pr\u00e9sentation de trois ouvrages d\u00e9di\u00e9s \u00e0 la musique des 20e et 21e si\u00e8cles : des lettres de Luis de Pablo, un lexique des principales notions de la musique contemporaine et une \u00e9tude sur le s\u00e9rialisme dans les diff\u00e9rents arts.\" \/>\n<meta property=\"og:url\" content=\"https:\/\/www.revuemusicale.ch\/en\/critiques\/livres-et-partitions\/2020\/10\/esthetiques-contemporaines\/\" \/>\n<meta property=\"og:site_name\" content=\"Revue Musicale Suisse\" \/>\n<meta property=\"article:publisher\" content=\"https:\/\/www.facebook.com\/SchweizerMusikzeitung\/\" \/>\n<meta property=\"article:published_time\" content=\"2020-10-26T23:00:00+00:00\" \/>\n<meta property=\"article:modified_time\" content=\"2024-08-15T14:23:03+00:00\" \/>\n<meta property=\"og:image\" content=\"https:\/\/www.revuemusicale.ch\/wp-content\/uploads\/2023\/01\/Luis_de_Pablo.jpg\" \/>\n\t<meta property=\"og:image:width\" content=\"554\" \/>\n\t<meta property=\"og:image:height\" content=\"368\" \/>\n\t<meta property=\"og:image:type\" content=\"image\/jpeg\" \/>\n<meta name=\"author\" content=\"Musikzeitung-Redaktion\" \/>\n<meta name=\"twitter:card\" content=\"summary_large_image\" \/>\n<meta name=\"twitter:creator\" content=\"@smusikzeitung\" \/>\n<meta name=\"twitter:site\" content=\"@smusikzeitung\" \/>\n<meta name=\"twitter:label1\" content=\"Written by\" \/>\n\t<meta name=\"twitter:data1\" content=\"Musikzeitung-Redaktion\" \/>\n\t<meta name=\"twitter:label2\" content=\"Est. reading time\" \/>\n\t<meta name=\"twitter:data2\" content=\"5 minutes\" \/>\n<script type=\"application\/ld+json\" class=\"yoast-schema-graph\">{\"@context\":\"https:\\\/\\\/schema.org\",\"@graph\":[{\"@type\":\"Article\",\"@id\":\"https:\\\/\\\/www.revuemusicale.ch\\\/critiques\\\/livres-et-partitions\\\/2020\\\/10\\\/esthetiques-contemporaines#article\",\"isPartOf\":{\"@id\":\"https:\\\/\\\/www.revuemusicale.ch\\\/critiques\\\/livres-et-partitions\\\/2020\\\/10\\\/esthetiques-contemporaines\"},\"author\":{\"name\":\"Musikzeitung-Redaktion\",\"@id\":\"https:\\\/\\\/www.revuemusicale.ch\\\/#\\\/schema\\\/person\\\/b2fd892c800856270b9dcc6001265712\"},\"headline\":\"Esth\u00e9tiques contemporaines\",\"datePublished\":\"2020-10-26T23:00:00+00:00\",\"dateModified\":\"2024-08-15T14:23:03+00:00\",\"mainEntityOfPage\":{\"@id\":\"https:\\\/\\\/www.revuemusicale.ch\\\/critiques\\\/livres-et-partitions\\\/2020\\\/10\\\/esthetiques-contemporaines\"},\"wordCount\":745,\"publisher\":{\"@id\":\"https:\\\/\\\/www.revuemusicale.ch\\\/#organization\"},\"image\":{\"@id\":\"https:\\\/\\\/www.revuemusicale.ch\\\/critiques\\\/livres-et-partitions\\\/2020\\\/10\\\/esthetiques-contemporaines#primaryimage\"},\"thumbnailUrl\":\"https:\\\/\\\/www.revuemusicale.ch\\\/wp-content\\\/uploads\\\/2023\\\/01\\\/Luis_de_Pablo.jpg\",\"articleSection\":[\"Critiques\",\"Livres et partitions\"],\"inLanguage\":\"en-US\"},{\"@type\":\"WebPage\",\"@id\":\"https:\\\/\\\/www.revuemusicale.ch\\\/critiques\\\/livres-et-partitions\\\/2020\\\/10\\\/esthetiques-contemporaines\",\"url\":\"https:\\\/\\\/www.revuemusicale.ch\\\/critiques\\\/livres-et-partitions\\\/2020\\\/10\\\/esthetiques-contemporaines\",\"name\":\"Esth\u00e9tiques contemporaines - Revue Musicale Suisse\",\"isPartOf\":{\"@id\":\"https:\\\/\\\/www.revuemusicale.ch\\\/#website\"},\"primaryImageOfPage\":{\"@id\":\"https:\\\/\\\/www.revuemusicale.ch\\\/critiques\\\/livres-et-partitions\\\/2020\\\/10\\\/esthetiques-contemporaines#primaryimage\"},\"image\":{\"@id\":\"https:\\\/\\\/www.revuemusicale.ch\\\/critiques\\\/livres-et-partitions\\\/2020\\\/10\\\/esthetiques-contemporaines#primaryimage\"},\"thumbnailUrl\":\"https:\\\/\\\/www.revuemusicale.ch\\\/wp-content\\\/uploads\\\/2023\\\/01\\\/Luis_de_Pablo.jpg\",\"datePublished\":\"2020-10-26T23:00:00+00:00\",\"dateModified\":\"2024-08-15T14:23:03+00:00\",\"breadcrumb\":{\"@id\":\"https:\\\/\\\/www.revuemusicale.ch\\\/critiques\\\/livres-et-partitions\\\/2020\\\/10\\\/esthetiques-contemporaines#breadcrumb\"},\"inLanguage\":\"en-US\",\"potentialAction\":[{\"@type\":\"ReadAction\",\"target\":[\"https:\\\/\\\/www.revuemusicale.ch\\\/critiques\\\/livres-et-partitions\\\/2020\\\/10\\\/esthetiques-contemporaines\"]}]},{\"@type\":\"ImageObject\",\"inLanguage\":\"en-US\",\"@id\":\"https:\\\/\\\/www.revuemusicale.ch\\\/critiques\\\/livres-et-partitions\\\/2020\\\/10\\\/esthetiques-contemporaines#primaryimage\",\"url\":\"https:\\\/\\\/www.revuemusicale.ch\\\/wp-content\\\/uploads\\\/2023\\\/01\\\/Luis_de_Pablo.jpg\",\"contentUrl\":\"https:\\\/\\\/www.revuemusicale.ch\\\/wp-content\\\/uploads\\\/2023\\\/01\\\/Luis_de_Pablo.jpg\",\"width\":554,\"height\":368},{\"@type\":\"BreadcrumbList\",\"@id\":\"https:\\\/\\\/www.revuemusicale.ch\\\/critiques\\\/livres-et-partitions\\\/2020\\\/10\\\/esthetiques-contemporaines#breadcrumb\",\"itemListElement\":[{\"@type\":\"ListItem\",\"position\":1,\"name\":\"Home\",\"item\":\"https:\\\/\\\/www.revuemusicale.ch\\\/\"},{\"@type\":\"ListItem\",\"position\":2,\"name\":\"Esth\u00e9tiques contemporaines\"}]},{\"@type\":\"WebSite\",\"@id\":\"https:\\\/\\\/www.revuemusicale.ch\\\/#website\",\"url\":\"https:\\\/\\\/www.revuemusicale.ch\\\/\",\"name\":\"Revue Musicale Suisse\",\"description\":\"\",\"publisher\":{\"@id\":\"https:\\\/\\\/www.revuemusicale.ch\\\/#organization\"},\"potentialAction\":[{\"@type\":\"SearchAction\",\"target\":{\"@type\":\"EntryPoint\",\"urlTemplate\":\"https:\\\/\\\/www.revuemusicale.ch\\\/?s={search_term_string}\"},\"query-input\":{\"@type\":\"PropertyValueSpecification\",\"valueRequired\":true,\"valueName\":\"search_term_string\"}}],\"inLanguage\":\"en-US\"},{\"@type\":\"Organization\",\"@id\":\"https:\\\/\\\/www.revuemusicale.ch\\\/#organization\",\"name\":\"Revue Musicale Suisse\",\"url\":\"https:\\\/\\\/www.revuemusicale.ch\\\/\",\"logo\":{\"@type\":\"ImageObject\",\"inLanguage\":\"en-US\",\"@id\":\"https:\\\/\\\/www.revuemusicale.ch\\\/#\\\/schema\\\/logo\\\/image\\\/\",\"url\":\"https:\\\/\\\/www.revuemusicale.ch\\\/wp-content\\\/uploads\\\/2023\\\/01\\\/logo_revuemusicale_musikzeitung.jpg\",\"contentUrl\":\"https:\\\/\\\/www.revuemusicale.ch\\\/wp-content\\\/uploads\\\/2023\\\/01\\\/logo_revuemusicale_musikzeitung.jpg\",\"width\":1200,\"height\":243,\"caption\":\"Revue Musicale Suisse\"},\"image\":{\"@id\":\"https:\\\/\\\/www.revuemusicale.ch\\\/#\\\/schema\\\/logo\\\/image\\\/\"},\"sameAs\":[\"https:\\\/\\\/www.facebook.com\\\/SchweizerMusikzeitung\\\/\",\"https:\\\/\\\/x.com\\\/smusikzeitung\",\"https:\\\/\\\/www.instagram.com\\\/musikzeitung.ch\\\/?hl=de\"]},{\"@type\":\"Person\",\"@id\":\"https:\\\/\\\/www.revuemusicale.ch\\\/#\\\/schema\\\/person\\\/b2fd892c800856270b9dcc6001265712\",\"name\":\"Musikzeitung-Redaktion\",\"image\":{\"@type\":\"ImageObject\",\"inLanguage\":\"en-US\",\"@id\":\"https:\\\/\\\/secure.gravatar.com\\\/avatar\\\/0c7e6a405862e402eb76a70f8a26fc732d07c32931e9fae9ab1582911d2e8a3b?s=96&d=mm&r=g\",\"url\":\"https:\\\/\\\/secure.gravatar.com\\\/avatar\\\/0c7e6a405862e402eb76a70f8a26fc732d07c32931e9fae9ab1582911d2e8a3b?s=96&d=mm&r=g\",\"contentUrl\":\"https:\\\/\\\/secure.gravatar.com\\\/avatar\\\/0c7e6a405862e402eb76a70f8a26fc732d07c32931e9fae9ab1582911d2e8a3b?s=96&d=mm&r=g\",\"caption\":\"Musikzeitung-Redaktion\"},\"sameAs\":[\"http:\\\/\\\/wundo-docker.io\"],\"url\":\"https:\\\/\\\/www.revuemusicale.ch\\\/en\\\/author\\\/admin\"}]}<\/script>\n<!-- \/ Yoast SEO plugin. -->","yoast_head_json":{"title":"Esth\u00e9tiques contemporaines - Revue Musicale Suisse","robots":{"index":"index","follow":"follow","max-snippet":"max-snippet:-1","max-image-preview":"max-image-preview:large","max-video-preview":"max-video-preview:-1"},"canonical":"https:\/\/www.revuemusicale.ch\/en\/critiques\/livres-et-partitions\/2020\/10\/esthetiques-contemporaines\/","og_locale":"en_US","og_type":"article","og_title":"Esth\u00e9tiques contemporaines - Revue Musicale Suisse","og_description":"Pr\u00e9sentation de trois ouvrages d\u00e9di\u00e9s \u00e0 la musique des 20e et 21e si\u00e8cles : des lettres de Luis de Pablo, un lexique des principales notions de la musique contemporaine et une \u00e9tude sur le s\u00e9rialisme dans les diff\u00e9rents arts.","og_url":"https:\/\/www.revuemusicale.ch\/en\/critiques\/livres-et-partitions\/2020\/10\/esthetiques-contemporaines\/","og_site_name":"Revue Musicale Suisse","article_publisher":"https:\/\/www.facebook.com\/SchweizerMusikzeitung\/","article_published_time":"2020-10-26T23:00:00+00:00","article_modified_time":"2024-08-15T14:23:03+00:00","og_image":[{"width":554,"height":368,"url":"https:\/\/www.revuemusicale.ch\/wp-content\/uploads\/2023\/01\/Luis_de_Pablo.jpg","type":"image\/jpeg"}],"author":"Musikzeitung-Redaktion","twitter_card":"summary_large_image","twitter_creator":"@smusikzeitung","twitter_site":"@smusikzeitung","twitter_misc":{"Written by":"Musikzeitung-Redaktion","Est. reading time":"5 minutes"},"schema":{"@context":"https:\/\/schema.org","@graph":[{"@type":"Article","@id":"https:\/\/www.revuemusicale.ch\/critiques\/livres-et-partitions\/2020\/10\/esthetiques-contemporaines#article","isPartOf":{"@id":"https:\/\/www.revuemusicale.ch\/critiques\/livres-et-partitions\/2020\/10\/esthetiques-contemporaines"},"author":{"name":"Musikzeitung-Redaktion","@id":"https:\/\/www.revuemusicale.ch\/#\/schema\/person\/b2fd892c800856270b9dcc6001265712"},"headline":"Esth\u00e9tiques contemporaines","datePublished":"2020-10-26T23:00:00+00:00","dateModified":"2024-08-15T14:23:03+00:00","mainEntityOfPage":{"@id":"https:\/\/www.revuemusicale.ch\/critiques\/livres-et-partitions\/2020\/10\/esthetiques-contemporaines"},"wordCount":745,"publisher":{"@id":"https:\/\/www.revuemusicale.ch\/#organization"},"image":{"@id":"https:\/\/www.revuemusicale.ch\/critiques\/livres-et-partitions\/2020\/10\/esthetiques-contemporaines#primaryimage"},"thumbnailUrl":"https:\/\/www.revuemusicale.ch\/wp-content\/uploads\/2023\/01\/Luis_de_Pablo.jpg","articleSection":["Critiques","Livres et partitions"],"inLanguage":"en-US"},{"@type":"WebPage","@id":"https:\/\/www.revuemusicale.ch\/critiques\/livres-et-partitions\/2020\/10\/esthetiques-contemporaines","url":"https:\/\/www.revuemusicale.ch\/critiques\/livres-et-partitions\/2020\/10\/esthetiques-contemporaines","name":"Esth\u00e9tiques contemporaines - Revue Musicale Suisse","isPartOf":{"@id":"https:\/\/www.revuemusicale.ch\/#website"},"primaryImageOfPage":{"@id":"https:\/\/www.revuemusicale.ch\/critiques\/livres-et-partitions\/2020\/10\/esthetiques-contemporaines#primaryimage"},"image":{"@id":"https:\/\/www.revuemusicale.ch\/critiques\/livres-et-partitions\/2020\/10\/esthetiques-contemporaines#primaryimage"},"thumbnailUrl":"https:\/\/www.revuemusicale.ch\/wp-content\/uploads\/2023\/01\/Luis_de_Pablo.jpg","datePublished":"2020-10-26T23:00:00+00:00","dateModified":"2024-08-15T14:23:03+00:00","breadcrumb":{"@id":"https:\/\/www.revuemusicale.ch\/critiques\/livres-et-partitions\/2020\/10\/esthetiques-contemporaines#breadcrumb"},"inLanguage":"en-US","potentialAction":[{"@type":"ReadAction","target":["https:\/\/www.revuemusicale.ch\/critiques\/livres-et-partitions\/2020\/10\/esthetiques-contemporaines"]}]},{"@type":"ImageObject","inLanguage":"en-US","@id":"https:\/\/www.revuemusicale.ch\/critiques\/livres-et-partitions\/2020\/10\/esthetiques-contemporaines#primaryimage","url":"https:\/\/www.revuemusicale.ch\/wp-content\/uploads\/2023\/01\/Luis_de_Pablo.jpg","contentUrl":"https:\/\/www.revuemusicale.ch\/wp-content\/uploads\/2023\/01\/Luis_de_Pablo.jpg","width":554,"height":368},{"@type":"BreadcrumbList","@id":"https:\/\/www.revuemusicale.ch\/critiques\/livres-et-partitions\/2020\/10\/esthetiques-contemporaines#breadcrumb","itemListElement":[{"@type":"ListItem","position":1,"name":"Home","item":"https:\/\/www.revuemusicale.ch\/"},{"@type":"ListItem","position":2,"name":"Esth\u00e9tiques contemporaines"}]},{"@type":"WebSite","@id":"https:\/\/www.revuemusicale.ch\/#website","url":"https:\/\/www.revuemusicale.ch\/","name":"Swiss Music Review","description":"","publisher":{"@id":"https:\/\/www.revuemusicale.ch\/#organization"},"potentialAction":[{"@type":"SearchAction","target":{"@type":"EntryPoint","urlTemplate":"https:\/\/www.revuemusicale.ch\/?s={search_term_string}"},"query-input":{"@type":"PropertyValueSpecification","valueRequired":true,"valueName":"search_term_string"}}],"inLanguage":"en-US"},{"@type":"Organization","@id":"https:\/\/www.revuemusicale.ch\/#organization","name":"Swiss Music Review","url":"https:\/\/www.revuemusicale.ch\/","logo":{"@type":"ImageObject","inLanguage":"en-US","@id":"https:\/\/www.revuemusicale.ch\/#\/schema\/logo\/image\/","url":"https:\/\/www.revuemusicale.ch\/wp-content\/uploads\/2023\/01\/logo_revuemusicale_musikzeitung.jpg","contentUrl":"https:\/\/www.revuemusicale.ch\/wp-content\/uploads\/2023\/01\/logo_revuemusicale_musikzeitung.jpg","width":1200,"height":243,"caption":"Revue Musicale Suisse"},"image":{"@id":"https:\/\/www.revuemusicale.ch\/#\/schema\/logo\/image\/"},"sameAs":["https:\/\/www.facebook.com\/SchweizerMusikzeitung\/","https:\/\/x.com\/smusikzeitung","https:\/\/www.instagram.com\/musikzeitung.ch\/?hl=de"]},{"@type":"Person","@id":"https:\/\/www.revuemusicale.ch\/#\/schema\/person\/b2fd892c800856270b9dcc6001265712","name":"Musikzeitung-Redaktion","image":{"@type":"ImageObject","inLanguage":"en-US","@id":"https:\/\/secure.gravatar.com\/avatar\/0c7e6a405862e402eb76a70f8a26fc732d07c32931e9fae9ab1582911d2e8a3b?s=96&d=mm&r=g","url":"https:\/\/secure.gravatar.com\/avatar\/0c7e6a405862e402eb76a70f8a26fc732d07c32931e9fae9ab1582911d2e8a3b?s=96&d=mm&r=g","contentUrl":"https:\/\/secure.gravatar.com\/avatar\/0c7e6a405862e402eb76a70f8a26fc732d07c32931e9fae9ab1582911d2e8a3b?s=96&d=mm&r=g","caption":"Musikzeitung-Redaktion"},"sameAs":["http:\/\/wundo-docker.io"],"url":"https:\/\/www.revuemusicale.ch\/en\/author\/admin"}]}},"publishpress_future_action":{"enabled":false,"date":"1970-01-01 01:00:00","action":"change-status","newStatus":"draft","terms":[],"taxonomy":"category","extraData":[]},"publishpress_future_workflow_manual_trigger":{"enabledWorkflows":[]},"_links":{"self":[{"href":"https:\/\/www.revuemusicale.ch\/en\/wp-json\/wp\/v2\/posts\/23302","targetHints":{"allow":["GET"]}}],"collection":[{"href":"https:\/\/www.revuemusicale.ch\/en\/wp-json\/wp\/v2\/posts"}],"about":[{"href":"https:\/\/www.revuemusicale.ch\/en\/wp-json\/wp\/v2\/types\/post"}],"author":[{"embeddable":true,"href":"https:\/\/www.revuemusicale.ch\/en\/wp-json\/wp\/v2\/users\/1"}],"replies":[{"embeddable":true,"href":"https:\/\/www.revuemusicale.ch\/en\/wp-json\/wp\/v2\/comments?post=23302"}],"version-history":[{"count":4,"href":"https:\/\/www.revuemusicale.ch\/en\/wp-json\/wp\/v2\/posts\/23302\/revisions"}],"predecessor-version":[{"id":30663,"href":"https:\/\/www.revuemusicale.ch\/en\/wp-json\/wp\/v2\/posts\/23302\/revisions\/30663"}],"wp:featuredmedia":[{"embeddable":true,"href":"https:\/\/www.revuemusicale.ch\/en\/wp-json\/wp\/v2\/media\/23303"}],"wp:attachment":[{"href":"https:\/\/www.revuemusicale.ch\/en\/wp-json\/wp\/v2\/media?parent=23302"}],"wp:term":[{"taxonomy":"category","embeddable":true,"href":"https:\/\/www.revuemusicale.ch\/en\/wp-json\/wp\/v2\/categories?post=23302"},{"taxonomy":"post_tag","embeddable":true,"href":"https:\/\/www.revuemusicale.ch\/en\/wp-json\/wp\/v2\/tags?post=23302"}],"curies":[{"name":"wp","href":"https:\/\/api.w.org\/{rel}","templated":true}]}}