{"id":23364,"date":"2021-10-27T00:00:00","date_gmt":"2021-10-26T22:00:00","guid":{"rendered":"https:\/\/www.revuemusicale.ch\/blog\/2021\/10\/27\/nouveautes-de-contrechamps\/"},"modified":"2024-08-15T10:13:54","modified_gmt":"2024-08-15T08:13:54","slug":"nouveautes-de-contrechamps","status":"publish","type":"post","link":"https:\/\/www.revuemusicale.ch\/en\/critiques\/livres-et-partitions\/2021\/10\/nouveautes-de-contrechamps","title":{"rendered":"New from Contrechamps"},"content":{"rendered":"<figure style=\"width: 554px\" class=\"wp-caption alignnone\"><img loading=\"lazy\" decoding=\"async\" src=\"https:\/\/www.revuemusicale.ch\/wp-content\/uploads\/2023\/01\/bernd-klutsch-NTgngJ8m-uU-unsplash.jpg\" alt=\"\" width=\"554\" height=\"369\" \/><figcaption class=\"wp-caption-text\">Photo: Bernd Klutsch \/ unsplash.com<\/figcaption><\/figure>\n<div class=\"text-section\">\n<p>Intended to present key works of contemporary music, the paperback collection from Editions Contrechamps, launched in 2019, has recently been enriched by two volumes, one of which focuses on a joint composition by Pierre Schaeffer and Pierre Henry, premiered in 1950 at the first ever musique concr\u00e8te concert, the <em>Symphony for a single man<\/em>Lo\u00efc Bertrand's monograph places the work in its immediate post-war context, explaining how the pioneers of acousmatics sought to find a new approach to musical phenomena, to overcome the opposition between noise and sound, and to manifest a new humanism. He also provides an in-depth analysis of the work on sound material, explaining the genesis and history of this emblematic work, its subsequent use in choreography (particularly by B\u00e9jart, but also by Cunningham) and the origins of the rift between the two composers.<\/p>\n<div class=\"text-section\">\n<dl class=\"picture media photo\">\n<dt><img decoding=\"async\" class=\"media photo aligncenter\" src=\"https:\/\/www.revuemusicale.ch\/wp-content\/uploads\/2023\/01\/11_crit_buch_Mettraux1.jpg\" alt=\"Image \" \/><\/dt>\n<\/dl>\n<\/div>\n<\/div>\n<div>\n<h3 class=\"\">On Incises<\/h3>\n<\/div>\n<div class=\"text-section\">\n<p>The other paperback is devoted to <em>on Incises<\/em> for three pianos, three harps and three percussionists (playing mainly two vibraphones and a marimba, as well as steel drums, timpani, crotales, glockenspiel and tubular bells), Boulez's shimmering late composition, lasting almost 40 minutes, reconnects him with non-European music - which had fascinated him since his youth, when he took courses in ethnomusicology - especially the heterophonic rituals of Central Africa and the sounds and rhythms of gamelan. In addition to his close ties with the dedicatee, Paul Sacher, musicologist Peter O'Hagen deciphers the seminal piece for solo piano, <em>Incises<\/em>The book ends with an interview with pianist Dimitri Vassilakis, who was intimately involved in the creation of both works.<\/p>\n<div class=\"text-section\">\n<dl class=\"picture media photo\">\n<dt><img decoding=\"async\" class=\"media photo aligncenter\" src=\"https:\/\/www.revuemusicale.ch\/wp-content\/uploads\/2023\/01\/Boulez-2.jpg\" alt=\"Image \" \/><\/dt>\n<\/dl>\n<\/div>\n<\/div>\n<div>\n<h3 class=\"\">How musical feeling develops<\/h3>\n<\/div>\n<div class=\"text-section\">\n<p>Among the series of writings by musicians and musicographers made accessible to French-speaking readers thanks to the quality and finesse of the translations produced for Contrechamps, the publication of a short work by pianist and musicologist Charles Rosen, <em>Music and feeling<\/em>This book, accompanied by four essays (one of which notes the gradual disappearance of music-lovers' familiarity with scores, and the consequent loss of comparability between interpretations and scores), provides interesting reflections on how musical meaning is constructed, and how music brings tensions and relaxations into play to generate affects, sensations and emotions. Using examples drawn mainly from classicism to the early 20th century, he also addresses stylistic differences in the expression of intensity of feeling, always ensuring that this study is anchored in the lived reality of music. Th\u00e9o B\u00e9laud, a specialist in the author's work, has provided a precise and meticulous presentation and translation.<\/p>\n<div class=\"text-section\">\n<dl class=\"picture media photo\">\n<dt><img decoding=\"async\" class=\"media photo aligncenter\" src=\"https:\/\/www.revuemusicale.ch\/wp-content\/uploads\/2023\/01\/11_crit_buch_Mettraux2-1.jpg\" alt=\"Image \" \/><\/dt>\n<\/dl>\n<\/div>\n<\/div>\n<div>\n<h3 class=\"\">Correspondence over the Iron Curtain<\/h3>\n<\/div>\n<div class=\"text-section\">\n<p>The larger volume (almost 800 pages), with two audio CDs, contains the correspondence between Russian pianist Maria Youdina, a fervent supporter of the music of her time, and her emigrant compatriot, musicographer Pierre Souvtchinsky, and has been prepared, translated and generously annotated by Jean-Pierre Collot. Written between 1959 and his death in 1970 (but spacing out in his last years), Youdina's letters \"with such inspiration, precision and force of expression, are true documents, both historical and human\", in the words of Souvtchinsky, whose messages contrast in their slightly distant, ironic sobriety. Witness to a time when musical Europe was divided into two worlds by a largely impassable border, this exchange is complemented by other letters written or received by the pianist - among the correspondents are Boulez, Denisov, Jolivet, Nono, P\u00e4rt, Stockhausen and Stravinsky, as well as musicologist Prieberg and choreographer Balanchine - as well as texts by the two main protagonists, chrono-biographical references, accounts of the art and personality of this courageous opponent of the Soviet regime, and her discography.<\/p>\n<div class=\"text-section\">\n<dl class=\"picture media photo\">\n<dt><img decoding=\"async\" class=\"media photo aligncenter\" src=\"https:\/\/www.revuemusicale.ch\/wp-content\/uploads\/2023\/01\/Youdina.jpg\" alt=\"Image \" \/><\/dt>\n<\/dl>\n<\/div>\n<\/div>\n<div>\n<h3 class=\"\">Performing Gy\u00f6rgy Kurt\u00e1g<\/h3>\n<\/div>\n<div class=\"text-section\">\n<p>In 2016, a colloquium was held in Paris to mark the 90th birthday of Hungarian composer Gy\u00f6rgy Kurt\u00e1g, known for his penchant for miniatures and fragments, constantly in search of the right sound and the most coherent gesture, both of which routinely become the basic material for his pieces. Editions Hermann has published a selection of ten contributions (three of them in English), some of them aesthetic studies, others musical analyses, by musicologists and performers, including Olivier Cuendet from Lausanne, who has collaborated regularly with the Hungarian master for over thirty years (conducting most of his works and conceiving numerous arrangements). Among the subjects covered are Kurt\u00e1g's inspiration from the music of the past and his avoidance of expressive clich\u00e9s, the importance of the body and movement in musical playing, the quality of silence, and the fundamental relationship between composition, the (often fastidious) indications of the score and interpretation (\"what's behind the notes\", as the composer put it).<\/p>\n<div class=\"text-section\">\n<dl class=\"picture media photo\">\n<dt><img decoding=\"async\" class=\"media photo aligncenter\" src=\"https:\/\/www.revuemusicale.ch\/wp-content\/uploads\/2023\/01\/Mettraux5j.jpeg\" alt=\"Image \" \/><\/dt>\n<\/dl>\n<\/div>\n<p><em>Lo\u00efc Bertrand: Pierre Schaeffer &amp; Pierre Henry - Symphonie pour un homme seul, 248 p., Fr. 15.00, \u00c9ditions Contrechamps, Gen\u00e8ve 2021, ISBN 978-2-940068-65-4<\/em><\/p>\n<p>Peter O'Hagan: Pierre Boulez - on Incises, translated from English by Alfredo Descalzi, 248 p., Fr. 15.00, \u00c9ditions Contrechamps, Geneva 2021, ISBN 978-2-940068-61-6<\/p>\n<\/div>\n<div class=\"text-section\">\n<p><em>Charles Rosen: Musique et sentiment et autres essais, translated and introduced by Th\u00e9o B\u00e9laud, 256 p., Fr. 20.00, \u00c9ditions Contrechamps, Gen\u00e8ve 2020, ISBN 978-2-940068-60-9<\/em><\/p>\n<p>Maria Youdina, Pierre Souvtchinsky: Correspondance et documents (1959-1970), 808 p. + Audio CD, Fr. 28.00, \u00c9ditions Contrechamps, Gen\u00e8ve 2020, ISBN 978-2-940068-59-3<\/p>\n<p><em>Marta Grabocz, Jean-Paul Olive, \u00c1lvaro Oviedo: Gy\u00f6rgy Kurt\u00e1g : les oeuvres et leurs interpr\u00e9tations, 182 p., \u20ac 25.00, \u00c9ditions Hermann, Paris 2021, ISBN 9791037006264<\/em><\/p>\n<\/div>","protected":false},"excerpt":{"rendered":"<p><strong>Two new monographs on key works of the 20th century, a collection of Charles Rosen's writings, the correspondence of legendary Russian pianist Maria Yudina published by Contrechamps, and a collective work devoted to Kurt\u00e1g published by Hermann.<\/strong><\/p>","protected":false},"author":1,"featured_media":23365,"comment_status":"closed","ping_status":"closed","sticky":false,"template":"","format":"standard","meta":{"_acf_changed":false,"_relevanssi_hide_post":"","_relevanssi_hide_content":"","_relevanssi_pin_for_all":"","_relevanssi_pin_keywords":"","_relevanssi_unpin_keywords":"","_relevanssi_related_keywords":"","_relevanssi_related_include_ids":"","_relevanssi_related_exclude_ids":"","_relevanssi_related_no_append":"","_relevanssi_related_not_related":"","_relevanssi_related_posts":"","_relevanssi_noindex_reason":"","pgc_sgb_lightbox_settings":"","footnotes":""},"categories":[1614,1616],"tags":[],"class_list":["post-23364","post","type-post","status-publish","format-standard","has-post-thumbnail","hentry","category-critiques","category-livres-et-partitions"],"acf":[],"yoast_head":"<!-- This site is optimized with the Yoast SEO plugin v27.3 - https:\/\/yoast.com\/product\/yoast-seo-wordpress\/ -->\n<title>Nouveaut\u00e9s de Contrechamps - Revue Musicale Suisse<\/title>\n<meta name=\"robots\" content=\"index, follow, max-snippet:-1, max-image-preview:large, max-video-preview:-1\" \/>\n<link rel=\"canonical\" href=\"https:\/\/www.revuemusicale.ch\/en\/critiques\/livres-et-partitions\/2021\/10\/nouveautes-de-contrechamps\/\" \/>\n<meta property=\"og:locale\" content=\"en_US\" \/>\n<meta property=\"og:type\" content=\"article\" \/>\n<meta property=\"og:title\" content=\"Nouveaut\u00e9s de Contrechamps - Revue Musicale Suisse\" \/>\n<meta property=\"og:description\" content=\"Deux nouvelles monographies d\u2019\u0153uvres marquantes du 20e si\u00e8cle, un recueil d\u2019\u00e9crits de Charles Rosen, la correspondance de la l\u00e9gendaire pianiste russe Maria Yudina aux \u00e9ditions Contrechamps et un ouvrage collectif consacr\u00e9 \u00e0 Kurt\u00e1g aux \u00e9ditions Hermann.\" \/>\n<meta property=\"og:url\" content=\"https:\/\/www.revuemusicale.ch\/en\/critiques\/livres-et-partitions\/2021\/10\/nouveautes-de-contrechamps\/\" \/>\n<meta property=\"og:site_name\" content=\"Revue Musicale Suisse\" \/>\n<meta property=\"article:publisher\" content=\"https:\/\/www.facebook.com\/SchweizerMusikzeitung\/\" \/>\n<meta property=\"article:published_time\" content=\"2021-10-26T22:00:00+00:00\" \/>\n<meta property=\"article:modified_time\" content=\"2024-08-15T08:13:54+00:00\" \/>\n<meta property=\"og:image\" content=\"https:\/\/www.revuemusicale.ch\/wp-content\/uploads\/2023\/01\/bernd-klutsch-NTgngJ8m-uU-unsplash.jpg\" \/>\n\t<meta property=\"og:image:width\" content=\"554\" \/>\n\t<meta property=\"og:image:height\" content=\"369\" \/>\n\t<meta property=\"og:image:type\" content=\"image\/jpeg\" \/>\n<meta name=\"author\" content=\"Musikzeitung-Redaktion\" \/>\n<meta name=\"twitter:card\" content=\"summary_large_image\" \/>\n<meta name=\"twitter:creator\" content=\"@smusikzeitung\" \/>\n<meta name=\"twitter:site\" content=\"@smusikzeitung\" \/>\n<meta name=\"twitter:label1\" content=\"Written by\" \/>\n\t<meta name=\"twitter:data1\" content=\"Musikzeitung-Redaktion\" \/>\n\t<meta name=\"twitter:label2\" content=\"Est. reading time\" \/>\n\t<meta name=\"twitter:data2\" content=\"7 minutes\" \/>\n<script type=\"application\/ld+json\" class=\"yoast-schema-graph\">{\"@context\":\"https:\\\/\\\/schema.org\",\"@graph\":[{\"@type\":\"Article\",\"@id\":\"https:\\\/\\\/www.revuemusicale.ch\\\/critiques\\\/livres-et-partitions\\\/2021\\\/10\\\/nouveautes-de-contrechamps#article\",\"isPartOf\":{\"@id\":\"https:\\\/\\\/www.revuemusicale.ch\\\/critiques\\\/livres-et-partitions\\\/2021\\\/10\\\/nouveautes-de-contrechamps\"},\"author\":{\"name\":\"Musikzeitung-Redaktion\",\"@id\":\"https:\\\/\\\/www.revuemusicale.ch\\\/#\\\/schema\\\/person\\\/b2fd892c800856270b9dcc6001265712\"},\"headline\":\"Nouveaut\u00e9s de Contrechamps\",\"datePublished\":\"2021-10-26T22:00:00+00:00\",\"dateModified\":\"2024-08-15T08:13:54+00:00\",\"mainEntityOfPage\":{\"@id\":\"https:\\\/\\\/www.revuemusicale.ch\\\/critiques\\\/livres-et-partitions\\\/2021\\\/10\\\/nouveautes-de-contrechamps\"},\"wordCount\":1104,\"publisher\":{\"@id\":\"https:\\\/\\\/www.revuemusicale.ch\\\/#organization\"},\"image\":{\"@id\":\"https:\\\/\\\/www.revuemusicale.ch\\\/critiques\\\/livres-et-partitions\\\/2021\\\/10\\\/nouveautes-de-contrechamps#primaryimage\"},\"thumbnailUrl\":\"https:\\\/\\\/www.revuemusicale.ch\\\/wp-content\\\/uploads\\\/2023\\\/01\\\/bernd-klutsch-NTgngJ8m-uU-unsplash.jpg\",\"articleSection\":[\"Critiques\",\"Livres et partitions\"],\"inLanguage\":\"en-US\"},{\"@type\":\"WebPage\",\"@id\":\"https:\\\/\\\/www.revuemusicale.ch\\\/critiques\\\/livres-et-partitions\\\/2021\\\/10\\\/nouveautes-de-contrechamps\",\"url\":\"https:\\\/\\\/www.revuemusicale.ch\\\/critiques\\\/livres-et-partitions\\\/2021\\\/10\\\/nouveautes-de-contrechamps\",\"name\":\"Nouveaut\u00e9s de Contrechamps - Revue Musicale Suisse\",\"isPartOf\":{\"@id\":\"https:\\\/\\\/www.revuemusicale.ch\\\/#website\"},\"primaryImageOfPage\":{\"@id\":\"https:\\\/\\\/www.revuemusicale.ch\\\/critiques\\\/livres-et-partitions\\\/2021\\\/10\\\/nouveautes-de-contrechamps#primaryimage\"},\"image\":{\"@id\":\"https:\\\/\\\/www.revuemusicale.ch\\\/critiques\\\/livres-et-partitions\\\/2021\\\/10\\\/nouveautes-de-contrechamps#primaryimage\"},\"thumbnailUrl\":\"https:\\\/\\\/www.revuemusicale.ch\\\/wp-content\\\/uploads\\\/2023\\\/01\\\/bernd-klutsch-NTgngJ8m-uU-unsplash.jpg\",\"datePublished\":\"2021-10-26T22:00:00+00:00\",\"dateModified\":\"2024-08-15T08:13:54+00:00\",\"breadcrumb\":{\"@id\":\"https:\\\/\\\/www.revuemusicale.ch\\\/critiques\\\/livres-et-partitions\\\/2021\\\/10\\\/nouveautes-de-contrechamps#breadcrumb\"},\"inLanguage\":\"en-US\",\"potentialAction\":[{\"@type\":\"ReadAction\",\"target\":[\"https:\\\/\\\/www.revuemusicale.ch\\\/critiques\\\/livres-et-partitions\\\/2021\\\/10\\\/nouveautes-de-contrechamps\"]}]},{\"@type\":\"ImageObject\",\"inLanguage\":\"en-US\",\"@id\":\"https:\\\/\\\/www.revuemusicale.ch\\\/critiques\\\/livres-et-partitions\\\/2021\\\/10\\\/nouveautes-de-contrechamps#primaryimage\",\"url\":\"https:\\\/\\\/www.revuemusicale.ch\\\/wp-content\\\/uploads\\\/2023\\\/01\\\/bernd-klutsch-NTgngJ8m-uU-unsplash.jpg\",\"contentUrl\":\"https:\\\/\\\/www.revuemusicale.ch\\\/wp-content\\\/uploads\\\/2023\\\/01\\\/bernd-klutsch-NTgngJ8m-uU-unsplash.jpg\",\"width\":554,\"height\":369},{\"@type\":\"BreadcrumbList\",\"@id\":\"https:\\\/\\\/www.revuemusicale.ch\\\/critiques\\\/livres-et-partitions\\\/2021\\\/10\\\/nouveautes-de-contrechamps#breadcrumb\",\"itemListElement\":[{\"@type\":\"ListItem\",\"position\":1,\"name\":\"Home\",\"item\":\"https:\\\/\\\/www.revuemusicale.ch\\\/\"},{\"@type\":\"ListItem\",\"position\":2,\"name\":\"Nouveaut\u00e9s de Contrechamps\"}]},{\"@type\":\"WebSite\",\"@id\":\"https:\\\/\\\/www.revuemusicale.ch\\\/#website\",\"url\":\"https:\\\/\\\/www.revuemusicale.ch\\\/\",\"name\":\"Revue Musicale Suisse\",\"description\":\"\",\"publisher\":{\"@id\":\"https:\\\/\\\/www.revuemusicale.ch\\\/#organization\"},\"potentialAction\":[{\"@type\":\"SearchAction\",\"target\":{\"@type\":\"EntryPoint\",\"urlTemplate\":\"https:\\\/\\\/www.revuemusicale.ch\\\/?s={search_term_string}\"},\"query-input\":{\"@type\":\"PropertyValueSpecification\",\"valueRequired\":true,\"valueName\":\"search_term_string\"}}],\"inLanguage\":\"en-US\"},{\"@type\":\"Organization\",\"@id\":\"https:\\\/\\\/www.revuemusicale.ch\\\/#organization\",\"name\":\"Revue Musicale Suisse\",\"url\":\"https:\\\/\\\/www.revuemusicale.ch\\\/\",\"logo\":{\"@type\":\"ImageObject\",\"inLanguage\":\"en-US\",\"@id\":\"https:\\\/\\\/www.revuemusicale.ch\\\/#\\\/schema\\\/logo\\\/image\\\/\",\"url\":\"https:\\\/\\\/www.revuemusicale.ch\\\/wp-content\\\/uploads\\\/2023\\\/01\\\/logo_revuemusicale_musikzeitung.jpg\",\"contentUrl\":\"https:\\\/\\\/www.revuemusicale.ch\\\/wp-content\\\/uploads\\\/2023\\\/01\\\/logo_revuemusicale_musikzeitung.jpg\",\"width\":1200,\"height\":243,\"caption\":\"Revue Musicale Suisse\"},\"image\":{\"@id\":\"https:\\\/\\\/www.revuemusicale.ch\\\/#\\\/schema\\\/logo\\\/image\\\/\"},\"sameAs\":[\"https:\\\/\\\/www.facebook.com\\\/SchweizerMusikzeitung\\\/\",\"https:\\\/\\\/x.com\\\/smusikzeitung\",\"https:\\\/\\\/www.instagram.com\\\/musikzeitung.ch\\\/?hl=de\"]},{\"@type\":\"Person\",\"@id\":\"https:\\\/\\\/www.revuemusicale.ch\\\/#\\\/schema\\\/person\\\/b2fd892c800856270b9dcc6001265712\",\"name\":\"Musikzeitung-Redaktion\",\"image\":{\"@type\":\"ImageObject\",\"inLanguage\":\"en-US\",\"@id\":\"https:\\\/\\\/secure.gravatar.com\\\/avatar\\\/0c7e6a405862e402eb76a70f8a26fc732d07c32931e9fae9ab1582911d2e8a3b?s=96&d=mm&r=g\",\"url\":\"https:\\\/\\\/secure.gravatar.com\\\/avatar\\\/0c7e6a405862e402eb76a70f8a26fc732d07c32931e9fae9ab1582911d2e8a3b?s=96&d=mm&r=g\",\"contentUrl\":\"https:\\\/\\\/secure.gravatar.com\\\/avatar\\\/0c7e6a405862e402eb76a70f8a26fc732d07c32931e9fae9ab1582911d2e8a3b?s=96&d=mm&r=g\",\"caption\":\"Musikzeitung-Redaktion\"},\"sameAs\":[\"http:\\\/\\\/wundo-docker.io\"],\"url\":\"https:\\\/\\\/www.revuemusicale.ch\\\/en\\\/author\\\/admin\"}]}<\/script>\n<!-- \/ Yoast SEO plugin. -->","yoast_head_json":{"title":"Nouveaut\u00e9s de Contrechamps - Revue Musicale Suisse","robots":{"index":"index","follow":"follow","max-snippet":"max-snippet:-1","max-image-preview":"max-image-preview:large","max-video-preview":"max-video-preview:-1"},"canonical":"https:\/\/www.revuemusicale.ch\/en\/critiques\/livres-et-partitions\/2021\/10\/nouveautes-de-contrechamps\/","og_locale":"en_US","og_type":"article","og_title":"Nouveaut\u00e9s de Contrechamps - Revue Musicale Suisse","og_description":"Deux nouvelles monographies d\u2019\u0153uvres marquantes du 20e si\u00e8cle, un recueil d\u2019\u00e9crits de Charles Rosen, la correspondance de la l\u00e9gendaire pianiste russe Maria Yudina aux \u00e9ditions Contrechamps et un ouvrage collectif consacr\u00e9 \u00e0 Kurt\u00e1g aux \u00e9ditions Hermann.","og_url":"https:\/\/www.revuemusicale.ch\/en\/critiques\/livres-et-partitions\/2021\/10\/nouveautes-de-contrechamps\/","og_site_name":"Revue Musicale Suisse","article_publisher":"https:\/\/www.facebook.com\/SchweizerMusikzeitung\/","article_published_time":"2021-10-26T22:00:00+00:00","article_modified_time":"2024-08-15T08:13:54+00:00","og_image":[{"width":554,"height":369,"url":"https:\/\/www.revuemusicale.ch\/wp-content\/uploads\/2023\/01\/bernd-klutsch-NTgngJ8m-uU-unsplash.jpg","type":"image\/jpeg"}],"author":"Musikzeitung-Redaktion","twitter_card":"summary_large_image","twitter_creator":"@smusikzeitung","twitter_site":"@smusikzeitung","twitter_misc":{"Written by":"Musikzeitung-Redaktion","Est. reading time":"7 minutes"},"schema":{"@context":"https:\/\/schema.org","@graph":[{"@type":"Article","@id":"https:\/\/www.revuemusicale.ch\/critiques\/livres-et-partitions\/2021\/10\/nouveautes-de-contrechamps#article","isPartOf":{"@id":"https:\/\/www.revuemusicale.ch\/critiques\/livres-et-partitions\/2021\/10\/nouveautes-de-contrechamps"},"author":{"name":"Musikzeitung-Redaktion","@id":"https:\/\/www.revuemusicale.ch\/#\/schema\/person\/b2fd892c800856270b9dcc6001265712"},"headline":"Nouveaut\u00e9s de Contrechamps","datePublished":"2021-10-26T22:00:00+00:00","dateModified":"2024-08-15T08:13:54+00:00","mainEntityOfPage":{"@id":"https:\/\/www.revuemusicale.ch\/critiques\/livres-et-partitions\/2021\/10\/nouveautes-de-contrechamps"},"wordCount":1104,"publisher":{"@id":"https:\/\/www.revuemusicale.ch\/#organization"},"image":{"@id":"https:\/\/www.revuemusicale.ch\/critiques\/livres-et-partitions\/2021\/10\/nouveautes-de-contrechamps#primaryimage"},"thumbnailUrl":"https:\/\/www.revuemusicale.ch\/wp-content\/uploads\/2023\/01\/bernd-klutsch-NTgngJ8m-uU-unsplash.jpg","articleSection":["Critiques","Livres et partitions"],"inLanguage":"en-US"},{"@type":"WebPage","@id":"https:\/\/www.revuemusicale.ch\/critiques\/livres-et-partitions\/2021\/10\/nouveautes-de-contrechamps","url":"https:\/\/www.revuemusicale.ch\/critiques\/livres-et-partitions\/2021\/10\/nouveautes-de-contrechamps","name":"Nouveaut\u00e9s de Contrechamps - Revue Musicale Suisse","isPartOf":{"@id":"https:\/\/www.revuemusicale.ch\/#website"},"primaryImageOfPage":{"@id":"https:\/\/www.revuemusicale.ch\/critiques\/livres-et-partitions\/2021\/10\/nouveautes-de-contrechamps#primaryimage"},"image":{"@id":"https:\/\/www.revuemusicale.ch\/critiques\/livres-et-partitions\/2021\/10\/nouveautes-de-contrechamps#primaryimage"},"thumbnailUrl":"https:\/\/www.revuemusicale.ch\/wp-content\/uploads\/2023\/01\/bernd-klutsch-NTgngJ8m-uU-unsplash.jpg","datePublished":"2021-10-26T22:00:00+00:00","dateModified":"2024-08-15T08:13:54+00:00","breadcrumb":{"@id":"https:\/\/www.revuemusicale.ch\/critiques\/livres-et-partitions\/2021\/10\/nouveautes-de-contrechamps#breadcrumb"},"inLanguage":"en-US","potentialAction":[{"@type":"ReadAction","target":["https:\/\/www.revuemusicale.ch\/critiques\/livres-et-partitions\/2021\/10\/nouveautes-de-contrechamps"]}]},{"@type":"ImageObject","inLanguage":"en-US","@id":"https:\/\/www.revuemusicale.ch\/critiques\/livres-et-partitions\/2021\/10\/nouveautes-de-contrechamps#primaryimage","url":"https:\/\/www.revuemusicale.ch\/wp-content\/uploads\/2023\/01\/bernd-klutsch-NTgngJ8m-uU-unsplash.jpg","contentUrl":"https:\/\/www.revuemusicale.ch\/wp-content\/uploads\/2023\/01\/bernd-klutsch-NTgngJ8m-uU-unsplash.jpg","width":554,"height":369},{"@type":"BreadcrumbList","@id":"https:\/\/www.revuemusicale.ch\/critiques\/livres-et-partitions\/2021\/10\/nouveautes-de-contrechamps#breadcrumb","itemListElement":[{"@type":"ListItem","position":1,"name":"Home","item":"https:\/\/www.revuemusicale.ch\/"},{"@type":"ListItem","position":2,"name":"Nouveaut\u00e9s de Contrechamps"}]},{"@type":"WebSite","@id":"https:\/\/www.revuemusicale.ch\/#website","url":"https:\/\/www.revuemusicale.ch\/","name":"Swiss Music Review","description":"","publisher":{"@id":"https:\/\/www.revuemusicale.ch\/#organization"},"potentialAction":[{"@type":"SearchAction","target":{"@type":"EntryPoint","urlTemplate":"https:\/\/www.revuemusicale.ch\/?s={search_term_string}"},"query-input":{"@type":"PropertyValueSpecification","valueRequired":true,"valueName":"search_term_string"}}],"inLanguage":"en-US"},{"@type":"Organization","@id":"https:\/\/www.revuemusicale.ch\/#organization","name":"Swiss Music Review","url":"https:\/\/www.revuemusicale.ch\/","logo":{"@type":"ImageObject","inLanguage":"en-US","@id":"https:\/\/www.revuemusicale.ch\/#\/schema\/logo\/image\/","url":"https:\/\/www.revuemusicale.ch\/wp-content\/uploads\/2023\/01\/logo_revuemusicale_musikzeitung.jpg","contentUrl":"https:\/\/www.revuemusicale.ch\/wp-content\/uploads\/2023\/01\/logo_revuemusicale_musikzeitung.jpg","width":1200,"height":243,"caption":"Revue Musicale Suisse"},"image":{"@id":"https:\/\/www.revuemusicale.ch\/#\/schema\/logo\/image\/"},"sameAs":["https:\/\/www.facebook.com\/SchweizerMusikzeitung\/","https:\/\/x.com\/smusikzeitung","https:\/\/www.instagram.com\/musikzeitung.ch\/?hl=de"]},{"@type":"Person","@id":"https:\/\/www.revuemusicale.ch\/#\/schema\/person\/b2fd892c800856270b9dcc6001265712","name":"Musikzeitung-Redaktion","image":{"@type":"ImageObject","inLanguage":"en-US","@id":"https:\/\/secure.gravatar.com\/avatar\/0c7e6a405862e402eb76a70f8a26fc732d07c32931e9fae9ab1582911d2e8a3b?s=96&d=mm&r=g","url":"https:\/\/secure.gravatar.com\/avatar\/0c7e6a405862e402eb76a70f8a26fc732d07c32931e9fae9ab1582911d2e8a3b?s=96&d=mm&r=g","contentUrl":"https:\/\/secure.gravatar.com\/avatar\/0c7e6a405862e402eb76a70f8a26fc732d07c32931e9fae9ab1582911d2e8a3b?s=96&d=mm&r=g","caption":"Musikzeitung-Redaktion"},"sameAs":["http:\/\/wundo-docker.io"],"url":"https:\/\/www.revuemusicale.ch\/en\/author\/admin"}]}},"publishpress_future_action":{"enabled":false,"date":"1970-01-01 01:00:00","action":"change-status","newStatus":"draft","terms":[],"taxonomy":"category","extraData":[]},"publishpress_future_workflow_manual_trigger":{"enabledWorkflows":[]},"_links":{"self":[{"href":"https:\/\/www.revuemusicale.ch\/en\/wp-json\/wp\/v2\/posts\/23364","targetHints":{"allow":["GET"]}}],"collection":[{"href":"https:\/\/www.revuemusicale.ch\/en\/wp-json\/wp\/v2\/posts"}],"about":[{"href":"https:\/\/www.revuemusicale.ch\/en\/wp-json\/wp\/v2\/types\/post"}],"author":[{"embeddable":true,"href":"https:\/\/www.revuemusicale.ch\/en\/wp-json\/wp\/v2\/users\/1"}],"replies":[{"embeddable":true,"href":"https:\/\/www.revuemusicale.ch\/en\/wp-json\/wp\/v2\/comments?post=23364"}],"version-history":[{"count":4,"href":"https:\/\/www.revuemusicale.ch\/en\/wp-json\/wp\/v2\/posts\/23364\/revisions"}],"predecessor-version":[{"id":30635,"href":"https:\/\/www.revuemusicale.ch\/en\/wp-json\/wp\/v2\/posts\/23364\/revisions\/30635"}],"wp:featuredmedia":[{"embeddable":true,"href":"https:\/\/www.revuemusicale.ch\/en\/wp-json\/wp\/v2\/media\/23365"}],"wp:attachment":[{"href":"https:\/\/www.revuemusicale.ch\/en\/wp-json\/wp\/v2\/media?parent=23364"}],"wp:term":[{"taxonomy":"category","embeddable":true,"href":"https:\/\/www.revuemusicale.ch\/en\/wp-json\/wp\/v2\/categories?post=23364"},{"taxonomy":"post_tag","embeddable":true,"href":"https:\/\/www.revuemusicale.ch\/en\/wp-json\/wp\/v2\/tags?post=23364"}],"curies":[{"name":"wp","href":"https:\/\/api.w.org\/{rel}","templated":true}]}}