{"id":23482,"date":"2023-01-19T10:39:47","date_gmt":"2023-01-19T09:39:47","guid":{"rendered":"https:\/\/www.revuemusicale.ch\/?p=23482"},"modified":"2025-04-07T16:51:34","modified_gmt":"2025-04-07T14:51:34","slug":"autour-de-chopin","status":"publish","type":"post","link":"https:\/\/www.revuemusicale.ch\/en\/critiques\/livres-et-partitions\/2023\/01\/autour-de-chopin","title":{"rendered":"Around Chopin"},"content":{"rendered":"<figure id=\"attachment_23483\" aria-describedby=\"caption-attachment-23483\" style=\"width: 1830px\" class=\"wp-caption aligncenter\"><img loading=\"lazy\" decoding=\"async\" class=\"wp-image-23483 size-full\" src=\"https:\/\/www.revuemusicale.ch\/wp-content\/uploads\/2023\/01\/Franz_Xaver_Winterhalter_Chopin.png\" alt=\"\" width=\"1830\" height=\"1327\" srcset=\"https:\/\/www.revuemusicale.ch\/wp-content\/uploads\/2023\/01\/Franz_Xaver_Winterhalter_Chopin.png 1379w, https:\/\/www.revuemusicale.ch\/wp-content\/uploads\/2023\/01\/Franz_Xaver_Winterhalter_Chopin-300x218.png 300w, https:\/\/www.revuemusicale.ch\/wp-content\/uploads\/2023\/01\/Franz_Xaver_Winterhalter_Chopin-1024x743.png 1024w, https:\/\/www.revuemusicale.ch\/wp-content\/uploads\/2023\/01\/Franz_Xaver_Winterhalter_Chopin-768x557.png 768w, https:\/\/www.revuemusicale.ch\/wp-content\/uploads\/2023\/01\/Franz_Xaver_Winterhalter_Chopin-1536x1114.png 1536w, https:\/\/www.revuemusicale.ch\/wp-content\/uploads\/2023\/01\/Franz_Xaver_Winterhalter_Chopin-241x175.png 241w, https:\/\/www.revuemusicale.ch\/wp-content\/uploads\/2023\/01\/Franz_Xaver_Winterhalter_Chopin-483x350.png 483w, https:\/\/www.revuemusicale.ch\/wp-content\/uploads\/2023\/01\/Franz_Xaver_Winterhalter_Chopin-1103x800.png 1103w, https:\/\/www.revuemusicale.ch\/wp-content\/uploads\/2023\/01\/Franz_Xaver_Winterhalter_Chopin-920x667.png 920w, https:\/\/www.revuemusicale.ch\/wp-content\/uploads\/2023\/01\/Franz_Xaver_Winterhalter_Chopin-1400x1015.png 1400w\" sizes=\"auto, (max-width: 1830px) 100vw, 1830px\" \/><figcaption id=\"caption-attachment-23483\" class=\"wp-caption-text\">Fr\u00e9d\u00e9ric Chopin. Drawing by Franz Xaver Winterhalter, <a href=\"https:\/\/commons.wikimedia.org\/wiki\/File:Franz_Xaver_Winterhalter-Fr%C3%A9d%C3%A9ric_Chopin.png\" target=\"_blank\" rel=\"noopener\">wikimedia commons<\/a><\/figcaption><\/figure>\n<p>What more dissimilar personalities could there be than the reserved, modest Chopin, raised in aristocratic circles and quickly discovering his own musical language, and the exuberant, expansive Liszt, of modest extraction and lacking in education, whose pieces long resembled improvisations? Introverted, favoring the intimacy of a salon cenacle, the former mainly played his own perfectly balanced works, reflections of a rich inner life, a synthesis of lyricism and complex harmony; extroverted, promoter of the modern concert given in large halls, the latter never tired of publicizing the scores of his contemporaries, including Chopin, while his compositions were often inspired by extra-musical subjects (nature, literature or metaphysics). At the time of the Pole's death, the Hungarian was only halfway through his life, at a time when he was abandoning his career as a virtuoso-traveler and reaching creative maturity. In a work that forms a mirror portrait, Jean-Yves Cl\u00e9ment exposes the differences and symmetries, the similarities and oppositions to be found in the biography and pianistic and compositional aesthetics of the two musicians, whose destinies frequently crossed.<\/p>\n<p><img loading=\"lazy\" decoding=\"async\" class=\"wp-image-23490 alignnone\" src=\"https:\/\/www.revuemusicale.ch\/wp-content\/uploads\/2023\/01\/1_2_crit_buch_Mettraux1-2-210x300.jpg\" alt=\"\" width=\"165\" height=\"236\" srcset=\"https:\/\/www.revuemusicale.ch\/wp-content\/uploads\/2023\/01\/1_2_crit_buch_Mettraux1-2-210x300.jpg 210w, https:\/\/www.revuemusicale.ch\/wp-content\/uploads\/2023\/01\/1_2_crit_buch_Mettraux1-2-123x175.jpg 123w, https:\/\/www.revuemusicale.ch\/wp-content\/uploads\/2023\/01\/1_2_crit_buch_Mettraux1-2-245x350.jpg 245w, https:\/\/www.revuemusicale.ch\/wp-content\/uploads\/2023\/01\/1_2_crit_buch_Mettraux1-2-300x428.jpg 300w, https:\/\/www.revuemusicale.ch\/wp-content\/uploads\/2023\/01\/1_2_crit_buch_Mettraux1-2.jpg 400w\" sizes=\"auto, (max-width: 165px) 100vw, 165px\" \/><\/p>\n<p>A booklet by the same author, published by Le Passeur, takes the form of a fictitious diary, which Chopin could have written both as a cathartic retrospection of his generally disappointing stay on Mallorca, and as a reminder of the feelings behind the writing of his collection of 24 preludes Op.28, a mosaic of diverse moods. Also interwoven in 33 short chapters are numerous reflections and considerations on art, as well as an account of the journey from the damp chartreuse of Valldemossa to Georges Sand's Berrichon haven of Nohant, interspersed with long stopovers in Marseilles and Genoa. The style of this fictionalized account, based on real events, was modeled on that of the Polish composer's letters.<\/p>\n<p><img loading=\"lazy\" decoding=\"async\" class=\"alignnone wp-image-23493 size-medium\" src=\"https:\/\/www.revuemusicale.ch\/wp-content\/uploads\/2023\/01\/1_2_crit_buch_Mettraux2-181x300.png\" alt=\"\" width=\"181\" height=\"300\" srcset=\"https:\/\/www.revuemusicale.ch\/wp-content\/uploads\/2023\/01\/1_2_crit_buch_Mettraux2-181x300.png 181w, https:\/\/www.revuemusicale.ch\/wp-content\/uploads\/2023\/01\/1_2_crit_buch_Mettraux2-617x1024.png 617w, https:\/\/www.revuemusicale.ch\/wp-content\/uploads\/2023\/01\/1_2_crit_buch_Mettraux2-768x1274.png 768w, https:\/\/www.revuemusicale.ch\/wp-content\/uploads\/2023\/01\/1_2_crit_buch_Mettraux2-926x1536.png 926w, https:\/\/www.revuemusicale.ch\/wp-content\/uploads\/2023\/01\/1_2_crit_buch_Mettraux2-105x175.png 105w, https:\/\/www.revuemusicale.ch\/wp-content\/uploads\/2023\/01\/1_2_crit_buch_Mettraux2-211x350.png 211w, https:\/\/www.revuemusicale.ch\/wp-content\/uploads\/2023\/01\/1_2_crit_buch_Mettraux2-482x800.png 482w, https:\/\/www.revuemusicale.ch\/wp-content\/uploads\/2023\/01\/1_2_crit_buch_Mettraux2-920x1527.png 920w, https:\/\/www.revuemusicale.ch\/wp-content\/uploads\/2023\/01\/1_2_crit_buch_Mettraux2-300x498.png 300w, https:\/\/www.revuemusicale.ch\/wp-content\/uploads\/2023\/01\/1_2_crit_buch_Mettraux2.png 603w\" sizes=\"auto, (max-width: 181px) 100vw, 181px\" \/><\/p>\n<p>In a precious, concise book, complete with a booklet of hors-texte illustrations, Jean-Jacques Eigeldinger reveals the friendly ties Chopin forged with Alkan, Delacroix, Pauline Viardot, the tenor Nourrit, the devoted cellist Franchomme and the publisher and builder of his favorite pianos, Camille Pleyel. Addressing a number of Chopinian themes (musical affinities and reticences, the relationship between song and piano, the influence of the cello on left-hand writing), the musicologist reveals many little-known aspects of the incomparable piano poet.<\/p>\n<p><img loading=\"lazy\" decoding=\"async\" class=\"wp-image-23492 alignnone\" src=\"https:\/\/www.revuemusicale.ch\/wp-content\/uploads\/2023\/01\/1_2_crit_buch_Mettraux3-1-202x300.jpg\" alt=\"\" width=\"181\" height=\"269\" srcset=\"https:\/\/www.revuemusicale.ch\/wp-content\/uploads\/2023\/01\/1_2_crit_buch_Mettraux3-1-202x300.jpg 202w, https:\/\/www.revuemusicale.ch\/wp-content\/uploads\/2023\/01\/1_2_crit_buch_Mettraux3-1-118x175.jpg 118w, https:\/\/www.revuemusicale.ch\/wp-content\/uploads\/2023\/01\/1_2_crit_buch_Mettraux3-1-236x350.jpg 236w, https:\/\/www.revuemusicale.ch\/wp-content\/uploads\/2023\/01\/1_2_crit_buch_Mettraux3-1-539x800.jpg 539w, https:\/\/www.revuemusicale.ch\/wp-content\/uploads\/2023\/01\/1_2_crit_buch_Mettraux3-1-300x445.jpg 300w, https:\/\/www.revuemusicale.ch\/wp-content\/uploads\/2023\/01\/1_2_crit_buch_Mettraux3-1.jpg 566w\" sizes=\"auto, (max-width: 181px) 100vw, 181px\" \/><\/p>\n<p><em>Jean-Ives Cl\u00e9ment: Chopin and Liszt. La magnificence des contraires, 180 p., \u20ac 18.00, Editions Premi\u00e8res Loges, Paris 2021, ISBN 978-2-84385-388-3<\/em><\/p>\n<p><em>Jean-Ives Cl\u00e9ment: Le retour de Majorque. Diary of Fr\u00e9d\u00e9ric Chopin, 168 p., \u20ac 7.90, Le Passeur Editeur, Paris 2022, ISBN 978-2-36890-989-8<\/em><\/p>\n<p><em>Jean- Jacques Eigeldinger: Fr\u00e9d\u00e9ric Chopin et ses amis musiciens fran\u00e7ais, 96 p., Fr. 35.00, Ditesheim &amp; Maffei, Neuch\u00e2tel 2021, ISBN 978-2-8399-3306-.<\/em><\/p>","protected":false},"excerpt":{"rendered":"<p>Three recent works dedicated to the Polish composer: a comparison with Liszt, a fictional diary and friendly links with a number of Parisian artists. <\/p>","protected":false},"author":1,"featured_media":23483,"comment_status":"closed","ping_status":"closed","sticky":false,"template":"","format":"standard","meta":{"_acf_changed":false,"_relevanssi_hide_post":"","_relevanssi_hide_content":"","_relevanssi_pin_for_all":"","_relevanssi_pin_keywords":"","_relevanssi_unpin_keywords":"","_relevanssi_related_keywords":"","_relevanssi_related_include_ids":"","_relevanssi_related_exclude_ids":"","_relevanssi_related_no_append":"","_relevanssi_related_not_related":"","_relevanssi_related_posts":"","_relevanssi_noindex_reason":"","pgc_sgb_lightbox_settings":"","footnotes":""},"categories":[1614,1616],"tags":[1618,1620,1621,1622],"class_list":["post-23482","post","type-post","status-publish","format-standard","has-post-thumbnail","hentry","category-critiques","category-livres-et-partitions","tag-chopin","tag-clement","tag-eigeldinger","tag-liszt"],"acf":[],"yoast_head":"<!-- This site is optimized with the Yoast SEO plugin v27.3 - https:\/\/yoast.com\/product\/yoast-seo-wordpress\/ -->\n<title>Autour de Chopin - Revue Musicale Suisse<\/title>\n<meta name=\"robots\" content=\"index, follow, max-snippet:-1, max-image-preview:large, max-video-preview:-1\" \/>\n<link rel=\"canonical\" href=\"https:\/\/www.revuemusicale.ch\/en\/critiques\/livres-et-partitions\/2023\/01\/autour-de-chopin\/\" \/>\n<meta property=\"og:locale\" content=\"en_US\" \/>\n<meta property=\"og:type\" content=\"article\" \/>\n<meta property=\"og:title\" content=\"Autour de Chopin - Revue Musicale Suisse\" \/>\n<meta property=\"og:description\" content=\"Trois r\u00e9cents ouvrages d\u00e9di\u00e9s au compositeur polonais : comparaison avec Liszt, journal fictif et liens amicaux avec quelques artistes parisiens.\" \/>\n<meta property=\"og:url\" content=\"https:\/\/www.revuemusicale.ch\/en\/critiques\/livres-et-partitions\/2023\/01\/autour-de-chopin\/\" \/>\n<meta property=\"og:site_name\" content=\"Revue Musicale Suisse\" \/>\n<meta property=\"article:publisher\" content=\"https:\/\/www.facebook.com\/SchweizerMusikzeitung\/\" \/>\n<meta property=\"article:published_time\" content=\"2023-01-19T09:39:47+00:00\" \/>\n<meta property=\"article:modified_time\" content=\"2025-04-07T14:51:34+00:00\" \/>\n<meta property=\"og:image\" content=\"https:\/\/www.revuemusicale.ch\/wp-content\/uploads\/2023\/01\/Franz_Xaver_Winterhalter_Chopin.png\" \/>\n\t<meta property=\"og:image:width\" content=\"1379\" \/>\n\t<meta property=\"og:image:height\" content=\"1000\" \/>\n\t<meta property=\"og:image:type\" content=\"image\/png\" \/>\n<meta name=\"author\" content=\"Musikzeitung-Redaktion\" \/>\n<meta name=\"twitter:card\" content=\"summary_large_image\" \/>\n<meta name=\"twitter:creator\" content=\"@smusikzeitung\" \/>\n<meta name=\"twitter:site\" content=\"@smusikzeitung\" \/>\n<meta name=\"twitter:label1\" content=\"Written by\" \/>\n\t<meta name=\"twitter:data1\" content=\"Musikzeitung-Redaktion\" \/>\n\t<meta name=\"twitter:label2\" content=\"Est. reading time\" \/>\n\t<meta name=\"twitter:data2\" content=\"4 minutes\" \/>\n<script type=\"application\/ld+json\" class=\"yoast-schema-graph\">{\"@context\":\"https:\\\/\\\/schema.org\",\"@graph\":[{\"@type\":\"Article\",\"@id\":\"https:\\\/\\\/www.revuemusicale.ch\\\/critiques\\\/livres-et-partitions\\\/2023\\\/01\\\/autour-de-chopin#article\",\"isPartOf\":{\"@id\":\"https:\\\/\\\/www.revuemusicale.ch\\\/critiques\\\/livres-et-partitions\\\/2023\\\/01\\\/autour-de-chopin\"},\"author\":{\"name\":\"Musikzeitung-Redaktion\",\"@id\":\"https:\\\/\\\/www.revuemusicale.ch\\\/#\\\/schema\\\/person\\\/b2fd892c800856270b9dcc6001265712\"},\"headline\":\"Autour de Chopin\",\"datePublished\":\"2023-01-19T09:39:47+00:00\",\"dateModified\":\"2025-04-07T14:51:34+00:00\",\"mainEntityOfPage\":{\"@id\":\"https:\\\/\\\/www.revuemusicale.ch\\\/critiques\\\/livres-et-partitions\\\/2023\\\/01\\\/autour-de-chopin\"},\"wordCount\":544,\"publisher\":{\"@id\":\"https:\\\/\\\/www.revuemusicale.ch\\\/#organization\"},\"image\":{\"@id\":\"https:\\\/\\\/www.revuemusicale.ch\\\/critiques\\\/livres-et-partitions\\\/2023\\\/01\\\/autour-de-chopin#primaryimage\"},\"thumbnailUrl\":\"https:\\\/\\\/www.revuemusicale.ch\\\/wp-content\\\/uploads\\\/2023\\\/01\\\/Franz_Xaver_Winterhalter_Chopin.png\",\"keywords\":[\"Chopin\",\"Cl\u00e9ment\",\"Eigeldinger\",\"Liszt\"],\"articleSection\":[\"Critiques\",\"Livres et partitions\"],\"inLanguage\":\"en-US\"},{\"@type\":\"WebPage\",\"@id\":\"https:\\\/\\\/www.revuemusicale.ch\\\/critiques\\\/livres-et-partitions\\\/2023\\\/01\\\/autour-de-chopin\",\"url\":\"https:\\\/\\\/www.revuemusicale.ch\\\/critiques\\\/livres-et-partitions\\\/2023\\\/01\\\/autour-de-chopin\",\"name\":\"Autour de Chopin - Revue Musicale Suisse\",\"isPartOf\":{\"@id\":\"https:\\\/\\\/www.revuemusicale.ch\\\/#website\"},\"primaryImageOfPage\":{\"@id\":\"https:\\\/\\\/www.revuemusicale.ch\\\/critiques\\\/livres-et-partitions\\\/2023\\\/01\\\/autour-de-chopin#primaryimage\"},\"image\":{\"@id\":\"https:\\\/\\\/www.revuemusicale.ch\\\/critiques\\\/livres-et-partitions\\\/2023\\\/01\\\/autour-de-chopin#primaryimage\"},\"thumbnailUrl\":\"https:\\\/\\\/www.revuemusicale.ch\\\/wp-content\\\/uploads\\\/2023\\\/01\\\/Franz_Xaver_Winterhalter_Chopin.png\",\"datePublished\":\"2023-01-19T09:39:47+00:00\",\"dateModified\":\"2025-04-07T14:51:34+00:00\",\"breadcrumb\":{\"@id\":\"https:\\\/\\\/www.revuemusicale.ch\\\/critiques\\\/livres-et-partitions\\\/2023\\\/01\\\/autour-de-chopin#breadcrumb\"},\"inLanguage\":\"en-US\",\"potentialAction\":[{\"@type\":\"ReadAction\",\"target\":[\"https:\\\/\\\/www.revuemusicale.ch\\\/critiques\\\/livres-et-partitions\\\/2023\\\/01\\\/autour-de-chopin\"]}]},{\"@type\":\"ImageObject\",\"inLanguage\":\"en-US\",\"@id\":\"https:\\\/\\\/www.revuemusicale.ch\\\/critiques\\\/livres-et-partitions\\\/2023\\\/01\\\/autour-de-chopin#primaryimage\",\"url\":\"https:\\\/\\\/www.revuemusicale.ch\\\/wp-content\\\/uploads\\\/2023\\\/01\\\/Franz_Xaver_Winterhalter_Chopin.png\",\"contentUrl\":\"https:\\\/\\\/www.revuemusicale.ch\\\/wp-content\\\/uploads\\\/2023\\\/01\\\/Franz_Xaver_Winterhalter_Chopin.png\",\"width\":1379,\"height\":1000},{\"@type\":\"BreadcrumbList\",\"@id\":\"https:\\\/\\\/www.revuemusicale.ch\\\/critiques\\\/livres-et-partitions\\\/2023\\\/01\\\/autour-de-chopin#breadcrumb\",\"itemListElement\":[{\"@type\":\"ListItem\",\"position\":1,\"name\":\"Home\",\"item\":\"https:\\\/\\\/www.revuemusicale.ch\\\/\"},{\"@type\":\"ListItem\",\"position\":2,\"name\":\"Autour de Chopin\"}]},{\"@type\":\"WebSite\",\"@id\":\"https:\\\/\\\/www.revuemusicale.ch\\\/#website\",\"url\":\"https:\\\/\\\/www.revuemusicale.ch\\\/\",\"name\":\"Revue Musicale Suisse\",\"description\":\"\",\"publisher\":{\"@id\":\"https:\\\/\\\/www.revuemusicale.ch\\\/#organization\"},\"potentialAction\":[{\"@type\":\"SearchAction\",\"target\":{\"@type\":\"EntryPoint\",\"urlTemplate\":\"https:\\\/\\\/www.revuemusicale.ch\\\/?s={search_term_string}\"},\"query-input\":{\"@type\":\"PropertyValueSpecification\",\"valueRequired\":true,\"valueName\":\"search_term_string\"}}],\"inLanguage\":\"en-US\"},{\"@type\":\"Organization\",\"@id\":\"https:\\\/\\\/www.revuemusicale.ch\\\/#organization\",\"name\":\"Revue Musicale Suisse\",\"url\":\"https:\\\/\\\/www.revuemusicale.ch\\\/\",\"logo\":{\"@type\":\"ImageObject\",\"inLanguage\":\"en-US\",\"@id\":\"https:\\\/\\\/www.revuemusicale.ch\\\/#\\\/schema\\\/logo\\\/image\\\/\",\"url\":\"https:\\\/\\\/www.revuemusicale.ch\\\/wp-content\\\/uploads\\\/2023\\\/01\\\/logo_revuemusicale_musikzeitung.jpg\",\"contentUrl\":\"https:\\\/\\\/www.revuemusicale.ch\\\/wp-content\\\/uploads\\\/2023\\\/01\\\/logo_revuemusicale_musikzeitung.jpg\",\"width\":1200,\"height\":243,\"caption\":\"Revue Musicale Suisse\"},\"image\":{\"@id\":\"https:\\\/\\\/www.revuemusicale.ch\\\/#\\\/schema\\\/logo\\\/image\\\/\"},\"sameAs\":[\"https:\\\/\\\/www.facebook.com\\\/SchweizerMusikzeitung\\\/\",\"https:\\\/\\\/x.com\\\/smusikzeitung\",\"https:\\\/\\\/www.instagram.com\\\/musikzeitung.ch\\\/?hl=de\"]},{\"@type\":\"Person\",\"@id\":\"https:\\\/\\\/www.revuemusicale.ch\\\/#\\\/schema\\\/person\\\/b2fd892c800856270b9dcc6001265712\",\"name\":\"Musikzeitung-Redaktion\",\"image\":{\"@type\":\"ImageObject\",\"inLanguage\":\"en-US\",\"@id\":\"https:\\\/\\\/secure.gravatar.com\\\/avatar\\\/0c7e6a405862e402eb76a70f8a26fc732d07c32931e9fae9ab1582911d2e8a3b?s=96&d=mm&r=g\",\"url\":\"https:\\\/\\\/secure.gravatar.com\\\/avatar\\\/0c7e6a405862e402eb76a70f8a26fc732d07c32931e9fae9ab1582911d2e8a3b?s=96&d=mm&r=g\",\"contentUrl\":\"https:\\\/\\\/secure.gravatar.com\\\/avatar\\\/0c7e6a405862e402eb76a70f8a26fc732d07c32931e9fae9ab1582911d2e8a3b?s=96&d=mm&r=g\",\"caption\":\"Musikzeitung-Redaktion\"},\"sameAs\":[\"http:\\\/\\\/wundo-docker.io\"],\"url\":\"https:\\\/\\\/www.revuemusicale.ch\\\/en\\\/author\\\/admin\"}]}<\/script>\n<!-- \/ Yoast SEO plugin. -->","yoast_head_json":{"title":"Autour de Chopin - Revue Musicale Suisse","robots":{"index":"index","follow":"follow","max-snippet":"max-snippet:-1","max-image-preview":"max-image-preview:large","max-video-preview":"max-video-preview:-1"},"canonical":"https:\/\/www.revuemusicale.ch\/en\/critiques\/livres-et-partitions\/2023\/01\/autour-de-chopin\/","og_locale":"en_US","og_type":"article","og_title":"Autour de Chopin - Revue Musicale Suisse","og_description":"Trois r\u00e9cents ouvrages d\u00e9di\u00e9s au compositeur polonais : comparaison avec Liszt, journal fictif et liens amicaux avec quelques artistes parisiens.","og_url":"https:\/\/www.revuemusicale.ch\/en\/critiques\/livres-et-partitions\/2023\/01\/autour-de-chopin\/","og_site_name":"Revue Musicale Suisse","article_publisher":"https:\/\/www.facebook.com\/SchweizerMusikzeitung\/","article_published_time":"2023-01-19T09:39:47+00:00","article_modified_time":"2025-04-07T14:51:34+00:00","og_image":[{"width":1379,"height":1000,"url":"https:\/\/www.revuemusicale.ch\/wp-content\/uploads\/2023\/01\/Franz_Xaver_Winterhalter_Chopin.png","type":"image\/png"}],"author":"Musikzeitung-Redaktion","twitter_card":"summary_large_image","twitter_creator":"@smusikzeitung","twitter_site":"@smusikzeitung","twitter_misc":{"Written by":"Musikzeitung-Redaktion","Est. reading time":"4 minutes"},"schema":{"@context":"https:\/\/schema.org","@graph":[{"@type":"Article","@id":"https:\/\/www.revuemusicale.ch\/critiques\/livres-et-partitions\/2023\/01\/autour-de-chopin#article","isPartOf":{"@id":"https:\/\/www.revuemusicale.ch\/critiques\/livres-et-partitions\/2023\/01\/autour-de-chopin"},"author":{"name":"Musikzeitung-Redaktion","@id":"https:\/\/www.revuemusicale.ch\/#\/schema\/person\/b2fd892c800856270b9dcc6001265712"},"headline":"Autour de Chopin","datePublished":"2023-01-19T09:39:47+00:00","dateModified":"2025-04-07T14:51:34+00:00","mainEntityOfPage":{"@id":"https:\/\/www.revuemusicale.ch\/critiques\/livres-et-partitions\/2023\/01\/autour-de-chopin"},"wordCount":544,"publisher":{"@id":"https:\/\/www.revuemusicale.ch\/#organization"},"image":{"@id":"https:\/\/www.revuemusicale.ch\/critiques\/livres-et-partitions\/2023\/01\/autour-de-chopin#primaryimage"},"thumbnailUrl":"https:\/\/www.revuemusicale.ch\/wp-content\/uploads\/2023\/01\/Franz_Xaver_Winterhalter_Chopin.png","keywords":["Chopin","Cl\u00e9ment","Eigeldinger","Liszt"],"articleSection":["Critiques","Livres et partitions"],"inLanguage":"en-US"},{"@type":"WebPage","@id":"https:\/\/www.revuemusicale.ch\/critiques\/livres-et-partitions\/2023\/01\/autour-de-chopin","url":"https:\/\/www.revuemusicale.ch\/critiques\/livres-et-partitions\/2023\/01\/autour-de-chopin","name":"Autour de Chopin - Revue Musicale Suisse","isPartOf":{"@id":"https:\/\/www.revuemusicale.ch\/#website"},"primaryImageOfPage":{"@id":"https:\/\/www.revuemusicale.ch\/critiques\/livres-et-partitions\/2023\/01\/autour-de-chopin#primaryimage"},"image":{"@id":"https:\/\/www.revuemusicale.ch\/critiques\/livres-et-partitions\/2023\/01\/autour-de-chopin#primaryimage"},"thumbnailUrl":"https:\/\/www.revuemusicale.ch\/wp-content\/uploads\/2023\/01\/Franz_Xaver_Winterhalter_Chopin.png","datePublished":"2023-01-19T09:39:47+00:00","dateModified":"2025-04-07T14:51:34+00:00","breadcrumb":{"@id":"https:\/\/www.revuemusicale.ch\/critiques\/livres-et-partitions\/2023\/01\/autour-de-chopin#breadcrumb"},"inLanguage":"en-US","potentialAction":[{"@type":"ReadAction","target":["https:\/\/www.revuemusicale.ch\/critiques\/livres-et-partitions\/2023\/01\/autour-de-chopin"]}]},{"@type":"ImageObject","inLanguage":"en-US","@id":"https:\/\/www.revuemusicale.ch\/critiques\/livres-et-partitions\/2023\/01\/autour-de-chopin#primaryimage","url":"https:\/\/www.revuemusicale.ch\/wp-content\/uploads\/2023\/01\/Franz_Xaver_Winterhalter_Chopin.png","contentUrl":"https:\/\/www.revuemusicale.ch\/wp-content\/uploads\/2023\/01\/Franz_Xaver_Winterhalter_Chopin.png","width":1379,"height":1000},{"@type":"BreadcrumbList","@id":"https:\/\/www.revuemusicale.ch\/critiques\/livres-et-partitions\/2023\/01\/autour-de-chopin#breadcrumb","itemListElement":[{"@type":"ListItem","position":1,"name":"Home","item":"https:\/\/www.revuemusicale.ch\/"},{"@type":"ListItem","position":2,"name":"Autour de Chopin"}]},{"@type":"WebSite","@id":"https:\/\/www.revuemusicale.ch\/#website","url":"https:\/\/www.revuemusicale.ch\/","name":"Swiss Music Review","description":"","publisher":{"@id":"https:\/\/www.revuemusicale.ch\/#organization"},"potentialAction":[{"@type":"SearchAction","target":{"@type":"EntryPoint","urlTemplate":"https:\/\/www.revuemusicale.ch\/?s={search_term_string}"},"query-input":{"@type":"PropertyValueSpecification","valueRequired":true,"valueName":"search_term_string"}}],"inLanguage":"en-US"},{"@type":"Organization","@id":"https:\/\/www.revuemusicale.ch\/#organization","name":"Swiss Music Review","url":"https:\/\/www.revuemusicale.ch\/","logo":{"@type":"ImageObject","inLanguage":"en-US","@id":"https:\/\/www.revuemusicale.ch\/#\/schema\/logo\/image\/","url":"https:\/\/www.revuemusicale.ch\/wp-content\/uploads\/2023\/01\/logo_revuemusicale_musikzeitung.jpg","contentUrl":"https:\/\/www.revuemusicale.ch\/wp-content\/uploads\/2023\/01\/logo_revuemusicale_musikzeitung.jpg","width":1200,"height":243,"caption":"Revue Musicale Suisse"},"image":{"@id":"https:\/\/www.revuemusicale.ch\/#\/schema\/logo\/image\/"},"sameAs":["https:\/\/www.facebook.com\/SchweizerMusikzeitung\/","https:\/\/x.com\/smusikzeitung","https:\/\/www.instagram.com\/musikzeitung.ch\/?hl=de"]},{"@type":"Person","@id":"https:\/\/www.revuemusicale.ch\/#\/schema\/person\/b2fd892c800856270b9dcc6001265712","name":"Musikzeitung-Redaktion","image":{"@type":"ImageObject","inLanguage":"en-US","@id":"https:\/\/secure.gravatar.com\/avatar\/0c7e6a405862e402eb76a70f8a26fc732d07c32931e9fae9ab1582911d2e8a3b?s=96&d=mm&r=g","url":"https:\/\/secure.gravatar.com\/avatar\/0c7e6a405862e402eb76a70f8a26fc732d07c32931e9fae9ab1582911d2e8a3b?s=96&d=mm&r=g","contentUrl":"https:\/\/secure.gravatar.com\/avatar\/0c7e6a405862e402eb76a70f8a26fc732d07c32931e9fae9ab1582911d2e8a3b?s=96&d=mm&r=g","caption":"Musikzeitung-Redaktion"},"sameAs":["http:\/\/wundo-docker.io"],"url":"https:\/\/www.revuemusicale.ch\/en\/author\/admin"}]}},"publishpress_future_action":{"enabled":false,"date":"1970-01-01 01:00:00","action":"change-status","newStatus":"draft","terms":[],"taxonomy":"category","extraData":[]},"publishpress_future_workflow_manual_trigger":{"enabledWorkflows":[]},"_links":{"self":[{"href":"https:\/\/www.revuemusicale.ch\/en\/wp-json\/wp\/v2\/posts\/23482","targetHints":{"allow":["GET"]}}],"collection":[{"href":"https:\/\/www.revuemusicale.ch\/en\/wp-json\/wp\/v2\/posts"}],"about":[{"href":"https:\/\/www.revuemusicale.ch\/en\/wp-json\/wp\/v2\/types\/post"}],"author":[{"embeddable":true,"href":"https:\/\/www.revuemusicale.ch\/en\/wp-json\/wp\/v2\/users\/1"}],"replies":[{"embeddable":true,"href":"https:\/\/www.revuemusicale.ch\/en\/wp-json\/wp\/v2\/comments?post=23482"}],"version-history":[{"count":11,"href":"https:\/\/www.revuemusicale.ch\/en\/wp-json\/wp\/v2\/posts\/23482\/revisions"}],"predecessor-version":[{"id":29094,"href":"https:\/\/www.revuemusicale.ch\/en\/wp-json\/wp\/v2\/posts\/23482\/revisions\/29094"}],"wp:featuredmedia":[{"embeddable":true,"href":"https:\/\/www.revuemusicale.ch\/en\/wp-json\/wp\/v2\/media\/23483"}],"wp:attachment":[{"href":"https:\/\/www.revuemusicale.ch\/en\/wp-json\/wp\/v2\/media?parent=23482"}],"wp:term":[{"taxonomy":"category","embeddable":true,"href":"https:\/\/www.revuemusicale.ch\/en\/wp-json\/wp\/v2\/categories?post=23482"},{"taxonomy":"post_tag","embeddable":true,"href":"https:\/\/www.revuemusicale.ch\/en\/wp-json\/wp\/v2\/tags?post=23482"}],"curies":[{"name":"wp","href":"https:\/\/api.w.org\/{rel}","templated":true}]}}