{"id":28910,"date":"2021-09-01T00:00:00","date_gmt":"2021-08-31T22:00:00","guid":{"rendered":"https:\/\/www.revuemusicale.ch\/blog\/2021\/09\/01\/la-recherche-dans-les-hem-et-son-impact-societal\/"},"modified":"2023-01-19T15:50:27","modified_gmt":"2023-01-19T14:50:27","slug":"la-recherche-dans-les-hem-et-son-impact-societal","status":"publish","type":"post","link":"https:\/\/www.revuemusicale.ch\/en\/basis\/2021\/09\/la-recherche-dans-les-hem-et-son-impact-societal","title":{"rendered":"Research at the HEM and its impact on society"},"content":{"rendered":"<p><img decoding=\"async\" class=\"size-full\" src=\"https:\/\/www.revuemusicale.ch\/wp-content\/uploads\/2023\/01\/Logo_KMHS-2.jpg\" alt=\"\" \/><\/p>\n<p><strong>Focus on two innovative research projects that are fertilizing society.<\/strong><\/p>\n<div class='text-section'>\n<p><i>Antoine Gilli\u00e9ron - <\/i>In addition to artistic research and the many projects currently being carried out at the eight institutions that make up the CHEMS, the fact that the Swiss Universities of Music are now part of the galaxy of specialized universities creates a fertile breeding ground for synergies with other fields of knowledge, with the aim of creating added value for society as a whole. <\/p>\n<\/p><\/div>\n<div class='text-section'> <strong>Forschungssituation<\/strong><\/p>\n<p>In einem ihrer Positionspapiere zur Forschung definiert die KMHS den Stand der Dinge wie folgt: \"Forschungsaktivit\u00e4ten der Musikhochschulen entfalten sich sowohl entlang der traditionellen Wissenschaften und der angewandten technischen Forschung als auch in Richtungen einer teilweise oder ganz k\u00fcnstlerisch verankerten Forschungsmethodik. Historische, p\u00e4dagogische, technologische, archivarische und interpretationsfokussierte Projekte und Entwicklungsarbeiten im Instrumentenbau bilden zusammen mit k\u00fcnstlerisch motivierten und k\u00fcnstlerisch dokumentierten Fragestellungen die wesentlichen Themenfelder der Musikhochschulforschung auf der Basis einer anwendungsorientierten Grundlagenforschung. <\/p>\n<p>Dabei profitiert diese vom grossen Reservoir an musikalischer Praxis und interpretatorischem Wissen in der Institution - gleichzeitig erfolgt der Transfer von der Forschung in die Lehre und in die Praxis auf direkten Wegen. <\/p>\n<p>Die F\u00f6rderung der Forschungskompetenz innerhalb der Faculty und der Aufbau von Nachwuchs in Gestalt eines ad\u00e4quaten Mittelbaus sind strategische Ziele der Musikhochschulen. Dazu geh\u00f6ren auch die Etablierung von Doktorandenstellen mit Assistenz-Status, die Einrichtung von Forschungsdeputaten und die Schaffung nachhaltiger Finanzierungsgrundlagen.\" - Eidenbenz (2013), S. 1-2<\/p>\n<\/p><\/div>\n<div class='text-section'> <strong>K\u00fcnstlerische Forschung<\/strong><\/p>\n<p>Die k\u00fcnstlerische Forschung ist das Herzst\u00fcck der Forschungst\u00e4tigkeit an Schweizer Musikhochschulen. Laut Henk Borgdorff, Musiktheoretiker, Philosoph und Professor f\u00fcr Forschung in den K\u00fcnsten am Royal Conservatoire der Kunstuniversit\u00e4t Den Haag sind die Kriterien in der Kunstforschung wie folgt abzuleiten: <\/p>\n<p>\"K\u00fcnstlerische Praxis ist als Forschung zu betrachten, wenn sie dem Zweck dient, durch eine origin\u00e4re Forschung unseren Wissensstand und unser Verstehen zu erweitern. Sie geht von Fragestellungen aus, die f\u00fcr den Forschungskontext und die Kunstwelt relevant sind, und wendet Methoden an, die f\u00fcr die Studie geeignet sind. Forschungsprozess und Ergebnisse werden entsprechend dokumentiert und unter den Forschenden und in der \u00d6ffentlichkeit verbreitet.\" - Borgdorff (2012), S. 34<\/p>\n<p>In diesem Artikel sollen jedoch zwei Forschungsprojekte hervorgehoben werden, die \u00fcber den Rahmen der k\u00fcnstlerischen Forschung hinausgehen und in die Gesellschaft hineinwirken.<\/p>\n<\/p><\/div>\n<div class='text-section'> <strong>Biotechnology at the service of music<\/strong><\/p>\n<p>The first example comes from the Hochschule f\u00fcr Musik - Basel, where a research project focuses on the links between biotechnology and music. The project idea <i>Der Serpentino<\/i> is to draw on innovative developments in biotechnology and fluid engineering to recreate a historic wind instrument. <\/p>\n<p>The serpentino (first dated to the 15th century) is a musical instrument that has disappeared over the centuries, but has a repertoire that has probably been mistakenly played by other instruments, such as the cornet. As part of this project, and based on the study of sources (notably iconographic), the historical instrument will be reconstructed, but with the benefit of the technical contributions of our time. <\/p>\n<p>Researchers at EMPA (Swiss Federal Laboratories for Materials Testing and Research) recently succeeded in obtaining large quantities of melanin pigments from fungal cultures for the first time. This breakthrough in biotechnology is proving extremely useful for the research project concerned, as the effectiveness of melanin as a wood pre-preservative means that built-up serpentinos can be protected from degradation. <\/p>\n<p>Artistically, these instruments open up new perspectives in historically informed performance practice, as well as in contemporary music, jazz and music education in the broadest sense.<\/p>\n<p>This Basel project is a perfect illustration of the contribution of external sciences to music. The next research project highlighted in this article, on the other hand, initiates an opposite movement: that of music's contribution to society. <\/p>\n<\/p><\/div>\n<div class='text-section'>\n<p><strong>Musik im Dienste der Psychiatrie<\/strong><\/p>\n<p>Das zweite Beispiel stammt von der Haute \u00c9cole de Musique Vaud, Wallis, Freiburg. Es geht darum, eine Br\u00fccke zwischen Musik und psychiatrischer Versorgung zu schlagen. Der Name des Projekts ist Amenhotep<\/p>\n<p>Laut der Projekwebsite, viele psychiatrische Kliniken haben einen oder mehrere abschliessbare R\u00e4ume. In diesen sogenannten \"Intensivzimmern\" (ITS) k\u00f6nnen Patienten aus therapeutischen oder sicherheitstechnischen Gr\u00fcnden f\u00fcr einige Stunden oder sogar einige Tage untergebracht werden. Die Idee, die dahintersteckt, ist, dass die daraus resultierende Verringerung der sensorischen Stimulation es ihnen erm\u00f6glicht, die Kontrolle \u00fcber ihren mentalen Zustand und ihr Verhalten zur\u00fcckzugewinnen.<\/p>\n<p>Der Einsatz der ITS ist jedoch sehr umstritten. Einerseits wirft er ethische Fragen auf, weil er die Bewegungsfreiheit und die Autonomie der Patienten untergr\u00e4bt; anderer-seits ist die therapeutische Funktion der Massnahme nicht eindeutig gekl\u00e4rt. Schliesslich erschwert die Isolation den Aufbau einer f\u00fcrsorglichen Beziehung auf der Grundlage des Dialogs.<\/p>\n<p>Diese Ergebnisse laden uns ein, die Versorgung in den ITS zu \u00fcberdenken. Der R\u00fcckgriff auf Musik ist ein erfolgversprechender Weg, vor allem dann, wenn Patienten ihr Musikh\u00f6ren selbst steuern und so eine gewisse Autonomie zur\u00fcckgewinnen k\u00f6nnen.<\/p>\n<p>Die Aktionsforschung \"Amenhotep\" (2012-2016) erm\u00f6glichte einem interdisziplin\u00e4ren Team ein Musikh\u00f6rger\u00e4t zu entwickeln, das den sehr strengen Sicherheitsvorschriften der psychiatrischen Dienste genau entspricht und eine Auswahl von Musikst\u00fccken zu konstituieren, die nach ihrem emotionalen Inhalt kategorisiert sind.<\/p>\n<p>Derzeit setzt das Forschungsteam seine Arbeit fort und untersucht den Einfluss des Musikinstruments auf das subjektive Erleben von Patienten und Pflegepersonal sowie auf die Beziehungen und Interaktionen, die zwischen ihnen rund um die Musik aufgebaut werden.<\/p>\n<p>Das Ger\u00e4t enth\u00e4lt: eine taktile Schnittstelle, die es dem Patienten erm\u00f6glicht, das Ger\u00e4t zu steuern (Liedauswahl, Einstellung der Lautst\u00e4rke); eine Auswahl von zwanzig Musikst\u00fccken verschiedener Stilrichtungen (Klassik, Jazz, Film, Folk), die nach ihrem emotionalen Inhalt (fr\u00f6hliche Aktivierung, Nostalgie, Ruhe, Anspannung) kategorisiert sind; ein einfaches Kontrollsystem, das es dem medizinischen Team erm\u00f6glicht, das Ger\u00e4t zu aktivieren oder zu deaktivieren, die maximale Lautst\u00e4rke einzustellen, die Musikauswahl zu \u00e4ndern und die vom System automatisch aufgezeichneten Daten zu extrahieren.<\/p>\n<p>Die beiden Beispiele Basel und Lausanne zeigen, dass sich die Schweizer Musikhochschulen immer mehr der Welt \u00f6ffnen und fruchtbare Verbindungen zu anderen Wissensbereichen schaffen, zum eigenen Nutzen und zum Nutzen der Gesellschaft insgesamt.<\/p>\n<p>Borgdorff, H. (2012): \"Die Debatte \u00fcber Forschung in der Kunst\", in: Tr\u00f6ndle, M. &amp; Warmers, J. (2012): <i>Kunstforschung als \u00e4sthetische Wissenschaft<\/i>. Transcript Verlag.<\/p>\n<p>Eidenbenz, M. (2013): <i>Positionspapier zu Forschung und 3. Zyklus an Musikhochschulen<\/i>. kmhs.ch\/wp-content\/uploads\/2019\/05\/positionspapier-forschung-kmhs-1.pdf<\/p>\n<p>\u00a0<\/p>\n<\/p><\/div>","protected":false},"excerpt":{"rendered":"<p>Focus sur deux projets de recherche innovants qui f\u00e9condent la soci\u00e9t\u00e9. Antoine Gilli\u00e9ron \u2014 Au-del\u00e0 de la recherche artistique et des nom-breux projets men\u00e9s actuellement dans les huit institutions composant la CHEMS, le rattachement des Hautes Ecoles de Musique Suisses \u00e0 la galaxie des Hautes Ecoles Sp\u00e9-cialis\u00e9es cr\u00e9e un terreau favorable \u00e0 des synergies avec [&hellip;]<\/p>\n","protected":false},"author":1,"featured_media":28819,"comment_status":"open","ping_status":"open","sticky":false,"template":"","format":"standard","meta":{"_acf_changed":false,"_relevanssi_hide_post":"","_relevanssi_hide_content":"","_relevanssi_pin_for_all":"","_relevanssi_pin_keywords":"","_relevanssi_unpin_keywords":"","_relevanssi_related_keywords":"","_relevanssi_related_include_ids":"","_relevanssi_related_exclude_ids":"","_relevanssi_related_no_append":"","_relevanssi_related_not_related":"","_relevanssi_related_posts":"","_relevanssi_noindex_reason":"","pgc_sgb_lightbox_settings":"","footnotes":""},"categories":[31,1563],"tags":[],"class_list":["post-28910","post","type-post","status-publish","format-standard","has-post-thumbnail","hentry","category-basis","category-chems"],"acf":[],"yoast_head":"<!-- This site is optimized with the Yoast SEO plugin v27.3 - https:\/\/yoast.com\/product\/yoast-seo-wordpress\/ -->\n<title>La recherche dans les HEM et son impact soci\u00e9tal - Revue Musicale Suisse<\/title>\n<meta name=\"robots\" content=\"index, follow, max-snippet:-1, max-image-preview:large, max-video-preview:-1\" \/>\n<link rel=\"canonical\" href=\"https:\/\/www.revuemusicale.ch\/en\/basis\/2021\/09\/la-recherche-dans-les-hem-et-son-impact-societal\/\" \/>\n<meta property=\"og:locale\" content=\"en_US\" \/>\n<meta property=\"og:type\" content=\"article\" \/>\n<meta property=\"og:title\" content=\"La recherche dans les HEM et son impact soci\u00e9tal - Revue Musicale Suisse\" \/>\n<meta property=\"og:description\" content=\"Focus sur deux projets de recherche innovants qui f\u00e9condent la soci\u00e9t\u00e9. Antoine Gilli\u00e9ron \u2014 Au-del\u00e0 de la recherche artistique et des nom-breux projets men\u00e9s actuellement dans les huit institutions composant la CHEMS, le rattachement des Hautes Ecoles de Musique Suisses \u00e0 la galaxie des Hautes Ecoles Sp\u00e9-cialis\u00e9es cr\u00e9e un terreau favorable \u00e0 des synergies avec [&hellip;]\" \/>\n<meta property=\"og:url\" content=\"https:\/\/www.revuemusicale.ch\/en\/basis\/2021\/09\/la-recherche-dans-les-hem-et-son-impact-societal\/\" \/>\n<meta property=\"og:site_name\" content=\"Revue Musicale Suisse\" \/>\n<meta property=\"article:publisher\" content=\"https:\/\/www.facebook.com\/SchweizerMusikzeitung\/\" \/>\n<meta property=\"article:published_time\" content=\"2021-08-31T22:00:00+00:00\" \/>\n<meta property=\"article:modified_time\" content=\"2023-01-19T14:50:27+00:00\" \/>\n<meta property=\"og:image\" content=\"https:\/\/www.revuemusicale.ch\/wp-content\/uploads\/2023\/01\/Logo_KMHS-2.jpg\" \/>\n\t<meta property=\"og:image:width\" content=\"554\" \/>\n\t<meta property=\"og:image:height\" content=\"298\" \/>\n\t<meta property=\"og:image:type\" content=\"image\/jpeg\" \/>\n<meta name=\"author\" content=\"Musikzeitung-Redaktion\" \/>\n<meta name=\"twitter:card\" content=\"summary_large_image\" \/>\n<meta name=\"twitter:creator\" content=\"@smusikzeitung\" \/>\n<meta name=\"twitter:site\" content=\"@smusikzeitung\" \/>\n<meta name=\"twitter:label1\" content=\"Written by\" \/>\n\t<meta name=\"twitter:data1\" content=\"Musikzeitung-Redaktion\" \/>\n\t<meta name=\"twitter:label2\" content=\"Est. reading time\" \/>\n\t<meta name=\"twitter:data2\" content=\"6 minutes\" \/>\n<script type=\"application\/ld+json\" class=\"yoast-schema-graph\">{\"@context\":\"https:\\\/\\\/schema.org\",\"@graph\":[{\"@type\":\"Article\",\"@id\":\"https:\\\/\\\/www.revuemusicale.ch\\\/basis\\\/2021\\\/09\\\/la-recherche-dans-les-hem-et-son-impact-societal#article\",\"isPartOf\":{\"@id\":\"https:\\\/\\\/www.revuemusicale.ch\\\/basis\\\/2021\\\/09\\\/la-recherche-dans-les-hem-et-son-impact-societal\"},\"author\":{\"name\":\"Musikzeitung-Redaktion\",\"@id\":\"https:\\\/\\\/www.revuemusicale.ch\\\/#\\\/schema\\\/person\\\/b2fd892c800856270b9dcc6001265712\"},\"headline\":\"La recherche dans les HEM et son impact soci\u00e9tal\",\"datePublished\":\"2021-08-31T22:00:00+00:00\",\"dateModified\":\"2023-01-19T14:50:27+00:00\",\"mainEntityOfPage\":{\"@id\":\"https:\\\/\\\/www.revuemusicale.ch\\\/basis\\\/2021\\\/09\\\/la-recherche-dans-les-hem-et-son-impact-societal\"},\"wordCount\":1119,\"commentCount\":0,\"publisher\":{\"@id\":\"https:\\\/\\\/www.revuemusicale.ch\\\/#organization\"},\"image\":{\"@id\":\"https:\\\/\\\/www.revuemusicale.ch\\\/basis\\\/2021\\\/09\\\/la-recherche-dans-les-hem-et-son-impact-societal#primaryimage\"},\"thumbnailUrl\":\"https:\\\/\\\/www.revuemusicale.ch\\\/wp-content\\\/uploads\\\/2023\\\/01\\\/Logo_KMHS-2.jpg\",\"articleSection\":[\"Basis\",\"CHEMS\"],\"inLanguage\":\"en-US\"},{\"@type\":\"WebPage\",\"@id\":\"https:\\\/\\\/www.revuemusicale.ch\\\/basis\\\/2021\\\/09\\\/la-recherche-dans-les-hem-et-son-impact-societal\",\"url\":\"https:\\\/\\\/www.revuemusicale.ch\\\/basis\\\/2021\\\/09\\\/la-recherche-dans-les-hem-et-son-impact-societal\",\"name\":\"La recherche dans les HEM et son impact soci\u00e9tal - Revue Musicale Suisse\",\"isPartOf\":{\"@id\":\"https:\\\/\\\/www.revuemusicale.ch\\\/#website\"},\"primaryImageOfPage\":{\"@id\":\"https:\\\/\\\/www.revuemusicale.ch\\\/basis\\\/2021\\\/09\\\/la-recherche-dans-les-hem-et-son-impact-societal#primaryimage\"},\"image\":{\"@id\":\"https:\\\/\\\/www.revuemusicale.ch\\\/basis\\\/2021\\\/09\\\/la-recherche-dans-les-hem-et-son-impact-societal#primaryimage\"},\"thumbnailUrl\":\"https:\\\/\\\/www.revuemusicale.ch\\\/wp-content\\\/uploads\\\/2023\\\/01\\\/Logo_KMHS-2.jpg\",\"datePublished\":\"2021-08-31T22:00:00+00:00\",\"dateModified\":\"2023-01-19T14:50:27+00:00\",\"breadcrumb\":{\"@id\":\"https:\\\/\\\/www.revuemusicale.ch\\\/basis\\\/2021\\\/09\\\/la-recherche-dans-les-hem-et-son-impact-societal#breadcrumb\"},\"inLanguage\":\"en-US\",\"potentialAction\":[{\"@type\":\"ReadAction\",\"target\":[\"https:\\\/\\\/www.revuemusicale.ch\\\/basis\\\/2021\\\/09\\\/la-recherche-dans-les-hem-et-son-impact-societal\"]}]},{\"@type\":\"ImageObject\",\"inLanguage\":\"en-US\",\"@id\":\"https:\\\/\\\/www.revuemusicale.ch\\\/basis\\\/2021\\\/09\\\/la-recherche-dans-les-hem-et-son-impact-societal#primaryimage\",\"url\":\"https:\\\/\\\/www.revuemusicale.ch\\\/wp-content\\\/uploads\\\/2023\\\/01\\\/Logo_KMHS-2.jpg\",\"contentUrl\":\"https:\\\/\\\/www.revuemusicale.ch\\\/wp-content\\\/uploads\\\/2023\\\/01\\\/Logo_KMHS-2.jpg\",\"width\":554,\"height\":298},{\"@type\":\"BreadcrumbList\",\"@id\":\"https:\\\/\\\/www.revuemusicale.ch\\\/basis\\\/2021\\\/09\\\/la-recherche-dans-les-hem-et-son-impact-societal#breadcrumb\",\"itemListElement\":[{\"@type\":\"ListItem\",\"position\":1,\"name\":\"Home\",\"item\":\"https:\\\/\\\/www.revuemusicale.ch\\\/\"},{\"@type\":\"ListItem\",\"position\":2,\"name\":\"La recherche dans les HEM et son impact soci\u00e9tal\"}]},{\"@type\":\"WebSite\",\"@id\":\"https:\\\/\\\/www.revuemusicale.ch\\\/#website\",\"url\":\"https:\\\/\\\/www.revuemusicale.ch\\\/\",\"name\":\"Revue Musicale Suisse\",\"description\":\"\",\"publisher\":{\"@id\":\"https:\\\/\\\/www.revuemusicale.ch\\\/#organization\"},\"potentialAction\":[{\"@type\":\"SearchAction\",\"target\":{\"@type\":\"EntryPoint\",\"urlTemplate\":\"https:\\\/\\\/www.revuemusicale.ch\\\/?s={search_term_string}\"},\"query-input\":{\"@type\":\"PropertyValueSpecification\",\"valueRequired\":true,\"valueName\":\"search_term_string\"}}],\"inLanguage\":\"en-US\"},{\"@type\":\"Organization\",\"@id\":\"https:\\\/\\\/www.revuemusicale.ch\\\/#organization\",\"name\":\"Revue Musicale Suisse\",\"url\":\"https:\\\/\\\/www.revuemusicale.ch\\\/\",\"logo\":{\"@type\":\"ImageObject\",\"inLanguage\":\"en-US\",\"@id\":\"https:\\\/\\\/www.revuemusicale.ch\\\/#\\\/schema\\\/logo\\\/image\\\/\",\"url\":\"https:\\\/\\\/www.revuemusicale.ch\\\/wp-content\\\/uploads\\\/2023\\\/01\\\/logo_revuemusicale_musikzeitung.jpg\",\"contentUrl\":\"https:\\\/\\\/www.revuemusicale.ch\\\/wp-content\\\/uploads\\\/2023\\\/01\\\/logo_revuemusicale_musikzeitung.jpg\",\"width\":1200,\"height\":243,\"caption\":\"Revue Musicale Suisse\"},\"image\":{\"@id\":\"https:\\\/\\\/www.revuemusicale.ch\\\/#\\\/schema\\\/logo\\\/image\\\/\"},\"sameAs\":[\"https:\\\/\\\/www.facebook.com\\\/SchweizerMusikzeitung\\\/\",\"https:\\\/\\\/x.com\\\/smusikzeitung\",\"https:\\\/\\\/www.instagram.com\\\/musikzeitung.ch\\\/?hl=de\"]},{\"@type\":\"Person\",\"@id\":\"https:\\\/\\\/www.revuemusicale.ch\\\/#\\\/schema\\\/person\\\/b2fd892c800856270b9dcc6001265712\",\"name\":\"Musikzeitung-Redaktion\",\"image\":{\"@type\":\"ImageObject\",\"inLanguage\":\"en-US\",\"@id\":\"https:\\\/\\\/secure.gravatar.com\\\/avatar\\\/0c7e6a405862e402eb76a70f8a26fc732d07c32931e9fae9ab1582911d2e8a3b?s=96&d=mm&r=g\",\"url\":\"https:\\\/\\\/secure.gravatar.com\\\/avatar\\\/0c7e6a405862e402eb76a70f8a26fc732d07c32931e9fae9ab1582911d2e8a3b?s=96&d=mm&r=g\",\"contentUrl\":\"https:\\\/\\\/secure.gravatar.com\\\/avatar\\\/0c7e6a405862e402eb76a70f8a26fc732d07c32931e9fae9ab1582911d2e8a3b?s=96&d=mm&r=g\",\"caption\":\"Musikzeitung-Redaktion\"},\"sameAs\":[\"http:\\\/\\\/wundo-docker.io\"],\"url\":\"https:\\\/\\\/www.revuemusicale.ch\\\/en\\\/author\\\/admin\"}]}<\/script>\n<!-- \/ Yoast SEO plugin. -->","yoast_head_json":{"title":"La recherche dans les HEM et son impact soci\u00e9tal - Revue Musicale Suisse","robots":{"index":"index","follow":"follow","max-snippet":"max-snippet:-1","max-image-preview":"max-image-preview:large","max-video-preview":"max-video-preview:-1"},"canonical":"https:\/\/www.revuemusicale.ch\/en\/basis\/2021\/09\/la-recherche-dans-les-hem-et-son-impact-societal\/","og_locale":"en_US","og_type":"article","og_title":"La recherche dans les HEM et son impact soci\u00e9tal - Revue Musicale Suisse","og_description":"Focus sur deux projets de recherche innovants qui f\u00e9condent la soci\u00e9t\u00e9. Antoine Gilli\u00e9ron \u2014 Au-del\u00e0 de la recherche artistique et des nom-breux projets men\u00e9s actuellement dans les huit institutions composant la CHEMS, le rattachement des Hautes Ecoles de Musique Suisses \u00e0 la galaxie des Hautes Ecoles Sp\u00e9-cialis\u00e9es cr\u00e9e un terreau favorable \u00e0 des synergies avec [&hellip;]","og_url":"https:\/\/www.revuemusicale.ch\/en\/basis\/2021\/09\/la-recherche-dans-les-hem-et-son-impact-societal\/","og_site_name":"Revue Musicale Suisse","article_publisher":"https:\/\/www.facebook.com\/SchweizerMusikzeitung\/","article_published_time":"2021-08-31T22:00:00+00:00","article_modified_time":"2023-01-19T14:50:27+00:00","og_image":[{"width":554,"height":298,"url":"https:\/\/www.revuemusicale.ch\/wp-content\/uploads\/2023\/01\/Logo_KMHS-2.jpg","type":"image\/jpeg"}],"author":"Musikzeitung-Redaktion","twitter_card":"summary_large_image","twitter_creator":"@smusikzeitung","twitter_site":"@smusikzeitung","twitter_misc":{"Written by":"Musikzeitung-Redaktion","Est. reading time":"6 minutes"},"schema":{"@context":"https:\/\/schema.org","@graph":[{"@type":"Article","@id":"https:\/\/www.revuemusicale.ch\/basis\/2021\/09\/la-recherche-dans-les-hem-et-son-impact-societal#article","isPartOf":{"@id":"https:\/\/www.revuemusicale.ch\/basis\/2021\/09\/la-recherche-dans-les-hem-et-son-impact-societal"},"author":{"name":"Musikzeitung-Redaktion","@id":"https:\/\/www.revuemusicale.ch\/#\/schema\/person\/b2fd892c800856270b9dcc6001265712"},"headline":"La recherche dans les HEM et son impact soci\u00e9tal","datePublished":"2021-08-31T22:00:00+00:00","dateModified":"2023-01-19T14:50:27+00:00","mainEntityOfPage":{"@id":"https:\/\/www.revuemusicale.ch\/basis\/2021\/09\/la-recherche-dans-les-hem-et-son-impact-societal"},"wordCount":1119,"commentCount":0,"publisher":{"@id":"https:\/\/www.revuemusicale.ch\/#organization"},"image":{"@id":"https:\/\/www.revuemusicale.ch\/basis\/2021\/09\/la-recherche-dans-les-hem-et-son-impact-societal#primaryimage"},"thumbnailUrl":"https:\/\/www.revuemusicale.ch\/wp-content\/uploads\/2023\/01\/Logo_KMHS-2.jpg","articleSection":["Basis","CHEMS"],"inLanguage":"en-US"},{"@type":"WebPage","@id":"https:\/\/www.revuemusicale.ch\/basis\/2021\/09\/la-recherche-dans-les-hem-et-son-impact-societal","url":"https:\/\/www.revuemusicale.ch\/basis\/2021\/09\/la-recherche-dans-les-hem-et-son-impact-societal","name":"La recherche dans les HEM et son impact soci\u00e9tal - Revue Musicale Suisse","isPartOf":{"@id":"https:\/\/www.revuemusicale.ch\/#website"},"primaryImageOfPage":{"@id":"https:\/\/www.revuemusicale.ch\/basis\/2021\/09\/la-recherche-dans-les-hem-et-son-impact-societal#primaryimage"},"image":{"@id":"https:\/\/www.revuemusicale.ch\/basis\/2021\/09\/la-recherche-dans-les-hem-et-son-impact-societal#primaryimage"},"thumbnailUrl":"https:\/\/www.revuemusicale.ch\/wp-content\/uploads\/2023\/01\/Logo_KMHS-2.jpg","datePublished":"2021-08-31T22:00:00+00:00","dateModified":"2023-01-19T14:50:27+00:00","breadcrumb":{"@id":"https:\/\/www.revuemusicale.ch\/basis\/2021\/09\/la-recherche-dans-les-hem-et-son-impact-societal#breadcrumb"},"inLanguage":"en-US","potentialAction":[{"@type":"ReadAction","target":["https:\/\/www.revuemusicale.ch\/basis\/2021\/09\/la-recherche-dans-les-hem-et-son-impact-societal"]}]},{"@type":"ImageObject","inLanguage":"en-US","@id":"https:\/\/www.revuemusicale.ch\/basis\/2021\/09\/la-recherche-dans-les-hem-et-son-impact-societal#primaryimage","url":"https:\/\/www.revuemusicale.ch\/wp-content\/uploads\/2023\/01\/Logo_KMHS-2.jpg","contentUrl":"https:\/\/www.revuemusicale.ch\/wp-content\/uploads\/2023\/01\/Logo_KMHS-2.jpg","width":554,"height":298},{"@type":"BreadcrumbList","@id":"https:\/\/www.revuemusicale.ch\/basis\/2021\/09\/la-recherche-dans-les-hem-et-son-impact-societal#breadcrumb","itemListElement":[{"@type":"ListItem","position":1,"name":"Home","item":"https:\/\/www.revuemusicale.ch\/"},{"@type":"ListItem","position":2,"name":"La recherche dans les HEM et son impact soci\u00e9tal"}]},{"@type":"WebSite","@id":"https:\/\/www.revuemusicale.ch\/#website","url":"https:\/\/www.revuemusicale.ch\/","name":"Swiss Music Review","description":"","publisher":{"@id":"https:\/\/www.revuemusicale.ch\/#organization"},"potentialAction":[{"@type":"SearchAction","target":{"@type":"EntryPoint","urlTemplate":"https:\/\/www.revuemusicale.ch\/?s={search_term_string}"},"query-input":{"@type":"PropertyValueSpecification","valueRequired":true,"valueName":"search_term_string"}}],"inLanguage":"en-US"},{"@type":"Organization","@id":"https:\/\/www.revuemusicale.ch\/#organization","name":"Swiss Music Review","url":"https:\/\/www.revuemusicale.ch\/","logo":{"@type":"ImageObject","inLanguage":"en-US","@id":"https:\/\/www.revuemusicale.ch\/#\/schema\/logo\/image\/","url":"https:\/\/www.revuemusicale.ch\/wp-content\/uploads\/2023\/01\/logo_revuemusicale_musikzeitung.jpg","contentUrl":"https:\/\/www.revuemusicale.ch\/wp-content\/uploads\/2023\/01\/logo_revuemusicale_musikzeitung.jpg","width":1200,"height":243,"caption":"Revue Musicale Suisse"},"image":{"@id":"https:\/\/www.revuemusicale.ch\/#\/schema\/logo\/image\/"},"sameAs":["https:\/\/www.facebook.com\/SchweizerMusikzeitung\/","https:\/\/x.com\/smusikzeitung","https:\/\/www.instagram.com\/musikzeitung.ch\/?hl=de"]},{"@type":"Person","@id":"https:\/\/www.revuemusicale.ch\/#\/schema\/person\/b2fd892c800856270b9dcc6001265712","name":"Musikzeitung-Redaktion","image":{"@type":"ImageObject","inLanguage":"en-US","@id":"https:\/\/secure.gravatar.com\/avatar\/0c7e6a405862e402eb76a70f8a26fc732d07c32931e9fae9ab1582911d2e8a3b?s=96&d=mm&r=g","url":"https:\/\/secure.gravatar.com\/avatar\/0c7e6a405862e402eb76a70f8a26fc732d07c32931e9fae9ab1582911d2e8a3b?s=96&d=mm&r=g","contentUrl":"https:\/\/secure.gravatar.com\/avatar\/0c7e6a405862e402eb76a70f8a26fc732d07c32931e9fae9ab1582911d2e8a3b?s=96&d=mm&r=g","caption":"Musikzeitung-Redaktion"},"sameAs":["http:\/\/wundo-docker.io"],"url":"https:\/\/www.revuemusicale.ch\/en\/author\/admin"}]}},"publishpress_future_action":{"enabled":false,"date":"1970-01-01 01:00:00","action":"change-status","newStatus":"draft","terms":[],"taxonomy":"category","extraData":[]},"publishpress_future_workflow_manual_trigger":{"enabledWorkflows":[]},"_links":{"self":[{"href":"https:\/\/www.revuemusicale.ch\/en\/wp-json\/wp\/v2\/posts\/28910","targetHints":{"allow":["GET"]}}],"collection":[{"href":"https:\/\/www.revuemusicale.ch\/en\/wp-json\/wp\/v2\/posts"}],"about":[{"href":"https:\/\/www.revuemusicale.ch\/en\/wp-json\/wp\/v2\/types\/post"}],"author":[{"embeddable":true,"href":"https:\/\/www.revuemusicale.ch\/en\/wp-json\/wp\/v2\/users\/1"}],"replies":[{"embeddable":true,"href":"https:\/\/www.revuemusicale.ch\/en\/wp-json\/wp\/v2\/comments?post=28910"}],"version-history":[{"count":1,"href":"https:\/\/www.revuemusicale.ch\/en\/wp-json\/wp\/v2\/posts\/28910\/revisions"}],"predecessor-version":[{"id":28911,"href":"https:\/\/www.revuemusicale.ch\/en\/wp-json\/wp\/v2\/posts\/28910\/revisions\/28911"}],"wp:featuredmedia":[{"embeddable":true,"href":"https:\/\/www.revuemusicale.ch\/en\/wp-json\/wp\/v2\/media\/28819"}],"wp:attachment":[{"href":"https:\/\/www.revuemusicale.ch\/en\/wp-json\/wp\/v2\/media?parent=28910"}],"wp:term":[{"taxonomy":"category","embeddable":true,"href":"https:\/\/www.revuemusicale.ch\/en\/wp-json\/wp\/v2\/categories?post=28910"},{"taxonomy":"post_tag","embeddable":true,"href":"https:\/\/www.revuemusicale.ch\/en\/wp-json\/wp\/v2\/tags?post=28910"}],"curies":[{"name":"wp","href":"https:\/\/api.w.org\/{rel}","templated":true}]}}