{"id":28918,"date":"2022-03-30T00:00:00","date_gmt":"2022-03-29T22:00:00","guid":{"rendered":"https:\/\/www.revuemusicale.ch\/blog\/2022\/03\/30\/de-la-necessite-de-lart-pour-la-paix\/"},"modified":"2023-01-19T15:50:28","modified_gmt":"2023-01-19T14:50:28","slug":"de-la-necessite-de-lart-pour-la-paix","status":"publish","type":"post","link":"https:\/\/www.revuemusicale.ch\/en\/basis\/2022\/03\/de-la-necessite-de-lart-pour-la-paix","title":{"rendered":"On the necessity of art for peace"},"content":{"rendered":"<p><img decoding=\"async\" class=\"size-full\" src=\"https:\/\/www.revuemusicale.ch\/wp-content\/uploads\/2023\/01\/Logo_KMHS-3.jpg\" alt=\"\" \/><\/p>\n<p><strong>The Conference of Swiss Music Academies supports efforts to restore peace in Europe, and positions itself as to how it can contribute.<\/strong><\/p>\n<div class='text-section'>\n<p><i>Antoine Gilli\u00e9ron -<\/i> The war that has been raging in Ukraine since the end of February has touched the hearts of our country's HEMs, as well as calling into question the universalist, and sometimes political, vocations of culture and educational institutions. How can we contribute to peace today, perhaps even more than in normal times, as tertiary music teaching institutions? <\/p>\n<\/p><\/div>\n<div class='text-section'> <strong>Commitment and intangible principles<\/strong><\/p>\n<p>The eight music academies that make up the CHEMS have taken a firm stance against the war in Ukraine (see Weiterf\u00fchrende Informationen) and, while clearly distinguishing between individuals and the political regime, support the measures aimed at cutting ties with artists representing the current Russian political power, as well as questioning or even interrupting current cooperation with Russian universities and conservatories that publicly displayed their support for the war at the beginning of March, which is profoundly incompatible with the values defended by the conference. With its strong commitment to pacifism, to bringing people together through music, and to the principles of non-discrimination, solidarity and tolerance, CHEMS affirms its willingness to welcome Ukrainian artists fleeing their country, as well as Russian and Belarussian musicians, to its faculty and student body, even when these people are not in a position to publicly express their disapproval of the military invasion. Thus, it is crucial for the conference to emphasize the need to differentiate between individuals and regimes, to highlight the freedom of art and research, and the importance of maintaining travel opportunities and visas for all people with a nationality that is concerned in one way or another by this war. The conference also takes a concerned look at attempts to cancel culture, and with all its might reject attempts to remove from programs the masterpieces of Russian music that also make up our exceptionally rich musical heritage.<\/p>\n<\/p><\/div>\n<div class='text-section'> <strong>From historical links to current issues<\/strong><\/p>\n<p>So, from the history of music to that of Russian instrumental schools, via the partnerships and historical relationships our schools have with Russia, Belarus and Ukraine, we take a broader look at the cultural relations that unite these countries with our own. Beyond this perspective, the initiatives put in place to improve the situation within our schools and more widely on the international stage are flourishing. These include peace concerts, fund-raising for charities and self-help groups, using the soft power of culture to show our support for Ukraine through various communications channels, and mobilizing to help students at our schools (financially and psychologically), as well as to welcome Ukrainian students who are far from home.In addition to sending a message of solidarity to the community affected by this war, and of unity towards all, the Swiss Colleges of Music are also making a major contribution to highlighting the need for art to achieve the precious collective construction that is peace. <\/p>\n<\/p>\n<\/p><\/div>","protected":false},"excerpt":{"rendered":"<p>La Conf\u00e9rence des Hautes \u00c9coles de Musique Suisses soutient les efforts pour restaurer la paix en Europe et se positionne quant \u00e0 ses leviers d\u2019action pour y contribuer. Antoine Gilli\u00e9ron \u2014 La guerre qui a lieu en Ukraine depuis fin f\u00e9vrier touche au c\u0153ur les HEM de notre pays aussi bien qu\u2019elle interroge la culture [&hellip;]<\/p>\n","protected":false},"author":1,"featured_media":28838,"comment_status":"open","ping_status":"open","sticky":false,"template":"","format":"standard","meta":{"_acf_changed":false,"_relevanssi_hide_post":"","_relevanssi_hide_content":"","_relevanssi_pin_for_all":"","_relevanssi_pin_keywords":"","_relevanssi_unpin_keywords":"","_relevanssi_related_keywords":"","_relevanssi_related_include_ids":"","_relevanssi_related_exclude_ids":"","_relevanssi_related_no_append":"","_relevanssi_related_not_related":"","_relevanssi_related_posts":"","_relevanssi_noindex_reason":"","pgc_sgb_lightbox_settings":"","footnotes":""},"categories":[31,1563],"tags":[],"class_list":["post-28918","post","type-post","status-publish","format-standard","has-post-thumbnail","hentry","category-basis","category-chems"],"acf":[],"yoast_head":"<!-- This site is optimized with the Yoast SEO plugin v27.3 - https:\/\/yoast.com\/product\/yoast-seo-wordpress\/ -->\n<title>De la n\u00e9cessit\u00e9 de l\u2019art pour la paix - Revue Musicale Suisse<\/title>\n<meta name=\"robots\" content=\"index, follow, max-snippet:-1, max-image-preview:large, max-video-preview:-1\" \/>\n<link rel=\"canonical\" href=\"https:\/\/www.revuemusicale.ch\/en\/basis\/2022\/03\/de-la-necessite-de-lart-pour-la-paix\/\" \/>\n<meta property=\"og:locale\" content=\"en_US\" \/>\n<meta property=\"og:type\" content=\"article\" \/>\n<meta property=\"og:title\" content=\"De la n\u00e9cessit\u00e9 de l\u2019art pour la paix - Revue Musicale Suisse\" \/>\n<meta property=\"og:description\" content=\"La Conf\u00e9rence des Hautes \u00c9coles de Musique Suisses soutient les efforts pour restaurer la paix en Europe et se positionne quant \u00e0 ses leviers d\u2019action pour y contribuer. Antoine Gilli\u00e9ron \u2014 La guerre qui a lieu en Ukraine depuis fin f\u00e9vrier touche au c\u0153ur les HEM de notre pays aussi bien qu\u2019elle interroge la culture [&hellip;]\" \/>\n<meta property=\"og:url\" content=\"https:\/\/www.revuemusicale.ch\/en\/basis\/2022\/03\/de-la-necessite-de-lart-pour-la-paix\/\" \/>\n<meta property=\"og:site_name\" content=\"Revue Musicale Suisse\" \/>\n<meta property=\"article:publisher\" content=\"https:\/\/www.facebook.com\/SchweizerMusikzeitung\/\" \/>\n<meta property=\"article:published_time\" content=\"2022-03-29T22:00:00+00:00\" \/>\n<meta property=\"article:modified_time\" content=\"2023-01-19T14:50:28+00:00\" \/>\n<meta property=\"og:image\" content=\"https:\/\/www.revuemusicale.ch\/wp-content\/uploads\/2023\/01\/Logo_KMHS-3.jpg\" \/>\n\t<meta property=\"og:image:width\" content=\"554\" \/>\n\t<meta property=\"og:image:height\" content=\"298\" \/>\n\t<meta property=\"og:image:type\" content=\"image\/jpeg\" \/>\n<meta name=\"author\" content=\"Musikzeitung-Redaktion\" \/>\n<meta name=\"twitter:card\" content=\"summary_large_image\" \/>\n<meta name=\"twitter:creator\" content=\"@smusikzeitung\" \/>\n<meta name=\"twitter:site\" content=\"@smusikzeitung\" \/>\n<meta name=\"twitter:label1\" content=\"Written by\" \/>\n\t<meta name=\"twitter:data1\" content=\"Musikzeitung-Redaktion\" \/>\n\t<meta name=\"twitter:label2\" content=\"Est. reading time\" \/>\n\t<meta name=\"twitter:data2\" content=\"3 minutes\" \/>\n<script type=\"application\/ld+json\" class=\"yoast-schema-graph\">{\"@context\":\"https:\\\/\\\/schema.org\",\"@graph\":[{\"@type\":\"Article\",\"@id\":\"https:\\\/\\\/www.revuemusicale.ch\\\/basis\\\/2022\\\/03\\\/de-la-necessite-de-lart-pour-la-paix#article\",\"isPartOf\":{\"@id\":\"https:\\\/\\\/www.revuemusicale.ch\\\/basis\\\/2022\\\/03\\\/de-la-necessite-de-lart-pour-la-paix\"},\"author\":{\"name\":\"Musikzeitung-Redaktion\",\"@id\":\"https:\\\/\\\/www.revuemusicale.ch\\\/#\\\/schema\\\/person\\\/b2fd892c800856270b9dcc6001265712\"},\"headline\":\"De la n\u00e9cessit\u00e9 de l\u2019art pour la paix\",\"datePublished\":\"2022-03-29T22:00:00+00:00\",\"dateModified\":\"2023-01-19T14:50:28+00:00\",\"mainEntityOfPage\":{\"@id\":\"https:\\\/\\\/www.revuemusicale.ch\\\/basis\\\/2022\\\/03\\\/de-la-necessite-de-lart-pour-la-paix\"},\"wordCount\":632,\"commentCount\":0,\"publisher\":{\"@id\":\"https:\\\/\\\/www.revuemusicale.ch\\\/#organization\"},\"image\":{\"@id\":\"https:\\\/\\\/www.revuemusicale.ch\\\/basis\\\/2022\\\/03\\\/de-la-necessite-de-lart-pour-la-paix#primaryimage\"},\"thumbnailUrl\":\"https:\\\/\\\/www.revuemusicale.ch\\\/wp-content\\\/uploads\\\/2023\\\/01\\\/Logo_KMHS-3.jpg\",\"articleSection\":[\"Basis\",\"CHEMS\"],\"inLanguage\":\"en-US\"},{\"@type\":\"WebPage\",\"@id\":\"https:\\\/\\\/www.revuemusicale.ch\\\/basis\\\/2022\\\/03\\\/de-la-necessite-de-lart-pour-la-paix\",\"url\":\"https:\\\/\\\/www.revuemusicale.ch\\\/basis\\\/2022\\\/03\\\/de-la-necessite-de-lart-pour-la-paix\",\"name\":\"De la n\u00e9cessit\u00e9 de l\u2019art pour la paix - Revue Musicale Suisse\",\"isPartOf\":{\"@id\":\"https:\\\/\\\/www.revuemusicale.ch\\\/#website\"},\"primaryImageOfPage\":{\"@id\":\"https:\\\/\\\/www.revuemusicale.ch\\\/basis\\\/2022\\\/03\\\/de-la-necessite-de-lart-pour-la-paix#primaryimage\"},\"image\":{\"@id\":\"https:\\\/\\\/www.revuemusicale.ch\\\/basis\\\/2022\\\/03\\\/de-la-necessite-de-lart-pour-la-paix#primaryimage\"},\"thumbnailUrl\":\"https:\\\/\\\/www.revuemusicale.ch\\\/wp-content\\\/uploads\\\/2023\\\/01\\\/Logo_KMHS-3.jpg\",\"datePublished\":\"2022-03-29T22:00:00+00:00\",\"dateModified\":\"2023-01-19T14:50:28+00:00\",\"breadcrumb\":{\"@id\":\"https:\\\/\\\/www.revuemusicale.ch\\\/basis\\\/2022\\\/03\\\/de-la-necessite-de-lart-pour-la-paix#breadcrumb\"},\"inLanguage\":\"en-US\",\"potentialAction\":[{\"@type\":\"ReadAction\",\"target\":[\"https:\\\/\\\/www.revuemusicale.ch\\\/basis\\\/2022\\\/03\\\/de-la-necessite-de-lart-pour-la-paix\"]}]},{\"@type\":\"ImageObject\",\"inLanguage\":\"en-US\",\"@id\":\"https:\\\/\\\/www.revuemusicale.ch\\\/basis\\\/2022\\\/03\\\/de-la-necessite-de-lart-pour-la-paix#primaryimage\",\"url\":\"https:\\\/\\\/www.revuemusicale.ch\\\/wp-content\\\/uploads\\\/2023\\\/01\\\/Logo_KMHS-3.jpg\",\"contentUrl\":\"https:\\\/\\\/www.revuemusicale.ch\\\/wp-content\\\/uploads\\\/2023\\\/01\\\/Logo_KMHS-3.jpg\",\"width\":554,\"height\":298},{\"@type\":\"BreadcrumbList\",\"@id\":\"https:\\\/\\\/www.revuemusicale.ch\\\/basis\\\/2022\\\/03\\\/de-la-necessite-de-lart-pour-la-paix#breadcrumb\",\"itemListElement\":[{\"@type\":\"ListItem\",\"position\":1,\"name\":\"Home\",\"item\":\"https:\\\/\\\/www.revuemusicale.ch\\\/\"},{\"@type\":\"ListItem\",\"position\":2,\"name\":\"De la n\u00e9cessit\u00e9 de l\u2019art pour la paix\"}]},{\"@type\":\"WebSite\",\"@id\":\"https:\\\/\\\/www.revuemusicale.ch\\\/#website\",\"url\":\"https:\\\/\\\/www.revuemusicale.ch\\\/\",\"name\":\"Revue Musicale Suisse\",\"description\":\"\",\"publisher\":{\"@id\":\"https:\\\/\\\/www.revuemusicale.ch\\\/#organization\"},\"potentialAction\":[{\"@type\":\"SearchAction\",\"target\":{\"@type\":\"EntryPoint\",\"urlTemplate\":\"https:\\\/\\\/www.revuemusicale.ch\\\/?s={search_term_string}\"},\"query-input\":{\"@type\":\"PropertyValueSpecification\",\"valueRequired\":true,\"valueName\":\"search_term_string\"}}],\"inLanguage\":\"en-US\"},{\"@type\":\"Organization\",\"@id\":\"https:\\\/\\\/www.revuemusicale.ch\\\/#organization\",\"name\":\"Revue Musicale Suisse\",\"url\":\"https:\\\/\\\/www.revuemusicale.ch\\\/\",\"logo\":{\"@type\":\"ImageObject\",\"inLanguage\":\"en-US\",\"@id\":\"https:\\\/\\\/www.revuemusicale.ch\\\/#\\\/schema\\\/logo\\\/image\\\/\",\"url\":\"https:\\\/\\\/www.revuemusicale.ch\\\/wp-content\\\/uploads\\\/2023\\\/01\\\/logo_revuemusicale_musikzeitung.jpg\",\"contentUrl\":\"https:\\\/\\\/www.revuemusicale.ch\\\/wp-content\\\/uploads\\\/2023\\\/01\\\/logo_revuemusicale_musikzeitung.jpg\",\"width\":1200,\"height\":243,\"caption\":\"Revue Musicale Suisse\"},\"image\":{\"@id\":\"https:\\\/\\\/www.revuemusicale.ch\\\/#\\\/schema\\\/logo\\\/image\\\/\"},\"sameAs\":[\"https:\\\/\\\/www.facebook.com\\\/SchweizerMusikzeitung\\\/\",\"https:\\\/\\\/x.com\\\/smusikzeitung\",\"https:\\\/\\\/www.instagram.com\\\/musikzeitung.ch\\\/?hl=de\"]},{\"@type\":\"Person\",\"@id\":\"https:\\\/\\\/www.revuemusicale.ch\\\/#\\\/schema\\\/person\\\/b2fd892c800856270b9dcc6001265712\",\"name\":\"Musikzeitung-Redaktion\",\"image\":{\"@type\":\"ImageObject\",\"inLanguage\":\"en-US\",\"@id\":\"https:\\\/\\\/secure.gravatar.com\\\/avatar\\\/0c7e6a405862e402eb76a70f8a26fc732d07c32931e9fae9ab1582911d2e8a3b?s=96&d=mm&r=g\",\"url\":\"https:\\\/\\\/secure.gravatar.com\\\/avatar\\\/0c7e6a405862e402eb76a70f8a26fc732d07c32931e9fae9ab1582911d2e8a3b?s=96&d=mm&r=g\",\"contentUrl\":\"https:\\\/\\\/secure.gravatar.com\\\/avatar\\\/0c7e6a405862e402eb76a70f8a26fc732d07c32931e9fae9ab1582911d2e8a3b?s=96&d=mm&r=g\",\"caption\":\"Musikzeitung-Redaktion\"},\"sameAs\":[\"http:\\\/\\\/wundo-docker.io\"],\"url\":\"https:\\\/\\\/www.revuemusicale.ch\\\/en\\\/author\\\/admin\"}]}<\/script>\n<!-- \/ Yoast SEO plugin. -->","yoast_head_json":{"title":"De la n\u00e9cessit\u00e9 de l\u2019art pour la paix - Revue Musicale Suisse","robots":{"index":"index","follow":"follow","max-snippet":"max-snippet:-1","max-image-preview":"max-image-preview:large","max-video-preview":"max-video-preview:-1"},"canonical":"https:\/\/www.revuemusicale.ch\/en\/basis\/2022\/03\/de-la-necessite-de-lart-pour-la-paix\/","og_locale":"en_US","og_type":"article","og_title":"De la n\u00e9cessit\u00e9 de l\u2019art pour la paix - Revue Musicale Suisse","og_description":"La Conf\u00e9rence des Hautes \u00c9coles de Musique Suisses soutient les efforts pour restaurer la paix en Europe et se positionne quant \u00e0 ses leviers d\u2019action pour y contribuer. Antoine Gilli\u00e9ron \u2014 La guerre qui a lieu en Ukraine depuis fin f\u00e9vrier touche au c\u0153ur les HEM de notre pays aussi bien qu\u2019elle interroge la culture [&hellip;]","og_url":"https:\/\/www.revuemusicale.ch\/en\/basis\/2022\/03\/de-la-necessite-de-lart-pour-la-paix\/","og_site_name":"Revue Musicale Suisse","article_publisher":"https:\/\/www.facebook.com\/SchweizerMusikzeitung\/","article_published_time":"2022-03-29T22:00:00+00:00","article_modified_time":"2023-01-19T14:50:28+00:00","og_image":[{"width":554,"height":298,"url":"https:\/\/www.revuemusicale.ch\/wp-content\/uploads\/2023\/01\/Logo_KMHS-3.jpg","type":"image\/jpeg"}],"author":"Musikzeitung-Redaktion","twitter_card":"summary_large_image","twitter_creator":"@smusikzeitung","twitter_site":"@smusikzeitung","twitter_misc":{"Written by":"Musikzeitung-Redaktion","Est. reading time":"3 minutes"},"schema":{"@context":"https:\/\/schema.org","@graph":[{"@type":"Article","@id":"https:\/\/www.revuemusicale.ch\/basis\/2022\/03\/de-la-necessite-de-lart-pour-la-paix#article","isPartOf":{"@id":"https:\/\/www.revuemusicale.ch\/basis\/2022\/03\/de-la-necessite-de-lart-pour-la-paix"},"author":{"name":"Musikzeitung-Redaktion","@id":"https:\/\/www.revuemusicale.ch\/#\/schema\/person\/b2fd892c800856270b9dcc6001265712"},"headline":"De la n\u00e9cessit\u00e9 de l\u2019art pour la paix","datePublished":"2022-03-29T22:00:00+00:00","dateModified":"2023-01-19T14:50:28+00:00","mainEntityOfPage":{"@id":"https:\/\/www.revuemusicale.ch\/basis\/2022\/03\/de-la-necessite-de-lart-pour-la-paix"},"wordCount":632,"commentCount":0,"publisher":{"@id":"https:\/\/www.revuemusicale.ch\/#organization"},"image":{"@id":"https:\/\/www.revuemusicale.ch\/basis\/2022\/03\/de-la-necessite-de-lart-pour-la-paix#primaryimage"},"thumbnailUrl":"https:\/\/www.revuemusicale.ch\/wp-content\/uploads\/2023\/01\/Logo_KMHS-3.jpg","articleSection":["Basis","CHEMS"],"inLanguage":"en-US"},{"@type":"WebPage","@id":"https:\/\/www.revuemusicale.ch\/basis\/2022\/03\/de-la-necessite-de-lart-pour-la-paix","url":"https:\/\/www.revuemusicale.ch\/basis\/2022\/03\/de-la-necessite-de-lart-pour-la-paix","name":"De la n\u00e9cessit\u00e9 de l\u2019art pour la paix - Revue Musicale Suisse","isPartOf":{"@id":"https:\/\/www.revuemusicale.ch\/#website"},"primaryImageOfPage":{"@id":"https:\/\/www.revuemusicale.ch\/basis\/2022\/03\/de-la-necessite-de-lart-pour-la-paix#primaryimage"},"image":{"@id":"https:\/\/www.revuemusicale.ch\/basis\/2022\/03\/de-la-necessite-de-lart-pour-la-paix#primaryimage"},"thumbnailUrl":"https:\/\/www.revuemusicale.ch\/wp-content\/uploads\/2023\/01\/Logo_KMHS-3.jpg","datePublished":"2022-03-29T22:00:00+00:00","dateModified":"2023-01-19T14:50:28+00:00","breadcrumb":{"@id":"https:\/\/www.revuemusicale.ch\/basis\/2022\/03\/de-la-necessite-de-lart-pour-la-paix#breadcrumb"},"inLanguage":"en-US","potentialAction":[{"@type":"ReadAction","target":["https:\/\/www.revuemusicale.ch\/basis\/2022\/03\/de-la-necessite-de-lart-pour-la-paix"]}]},{"@type":"ImageObject","inLanguage":"en-US","@id":"https:\/\/www.revuemusicale.ch\/basis\/2022\/03\/de-la-necessite-de-lart-pour-la-paix#primaryimage","url":"https:\/\/www.revuemusicale.ch\/wp-content\/uploads\/2023\/01\/Logo_KMHS-3.jpg","contentUrl":"https:\/\/www.revuemusicale.ch\/wp-content\/uploads\/2023\/01\/Logo_KMHS-3.jpg","width":554,"height":298},{"@type":"BreadcrumbList","@id":"https:\/\/www.revuemusicale.ch\/basis\/2022\/03\/de-la-necessite-de-lart-pour-la-paix#breadcrumb","itemListElement":[{"@type":"ListItem","position":1,"name":"Home","item":"https:\/\/www.revuemusicale.ch\/"},{"@type":"ListItem","position":2,"name":"De la n\u00e9cessit\u00e9 de l\u2019art pour la paix"}]},{"@type":"WebSite","@id":"https:\/\/www.revuemusicale.ch\/#website","url":"https:\/\/www.revuemusicale.ch\/","name":"Swiss Music Review","description":"","publisher":{"@id":"https:\/\/www.revuemusicale.ch\/#organization"},"potentialAction":[{"@type":"SearchAction","target":{"@type":"EntryPoint","urlTemplate":"https:\/\/www.revuemusicale.ch\/?s={search_term_string}"},"query-input":{"@type":"PropertyValueSpecification","valueRequired":true,"valueName":"search_term_string"}}],"inLanguage":"en-US"},{"@type":"Organization","@id":"https:\/\/www.revuemusicale.ch\/#organization","name":"Swiss Music Review","url":"https:\/\/www.revuemusicale.ch\/","logo":{"@type":"ImageObject","inLanguage":"en-US","@id":"https:\/\/www.revuemusicale.ch\/#\/schema\/logo\/image\/","url":"https:\/\/www.revuemusicale.ch\/wp-content\/uploads\/2023\/01\/logo_revuemusicale_musikzeitung.jpg","contentUrl":"https:\/\/www.revuemusicale.ch\/wp-content\/uploads\/2023\/01\/logo_revuemusicale_musikzeitung.jpg","width":1200,"height":243,"caption":"Revue Musicale Suisse"},"image":{"@id":"https:\/\/www.revuemusicale.ch\/#\/schema\/logo\/image\/"},"sameAs":["https:\/\/www.facebook.com\/SchweizerMusikzeitung\/","https:\/\/x.com\/smusikzeitung","https:\/\/www.instagram.com\/musikzeitung.ch\/?hl=de"]},{"@type":"Person","@id":"https:\/\/www.revuemusicale.ch\/#\/schema\/person\/b2fd892c800856270b9dcc6001265712","name":"Musikzeitung-Redaktion","image":{"@type":"ImageObject","inLanguage":"en-US","@id":"https:\/\/secure.gravatar.com\/avatar\/0c7e6a405862e402eb76a70f8a26fc732d07c32931e9fae9ab1582911d2e8a3b?s=96&d=mm&r=g","url":"https:\/\/secure.gravatar.com\/avatar\/0c7e6a405862e402eb76a70f8a26fc732d07c32931e9fae9ab1582911d2e8a3b?s=96&d=mm&r=g","contentUrl":"https:\/\/secure.gravatar.com\/avatar\/0c7e6a405862e402eb76a70f8a26fc732d07c32931e9fae9ab1582911d2e8a3b?s=96&d=mm&r=g","caption":"Musikzeitung-Redaktion"},"sameAs":["http:\/\/wundo-docker.io"],"url":"https:\/\/www.revuemusicale.ch\/en\/author\/admin"}]}},"publishpress_future_action":{"enabled":false,"date":"1970-01-01 01:00:00","action":"change-status","newStatus":"draft","terms":[],"taxonomy":"category","extraData":[]},"publishpress_future_workflow_manual_trigger":{"enabledWorkflows":[]},"_links":{"self":[{"href":"https:\/\/www.revuemusicale.ch\/en\/wp-json\/wp\/v2\/posts\/28918","targetHints":{"allow":["GET"]}}],"collection":[{"href":"https:\/\/www.revuemusicale.ch\/en\/wp-json\/wp\/v2\/posts"}],"about":[{"href":"https:\/\/www.revuemusicale.ch\/en\/wp-json\/wp\/v2\/types\/post"}],"author":[{"embeddable":true,"href":"https:\/\/www.revuemusicale.ch\/en\/wp-json\/wp\/v2\/users\/1"}],"replies":[{"embeddable":true,"href":"https:\/\/www.revuemusicale.ch\/en\/wp-json\/wp\/v2\/comments?post=28918"}],"version-history":[{"count":1,"href":"https:\/\/www.revuemusicale.ch\/en\/wp-json\/wp\/v2\/posts\/28918\/revisions"}],"predecessor-version":[{"id":28919,"href":"https:\/\/www.revuemusicale.ch\/en\/wp-json\/wp\/v2\/posts\/28918\/revisions\/28919"}],"wp:featuredmedia":[{"embeddable":true,"href":"https:\/\/www.revuemusicale.ch\/en\/wp-json\/wp\/v2\/media\/28838"}],"wp:attachment":[{"href":"https:\/\/www.revuemusicale.ch\/en\/wp-json\/wp\/v2\/media?parent=28918"}],"wp:term":[{"taxonomy":"category","embeddable":true,"href":"https:\/\/www.revuemusicale.ch\/en\/wp-json\/wp\/v2\/categories?post=28918"},{"taxonomy":"post_tag","embeddable":true,"href":"https:\/\/www.revuemusicale.ch\/en\/wp-json\/wp\/v2\/tags?post=28918"}],"curies":[{"name":"wp","href":"https:\/\/api.w.org\/{rel}","templated":true}]}}