{"id":28947,"date":"2013-07-03T00:00:00","date_gmt":"2013-07-02T22:00:00","guid":{"rendered":"https:\/\/www.revuemusicale.ch\/blog\/2013\/07\/03\/musique-et-droit\/"},"modified":"2023-01-19T15:50:31","modified_gmt":"2023-01-19T14:50:31","slug":"musique-et-droit","status":"publish","type":"post","link":"https:\/\/www.revuemusicale.ch\/en\/basis\/2013\/07\/musique-et-droit","title":{"rendered":"Music and law"},"content":{"rendered":"<p><img decoding=\"async\" class=\"size-full\" src=\"https:\/\/www.revuemusicale.ch\/wp-content\/uploads\/2023\/01\/SMPV_national_farb-1.jpg\" alt=\"\" \/><\/p>\n<p><strong>Reflections on the practice of the legal counsel of the Swiss Society for Music Pedagogy SSPM. Yvette Kovacs, doctor of law, attorney-at-law in Zurich and legal advisor to the SSPM, answers questions from association members.<\/strong><\/p>\n<div class='text-section'>\n<p>Question from a member:<\/p>\n<p>I've been working in a music school for ten years. A week ago, I suffered a compound fracture in my leg which will prevent me from working for the next few weeks. The music school called to tell me that I had to organize and pay for a replacement until my return. I've found a colleague who's agreed to stand in for me. But am I really obliged to organize and pay for a replacement?<\/p>\n<p>Response from Yvette Kovacs:<\/p>\n<p>No, in this case it's the music school that's in the wrong. You have an employee relationship with the music school, which is legally regarded as a contract of employment governed by the relevant provisions of the Swiss Code of Obligations (CO). This stipulates that if the employee is prevented from working through no fault of his own, for reasons such as illness, accident or the fulfilment of a legal obligation, the employer must pay him his salary for a limited period, provided the employment relationship has lasted more than three months or has been concluded for more than three months. The employer must protect and respect the employee's personality and show due regard for his or her health.<\/p>\n<p>As a result, after an accident, you can stay at home for a limited period, which varies according to the length of your employment relationship and cantonal provisions, while continuing to receive your salary and being protected for a certain time against dismissal. The organization of work is the employer's responsibility, and it is therefore up to him to organize and pay for the replacement of the worker during his absence. If this were not the case, the obligation to find a replacement would constitute a violation of the sick worker's personality, and the obligation to pay the replacement would render the employer's duty to pay wages meaningless, since the sick worker would have to pay his wages directly to his replacement and would therefore receive nothing during his illness.<\/p>\n<p>Your music school has thus behaved unlawfully. I therefore recommend that you inform the school director, demand payment of your salary during your illness and request that the replacement be paid directly by the music school. <\/p>\n<\/p><\/div>","protected":false},"excerpt":{"rendered":"<p>Reflets de la pratique du conseil juridique de la Soci\u00e9t\u00e9\u2028suisse de p\u00e9dagogie musicale SSPM. Yvette Kovacs, docteure en droit, avocate \u00e0 Zurich et conseill\u00e8re juridique de la SSPM, r\u00e9pond aux questions des membres de l\u2019association.\u2029 Question d\u2019un membre\u2009:\u2029 Je travaille depuis dix ans dans une \u00e9cole de musique. Il y a une semaine, j\u2019ai subi [&hellip;]<\/p>\n","protected":false},"author":1,"featured_media":28945,"comment_status":"open","ping_status":"open","sticky":false,"template":"","format":"standard","meta":{"_acf_changed":false,"_relevanssi_hide_post":"","_relevanssi_hide_content":"","_relevanssi_pin_for_all":"","_relevanssi_pin_keywords":"","_relevanssi_unpin_keywords":"","_relevanssi_related_keywords":"","_relevanssi_related_include_ids":"","_relevanssi_related_exclude_ids":"","_relevanssi_related_no_append":"","_relevanssi_related_not_related":"","_relevanssi_related_posts":"","_relevanssi_noindex_reason":"","pgc_sgb_lightbox_settings":"","footnotes":""},"categories":[31,51],"tags":[],"class_list":["post-28947","post","type-post","status-publish","format-standard","has-post-thumbnail","hentry","category-basis","category-sspm"],"acf":[],"yoast_head":"<!-- This site is optimized with the Yoast SEO plugin v27.3 - https:\/\/yoast.com\/product\/yoast-seo-wordpress\/ -->\n<title>Musique et droit - Revue Musicale Suisse<\/title>\n<meta name=\"robots\" content=\"index, follow, max-snippet:-1, max-image-preview:large, max-video-preview:-1\" \/>\n<link rel=\"canonical\" href=\"https:\/\/www.revuemusicale.ch\/en\/basis\/2013\/07\/musique-et-droit\/\" \/>\n<meta property=\"og:locale\" content=\"en_US\" \/>\n<meta property=\"og:type\" content=\"article\" \/>\n<meta property=\"og:title\" content=\"Musique et droit - Revue Musicale Suisse\" \/>\n<meta property=\"og:description\" content=\"Reflets de la pratique du conseil juridique de la Soci\u00e9t\u00e9\u2028suisse de p\u00e9dagogie musicale SSPM. Yvette Kovacs, docteure en droit, avocate \u00e0 Zurich et conseill\u00e8re juridique de la SSPM, r\u00e9pond aux questions des membres de l\u2019association.\u2029 Question d\u2019un membre\u2009:\u2029 Je travaille depuis dix ans dans une \u00e9cole de musique. Il y a une semaine, j\u2019ai subi [&hellip;]\" \/>\n<meta property=\"og:url\" content=\"https:\/\/www.revuemusicale.ch\/en\/basis\/2013\/07\/musique-et-droit\/\" \/>\n<meta property=\"og:site_name\" content=\"Revue Musicale Suisse\" \/>\n<meta property=\"article:publisher\" content=\"https:\/\/www.facebook.com\/SchweizerMusikzeitung\/\" \/>\n<meta property=\"article:published_time\" content=\"2013-07-02T22:00:00+00:00\" \/>\n<meta property=\"article:modified_time\" content=\"2023-01-19T14:50:31+00:00\" \/>\n<meta property=\"og:image\" content=\"https:\/\/www.revuemusicale.ch\/wp-content\/uploads\/2023\/01\/SMPV_national_farb-1.jpg\" \/>\n\t<meta property=\"og:image:width\" content=\"554\" \/>\n\t<meta property=\"og:image:height\" content=\"259\" \/>\n\t<meta property=\"og:image:type\" content=\"image\/jpeg\" \/>\n<meta name=\"author\" content=\"Musikzeitung-Redaktion\" \/>\n<meta name=\"twitter:card\" content=\"summary_large_image\" \/>\n<meta name=\"twitter:creator\" content=\"@smusikzeitung\" \/>\n<meta name=\"twitter:site\" content=\"@smusikzeitung\" \/>\n<meta name=\"twitter:label1\" content=\"Written by\" \/>\n\t<meta name=\"twitter:data1\" content=\"Musikzeitung-Redaktion\" \/>\n\t<meta name=\"twitter:label2\" content=\"Est. reading time\" \/>\n\t<meta name=\"twitter:data2\" content=\"2 minutes\" \/>\n<script type=\"application\/ld+json\" class=\"yoast-schema-graph\">{\"@context\":\"https:\\\/\\\/schema.org\",\"@graph\":[{\"@type\":\"Article\",\"@id\":\"https:\\\/\\\/www.revuemusicale.ch\\\/basis\\\/2013\\\/07\\\/musique-et-droit#article\",\"isPartOf\":{\"@id\":\"https:\\\/\\\/www.revuemusicale.ch\\\/basis\\\/2013\\\/07\\\/musique-et-droit\"},\"author\":{\"name\":\"Musikzeitung-Redaktion\",\"@id\":\"https:\\\/\\\/www.revuemusicale.ch\\\/#\\\/schema\\\/person\\\/b2fd892c800856270b9dcc6001265712\"},\"headline\":\"Musique et droit\",\"datePublished\":\"2013-07-02T22:00:00+00:00\",\"dateModified\":\"2023-01-19T14:50:31+00:00\",\"mainEntityOfPage\":{\"@id\":\"https:\\\/\\\/www.revuemusicale.ch\\\/basis\\\/2013\\\/07\\\/musique-et-droit\"},\"wordCount\":470,\"commentCount\":0,\"publisher\":{\"@id\":\"https:\\\/\\\/www.revuemusicale.ch\\\/#organization\"},\"image\":{\"@id\":\"https:\\\/\\\/www.revuemusicale.ch\\\/basis\\\/2013\\\/07\\\/musique-et-droit#primaryimage\"},\"thumbnailUrl\":\"https:\\\/\\\/www.revuemusicale.ch\\\/wp-content\\\/uploads\\\/2023\\\/01\\\/SMPV_national_farb-1.jpg\",\"articleSection\":[\"Basis\",\"SSPM\"],\"inLanguage\":\"en-US\"},{\"@type\":\"WebPage\",\"@id\":\"https:\\\/\\\/www.revuemusicale.ch\\\/basis\\\/2013\\\/07\\\/musique-et-droit\",\"url\":\"https:\\\/\\\/www.revuemusicale.ch\\\/basis\\\/2013\\\/07\\\/musique-et-droit\",\"name\":\"Musique et droit - Revue Musicale Suisse\",\"isPartOf\":{\"@id\":\"https:\\\/\\\/www.revuemusicale.ch\\\/#website\"},\"primaryImageOfPage\":{\"@id\":\"https:\\\/\\\/www.revuemusicale.ch\\\/basis\\\/2013\\\/07\\\/musique-et-droit#primaryimage\"},\"image\":{\"@id\":\"https:\\\/\\\/www.revuemusicale.ch\\\/basis\\\/2013\\\/07\\\/musique-et-droit#primaryimage\"},\"thumbnailUrl\":\"https:\\\/\\\/www.revuemusicale.ch\\\/wp-content\\\/uploads\\\/2023\\\/01\\\/SMPV_national_farb-1.jpg\",\"datePublished\":\"2013-07-02T22:00:00+00:00\",\"dateModified\":\"2023-01-19T14:50:31+00:00\",\"breadcrumb\":{\"@id\":\"https:\\\/\\\/www.revuemusicale.ch\\\/basis\\\/2013\\\/07\\\/musique-et-droit#breadcrumb\"},\"inLanguage\":\"en-US\",\"potentialAction\":[{\"@type\":\"ReadAction\",\"target\":[\"https:\\\/\\\/www.revuemusicale.ch\\\/basis\\\/2013\\\/07\\\/musique-et-droit\"]}]},{\"@type\":\"ImageObject\",\"inLanguage\":\"en-US\",\"@id\":\"https:\\\/\\\/www.revuemusicale.ch\\\/basis\\\/2013\\\/07\\\/musique-et-droit#primaryimage\",\"url\":\"https:\\\/\\\/www.revuemusicale.ch\\\/wp-content\\\/uploads\\\/2023\\\/01\\\/SMPV_national_farb-1.jpg\",\"contentUrl\":\"https:\\\/\\\/www.revuemusicale.ch\\\/wp-content\\\/uploads\\\/2023\\\/01\\\/SMPV_national_farb-1.jpg\",\"width\":554,\"height\":259},{\"@type\":\"BreadcrumbList\",\"@id\":\"https:\\\/\\\/www.revuemusicale.ch\\\/basis\\\/2013\\\/07\\\/musique-et-droit#breadcrumb\",\"itemListElement\":[{\"@type\":\"ListItem\",\"position\":1,\"name\":\"Home\",\"item\":\"https:\\\/\\\/www.revuemusicale.ch\\\/\"},{\"@type\":\"ListItem\",\"position\":2,\"name\":\"Musique et droit\"}]},{\"@type\":\"WebSite\",\"@id\":\"https:\\\/\\\/www.revuemusicale.ch\\\/#website\",\"url\":\"https:\\\/\\\/www.revuemusicale.ch\\\/\",\"name\":\"Revue Musicale Suisse\",\"description\":\"\",\"publisher\":{\"@id\":\"https:\\\/\\\/www.revuemusicale.ch\\\/#organization\"},\"potentialAction\":[{\"@type\":\"SearchAction\",\"target\":{\"@type\":\"EntryPoint\",\"urlTemplate\":\"https:\\\/\\\/www.revuemusicale.ch\\\/?s={search_term_string}\"},\"query-input\":{\"@type\":\"PropertyValueSpecification\",\"valueRequired\":true,\"valueName\":\"search_term_string\"}}],\"inLanguage\":\"en-US\"},{\"@type\":\"Organization\",\"@id\":\"https:\\\/\\\/www.revuemusicale.ch\\\/#organization\",\"name\":\"Revue Musicale Suisse\",\"url\":\"https:\\\/\\\/www.revuemusicale.ch\\\/\",\"logo\":{\"@type\":\"ImageObject\",\"inLanguage\":\"en-US\",\"@id\":\"https:\\\/\\\/www.revuemusicale.ch\\\/#\\\/schema\\\/logo\\\/image\\\/\",\"url\":\"https:\\\/\\\/www.revuemusicale.ch\\\/wp-content\\\/uploads\\\/2023\\\/01\\\/logo_revuemusicale_musikzeitung.jpg\",\"contentUrl\":\"https:\\\/\\\/www.revuemusicale.ch\\\/wp-content\\\/uploads\\\/2023\\\/01\\\/logo_revuemusicale_musikzeitung.jpg\",\"width\":1200,\"height\":243,\"caption\":\"Revue Musicale Suisse\"},\"image\":{\"@id\":\"https:\\\/\\\/www.revuemusicale.ch\\\/#\\\/schema\\\/logo\\\/image\\\/\"},\"sameAs\":[\"https:\\\/\\\/www.facebook.com\\\/SchweizerMusikzeitung\\\/\",\"https:\\\/\\\/x.com\\\/smusikzeitung\",\"https:\\\/\\\/www.instagram.com\\\/musikzeitung.ch\\\/?hl=de\"]},{\"@type\":\"Person\",\"@id\":\"https:\\\/\\\/www.revuemusicale.ch\\\/#\\\/schema\\\/person\\\/b2fd892c800856270b9dcc6001265712\",\"name\":\"Musikzeitung-Redaktion\",\"image\":{\"@type\":\"ImageObject\",\"inLanguage\":\"en-US\",\"@id\":\"https:\\\/\\\/secure.gravatar.com\\\/avatar\\\/0c7e6a405862e402eb76a70f8a26fc732d07c32931e9fae9ab1582911d2e8a3b?s=96&d=mm&r=g\",\"url\":\"https:\\\/\\\/secure.gravatar.com\\\/avatar\\\/0c7e6a405862e402eb76a70f8a26fc732d07c32931e9fae9ab1582911d2e8a3b?s=96&d=mm&r=g\",\"contentUrl\":\"https:\\\/\\\/secure.gravatar.com\\\/avatar\\\/0c7e6a405862e402eb76a70f8a26fc732d07c32931e9fae9ab1582911d2e8a3b?s=96&d=mm&r=g\",\"caption\":\"Musikzeitung-Redaktion\"},\"sameAs\":[\"http:\\\/\\\/wundo-docker.io\"],\"url\":\"https:\\\/\\\/www.revuemusicale.ch\\\/en\\\/author\\\/admin\"}]}<\/script>\n<!-- \/ Yoast SEO plugin. -->","yoast_head_json":{"title":"Musique et droit - Revue Musicale Suisse","robots":{"index":"index","follow":"follow","max-snippet":"max-snippet:-1","max-image-preview":"max-image-preview:large","max-video-preview":"max-video-preview:-1"},"canonical":"https:\/\/www.revuemusicale.ch\/en\/basis\/2013\/07\/musique-et-droit\/","og_locale":"en_US","og_type":"article","og_title":"Musique et droit - Revue Musicale Suisse","og_description":"Reflets de la pratique du conseil juridique de la Soci\u00e9t\u00e9\u2028suisse de p\u00e9dagogie musicale SSPM. Yvette Kovacs, docteure en droit, avocate \u00e0 Zurich et conseill\u00e8re juridique de la SSPM, r\u00e9pond aux questions des membres de l\u2019association.\u2029 Question d\u2019un membre\u2009:\u2029 Je travaille depuis dix ans dans une \u00e9cole de musique. Il y a une semaine, j\u2019ai subi [&hellip;]","og_url":"https:\/\/www.revuemusicale.ch\/en\/basis\/2013\/07\/musique-et-droit\/","og_site_name":"Revue Musicale Suisse","article_publisher":"https:\/\/www.facebook.com\/SchweizerMusikzeitung\/","article_published_time":"2013-07-02T22:00:00+00:00","article_modified_time":"2023-01-19T14:50:31+00:00","og_image":[{"width":554,"height":259,"url":"https:\/\/www.revuemusicale.ch\/wp-content\/uploads\/2023\/01\/SMPV_national_farb-1.jpg","type":"image\/jpeg"}],"author":"Musikzeitung-Redaktion","twitter_card":"summary_large_image","twitter_creator":"@smusikzeitung","twitter_site":"@smusikzeitung","twitter_misc":{"Written by":"Musikzeitung-Redaktion","Est. reading time":"2 minutes"},"schema":{"@context":"https:\/\/schema.org","@graph":[{"@type":"Article","@id":"https:\/\/www.revuemusicale.ch\/basis\/2013\/07\/musique-et-droit#article","isPartOf":{"@id":"https:\/\/www.revuemusicale.ch\/basis\/2013\/07\/musique-et-droit"},"author":{"name":"Musikzeitung-Redaktion","@id":"https:\/\/www.revuemusicale.ch\/#\/schema\/person\/b2fd892c800856270b9dcc6001265712"},"headline":"Musique et droit","datePublished":"2013-07-02T22:00:00+00:00","dateModified":"2023-01-19T14:50:31+00:00","mainEntityOfPage":{"@id":"https:\/\/www.revuemusicale.ch\/basis\/2013\/07\/musique-et-droit"},"wordCount":470,"commentCount":0,"publisher":{"@id":"https:\/\/www.revuemusicale.ch\/#organization"},"image":{"@id":"https:\/\/www.revuemusicale.ch\/basis\/2013\/07\/musique-et-droit#primaryimage"},"thumbnailUrl":"https:\/\/www.revuemusicale.ch\/wp-content\/uploads\/2023\/01\/SMPV_national_farb-1.jpg","articleSection":["Basis","SSPM"],"inLanguage":"en-US"},{"@type":"WebPage","@id":"https:\/\/www.revuemusicale.ch\/basis\/2013\/07\/musique-et-droit","url":"https:\/\/www.revuemusicale.ch\/basis\/2013\/07\/musique-et-droit","name":"Musique et droit - Revue Musicale Suisse","isPartOf":{"@id":"https:\/\/www.revuemusicale.ch\/#website"},"primaryImageOfPage":{"@id":"https:\/\/www.revuemusicale.ch\/basis\/2013\/07\/musique-et-droit#primaryimage"},"image":{"@id":"https:\/\/www.revuemusicale.ch\/basis\/2013\/07\/musique-et-droit#primaryimage"},"thumbnailUrl":"https:\/\/www.revuemusicale.ch\/wp-content\/uploads\/2023\/01\/SMPV_national_farb-1.jpg","datePublished":"2013-07-02T22:00:00+00:00","dateModified":"2023-01-19T14:50:31+00:00","breadcrumb":{"@id":"https:\/\/www.revuemusicale.ch\/basis\/2013\/07\/musique-et-droit#breadcrumb"},"inLanguage":"en-US","potentialAction":[{"@type":"ReadAction","target":["https:\/\/www.revuemusicale.ch\/basis\/2013\/07\/musique-et-droit"]}]},{"@type":"ImageObject","inLanguage":"en-US","@id":"https:\/\/www.revuemusicale.ch\/basis\/2013\/07\/musique-et-droit#primaryimage","url":"https:\/\/www.revuemusicale.ch\/wp-content\/uploads\/2023\/01\/SMPV_national_farb-1.jpg","contentUrl":"https:\/\/www.revuemusicale.ch\/wp-content\/uploads\/2023\/01\/SMPV_national_farb-1.jpg","width":554,"height":259},{"@type":"BreadcrumbList","@id":"https:\/\/www.revuemusicale.ch\/basis\/2013\/07\/musique-et-droit#breadcrumb","itemListElement":[{"@type":"ListItem","position":1,"name":"Home","item":"https:\/\/www.revuemusicale.ch\/"},{"@type":"ListItem","position":2,"name":"Musique et droit"}]},{"@type":"WebSite","@id":"https:\/\/www.revuemusicale.ch\/#website","url":"https:\/\/www.revuemusicale.ch\/","name":"Swiss Music Review","description":"","publisher":{"@id":"https:\/\/www.revuemusicale.ch\/#organization"},"potentialAction":[{"@type":"SearchAction","target":{"@type":"EntryPoint","urlTemplate":"https:\/\/www.revuemusicale.ch\/?s={search_term_string}"},"query-input":{"@type":"PropertyValueSpecification","valueRequired":true,"valueName":"search_term_string"}}],"inLanguage":"en-US"},{"@type":"Organization","@id":"https:\/\/www.revuemusicale.ch\/#organization","name":"Swiss Music Review","url":"https:\/\/www.revuemusicale.ch\/","logo":{"@type":"ImageObject","inLanguage":"en-US","@id":"https:\/\/www.revuemusicale.ch\/#\/schema\/logo\/image\/","url":"https:\/\/www.revuemusicale.ch\/wp-content\/uploads\/2023\/01\/logo_revuemusicale_musikzeitung.jpg","contentUrl":"https:\/\/www.revuemusicale.ch\/wp-content\/uploads\/2023\/01\/logo_revuemusicale_musikzeitung.jpg","width":1200,"height":243,"caption":"Revue Musicale Suisse"},"image":{"@id":"https:\/\/www.revuemusicale.ch\/#\/schema\/logo\/image\/"},"sameAs":["https:\/\/www.facebook.com\/SchweizerMusikzeitung\/","https:\/\/x.com\/smusikzeitung","https:\/\/www.instagram.com\/musikzeitung.ch\/?hl=de"]},{"@type":"Person","@id":"https:\/\/www.revuemusicale.ch\/#\/schema\/person\/b2fd892c800856270b9dcc6001265712","name":"Musikzeitung-Redaktion","image":{"@type":"ImageObject","inLanguage":"en-US","@id":"https:\/\/secure.gravatar.com\/avatar\/0c7e6a405862e402eb76a70f8a26fc732d07c32931e9fae9ab1582911d2e8a3b?s=96&d=mm&r=g","url":"https:\/\/secure.gravatar.com\/avatar\/0c7e6a405862e402eb76a70f8a26fc732d07c32931e9fae9ab1582911d2e8a3b?s=96&d=mm&r=g","contentUrl":"https:\/\/secure.gravatar.com\/avatar\/0c7e6a405862e402eb76a70f8a26fc732d07c32931e9fae9ab1582911d2e8a3b?s=96&d=mm&r=g","caption":"Musikzeitung-Redaktion"},"sameAs":["http:\/\/wundo-docker.io"],"url":"https:\/\/www.revuemusicale.ch\/en\/author\/admin"}]}},"publishpress_future_action":{"enabled":false,"date":"1970-01-01 01:00:00","action":"change-status","newStatus":"draft","terms":[],"taxonomy":"category","extraData":[]},"publishpress_future_workflow_manual_trigger":{"enabledWorkflows":[]},"_links":{"self":[{"href":"https:\/\/www.revuemusicale.ch\/en\/wp-json\/wp\/v2\/posts\/28947","targetHints":{"allow":["GET"]}}],"collection":[{"href":"https:\/\/www.revuemusicale.ch\/en\/wp-json\/wp\/v2\/posts"}],"about":[{"href":"https:\/\/www.revuemusicale.ch\/en\/wp-json\/wp\/v2\/types\/post"}],"author":[{"embeddable":true,"href":"https:\/\/www.revuemusicale.ch\/en\/wp-json\/wp\/v2\/users\/1"}],"replies":[{"embeddable":true,"href":"https:\/\/www.revuemusicale.ch\/en\/wp-json\/wp\/v2\/comments?post=28947"}],"version-history":[{"count":1,"href":"https:\/\/www.revuemusicale.ch\/en\/wp-json\/wp\/v2\/posts\/28947\/revisions"}],"predecessor-version":[{"id":28948,"href":"https:\/\/www.revuemusicale.ch\/en\/wp-json\/wp\/v2\/posts\/28947\/revisions\/28948"}],"wp:featuredmedia":[{"embeddable":true,"href":"https:\/\/www.revuemusicale.ch\/en\/wp-json\/wp\/v2\/media\/28945"}],"wp:attachment":[{"href":"https:\/\/www.revuemusicale.ch\/en\/wp-json\/wp\/v2\/media?parent=28947"}],"wp:term":[{"taxonomy":"category","embeddable":true,"href":"https:\/\/www.revuemusicale.ch\/en\/wp-json\/wp\/v2\/categories?post=28947"},{"taxonomy":"post_tag","embeddable":true,"href":"https:\/\/www.revuemusicale.ch\/en\/wp-json\/wp\/v2\/tags?post=28947"}],"curies":[{"name":"wp","href":"https:\/\/api.w.org\/{rel}","templated":true}]}}