{"id":29003,"date":"2018-02-23T00:00:00","date_gmt":"2018-02-22T23:00:00","guid":{"rendered":"https:\/\/www.revuemusicale.ch\/blog\/2018\/02\/23\/la-sspm-fete-ses-125e-ans\/"},"modified":"2023-01-19T15:50:34","modified_gmt":"2023-01-19T14:50:34","slug":"la-sspm-fete-ses-125e-ans","status":"publish","type":"post","link":"https:\/\/www.revuemusicale.ch\/en\/basis\/2018\/02\/la-sspm-fete-ses-125e-ans","title":{"rendered":"SSPM celebrates its 125th anniversary"},"content":{"rendered":"<p><img decoding=\"async\" class=\"size-full\" src=\"https:\/\/www.revuemusicale.ch\/wp-content\/uploads\/2023\/01\/SMPV_national_farb-1.jpg\" alt=\"\" \/><\/p>","protected":false},"excerpt":{"rendered":"<div class='text-section'>\n<p>The French-speaking sections of the SSPM (Vaud, Geneva, Neuch\u00e2tel and Valais) form the French-speaking working group for this jubilee. <\/p>\n<p> This collaboration represents a unique opportunity to bring together people from sections not accustomed to working together. The challenge is to combine our ideas, strengths and differences, as well as our creativity, to create a show that reflects our vision of our association, takes into account our history and identity, while fitting into the Swiss and international musical landscape. <br \/> Each canton has its own identity and reality, its own resources and needs. With this in mind, we have decided to adapt our projects to suit local possibilities. In fact, each section can propose its own activities: workshops, masterclasses, concerts offered in collaboration with other sections, as well as adapting the show (described in detail below) using local or exported personnel. <br \/> For the moment, we have two dates to propose: <br \/> Sunday, October 21 at the Ch\u00e2teau-d'Oex temple as part of the \"Le bois qui chante\" festival. <br \/> Saturday November 24 in Neuch\u00e2tel, as part of the weekend of festivities to mark the section's 60th anniversary. <br \/> This is the storyline of the show created for the occasion, our aim being to blend generations, teachers and students, music and history. <\/p>\n<p> \"Once upon a time 125 years ago <br \/> Let's imagine for a moment that there's a secretary with the power to span the 20th century and beyond... from 1893 to the present day, she'll guide you through 125 years of discoveries, inventions and human events. The musical show will retrace the history of the SSPM and its 125 years of existence, through the association's key dates, the evolution of music pedagogy in Switzerland and anecdotes gathered from some of the SSPM's living memories. <br \/> Lasting around 60 minutes, it is aimed at a wide audience, both members and non-members, and combines narration with musical interludes ranging from Gustave Doret to Maurice Ravel, including jazz notes and other surprises. Pieces representative of each era are chosen according to the key dates and events recounted, and will be performed by teachers and\/or students of the highest calibre. Children's choir, adult choir, string orchestra, chamber music, pieces for piano, harp... All styles will be represented. A bit of history, a touch of humor, beautiful melodies and a warm collaboration: these are the ingredients for a wonderful human and musical adventure.<\/p>\n<\/p><\/div>","protected":false},"author":1,"featured_media":28945,"comment_status":"open","ping_status":"open","sticky":false,"template":"","format":"standard","meta":{"_acf_changed":false,"_relevanssi_hide_post":"","_relevanssi_hide_content":"","_relevanssi_pin_for_all":"","_relevanssi_pin_keywords":"","_relevanssi_unpin_keywords":"","_relevanssi_related_keywords":"","_relevanssi_related_include_ids":"","_relevanssi_related_exclude_ids":"","_relevanssi_related_no_append":"","_relevanssi_related_not_related":"","_relevanssi_related_posts":"","_relevanssi_noindex_reason":"","pgc_sgb_lightbox_settings":"","footnotes":""},"categories":[31,51],"tags":[],"class_list":["post-29003","post","type-post","status-publish","format-standard","has-post-thumbnail","hentry","category-basis","category-sspm"],"acf":[],"yoast_head":"<!-- This site is optimized with the Yoast SEO plugin v27.3 - https:\/\/yoast.com\/product\/yoast-seo-wordpress\/ -->\n<title>La SSPM f\u00eate ses 125e ans - Revue Musicale Suisse<\/title>\n<meta name=\"robots\" content=\"index, follow, max-snippet:-1, max-image-preview:large, max-video-preview:-1\" \/>\n<link rel=\"canonical\" href=\"https:\/\/www.revuemusicale.ch\/en\/basis\/2018\/02\/la-sspm-fete-ses-125e-ans\/\" \/>\n<meta property=\"og:locale\" content=\"en_US\" \/>\n<meta property=\"og:type\" content=\"article\" \/>\n<meta property=\"og:title\" content=\"La SSPM f\u00eate ses 125e ans - Revue Musicale Suisse\" \/>\n<meta property=\"og:description\" content=\"Les sections romandes de la SSPM (Vaud, Gen\u00e8ve, Neuch\u00e2tel et Valais) constituent le groupe de travail francophone pour ce jubil\u00e9.  Cette collaboration repr\u00e9sente une occasion unique de mettre ensemble des personnes provenant de sections n\u2019ayant pas l\u2019habitude de travailler ensemble. Le d\u00e9fi \u00e9tant de m\u00ealer nos id\u00e9es, nos forces et nos diff\u00e9rences ainsi que notre cr\u00e9ativit\u00e9 pour cr\u00e9er un spectacle repr\u00e9sentatif de notre vision de notre association, qui tienne compte de notre histoire et identit\u00e9 tout en s\u2019int\u00e9grant dans le paysage musical Suisse et international. Chaque canton a sa propre identit\u00e9 et r\u00e9alit\u00e9, ses ressources et ses besoins. C\u2019est dans cette optique que nous avons d\u00e9cid\u00e9 d\u2019adapter nos projets en fonction des possibilit\u00e9s locales. En effet, chaque section a la possibilit\u00e9 de proposer ses activit\u00e9s : workshops, masterclass, concerts propos\u00e9s en collaboration avec les autres sections ainsi que d\u2019adapter le spectacle (dont nous donnerons une description d\u00e9taill\u00e9e ci-dessous) en utilisant des effectifs locaux ou export\u00e9s. Pour le moment, nous avons deux dates \u00e0 proposer : Le dimanche 21 octobre au temple de Ch\u00e2teau-d\u2019Oex dans le cadre du festival \u00ab Le bois qui chante \u00bb. Le samedi 24 novembre \u00e0 Neuch\u00e2tel, dans le cadre du week-end de festivit\u00e9s du 60e annivsaire de la section. Voici la trame du spectacle cr\u00e9\u00e9 pour l\u2019occasion, notre objectif \u00e9tant de m\u00ealer les g\u00e9n\u00e9rations, les professeurs et les \u00e9l\u00e8ves, musique et histoire.  \u00ab Il \u00e9tait une fois 125 ans \u00bb Imaginons un instant qu\u2019il existe une secr\u00e9taire qui a le pouvoir de traverser le 20eme si\u00e8cle et m\u00eame un peu plus\u2026 de 1893 a nos jours elle va vous guider \u00e0 travers ces 125 ans riches en d\u00e9couvertes, en inventions et \u00e9v\u00e8nements humains. Le spectacle musical va retracer l\u2019histoire de la SSPM et de ses 125 ans d\u2019existence, \u00e0 travers les dates cl\u00e9s de l\u2019association, l\u2019\u00e9volution de la p\u00e9dagogie musicale en Suisse et d\u2019anecdotes recueillies aupr\u00e8s de quelques m\u00e9moires vivantes de la SSPM. D\u2019une dur\u00e9e d\u2019environ 60 minutes il vise un large public, membres ou non, et allie narration et interm\u00e8des musicaux allant de Gustave Doret a Maurice Ravel, en passant par des notes de jazz et d\u2019autres surprises. Les pi\u00e8ces repr\u00e9sentatives de chaque \u00e9poque sont choisies en fonction des dates cl\u00e9s et des \u00e9v\u00e8nements racont\u00e9s et seront interpr\u00e9t\u00e9es par des professeurs et\/ou des \u00e9l\u00e8ves de bon niveau. Ch\u0153ur d\u2019enfants, ch\u0153ur d\u2019adultes, orchestre \u00e0 cordes, musique de chambre, pi\u00e8ces pour piano, harpe\u2026 Tous les styles seront repr\u00e9sent\u00e9s. Un peu d\u2019histoire, une touche d\u2019humour, de belles m\u00e9lodies et une chaleureuse collaboration : voil\u00e0 les ingr\u00e9dients qui sauront vous conter une belle aventure humaine et musicale.\" \/>\n<meta property=\"og:url\" content=\"https:\/\/www.revuemusicale.ch\/en\/basis\/2018\/02\/la-sspm-fete-ses-125e-ans\/\" \/>\n<meta property=\"og:site_name\" content=\"Revue Musicale Suisse\" \/>\n<meta property=\"article:publisher\" content=\"https:\/\/www.facebook.com\/SchweizerMusikzeitung\/\" \/>\n<meta property=\"article:published_time\" content=\"2018-02-22T23:00:00+00:00\" \/>\n<meta property=\"article:modified_time\" content=\"2023-01-19T14:50:34+00:00\" \/>\n<meta property=\"og:image\" content=\"https:\/\/www.revuemusicale.ch\/wp-content\/uploads\/2023\/01\/SMPV_national_farb-1.jpg\" \/>\n\t<meta property=\"og:image:width\" content=\"554\" \/>\n\t<meta property=\"og:image:height\" content=\"259\" \/>\n\t<meta property=\"og:image:type\" content=\"image\/jpeg\" \/>\n<meta name=\"author\" content=\"Musikzeitung-Redaktion\" \/>\n<meta name=\"twitter:card\" content=\"summary_large_image\" \/>\n<meta name=\"twitter:creator\" content=\"@smusikzeitung\" \/>\n<meta name=\"twitter:site\" content=\"@smusikzeitung\" \/>\n<meta name=\"twitter:label1\" content=\"Written by\" \/>\n\t<meta name=\"twitter:data1\" content=\"Musikzeitung-Redaktion\" \/>\n<script type=\"application\/ld+json\" class=\"yoast-schema-graph\">{\"@context\":\"https:\\\/\\\/schema.org\",\"@graph\":[{\"@type\":\"Article\",\"@id\":\"https:\\\/\\\/www.revuemusicale.ch\\\/basis\\\/2018\\\/02\\\/la-sspm-fete-ses-125e-ans#article\",\"isPartOf\":{\"@id\":\"https:\\\/\\\/www.revuemusicale.ch\\\/basis\\\/2018\\\/02\\\/la-sspm-fete-ses-125e-ans\"},\"author\":{\"name\":\"Musikzeitung-Redaktion\",\"@id\":\"https:\\\/\\\/www.revuemusicale.ch\\\/#\\\/schema\\\/person\\\/b2fd892c800856270b9dcc6001265712\"},\"headline\":\"La SSPM f\u00eate ses 125e ans\",\"datePublished\":\"2018-02-22T23:00:00+00:00\",\"dateModified\":\"2023-01-19T14:50:34+00:00\",\"mainEntityOfPage\":{\"@id\":\"https:\\\/\\\/www.revuemusicale.ch\\\/basis\\\/2018\\\/02\\\/la-sspm-fete-ses-125e-ans\"},\"wordCount\":7,\"commentCount\":0,\"publisher\":{\"@id\":\"https:\\\/\\\/www.revuemusicale.ch\\\/#organization\"},\"image\":{\"@id\":\"https:\\\/\\\/www.revuemusicale.ch\\\/basis\\\/2018\\\/02\\\/la-sspm-fete-ses-125e-ans#primaryimage\"},\"thumbnailUrl\":\"https:\\\/\\\/www.revuemusicale.ch\\\/wp-content\\\/uploads\\\/2023\\\/01\\\/SMPV_national_farb-1.jpg\",\"articleSection\":[\"Basis\",\"SSPM\"],\"inLanguage\":\"en-US\"},{\"@type\":\"WebPage\",\"@id\":\"https:\\\/\\\/www.revuemusicale.ch\\\/basis\\\/2018\\\/02\\\/la-sspm-fete-ses-125e-ans\",\"url\":\"https:\\\/\\\/www.revuemusicale.ch\\\/basis\\\/2018\\\/02\\\/la-sspm-fete-ses-125e-ans\",\"name\":\"La SSPM f\u00eate ses 125e ans - Revue Musicale Suisse\",\"isPartOf\":{\"@id\":\"https:\\\/\\\/www.revuemusicale.ch\\\/#website\"},\"primaryImageOfPage\":{\"@id\":\"https:\\\/\\\/www.revuemusicale.ch\\\/basis\\\/2018\\\/02\\\/la-sspm-fete-ses-125e-ans#primaryimage\"},\"image\":{\"@id\":\"https:\\\/\\\/www.revuemusicale.ch\\\/basis\\\/2018\\\/02\\\/la-sspm-fete-ses-125e-ans#primaryimage\"},\"thumbnailUrl\":\"https:\\\/\\\/www.revuemusicale.ch\\\/wp-content\\\/uploads\\\/2023\\\/01\\\/SMPV_national_farb-1.jpg\",\"datePublished\":\"2018-02-22T23:00:00+00:00\",\"dateModified\":\"2023-01-19T14:50:34+00:00\",\"breadcrumb\":{\"@id\":\"https:\\\/\\\/www.revuemusicale.ch\\\/basis\\\/2018\\\/02\\\/la-sspm-fete-ses-125e-ans#breadcrumb\"},\"inLanguage\":\"en-US\",\"potentialAction\":[{\"@type\":\"ReadAction\",\"target\":[\"https:\\\/\\\/www.revuemusicale.ch\\\/basis\\\/2018\\\/02\\\/la-sspm-fete-ses-125e-ans\"]}]},{\"@type\":\"ImageObject\",\"inLanguage\":\"en-US\",\"@id\":\"https:\\\/\\\/www.revuemusicale.ch\\\/basis\\\/2018\\\/02\\\/la-sspm-fete-ses-125e-ans#primaryimage\",\"url\":\"https:\\\/\\\/www.revuemusicale.ch\\\/wp-content\\\/uploads\\\/2023\\\/01\\\/SMPV_national_farb-1.jpg\",\"contentUrl\":\"https:\\\/\\\/www.revuemusicale.ch\\\/wp-content\\\/uploads\\\/2023\\\/01\\\/SMPV_national_farb-1.jpg\",\"width\":554,\"height\":259},{\"@type\":\"BreadcrumbList\",\"@id\":\"https:\\\/\\\/www.revuemusicale.ch\\\/basis\\\/2018\\\/02\\\/la-sspm-fete-ses-125e-ans#breadcrumb\",\"itemListElement\":[{\"@type\":\"ListItem\",\"position\":1,\"name\":\"Home\",\"item\":\"https:\\\/\\\/www.revuemusicale.ch\\\/\"},{\"@type\":\"ListItem\",\"position\":2,\"name\":\"La SSPM f\u00eate ses 125e ans\"}]},{\"@type\":\"WebSite\",\"@id\":\"https:\\\/\\\/www.revuemusicale.ch\\\/#website\",\"url\":\"https:\\\/\\\/www.revuemusicale.ch\\\/\",\"name\":\"Revue Musicale Suisse\",\"description\":\"\",\"publisher\":{\"@id\":\"https:\\\/\\\/www.revuemusicale.ch\\\/#organization\"},\"potentialAction\":[{\"@type\":\"SearchAction\",\"target\":{\"@type\":\"EntryPoint\",\"urlTemplate\":\"https:\\\/\\\/www.revuemusicale.ch\\\/?s={search_term_string}\"},\"query-input\":{\"@type\":\"PropertyValueSpecification\",\"valueRequired\":true,\"valueName\":\"search_term_string\"}}],\"inLanguage\":\"en-US\"},{\"@type\":\"Organization\",\"@id\":\"https:\\\/\\\/www.revuemusicale.ch\\\/#organization\",\"name\":\"Revue Musicale Suisse\",\"url\":\"https:\\\/\\\/www.revuemusicale.ch\\\/\",\"logo\":{\"@type\":\"ImageObject\",\"inLanguage\":\"en-US\",\"@id\":\"https:\\\/\\\/www.revuemusicale.ch\\\/#\\\/schema\\\/logo\\\/image\\\/\",\"url\":\"https:\\\/\\\/www.revuemusicale.ch\\\/wp-content\\\/uploads\\\/2023\\\/01\\\/logo_revuemusicale_musikzeitung.jpg\",\"contentUrl\":\"https:\\\/\\\/www.revuemusicale.ch\\\/wp-content\\\/uploads\\\/2023\\\/01\\\/logo_revuemusicale_musikzeitung.jpg\",\"width\":1200,\"height\":243,\"caption\":\"Revue Musicale Suisse\"},\"image\":{\"@id\":\"https:\\\/\\\/www.revuemusicale.ch\\\/#\\\/schema\\\/logo\\\/image\\\/\"},\"sameAs\":[\"https:\\\/\\\/www.facebook.com\\\/SchweizerMusikzeitung\\\/\",\"https:\\\/\\\/x.com\\\/smusikzeitung\",\"https:\\\/\\\/www.instagram.com\\\/musikzeitung.ch\\\/?hl=de\"]},{\"@type\":\"Person\",\"@id\":\"https:\\\/\\\/www.revuemusicale.ch\\\/#\\\/schema\\\/person\\\/b2fd892c800856270b9dcc6001265712\",\"name\":\"Musikzeitung-Redaktion\",\"image\":{\"@type\":\"ImageObject\",\"inLanguage\":\"en-US\",\"@id\":\"https:\\\/\\\/secure.gravatar.com\\\/avatar\\\/0c7e6a405862e402eb76a70f8a26fc732d07c32931e9fae9ab1582911d2e8a3b?s=96&d=mm&r=g\",\"url\":\"https:\\\/\\\/secure.gravatar.com\\\/avatar\\\/0c7e6a405862e402eb76a70f8a26fc732d07c32931e9fae9ab1582911d2e8a3b?s=96&d=mm&r=g\",\"contentUrl\":\"https:\\\/\\\/secure.gravatar.com\\\/avatar\\\/0c7e6a405862e402eb76a70f8a26fc732d07c32931e9fae9ab1582911d2e8a3b?s=96&d=mm&r=g\",\"caption\":\"Musikzeitung-Redaktion\"},\"sameAs\":[\"http:\\\/\\\/wundo-docker.io\"],\"url\":\"https:\\\/\\\/www.revuemusicale.ch\\\/en\\\/author\\\/admin\"}]}<\/script>\n<!-- \/ Yoast SEO plugin. -->","yoast_head_json":{"title":"La SSPM f\u00eate ses 125e ans - Revue Musicale Suisse","robots":{"index":"index","follow":"follow","max-snippet":"max-snippet:-1","max-image-preview":"max-image-preview:large","max-video-preview":"max-video-preview:-1"},"canonical":"https:\/\/www.revuemusicale.ch\/en\/basis\/2018\/02\/la-sspm-fete-ses-125e-ans\/","og_locale":"en_US","og_type":"article","og_title":"La SSPM f\u00eate ses 125e ans - Revue Musicale Suisse","og_description":"Les sections romandes de la SSPM (Vaud, Gen\u00e8ve, Neuch\u00e2tel et Valais) constituent le groupe de travail francophone pour ce jubil\u00e9.  Cette collaboration repr\u00e9sente une occasion unique de mettre ensemble des personnes provenant de sections n\u2019ayant pas l\u2019habitude de travailler ensemble. Le d\u00e9fi \u00e9tant de m\u00ealer nos id\u00e9es, nos forces et nos diff\u00e9rences ainsi que notre cr\u00e9ativit\u00e9 pour cr\u00e9er un spectacle repr\u00e9sentatif de notre vision de notre association, qui tienne compte de notre histoire et identit\u00e9 tout en s\u2019int\u00e9grant dans le paysage musical Suisse et international. Chaque canton a sa propre identit\u00e9 et r\u00e9alit\u00e9, ses ressources et ses besoins. C\u2019est dans cette optique que nous avons d\u00e9cid\u00e9 d\u2019adapter nos projets en fonction des possibilit\u00e9s locales. En effet, chaque section a la possibilit\u00e9 de proposer ses activit\u00e9s : workshops, masterclass, concerts propos\u00e9s en collaboration avec les autres sections ainsi que d\u2019adapter le spectacle (dont nous donnerons une description d\u00e9taill\u00e9e ci-dessous) en utilisant des effectifs locaux ou export\u00e9s. Pour le moment, nous avons deux dates \u00e0 proposer : Le dimanche 21 octobre au temple de Ch\u00e2teau-d\u2019Oex dans le cadre du festival \u00ab Le bois qui chante \u00bb. Le samedi 24 novembre \u00e0 Neuch\u00e2tel, dans le cadre du week-end de festivit\u00e9s du 60e annivsaire de la section. Voici la trame du spectacle cr\u00e9\u00e9 pour l\u2019occasion, notre objectif \u00e9tant de m\u00ealer les g\u00e9n\u00e9rations, les professeurs et les \u00e9l\u00e8ves, musique et histoire.  \u00ab Il \u00e9tait une fois 125 ans \u00bb Imaginons un instant qu\u2019il existe une secr\u00e9taire qui a le pouvoir de traverser le 20eme si\u00e8cle et m\u00eame un peu plus\u2026 de 1893 a nos jours elle va vous guider \u00e0 travers ces 125 ans riches en d\u00e9couvertes, en inventions et \u00e9v\u00e8nements humains. Le spectacle musical va retracer l\u2019histoire de la SSPM et de ses 125 ans d\u2019existence, \u00e0 travers les dates cl\u00e9s de l\u2019association, l\u2019\u00e9volution de la p\u00e9dagogie musicale en Suisse et d\u2019anecdotes recueillies aupr\u00e8s de quelques m\u00e9moires vivantes de la SSPM. D\u2019une dur\u00e9e d\u2019environ 60 minutes il vise un large public, membres ou non, et allie narration et interm\u00e8des musicaux allant de Gustave Doret a Maurice Ravel, en passant par des notes de jazz et d\u2019autres surprises. Les pi\u00e8ces repr\u00e9sentatives de chaque \u00e9poque sont choisies en fonction des dates cl\u00e9s et des \u00e9v\u00e8nements racont\u00e9s et seront interpr\u00e9t\u00e9es par des professeurs et\/ou des \u00e9l\u00e8ves de bon niveau. Ch\u0153ur d\u2019enfants, ch\u0153ur d\u2019adultes, orchestre \u00e0 cordes, musique de chambre, pi\u00e8ces pour piano, harpe\u2026 Tous les styles seront repr\u00e9sent\u00e9s. Un peu d\u2019histoire, une touche d\u2019humour, de belles m\u00e9lodies et une chaleureuse collaboration : voil\u00e0 les ingr\u00e9dients qui sauront vous conter une belle aventure humaine et musicale.","og_url":"https:\/\/www.revuemusicale.ch\/en\/basis\/2018\/02\/la-sspm-fete-ses-125e-ans\/","og_site_name":"Revue Musicale Suisse","article_publisher":"https:\/\/www.facebook.com\/SchweizerMusikzeitung\/","article_published_time":"2018-02-22T23:00:00+00:00","article_modified_time":"2023-01-19T14:50:34+00:00","og_image":[{"width":554,"height":259,"url":"https:\/\/www.revuemusicale.ch\/wp-content\/uploads\/2023\/01\/SMPV_national_farb-1.jpg","type":"image\/jpeg"}],"author":"Musikzeitung-Redaktion","twitter_card":"summary_large_image","twitter_creator":"@smusikzeitung","twitter_site":"@smusikzeitung","twitter_misc":{"Written by":"Musikzeitung-Redaktion"},"schema":{"@context":"https:\/\/schema.org","@graph":[{"@type":"Article","@id":"https:\/\/www.revuemusicale.ch\/basis\/2018\/02\/la-sspm-fete-ses-125e-ans#article","isPartOf":{"@id":"https:\/\/www.revuemusicale.ch\/basis\/2018\/02\/la-sspm-fete-ses-125e-ans"},"author":{"name":"Musikzeitung-Redaktion","@id":"https:\/\/www.revuemusicale.ch\/#\/schema\/person\/b2fd892c800856270b9dcc6001265712"},"headline":"La SSPM f\u00eate ses 125e ans","datePublished":"2018-02-22T23:00:00+00:00","dateModified":"2023-01-19T14:50:34+00:00","mainEntityOfPage":{"@id":"https:\/\/www.revuemusicale.ch\/basis\/2018\/02\/la-sspm-fete-ses-125e-ans"},"wordCount":7,"commentCount":0,"publisher":{"@id":"https:\/\/www.revuemusicale.ch\/#organization"},"image":{"@id":"https:\/\/www.revuemusicale.ch\/basis\/2018\/02\/la-sspm-fete-ses-125e-ans#primaryimage"},"thumbnailUrl":"https:\/\/www.revuemusicale.ch\/wp-content\/uploads\/2023\/01\/SMPV_national_farb-1.jpg","articleSection":["Basis","SSPM"],"inLanguage":"en-US"},{"@type":"WebPage","@id":"https:\/\/www.revuemusicale.ch\/basis\/2018\/02\/la-sspm-fete-ses-125e-ans","url":"https:\/\/www.revuemusicale.ch\/basis\/2018\/02\/la-sspm-fete-ses-125e-ans","name":"La SSPM f\u00eate ses 125e ans - Revue Musicale Suisse","isPartOf":{"@id":"https:\/\/www.revuemusicale.ch\/#website"},"primaryImageOfPage":{"@id":"https:\/\/www.revuemusicale.ch\/basis\/2018\/02\/la-sspm-fete-ses-125e-ans#primaryimage"},"image":{"@id":"https:\/\/www.revuemusicale.ch\/basis\/2018\/02\/la-sspm-fete-ses-125e-ans#primaryimage"},"thumbnailUrl":"https:\/\/www.revuemusicale.ch\/wp-content\/uploads\/2023\/01\/SMPV_national_farb-1.jpg","datePublished":"2018-02-22T23:00:00+00:00","dateModified":"2023-01-19T14:50:34+00:00","breadcrumb":{"@id":"https:\/\/www.revuemusicale.ch\/basis\/2018\/02\/la-sspm-fete-ses-125e-ans#breadcrumb"},"inLanguage":"en-US","potentialAction":[{"@type":"ReadAction","target":["https:\/\/www.revuemusicale.ch\/basis\/2018\/02\/la-sspm-fete-ses-125e-ans"]}]},{"@type":"ImageObject","inLanguage":"en-US","@id":"https:\/\/www.revuemusicale.ch\/basis\/2018\/02\/la-sspm-fete-ses-125e-ans#primaryimage","url":"https:\/\/www.revuemusicale.ch\/wp-content\/uploads\/2023\/01\/SMPV_national_farb-1.jpg","contentUrl":"https:\/\/www.revuemusicale.ch\/wp-content\/uploads\/2023\/01\/SMPV_national_farb-1.jpg","width":554,"height":259},{"@type":"BreadcrumbList","@id":"https:\/\/www.revuemusicale.ch\/basis\/2018\/02\/la-sspm-fete-ses-125e-ans#breadcrumb","itemListElement":[{"@type":"ListItem","position":1,"name":"Home","item":"https:\/\/www.revuemusicale.ch\/"},{"@type":"ListItem","position":2,"name":"La SSPM f\u00eate ses 125e ans"}]},{"@type":"WebSite","@id":"https:\/\/www.revuemusicale.ch\/#website","url":"https:\/\/www.revuemusicale.ch\/","name":"Swiss Music Review","description":"","publisher":{"@id":"https:\/\/www.revuemusicale.ch\/#organization"},"potentialAction":[{"@type":"SearchAction","target":{"@type":"EntryPoint","urlTemplate":"https:\/\/www.revuemusicale.ch\/?s={search_term_string}"},"query-input":{"@type":"PropertyValueSpecification","valueRequired":true,"valueName":"search_term_string"}}],"inLanguage":"en-US"},{"@type":"Organization","@id":"https:\/\/www.revuemusicale.ch\/#organization","name":"Swiss Music Review","url":"https:\/\/www.revuemusicale.ch\/","logo":{"@type":"ImageObject","inLanguage":"en-US","@id":"https:\/\/www.revuemusicale.ch\/#\/schema\/logo\/image\/","url":"https:\/\/www.revuemusicale.ch\/wp-content\/uploads\/2023\/01\/logo_revuemusicale_musikzeitung.jpg","contentUrl":"https:\/\/www.revuemusicale.ch\/wp-content\/uploads\/2023\/01\/logo_revuemusicale_musikzeitung.jpg","width":1200,"height":243,"caption":"Revue Musicale Suisse"},"image":{"@id":"https:\/\/www.revuemusicale.ch\/#\/schema\/logo\/image\/"},"sameAs":["https:\/\/www.facebook.com\/SchweizerMusikzeitung\/","https:\/\/x.com\/smusikzeitung","https:\/\/www.instagram.com\/musikzeitung.ch\/?hl=de"]},{"@type":"Person","@id":"https:\/\/www.revuemusicale.ch\/#\/schema\/person\/b2fd892c800856270b9dcc6001265712","name":"Musikzeitung-Redaktion","image":{"@type":"ImageObject","inLanguage":"en-US","@id":"https:\/\/secure.gravatar.com\/avatar\/0c7e6a405862e402eb76a70f8a26fc732d07c32931e9fae9ab1582911d2e8a3b?s=96&d=mm&r=g","url":"https:\/\/secure.gravatar.com\/avatar\/0c7e6a405862e402eb76a70f8a26fc732d07c32931e9fae9ab1582911d2e8a3b?s=96&d=mm&r=g","contentUrl":"https:\/\/secure.gravatar.com\/avatar\/0c7e6a405862e402eb76a70f8a26fc732d07c32931e9fae9ab1582911d2e8a3b?s=96&d=mm&r=g","caption":"Musikzeitung-Redaktion"},"sameAs":["http:\/\/wundo-docker.io"],"url":"https:\/\/www.revuemusicale.ch\/en\/author\/admin"}]}},"publishpress_future_action":{"enabled":false,"date":"1970-01-01 01:00:00","action":"change-status","newStatus":"draft","terms":[],"taxonomy":"category","extraData":[]},"publishpress_future_workflow_manual_trigger":{"enabledWorkflows":[]},"_links":{"self":[{"href":"https:\/\/www.revuemusicale.ch\/en\/wp-json\/wp\/v2\/posts\/29003","targetHints":{"allow":["GET"]}}],"collection":[{"href":"https:\/\/www.revuemusicale.ch\/en\/wp-json\/wp\/v2\/posts"}],"about":[{"href":"https:\/\/www.revuemusicale.ch\/en\/wp-json\/wp\/v2\/types\/post"}],"author":[{"embeddable":true,"href":"https:\/\/www.revuemusicale.ch\/en\/wp-json\/wp\/v2\/users\/1"}],"replies":[{"embeddable":true,"href":"https:\/\/www.revuemusicale.ch\/en\/wp-json\/wp\/v2\/comments?post=29003"}],"version-history":[{"count":1,"href":"https:\/\/www.revuemusicale.ch\/en\/wp-json\/wp\/v2\/posts\/29003\/revisions"}],"predecessor-version":[{"id":29004,"href":"https:\/\/www.revuemusicale.ch\/en\/wp-json\/wp\/v2\/posts\/29003\/revisions\/29004"}],"wp:featuredmedia":[{"embeddable":true,"href":"https:\/\/www.revuemusicale.ch\/en\/wp-json\/wp\/v2\/media\/28945"}],"wp:attachment":[{"href":"https:\/\/www.revuemusicale.ch\/en\/wp-json\/wp\/v2\/media?parent=29003"}],"wp:term":[{"taxonomy":"category","embeddable":true,"href":"https:\/\/www.revuemusicale.ch\/en\/wp-json\/wp\/v2\/categories?post=29003"},{"taxonomy":"post_tag","embeddable":true,"href":"https:\/\/www.revuemusicale.ch\/en\/wp-json\/wp\/v2\/tags?post=29003"}],"curies":[{"name":"wp","href":"https:\/\/api.w.org\/{rel}","templated":true}]}}