{"id":29007,"date":"2018-03-13T00:00:00","date_gmt":"2018-03-12T23:00:00","guid":{"rendered":"https:\/\/www.revuemusicale.ch\/blog\/2018\/03\/13\/la-fete-du-125e-anniversaire-de-notre-association\/"},"modified":"2023-01-19T15:50:34","modified_gmt":"2023-01-19T14:50:34","slug":"la-fete-du-125e-anniversaire-de-notre-association","status":"publish","type":"post","link":"https:\/\/www.revuemusicale.ch\/en\/basis\/2018\/03\/la-fete-du-125e-anniversaire-de-notre-association","title":{"rendered":"Our 125th anniversary celebration"},"content":{"rendered":"<p><img decoding=\"async\" class=\"size-full\" src=\"https:\/\/www.revuemusicale.ch\/wp-content\/uploads\/2023\/01\/SMPV_national_farb-1.jpg\" alt=\"\" \/><\/p>\n<p><strong>The 125th anniversary of the Swiss Society for Music Pedagogy will be celebrated on September 15 in Olten. All members are cordially invited to this exceptional event.<\/strong><\/p>\n<div class='text-section'>\n<p> We are pleased to present the program of festivities for September 15, which has been drawn up by the Jubilee Working Group. The festivities will take place at Olten's municipal theater, which, with its elegant and spacious halls, offers a dignified and ideal setting for concerts and lectures, as well as for discussions and personal meetings between colleagues.<\/p>\n<p>The working group endeavored to create a highly diversified program, including catering options. <\/p>\n<p>We would like to take this opportunity to extend our warmest thanks to the sections who will be enhancing the festivities with their own contributions, some of whom have pledged financial support.<\/p>\n<p>Finally, we'd like to draw your attention to the jubilee musical logo designed by Pino Masullo to complement the graphic logo. It will shortly be posted on the SSPM website, and can also be downloaded as a ringtone.<\/p>\n<\/p><\/div>\n<div class='text-section'>\n<p><strong>Program for the jubilee celebration on 15.9.2018 :<\/strong><\/p>\n<p>12:00 Guests arrive<\/p>\n<p>- Opening by co-presidents Annette Dannecker and Paola de Luca<\/p>\n<p>- Milestones in the history of the SSPM with, among others, Lucas Bennett<\/p>\n<p>- Talk by composer Regina Irman<\/p>\n<p>- The SSPM today - with Annette Dannecker and Paola de Luca<\/p>\n<p>- Contributed by Kalaidos Music<\/p>\n<p>- Music Department, Kalaidos University of Applied Sciences<\/p>\n<p>- Public debate \"The future of music pedagogy\" led by Andreas M\u00fcller-Crepon<\/p>\n<p>- Musical reading with Pino Masullo (with ancient Italian instruments)<\/p>\n<p>- Stage show with double bass<\/p>\n<p>- Musical performance: Maison de la musique populaire<\/p>\n<p>\u00a0<\/p>\n<p>Various aperitifs, other contributions and a competition will be offered between these presentations. The program is subject to minor modifications.<\/p>\n<p>In order for us to organize this event optimally, participants will need to register in advance. We therefore kindly ask you to send your definitive registration by May 21, 2018 to the central secretariat. Only those registered will be able to attend the party on September 15. Thank you for your understanding.<\/p>\n<p>We're looking forward to your many registrations and to what promises to be an exciting day of festivities.<\/p>\n<\/p><\/div>","protected":false},"excerpt":{"rendered":"<p>La f\u00eate du 125e anniversaire de la Soci\u00e9t\u00e9 suisse de p\u00e9dagogie musicale aura lieu le 15 septembre prochain \u00e0 Olten. Tous les membres sont cordialement invit\u00e9s \u00e0 cette manifestation exceptionnelle. Nous avons le plaisir de vous pr\u00e9senter le programme des festivit\u00e9s du 15 septembre \u00e9labor\u00e9 par le groupe de travail du jubil\u00e9. La f\u00eate se [&hellip;]<\/p>\n","protected":false},"author":1,"featured_media":28945,"comment_status":"open","ping_status":"open","sticky":false,"template":"","format":"standard","meta":{"_acf_changed":false,"_relevanssi_hide_post":"","_relevanssi_hide_content":"","_relevanssi_pin_for_all":"","_relevanssi_pin_keywords":"","_relevanssi_unpin_keywords":"","_relevanssi_related_keywords":"","_relevanssi_related_include_ids":"","_relevanssi_related_exclude_ids":"","_relevanssi_related_no_append":"","_relevanssi_related_not_related":"","_relevanssi_related_posts":"","_relevanssi_noindex_reason":"","pgc_sgb_lightbox_settings":"","footnotes":""},"categories":[31,51],"tags":[],"class_list":["post-29007","post","type-post","status-publish","format-standard","has-post-thumbnail","hentry","category-basis","category-sspm"],"acf":[],"yoast_head":"<!-- This site is optimized with the Yoast SEO plugin v27.3 - https:\/\/yoast.com\/product\/yoast-seo-wordpress\/ -->\n<title>La f\u00eate du 125e anniversaire de notre association - Revue Musicale Suisse<\/title>\n<meta name=\"robots\" content=\"index, follow, max-snippet:-1, max-image-preview:large, max-video-preview:-1\" \/>\n<link rel=\"canonical\" href=\"https:\/\/www.revuemusicale.ch\/en\/basis\/2018\/03\/la-fete-du-125e-anniversaire-de-notre-association\/\" \/>\n<meta property=\"og:locale\" content=\"en_US\" \/>\n<meta property=\"og:type\" content=\"article\" \/>\n<meta property=\"og:title\" content=\"La f\u00eate du 125e anniversaire de notre association - Revue Musicale Suisse\" \/>\n<meta property=\"og:description\" content=\"La f\u00eate du 125e anniversaire de la Soci\u00e9t\u00e9 suisse de p\u00e9dagogie musicale aura lieu le 15 septembre prochain \u00e0 Olten. Tous les membres sont cordialement invit\u00e9s \u00e0 cette manifestation exceptionnelle. Nous avons le plaisir de vous pr\u00e9senter le programme des festivit\u00e9s du 15 septembre \u00e9labor\u00e9 par le groupe de travail du jubil\u00e9. La f\u00eate se [&hellip;]\" \/>\n<meta property=\"og:url\" content=\"https:\/\/www.revuemusicale.ch\/en\/basis\/2018\/03\/la-fete-du-125e-anniversaire-de-notre-association\/\" \/>\n<meta property=\"og:site_name\" content=\"Revue Musicale Suisse\" \/>\n<meta property=\"article:publisher\" content=\"https:\/\/www.facebook.com\/SchweizerMusikzeitung\/\" \/>\n<meta property=\"article:published_time\" content=\"2018-03-12T23:00:00+00:00\" \/>\n<meta property=\"article:modified_time\" content=\"2023-01-19T14:50:34+00:00\" \/>\n<meta property=\"og:image\" content=\"https:\/\/www.revuemusicale.ch\/wp-content\/uploads\/2023\/01\/SMPV_national_farb-1.jpg\" \/>\n\t<meta property=\"og:image:width\" content=\"554\" \/>\n\t<meta property=\"og:image:height\" content=\"259\" \/>\n\t<meta property=\"og:image:type\" content=\"image\/jpeg\" \/>\n<meta name=\"author\" content=\"Musikzeitung-Redaktion\" \/>\n<meta name=\"twitter:card\" content=\"summary_large_image\" \/>\n<meta name=\"twitter:creator\" content=\"@smusikzeitung\" \/>\n<meta name=\"twitter:site\" content=\"@smusikzeitung\" \/>\n<meta name=\"twitter:label1\" content=\"Written by\" \/>\n\t<meta name=\"twitter:data1\" content=\"Musikzeitung-Redaktion\" \/>\n\t<meta name=\"twitter:label2\" content=\"Est. reading time\" \/>\n\t<meta name=\"twitter:data2\" content=\"2 minutes\" \/>\n<script type=\"application\/ld+json\" class=\"yoast-schema-graph\">{\"@context\":\"https:\\\/\\\/schema.org\",\"@graph\":[{\"@type\":\"Article\",\"@id\":\"https:\\\/\\\/www.revuemusicale.ch\\\/basis\\\/2018\\\/03\\\/la-fete-du-125e-anniversaire-de-notre-association#article\",\"isPartOf\":{\"@id\":\"https:\\\/\\\/www.revuemusicale.ch\\\/basis\\\/2018\\\/03\\\/la-fete-du-125e-anniversaire-de-notre-association\"},\"author\":{\"name\":\"Musikzeitung-Redaktion\",\"@id\":\"https:\\\/\\\/www.revuemusicale.ch\\\/#\\\/schema\\\/person\\\/b2fd892c800856270b9dcc6001265712\"},\"headline\":\"La f\u00eate du 125e anniversaire de notre association\",\"datePublished\":\"2018-03-12T23:00:00+00:00\",\"dateModified\":\"2023-01-19T14:50:34+00:00\",\"mainEntityOfPage\":{\"@id\":\"https:\\\/\\\/www.revuemusicale.ch\\\/basis\\\/2018\\\/03\\\/la-fete-du-125e-anniversaire-de-notre-association\"},\"wordCount\":427,\"commentCount\":0,\"publisher\":{\"@id\":\"https:\\\/\\\/www.revuemusicale.ch\\\/#organization\"},\"image\":{\"@id\":\"https:\\\/\\\/www.revuemusicale.ch\\\/basis\\\/2018\\\/03\\\/la-fete-du-125e-anniversaire-de-notre-association#primaryimage\"},\"thumbnailUrl\":\"https:\\\/\\\/www.revuemusicale.ch\\\/wp-content\\\/uploads\\\/2023\\\/01\\\/SMPV_national_farb-1.jpg\",\"articleSection\":[\"Basis\",\"SSPM\"],\"inLanguage\":\"en-US\"},{\"@type\":\"WebPage\",\"@id\":\"https:\\\/\\\/www.revuemusicale.ch\\\/basis\\\/2018\\\/03\\\/la-fete-du-125e-anniversaire-de-notre-association\",\"url\":\"https:\\\/\\\/www.revuemusicale.ch\\\/basis\\\/2018\\\/03\\\/la-fete-du-125e-anniversaire-de-notre-association\",\"name\":\"La f\u00eate du 125e anniversaire de notre association - Revue Musicale Suisse\",\"isPartOf\":{\"@id\":\"https:\\\/\\\/www.revuemusicale.ch\\\/#website\"},\"primaryImageOfPage\":{\"@id\":\"https:\\\/\\\/www.revuemusicale.ch\\\/basis\\\/2018\\\/03\\\/la-fete-du-125e-anniversaire-de-notre-association#primaryimage\"},\"image\":{\"@id\":\"https:\\\/\\\/www.revuemusicale.ch\\\/basis\\\/2018\\\/03\\\/la-fete-du-125e-anniversaire-de-notre-association#primaryimage\"},\"thumbnailUrl\":\"https:\\\/\\\/www.revuemusicale.ch\\\/wp-content\\\/uploads\\\/2023\\\/01\\\/SMPV_national_farb-1.jpg\",\"datePublished\":\"2018-03-12T23:00:00+00:00\",\"dateModified\":\"2023-01-19T14:50:34+00:00\",\"breadcrumb\":{\"@id\":\"https:\\\/\\\/www.revuemusicale.ch\\\/basis\\\/2018\\\/03\\\/la-fete-du-125e-anniversaire-de-notre-association#breadcrumb\"},\"inLanguage\":\"en-US\",\"potentialAction\":[{\"@type\":\"ReadAction\",\"target\":[\"https:\\\/\\\/www.revuemusicale.ch\\\/basis\\\/2018\\\/03\\\/la-fete-du-125e-anniversaire-de-notre-association\"]}]},{\"@type\":\"ImageObject\",\"inLanguage\":\"en-US\",\"@id\":\"https:\\\/\\\/www.revuemusicale.ch\\\/basis\\\/2018\\\/03\\\/la-fete-du-125e-anniversaire-de-notre-association#primaryimage\",\"url\":\"https:\\\/\\\/www.revuemusicale.ch\\\/wp-content\\\/uploads\\\/2023\\\/01\\\/SMPV_national_farb-1.jpg\",\"contentUrl\":\"https:\\\/\\\/www.revuemusicale.ch\\\/wp-content\\\/uploads\\\/2023\\\/01\\\/SMPV_national_farb-1.jpg\",\"width\":554,\"height\":259},{\"@type\":\"BreadcrumbList\",\"@id\":\"https:\\\/\\\/www.revuemusicale.ch\\\/basis\\\/2018\\\/03\\\/la-fete-du-125e-anniversaire-de-notre-association#breadcrumb\",\"itemListElement\":[{\"@type\":\"ListItem\",\"position\":1,\"name\":\"Home\",\"item\":\"https:\\\/\\\/www.revuemusicale.ch\\\/\"},{\"@type\":\"ListItem\",\"position\":2,\"name\":\"La f\u00eate du 125e anniversaire de notre association\"}]},{\"@type\":\"WebSite\",\"@id\":\"https:\\\/\\\/www.revuemusicale.ch\\\/#website\",\"url\":\"https:\\\/\\\/www.revuemusicale.ch\\\/\",\"name\":\"Revue Musicale Suisse\",\"description\":\"\",\"publisher\":{\"@id\":\"https:\\\/\\\/www.revuemusicale.ch\\\/#organization\"},\"potentialAction\":[{\"@type\":\"SearchAction\",\"target\":{\"@type\":\"EntryPoint\",\"urlTemplate\":\"https:\\\/\\\/www.revuemusicale.ch\\\/?s={search_term_string}\"},\"query-input\":{\"@type\":\"PropertyValueSpecification\",\"valueRequired\":true,\"valueName\":\"search_term_string\"}}],\"inLanguage\":\"en-US\"},{\"@type\":\"Organization\",\"@id\":\"https:\\\/\\\/www.revuemusicale.ch\\\/#organization\",\"name\":\"Revue Musicale Suisse\",\"url\":\"https:\\\/\\\/www.revuemusicale.ch\\\/\",\"logo\":{\"@type\":\"ImageObject\",\"inLanguage\":\"en-US\",\"@id\":\"https:\\\/\\\/www.revuemusicale.ch\\\/#\\\/schema\\\/logo\\\/image\\\/\",\"url\":\"https:\\\/\\\/www.revuemusicale.ch\\\/wp-content\\\/uploads\\\/2023\\\/01\\\/logo_revuemusicale_musikzeitung.jpg\",\"contentUrl\":\"https:\\\/\\\/www.revuemusicale.ch\\\/wp-content\\\/uploads\\\/2023\\\/01\\\/logo_revuemusicale_musikzeitung.jpg\",\"width\":1200,\"height\":243,\"caption\":\"Revue Musicale Suisse\"},\"image\":{\"@id\":\"https:\\\/\\\/www.revuemusicale.ch\\\/#\\\/schema\\\/logo\\\/image\\\/\"},\"sameAs\":[\"https:\\\/\\\/www.facebook.com\\\/SchweizerMusikzeitung\\\/\",\"https:\\\/\\\/x.com\\\/smusikzeitung\",\"https:\\\/\\\/www.instagram.com\\\/musikzeitung.ch\\\/?hl=de\"]},{\"@type\":\"Person\",\"@id\":\"https:\\\/\\\/www.revuemusicale.ch\\\/#\\\/schema\\\/person\\\/b2fd892c800856270b9dcc6001265712\",\"name\":\"Musikzeitung-Redaktion\",\"image\":{\"@type\":\"ImageObject\",\"inLanguage\":\"en-US\",\"@id\":\"https:\\\/\\\/secure.gravatar.com\\\/avatar\\\/0c7e6a405862e402eb76a70f8a26fc732d07c32931e9fae9ab1582911d2e8a3b?s=96&d=mm&r=g\",\"url\":\"https:\\\/\\\/secure.gravatar.com\\\/avatar\\\/0c7e6a405862e402eb76a70f8a26fc732d07c32931e9fae9ab1582911d2e8a3b?s=96&d=mm&r=g\",\"contentUrl\":\"https:\\\/\\\/secure.gravatar.com\\\/avatar\\\/0c7e6a405862e402eb76a70f8a26fc732d07c32931e9fae9ab1582911d2e8a3b?s=96&d=mm&r=g\",\"caption\":\"Musikzeitung-Redaktion\"},\"sameAs\":[\"http:\\\/\\\/wundo-docker.io\"],\"url\":\"https:\\\/\\\/www.revuemusicale.ch\\\/en\\\/author\\\/admin\"}]}<\/script>\n<!-- \/ Yoast SEO plugin. -->","yoast_head_json":{"title":"La f\u00eate du 125e anniversaire de notre association - Revue Musicale Suisse","robots":{"index":"index","follow":"follow","max-snippet":"max-snippet:-1","max-image-preview":"max-image-preview:large","max-video-preview":"max-video-preview:-1"},"canonical":"https:\/\/www.revuemusicale.ch\/en\/basis\/2018\/03\/la-fete-du-125e-anniversaire-de-notre-association\/","og_locale":"en_US","og_type":"article","og_title":"La f\u00eate du 125e anniversaire de notre association - Revue Musicale Suisse","og_description":"La f\u00eate du 125e anniversaire de la Soci\u00e9t\u00e9 suisse de p\u00e9dagogie musicale aura lieu le 15 septembre prochain \u00e0 Olten. Tous les membres sont cordialement invit\u00e9s \u00e0 cette manifestation exceptionnelle. Nous avons le plaisir de vous pr\u00e9senter le programme des festivit\u00e9s du 15 septembre \u00e9labor\u00e9 par le groupe de travail du jubil\u00e9. La f\u00eate se [&hellip;]","og_url":"https:\/\/www.revuemusicale.ch\/en\/basis\/2018\/03\/la-fete-du-125e-anniversaire-de-notre-association\/","og_site_name":"Revue Musicale Suisse","article_publisher":"https:\/\/www.facebook.com\/SchweizerMusikzeitung\/","article_published_time":"2018-03-12T23:00:00+00:00","article_modified_time":"2023-01-19T14:50:34+00:00","og_image":[{"width":554,"height":259,"url":"https:\/\/www.revuemusicale.ch\/wp-content\/uploads\/2023\/01\/SMPV_national_farb-1.jpg","type":"image\/jpeg"}],"author":"Musikzeitung-Redaktion","twitter_card":"summary_large_image","twitter_creator":"@smusikzeitung","twitter_site":"@smusikzeitung","twitter_misc":{"Written by":"Musikzeitung-Redaktion","Est. reading time":"2 minutes"},"schema":{"@context":"https:\/\/schema.org","@graph":[{"@type":"Article","@id":"https:\/\/www.revuemusicale.ch\/basis\/2018\/03\/la-fete-du-125e-anniversaire-de-notre-association#article","isPartOf":{"@id":"https:\/\/www.revuemusicale.ch\/basis\/2018\/03\/la-fete-du-125e-anniversaire-de-notre-association"},"author":{"name":"Musikzeitung-Redaktion","@id":"https:\/\/www.revuemusicale.ch\/#\/schema\/person\/b2fd892c800856270b9dcc6001265712"},"headline":"La f\u00eate du 125e anniversaire de notre association","datePublished":"2018-03-12T23:00:00+00:00","dateModified":"2023-01-19T14:50:34+00:00","mainEntityOfPage":{"@id":"https:\/\/www.revuemusicale.ch\/basis\/2018\/03\/la-fete-du-125e-anniversaire-de-notre-association"},"wordCount":427,"commentCount":0,"publisher":{"@id":"https:\/\/www.revuemusicale.ch\/#organization"},"image":{"@id":"https:\/\/www.revuemusicale.ch\/basis\/2018\/03\/la-fete-du-125e-anniversaire-de-notre-association#primaryimage"},"thumbnailUrl":"https:\/\/www.revuemusicale.ch\/wp-content\/uploads\/2023\/01\/SMPV_national_farb-1.jpg","articleSection":["Basis","SSPM"],"inLanguage":"en-US"},{"@type":"WebPage","@id":"https:\/\/www.revuemusicale.ch\/basis\/2018\/03\/la-fete-du-125e-anniversaire-de-notre-association","url":"https:\/\/www.revuemusicale.ch\/basis\/2018\/03\/la-fete-du-125e-anniversaire-de-notre-association","name":"La f\u00eate du 125e anniversaire de notre association - Revue Musicale Suisse","isPartOf":{"@id":"https:\/\/www.revuemusicale.ch\/#website"},"primaryImageOfPage":{"@id":"https:\/\/www.revuemusicale.ch\/basis\/2018\/03\/la-fete-du-125e-anniversaire-de-notre-association#primaryimage"},"image":{"@id":"https:\/\/www.revuemusicale.ch\/basis\/2018\/03\/la-fete-du-125e-anniversaire-de-notre-association#primaryimage"},"thumbnailUrl":"https:\/\/www.revuemusicale.ch\/wp-content\/uploads\/2023\/01\/SMPV_national_farb-1.jpg","datePublished":"2018-03-12T23:00:00+00:00","dateModified":"2023-01-19T14:50:34+00:00","breadcrumb":{"@id":"https:\/\/www.revuemusicale.ch\/basis\/2018\/03\/la-fete-du-125e-anniversaire-de-notre-association#breadcrumb"},"inLanguage":"en-US","potentialAction":[{"@type":"ReadAction","target":["https:\/\/www.revuemusicale.ch\/basis\/2018\/03\/la-fete-du-125e-anniversaire-de-notre-association"]}]},{"@type":"ImageObject","inLanguage":"en-US","@id":"https:\/\/www.revuemusicale.ch\/basis\/2018\/03\/la-fete-du-125e-anniversaire-de-notre-association#primaryimage","url":"https:\/\/www.revuemusicale.ch\/wp-content\/uploads\/2023\/01\/SMPV_national_farb-1.jpg","contentUrl":"https:\/\/www.revuemusicale.ch\/wp-content\/uploads\/2023\/01\/SMPV_national_farb-1.jpg","width":554,"height":259},{"@type":"BreadcrumbList","@id":"https:\/\/www.revuemusicale.ch\/basis\/2018\/03\/la-fete-du-125e-anniversaire-de-notre-association#breadcrumb","itemListElement":[{"@type":"ListItem","position":1,"name":"Home","item":"https:\/\/www.revuemusicale.ch\/"},{"@type":"ListItem","position":2,"name":"La f\u00eate du 125e anniversaire de notre association"}]},{"@type":"WebSite","@id":"https:\/\/www.revuemusicale.ch\/#website","url":"https:\/\/www.revuemusicale.ch\/","name":"Swiss Music Review","description":"","publisher":{"@id":"https:\/\/www.revuemusicale.ch\/#organization"},"potentialAction":[{"@type":"SearchAction","target":{"@type":"EntryPoint","urlTemplate":"https:\/\/www.revuemusicale.ch\/?s={search_term_string}"},"query-input":{"@type":"PropertyValueSpecification","valueRequired":true,"valueName":"search_term_string"}}],"inLanguage":"en-US"},{"@type":"Organization","@id":"https:\/\/www.revuemusicale.ch\/#organization","name":"Swiss Music Review","url":"https:\/\/www.revuemusicale.ch\/","logo":{"@type":"ImageObject","inLanguage":"en-US","@id":"https:\/\/www.revuemusicale.ch\/#\/schema\/logo\/image\/","url":"https:\/\/www.revuemusicale.ch\/wp-content\/uploads\/2023\/01\/logo_revuemusicale_musikzeitung.jpg","contentUrl":"https:\/\/www.revuemusicale.ch\/wp-content\/uploads\/2023\/01\/logo_revuemusicale_musikzeitung.jpg","width":1200,"height":243,"caption":"Revue Musicale Suisse"},"image":{"@id":"https:\/\/www.revuemusicale.ch\/#\/schema\/logo\/image\/"},"sameAs":["https:\/\/www.facebook.com\/SchweizerMusikzeitung\/","https:\/\/x.com\/smusikzeitung","https:\/\/www.instagram.com\/musikzeitung.ch\/?hl=de"]},{"@type":"Person","@id":"https:\/\/www.revuemusicale.ch\/#\/schema\/person\/b2fd892c800856270b9dcc6001265712","name":"Musikzeitung-Redaktion","image":{"@type":"ImageObject","inLanguage":"en-US","@id":"https:\/\/secure.gravatar.com\/avatar\/0c7e6a405862e402eb76a70f8a26fc732d07c32931e9fae9ab1582911d2e8a3b?s=96&d=mm&r=g","url":"https:\/\/secure.gravatar.com\/avatar\/0c7e6a405862e402eb76a70f8a26fc732d07c32931e9fae9ab1582911d2e8a3b?s=96&d=mm&r=g","contentUrl":"https:\/\/secure.gravatar.com\/avatar\/0c7e6a405862e402eb76a70f8a26fc732d07c32931e9fae9ab1582911d2e8a3b?s=96&d=mm&r=g","caption":"Musikzeitung-Redaktion"},"sameAs":["http:\/\/wundo-docker.io"],"url":"https:\/\/www.revuemusicale.ch\/en\/author\/admin"}]}},"publishpress_future_action":{"enabled":false,"date":"1970-01-01 01:00:00","action":"change-status","newStatus":"draft","terms":[],"taxonomy":"category","extraData":[]},"publishpress_future_workflow_manual_trigger":{"enabledWorkflows":[]},"_links":{"self":[{"href":"https:\/\/www.revuemusicale.ch\/en\/wp-json\/wp\/v2\/posts\/29007","targetHints":{"allow":["GET"]}}],"collection":[{"href":"https:\/\/www.revuemusicale.ch\/en\/wp-json\/wp\/v2\/posts"}],"about":[{"href":"https:\/\/www.revuemusicale.ch\/en\/wp-json\/wp\/v2\/types\/post"}],"author":[{"embeddable":true,"href":"https:\/\/www.revuemusicale.ch\/en\/wp-json\/wp\/v2\/users\/1"}],"replies":[{"embeddable":true,"href":"https:\/\/www.revuemusicale.ch\/en\/wp-json\/wp\/v2\/comments?post=29007"}],"version-history":[{"count":1,"href":"https:\/\/www.revuemusicale.ch\/en\/wp-json\/wp\/v2\/posts\/29007\/revisions"}],"predecessor-version":[{"id":29008,"href":"https:\/\/www.revuemusicale.ch\/en\/wp-json\/wp\/v2\/posts\/29007\/revisions\/29008"}],"wp:featuredmedia":[{"embeddable":true,"href":"https:\/\/www.revuemusicale.ch\/en\/wp-json\/wp\/v2\/media\/28945"}],"wp:attachment":[{"href":"https:\/\/www.revuemusicale.ch\/en\/wp-json\/wp\/v2\/media?parent=29007"}],"wp:term":[{"taxonomy":"category","embeddable":true,"href":"https:\/\/www.revuemusicale.ch\/en\/wp-json\/wp\/v2\/categories?post=29007"},{"taxonomy":"post_tag","embeddable":true,"href":"https:\/\/www.revuemusicale.ch\/en\/wp-json\/wp\/v2\/tags?post=29007"}],"curies":[{"name":"wp","href":"https:\/\/api.w.org\/{rel}","templated":true}]}}