{"id":29072,"date":"2023-01-19T16:34:09","date_gmt":"2023-01-19T15:34:09","guid":{"rendered":"https:\/\/www.revuemusicale.ch\/?p=29072"},"modified":"2023-02-22T09:16:28","modified_gmt":"2023-02-22T08:16:28","slug":"numero-1_2-2023","status":"publish","type":"post","link":"https:\/\/www.revuemusicale.ch\/en\/smz\/2023\/01\/numero-1_2-2023","title":{"rendered":"Number 1_2\/2023"},"content":{"rendered":"<figure id=\"attachment_12523\" aria-describedby=\"caption-attachment-12523\" style=\"width: 1333px\" class=\"wp-caption alignnone\"><img loading=\"lazy\" decoding=\"async\" class=\"size-full wp-image-12523\" src=\"https:\/\/www.revuemusicale.ch\/wp-content\/uploads\/2023\/01\/SMZ-01-02-2023_Cover_schraeg_Schnitt.jpg\" alt=\"\" width=\"1333\" height=\"1000\" srcset=\"https:\/\/www.revuemusicale.ch\/wp-content\/uploads\/2023\/01\/SMZ-01-02-2023_Cover_schraeg_Schnitt.jpg 1333w, https:\/\/www.revuemusicale.ch\/wp-content\/uploads\/2023\/01\/SMZ-01-02-2023_Cover_schraeg_Schnitt-300x225.jpg 300w, https:\/\/www.revuemusicale.ch\/wp-content\/uploads\/2023\/01\/SMZ-01-02-2023_Cover_schraeg_Schnitt-1024x768.jpg 1024w, https:\/\/www.revuemusicale.ch\/wp-content\/uploads\/2023\/01\/SMZ-01-02-2023_Cover_schraeg_Schnitt-768x576.jpg 768w, https:\/\/www.revuemusicale.ch\/wp-content\/uploads\/2023\/01\/SMZ-01-02-2023_Cover_schraeg_Schnitt-1536x1152.jpg 1536w, https:\/\/www.revuemusicale.ch\/wp-content\/uploads\/2023\/01\/SMZ-01-02-2023_Cover_schraeg_Schnitt-2048x1536.jpg 2048w, https:\/\/www.revuemusicale.ch\/wp-content\/uploads\/2023\/01\/SMZ-01-02-2023_Cover_schraeg_Schnitt-233x175.jpg 233w, https:\/\/www.revuemusicale.ch\/wp-content\/uploads\/2023\/01\/SMZ-01-02-2023_Cover_schraeg_Schnitt-467x350.jpg 467w, https:\/\/www.revuemusicale.ch\/wp-content\/uploads\/2023\/01\/SMZ-01-02-2023_Cover_schraeg_Schnitt-1067x800.jpg 1067w, https:\/\/www.revuemusicale.ch\/wp-content\/uploads\/2023\/01\/SMZ-01-02-2023_Cover_schraeg_Schnitt-920x690.jpg 920w, https:\/\/www.revuemusicale.ch\/wp-content\/uploads\/2023\/01\/SMZ-01-02-2023_Cover_schraeg_Schnitt-1400x1050.jpg 1400w\" sizes=\"auto, (max-width: 1333px) 100vw, 1333px\" \/><figcaption id=\"caption-attachment-12523\" class=\"wp-caption-text\">RMS 1_2\/2023 cover page.<\/figcaption><\/figure>\n<p>&nbsp;<\/p>\n<h3><\/h3>\n<p><strong>Focus<\/strong><\/p>\n<p><em>\"They forced my hand\". Interview with Mario Batkovic<\/em><\/p>\n<p>The guitar in four centuries of renewal - The modernity of the instrument according to Silvia Cignoli and Elena Casoli<\/p>\n<p><em>Renewal or rupture? - What possibilities does multimedia offer composers?<\/em><\/p>\n<p>Women sing in search of freedom <em>- <\/em>The revival of Iranian women's voices<\/p>\n<p><em>The music can be loud or soft, but always insistent! - A plea<\/em><\/p>\n<p>&nbsp;<\/p>\n<p><em>(italics = French summary of the original German article)<\/em><\/p>\n<p>&nbsp;<\/p>\n<p><strong>Reviews<\/strong><\/p>\n<p><a href=\"\/en\/categorie\/critiques\/\" target=\"_blank\" rel=\"noopener\">New publications, books, records, scores<\/a><\/p>\n<p>&nbsp;<\/p>\n<p><strong>Echo<\/strong><\/p>\n<p>Empowering: H\u00f6chstleistungen ohne \u00dcberbelastung - Symposium in Luzern<\/p>\n<p>\"Shared creation\" - A cultural mediation program from the Lire et Ecrire association<\/p>\n<p><a href=\"https:\/\/www.revuemusicale.ch\/en\/blog\/2023\/01\/19\/hopkinson-smith-donner-vie-a-la-musique\/\" target=\"_blank\" rel=\"noopener\">Hopkinson Smith - \"bringing music to life<\/a><\/p>\n<p>Experimentieren als Programm - 2. Ausgabe von Sonic Matter in Z\u00fcrich<\/p>\n<p>Feines Gesp\u00fcr f\u00fcr das Zusammenspiel - Zum Tod des Schweizer Dirigenten und Komponisten Jost Meier (1939 - 2022)<\/p>\n<p><a href=\"https:\/\/www.rts.ch\/audio-podcast\/2022\/audio\/des-champignons-25872169.html\" target=\"_blank\" rel=\"noopener\">Radio Francesco - Mushrooms<\/a><\/p>\n<p>Chatten \u00fcber ... Transformationsprojekte<\/p>\n<p>Carte blanche to Nina Rindlisbacher<\/p>\n<p>&nbsp;<\/p>\n<p><strong>Basis<\/strong><\/p>\n<p>Artikel und Nachrichten aus den Musikverb\u00e4nden<\/p>\n<p><a href=\"https:\/\/www.revuemusicale.ch\/en\/basis\/sfo\/\" target=\"_blank\" rel=\"noopener\">Federal Society of Orchestras (SFO)<\/a><\/p>\n<p><a href=\"https:\/\/www.revuemusicale.ch\/en\/basis\/chems\/\" target=\"_blank\" rel=\"noopener\">Conference of Swiss Music Schools (CHEMS)<\/a><\/p>\n<p><a href=\"https:\/\/www.revuemusicale.ch\/en\/basis\/kalaidos\/\" target=\"_blank\" rel=\"noopener\">Kalaidos Haute Ecole de Musique<\/a><\/p>\n<p><a href=\"https:\/\/www.revuemusicale.ch\/en\/basis\/csm\/\" target=\"_blank\" rel=\"noopener\">Swiss Music Council (CSM)<\/a><\/p>\n<p><a href=\"https:\/\/www.revuemusicale.ch\/en\/basis\/chorama\/\" target=\"_blank\" rel=\"noopener\">CHorama<\/a><\/p>\n<p><a href=\"https:\/\/www.revuemusicale.ch\/en\/basis\/smm\/\" target=\"_blank\" rel=\"noopener\">Swiss Association of Music Medicine (SMM)<\/a><\/p>\n<p><a href=\"https:\/\/www.revuemusicale.ch\/en\/basis\/smg\/\" target=\"_blank\" rel=\"noopener\">Swiss Society of Musicology (SSM)<\/a><\/p>\n<p><a href=\"https:\/\/www.revuemusicale.ch\/en\/basis\/usdam\/\">Swiss Union of Musician Artists (USDAM)<\/a><\/p>\n<p><a href=\"https:\/\/www.revuemusicale.ch\/en\/basis\/smpv\/\">Swiss Society for Music Pedagogy (SSPM)<\/a><\/p>\n<p><a href=\"https:\/\/www.revuemusicale.ch\/en\/basis\/sonart\/\" target=\"_blank\" rel=\"noopener\">SONART <\/a><\/p>\n<p><a href=\"https:\/\/www.revuemusicale.ch\/en\/basis\/csjm\/\">Swiss Youth Music Competition (CSJM)<\/a><\/p>\n<p><a href=\"https:\/\/www.revuemusicale.ch\/en\/basis\/arosa-kultur\/\" target=\"_blank\" rel=\"noopener\">Arosa Kultur<\/a><\/p>\n<p><a href=\"https:\/\/www.revuemusicale.ch\/en\/basis\/suisa\/\" target=\"_blank\" rel=\"noopener\">SUISA <\/a><\/p>\n<p><a href=\"https:\/\/www.revuemusicale.ch\/en\/basis\/vms\/\" target=\"_blank\" rel=\"noopener\">Swiss Association of Music Schools (ASEM)<\/a><\/p>\n<p>&nbsp;<\/p>\n<p><strong>The riddle<\/strong> by Thomas Meyer<\/p>\n<p>&nbsp;<\/p>","protected":false},"excerpt":{"rendered":"<p>\"Renewal\" is the theme of our first issue, with a new layout by Harriet Messing. We'll be exploring departures to new horizons, as well as the question of the role music can play in times of social upheaval. On the cover: Mario Batkovic, photographed by Holger Jacob.<\/p>","protected":false},"author":1,"featured_media":12523,"comment_status":"closed","ping_status":"closed","sticky":false,"template":"","format":"standard","meta":{"_acf_changed":false,"_relevanssi_hide_post":"","_relevanssi_hide_content":"","_relevanssi_pin_for_all":"","_relevanssi_pin_keywords":"","_relevanssi_unpin_keywords":"","_relevanssi_related_keywords":"","_relevanssi_related_include_ids":"","_relevanssi_related_exclude_ids":"","_relevanssi_related_no_append":"","_relevanssi_related_not_related":"","_relevanssi_related_posts":"","_relevanssi_noindex_reason":"","pgc_sgb_lightbox_settings":"","footnotes":""},"categories":[1565],"tags":[],"class_list":["post-29072","post","type-post","status-publish","format-standard","has-post-thumbnail","hentry","category-smz"],"acf":[],"yoast_head":"<!-- This site is optimized with the Yoast SEO plugin v27.3 - https:\/\/yoast.com\/product\/yoast-seo-wordpress\/ -->\n<title>Num\u00e9ro 1_2\/2023 - Revue Musicale Suisse<\/title>\n<meta name=\"robots\" content=\"index, follow, max-snippet:-1, max-image-preview:large, max-video-preview:-1\" \/>\n<link rel=\"canonical\" href=\"https:\/\/www.revuemusicale.ch\/en\/smz\/2023\/01\/numero-1_2-2023\/\" \/>\n<meta property=\"og:locale\" content=\"en_US\" \/>\n<meta property=\"og:type\" content=\"article\" \/>\n<meta property=\"og:title\" content=\"Num\u00e9ro 1_2\/2023 - Revue Musicale Suisse\" \/>\n<meta property=\"og:description\" content=\"\u00ab Renouveau \u00bb : c&#039;est le th\u00e8me de notre premier num\u00e9ro dans la nouvelle mise en pages sign\u00e9e Harriet Messing. Nous explorerons les d\u00e9parts vers de nouveaux horizons, ainsi que la question du r\u00f4le que peut jouer la musique en p\u00e9riode de bouleversements sociaux. En couverture : Mario Batkovic, photographi\u00e9 par Holger Jacob.\" \/>\n<meta property=\"og:url\" content=\"https:\/\/www.revuemusicale.ch\/en\/smz\/2023\/01\/numero-1_2-2023\/\" \/>\n<meta property=\"og:site_name\" content=\"Revue Musicale Suisse\" \/>\n<meta property=\"article:publisher\" content=\"https:\/\/www.facebook.com\/SchweizerMusikzeitung\/\" \/>\n<meta property=\"article:published_time\" content=\"2023-01-19T15:34:09+00:00\" \/>\n<meta property=\"article:modified_time\" content=\"2023-02-22T08:16:28+00:00\" \/>\n<meta property=\"og:image\" content=\"https:\/\/www.revuemusicale.ch\/wp-content\/uploads\/2023\/01\/SMZ-01-02-2023_Cover_schraeg_Schnitt.jpg\" \/>\n\t<meta property=\"og:image:width\" content=\"1333\" \/>\n\t<meta property=\"og:image:height\" content=\"1000\" \/>\n\t<meta property=\"og:image:type\" content=\"image\/jpeg\" \/>\n<meta name=\"author\" content=\"Musikzeitung-Redaktion\" \/>\n<meta name=\"twitter:card\" content=\"summary_large_image\" \/>\n<meta name=\"twitter:creator\" content=\"@smusikzeitung\" \/>\n<meta name=\"twitter:site\" content=\"@smusikzeitung\" \/>\n<meta name=\"twitter:label1\" content=\"Written by\" \/>\n\t<meta name=\"twitter:data1\" content=\"Musikzeitung-Redaktion\" \/>\n\t<meta name=\"twitter:label2\" content=\"Est. reading time\" \/>\n\t<meta name=\"twitter:data2\" content=\"2 minutes\" \/>\n<script type=\"application\/ld+json\" class=\"yoast-schema-graph\">{\"@context\":\"https:\\\/\\\/schema.org\",\"@graph\":[{\"@type\":\"Article\",\"@id\":\"https:\\\/\\\/www.revuemusicale.ch\\\/smz\\\/2023\\\/01\\\/numero-1_2-2023#article\",\"isPartOf\":{\"@id\":\"https:\\\/\\\/www.revuemusicale.ch\\\/smz\\\/2023\\\/01\\\/numero-1_2-2023\"},\"author\":{\"name\":\"Musikzeitung-Redaktion\",\"@id\":\"https:\\\/\\\/www.revuemusicale.ch\\\/#\\\/schema\\\/person\\\/b2fd892c800856270b9dcc6001265712\"},\"headline\":\"Num\u00e9ro 1_2\\\/2023\",\"datePublished\":\"2023-01-19T15:34:09+00:00\",\"dateModified\":\"2023-02-22T08:16:28+00:00\",\"mainEntityOfPage\":{\"@id\":\"https:\\\/\\\/www.revuemusicale.ch\\\/smz\\\/2023\\\/01\\\/numero-1_2-2023\"},\"wordCount\":265,\"publisher\":{\"@id\":\"https:\\\/\\\/www.revuemusicale.ch\\\/#organization\"},\"image\":{\"@id\":\"https:\\\/\\\/www.revuemusicale.ch\\\/smz\\\/2023\\\/01\\\/numero-1_2-2023#primaryimage\"},\"thumbnailUrl\":\"https:\\\/\\\/www.revuemusicale.ch\\\/wp-content\\\/uploads\\\/2023\\\/01\\\/SMZ-01-02-2023_Cover_schraeg_Schnitt.jpg\",\"articleSection\":[\"SMZ\"],\"inLanguage\":\"en-US\"},{\"@type\":\"WebPage\",\"@id\":\"https:\\\/\\\/www.revuemusicale.ch\\\/smz\\\/2023\\\/01\\\/numero-1_2-2023\",\"url\":\"https:\\\/\\\/www.revuemusicale.ch\\\/smz\\\/2023\\\/01\\\/numero-1_2-2023\",\"name\":\"Num\u00e9ro 1_2\\\/2023 - Revue Musicale Suisse\",\"isPartOf\":{\"@id\":\"https:\\\/\\\/www.revuemusicale.ch\\\/#website\"},\"primaryImageOfPage\":{\"@id\":\"https:\\\/\\\/www.revuemusicale.ch\\\/smz\\\/2023\\\/01\\\/numero-1_2-2023#primaryimage\"},\"image\":{\"@id\":\"https:\\\/\\\/www.revuemusicale.ch\\\/smz\\\/2023\\\/01\\\/numero-1_2-2023#primaryimage\"},\"thumbnailUrl\":\"https:\\\/\\\/www.revuemusicale.ch\\\/wp-content\\\/uploads\\\/2023\\\/01\\\/SMZ-01-02-2023_Cover_schraeg_Schnitt.jpg\",\"datePublished\":\"2023-01-19T15:34:09+00:00\",\"dateModified\":\"2023-02-22T08:16:28+00:00\",\"breadcrumb\":{\"@id\":\"https:\\\/\\\/www.revuemusicale.ch\\\/smz\\\/2023\\\/01\\\/numero-1_2-2023#breadcrumb\"},\"inLanguage\":\"en-US\",\"potentialAction\":[{\"@type\":\"ReadAction\",\"target\":[\"https:\\\/\\\/www.revuemusicale.ch\\\/smz\\\/2023\\\/01\\\/numero-1_2-2023\"]}]},{\"@type\":\"ImageObject\",\"inLanguage\":\"en-US\",\"@id\":\"https:\\\/\\\/www.revuemusicale.ch\\\/smz\\\/2023\\\/01\\\/numero-1_2-2023#primaryimage\",\"url\":\"https:\\\/\\\/www.revuemusicale.ch\\\/wp-content\\\/uploads\\\/2023\\\/01\\\/SMZ-01-02-2023_Cover_schraeg_Schnitt.jpg\",\"contentUrl\":\"https:\\\/\\\/www.revuemusicale.ch\\\/wp-content\\\/uploads\\\/2023\\\/01\\\/SMZ-01-02-2023_Cover_schraeg_Schnitt.jpg\",\"width\":1333,\"height\":1000,\"caption\":\"Titelbild Ausgabe 1_2\\\/2023\"},{\"@type\":\"BreadcrumbList\",\"@id\":\"https:\\\/\\\/www.revuemusicale.ch\\\/smz\\\/2023\\\/01\\\/numero-1_2-2023#breadcrumb\",\"itemListElement\":[{\"@type\":\"ListItem\",\"position\":1,\"name\":\"Home\",\"item\":\"https:\\\/\\\/www.revuemusicale.ch\\\/\"},{\"@type\":\"ListItem\",\"position\":2,\"name\":\"Num\u00e9ro 1_2\\\/2023\"}]},{\"@type\":\"WebSite\",\"@id\":\"https:\\\/\\\/www.revuemusicale.ch\\\/#website\",\"url\":\"https:\\\/\\\/www.revuemusicale.ch\\\/\",\"name\":\"Revue Musicale Suisse\",\"description\":\"\",\"publisher\":{\"@id\":\"https:\\\/\\\/www.revuemusicale.ch\\\/#organization\"},\"potentialAction\":[{\"@type\":\"SearchAction\",\"target\":{\"@type\":\"EntryPoint\",\"urlTemplate\":\"https:\\\/\\\/www.revuemusicale.ch\\\/?s={search_term_string}\"},\"query-input\":{\"@type\":\"PropertyValueSpecification\",\"valueRequired\":true,\"valueName\":\"search_term_string\"}}],\"inLanguage\":\"en-US\"},{\"@type\":\"Organization\",\"@id\":\"https:\\\/\\\/www.revuemusicale.ch\\\/#organization\",\"name\":\"Revue Musicale Suisse\",\"url\":\"https:\\\/\\\/www.revuemusicale.ch\\\/\",\"logo\":{\"@type\":\"ImageObject\",\"inLanguage\":\"en-US\",\"@id\":\"https:\\\/\\\/www.revuemusicale.ch\\\/#\\\/schema\\\/logo\\\/image\\\/\",\"url\":\"https:\\\/\\\/www.revuemusicale.ch\\\/wp-content\\\/uploads\\\/2023\\\/01\\\/logo_revuemusicale_musikzeitung.jpg\",\"contentUrl\":\"https:\\\/\\\/www.revuemusicale.ch\\\/wp-content\\\/uploads\\\/2023\\\/01\\\/logo_revuemusicale_musikzeitung.jpg\",\"width\":1200,\"height\":243,\"caption\":\"Revue Musicale Suisse\"},\"image\":{\"@id\":\"https:\\\/\\\/www.revuemusicale.ch\\\/#\\\/schema\\\/logo\\\/image\\\/\"},\"sameAs\":[\"https:\\\/\\\/www.facebook.com\\\/SchweizerMusikzeitung\\\/\",\"https:\\\/\\\/x.com\\\/smusikzeitung\",\"https:\\\/\\\/www.instagram.com\\\/musikzeitung.ch\\\/?hl=de\"]},{\"@type\":\"Person\",\"@id\":\"https:\\\/\\\/www.revuemusicale.ch\\\/#\\\/schema\\\/person\\\/b2fd892c800856270b9dcc6001265712\",\"name\":\"Musikzeitung-Redaktion\",\"image\":{\"@type\":\"ImageObject\",\"inLanguage\":\"en-US\",\"@id\":\"https:\\\/\\\/secure.gravatar.com\\\/avatar\\\/0c7e6a405862e402eb76a70f8a26fc732d07c32931e9fae9ab1582911d2e8a3b?s=96&d=mm&r=g\",\"url\":\"https:\\\/\\\/secure.gravatar.com\\\/avatar\\\/0c7e6a405862e402eb76a70f8a26fc732d07c32931e9fae9ab1582911d2e8a3b?s=96&d=mm&r=g\",\"contentUrl\":\"https:\\\/\\\/secure.gravatar.com\\\/avatar\\\/0c7e6a405862e402eb76a70f8a26fc732d07c32931e9fae9ab1582911d2e8a3b?s=96&d=mm&r=g\",\"caption\":\"Musikzeitung-Redaktion\"},\"sameAs\":[\"http:\\\/\\\/wundo-docker.io\"],\"url\":\"https:\\\/\\\/www.revuemusicale.ch\\\/en\\\/author\\\/admin\"}]}<\/script>\n<!-- \/ Yoast SEO plugin. -->","yoast_head_json":{"title":"Num\u00e9ro 1_2\/2023 - Revue Musicale Suisse","robots":{"index":"index","follow":"follow","max-snippet":"max-snippet:-1","max-image-preview":"max-image-preview:large","max-video-preview":"max-video-preview:-1"},"canonical":"https:\/\/www.revuemusicale.ch\/en\/smz\/2023\/01\/numero-1_2-2023\/","og_locale":"en_US","og_type":"article","og_title":"Num\u00e9ro 1_2\/2023 - Revue Musicale Suisse","og_description":"\u00ab Renouveau \u00bb : c'est le th\u00e8me de notre premier num\u00e9ro dans la nouvelle mise en pages sign\u00e9e Harriet Messing. Nous explorerons les d\u00e9parts vers de nouveaux horizons, ainsi que la question du r\u00f4le que peut jouer la musique en p\u00e9riode de bouleversements sociaux. En couverture : Mario Batkovic, photographi\u00e9 par Holger Jacob.","og_url":"https:\/\/www.revuemusicale.ch\/en\/smz\/2023\/01\/numero-1_2-2023\/","og_site_name":"Revue Musicale Suisse","article_publisher":"https:\/\/www.facebook.com\/SchweizerMusikzeitung\/","article_published_time":"2023-01-19T15:34:09+00:00","article_modified_time":"2023-02-22T08:16:28+00:00","og_image":[{"width":1333,"height":1000,"url":"https:\/\/www.revuemusicale.ch\/wp-content\/uploads\/2023\/01\/SMZ-01-02-2023_Cover_schraeg_Schnitt.jpg","type":"image\/jpeg"}],"author":"Musikzeitung-Redaktion","twitter_card":"summary_large_image","twitter_creator":"@smusikzeitung","twitter_site":"@smusikzeitung","twitter_misc":{"Written by":"Musikzeitung-Redaktion","Est. reading time":"2 minutes"},"schema":{"@context":"https:\/\/schema.org","@graph":[{"@type":"Article","@id":"https:\/\/www.revuemusicale.ch\/smz\/2023\/01\/numero-1_2-2023#article","isPartOf":{"@id":"https:\/\/www.revuemusicale.ch\/smz\/2023\/01\/numero-1_2-2023"},"author":{"name":"Musikzeitung-Redaktion","@id":"https:\/\/www.revuemusicale.ch\/#\/schema\/person\/b2fd892c800856270b9dcc6001265712"},"headline":"Num\u00e9ro 1_2\/2023","datePublished":"2023-01-19T15:34:09+00:00","dateModified":"2023-02-22T08:16:28+00:00","mainEntityOfPage":{"@id":"https:\/\/www.revuemusicale.ch\/smz\/2023\/01\/numero-1_2-2023"},"wordCount":265,"publisher":{"@id":"https:\/\/www.revuemusicale.ch\/#organization"},"image":{"@id":"https:\/\/www.revuemusicale.ch\/smz\/2023\/01\/numero-1_2-2023#primaryimage"},"thumbnailUrl":"https:\/\/www.revuemusicale.ch\/wp-content\/uploads\/2023\/01\/SMZ-01-02-2023_Cover_schraeg_Schnitt.jpg","articleSection":["SMZ"],"inLanguage":"en-US"},{"@type":"WebPage","@id":"https:\/\/www.revuemusicale.ch\/smz\/2023\/01\/numero-1_2-2023","url":"https:\/\/www.revuemusicale.ch\/smz\/2023\/01\/numero-1_2-2023","name":"Num\u00e9ro 1_2\/2023 - Revue Musicale Suisse","isPartOf":{"@id":"https:\/\/www.revuemusicale.ch\/#website"},"primaryImageOfPage":{"@id":"https:\/\/www.revuemusicale.ch\/smz\/2023\/01\/numero-1_2-2023#primaryimage"},"image":{"@id":"https:\/\/www.revuemusicale.ch\/smz\/2023\/01\/numero-1_2-2023#primaryimage"},"thumbnailUrl":"https:\/\/www.revuemusicale.ch\/wp-content\/uploads\/2023\/01\/SMZ-01-02-2023_Cover_schraeg_Schnitt.jpg","datePublished":"2023-01-19T15:34:09+00:00","dateModified":"2023-02-22T08:16:28+00:00","breadcrumb":{"@id":"https:\/\/www.revuemusicale.ch\/smz\/2023\/01\/numero-1_2-2023#breadcrumb"},"inLanguage":"en-US","potentialAction":[{"@type":"ReadAction","target":["https:\/\/www.revuemusicale.ch\/smz\/2023\/01\/numero-1_2-2023"]}]},{"@type":"ImageObject","inLanguage":"en-US","@id":"https:\/\/www.revuemusicale.ch\/smz\/2023\/01\/numero-1_2-2023#primaryimage","url":"https:\/\/www.revuemusicale.ch\/wp-content\/uploads\/2023\/01\/SMZ-01-02-2023_Cover_schraeg_Schnitt.jpg","contentUrl":"https:\/\/www.revuemusicale.ch\/wp-content\/uploads\/2023\/01\/SMZ-01-02-2023_Cover_schraeg_Schnitt.jpg","width":1333,"height":1000,"caption":"Titelbild Ausgabe 1_2\/2023"},{"@type":"BreadcrumbList","@id":"https:\/\/www.revuemusicale.ch\/smz\/2023\/01\/numero-1_2-2023#breadcrumb","itemListElement":[{"@type":"ListItem","position":1,"name":"Home","item":"https:\/\/www.revuemusicale.ch\/"},{"@type":"ListItem","position":2,"name":"Num\u00e9ro 1_2\/2023"}]},{"@type":"WebSite","@id":"https:\/\/www.revuemusicale.ch\/#website","url":"https:\/\/www.revuemusicale.ch\/","name":"Swiss Music Review","description":"","publisher":{"@id":"https:\/\/www.revuemusicale.ch\/#organization"},"potentialAction":[{"@type":"SearchAction","target":{"@type":"EntryPoint","urlTemplate":"https:\/\/www.revuemusicale.ch\/?s={search_term_string}"},"query-input":{"@type":"PropertyValueSpecification","valueRequired":true,"valueName":"search_term_string"}}],"inLanguage":"en-US"},{"@type":"Organization","@id":"https:\/\/www.revuemusicale.ch\/#organization","name":"Swiss Music Review","url":"https:\/\/www.revuemusicale.ch\/","logo":{"@type":"ImageObject","inLanguage":"en-US","@id":"https:\/\/www.revuemusicale.ch\/#\/schema\/logo\/image\/","url":"https:\/\/www.revuemusicale.ch\/wp-content\/uploads\/2023\/01\/logo_revuemusicale_musikzeitung.jpg","contentUrl":"https:\/\/www.revuemusicale.ch\/wp-content\/uploads\/2023\/01\/logo_revuemusicale_musikzeitung.jpg","width":1200,"height":243,"caption":"Revue Musicale Suisse"},"image":{"@id":"https:\/\/www.revuemusicale.ch\/#\/schema\/logo\/image\/"},"sameAs":["https:\/\/www.facebook.com\/SchweizerMusikzeitung\/","https:\/\/x.com\/smusikzeitung","https:\/\/www.instagram.com\/musikzeitung.ch\/?hl=de"]},{"@type":"Person","@id":"https:\/\/www.revuemusicale.ch\/#\/schema\/person\/b2fd892c800856270b9dcc6001265712","name":"Musikzeitung-Redaktion","image":{"@type":"ImageObject","inLanguage":"en-US","@id":"https:\/\/secure.gravatar.com\/avatar\/0c7e6a405862e402eb76a70f8a26fc732d07c32931e9fae9ab1582911d2e8a3b?s=96&d=mm&r=g","url":"https:\/\/secure.gravatar.com\/avatar\/0c7e6a405862e402eb76a70f8a26fc732d07c32931e9fae9ab1582911d2e8a3b?s=96&d=mm&r=g","contentUrl":"https:\/\/secure.gravatar.com\/avatar\/0c7e6a405862e402eb76a70f8a26fc732d07c32931e9fae9ab1582911d2e8a3b?s=96&d=mm&r=g","caption":"Musikzeitung-Redaktion"},"sameAs":["http:\/\/wundo-docker.io"],"url":"https:\/\/www.revuemusicale.ch\/en\/author\/admin"}]}},"publishpress_future_action":{"enabled":false,"date":"1970-01-01 01:00:00","action":"change-status","newStatus":"draft","terms":[],"taxonomy":"category","extraData":[]},"publishpress_future_workflow_manual_trigger":{"enabledWorkflows":[]},"_links":{"self":[{"href":"https:\/\/www.revuemusicale.ch\/en\/wp-json\/wp\/v2\/posts\/29072","targetHints":{"allow":["GET"]}}],"collection":[{"href":"https:\/\/www.revuemusicale.ch\/en\/wp-json\/wp\/v2\/posts"}],"about":[{"href":"https:\/\/www.revuemusicale.ch\/en\/wp-json\/wp\/v2\/types\/post"}],"author":[{"embeddable":true,"href":"https:\/\/www.revuemusicale.ch\/en\/wp-json\/wp\/v2\/users\/1"}],"replies":[{"embeddable":true,"href":"https:\/\/www.revuemusicale.ch\/en\/wp-json\/wp\/v2\/comments?post=29072"}],"version-history":[{"count":8,"href":"https:\/\/www.revuemusicale.ch\/en\/wp-json\/wp\/v2\/posts\/29072\/revisions"}],"predecessor-version":[{"id":29331,"href":"https:\/\/www.revuemusicale.ch\/en\/wp-json\/wp\/v2\/posts\/29072\/revisions\/29331"}],"wp:featuredmedia":[{"embeddable":true,"href":"https:\/\/www.revuemusicale.ch\/en\/wp-json\/wp\/v2\/media\/12523"}],"wp:attachment":[{"href":"https:\/\/www.revuemusicale.ch\/en\/wp-json\/wp\/v2\/media?parent=29072"}],"wp:term":[{"taxonomy":"category","embeddable":true,"href":"https:\/\/www.revuemusicale.ch\/en\/wp-json\/wp\/v2\/categories?post=29072"},{"taxonomy":"post_tag","embeddable":true,"href":"https:\/\/www.revuemusicale.ch\/en\/wp-json\/wp\/v2\/tags?post=29072"}],"curies":[{"name":"wp","href":"https:\/\/api.w.org\/{rel}","templated":true}]}}