{"id":29270,"date":"2020-08-28T00:00:00","date_gmt":"2020-08-27T22:00:00","guid":{"rendered":"https:\/\/www.revuemusicale.ch\/allgemein\/2020\/08\/marche-militaire-yorckscher"},"modified":"2023-01-20T14:46:52","modified_gmt":"2023-01-20T13:46:52","slug":"marche-militaire-yorckscher","status":"publish","type":"post","link":"https:\/\/www.revuemusicale.ch\/en\/dossiers\/2020\/08\/marche-militaire-yorckscher","title":{"rendered":"Yorckscher\" military march"},"content":{"rendered":"<figure style=\"width: 1200px\" class=\"wp-caption alignnone\"><img decoding=\"async\" class=\"size-full\" src=\"https:\/\/www.revuemusicale.ch\/wp-content\/uploads\/2023\/01\/Revers-Schulter-links.jpg\" alt=\"\" \/><figcaption class=\"wp-caption-text\">Extract from a portrait of Beethoven by Joseph Karl Stieler, ca. 1820<\/figcaption><\/figure>\n<div class='text-section'>\n<p>Vienna's vibrant musical life often makes us forget that war was raging in Europe at the beginning of the 19th century, although not everywhere at the same time, but for years. The unrest was provoked by Napoleon, who fought first against Austria, then against Prussia and simultaneously in the Iberian Peninsula, then against Russia and again against allied troops in central Germany. The number of victims on each side ran into the hundreds of thousands, and even millions in total. The <em>Grande Arm\u00e9e<\/em> alone went from 600,000 soldiers to just under 10,000 men in the space of a few months. The victory of the Russian troops would not go down in music history until decades later, with the<em>Solemn Overture 1812<\/em> by Tchaikovsky. But it was immediately after the event that Beethoven composed a noisy tribute to the Battle of Vitoria in Spain (1813), with the <em>Wellington's victory<\/em> op. 91. By contrast, the numerous compositions by several contemporaries for the decisive Battle of Leipzig (1813) have long since been forgotten.<\/p>\n<p>Beethoven was unable and unwilling to evade the demands of the Viennese \"patriotic front\", and in 1809\/10 he bolstered troop morale with several marches. The one in F major (WoO 18) was originally written for a small brass band, and dedicated to Archduke Anton Viktor Joseph of Austria and his \"Hoch- und Deutschmeister\" regiment. But Beethoven made a new decision and, in the manuscript, dedicated these few bars to the \"Bohemian Landwehr\" (a reserve infantry regiment). In the meantime, the march had been used as riding music at a dressage of horsemen in the garden of Laxenburg Castle, which Beethoven commented wryly: \"I'll see if it can make the horsemen do skilful galipettes\". However, the piece only became famous after its publication in 1817\/18 in the collection of the <em>March of the Royal Prussian Army<\/em> as \"Turkish music\" - this time in homage to a unit commissioned by Ludwig York von Wartenburg, earning it the name \"Yorkscher March\" without any input from the composer.<\/p>\n<p>Musically, Beethoven even ennobled this occasional composition. The single-note anapest rhythm forms the central cell. This is followed by sequences that expand the tonal space of the opening, first to the second, then to the fourth via the third, while the following movement is melodically led from the fifth via the sixth to the dominant. In the second part, after the motif has been condensed, it dissolves - and contains pauses that are rather dangerous for military synchronization.<\/p>\n<p>The fact that Beethoven added a trio to this march in 1822\/23 has remained largely forgotten in civilian performances of the work to this day.<br \/> \u00a0<\/p>\n<\/p><\/div>\n<div>\n<hr>\n<\/div>\n<div>\n<blockquote class='text-section'>\n<h4>Aufnahme auf idagio<\/h4>\n<p><iframe src='https:\/\/app.idagio.com\/player?playlist_id=845d37e1-f0ad-4f9a-afc6-7077dd9da71a' allowfullscreen='allowfullscreen' width='500' frameborder='0' height='400'><\/iframe><\/p>\n<\/blockquote><\/div>\n<div>\n<hr>\n<\/div>\n<div>\n<h3 class=''><span>Keeping in touch<\/span><\/h3>\n<\/p><\/div>\n<div class='text-section'>\n<p>A weekly newsletter reveals the latest column on line. You can subscribe by entering your e-mail address below, or by subscribing to our RSS feed.<\/p>\n<\/p><\/div>\n<div class='text-section'>\n<div>\n<form class='js-cm-form' id='subForm' action='https:\/\/www.createsend.com\/t\/subscribeerror?description=' method='post' data-id='2BE4EF332AA2E32596E38B640E9056195C8888A8A23FD435BFB231E3012E1A71B68DA21970BF006750C89679CDF0BA5DC06285F34917F5B2B1B67E660081075D'>\n<fieldset style='border-top:0;'>\n<div class='control-group'><label for='fieldEmail'><span>E-Mail <dfn title='required'>*<\/dfn><\/span><\/label><input autocomplete='Email' aria-label='E-Mail' class='js-cm-email-input' id='fieldEmail' maxlength='200' name='cm-giydtu-giydtu' placeholder='E-Mail' required='' type='email' data-kpxc-id='fieldEmail'><select style='display:none;' aria-label='language' id='fieldyuaqu' name='cm-fo-yuaqu' required='' value=''><option disabled='' selected='' value=''>Select...<\/option><option value='2605472'>from<\/option><option value='2605473' selected='selected'>en<\/option><\/select><\/div>\n<p> <button type='submit'>register<\/button><\/fieldset>\n<\/p><\/form>\n<\/p><\/div>\n<p> <script type='text\/javascript' src='https:\/\/js.createsend1.com\/javascript\/copypastesubscribeformlogic.js'><\/script> <\/div>\n<div class='rss left'> <em> <a href='\/en\/contentFeeds\/content\/news\/fr\/dossiers\/personnes\/2020\/52xbeethoven\/' target='_blank' rel=\"noopener\">RSS-Feed<\/a> <\/em> <\/div>\n<div>\n<hr>\n<\/div>\n<div>\n<h3 class=''><span>Get involved!<\/span><\/h3>\n<\/p><\/div>\n<div class='text-section'>\n<p><a href='\/fr\/dossiers\/personnes\/2020\/52xbeethoven.html'><strong>Link to the main page of the \"52 x Beethoven\" project<\/strong><\/a><\/p>\n<\/p><\/div>","protected":false},"excerpt":{"rendered":"<p><strong>Every Friday, Beethoven is here. To mark the 250th anniversary of Beethoven's birth, each week the Swiss Music Review takes a look at a different work from its catalog. Today for the Military March No. 1 in F major WoO 18 \"Yorckscher\".<\/strong><\/p>","protected":false},"author":1,"featured_media":29271,"comment_status":"open","ping_status":"open","sticky":false,"template":"","format":"standard","meta":{"_acf_changed":false,"_relevanssi_hide_post":"","_relevanssi_hide_content":"","_relevanssi_pin_for_all":"","_relevanssi_pin_keywords":"","_relevanssi_unpin_keywords":"","_relevanssi_related_keywords":"","_relevanssi_related_include_ids":"","_relevanssi_related_exclude_ids":"","_relevanssi_related_no_append":"","_relevanssi_related_not_related":"","_relevanssi_related_posts":"","_relevanssi_noindex_reason":"","pgc_sgb_lightbox_settings":"","footnotes":""},"categories":[1638,1639],"tags":[],"class_list":["post-29270","post","type-post","status-publish","format-standard","has-post-thumbnail","hentry","category-dossiers","category-personnes"],"acf":[],"yoast_head":"<!-- This site is optimized with the Yoast SEO plugin v27.3 - https:\/\/yoast.com\/product\/yoast-seo-wordpress\/ -->\n<title>Marche militaire \u00ab\u00a0Yorckscher \u00bb - Revue Musicale Suisse<\/title>\n<meta name=\"robots\" content=\"index, follow, max-snippet:-1, max-image-preview:large, max-video-preview:-1\" \/>\n<link rel=\"canonical\" href=\"https:\/\/www.revuemusicale.ch\/en\/allgemein\/2020\/08\/marche-militaire-yorckscher\/\" \/>\n<meta property=\"og:locale\" content=\"en_US\" \/>\n<meta property=\"og:type\" content=\"article\" \/>\n<meta property=\"og:title\" content=\"Marche militaire \u00ab\u00a0Yorckscher \u00bb - Revue Musicale Suisse\" \/>\n<meta property=\"og:description\" content=\"Chacque vendredi, Beethoven est ici. Pour le 250e anniversaire de la naissance de Beethoven, la Revue Musicale Suisse jettera chaque semaine un \u0153il sur une \u0153uvre diff\u00e9rente de son catalogue. Aujourd&#039;hui pour la marche militaire n\u00b0 1 en fa majeur WoO 18 \u00ab Yorckscher \u00bb\" \/>\n<meta property=\"og:url\" content=\"https:\/\/www.revuemusicale.ch\/en\/allgemein\/2020\/08\/marche-militaire-yorckscher\/\" \/>\n<meta property=\"og:site_name\" content=\"Revue Musicale Suisse\" \/>\n<meta property=\"article:publisher\" content=\"https:\/\/www.facebook.com\/SchweizerMusikzeitung\/\" \/>\n<meta property=\"article:published_time\" content=\"2020-08-27T22:00:00+00:00\" \/>\n<meta property=\"article:modified_time\" content=\"2023-01-20T13:46:52+00:00\" \/>\n<meta property=\"og:image\" content=\"https:\/\/www.revuemusicale.ch\/wp-content\/uploads\/2023\/01\/Revers-Schulter-links.jpg\" \/>\n\t<meta property=\"og:image:width\" content=\"554\" \/>\n\t<meta property=\"og:image:height\" content=\"291\" \/>\n\t<meta property=\"og:image:type\" content=\"image\/jpeg\" \/>\n<meta name=\"author\" content=\"Musikzeitung-Redaktion\" \/>\n<meta name=\"twitter:card\" content=\"summary_large_image\" \/>\n<meta name=\"twitter:creator\" content=\"@smusikzeitung\" \/>\n<meta name=\"twitter:site\" content=\"@smusikzeitung\" \/>\n<meta name=\"twitter:label1\" content=\"Written by\" \/>\n\t<meta name=\"twitter:data1\" content=\"Musikzeitung-Redaktion\" \/>\n\t<meta name=\"twitter:label2\" content=\"Est. reading time\" \/>\n\t<meta name=\"twitter:data2\" content=\"3 minutes\" \/>\n<script type=\"application\/ld+json\" class=\"yoast-schema-graph\">{\"@context\":\"https:\\\/\\\/schema.org\",\"@graph\":[{\"@type\":\"Article\",\"@id\":\"https:\\\/\\\/www.revuemusicale.ch\\\/allgemein\\\/2020\\\/08\\\/marche-militaire-yorckscher#article\",\"isPartOf\":{\"@id\":\"https:\\\/\\\/www.revuemusicale.ch\\\/allgemein\\\/2020\\\/08\\\/marche-militaire-yorckscher\"},\"author\":{\"name\":\"Musikzeitung-Redaktion\",\"@id\":\"https:\\\/\\\/www.revuemusicale.ch\\\/#\\\/schema\\\/person\\\/b2fd892c800856270b9dcc6001265712\"},\"headline\":\"Marche militaire \u00ab\u00a0Yorckscher \u00bb\",\"datePublished\":\"2020-08-27T22:00:00+00:00\",\"dateModified\":\"2023-01-20T13:46:52+00:00\",\"mainEntityOfPage\":{\"@id\":\"https:\\\/\\\/www.revuemusicale.ch\\\/allgemein\\\/2020\\\/08\\\/marche-militaire-yorckscher\"},\"wordCount\":573,\"commentCount\":0,\"publisher\":{\"@id\":\"https:\\\/\\\/www.revuemusicale.ch\\\/#organization\"},\"image\":{\"@id\":\"https:\\\/\\\/www.revuemusicale.ch\\\/allgemein\\\/2020\\\/08\\\/marche-militaire-yorckscher#primaryimage\"},\"thumbnailUrl\":\"https:\\\/\\\/www.revuemusicale.ch\\\/wp-content\\\/uploads\\\/2023\\\/01\\\/Revers-Schulter-links.jpg\",\"articleSection\":[\"Dossiers\",\"Personnes\"],\"inLanguage\":\"en-US\"},{\"@type\":\"WebPage\",\"@id\":\"https:\\\/\\\/www.revuemusicale.ch\\\/allgemein\\\/2020\\\/08\\\/marche-militaire-yorckscher\",\"url\":\"https:\\\/\\\/www.revuemusicale.ch\\\/allgemein\\\/2020\\\/08\\\/marche-militaire-yorckscher\",\"name\":\"Marche militaire \u00ab\u00a0Yorckscher \u00bb - Revue Musicale Suisse\",\"isPartOf\":{\"@id\":\"https:\\\/\\\/www.revuemusicale.ch\\\/#website\"},\"primaryImageOfPage\":{\"@id\":\"https:\\\/\\\/www.revuemusicale.ch\\\/allgemein\\\/2020\\\/08\\\/marche-militaire-yorckscher#primaryimage\"},\"image\":{\"@id\":\"https:\\\/\\\/www.revuemusicale.ch\\\/allgemein\\\/2020\\\/08\\\/marche-militaire-yorckscher#primaryimage\"},\"thumbnailUrl\":\"https:\\\/\\\/www.revuemusicale.ch\\\/wp-content\\\/uploads\\\/2023\\\/01\\\/Revers-Schulter-links.jpg\",\"datePublished\":\"2020-08-27T22:00:00+00:00\",\"dateModified\":\"2023-01-20T13:46:52+00:00\",\"breadcrumb\":{\"@id\":\"https:\\\/\\\/www.revuemusicale.ch\\\/allgemein\\\/2020\\\/08\\\/marche-militaire-yorckscher#breadcrumb\"},\"inLanguage\":\"en-US\",\"potentialAction\":[{\"@type\":\"ReadAction\",\"target\":[\"https:\\\/\\\/www.revuemusicale.ch\\\/allgemein\\\/2020\\\/08\\\/marche-militaire-yorckscher\"]}]},{\"@type\":\"ImageObject\",\"inLanguage\":\"en-US\",\"@id\":\"https:\\\/\\\/www.revuemusicale.ch\\\/allgemein\\\/2020\\\/08\\\/marche-militaire-yorckscher#primaryimage\",\"url\":\"https:\\\/\\\/www.revuemusicale.ch\\\/wp-content\\\/uploads\\\/2023\\\/01\\\/Revers-Schulter-links.jpg\",\"contentUrl\":\"https:\\\/\\\/www.revuemusicale.ch\\\/wp-content\\\/uploads\\\/2023\\\/01\\\/Revers-Schulter-links.jpg\",\"width\":554,\"height\":291},{\"@type\":\"BreadcrumbList\",\"@id\":\"https:\\\/\\\/www.revuemusicale.ch\\\/allgemein\\\/2020\\\/08\\\/marche-militaire-yorckscher#breadcrumb\",\"itemListElement\":[{\"@type\":\"ListItem\",\"position\":1,\"name\":\"Home\",\"item\":\"https:\\\/\\\/www.revuemusicale.ch\\\/\"},{\"@type\":\"ListItem\",\"position\":2,\"name\":\"Marche militaire \u00ab\u00a0Yorckscher \u00bb\"}]},{\"@type\":\"WebSite\",\"@id\":\"https:\\\/\\\/www.revuemusicale.ch\\\/#website\",\"url\":\"https:\\\/\\\/www.revuemusicale.ch\\\/\",\"name\":\"Revue Musicale Suisse\",\"description\":\"\",\"publisher\":{\"@id\":\"https:\\\/\\\/www.revuemusicale.ch\\\/#organization\"},\"potentialAction\":[{\"@type\":\"SearchAction\",\"target\":{\"@type\":\"EntryPoint\",\"urlTemplate\":\"https:\\\/\\\/www.revuemusicale.ch\\\/?s={search_term_string}\"},\"query-input\":{\"@type\":\"PropertyValueSpecification\",\"valueRequired\":true,\"valueName\":\"search_term_string\"}}],\"inLanguage\":\"en-US\"},{\"@type\":\"Organization\",\"@id\":\"https:\\\/\\\/www.revuemusicale.ch\\\/#organization\",\"name\":\"Revue Musicale Suisse\",\"url\":\"https:\\\/\\\/www.revuemusicale.ch\\\/\",\"logo\":{\"@type\":\"ImageObject\",\"inLanguage\":\"en-US\",\"@id\":\"https:\\\/\\\/www.revuemusicale.ch\\\/#\\\/schema\\\/logo\\\/image\\\/\",\"url\":\"https:\\\/\\\/www.revuemusicale.ch\\\/wp-content\\\/uploads\\\/2023\\\/01\\\/logo_revuemusicale_musikzeitung.jpg\",\"contentUrl\":\"https:\\\/\\\/www.revuemusicale.ch\\\/wp-content\\\/uploads\\\/2023\\\/01\\\/logo_revuemusicale_musikzeitung.jpg\",\"width\":1200,\"height\":243,\"caption\":\"Revue Musicale Suisse\"},\"image\":{\"@id\":\"https:\\\/\\\/www.revuemusicale.ch\\\/#\\\/schema\\\/logo\\\/image\\\/\"},\"sameAs\":[\"https:\\\/\\\/www.facebook.com\\\/SchweizerMusikzeitung\\\/\",\"https:\\\/\\\/x.com\\\/smusikzeitung\",\"https:\\\/\\\/www.instagram.com\\\/musikzeitung.ch\\\/?hl=de\"]},{\"@type\":\"Person\",\"@id\":\"https:\\\/\\\/www.revuemusicale.ch\\\/#\\\/schema\\\/person\\\/b2fd892c800856270b9dcc6001265712\",\"name\":\"Musikzeitung-Redaktion\",\"image\":{\"@type\":\"ImageObject\",\"inLanguage\":\"en-US\",\"@id\":\"https:\\\/\\\/secure.gravatar.com\\\/avatar\\\/0c7e6a405862e402eb76a70f8a26fc732d07c32931e9fae9ab1582911d2e8a3b?s=96&d=mm&r=g\",\"url\":\"https:\\\/\\\/secure.gravatar.com\\\/avatar\\\/0c7e6a405862e402eb76a70f8a26fc732d07c32931e9fae9ab1582911d2e8a3b?s=96&d=mm&r=g\",\"contentUrl\":\"https:\\\/\\\/secure.gravatar.com\\\/avatar\\\/0c7e6a405862e402eb76a70f8a26fc732d07c32931e9fae9ab1582911d2e8a3b?s=96&d=mm&r=g\",\"caption\":\"Musikzeitung-Redaktion\"},\"sameAs\":[\"http:\\\/\\\/wundo-docker.io\"],\"url\":\"https:\\\/\\\/www.revuemusicale.ch\\\/en\\\/author\\\/admin\"}]}<\/script>\n<!-- \/ Yoast SEO plugin. -->","yoast_head_json":{"title":"Yorckscher\" military march - Swiss Musical Review","robots":{"index":"index","follow":"follow","max-snippet":"max-snippet:-1","max-image-preview":"max-image-preview:large","max-video-preview":"max-video-preview:-1"},"canonical":"https:\/\/www.revuemusicale.ch\/en\/allgemein\/2020\/08\/marche-militaire-yorckscher\/","og_locale":"en_US","og_type":"article","og_title":"Marche militaire \u00ab\u00a0Yorckscher \u00bb - Revue Musicale Suisse","og_description":"Chacque vendredi, Beethoven est ici. Pour le 250e anniversaire de la naissance de Beethoven, la Revue Musicale Suisse jettera chaque semaine un \u0153il sur une \u0153uvre diff\u00e9rente de son catalogue. Aujourd'hui pour la marche militaire n\u00b0 1 en fa majeur WoO 18 \u00ab Yorckscher \u00bb","og_url":"https:\/\/www.revuemusicale.ch\/en\/allgemein\/2020\/08\/marche-militaire-yorckscher\/","og_site_name":"Revue Musicale Suisse","article_publisher":"https:\/\/www.facebook.com\/SchweizerMusikzeitung\/","article_published_time":"2020-08-27T22:00:00+00:00","article_modified_time":"2023-01-20T13:46:52+00:00","og_image":[{"width":554,"height":291,"url":"https:\/\/www.revuemusicale.ch\/wp-content\/uploads\/2023\/01\/Revers-Schulter-links.jpg","type":"image\/jpeg"}],"author":"Musikzeitung-Redaktion","twitter_card":"summary_large_image","twitter_creator":"@smusikzeitung","twitter_site":"@smusikzeitung","twitter_misc":{"Written by":"Musikzeitung-Redaktion","Est. reading time":"3 minutes"},"schema":{"@context":"https:\/\/schema.org","@graph":[{"@type":"Article","@id":"https:\/\/www.revuemusicale.ch\/allgemein\/2020\/08\/marche-militaire-yorckscher#article","isPartOf":{"@id":"https:\/\/www.revuemusicale.ch\/allgemein\/2020\/08\/marche-militaire-yorckscher"},"author":{"name":"Musikzeitung-Redaktion","@id":"https:\/\/www.revuemusicale.ch\/#\/schema\/person\/b2fd892c800856270b9dcc6001265712"},"headline":"Marche militaire \u00ab\u00a0Yorckscher \u00bb","datePublished":"2020-08-27T22:00:00+00:00","dateModified":"2023-01-20T13:46:52+00:00","mainEntityOfPage":{"@id":"https:\/\/www.revuemusicale.ch\/allgemein\/2020\/08\/marche-militaire-yorckscher"},"wordCount":573,"commentCount":0,"publisher":{"@id":"https:\/\/www.revuemusicale.ch\/#organization"},"image":{"@id":"https:\/\/www.revuemusicale.ch\/allgemein\/2020\/08\/marche-militaire-yorckscher#primaryimage"},"thumbnailUrl":"https:\/\/www.revuemusicale.ch\/wp-content\/uploads\/2023\/01\/Revers-Schulter-links.jpg","articleSection":["Dossiers","Personnes"],"inLanguage":"en-US"},{"@type":"WebPage","@id":"https:\/\/www.revuemusicale.ch\/allgemein\/2020\/08\/marche-militaire-yorckscher","url":"https:\/\/www.revuemusicale.ch\/allgemein\/2020\/08\/marche-militaire-yorckscher","name":"Yorckscher\" military march - Swiss Musical Review","isPartOf":{"@id":"https:\/\/www.revuemusicale.ch\/#website"},"primaryImageOfPage":{"@id":"https:\/\/www.revuemusicale.ch\/allgemein\/2020\/08\/marche-militaire-yorckscher#primaryimage"},"image":{"@id":"https:\/\/www.revuemusicale.ch\/allgemein\/2020\/08\/marche-militaire-yorckscher#primaryimage"},"thumbnailUrl":"https:\/\/www.revuemusicale.ch\/wp-content\/uploads\/2023\/01\/Revers-Schulter-links.jpg","datePublished":"2020-08-27T22:00:00+00:00","dateModified":"2023-01-20T13:46:52+00:00","breadcrumb":{"@id":"https:\/\/www.revuemusicale.ch\/allgemein\/2020\/08\/marche-militaire-yorckscher#breadcrumb"},"inLanguage":"en-US","potentialAction":[{"@type":"ReadAction","target":["https:\/\/www.revuemusicale.ch\/allgemein\/2020\/08\/marche-militaire-yorckscher"]}]},{"@type":"ImageObject","inLanguage":"en-US","@id":"https:\/\/www.revuemusicale.ch\/allgemein\/2020\/08\/marche-militaire-yorckscher#primaryimage","url":"https:\/\/www.revuemusicale.ch\/wp-content\/uploads\/2023\/01\/Revers-Schulter-links.jpg","contentUrl":"https:\/\/www.revuemusicale.ch\/wp-content\/uploads\/2023\/01\/Revers-Schulter-links.jpg","width":554,"height":291},{"@type":"BreadcrumbList","@id":"https:\/\/www.revuemusicale.ch\/allgemein\/2020\/08\/marche-militaire-yorckscher#breadcrumb","itemListElement":[{"@type":"ListItem","position":1,"name":"Home","item":"https:\/\/www.revuemusicale.ch\/"},{"@type":"ListItem","position":2,"name":"Marche militaire \u00ab\u00a0Yorckscher \u00bb"}]},{"@type":"WebSite","@id":"https:\/\/www.revuemusicale.ch\/#website","url":"https:\/\/www.revuemusicale.ch\/","name":"Swiss Music Review","description":"","publisher":{"@id":"https:\/\/www.revuemusicale.ch\/#organization"},"potentialAction":[{"@type":"SearchAction","target":{"@type":"EntryPoint","urlTemplate":"https:\/\/www.revuemusicale.ch\/?s={search_term_string}"},"query-input":{"@type":"PropertyValueSpecification","valueRequired":true,"valueName":"search_term_string"}}],"inLanguage":"en-US"},{"@type":"Organization","@id":"https:\/\/www.revuemusicale.ch\/#organization","name":"Swiss Music Review","url":"https:\/\/www.revuemusicale.ch\/","logo":{"@type":"ImageObject","inLanguage":"en-US","@id":"https:\/\/www.revuemusicale.ch\/#\/schema\/logo\/image\/","url":"https:\/\/www.revuemusicale.ch\/wp-content\/uploads\/2023\/01\/logo_revuemusicale_musikzeitung.jpg","contentUrl":"https:\/\/www.revuemusicale.ch\/wp-content\/uploads\/2023\/01\/logo_revuemusicale_musikzeitung.jpg","width":1200,"height":243,"caption":"Revue Musicale Suisse"},"image":{"@id":"https:\/\/www.revuemusicale.ch\/#\/schema\/logo\/image\/"},"sameAs":["https:\/\/www.facebook.com\/SchweizerMusikzeitung\/","https:\/\/x.com\/smusikzeitung","https:\/\/www.instagram.com\/musikzeitung.ch\/?hl=de"]},{"@type":"Person","@id":"https:\/\/www.revuemusicale.ch\/#\/schema\/person\/b2fd892c800856270b9dcc6001265712","name":"Musikzeitung-Redaktion","image":{"@type":"ImageObject","inLanguage":"en-US","@id":"https:\/\/secure.gravatar.com\/avatar\/0c7e6a405862e402eb76a70f8a26fc732d07c32931e9fae9ab1582911d2e8a3b?s=96&d=mm&r=g","url":"https:\/\/secure.gravatar.com\/avatar\/0c7e6a405862e402eb76a70f8a26fc732d07c32931e9fae9ab1582911d2e8a3b?s=96&d=mm&r=g","contentUrl":"https:\/\/secure.gravatar.com\/avatar\/0c7e6a405862e402eb76a70f8a26fc732d07c32931e9fae9ab1582911d2e8a3b?s=96&d=mm&r=g","caption":"Musikzeitung-Redaktion"},"sameAs":["http:\/\/wundo-docker.io"],"url":"https:\/\/www.revuemusicale.ch\/en\/author\/admin"}]}},"publishpress_future_action":{"enabled":false,"date":"1970-01-01 01:00:00","action":"change-status","newStatus":"draft","terms":[],"taxonomy":"category","extraData":[]},"publishpress_future_workflow_manual_trigger":{"enabledWorkflows":[]},"_links":{"self":[{"href":"https:\/\/www.revuemusicale.ch\/en\/wp-json\/wp\/v2\/posts\/29270","targetHints":{"allow":["GET"]}}],"collection":[{"href":"https:\/\/www.revuemusicale.ch\/en\/wp-json\/wp\/v2\/posts"}],"about":[{"href":"https:\/\/www.revuemusicale.ch\/en\/wp-json\/wp\/v2\/types\/post"}],"author":[{"embeddable":true,"href":"https:\/\/www.revuemusicale.ch\/en\/wp-json\/wp\/v2\/users\/1"}],"replies":[{"embeddable":true,"href":"https:\/\/www.revuemusicale.ch\/en\/wp-json\/wp\/v2\/comments?post=29270"}],"version-history":[{"count":1,"href":"https:\/\/www.revuemusicale.ch\/en\/wp-json\/wp\/v2\/posts\/29270\/revisions"}],"predecessor-version":[{"id":29272,"href":"https:\/\/www.revuemusicale.ch\/en\/wp-json\/wp\/v2\/posts\/29270\/revisions\/29272"}],"wp:featuredmedia":[{"embeddable":true,"href":"https:\/\/www.revuemusicale.ch\/en\/wp-json\/wp\/v2\/media\/29271"}],"wp:attachment":[{"href":"https:\/\/www.revuemusicale.ch\/en\/wp-json\/wp\/v2\/media?parent=29270"}],"wp:term":[{"taxonomy":"category","embeddable":true,"href":"https:\/\/www.revuemusicale.ch\/en\/wp-json\/wp\/v2\/categories?post=29270"},{"taxonomy":"post_tag","embeddable":true,"href":"https:\/\/www.revuemusicale.ch\/en\/wp-json\/wp\/v2\/tags?post=29270"}],"curies":[{"name":"wp","href":"https:\/\/api.w.org\/{rel}","templated":true}]}}