{"id":29288,"date":"2020-10-09T00:00:00","date_gmt":"2020-10-08T22:00:00","guid":{"rendered":"https:\/\/www.revuemusicale.ch\/allgemein\/2020\/10\/duo-pour-deux-lorgnons-obliges"},"modified":"2023-01-20T14:46:54","modified_gmt":"2023-01-20T13:46:54","slug":"duo-pour-deux-lorgnons-obliges","status":"publish","type":"post","link":"https:\/\/www.revuemusicale.ch\/en\/dossiers\/2020\/10\/duo-pour-deux-lorgnons-obliges","title":{"rendered":"Duo for two obligatory eyeglasses"},"content":{"rendered":"<figure style=\"width: 1200px\" class=\"wp-caption alignnone\"><img decoding=\"async\" class=\"size-full\" src=\"https:\/\/www.revuemusicale.ch\/wp-content\/uploads\/2023\/01\/Revers-obere-Troddel.jpg\" alt=\"\" \/><figcaption class=\"wp-caption-text\">Extract from a portrait of Beethoven by Joseph Karl Stieler, ca. 1820<\/figcaption><\/figure>\n<div class='text-section'>\n<p>There's such a thing as music for the eyes, and there's such a thing as bass-glasses, as the abbreviations of repeated notes are called in German (Brillenbass). Beethoven had little to do with either of these musical phenomena (Renaissance and Pre-Classical), and yet, in the catalog of his works, we find a work written \"for two obligatory lorgnets\". The eyes and glasses are not, of course, meant to play in counterpoint with the viola and cello: this subtitle refers to the two musicians for whom Beethoven wrote the duet. By the way, we're not talking here about the spyglasses we used to hold in front of our eyes while reading (spyglass on the left, book on the right), but rather more elaborate glasses, fitted with temples or at least a \"nose clip\", so as to be able to play freely (we then apply as usual the rule of viola on the left and bow on the right - and anyway: glasses on the nose).<\/p>\n<p>We don't know for which bespectacled musicians Beethoven wrote his duet. It has been speculated that they might have been himself (on viola) and his friend Nikolaus Zmeskall (1759-1833, civil servant and composer). This hypothesis is based on a letter written around the time of the work's premiere (during the early years of Viennese music), but cannot be verified with certainty, as the passage \"tr\u00e8s cher Baron Dreckfahrer je vous suis bien oblig\u00e9 pour votre faiblesse de vos yeux\" (in French in the text) remains too vague.<\/p>\n<p>The question also arises as to whether the work is complete. In the \"Kafka-Skizzenbuch\", a collection of completely disorganized sketches, we find only a long, complete first movement, a minuet, and just 23 bars of a (second?) slow movement. And even where Beethoven copied the entire score, large sections of articulation and dynamics are missing. Perhaps there was once a complete version that has been lost over the years, or that has slept in a family safe for generations. In this case, it's a matter of taking a magnifying glass and observing carefully.<\/p>\n<p>Manuscript <a href='http:\/\/www.bl.uk\/manuscripts\/Viewer.aspx?ref=add_ms_29801_f135r' target='_blank' rel=\"noopener\">page 135 recto<\/a> \/ <a href='http:\/\/www.bl.uk\/manuscripts\/Viewer.aspx?ref=add_ms_29801_f137v' target='_blank' rel=\"noopener\">page 137 back<\/a> \/ <a href='http:\/\/www.bl.uk\/manuscripts\/Viewer.aspx?ref=add_ms_29801_f119r' target='_blank' rel=\"noopener\">page 119 recto<\/a><\/p>\n<\/p><\/div>\n<div>\n<hr>\n<\/div>\n<div>\n<blockquote class='text-section'>\n<h4>Aufnahme auf idagio<\/h4>\n<p><iframe src='https:\/\/app.idagio.com\/player?playlist_id=aba8365e-15f5-4586-9fcf-c222cf3d1ff8' allowfullscreen='allowfullscreen' width='500' height='400' frameborder='0'><\/iframe><\/p>\n<\/blockquote><\/div>\n<div>\n<hr>\n<\/div>\n<div>\n<h3 class=''><span>Keeping in touch<\/span><\/h3>\n<\/p><\/div>\n<div class='text-section'>\n<p>A weekly newsletter reveals the latest column on line. You can subscribe by entering your e-mail address below, or by subscribing to our RSS feed.<\/p>\n<\/p><\/div>\n<div class='text-section'>\n<div>\n<form class='js-cm-form' id='subForm' action='https:\/\/www.createsend.com\/t\/subscribeerror?description=' method='post' data-id='2BE4EF332AA2E32596E38B640E9056195C8888A8A23FD435BFB231E3012E1A71B68DA21970BF006750C89679CDF0BA5DC06285F34917F5B2B1B67E660081075D'>\n<fieldset style='border-top:0;'>\n<div class='control-group'><label for='fieldEmail'><span>E-Mail <dfn title='required'>*<\/dfn><\/span><\/label><input autocomplete='Email' aria-label='E-Mail' class='js-cm-email-input' id='fieldEmail' maxlength='200' name='cm-giydtu-giydtu' placeholder='E-Mail' required='' type='email' data-kpxc-id='fieldEmail'><select style='display:none;' aria-label='language' id='fieldyuaqu' name='cm-fo-yuaqu' required='' value=''><option disabled='' selected='' value=''>Select...<\/option><option value='2605472'>from<\/option><option value='2605473' selected='selected'>en<\/option><\/select><\/div>\n<p> <button type='submit'>register<\/button><\/fieldset>\n<\/p><\/form>\n<\/p><\/div>\n<p> <script type='text\/javascript' src='https:\/\/js.createsend1.com\/javascript\/copypastesubscribeformlogic.js'><\/script> <\/div>\n<div class='rss left'> <em> <a href='\/en\/contentFeeds\/content\/news\/fr\/dossiers\/personnes\/2020\/52xbeethoven\/' target='_blank' rel=\"noopener\">RSS-Feed<\/a> <\/em> <\/div>\n<div>\n<hr>\n<\/div>\n<div>\n<h3 class=''><span>Get involved!<\/span><\/h3>\n<\/p><\/div>\n<div class='text-section'>\n<p><a href='\/fr\/dossiers\/personnes\/2020\/52xbeethoven.html'><strong>Link to the main page of the \"52 x Beethoven\" project<\/strong><\/a><\/p>\n<\/p><\/div>","protected":false},"excerpt":{"rendered":"<p><strong>Every Friday, Beethoven is here. To mark the 250th anniversary of Beethoven's birth, each week the Swiss Music Review takes a look at a different work from his catalog. Today for the Duo for viola and cello in E flat major.<\/strong><\/p>","protected":false},"author":1,"featured_media":29289,"comment_status":"open","ping_status":"open","sticky":false,"template":"","format":"standard","meta":{"_acf_changed":false,"_relevanssi_hide_post":"","_relevanssi_hide_content":"","_relevanssi_pin_for_all":"","_relevanssi_pin_keywords":"","_relevanssi_unpin_keywords":"","_relevanssi_related_keywords":"","_relevanssi_related_include_ids":"","_relevanssi_related_exclude_ids":"","_relevanssi_related_no_append":"","_relevanssi_related_not_related":"","_relevanssi_related_posts":"","_relevanssi_noindex_reason":"","pgc_sgb_lightbox_settings":"","footnotes":""},"categories":[1638,1639],"tags":[],"class_list":["post-29288","post","type-post","status-publish","format-standard","has-post-thumbnail","hentry","category-dossiers","category-personnes"],"acf":[],"yoast_head":"<!-- This site is optimized with the Yoast SEO plugin v27.3 - https:\/\/yoast.com\/product\/yoast-seo-wordpress\/ -->\n<title>Duo pour deux lorgnons oblig\u00e9s - Revue Musicale Suisse<\/title>\n<meta name=\"robots\" content=\"index, follow, max-snippet:-1, max-image-preview:large, max-video-preview:-1\" \/>\n<link rel=\"canonical\" href=\"https:\/\/www.revuemusicale.ch\/en\/allgemein\/2020\/10\/duo-pour-deux-lorgnons-obliges\/\" \/>\n<meta property=\"og:locale\" content=\"en_US\" \/>\n<meta property=\"og:type\" content=\"article\" \/>\n<meta property=\"og:title\" content=\"Duo pour deux lorgnons oblig\u00e9s - Revue Musicale Suisse\" \/>\n<meta property=\"og:description\" content=\"Chacque vendredi, Beethoven est ici. Pour le 250e anniversaire de la naissance de Beethoven, la Revue Musicale Suisse jettera chaque semaine un \u0153il sur une \u0153uvre diff\u00e9rente de son catalogue. Aujourd&#039;hui pour le Duo pour alto et violoncelle en mi b\u00e9mol majeur.\" \/>\n<meta property=\"og:url\" content=\"https:\/\/www.revuemusicale.ch\/en\/allgemein\/2020\/10\/duo-pour-deux-lorgnons-obliges\/\" \/>\n<meta property=\"og:site_name\" content=\"Revue Musicale Suisse\" \/>\n<meta property=\"article:publisher\" content=\"https:\/\/www.facebook.com\/SchweizerMusikzeitung\/\" \/>\n<meta property=\"article:published_time\" content=\"2020-10-08T22:00:00+00:00\" \/>\n<meta property=\"article:modified_time\" content=\"2023-01-20T13:46:54+00:00\" \/>\n<meta property=\"og:image\" content=\"https:\/\/www.revuemusicale.ch\/wp-content\/uploads\/2023\/01\/Revers-obere-Troddel.jpg\" \/>\n\t<meta property=\"og:image:width\" content=\"554\" \/>\n\t<meta property=\"og:image:height\" content=\"291\" \/>\n\t<meta property=\"og:image:type\" content=\"image\/jpeg\" \/>\n<meta name=\"author\" content=\"Musikzeitung-Redaktion\" \/>\n<meta name=\"twitter:card\" content=\"summary_large_image\" \/>\n<meta name=\"twitter:creator\" content=\"@smusikzeitung\" \/>\n<meta name=\"twitter:site\" content=\"@smusikzeitung\" \/>\n<meta name=\"twitter:label1\" content=\"Written by\" \/>\n\t<meta name=\"twitter:data1\" content=\"Musikzeitung-Redaktion\" \/>\n\t<meta name=\"twitter:label2\" content=\"Est. reading time\" \/>\n\t<meta name=\"twitter:data2\" content=\"2 minutes\" \/>\n<script type=\"application\/ld+json\" class=\"yoast-schema-graph\">{\"@context\":\"https:\\\/\\\/schema.org\",\"@graph\":[{\"@type\":\"Article\",\"@id\":\"https:\\\/\\\/www.revuemusicale.ch\\\/allgemein\\\/2020\\\/10\\\/duo-pour-deux-lorgnons-obliges#article\",\"isPartOf\":{\"@id\":\"https:\\\/\\\/www.revuemusicale.ch\\\/allgemein\\\/2020\\\/10\\\/duo-pour-deux-lorgnons-obliges\"},\"author\":{\"name\":\"Musikzeitung-Redaktion\",\"@id\":\"https:\\\/\\\/www.revuemusicale.ch\\\/#\\\/schema\\\/person\\\/b2fd892c800856270b9dcc6001265712\"},\"headline\":\"Duo pour deux lorgnons oblig\u00e9s\",\"datePublished\":\"2020-10-08T22:00:00+00:00\",\"dateModified\":\"2023-01-20T13:46:54+00:00\",\"mainEntityOfPage\":{\"@id\":\"https:\\\/\\\/www.revuemusicale.ch\\\/allgemein\\\/2020\\\/10\\\/duo-pour-deux-lorgnons-obliges\"},\"wordCount\":471,\"commentCount\":0,\"publisher\":{\"@id\":\"https:\\\/\\\/www.revuemusicale.ch\\\/#organization\"},\"image\":{\"@id\":\"https:\\\/\\\/www.revuemusicale.ch\\\/allgemein\\\/2020\\\/10\\\/duo-pour-deux-lorgnons-obliges#primaryimage\"},\"thumbnailUrl\":\"https:\\\/\\\/www.revuemusicale.ch\\\/wp-content\\\/uploads\\\/2023\\\/01\\\/Revers-obere-Troddel.jpg\",\"articleSection\":[\"Dossiers\",\"Personnes\"],\"inLanguage\":\"en-US\"},{\"@type\":\"WebPage\",\"@id\":\"https:\\\/\\\/www.revuemusicale.ch\\\/allgemein\\\/2020\\\/10\\\/duo-pour-deux-lorgnons-obliges\",\"url\":\"https:\\\/\\\/www.revuemusicale.ch\\\/allgemein\\\/2020\\\/10\\\/duo-pour-deux-lorgnons-obliges\",\"name\":\"Duo pour deux lorgnons oblig\u00e9s - Revue Musicale Suisse\",\"isPartOf\":{\"@id\":\"https:\\\/\\\/www.revuemusicale.ch\\\/#website\"},\"primaryImageOfPage\":{\"@id\":\"https:\\\/\\\/www.revuemusicale.ch\\\/allgemein\\\/2020\\\/10\\\/duo-pour-deux-lorgnons-obliges#primaryimage\"},\"image\":{\"@id\":\"https:\\\/\\\/www.revuemusicale.ch\\\/allgemein\\\/2020\\\/10\\\/duo-pour-deux-lorgnons-obliges#primaryimage\"},\"thumbnailUrl\":\"https:\\\/\\\/www.revuemusicale.ch\\\/wp-content\\\/uploads\\\/2023\\\/01\\\/Revers-obere-Troddel.jpg\",\"datePublished\":\"2020-10-08T22:00:00+00:00\",\"dateModified\":\"2023-01-20T13:46:54+00:00\",\"breadcrumb\":{\"@id\":\"https:\\\/\\\/www.revuemusicale.ch\\\/allgemein\\\/2020\\\/10\\\/duo-pour-deux-lorgnons-obliges#breadcrumb\"},\"inLanguage\":\"en-US\",\"potentialAction\":[{\"@type\":\"ReadAction\",\"target\":[\"https:\\\/\\\/www.revuemusicale.ch\\\/allgemein\\\/2020\\\/10\\\/duo-pour-deux-lorgnons-obliges\"]}]},{\"@type\":\"ImageObject\",\"inLanguage\":\"en-US\",\"@id\":\"https:\\\/\\\/www.revuemusicale.ch\\\/allgemein\\\/2020\\\/10\\\/duo-pour-deux-lorgnons-obliges#primaryimage\",\"url\":\"https:\\\/\\\/www.revuemusicale.ch\\\/wp-content\\\/uploads\\\/2023\\\/01\\\/Revers-obere-Troddel.jpg\",\"contentUrl\":\"https:\\\/\\\/www.revuemusicale.ch\\\/wp-content\\\/uploads\\\/2023\\\/01\\\/Revers-obere-Troddel.jpg\",\"width\":554,\"height\":291},{\"@type\":\"BreadcrumbList\",\"@id\":\"https:\\\/\\\/www.revuemusicale.ch\\\/allgemein\\\/2020\\\/10\\\/duo-pour-deux-lorgnons-obliges#breadcrumb\",\"itemListElement\":[{\"@type\":\"ListItem\",\"position\":1,\"name\":\"Home\",\"item\":\"https:\\\/\\\/www.revuemusicale.ch\\\/\"},{\"@type\":\"ListItem\",\"position\":2,\"name\":\"Duo pour deux lorgnons oblig\u00e9s\"}]},{\"@type\":\"WebSite\",\"@id\":\"https:\\\/\\\/www.revuemusicale.ch\\\/#website\",\"url\":\"https:\\\/\\\/www.revuemusicale.ch\\\/\",\"name\":\"Revue Musicale Suisse\",\"description\":\"\",\"publisher\":{\"@id\":\"https:\\\/\\\/www.revuemusicale.ch\\\/#organization\"},\"potentialAction\":[{\"@type\":\"SearchAction\",\"target\":{\"@type\":\"EntryPoint\",\"urlTemplate\":\"https:\\\/\\\/www.revuemusicale.ch\\\/?s={search_term_string}\"},\"query-input\":{\"@type\":\"PropertyValueSpecification\",\"valueRequired\":true,\"valueName\":\"search_term_string\"}}],\"inLanguage\":\"en-US\"},{\"@type\":\"Organization\",\"@id\":\"https:\\\/\\\/www.revuemusicale.ch\\\/#organization\",\"name\":\"Revue Musicale Suisse\",\"url\":\"https:\\\/\\\/www.revuemusicale.ch\\\/\",\"logo\":{\"@type\":\"ImageObject\",\"inLanguage\":\"en-US\",\"@id\":\"https:\\\/\\\/www.revuemusicale.ch\\\/#\\\/schema\\\/logo\\\/image\\\/\",\"url\":\"https:\\\/\\\/www.revuemusicale.ch\\\/wp-content\\\/uploads\\\/2023\\\/01\\\/logo_revuemusicale_musikzeitung.jpg\",\"contentUrl\":\"https:\\\/\\\/www.revuemusicale.ch\\\/wp-content\\\/uploads\\\/2023\\\/01\\\/logo_revuemusicale_musikzeitung.jpg\",\"width\":1200,\"height\":243,\"caption\":\"Revue Musicale Suisse\"},\"image\":{\"@id\":\"https:\\\/\\\/www.revuemusicale.ch\\\/#\\\/schema\\\/logo\\\/image\\\/\"},\"sameAs\":[\"https:\\\/\\\/www.facebook.com\\\/SchweizerMusikzeitung\\\/\",\"https:\\\/\\\/x.com\\\/smusikzeitung\",\"https:\\\/\\\/www.instagram.com\\\/musikzeitung.ch\\\/?hl=de\"]},{\"@type\":\"Person\",\"@id\":\"https:\\\/\\\/www.revuemusicale.ch\\\/#\\\/schema\\\/person\\\/b2fd892c800856270b9dcc6001265712\",\"name\":\"Musikzeitung-Redaktion\",\"image\":{\"@type\":\"ImageObject\",\"inLanguage\":\"en-US\",\"@id\":\"https:\\\/\\\/secure.gravatar.com\\\/avatar\\\/0c7e6a405862e402eb76a70f8a26fc732d07c32931e9fae9ab1582911d2e8a3b?s=96&d=mm&r=g\",\"url\":\"https:\\\/\\\/secure.gravatar.com\\\/avatar\\\/0c7e6a405862e402eb76a70f8a26fc732d07c32931e9fae9ab1582911d2e8a3b?s=96&d=mm&r=g\",\"contentUrl\":\"https:\\\/\\\/secure.gravatar.com\\\/avatar\\\/0c7e6a405862e402eb76a70f8a26fc732d07c32931e9fae9ab1582911d2e8a3b?s=96&d=mm&r=g\",\"caption\":\"Musikzeitung-Redaktion\"},\"sameAs\":[\"http:\\\/\\\/wundo-docker.io\"],\"url\":\"https:\\\/\\\/www.revuemusicale.ch\\\/en\\\/author\\\/admin\"}]}<\/script>\n<!-- \/ Yoast SEO plugin. -->","yoast_head_json":{"title":"Duo for two obligatory lorgnets - Swiss Musical Review","robots":{"index":"index","follow":"follow","max-snippet":"max-snippet:-1","max-image-preview":"max-image-preview:large","max-video-preview":"max-video-preview:-1"},"canonical":"https:\/\/www.revuemusicale.ch\/en\/allgemein\/2020\/10\/duo-pour-deux-lorgnons-obliges\/","og_locale":"en_US","og_type":"article","og_title":"Duo pour deux lorgnons oblig\u00e9s - Revue Musicale Suisse","og_description":"Chacque vendredi, Beethoven est ici. Pour le 250e anniversaire de la naissance de Beethoven, la Revue Musicale Suisse jettera chaque semaine un \u0153il sur une \u0153uvre diff\u00e9rente de son catalogue. Aujourd'hui pour le Duo pour alto et violoncelle en mi b\u00e9mol majeur.","og_url":"https:\/\/www.revuemusicale.ch\/en\/allgemein\/2020\/10\/duo-pour-deux-lorgnons-obliges\/","og_site_name":"Revue Musicale Suisse","article_publisher":"https:\/\/www.facebook.com\/SchweizerMusikzeitung\/","article_published_time":"2020-10-08T22:00:00+00:00","article_modified_time":"2023-01-20T13:46:54+00:00","og_image":[{"width":554,"height":291,"url":"https:\/\/www.revuemusicale.ch\/wp-content\/uploads\/2023\/01\/Revers-obere-Troddel.jpg","type":"image\/jpeg"}],"author":"Musikzeitung-Redaktion","twitter_card":"summary_large_image","twitter_creator":"@smusikzeitung","twitter_site":"@smusikzeitung","twitter_misc":{"Written by":"Musikzeitung-Redaktion","Est. reading time":"2 minutes"},"schema":{"@context":"https:\/\/schema.org","@graph":[{"@type":"Article","@id":"https:\/\/www.revuemusicale.ch\/allgemein\/2020\/10\/duo-pour-deux-lorgnons-obliges#article","isPartOf":{"@id":"https:\/\/www.revuemusicale.ch\/allgemein\/2020\/10\/duo-pour-deux-lorgnons-obliges"},"author":{"name":"Musikzeitung-Redaktion","@id":"https:\/\/www.revuemusicale.ch\/#\/schema\/person\/b2fd892c800856270b9dcc6001265712"},"headline":"Duo pour deux lorgnons oblig\u00e9s","datePublished":"2020-10-08T22:00:00+00:00","dateModified":"2023-01-20T13:46:54+00:00","mainEntityOfPage":{"@id":"https:\/\/www.revuemusicale.ch\/allgemein\/2020\/10\/duo-pour-deux-lorgnons-obliges"},"wordCount":471,"commentCount":0,"publisher":{"@id":"https:\/\/www.revuemusicale.ch\/#organization"},"image":{"@id":"https:\/\/www.revuemusicale.ch\/allgemein\/2020\/10\/duo-pour-deux-lorgnons-obliges#primaryimage"},"thumbnailUrl":"https:\/\/www.revuemusicale.ch\/wp-content\/uploads\/2023\/01\/Revers-obere-Troddel.jpg","articleSection":["Dossiers","Personnes"],"inLanguage":"en-US"},{"@type":"WebPage","@id":"https:\/\/www.revuemusicale.ch\/allgemein\/2020\/10\/duo-pour-deux-lorgnons-obliges","url":"https:\/\/www.revuemusicale.ch\/allgemein\/2020\/10\/duo-pour-deux-lorgnons-obliges","name":"Duo for two obligatory lorgnets - Swiss Musical Review","isPartOf":{"@id":"https:\/\/www.revuemusicale.ch\/#website"},"primaryImageOfPage":{"@id":"https:\/\/www.revuemusicale.ch\/allgemein\/2020\/10\/duo-pour-deux-lorgnons-obliges#primaryimage"},"image":{"@id":"https:\/\/www.revuemusicale.ch\/allgemein\/2020\/10\/duo-pour-deux-lorgnons-obliges#primaryimage"},"thumbnailUrl":"https:\/\/www.revuemusicale.ch\/wp-content\/uploads\/2023\/01\/Revers-obere-Troddel.jpg","datePublished":"2020-10-08T22:00:00+00:00","dateModified":"2023-01-20T13:46:54+00:00","breadcrumb":{"@id":"https:\/\/www.revuemusicale.ch\/allgemein\/2020\/10\/duo-pour-deux-lorgnons-obliges#breadcrumb"},"inLanguage":"en-US","potentialAction":[{"@type":"ReadAction","target":["https:\/\/www.revuemusicale.ch\/allgemein\/2020\/10\/duo-pour-deux-lorgnons-obliges"]}]},{"@type":"ImageObject","inLanguage":"en-US","@id":"https:\/\/www.revuemusicale.ch\/allgemein\/2020\/10\/duo-pour-deux-lorgnons-obliges#primaryimage","url":"https:\/\/www.revuemusicale.ch\/wp-content\/uploads\/2023\/01\/Revers-obere-Troddel.jpg","contentUrl":"https:\/\/www.revuemusicale.ch\/wp-content\/uploads\/2023\/01\/Revers-obere-Troddel.jpg","width":554,"height":291},{"@type":"BreadcrumbList","@id":"https:\/\/www.revuemusicale.ch\/allgemein\/2020\/10\/duo-pour-deux-lorgnons-obliges#breadcrumb","itemListElement":[{"@type":"ListItem","position":1,"name":"Home","item":"https:\/\/www.revuemusicale.ch\/"},{"@type":"ListItem","position":2,"name":"Duo pour deux lorgnons oblig\u00e9s"}]},{"@type":"WebSite","@id":"https:\/\/www.revuemusicale.ch\/#website","url":"https:\/\/www.revuemusicale.ch\/","name":"Swiss Music Review","description":"","publisher":{"@id":"https:\/\/www.revuemusicale.ch\/#organization"},"potentialAction":[{"@type":"SearchAction","target":{"@type":"EntryPoint","urlTemplate":"https:\/\/www.revuemusicale.ch\/?s={search_term_string}"},"query-input":{"@type":"PropertyValueSpecification","valueRequired":true,"valueName":"search_term_string"}}],"inLanguage":"en-US"},{"@type":"Organization","@id":"https:\/\/www.revuemusicale.ch\/#organization","name":"Swiss Music Review","url":"https:\/\/www.revuemusicale.ch\/","logo":{"@type":"ImageObject","inLanguage":"en-US","@id":"https:\/\/www.revuemusicale.ch\/#\/schema\/logo\/image\/","url":"https:\/\/www.revuemusicale.ch\/wp-content\/uploads\/2023\/01\/logo_revuemusicale_musikzeitung.jpg","contentUrl":"https:\/\/www.revuemusicale.ch\/wp-content\/uploads\/2023\/01\/logo_revuemusicale_musikzeitung.jpg","width":1200,"height":243,"caption":"Revue Musicale Suisse"},"image":{"@id":"https:\/\/www.revuemusicale.ch\/#\/schema\/logo\/image\/"},"sameAs":["https:\/\/www.facebook.com\/SchweizerMusikzeitung\/","https:\/\/x.com\/smusikzeitung","https:\/\/www.instagram.com\/musikzeitung.ch\/?hl=de"]},{"@type":"Person","@id":"https:\/\/www.revuemusicale.ch\/#\/schema\/person\/b2fd892c800856270b9dcc6001265712","name":"Musikzeitung-Redaktion","image":{"@type":"ImageObject","inLanguage":"en-US","@id":"https:\/\/secure.gravatar.com\/avatar\/0c7e6a405862e402eb76a70f8a26fc732d07c32931e9fae9ab1582911d2e8a3b?s=96&d=mm&r=g","url":"https:\/\/secure.gravatar.com\/avatar\/0c7e6a405862e402eb76a70f8a26fc732d07c32931e9fae9ab1582911d2e8a3b?s=96&d=mm&r=g","contentUrl":"https:\/\/secure.gravatar.com\/avatar\/0c7e6a405862e402eb76a70f8a26fc732d07c32931e9fae9ab1582911d2e8a3b?s=96&d=mm&r=g","caption":"Musikzeitung-Redaktion"},"sameAs":["http:\/\/wundo-docker.io"],"url":"https:\/\/www.revuemusicale.ch\/en\/author\/admin"}]}},"publishpress_future_action":{"enabled":false,"date":"1970-01-01 01:00:00","action":"change-status","newStatus":"draft","terms":[],"taxonomy":"category","extraData":[]},"publishpress_future_workflow_manual_trigger":{"enabledWorkflows":[]},"_links":{"self":[{"href":"https:\/\/www.revuemusicale.ch\/en\/wp-json\/wp\/v2\/posts\/29288","targetHints":{"allow":["GET"]}}],"collection":[{"href":"https:\/\/www.revuemusicale.ch\/en\/wp-json\/wp\/v2\/posts"}],"about":[{"href":"https:\/\/www.revuemusicale.ch\/en\/wp-json\/wp\/v2\/types\/post"}],"author":[{"embeddable":true,"href":"https:\/\/www.revuemusicale.ch\/en\/wp-json\/wp\/v2\/users\/1"}],"replies":[{"embeddable":true,"href":"https:\/\/www.revuemusicale.ch\/en\/wp-json\/wp\/v2\/comments?post=29288"}],"version-history":[{"count":1,"href":"https:\/\/www.revuemusicale.ch\/en\/wp-json\/wp\/v2\/posts\/29288\/revisions"}],"predecessor-version":[{"id":29290,"href":"https:\/\/www.revuemusicale.ch\/en\/wp-json\/wp\/v2\/posts\/29288\/revisions\/29290"}],"wp:featuredmedia":[{"embeddable":true,"href":"https:\/\/www.revuemusicale.ch\/en\/wp-json\/wp\/v2\/media\/29289"}],"wp:attachment":[{"href":"https:\/\/www.revuemusicale.ch\/en\/wp-json\/wp\/v2\/media?parent=29288"}],"wp:term":[{"taxonomy":"category","embeddable":true,"href":"https:\/\/www.revuemusicale.ch\/en\/wp-json\/wp\/v2\/categories?post=29288"},{"taxonomy":"post_tag","embeddable":true,"href":"https:\/\/www.revuemusicale.ch\/en\/wp-json\/wp\/v2\/tags?post=29288"}],"curies":[{"name":"wp","href":"https:\/\/api.w.org\/{rel}","templated":true}]}}