{"id":29318,"date":"2020-12-18T00:00:00","date_gmt":"2020-12-17T23:00:00","guid":{"rendered":"https:\/\/www.revuemusicale.ch\/allgemein\/2020\/12\/menuet-pour-orchestre-gratulationsmenuett"},"modified":"2023-01-20T14:46:58","modified_gmt":"2023-01-20T13:46:58","slug":"menuet-pour-orchestre-gratulationsmenuett","status":"publish","type":"post","link":"https:\/\/www.revuemusicale.ch\/en\/dossiers\/2020\/12\/menuet-pour-orchestre-gratulationsmenuett","title":{"rendered":"Gratulationsmenuett\" minuet for orchestra"},"content":{"rendered":"<figure style=\"width: 1200px\" class=\"wp-caption alignnone\"><img decoding=\"async\" class=\"size-full\" src=\"https:\/\/www.revuemusicale.ch\/wp-content\/uploads\/2023\/01\/Augenbraue-rechts.jpg\" alt=\"\" \/><figcaption class=\"wp-caption-text\">Extrait du portrait de Beethoven par Joseph Karl Stieler, ca. 1820<\/figcaption><\/figure>\n<div class='text-section'>\n<p>Joyeux anniversaire, Ludwig ! Que dirait Beethoven s\u2019il entendait parler de tous les concerts et festivals, congr\u00e8s et conf\u00e9rences organis\u00e9s en son honneur cette ann\u00e9e 2020 ? Il serait probablement surpris que la post\u00e9rit\u00e9 c\u00e9l\u00e8bre en d\u00e9cembre de cette ann\u00e9e son 250e anniversaire \u2013 ou plut\u00f4t, la 250e ann\u00e9e de sa naissance. Car le moment exact o\u00f9 le petit Ludwig a vu le jour reste un myst\u00e8re. Seule certitude : l\u2019inscription dans le registre des bapt\u00eames de l\u2019\u00e9glise Saint-R\u00e9mi \u00e0 Bonn le 17 d\u00e9cembre 1770. Il est tr\u00e8s probable qu\u2019il soit n\u00e9 la veille, le 16 d\u00e9cembre ; en raison du taux \u00e9lev\u00e9 de mortalit\u00e9 infantile \u00e0 cette \u00e9poque, la plupart des enfants \u00e9taient baptis\u00e9s le lendemain. Beethoven lui-m\u00eame consid\u00e9rait probablement le 16 comme son anniversaire, et cette date \u00e9tait \u00e9galement connue dans son entourage. C\u2019est ce qui ressort d\u2019une lettre de Johann Georg Albrechtsberger qui, le 15\u00a0d\u00e9cembre 1795, f\u00e9licite express\u00e9ment Beethoven pour \u00ab votre f\u00eate, demain \u00bb \u2013 il s\u2019agissait bien entendu de son anniversaire.<\/p>\n<p>Ce qui est \u00e9tonnant cependant, c\u2019est que Beethoven a longtemps \u00e9t\u00e9 dans l\u2019incertitude quant \u00e0 son ann\u00e9e de naissance, et donc son \u00e2ge : lors de ses premi\u00e8res apparitions publiques, son p\u00e8re l\u2019avait annonc\u00e9 comme ayant deux ans de moins (\u00ab six ans \u00bb en 1778) \u2013 une indication maintenue les ann\u00e9es suivantes et qui \u00e9tait encore assez courante au 19e\u00a0si\u00e8cle. Apr\u00e8s que Beethoven eut demand\u00e9 une copie du registre des bapt\u00eames \u00e0 Bonn au printemps 1810 (son livret de famille avait \u00e9t\u00e9 perdu), il a m\u00eame corrig\u00e9 \u00ab 1770 \u00bb en \u00ab\u00a01772 \u00bb. L\u2019erreur doit avoir \u00e9t\u00e9 r\u00e9solue par la suite ; quoiqu\u2019il en soit, son \u00e2ge est correctement indiqu\u00e9 dans sa n\u00e9crologie.<\/p>\n<p>Toutefois, Beethoven n\u2019a probablement organis\u00e9 aucune f\u00eate pour son anniversaire : l\u2019importance accord\u00e9e \u00e0 cette journ\u00e9e est venue plus tard, lorsque la f\u00eate du nom eccl\u00e9siastique a \u00e9t\u00e9 remplac\u00e9e par l\u2019anniversaire s\u00e9culier. C\u2019est la raison pour laquelle il n\u2019est pas surprenant de ne trouver qu\u2019une seule \u0153uvre d\u2019anniversaire dans la musique de Beethoven : le menuet WoO 3. Il a \u00e9t\u00e9 jou\u00e9 pour la premi\u00e8re fois le 3 novembre 1822, lors d\u2019une ambitieuse s\u00e9r\u00e9nade en plein air \u00e0 la veille de la f\u00eate de Karl Friedrich Hensler (1759-1825), le directeur du th\u00e9\u00e2tre de Josephstadt. L\u2019\u00e9v\u00e9nement a m\u00eame donn\u00e9 lieu \u00e0 un compte-rendu dans la <em>Wiener allgemeine Theaterzeitung<\/em> \u2013 avec toutefois une mention incorrecte du menuet : \u00ab d\u00e8s que monsieur Hensler est rentr\u00e9 chez lui, l\u2019orchestre entier a commenc\u00e9 \u00e0 jouer sous ses fen\u00eatres la belle ouverture du ma\u00eetre de chapelle Drechsler [\u2026], suivie d\u2019un concerto pour fl\u00fbte tr\u00e8s bien interpr\u00e9t\u00e9, puis d\u2019une tr\u00e8s bonne ouverture du ma\u00eetre de Chapelle Gl\u00e4ser, et enfin d\u2019une splendide symphonie compos\u00e9e tout expr\u00e8s pour cette soir\u00e9e par Ludwig van Beethoven \u00bb. Le concert se termina par une marche et un ch\u0153ur de l\u2019op\u00e9ra <em>Titus<\/em> de Mozart, avec un nouveau texte.<\/p>\n<p>M\u00eame si ce <em>Gratulationsmenuett<\/em>, \u00e9crit d\u2019une main l\u00e9g\u00e8re et imprim\u00e9 pour la premi\u00e8re fois en 1832 sous le titre neutre Allegretto, est aujourd\u2019hui largement m\u00e9connu y compris des connaisseurs, les tournures harmoniques et l\u2019instrumentation r\u00e9v\u00e8lent sans \u00e9quivoque la griffe du ma\u00eetre.<\/p>\n<p> <a href='https:\/\/www.bonn.de\/microsite\/beethoven-rundgang\/standorte-in-bonn\/chronoskop-4-remigiusplatz.php' target='_blank' rel=\"noopener\">Registre des bapt\u00eames de l\u2019\u00e9glise Saint-R\u00e9mi<\/a><\/p>\n<\/p><\/div>\n<div>\n<hr>\n<\/div>\n<div>\n<blockquote class='text-section'>\n<h4>Aufnahme auf idagio<\/h4>\n<p><iframe src='https:\/\/app.idagio.com\/player?playlist_id=39f81bde-0f44-42eb-87b6-fc850b04c9db' allowfullscreen='allowfullscreen' width='500' height='400' frameborder='0'><\/iframe><\/p>\n<\/blockquote><\/div>\n<div>\n<hr>\n<\/div>\n<div>\n<h3 class=''><span>Rester en contact<\/span><\/h3>\n<\/p><\/div>\n<div class='text-section'>\n<p>Une newsletter hebdomadaire l\u00e8ve le voile sur la derni\u00e8re chronique en ligne. Vous pouvez vous y abonner en indiquant votre adresse mail ci-dessous, ou en souscrivant \u00e0 notre flux RSS.<\/p>\n<\/p><\/div>\n<div class='text-section'>\n<div>\n<form class='js-cm-form' id='subForm' action='https:\/\/www.createsend.com\/t\/subscribeerror?description=' method='post' data-id='2BE4EF332AA2E32596E38B640E9056195C8888A8A23FD435BFB231E3012E1A71B68DA21970BF006750C89679CDF0BA5DC06285F34917F5B2B1B67E660081075D'>\n<fieldset style='border-top:0;'>\n<div class='control-group'><label for='fieldEmail'><span>E-Mail <dfn title='required'>*<\/dfn><\/span><\/label><input autocomplete='Email' aria-label='E-Mail' class='js-cm-email-input' id='fieldEmail' maxlength='200' name='cm-giydtu-giydtu' placeholder='E-Mail' required='' type='email' data-kpxc-id='fieldEmail'><select style='display:none;' aria-label='language' id='fieldyuaqu' name='cm-fo-yuaqu' required='' value=''><option disabled='' selected='' value=''>Select&#8230;<\/option><option value='2605472'>de<\/option><option value='2605473' selected='selected'>fr<\/option><\/select><\/div>\n<p> <button type='submit'>s&rsquo;inscrire<\/button><\/fieldset>\n<\/p><\/form>\n<\/p><\/div>\n<p> <script type='text\/javascript' src='https:\/\/js.createsend1.com\/javascript\/copypastesubscribeformlogic.js'><\/script> <\/div>\n<div class='rss left'> <em> <a href='\/contentFeeds\/content\/news\/fr\/dossiers\/personnes\/2020\/52xbeethoven' target='_blank' rel=\"noopener\">RSS-Feed<\/a> <\/em> <\/div>\n<div>\n<hr>\n<\/div>\n<div>\n<h3 class=''><span>Participez \u00e0 ce projet !<\/span><\/h3>\n<\/p><\/div>\n<div class='text-section'>\n<p><a href='\/fr\/dossiers\/personnes\/2020\/52xbeethoven.html'><strong>Lien vers la page principale du projet \u00ab 52 x Beethoven \u00bb<\/strong><\/a><\/p>\n<\/p><\/div>\n","protected":false},"excerpt":{"rendered":"<p><strong>Every Friday, Beethoven is here. To mark the 250th anniversary of Beethoven's birth, each week the Swiss Music Review takes a look at a different work from his catalog. Today, it's the minuet in E flat major for orchestra \"Gratulationsmenuett\".<\/strong><\/p>","protected":false},"author":1,"featured_media":29319,"comment_status":"open","ping_status":"open","sticky":false,"template":"","format":"standard","meta":{"_acf_changed":false,"_relevanssi_hide_post":"","_relevanssi_hide_content":"","_relevanssi_pin_for_all":"","_relevanssi_pin_keywords":"","_relevanssi_unpin_keywords":"","_relevanssi_related_keywords":"","_relevanssi_related_include_ids":"","_relevanssi_related_exclude_ids":"","_relevanssi_related_no_append":"","_relevanssi_related_not_related":"","_relevanssi_related_posts":"","_relevanssi_noindex_reason":"","pgc_sgb_lightbox_settings":"","footnotes":""},"categories":[1638,1639],"tags":[],"class_list":["post-29318","post","type-post","status-publish","format-standard","has-post-thumbnail","hentry","category-dossiers","category-personnes"],"acf":[],"yoast_head":"<!-- This site is optimized with the Yoast SEO plugin v27.3 - https:\/\/yoast.com\/product\/yoast-seo-wordpress\/ -->\n<title>Menuet pour orchestre \u00ab Gratulationsmenuett \u00bb - Revue Musicale Suisse<\/title>\n<meta name=\"robots\" content=\"index, follow, max-snippet:-1, max-image-preview:large, max-video-preview:-1\" \/>\n<link rel=\"canonical\" href=\"https:\/\/www.revuemusicale.ch\/en\/allgemein\/2020\/12\/menuet-pour-orchestre-gratulationsmenuett\/\" \/>\n<meta property=\"og:locale\" content=\"en_US\" \/>\n<meta property=\"og:type\" content=\"article\" \/>\n<meta property=\"og:title\" content=\"Menuet pour orchestre \u00ab Gratulationsmenuett \u00bb - Revue Musicale Suisse\" \/>\n<meta property=\"og:description\" content=\"Chacque vendredi, Beethoven est ici. Pour le 250e anniversaire de la naissance de Beethoven, la Revue Musicale Suisse jettera chaque semaine un \u0153il sur une \u0153uvre diff\u00e9rente de son catalogue. Aujourd&#039;hui pour le menuet en mi b\u00e9mol majeur pour orchestre \u00ab Gratulationsmenuett \u00bb.\" \/>\n<meta property=\"og:url\" content=\"https:\/\/www.revuemusicale.ch\/en\/allgemein\/2020\/12\/menuet-pour-orchestre-gratulationsmenuett\/\" \/>\n<meta property=\"og:site_name\" content=\"Revue Musicale Suisse\" \/>\n<meta property=\"article:publisher\" content=\"https:\/\/www.facebook.com\/SchweizerMusikzeitung\/\" \/>\n<meta property=\"article:published_time\" content=\"2020-12-17T23:00:00+00:00\" \/>\n<meta property=\"article:modified_time\" content=\"2023-01-20T13:46:58+00:00\" \/>\n<meta property=\"og:image\" content=\"https:\/\/www.revuemusicale.ch\/wp-content\/uploads\/2023\/01\/Augenbraue-rechts.jpg\" \/>\n\t<meta property=\"og:image:width\" content=\"554\" \/>\n\t<meta property=\"og:image:height\" content=\"292\" \/>\n\t<meta property=\"og:image:type\" content=\"image\/jpeg\" \/>\n<meta name=\"author\" content=\"Musikzeitung-Redaktion\" \/>\n<meta name=\"twitter:card\" content=\"summary_large_image\" \/>\n<meta name=\"twitter:creator\" content=\"@smusikzeitung\" \/>\n<meta name=\"twitter:site\" content=\"@smusikzeitung\" \/>\n<meta name=\"twitter:label1\" content=\"Written by\" \/>\n\t<meta name=\"twitter:data1\" content=\"Musikzeitung-Redaktion\" \/>\n\t<meta name=\"twitter:label2\" content=\"Est. reading time\" \/>\n\t<meta name=\"twitter:data2\" content=\"3 minutes\" \/>\n<script type=\"application\/ld+json\" class=\"yoast-schema-graph\">{\"@context\":\"https:\\\/\\\/schema.org\",\"@graph\":[{\"@type\":\"Article\",\"@id\":\"https:\\\/\\\/www.revuemusicale.ch\\\/allgemein\\\/2020\\\/12\\\/menuet-pour-orchestre-gratulationsmenuett#article\",\"isPartOf\":{\"@id\":\"https:\\\/\\\/www.revuemusicale.ch\\\/allgemein\\\/2020\\\/12\\\/menuet-pour-orchestre-gratulationsmenuett\"},\"author\":{\"name\":\"Musikzeitung-Redaktion\",\"@id\":\"https:\\\/\\\/www.revuemusicale.ch\\\/#\\\/schema\\\/person\\\/b2fd892c800856270b9dcc6001265712\"},\"headline\":\"Menuet pour orchestre \u00ab Gratulationsmenuett \u00bb\",\"datePublished\":\"2020-12-17T23:00:00+00:00\",\"dateModified\":\"2023-01-20T13:46:58+00:00\",\"mainEntityOfPage\":{\"@id\":\"https:\\\/\\\/www.revuemusicale.ch\\\/allgemein\\\/2020\\\/12\\\/menuet-pour-orchestre-gratulationsmenuett\"},\"wordCount\":655,\"commentCount\":0,\"publisher\":{\"@id\":\"https:\\\/\\\/www.revuemusicale.ch\\\/#organization\"},\"image\":{\"@id\":\"https:\\\/\\\/www.revuemusicale.ch\\\/allgemein\\\/2020\\\/12\\\/menuet-pour-orchestre-gratulationsmenuett#primaryimage\"},\"thumbnailUrl\":\"https:\\\/\\\/www.revuemusicale.ch\\\/wp-content\\\/uploads\\\/2023\\\/01\\\/Augenbraue-rechts.jpg\",\"articleSection\":[\"Dossiers\",\"Personnes\"],\"inLanguage\":\"en-US\"},{\"@type\":\"WebPage\",\"@id\":\"https:\\\/\\\/www.revuemusicale.ch\\\/allgemein\\\/2020\\\/12\\\/menuet-pour-orchestre-gratulationsmenuett\",\"url\":\"https:\\\/\\\/www.revuemusicale.ch\\\/allgemein\\\/2020\\\/12\\\/menuet-pour-orchestre-gratulationsmenuett\",\"name\":\"Menuet pour orchestre \u00ab Gratulationsmenuett \u00bb - Revue Musicale Suisse\",\"isPartOf\":{\"@id\":\"https:\\\/\\\/www.revuemusicale.ch\\\/#website\"},\"primaryImageOfPage\":{\"@id\":\"https:\\\/\\\/www.revuemusicale.ch\\\/allgemein\\\/2020\\\/12\\\/menuet-pour-orchestre-gratulationsmenuett#primaryimage\"},\"image\":{\"@id\":\"https:\\\/\\\/www.revuemusicale.ch\\\/allgemein\\\/2020\\\/12\\\/menuet-pour-orchestre-gratulationsmenuett#primaryimage\"},\"thumbnailUrl\":\"https:\\\/\\\/www.revuemusicale.ch\\\/wp-content\\\/uploads\\\/2023\\\/01\\\/Augenbraue-rechts.jpg\",\"datePublished\":\"2020-12-17T23:00:00+00:00\",\"dateModified\":\"2023-01-20T13:46:58+00:00\",\"breadcrumb\":{\"@id\":\"https:\\\/\\\/www.revuemusicale.ch\\\/allgemein\\\/2020\\\/12\\\/menuet-pour-orchestre-gratulationsmenuett#breadcrumb\"},\"inLanguage\":\"en-US\",\"potentialAction\":[{\"@type\":\"ReadAction\",\"target\":[\"https:\\\/\\\/www.revuemusicale.ch\\\/allgemein\\\/2020\\\/12\\\/menuet-pour-orchestre-gratulationsmenuett\"]}]},{\"@type\":\"ImageObject\",\"inLanguage\":\"en-US\",\"@id\":\"https:\\\/\\\/www.revuemusicale.ch\\\/allgemein\\\/2020\\\/12\\\/menuet-pour-orchestre-gratulationsmenuett#primaryimage\",\"url\":\"https:\\\/\\\/www.revuemusicale.ch\\\/wp-content\\\/uploads\\\/2023\\\/01\\\/Augenbraue-rechts.jpg\",\"contentUrl\":\"https:\\\/\\\/www.revuemusicale.ch\\\/wp-content\\\/uploads\\\/2023\\\/01\\\/Augenbraue-rechts.jpg\",\"width\":554,\"height\":292},{\"@type\":\"BreadcrumbList\",\"@id\":\"https:\\\/\\\/www.revuemusicale.ch\\\/allgemein\\\/2020\\\/12\\\/menuet-pour-orchestre-gratulationsmenuett#breadcrumb\",\"itemListElement\":[{\"@type\":\"ListItem\",\"position\":1,\"name\":\"Home\",\"item\":\"https:\\\/\\\/www.revuemusicale.ch\\\/\"},{\"@type\":\"ListItem\",\"position\":2,\"name\":\"Menuet pour orchestre \u00ab Gratulationsmenuett \u00bb\"}]},{\"@type\":\"WebSite\",\"@id\":\"https:\\\/\\\/www.revuemusicale.ch\\\/#website\",\"url\":\"https:\\\/\\\/www.revuemusicale.ch\\\/\",\"name\":\"Revue Musicale Suisse\",\"description\":\"\",\"publisher\":{\"@id\":\"https:\\\/\\\/www.revuemusicale.ch\\\/#organization\"},\"potentialAction\":[{\"@type\":\"SearchAction\",\"target\":{\"@type\":\"EntryPoint\",\"urlTemplate\":\"https:\\\/\\\/www.revuemusicale.ch\\\/?s={search_term_string}\"},\"query-input\":{\"@type\":\"PropertyValueSpecification\",\"valueRequired\":true,\"valueName\":\"search_term_string\"}}],\"inLanguage\":\"en-US\"},{\"@type\":\"Organization\",\"@id\":\"https:\\\/\\\/www.revuemusicale.ch\\\/#organization\",\"name\":\"Revue Musicale Suisse\",\"url\":\"https:\\\/\\\/www.revuemusicale.ch\\\/\",\"logo\":{\"@type\":\"ImageObject\",\"inLanguage\":\"en-US\",\"@id\":\"https:\\\/\\\/www.revuemusicale.ch\\\/#\\\/schema\\\/logo\\\/image\\\/\",\"url\":\"https:\\\/\\\/www.revuemusicale.ch\\\/wp-content\\\/uploads\\\/2023\\\/01\\\/logo_revuemusicale_musikzeitung.jpg\",\"contentUrl\":\"https:\\\/\\\/www.revuemusicale.ch\\\/wp-content\\\/uploads\\\/2023\\\/01\\\/logo_revuemusicale_musikzeitung.jpg\",\"width\":1200,\"height\":243,\"caption\":\"Revue Musicale Suisse\"},\"image\":{\"@id\":\"https:\\\/\\\/www.revuemusicale.ch\\\/#\\\/schema\\\/logo\\\/image\\\/\"},\"sameAs\":[\"https:\\\/\\\/www.facebook.com\\\/SchweizerMusikzeitung\\\/\",\"https:\\\/\\\/x.com\\\/smusikzeitung\",\"https:\\\/\\\/www.instagram.com\\\/musikzeitung.ch\\\/?hl=de\"]},{\"@type\":\"Person\",\"@id\":\"https:\\\/\\\/www.revuemusicale.ch\\\/#\\\/schema\\\/person\\\/b2fd892c800856270b9dcc6001265712\",\"name\":\"Musikzeitung-Redaktion\",\"image\":{\"@type\":\"ImageObject\",\"inLanguage\":\"en-US\",\"@id\":\"https:\\\/\\\/secure.gravatar.com\\\/avatar\\\/0c7e6a405862e402eb76a70f8a26fc732d07c32931e9fae9ab1582911d2e8a3b?s=96&d=mm&r=g\",\"url\":\"https:\\\/\\\/secure.gravatar.com\\\/avatar\\\/0c7e6a405862e402eb76a70f8a26fc732d07c32931e9fae9ab1582911d2e8a3b?s=96&d=mm&r=g\",\"contentUrl\":\"https:\\\/\\\/secure.gravatar.com\\\/avatar\\\/0c7e6a405862e402eb76a70f8a26fc732d07c32931e9fae9ab1582911d2e8a3b?s=96&d=mm&r=g\",\"caption\":\"Musikzeitung-Redaktion\"},\"sameAs\":[\"http:\\\/\\\/wundo-docker.io\"],\"url\":\"https:\\\/\\\/www.revuemusicale.ch\\\/en\\\/author\\\/admin\"}]}<\/script>\n<!-- \/ Yoast SEO plugin. -->","yoast_head_json":{"title":"Minuet for orchestra \"Gratulationsmenuett\" - Swiss Music Review","robots":{"index":"index","follow":"follow","max-snippet":"max-snippet:-1","max-image-preview":"max-image-preview:large","max-video-preview":"max-video-preview:-1"},"canonical":"https:\/\/www.revuemusicale.ch\/en\/allgemein\/2020\/12\/menuet-pour-orchestre-gratulationsmenuett\/","og_locale":"en_US","og_type":"article","og_title":"Menuet pour orchestre \u00ab Gratulationsmenuett \u00bb - Revue Musicale Suisse","og_description":"Chacque vendredi, Beethoven est ici. Pour le 250e anniversaire de la naissance de Beethoven, la Revue Musicale Suisse jettera chaque semaine un \u0153il sur une \u0153uvre diff\u00e9rente de son catalogue. Aujourd'hui pour le menuet en mi b\u00e9mol majeur pour orchestre \u00ab Gratulationsmenuett \u00bb.","og_url":"https:\/\/www.revuemusicale.ch\/en\/allgemein\/2020\/12\/menuet-pour-orchestre-gratulationsmenuett\/","og_site_name":"Revue Musicale Suisse","article_publisher":"https:\/\/www.facebook.com\/SchweizerMusikzeitung\/","article_published_time":"2020-12-17T23:00:00+00:00","article_modified_time":"2023-01-20T13:46:58+00:00","og_image":[{"width":554,"height":292,"url":"https:\/\/www.revuemusicale.ch\/wp-content\/uploads\/2023\/01\/Augenbraue-rechts.jpg","type":"image\/jpeg"}],"author":"Musikzeitung-Redaktion","twitter_card":"summary_large_image","twitter_creator":"@smusikzeitung","twitter_site":"@smusikzeitung","twitter_misc":{"Written by":"Musikzeitung-Redaktion","Est. reading time":"3 minutes"},"schema":{"@context":"https:\/\/schema.org","@graph":[{"@type":"Article","@id":"https:\/\/www.revuemusicale.ch\/allgemein\/2020\/12\/menuet-pour-orchestre-gratulationsmenuett#article","isPartOf":{"@id":"https:\/\/www.revuemusicale.ch\/allgemein\/2020\/12\/menuet-pour-orchestre-gratulationsmenuett"},"author":{"name":"Musikzeitung-Redaktion","@id":"https:\/\/www.revuemusicale.ch\/#\/schema\/person\/b2fd892c800856270b9dcc6001265712"},"headline":"Menuet pour orchestre \u00ab Gratulationsmenuett \u00bb","datePublished":"2020-12-17T23:00:00+00:00","dateModified":"2023-01-20T13:46:58+00:00","mainEntityOfPage":{"@id":"https:\/\/www.revuemusicale.ch\/allgemein\/2020\/12\/menuet-pour-orchestre-gratulationsmenuett"},"wordCount":655,"commentCount":0,"publisher":{"@id":"https:\/\/www.revuemusicale.ch\/#organization"},"image":{"@id":"https:\/\/www.revuemusicale.ch\/allgemein\/2020\/12\/menuet-pour-orchestre-gratulationsmenuett#primaryimage"},"thumbnailUrl":"https:\/\/www.revuemusicale.ch\/wp-content\/uploads\/2023\/01\/Augenbraue-rechts.jpg","articleSection":["Dossiers","Personnes"],"inLanguage":"en-US"},{"@type":"WebPage","@id":"https:\/\/www.revuemusicale.ch\/allgemein\/2020\/12\/menuet-pour-orchestre-gratulationsmenuett","url":"https:\/\/www.revuemusicale.ch\/allgemein\/2020\/12\/menuet-pour-orchestre-gratulationsmenuett","name":"Minuet for orchestra \"Gratulationsmenuett\" - Swiss Music Review","isPartOf":{"@id":"https:\/\/www.revuemusicale.ch\/#website"},"primaryImageOfPage":{"@id":"https:\/\/www.revuemusicale.ch\/allgemein\/2020\/12\/menuet-pour-orchestre-gratulationsmenuett#primaryimage"},"image":{"@id":"https:\/\/www.revuemusicale.ch\/allgemein\/2020\/12\/menuet-pour-orchestre-gratulationsmenuett#primaryimage"},"thumbnailUrl":"https:\/\/www.revuemusicale.ch\/wp-content\/uploads\/2023\/01\/Augenbraue-rechts.jpg","datePublished":"2020-12-17T23:00:00+00:00","dateModified":"2023-01-20T13:46:58+00:00","breadcrumb":{"@id":"https:\/\/www.revuemusicale.ch\/allgemein\/2020\/12\/menuet-pour-orchestre-gratulationsmenuett#breadcrumb"},"inLanguage":"en-US","potentialAction":[{"@type":"ReadAction","target":["https:\/\/www.revuemusicale.ch\/allgemein\/2020\/12\/menuet-pour-orchestre-gratulationsmenuett"]}]},{"@type":"ImageObject","inLanguage":"en-US","@id":"https:\/\/www.revuemusicale.ch\/allgemein\/2020\/12\/menuet-pour-orchestre-gratulationsmenuett#primaryimage","url":"https:\/\/www.revuemusicale.ch\/wp-content\/uploads\/2023\/01\/Augenbraue-rechts.jpg","contentUrl":"https:\/\/www.revuemusicale.ch\/wp-content\/uploads\/2023\/01\/Augenbraue-rechts.jpg","width":554,"height":292},{"@type":"BreadcrumbList","@id":"https:\/\/www.revuemusicale.ch\/allgemein\/2020\/12\/menuet-pour-orchestre-gratulationsmenuett#breadcrumb","itemListElement":[{"@type":"ListItem","position":1,"name":"Home","item":"https:\/\/www.revuemusicale.ch\/"},{"@type":"ListItem","position":2,"name":"Menuet pour orchestre \u00ab Gratulationsmenuett \u00bb"}]},{"@type":"WebSite","@id":"https:\/\/www.revuemusicale.ch\/#website","url":"https:\/\/www.revuemusicale.ch\/","name":"Swiss Music Review","description":"","publisher":{"@id":"https:\/\/www.revuemusicale.ch\/#organization"},"potentialAction":[{"@type":"SearchAction","target":{"@type":"EntryPoint","urlTemplate":"https:\/\/www.revuemusicale.ch\/?s={search_term_string}"},"query-input":{"@type":"PropertyValueSpecification","valueRequired":true,"valueName":"search_term_string"}}],"inLanguage":"en-US"},{"@type":"Organization","@id":"https:\/\/www.revuemusicale.ch\/#organization","name":"Swiss Music Review","url":"https:\/\/www.revuemusicale.ch\/","logo":{"@type":"ImageObject","inLanguage":"en-US","@id":"https:\/\/www.revuemusicale.ch\/#\/schema\/logo\/image\/","url":"https:\/\/www.revuemusicale.ch\/wp-content\/uploads\/2023\/01\/logo_revuemusicale_musikzeitung.jpg","contentUrl":"https:\/\/www.revuemusicale.ch\/wp-content\/uploads\/2023\/01\/logo_revuemusicale_musikzeitung.jpg","width":1200,"height":243,"caption":"Revue Musicale Suisse"},"image":{"@id":"https:\/\/www.revuemusicale.ch\/#\/schema\/logo\/image\/"},"sameAs":["https:\/\/www.facebook.com\/SchweizerMusikzeitung\/","https:\/\/x.com\/smusikzeitung","https:\/\/www.instagram.com\/musikzeitung.ch\/?hl=de"]},{"@type":"Person","@id":"https:\/\/www.revuemusicale.ch\/#\/schema\/person\/b2fd892c800856270b9dcc6001265712","name":"Musikzeitung-Redaktion","image":{"@type":"ImageObject","inLanguage":"en-US","@id":"https:\/\/secure.gravatar.com\/avatar\/0c7e6a405862e402eb76a70f8a26fc732d07c32931e9fae9ab1582911d2e8a3b?s=96&d=mm&r=g","url":"https:\/\/secure.gravatar.com\/avatar\/0c7e6a405862e402eb76a70f8a26fc732d07c32931e9fae9ab1582911d2e8a3b?s=96&d=mm&r=g","contentUrl":"https:\/\/secure.gravatar.com\/avatar\/0c7e6a405862e402eb76a70f8a26fc732d07c32931e9fae9ab1582911d2e8a3b?s=96&d=mm&r=g","caption":"Musikzeitung-Redaktion"},"sameAs":["http:\/\/wundo-docker.io"],"url":"https:\/\/www.revuemusicale.ch\/en\/author\/admin"}]}},"publishpress_future_action":{"enabled":false,"date":"1970-01-01 01:00:00","action":"change-status","newStatus":"draft","terms":[],"taxonomy":"category","extraData":[]},"publishpress_future_workflow_manual_trigger":{"enabledWorkflows":[]},"_links":{"self":[{"href":"https:\/\/www.revuemusicale.ch\/en\/wp-json\/wp\/v2\/posts\/29318","targetHints":{"allow":["GET"]}}],"collection":[{"href":"https:\/\/www.revuemusicale.ch\/en\/wp-json\/wp\/v2\/posts"}],"about":[{"href":"https:\/\/www.revuemusicale.ch\/en\/wp-json\/wp\/v2\/types\/post"}],"author":[{"embeddable":true,"href":"https:\/\/www.revuemusicale.ch\/en\/wp-json\/wp\/v2\/users\/1"}],"replies":[{"embeddable":true,"href":"https:\/\/www.revuemusicale.ch\/en\/wp-json\/wp\/v2\/comments?post=29318"}],"version-history":[{"count":1,"href":"https:\/\/www.revuemusicale.ch\/en\/wp-json\/wp\/v2\/posts\/29318\/revisions"}],"predecessor-version":[{"id":29320,"href":"https:\/\/www.revuemusicale.ch\/en\/wp-json\/wp\/v2\/posts\/29318\/revisions\/29320"}],"wp:featuredmedia":[{"embeddable":true,"href":"https:\/\/www.revuemusicale.ch\/en\/wp-json\/wp\/v2\/media\/29319"}],"wp:attachment":[{"href":"https:\/\/www.revuemusicale.ch\/en\/wp-json\/wp\/v2\/media?parent=29318"}],"wp:term":[{"taxonomy":"category","embeddable":true,"href":"https:\/\/www.revuemusicale.ch\/en\/wp-json\/wp\/v2\/categories?post=29318"},{"taxonomy":"post_tag","embeddable":true,"href":"https:\/\/www.revuemusicale.ch\/en\/wp-json\/wp\/v2\/tags?post=29318"}],"curies":[{"name":"wp","href":"https:\/\/api.w.org\/{rel}","templated":true}]}}