{"id":29476,"date":"2023-03-21T18:12:30","date_gmt":"2023-03-21T17:12:30","guid":{"rendered":"https:\/\/www.revuemusicale.ch\/?p=29476"},"modified":"2023-03-21T18:12:30","modified_gmt":"2023-03-21T17:12:30","slug":"modele-assurance-perte-dactivite-pour-les-independant-es","status":"publish","type":"post","link":"https:\/\/www.revuemusicale.ch\/en\/basis\/sspm\/2023\/03\/modele-assurance-perte-dactivite-pour-les-independant-es","title":{"rendered":"Business interruption insurance model for the self-employed"},"content":{"rendered":"<p><em>Unlike employees, who are covered by unemployment insurance, freelancers and intermittent workers have no insurance to compensate them financially in the event of a drop in orders or no orders at all. Syndicom, a trade union in the communications and media sector, has developed a model to fill this gap: the APA-I loss-of-business insurance scheme.<\/em><\/p>\n<p><em>Annette Dannecker<\/em><\/p>\n<p>78% of the self-employed and intermittent workers surveyed by syndicom indicated that the current system did not allow them to build up sufficient financial reserves, if at all, to protect themselves against a loss of income. That's why we've developed a loss-of-activity insurance scheme, financed in equal parts by the self-employed person and their principals.<br \/>\nAs music teachers are often partially or wholly self-employed, business interruption insurance is an exciting approach to consider.<br \/>\nIn principle, each mandate - in our case, a music lesson or a semester contract - gives rise to an additional contribution of 4% to the CA, in the same way as the CA for employees. These 4% are paid into an insured person's account. Self-employed workers also pay 4% into an AC-E savings account. They therefore \"own\" two private unemployment insurance accounts, but cannot access them directly. Deposits in the savings account are returned to them when they retire or cease self-employment. This account is used primarily in the event of total or partial absence from office. Only then is the insurance account debited. The aim is to ensure that the absence of a mandate is not just an illusion, as this would be tantamount to deceiving yourself by withdrawing your savings. However, there would be no withdrawal of third-party funds. The insurance account remains in the possession of the insurance company in the event of retirement or cessation of self-employment, in order to maintain employment agencies similar to the ORP and to cover all administrative costs.<br \/>\nIn the event of a total absence of orders, the self-employed person receives 80% of his\/her average salary, so that he\/she can continue to cover current expenses such as workshop rent, instrument maintenance and living expenses, and can concentrate on recruiting new students without any constraints.<br \/>\nBut would our students be prepared to pay 4% more for a lesson, i.e. 104 francs for a lesson that used to cost 100 francs? Would our students bear this extra cost so that their teacher could be covered by social security? Or would teachers often have to pay the full 8% themselves?<br \/>\nThe question arises as to whether insurance should be made compulsory in order to prevent a teacher from being left without cover in the event of a loss of mandate, either because he\/she has not taken out insurance for fear of not being able to afford it, or because he\/she feels that he\/she cannot pass on the extra cost of 4% to his\/her students. For further information on this model, please visit : <a href=\"http:\/\/www.syndicom.ch\/fr\/branches\/communication-visuelle\/apa-ipourlesindependant-e-s\/\">www.syndicom.ch\/fr\/branches\/communication-visuelle\/apa-ipourlesindependant-e-s\/<\/a><br \/>\nThe model was put out to consultation in February, and everyone is invited to have their say.<\/p>\n<p>Please send your suggestions for improvement to Annette Dannecker (<a href=\"mailto:annette.dannecker@smpv.ch\">annette.dannecker@smpv.ch<\/a>), who will collate and forward them to syndicom. It will also be happy to answer questions on the loss-of-activity insurance model. The SSPM will be actively involved in this consultation and will accompany the process, as music teachers have different conditions to media professionals, and it is essential that these are taken into account when the model is finalized.<\/p>\n<p>&nbsp;<\/p>\n<p><img loading=\"lazy\" decoding=\"async\" class=\"alignnone size-full wp-image-29477\" src=\"https:\/\/www.revuemusicale.ch\/wp-content\/uploads\/2023\/03\/Bildschirm_foto-2023-03-21-um-18.03.27.png\" alt=\"\" width=\"1574\" height=\"1180\" srcset=\"https:\/\/www.revuemusicale.ch\/wp-content\/uploads\/2023\/03\/Bildschirm_foto-2023-03-21-um-18.03.27.png 1334w, https:\/\/www.revuemusicale.ch\/wp-content\/uploads\/2023\/03\/Bildschirm_foto-2023-03-21-um-18.03.27-300x225.png 300w, https:\/\/www.revuemusicale.ch\/wp-content\/uploads\/2023\/03\/Bildschirm_foto-2023-03-21-um-18.03.27-1024x768.png 1024w, https:\/\/www.revuemusicale.ch\/wp-content\/uploads\/2023\/03\/Bildschirm_foto-2023-03-21-um-18.03.27-768x576.png 768w, https:\/\/www.revuemusicale.ch\/wp-content\/uploads\/2023\/03\/Bildschirm_foto-2023-03-21-um-18.03.27-1536x1152.png 1536w, https:\/\/www.revuemusicale.ch\/wp-content\/uploads\/2023\/03\/Bildschirm_foto-2023-03-21-um-18.03.27-233x175.png 233w, https:\/\/www.revuemusicale.ch\/wp-content\/uploads\/2023\/03\/Bildschirm_foto-2023-03-21-um-18.03.27-467x350.png 467w, https:\/\/www.revuemusicale.ch\/wp-content\/uploads\/2023\/03\/Bildschirm_foto-2023-03-21-um-18.03.27-1067x800.png 1067w, https:\/\/www.revuemusicale.ch\/wp-content\/uploads\/2023\/03\/Bildschirm_foto-2023-03-21-um-18.03.27-920x690.png 920w, https:\/\/www.revuemusicale.ch\/wp-content\/uploads\/2023\/03\/Bildschirm_foto-2023-03-21-um-18.03.27-1400x1050.png 1400w\" sizes=\"auto, (max-width: 1574px) 100vw, 1574px\" \/><\/p>","protected":false},"excerpt":{"rendered":"<p>Unlike employees, who are covered by unemployment insurance, freelancers and intermittent workers have no insurance to compensate them financially in the event of a drop in orders or no orders at all. Syndicom, a trade union in the communications and media sector, has developed a model to fill this gap: the APA-I loss-of-business insurance scheme.<\/p>","protected":false},"author":21898,"featured_media":29477,"comment_status":"closed","ping_status":"closed","sticky":false,"template":"","format":"standard","meta":{"_acf_changed":false,"_relevanssi_hide_post":"","_relevanssi_hide_content":"","_relevanssi_pin_for_all":"","_relevanssi_pin_keywords":"","_relevanssi_unpin_keywords":"","_relevanssi_related_keywords":"","_relevanssi_related_include_ids":"","_relevanssi_related_exclude_ids":"","_relevanssi_related_no_append":"","_relevanssi_related_not_related":"","_relevanssi_related_posts":"","_relevanssi_noindex_reason":"","pgc_sgb_lightbox_settings":"","footnotes":""},"categories":[51],"tags":[],"class_list":["post-29476","post","type-post","status-publish","format-standard","has-post-thumbnail","hentry","category-sspm"],"acf":[],"yoast_head":"<!-- This site is optimized with the Yoast SEO plugin v27.3 - https:\/\/yoast.com\/product\/yoast-seo-wordpress\/ -->\n<title>Mod\u00e8le assurance perte d\u2019activit\u00e9 pour les ind\u00e9pendant-es - Revue Musicale Suisse<\/title>\n<meta name=\"robots\" content=\"index, follow, max-snippet:-1, max-image-preview:large, max-video-preview:-1\" \/>\n<link rel=\"canonical\" href=\"https:\/\/www.revuemusicale.ch\/en\/basis\/sspm\/2023\/03\/modele-assurance-perte-dactivite-pour-les-independant-es\/\" \/>\n<meta property=\"og:locale\" content=\"en_US\" \/>\n<meta property=\"og:type\" content=\"article\" \/>\n<meta property=\"og:title\" content=\"Mod\u00e8le assurance perte d\u2019activit\u00e9 pour les ind\u00e9pendant-es - Revue Musicale Suisse\" \/>\n<meta property=\"og:description\" content=\"Contrairement aux employ\u00e9-es qui disposent d&#039;une assurance ch\u00f4mage, les ind\u00e9pendant-es et les intermittent-es n&#039;ont pas d&#039;assurance qui les d\u00e9dommage financi\u00e8rement en cas de baisse des commandes ou d&#039;absence totale de commandes. Syndicom, un syndicat du secteur de la communication et des m\u00e9dias, a \u00e9labor\u00e9 un mod\u00e8le destin\u00e9 \u00e0 combler cette lacune : l&#039;assurance perte d&#039;activit\u00e9 APA-I.\" \/>\n<meta property=\"og:url\" content=\"https:\/\/www.revuemusicale.ch\/en\/basis\/sspm\/2023\/03\/modele-assurance-perte-dactivite-pour-les-independant-es\/\" \/>\n<meta property=\"og:site_name\" content=\"Revue Musicale Suisse\" \/>\n<meta property=\"article:publisher\" content=\"https:\/\/www.facebook.com\/SchweizerMusikzeitung\/\" \/>\n<meta property=\"article:published_time\" content=\"2023-03-21T17:12:30+00:00\" \/>\n<meta property=\"og:image\" content=\"https:\/\/www.revuemusicale.ch\/wp-content\/uploads\/2023\/03\/Bildschirm_foto-2023-03-21-um-18.03.27.png\" \/>\n\t<meta property=\"og:image:width\" content=\"1334\" \/>\n\t<meta property=\"og:image:height\" content=\"1000\" \/>\n\t<meta property=\"og:image:type\" content=\"image\/png\" \/>\n<meta name=\"author\" content=\"Marianne W\u00e4lchli\" \/>\n<meta name=\"twitter:card\" content=\"summary_large_image\" \/>\n<meta name=\"twitter:creator\" content=\"@smusikzeitung\" \/>\n<meta name=\"twitter:site\" content=\"@smusikzeitung\" \/>\n<meta name=\"twitter:label1\" content=\"Written by\" \/>\n\t<meta name=\"twitter:data1\" content=\"Marianne W\u00e4lchli\" \/>\n\t<meta name=\"twitter:label2\" content=\"Est. reading time\" \/>\n\t<meta name=\"twitter:data2\" content=\"4 minutes\" \/>\n<script type=\"application\/ld+json\" class=\"yoast-schema-graph\">{\"@context\":\"https:\\\/\\\/schema.org\",\"@graph\":[{\"@type\":\"Article\",\"@id\":\"https:\\\/\\\/www.revuemusicale.ch\\\/basis\\\/sspm\\\/2023\\\/03\\\/modele-assurance-perte-dactivite-pour-les-independant-es#article\",\"isPartOf\":{\"@id\":\"https:\\\/\\\/www.revuemusicale.ch\\\/basis\\\/sspm\\\/2023\\\/03\\\/modele-assurance-perte-dactivite-pour-les-independant-es\"},\"author\":{\"name\":\"Marianne W\u00e4lchli\",\"@id\":\"https:\\\/\\\/www.revuemusicale.ch\\\/#\\\/schema\\\/person\\\/aed9e141f1c6eabca23927825882e9bd\"},\"headline\":\"Mod\u00e8le assurance perte d\u2019activit\u00e9 pour les ind\u00e9pendant-es\",\"datePublished\":\"2023-03-21T17:12:30+00:00\",\"mainEntityOfPage\":{\"@id\":\"https:\\\/\\\/www.revuemusicale.ch\\\/basis\\\/sspm\\\/2023\\\/03\\\/modele-assurance-perte-dactivite-pour-les-independant-es\"},\"wordCount\":667,\"publisher\":{\"@id\":\"https:\\\/\\\/www.revuemusicale.ch\\\/#organization\"},\"image\":{\"@id\":\"https:\\\/\\\/www.revuemusicale.ch\\\/basis\\\/sspm\\\/2023\\\/03\\\/modele-assurance-perte-dactivite-pour-les-independant-es#primaryimage\"},\"thumbnailUrl\":\"https:\\\/\\\/www.revuemusicale.ch\\\/wp-content\\\/uploads\\\/2023\\\/03\\\/Bildschirm_foto-2023-03-21-um-18.03.27.png\",\"articleSection\":[\"SSPM\"],\"inLanguage\":\"en-US\"},{\"@type\":\"WebPage\",\"@id\":\"https:\\\/\\\/www.revuemusicale.ch\\\/basis\\\/sspm\\\/2023\\\/03\\\/modele-assurance-perte-dactivite-pour-les-independant-es\",\"url\":\"https:\\\/\\\/www.revuemusicale.ch\\\/basis\\\/sspm\\\/2023\\\/03\\\/modele-assurance-perte-dactivite-pour-les-independant-es\",\"name\":\"Mod\u00e8le assurance perte d\u2019activit\u00e9 pour les ind\u00e9pendant-es - Revue Musicale Suisse\",\"isPartOf\":{\"@id\":\"https:\\\/\\\/www.revuemusicale.ch\\\/#website\"},\"primaryImageOfPage\":{\"@id\":\"https:\\\/\\\/www.revuemusicale.ch\\\/basis\\\/sspm\\\/2023\\\/03\\\/modele-assurance-perte-dactivite-pour-les-independant-es#primaryimage\"},\"image\":{\"@id\":\"https:\\\/\\\/www.revuemusicale.ch\\\/basis\\\/sspm\\\/2023\\\/03\\\/modele-assurance-perte-dactivite-pour-les-independant-es#primaryimage\"},\"thumbnailUrl\":\"https:\\\/\\\/www.revuemusicale.ch\\\/wp-content\\\/uploads\\\/2023\\\/03\\\/Bildschirm_foto-2023-03-21-um-18.03.27.png\",\"datePublished\":\"2023-03-21T17:12:30+00:00\",\"breadcrumb\":{\"@id\":\"https:\\\/\\\/www.revuemusicale.ch\\\/basis\\\/sspm\\\/2023\\\/03\\\/modele-assurance-perte-dactivite-pour-les-independant-es#breadcrumb\"},\"inLanguage\":\"en-US\",\"potentialAction\":[{\"@type\":\"ReadAction\",\"target\":[\"https:\\\/\\\/www.revuemusicale.ch\\\/basis\\\/sspm\\\/2023\\\/03\\\/modele-assurance-perte-dactivite-pour-les-independant-es\"]}]},{\"@type\":\"ImageObject\",\"inLanguage\":\"en-US\",\"@id\":\"https:\\\/\\\/www.revuemusicale.ch\\\/basis\\\/sspm\\\/2023\\\/03\\\/modele-assurance-perte-dactivite-pour-les-independant-es#primaryimage\",\"url\":\"https:\\\/\\\/www.revuemusicale.ch\\\/wp-content\\\/uploads\\\/2023\\\/03\\\/Bildschirm_foto-2023-03-21-um-18.03.27.png\",\"contentUrl\":\"https:\\\/\\\/www.revuemusicale.ch\\\/wp-content\\\/uploads\\\/2023\\\/03\\\/Bildschirm_foto-2023-03-21-um-18.03.27.png\",\"width\":1334,\"height\":1000},{\"@type\":\"BreadcrumbList\",\"@id\":\"https:\\\/\\\/www.revuemusicale.ch\\\/basis\\\/sspm\\\/2023\\\/03\\\/modele-assurance-perte-dactivite-pour-les-independant-es#breadcrumb\",\"itemListElement\":[{\"@type\":\"ListItem\",\"position\":1,\"name\":\"Home\",\"item\":\"https:\\\/\\\/www.revuemusicale.ch\\\/\"},{\"@type\":\"ListItem\",\"position\":2,\"name\":\"Mod\u00e8le assurance perte d\u2019activit\u00e9 pour les ind\u00e9pendant-es\"}]},{\"@type\":\"WebSite\",\"@id\":\"https:\\\/\\\/www.revuemusicale.ch\\\/#website\",\"url\":\"https:\\\/\\\/www.revuemusicale.ch\\\/\",\"name\":\"Revue Musicale Suisse\",\"description\":\"\",\"publisher\":{\"@id\":\"https:\\\/\\\/www.revuemusicale.ch\\\/#organization\"},\"potentialAction\":[{\"@type\":\"SearchAction\",\"target\":{\"@type\":\"EntryPoint\",\"urlTemplate\":\"https:\\\/\\\/www.revuemusicale.ch\\\/?s={search_term_string}\"},\"query-input\":{\"@type\":\"PropertyValueSpecification\",\"valueRequired\":true,\"valueName\":\"search_term_string\"}}],\"inLanguage\":\"en-US\"},{\"@type\":\"Organization\",\"@id\":\"https:\\\/\\\/www.revuemusicale.ch\\\/#organization\",\"name\":\"Revue Musicale Suisse\",\"url\":\"https:\\\/\\\/www.revuemusicale.ch\\\/\",\"logo\":{\"@type\":\"ImageObject\",\"inLanguage\":\"en-US\",\"@id\":\"https:\\\/\\\/www.revuemusicale.ch\\\/#\\\/schema\\\/logo\\\/image\\\/\",\"url\":\"https:\\\/\\\/www.revuemusicale.ch\\\/wp-content\\\/uploads\\\/2023\\\/01\\\/logo_revuemusicale_musikzeitung.jpg\",\"contentUrl\":\"https:\\\/\\\/www.revuemusicale.ch\\\/wp-content\\\/uploads\\\/2023\\\/01\\\/logo_revuemusicale_musikzeitung.jpg\",\"width\":1200,\"height\":243,\"caption\":\"Revue Musicale Suisse\"},\"image\":{\"@id\":\"https:\\\/\\\/www.revuemusicale.ch\\\/#\\\/schema\\\/logo\\\/image\\\/\"},\"sameAs\":[\"https:\\\/\\\/www.facebook.com\\\/SchweizerMusikzeitung\\\/\",\"https:\\\/\\\/x.com\\\/smusikzeitung\",\"https:\\\/\\\/www.instagram.com\\\/musikzeitung.ch\\\/?hl=de\"]},{\"@type\":\"Person\",\"@id\":\"https:\\\/\\\/www.revuemusicale.ch\\\/#\\\/schema\\\/person\\\/aed9e141f1c6eabca23927825882e9bd\",\"name\":\"Marianne W\u00e4lchli\",\"image\":{\"@type\":\"ImageObject\",\"inLanguage\":\"en-US\",\"@id\":\"https:\\\/\\\/secure.gravatar.com\\\/avatar\\\/38051b42066354b3387944d4858f0db38df9bd42750adce08eb2e6606490c55f?s=96&d=mm&r=g\",\"url\":\"https:\\\/\\\/secure.gravatar.com\\\/avatar\\\/38051b42066354b3387944d4858f0db38df9bd42750adce08eb2e6606490c55f?s=96&d=mm&r=g\",\"contentUrl\":\"https:\\\/\\\/secure.gravatar.com\\\/avatar\\\/38051b42066354b3387944d4858f0db38df9bd42750adce08eb2e6606490c55f?s=96&d=mm&r=g\",\"caption\":\"Marianne W\u00e4lchli\"},\"url\":\"https:\\\/\\\/www.revuemusicale.ch\\\/en\\\/author\\\/marianne-waelchli\"}]}<\/script>\n<!-- \/ Yoast SEO plugin. -->","yoast_head_json":{"title":"Mod\u00e8le assurance perte d\u2019activit\u00e9 pour les ind\u00e9pendant-es - Revue Musicale Suisse","robots":{"index":"index","follow":"follow","max-snippet":"max-snippet:-1","max-image-preview":"max-image-preview:large","max-video-preview":"max-video-preview:-1"},"canonical":"https:\/\/www.revuemusicale.ch\/en\/basis\/sspm\/2023\/03\/modele-assurance-perte-dactivite-pour-les-independant-es\/","og_locale":"en_US","og_type":"article","og_title":"Mod\u00e8le assurance perte d\u2019activit\u00e9 pour les ind\u00e9pendant-es - Revue Musicale Suisse","og_description":"Contrairement aux employ\u00e9-es qui disposent d'une assurance ch\u00f4mage, les ind\u00e9pendant-es et les intermittent-es n'ont pas d'assurance qui les d\u00e9dommage financi\u00e8rement en cas de baisse des commandes ou d'absence totale de commandes. Syndicom, un syndicat du secteur de la communication et des m\u00e9dias, a \u00e9labor\u00e9 un mod\u00e8le destin\u00e9 \u00e0 combler cette lacune : l'assurance perte d'activit\u00e9 APA-I.","og_url":"https:\/\/www.revuemusicale.ch\/en\/basis\/sspm\/2023\/03\/modele-assurance-perte-dactivite-pour-les-independant-es\/","og_site_name":"Revue Musicale Suisse","article_publisher":"https:\/\/www.facebook.com\/SchweizerMusikzeitung\/","article_published_time":"2023-03-21T17:12:30+00:00","og_image":[{"width":1334,"height":1000,"url":"https:\/\/www.revuemusicale.ch\/wp-content\/uploads\/2023\/03\/Bildschirm_foto-2023-03-21-um-18.03.27.png","type":"image\/png"}],"author":"Marianne W\u00e4lchli","twitter_card":"summary_large_image","twitter_creator":"@smusikzeitung","twitter_site":"@smusikzeitung","twitter_misc":{"Written by":"Marianne W\u00e4lchli","Est. reading time":"4 minutes"},"schema":{"@context":"https:\/\/schema.org","@graph":[{"@type":"Article","@id":"https:\/\/www.revuemusicale.ch\/basis\/sspm\/2023\/03\/modele-assurance-perte-dactivite-pour-les-independant-es#article","isPartOf":{"@id":"https:\/\/www.revuemusicale.ch\/basis\/sspm\/2023\/03\/modele-assurance-perte-dactivite-pour-les-independant-es"},"author":{"name":"Marianne W\u00e4lchli","@id":"https:\/\/www.revuemusicale.ch\/#\/schema\/person\/aed9e141f1c6eabca23927825882e9bd"},"headline":"Mod\u00e8le assurance perte d\u2019activit\u00e9 pour les ind\u00e9pendant-es","datePublished":"2023-03-21T17:12:30+00:00","mainEntityOfPage":{"@id":"https:\/\/www.revuemusicale.ch\/basis\/sspm\/2023\/03\/modele-assurance-perte-dactivite-pour-les-independant-es"},"wordCount":667,"publisher":{"@id":"https:\/\/www.revuemusicale.ch\/#organization"},"image":{"@id":"https:\/\/www.revuemusicale.ch\/basis\/sspm\/2023\/03\/modele-assurance-perte-dactivite-pour-les-independant-es#primaryimage"},"thumbnailUrl":"https:\/\/www.revuemusicale.ch\/wp-content\/uploads\/2023\/03\/Bildschirm_foto-2023-03-21-um-18.03.27.png","articleSection":["SSPM"],"inLanguage":"en-US"},{"@type":"WebPage","@id":"https:\/\/www.revuemusicale.ch\/basis\/sspm\/2023\/03\/modele-assurance-perte-dactivite-pour-les-independant-es","url":"https:\/\/www.revuemusicale.ch\/basis\/sspm\/2023\/03\/modele-assurance-perte-dactivite-pour-les-independant-es","name":"Mod\u00e8le assurance perte d\u2019activit\u00e9 pour les ind\u00e9pendant-es - Revue Musicale Suisse","isPartOf":{"@id":"https:\/\/www.revuemusicale.ch\/#website"},"primaryImageOfPage":{"@id":"https:\/\/www.revuemusicale.ch\/basis\/sspm\/2023\/03\/modele-assurance-perte-dactivite-pour-les-independant-es#primaryimage"},"image":{"@id":"https:\/\/www.revuemusicale.ch\/basis\/sspm\/2023\/03\/modele-assurance-perte-dactivite-pour-les-independant-es#primaryimage"},"thumbnailUrl":"https:\/\/www.revuemusicale.ch\/wp-content\/uploads\/2023\/03\/Bildschirm_foto-2023-03-21-um-18.03.27.png","datePublished":"2023-03-21T17:12:30+00:00","breadcrumb":{"@id":"https:\/\/www.revuemusicale.ch\/basis\/sspm\/2023\/03\/modele-assurance-perte-dactivite-pour-les-independant-es#breadcrumb"},"inLanguage":"en-US","potentialAction":[{"@type":"ReadAction","target":["https:\/\/www.revuemusicale.ch\/basis\/sspm\/2023\/03\/modele-assurance-perte-dactivite-pour-les-independant-es"]}]},{"@type":"ImageObject","inLanguage":"en-US","@id":"https:\/\/www.revuemusicale.ch\/basis\/sspm\/2023\/03\/modele-assurance-perte-dactivite-pour-les-independant-es#primaryimage","url":"https:\/\/www.revuemusicale.ch\/wp-content\/uploads\/2023\/03\/Bildschirm_foto-2023-03-21-um-18.03.27.png","contentUrl":"https:\/\/www.revuemusicale.ch\/wp-content\/uploads\/2023\/03\/Bildschirm_foto-2023-03-21-um-18.03.27.png","width":1334,"height":1000},{"@type":"BreadcrumbList","@id":"https:\/\/www.revuemusicale.ch\/basis\/sspm\/2023\/03\/modele-assurance-perte-dactivite-pour-les-independant-es#breadcrumb","itemListElement":[{"@type":"ListItem","position":1,"name":"Home","item":"https:\/\/www.revuemusicale.ch\/"},{"@type":"ListItem","position":2,"name":"Mod\u00e8le assurance perte d\u2019activit\u00e9 pour les ind\u00e9pendant-es"}]},{"@type":"WebSite","@id":"https:\/\/www.revuemusicale.ch\/#website","url":"https:\/\/www.revuemusicale.ch\/","name":"Swiss Music Review","description":"","publisher":{"@id":"https:\/\/www.revuemusicale.ch\/#organization"},"potentialAction":[{"@type":"SearchAction","target":{"@type":"EntryPoint","urlTemplate":"https:\/\/www.revuemusicale.ch\/?s={search_term_string}"},"query-input":{"@type":"PropertyValueSpecification","valueRequired":true,"valueName":"search_term_string"}}],"inLanguage":"en-US"},{"@type":"Organization","@id":"https:\/\/www.revuemusicale.ch\/#organization","name":"Swiss Music Review","url":"https:\/\/www.revuemusicale.ch\/","logo":{"@type":"ImageObject","inLanguage":"en-US","@id":"https:\/\/www.revuemusicale.ch\/#\/schema\/logo\/image\/","url":"https:\/\/www.revuemusicale.ch\/wp-content\/uploads\/2023\/01\/logo_revuemusicale_musikzeitung.jpg","contentUrl":"https:\/\/www.revuemusicale.ch\/wp-content\/uploads\/2023\/01\/logo_revuemusicale_musikzeitung.jpg","width":1200,"height":243,"caption":"Revue Musicale Suisse"},"image":{"@id":"https:\/\/www.revuemusicale.ch\/#\/schema\/logo\/image\/"},"sameAs":["https:\/\/www.facebook.com\/SchweizerMusikzeitung\/","https:\/\/x.com\/smusikzeitung","https:\/\/www.instagram.com\/musikzeitung.ch\/?hl=de"]},{"@type":"Person","@id":"https:\/\/www.revuemusicale.ch\/#\/schema\/person\/aed9e141f1c6eabca23927825882e9bd","name":"Marianne W\u00e4lchli","image":{"@type":"ImageObject","inLanguage":"en-US","@id":"https:\/\/secure.gravatar.com\/avatar\/38051b42066354b3387944d4858f0db38df9bd42750adce08eb2e6606490c55f?s=96&d=mm&r=g","url":"https:\/\/secure.gravatar.com\/avatar\/38051b42066354b3387944d4858f0db38df9bd42750adce08eb2e6606490c55f?s=96&d=mm&r=g","contentUrl":"https:\/\/secure.gravatar.com\/avatar\/38051b42066354b3387944d4858f0db38df9bd42750adce08eb2e6606490c55f?s=96&d=mm&r=g","caption":"Marianne W\u00e4lchli"},"url":"https:\/\/www.revuemusicale.ch\/en\/author\/marianne-waelchli"}]}},"publishpress_future_action":{"enabled":false,"date":"1970-01-01 01:00:00","action":"change-status","newStatus":"draft","terms":[],"taxonomy":"category","extraData":[]},"publishpress_future_workflow_manual_trigger":{"enabledWorkflows":[]},"_links":{"self":[{"href":"https:\/\/www.revuemusicale.ch\/en\/wp-json\/wp\/v2\/posts\/29476","targetHints":{"allow":["GET"]}}],"collection":[{"href":"https:\/\/www.revuemusicale.ch\/en\/wp-json\/wp\/v2\/posts"}],"about":[{"href":"https:\/\/www.revuemusicale.ch\/en\/wp-json\/wp\/v2\/types\/post"}],"author":[{"embeddable":true,"href":"https:\/\/www.revuemusicale.ch\/en\/wp-json\/wp\/v2\/users\/21898"}],"replies":[{"embeddable":true,"href":"https:\/\/www.revuemusicale.ch\/en\/wp-json\/wp\/v2\/comments?post=29476"}],"version-history":[{"count":2,"href":"https:\/\/www.revuemusicale.ch\/en\/wp-json\/wp\/v2\/posts\/29476\/revisions"}],"predecessor-version":[{"id":29479,"href":"https:\/\/www.revuemusicale.ch\/en\/wp-json\/wp\/v2\/posts\/29476\/revisions\/29479"}],"wp:featuredmedia":[{"embeddable":true,"href":"https:\/\/www.revuemusicale.ch\/en\/wp-json\/wp\/v2\/media\/29477"}],"wp:attachment":[{"href":"https:\/\/www.revuemusicale.ch\/en\/wp-json\/wp\/v2\/media?parent=29476"}],"wp:term":[{"taxonomy":"category","embeddable":true,"href":"https:\/\/www.revuemusicale.ch\/en\/wp-json\/wp\/v2\/categories?post=29476"},{"taxonomy":"post_tag","embeddable":true,"href":"https:\/\/www.revuemusicale.ch\/en\/wp-json\/wp\/v2\/tags?post=29476"}],"curies":[{"name":"wp","href":"https:\/\/api.w.org\/{rel}","templated":true}]}}