{"id":29568,"date":"2023-04-24T11:40:19","date_gmt":"2023-04-24T09:40:19","guid":{"rendered":"https:\/\/www.revuemusicale.ch\/?p=29568"},"modified":"2023-04-24T11:40:19","modified_gmt":"2023-04-24T09:40:19","slug":"22-millions-de-minutes-denseignement-de-bienne-a-brienz","status":"publish","type":"post","link":"https:\/\/www.revuemusicale.ch\/en\/basis\/asem\/2023\/04\/22-millions-de-minutes-denseignement-de-bienne-a-brienz","title":{"rendered":"22 million teaching minutes from Biel to Brienz"},"content":{"rendered":"<p class=\"p1\">Bern is Switzerland's second-largest canton, both in terms of area and population. One of its distinguishing features is its bilingualism. \"It's not a problem for us,\" says Hans Peter Hess, who lives in the bilingual town of Nidau, with a smile. The very different educational approaches of the two linguistic regions are sometimes discussed within the canton - and President Nicola von Greyerz sees this as an enrichment.<span class=\"Apple-converted-space\">\u00a0<\/span><\/p>\n<p class=\"p1\">At present, the association is placing particular emphasis on the promotion of talent - the existing strategy has been adapted to the federal framework conditions. Another important topic is collaboration with compulsory schools. \"I'm very concerned that the existence of such collaboration should not depend on certain people,\" explains Nicole von Greyerz. ABEM's aim is to strengthen and institutionalize this collaboration. To this end, a new position for the coordination of \"music schools - compulsory school\" has been created at the beginning of 2023 - Isabelle Lehmann, deputy director of the Biel Music School, has been hired for this purpose. <span class=\"Apple-converted-space\">\u00a0<\/span><\/p>\n<p class=\"p3\"><span class=\"s1\">Another important issue in the Canton of Berne is the financing of musical training. In addition to municipal and cantonal contributions (30%), parents pay an average of CHF 780. Hans Peter Hess believes that music schools are fundamentally too expensive and that a new system is needed. This is why the \"Finance\" working group was recently reactivated. <\/span>As you can see, there's still a lot of work to be done, both for the ABEM Board and the secretariat. However, Hans Peter Hess will be handing over the helm of the secretariat in summer 2023. The long-standing ASEM delegate will be retiring, and he is looking forward to being able to devote himself once again in a very concrete way to the practice of music with a newly-founded group.<\/p>\n<p><img loading=\"lazy\" decoding=\"async\" class=\"alignnone wp-image-29570 size-thumbnail\" src=\"https:\/\/www.revuemusicale.ch\/wp-content\/uploads\/2023\/04\/Bern-ZVG-600x400.webp\" alt=\"\" width=\"600\" height=\"400\" \/><\/p>\n<p><a href=\"http:\/\/www.vbms.ch\">http:\/\/www.vbms.ch<\/a><\/p>","protected":false},"excerpt":{"rendered":"<p>More than a million people live in the canton of Berne - and every year, around half a million lessons are given at the 28 recognized music schools. These are united under the umbrella of the Bernese Association of Music Schools (ABEM), chaired by Nicola von Greyerz. The General Secretary is Hans Peter Hess.<\/p>","protected":false},"author":21891,"featured_media":29569,"comment_status":"closed","ping_status":"closed","sticky":false,"template":"","format":"standard","meta":{"_acf_changed":false,"_relevanssi_hide_post":"","_relevanssi_hide_content":"","_relevanssi_pin_for_all":"","_relevanssi_pin_keywords":"","_relevanssi_unpin_keywords":"","_relevanssi_related_keywords":"","_relevanssi_related_include_ids":"","_relevanssi_related_exclude_ids":"","_relevanssi_related_no_append":"","_relevanssi_related_not_related":"","_relevanssi_related_posts":"","_relevanssi_noindex_reason":"","pgc_sgb_lightbox_settings":"","footnotes":""},"categories":[56],"tags":[],"class_list":["post-29568","post","type-post","status-publish","format-standard","has-post-thumbnail","hentry","category-asem"],"acf":[],"yoast_head":"<!-- This site is optimized with the Yoast SEO plugin v27.3 - https:\/\/yoast.com\/product\/yoast-seo-wordpress\/ -->\n<title>22 millions de minutes d\u2019enseignement de Bienne \u00e0 Brienz - Revue Musicale Suisse<\/title>\n<meta name=\"robots\" content=\"index, follow, max-snippet:-1, max-image-preview:large, max-video-preview:-1\" \/>\n<link rel=\"canonical\" href=\"https:\/\/www.revuemusicale.ch\/en\/basis\/asem\/2023\/04\/22-millions-de-minutes-denseignement-de-bienne-a-brienz\/\" \/>\n<meta property=\"og:locale\" content=\"en_US\" \/>\n<meta property=\"og:type\" content=\"article\" \/>\n<meta property=\"og:title\" content=\"22 millions de minutes d\u2019enseignement de Bienne \u00e0 Brienz - Revue Musicale Suisse\" \/>\n<meta property=\"og:description\" content=\"Plus d\u2019un million de personnes vivent dans le canton de Berne - et chaque ann\u00e9e, environ un demi-million de le\u00e7ons y sont dispens\u00e9es dans les 28 \u00e9coles de musique reconnues. Celles-ci sont r\u00e9unies au sein de l\u2019Association bernoise des \u00e9coles de musique (ABEM), pr\u00e9sid\u00e9e par Nicola von Greyerz. Le secr\u00e9taire g\u00e9n\u00e9ral en est Hans Peter Hess.\" \/>\n<meta property=\"og:url\" content=\"https:\/\/www.revuemusicale.ch\/en\/basis\/asem\/2023\/04\/22-millions-de-minutes-denseignement-de-bienne-a-brienz\/\" \/>\n<meta property=\"og:site_name\" content=\"Revue Musicale Suisse\" \/>\n<meta property=\"article:publisher\" content=\"https:\/\/www.facebook.com\/SchweizerMusikzeitung\/\" \/>\n<meta property=\"article:published_time\" content=\"2023-04-24T09:40:19+00:00\" \/>\n<meta property=\"og:image\" content=\"https:\/\/www.revuemusicale.ch\/wp-content\/uploads\/2023\/04\/Bern.webp\" \/>\n\t<meta property=\"og:image:width\" content=\"852\" \/>\n\t<meta property=\"og:image:height\" content=\"639\" \/>\n\t<meta property=\"og:image:type\" content=\"image\/webp\" \/>\n<meta name=\"author\" content=\"Anicia Kohler\" \/>\n<meta name=\"twitter:card\" content=\"summary_large_image\" \/>\n<meta name=\"twitter:creator\" content=\"@smusikzeitung\" \/>\n<meta name=\"twitter:site\" content=\"@smusikzeitung\" \/>\n<meta name=\"twitter:label1\" content=\"Written by\" \/>\n\t<meta name=\"twitter:data1\" content=\"Anicia Kohler\" \/>\n\t<meta name=\"twitter:label2\" content=\"Est. reading time\" \/>\n\t<meta name=\"twitter:data2\" content=\"2 minutes\" \/>\n<script type=\"application\/ld+json\" class=\"yoast-schema-graph\">{\"@context\":\"https:\\\/\\\/schema.org\",\"@graph\":[{\"@type\":\"Article\",\"@id\":\"https:\\\/\\\/www.revuemusicale.ch\\\/basis\\\/asem\\\/2023\\\/04\\\/22-millions-de-minutes-denseignement-de-bienne-a-brienz#article\",\"isPartOf\":{\"@id\":\"https:\\\/\\\/www.revuemusicale.ch\\\/basis\\\/asem\\\/2023\\\/04\\\/22-millions-de-minutes-denseignement-de-bienne-a-brienz\"},\"author\":{\"name\":\"Anicia Kohler\",\"@id\":\"https:\\\/\\\/www.revuemusicale.ch\\\/#\\\/schema\\\/person\\\/e4ba37136bd24461e8c7874590a4762f\"},\"headline\":\"22 millions de minutes d\u2019enseignement de Bienne \u00e0 Brienz\",\"datePublished\":\"2023-04-24T09:40:19+00:00\",\"mainEntityOfPage\":{\"@id\":\"https:\\\/\\\/www.revuemusicale.ch\\\/basis\\\/asem\\\/2023\\\/04\\\/22-millions-de-minutes-denseignement-de-bienne-a-brienz\"},\"wordCount\":363,\"publisher\":{\"@id\":\"https:\\\/\\\/www.revuemusicale.ch\\\/#organization\"},\"image\":{\"@id\":\"https:\\\/\\\/www.revuemusicale.ch\\\/basis\\\/asem\\\/2023\\\/04\\\/22-millions-de-minutes-denseignement-de-bienne-a-brienz#primaryimage\"},\"thumbnailUrl\":\"https:\\\/\\\/www.revuemusicale.ch\\\/wp-content\\\/uploads\\\/2023\\\/04\\\/Bern.webp\",\"articleSection\":[\"ASEM\"],\"inLanguage\":\"en-US\"},{\"@type\":\"WebPage\",\"@id\":\"https:\\\/\\\/www.revuemusicale.ch\\\/basis\\\/asem\\\/2023\\\/04\\\/22-millions-de-minutes-denseignement-de-bienne-a-brienz\",\"url\":\"https:\\\/\\\/www.revuemusicale.ch\\\/basis\\\/asem\\\/2023\\\/04\\\/22-millions-de-minutes-denseignement-de-bienne-a-brienz\",\"name\":\"22 millions de minutes d\u2019enseignement de Bienne \u00e0 Brienz - Revue Musicale Suisse\",\"isPartOf\":{\"@id\":\"https:\\\/\\\/www.revuemusicale.ch\\\/#website\"},\"primaryImageOfPage\":{\"@id\":\"https:\\\/\\\/www.revuemusicale.ch\\\/basis\\\/asem\\\/2023\\\/04\\\/22-millions-de-minutes-denseignement-de-bienne-a-brienz#primaryimage\"},\"image\":{\"@id\":\"https:\\\/\\\/www.revuemusicale.ch\\\/basis\\\/asem\\\/2023\\\/04\\\/22-millions-de-minutes-denseignement-de-bienne-a-brienz#primaryimage\"},\"thumbnailUrl\":\"https:\\\/\\\/www.revuemusicale.ch\\\/wp-content\\\/uploads\\\/2023\\\/04\\\/Bern.webp\",\"datePublished\":\"2023-04-24T09:40:19+00:00\",\"breadcrumb\":{\"@id\":\"https:\\\/\\\/www.revuemusicale.ch\\\/basis\\\/asem\\\/2023\\\/04\\\/22-millions-de-minutes-denseignement-de-bienne-a-brienz#breadcrumb\"},\"inLanguage\":\"en-US\",\"potentialAction\":[{\"@type\":\"ReadAction\",\"target\":[\"https:\\\/\\\/www.revuemusicale.ch\\\/basis\\\/asem\\\/2023\\\/04\\\/22-millions-de-minutes-denseignement-de-bienne-a-brienz\"]}]},{\"@type\":\"ImageObject\",\"inLanguage\":\"en-US\",\"@id\":\"https:\\\/\\\/www.revuemusicale.ch\\\/basis\\\/asem\\\/2023\\\/04\\\/22-millions-de-minutes-denseignement-de-bienne-a-brienz#primaryimage\",\"url\":\"https:\\\/\\\/www.revuemusicale.ch\\\/wp-content\\\/uploads\\\/2023\\\/04\\\/Bern.webp\",\"contentUrl\":\"https:\\\/\\\/www.revuemusicale.ch\\\/wp-content\\\/uploads\\\/2023\\\/04\\\/Bern.webp\",\"width\":852,\"height\":639},{\"@type\":\"BreadcrumbList\",\"@id\":\"https:\\\/\\\/www.revuemusicale.ch\\\/basis\\\/asem\\\/2023\\\/04\\\/22-millions-de-minutes-denseignement-de-bienne-a-brienz#breadcrumb\",\"itemListElement\":[{\"@type\":\"ListItem\",\"position\":1,\"name\":\"Home\",\"item\":\"https:\\\/\\\/www.revuemusicale.ch\\\/\"},{\"@type\":\"ListItem\",\"position\":2,\"name\":\"22 millions de minutes d\u2019enseignement de Bienne \u00e0 Brienz\"}]},{\"@type\":\"WebSite\",\"@id\":\"https:\\\/\\\/www.revuemusicale.ch\\\/#website\",\"url\":\"https:\\\/\\\/www.revuemusicale.ch\\\/\",\"name\":\"Revue Musicale Suisse\",\"description\":\"\",\"publisher\":{\"@id\":\"https:\\\/\\\/www.revuemusicale.ch\\\/#organization\"},\"potentialAction\":[{\"@type\":\"SearchAction\",\"target\":{\"@type\":\"EntryPoint\",\"urlTemplate\":\"https:\\\/\\\/www.revuemusicale.ch\\\/?s={search_term_string}\"},\"query-input\":{\"@type\":\"PropertyValueSpecification\",\"valueRequired\":true,\"valueName\":\"search_term_string\"}}],\"inLanguage\":\"en-US\"},{\"@type\":\"Organization\",\"@id\":\"https:\\\/\\\/www.revuemusicale.ch\\\/#organization\",\"name\":\"Revue Musicale Suisse\",\"url\":\"https:\\\/\\\/www.revuemusicale.ch\\\/\",\"logo\":{\"@type\":\"ImageObject\",\"inLanguage\":\"en-US\",\"@id\":\"https:\\\/\\\/www.revuemusicale.ch\\\/#\\\/schema\\\/logo\\\/image\\\/\",\"url\":\"https:\\\/\\\/www.revuemusicale.ch\\\/wp-content\\\/uploads\\\/2023\\\/01\\\/logo_revuemusicale_musikzeitung.jpg\",\"contentUrl\":\"https:\\\/\\\/www.revuemusicale.ch\\\/wp-content\\\/uploads\\\/2023\\\/01\\\/logo_revuemusicale_musikzeitung.jpg\",\"width\":1200,\"height\":243,\"caption\":\"Revue Musicale Suisse\"},\"image\":{\"@id\":\"https:\\\/\\\/www.revuemusicale.ch\\\/#\\\/schema\\\/logo\\\/image\\\/\"},\"sameAs\":[\"https:\\\/\\\/www.facebook.com\\\/SchweizerMusikzeitung\\\/\",\"https:\\\/\\\/x.com\\\/smusikzeitung\",\"https:\\\/\\\/www.instagram.com\\\/musikzeitung.ch\\\/?hl=de\"]},{\"@type\":\"Person\",\"@id\":\"https:\\\/\\\/www.revuemusicale.ch\\\/#\\\/schema\\\/person\\\/e4ba37136bd24461e8c7874590a4762f\",\"name\":\"Anicia Kohler\",\"image\":{\"@type\":\"ImageObject\",\"inLanguage\":\"en-US\",\"@id\":\"https:\\\/\\\/secure.gravatar.com\\\/avatar\\\/6ea00b417b00b657b92c811768262d33fd76a3d20dcab3e19ff7f2a1eedf1412?s=96&d=mm&r=g\",\"url\":\"https:\\\/\\\/secure.gravatar.com\\\/avatar\\\/6ea00b417b00b657b92c811768262d33fd76a3d20dcab3e19ff7f2a1eedf1412?s=96&d=mm&r=g\",\"contentUrl\":\"https:\\\/\\\/secure.gravatar.com\\\/avatar\\\/6ea00b417b00b657b92c811768262d33fd76a3d20dcab3e19ff7f2a1eedf1412?s=96&d=mm&r=g\",\"caption\":\"Anicia Kohler\"},\"url\":\"https:\\\/\\\/www.revuemusicale.ch\\\/en\\\/author\\\/anicia-kohler\"}]}<\/script>\n<!-- \/ Yoast SEO plugin. -->","yoast_head_json":{"title":"22 millions de minutes d\u2019enseignement de Bienne \u00e0 Brienz - Revue Musicale Suisse","robots":{"index":"index","follow":"follow","max-snippet":"max-snippet:-1","max-image-preview":"max-image-preview:large","max-video-preview":"max-video-preview:-1"},"canonical":"https:\/\/www.revuemusicale.ch\/en\/basis\/asem\/2023\/04\/22-millions-de-minutes-denseignement-de-bienne-a-brienz\/","og_locale":"en_US","og_type":"article","og_title":"22 millions de minutes d\u2019enseignement de Bienne \u00e0 Brienz - Revue Musicale Suisse","og_description":"Plus d\u2019un million de personnes vivent dans le canton de Berne - et chaque ann\u00e9e, environ un demi-million de le\u00e7ons y sont dispens\u00e9es dans les 28 \u00e9coles de musique reconnues. Celles-ci sont r\u00e9unies au sein de l\u2019Association bernoise des \u00e9coles de musique (ABEM), pr\u00e9sid\u00e9e par Nicola von Greyerz. Le secr\u00e9taire g\u00e9n\u00e9ral en est Hans Peter Hess.","og_url":"https:\/\/www.revuemusicale.ch\/en\/basis\/asem\/2023\/04\/22-millions-de-minutes-denseignement-de-bienne-a-brienz\/","og_site_name":"Revue Musicale Suisse","article_publisher":"https:\/\/www.facebook.com\/SchweizerMusikzeitung\/","article_published_time":"2023-04-24T09:40:19+00:00","og_image":[{"width":852,"height":639,"url":"https:\/\/www.revuemusicale.ch\/wp-content\/uploads\/2023\/04\/Bern.webp","type":"image\/webp"}],"author":"Anicia Kohler","twitter_card":"summary_large_image","twitter_creator":"@smusikzeitung","twitter_site":"@smusikzeitung","twitter_misc":{"Written by":"Anicia Kohler","Est. reading time":"2 minutes"},"schema":{"@context":"https:\/\/schema.org","@graph":[{"@type":"Article","@id":"https:\/\/www.revuemusicale.ch\/basis\/asem\/2023\/04\/22-millions-de-minutes-denseignement-de-bienne-a-brienz#article","isPartOf":{"@id":"https:\/\/www.revuemusicale.ch\/basis\/asem\/2023\/04\/22-millions-de-minutes-denseignement-de-bienne-a-brienz"},"author":{"name":"Anicia Kohler","@id":"https:\/\/www.revuemusicale.ch\/#\/schema\/person\/e4ba37136bd24461e8c7874590a4762f"},"headline":"22 millions de minutes d\u2019enseignement de Bienne \u00e0 Brienz","datePublished":"2023-04-24T09:40:19+00:00","mainEntityOfPage":{"@id":"https:\/\/www.revuemusicale.ch\/basis\/asem\/2023\/04\/22-millions-de-minutes-denseignement-de-bienne-a-brienz"},"wordCount":363,"publisher":{"@id":"https:\/\/www.revuemusicale.ch\/#organization"},"image":{"@id":"https:\/\/www.revuemusicale.ch\/basis\/asem\/2023\/04\/22-millions-de-minutes-denseignement-de-bienne-a-brienz#primaryimage"},"thumbnailUrl":"https:\/\/www.revuemusicale.ch\/wp-content\/uploads\/2023\/04\/Bern.webp","articleSection":["ASEM"],"inLanguage":"en-US"},{"@type":"WebPage","@id":"https:\/\/www.revuemusicale.ch\/basis\/asem\/2023\/04\/22-millions-de-minutes-denseignement-de-bienne-a-brienz","url":"https:\/\/www.revuemusicale.ch\/basis\/asem\/2023\/04\/22-millions-de-minutes-denseignement-de-bienne-a-brienz","name":"22 millions de minutes d\u2019enseignement de Bienne \u00e0 Brienz - Revue Musicale Suisse","isPartOf":{"@id":"https:\/\/www.revuemusicale.ch\/#website"},"primaryImageOfPage":{"@id":"https:\/\/www.revuemusicale.ch\/basis\/asem\/2023\/04\/22-millions-de-minutes-denseignement-de-bienne-a-brienz#primaryimage"},"image":{"@id":"https:\/\/www.revuemusicale.ch\/basis\/asem\/2023\/04\/22-millions-de-minutes-denseignement-de-bienne-a-brienz#primaryimage"},"thumbnailUrl":"https:\/\/www.revuemusicale.ch\/wp-content\/uploads\/2023\/04\/Bern.webp","datePublished":"2023-04-24T09:40:19+00:00","breadcrumb":{"@id":"https:\/\/www.revuemusicale.ch\/basis\/asem\/2023\/04\/22-millions-de-minutes-denseignement-de-bienne-a-brienz#breadcrumb"},"inLanguage":"en-US","potentialAction":[{"@type":"ReadAction","target":["https:\/\/www.revuemusicale.ch\/basis\/asem\/2023\/04\/22-millions-de-minutes-denseignement-de-bienne-a-brienz"]}]},{"@type":"ImageObject","inLanguage":"en-US","@id":"https:\/\/www.revuemusicale.ch\/basis\/asem\/2023\/04\/22-millions-de-minutes-denseignement-de-bienne-a-brienz#primaryimage","url":"https:\/\/www.revuemusicale.ch\/wp-content\/uploads\/2023\/04\/Bern.webp","contentUrl":"https:\/\/www.revuemusicale.ch\/wp-content\/uploads\/2023\/04\/Bern.webp","width":852,"height":639},{"@type":"BreadcrumbList","@id":"https:\/\/www.revuemusicale.ch\/basis\/asem\/2023\/04\/22-millions-de-minutes-denseignement-de-bienne-a-brienz#breadcrumb","itemListElement":[{"@type":"ListItem","position":1,"name":"Home","item":"https:\/\/www.revuemusicale.ch\/"},{"@type":"ListItem","position":2,"name":"22 millions de minutes d\u2019enseignement de Bienne \u00e0 Brienz"}]},{"@type":"WebSite","@id":"https:\/\/www.revuemusicale.ch\/#website","url":"https:\/\/www.revuemusicale.ch\/","name":"Swiss Music Review","description":"","publisher":{"@id":"https:\/\/www.revuemusicale.ch\/#organization"},"potentialAction":[{"@type":"SearchAction","target":{"@type":"EntryPoint","urlTemplate":"https:\/\/www.revuemusicale.ch\/?s={search_term_string}"},"query-input":{"@type":"PropertyValueSpecification","valueRequired":true,"valueName":"search_term_string"}}],"inLanguage":"en-US"},{"@type":"Organization","@id":"https:\/\/www.revuemusicale.ch\/#organization","name":"Swiss Music Review","url":"https:\/\/www.revuemusicale.ch\/","logo":{"@type":"ImageObject","inLanguage":"en-US","@id":"https:\/\/www.revuemusicale.ch\/#\/schema\/logo\/image\/","url":"https:\/\/www.revuemusicale.ch\/wp-content\/uploads\/2023\/01\/logo_revuemusicale_musikzeitung.jpg","contentUrl":"https:\/\/www.revuemusicale.ch\/wp-content\/uploads\/2023\/01\/logo_revuemusicale_musikzeitung.jpg","width":1200,"height":243,"caption":"Revue Musicale Suisse"},"image":{"@id":"https:\/\/www.revuemusicale.ch\/#\/schema\/logo\/image\/"},"sameAs":["https:\/\/www.facebook.com\/SchweizerMusikzeitung\/","https:\/\/x.com\/smusikzeitung","https:\/\/www.instagram.com\/musikzeitung.ch\/?hl=de"]},{"@type":"Person","@id":"https:\/\/www.revuemusicale.ch\/#\/schema\/person\/e4ba37136bd24461e8c7874590a4762f","name":"Anicia Kohler","image":{"@type":"ImageObject","inLanguage":"en-US","@id":"https:\/\/secure.gravatar.com\/avatar\/6ea00b417b00b657b92c811768262d33fd76a3d20dcab3e19ff7f2a1eedf1412?s=96&d=mm&r=g","url":"https:\/\/secure.gravatar.com\/avatar\/6ea00b417b00b657b92c811768262d33fd76a3d20dcab3e19ff7f2a1eedf1412?s=96&d=mm&r=g","contentUrl":"https:\/\/secure.gravatar.com\/avatar\/6ea00b417b00b657b92c811768262d33fd76a3d20dcab3e19ff7f2a1eedf1412?s=96&d=mm&r=g","caption":"Anicia Kohler"},"url":"https:\/\/www.revuemusicale.ch\/en\/author\/anicia-kohler"}]}},"publishpress_future_action":{"enabled":false,"date":"1970-01-01 01:00:00","action":"change-status","newStatus":"draft","terms":[],"taxonomy":"category","extraData":[]},"publishpress_future_workflow_manual_trigger":{"enabledWorkflows":[]},"_links":{"self":[{"href":"https:\/\/www.revuemusicale.ch\/en\/wp-json\/wp\/v2\/posts\/29568","targetHints":{"allow":["GET"]}}],"collection":[{"href":"https:\/\/www.revuemusicale.ch\/en\/wp-json\/wp\/v2\/posts"}],"about":[{"href":"https:\/\/www.revuemusicale.ch\/en\/wp-json\/wp\/v2\/types\/post"}],"author":[{"embeddable":true,"href":"https:\/\/www.revuemusicale.ch\/en\/wp-json\/wp\/v2\/users\/21891"}],"replies":[{"embeddable":true,"href":"https:\/\/www.revuemusicale.ch\/en\/wp-json\/wp\/v2\/comments?post=29568"}],"version-history":[{"count":1,"href":"https:\/\/www.revuemusicale.ch\/en\/wp-json\/wp\/v2\/posts\/29568\/revisions"}],"predecessor-version":[{"id":29571,"href":"https:\/\/www.revuemusicale.ch\/en\/wp-json\/wp\/v2\/posts\/29568\/revisions\/29571"}],"wp:featuredmedia":[{"embeddable":true,"href":"https:\/\/www.revuemusicale.ch\/en\/wp-json\/wp\/v2\/media\/29569"}],"wp:attachment":[{"href":"https:\/\/www.revuemusicale.ch\/en\/wp-json\/wp\/v2\/media?parent=29568"}],"wp:term":[{"taxonomy":"category","embeddable":true,"href":"https:\/\/www.revuemusicale.ch\/en\/wp-json\/wp\/v2\/categories?post=29568"},{"taxonomy":"post_tag","embeddable":true,"href":"https:\/\/www.revuemusicale.ch\/en\/wp-json\/wp\/v2\/tags?post=29568"}],"curies":[{"name":"wp","href":"https:\/\/api.w.org\/{rel}","templated":true}]}}