{"id":29590,"date":"2023-04-25T12:01:32","date_gmt":"2023-04-25T10:01:32","guid":{"rendered":"https:\/\/www.revuemusicale.ch\/?p=29590"},"modified":"2023-04-27T10:49:23","modified_gmt":"2023-04-27T08:49:23","slug":"lensemble-astera-prime-a-copenhague","status":"publish","type":"post","link":"https:\/\/www.revuemusicale.ch\/en\/news\/2023\/04\/lensemble-astera-prime-a-copenhague","title":{"rendered":"Ensemble Astera wins award in Copenhagen"},"content":{"rendered":"<figure id=\"attachment_29594\" aria-describedby=\"caption-attachment-29594\" style=\"width: 3543px\" class=\"wp-caption alignnone\"><img loading=\"lazy\" decoding=\"async\" class=\"wp-image-29594 size-full\" src=\"https:\/\/www.revuemusicale.ch\/wp-content\/uploads\/2023\/04\/Ensemble-Astera-photo-DR-Agnete-Schlichtkrull.jpeg\" alt=\"\" width=\"3543\" height=\"2362\" srcset=\"https:\/\/www.revuemusicale.ch\/wp-content\/uploads\/2023\/04\/Ensemble-Astera-photo-DR-Agnete-Schlichtkrull.jpeg 1400w, https:\/\/www.revuemusicale.ch\/wp-content\/uploads\/2023\/04\/Ensemble-Astera-photo-DR-Agnete-Schlichtkrull-300x200.jpeg 300w, https:\/\/www.revuemusicale.ch\/wp-content\/uploads\/2023\/04\/Ensemble-Astera-photo-DR-Agnete-Schlichtkrull-1024x683.jpeg 1024w, https:\/\/www.revuemusicale.ch\/wp-content\/uploads\/2023\/04\/Ensemble-Astera-photo-DR-Agnete-Schlichtkrull-600x400.jpeg 600w, https:\/\/www.revuemusicale.ch\/wp-content\/uploads\/2023\/04\/Ensemble-Astera-photo-DR-Agnete-Schlichtkrull-768x512.jpeg 768w, https:\/\/www.revuemusicale.ch\/wp-content\/uploads\/2023\/04\/Ensemble-Astera-photo-DR-Agnete-Schlichtkrull-1536x1024.jpeg 1536w, https:\/\/www.revuemusicale.ch\/wp-content\/uploads\/2023\/04\/Ensemble-Astera-photo-DR-Agnete-Schlichtkrull-2048x1365.jpeg 2048w, https:\/\/www.revuemusicale.ch\/wp-content\/uploads\/2023\/04\/Ensemble-Astera-photo-DR-Agnete-Schlichtkrull-263x175.jpeg 263w, https:\/\/www.revuemusicale.ch\/wp-content\/uploads\/2023\/04\/Ensemble-Astera-photo-DR-Agnete-Schlichtkrull-525x350.jpeg 525w, https:\/\/www.revuemusicale.ch\/wp-content\/uploads\/2023\/04\/Ensemble-Astera-photo-DR-Agnete-Schlichtkrull-1200x800.jpeg 1200w, https:\/\/www.revuemusicale.ch\/wp-content\/uploads\/2023\/04\/Ensemble-Astera-photo-DR-Agnete-Schlichtkrull-920x613.jpeg 920w\" sizes=\"auto, (max-width: 3543px) 100vw, 3543px\" \/><figcaption id=\"caption-attachment-29594\" class=\"wp-caption-text\"><a href=\"https:\/\/ensembleastera.webflow.io\" target=\"_blank\" rel=\"noopener\">Ensemble Astera<\/a> at the award ceremony. Photo: Agnete Schlichtkrull<\/figcaption><\/figure>\n<p>The Ensemble is made up of Coline Richard (flute), Yann Thenet (oboe), Gabriel Potier (horn), Moritz Roelcke (clarinet) and Jeremy Bager (bassoon), all former students of the Haute Ecole de Musique de Lausanne. As soon as they finished their studies, they gathered from all over Europe to form this ensemble and share their common passion for chamber music. Their different personal experiences have enriched their cohesion, sound and musical affinity within the wind quintet.<\/p>\n<p>They work with prestigious orchestras such as the Tonhalle Orchester Z\u00fcrich, the Orchestre National de Lille, the Orchestre de Chambre de Lausanne, the Gewandhausorchester Leipzig and the Orchestre de la Suisse Romande.<\/p>\n<p>According to Andreas Sund\u00e9n (jury president and principal clarinet of the Swedish Radio Orchestra), \"The sound of this ensemble is refined and precise. The sound of this ensemble is refined and precise. With a balanced energy, convincing both as a group and individually, this quintet's playing is full of reflection and deep expression for the composer.\"<\/p>\n<p><a href=\"https:\/\/carlnielseninternational.dk\" target=\"_blank\" rel=\"noopener\">The Carl Nielsen Chamber Music Competition<\/a>held every four years, is aimed at young string quartets and wind quintets. After video pre-selection, the competition takes place in three rounds, with ensembles presenting a commissioned work specially composed for the competition, in addition to a wide-ranging repertoire.<\/p>\n<p>&nbsp;<\/p>","protected":false},"excerpt":{"rendered":"<p>Ensemble Astera wins first prize and the special prize for the best performance of a new work at the prestigious Carl Nielsen International Chamber Music Competition. <\/p>","protected":false},"author":1,"featured_media":29594,"comment_status":"closed","ping_status":"closed","sticky":false,"template":"","format":"standard","meta":{"_acf_changed":false,"_relevanssi_hide_post":"","_relevanssi_hide_content":"","_relevanssi_pin_for_all":"","_relevanssi_pin_keywords":"","_relevanssi_unpin_keywords":"","_relevanssi_related_keywords":"","_relevanssi_related_include_ids":"","_relevanssi_related_exclude_ids":"","_relevanssi_related_no_append":"","_relevanssi_related_not_related":"","_relevanssi_related_posts":"","_relevanssi_noindex_reason":"","pgc_sgb_lightbox_settings":"","footnotes":""},"categories":[1603,27],"tags":[1708,1707],"class_list":["post-29590","post","type-post","status-publish","format-standard","has-post-thumbnail","hentry","category-classique","category-news","tag-concours-carl-nielsen","tag-ensemble-astera"],"acf":[],"yoast_head":"<!-- This site is optimized with the Yoast SEO plugin v27.3 - https:\/\/yoast.com\/product\/yoast-seo-wordpress\/ -->\n<title>L\u2019Ensemble Astera prim\u00e9 \u00e0 Copenhague - Revue Musicale Suisse<\/title>\n<meta name=\"robots\" content=\"index, follow, max-snippet:-1, max-image-preview:large, max-video-preview:-1\" \/>\n<link rel=\"canonical\" href=\"https:\/\/www.revuemusicale.ch\/en\/news\/2023\/04\/lensemble-astera-prime-a-copenhague\/\" \/>\n<meta property=\"og:locale\" content=\"en_US\" \/>\n<meta property=\"og:type\" content=\"article\" \/>\n<meta property=\"og:title\" content=\"L\u2019Ensemble Astera prim\u00e9 \u00e0 Copenhague - Revue Musicale Suisse\" \/>\n<meta property=\"og:description\" content=\"L\u2019Ensemble Astera remporte le premier prix ainsi que le prix sp\u00e9cial pour la meilleure interpr\u00e9tation de la cr\u00e9ation lors du prestigieux Concours International de Musique de Chambre Carl Nielsen.\" \/>\n<meta property=\"og:url\" content=\"https:\/\/www.revuemusicale.ch\/en\/news\/2023\/04\/lensemble-astera-prime-a-copenhague\/\" \/>\n<meta property=\"og:site_name\" content=\"Revue Musicale Suisse\" \/>\n<meta property=\"article:publisher\" content=\"https:\/\/www.facebook.com\/SchweizerMusikzeitung\/\" \/>\n<meta property=\"article:published_time\" content=\"2023-04-25T10:01:32+00:00\" \/>\n<meta property=\"article:modified_time\" content=\"2023-04-27T08:49:23+00:00\" \/>\n<meta property=\"og:image\" content=\"https:\/\/www.revuemusicale.ch\/wp-content\/uploads\/2023\/04\/Ensemble-Astera-photo-DR-Agnete-Schlichtkrull.jpeg\" \/>\n\t<meta property=\"og:image:width\" content=\"1400\" \/>\n\t<meta property=\"og:image:height\" content=\"933\" \/>\n\t<meta property=\"og:image:type\" content=\"image\/jpeg\" \/>\n<meta name=\"author\" content=\"Musikzeitung-Redaktion\" \/>\n<meta name=\"twitter:card\" content=\"summary_large_image\" \/>\n<meta name=\"twitter:creator\" content=\"@smusikzeitung\" \/>\n<meta name=\"twitter:site\" content=\"@smusikzeitung\" \/>\n<meta name=\"twitter:label1\" content=\"Written by\" \/>\n\t<meta name=\"twitter:data1\" content=\"Musikzeitung-Redaktion\" \/>\n\t<meta name=\"twitter:label2\" content=\"Est. reading time\" \/>\n\t<meta name=\"twitter:data2\" content=\"1 minute\" \/>\n<script type=\"application\/ld+json\" class=\"yoast-schema-graph\">{\"@context\":\"https:\\\/\\\/schema.org\",\"@graph\":[{\"@type\":\"Article\",\"@id\":\"https:\\\/\\\/www.revuemusicale.ch\\\/news\\\/2023\\\/04\\\/lensemble-astera-prime-a-copenhague#article\",\"isPartOf\":{\"@id\":\"https:\\\/\\\/www.revuemusicale.ch\\\/news\\\/2023\\\/04\\\/lensemble-astera-prime-a-copenhague\"},\"author\":{\"name\":\"Musikzeitung-Redaktion\",\"@id\":\"https:\\\/\\\/www.revuemusicale.ch\\\/#\\\/schema\\\/person\\\/b2fd892c800856270b9dcc6001265712\"},\"headline\":\"L\u2019Ensemble Astera prim\u00e9 \u00e0 Copenhague\",\"datePublished\":\"2023-04-25T10:01:32+00:00\",\"dateModified\":\"2023-04-27T08:49:23+00:00\",\"mainEntityOfPage\":{\"@id\":\"https:\\\/\\\/www.revuemusicale.ch\\\/news\\\/2023\\\/04\\\/lensemble-astera-prime-a-copenhague\"},\"wordCount\":263,\"publisher\":{\"@id\":\"https:\\\/\\\/www.revuemusicale.ch\\\/#organization\"},\"image\":{\"@id\":\"https:\\\/\\\/www.revuemusicale.ch\\\/news\\\/2023\\\/04\\\/lensemble-astera-prime-a-copenhague#primaryimage\"},\"thumbnailUrl\":\"https:\\\/\\\/www.revuemusicale.ch\\\/wp-content\\\/uploads\\\/2023\\\/04\\\/Ensemble-Astera-photo-DR-Agnete-Schlichtkrull.jpeg\",\"keywords\":[\"Concours Carl Nielsen\",\"Ensemble Astera\"],\"articleSection\":[\"Classique\",\"News\"],\"inLanguage\":\"en-US\"},{\"@type\":\"WebPage\",\"@id\":\"https:\\\/\\\/www.revuemusicale.ch\\\/news\\\/2023\\\/04\\\/lensemble-astera-prime-a-copenhague\",\"url\":\"https:\\\/\\\/www.revuemusicale.ch\\\/news\\\/2023\\\/04\\\/lensemble-astera-prime-a-copenhague\",\"name\":\"L\u2019Ensemble Astera prim\u00e9 \u00e0 Copenhague - Revue Musicale Suisse\",\"isPartOf\":{\"@id\":\"https:\\\/\\\/www.revuemusicale.ch\\\/#website\"},\"primaryImageOfPage\":{\"@id\":\"https:\\\/\\\/www.revuemusicale.ch\\\/news\\\/2023\\\/04\\\/lensemble-astera-prime-a-copenhague#primaryimage\"},\"image\":{\"@id\":\"https:\\\/\\\/www.revuemusicale.ch\\\/news\\\/2023\\\/04\\\/lensemble-astera-prime-a-copenhague#primaryimage\"},\"thumbnailUrl\":\"https:\\\/\\\/www.revuemusicale.ch\\\/wp-content\\\/uploads\\\/2023\\\/04\\\/Ensemble-Astera-photo-DR-Agnete-Schlichtkrull.jpeg\",\"datePublished\":\"2023-04-25T10:01:32+00:00\",\"dateModified\":\"2023-04-27T08:49:23+00:00\",\"breadcrumb\":{\"@id\":\"https:\\\/\\\/www.revuemusicale.ch\\\/news\\\/2023\\\/04\\\/lensemble-astera-prime-a-copenhague#breadcrumb\"},\"inLanguage\":\"en-US\",\"potentialAction\":[{\"@type\":\"ReadAction\",\"target\":[\"https:\\\/\\\/www.revuemusicale.ch\\\/news\\\/2023\\\/04\\\/lensemble-astera-prime-a-copenhague\"]}]},{\"@type\":\"ImageObject\",\"inLanguage\":\"en-US\",\"@id\":\"https:\\\/\\\/www.revuemusicale.ch\\\/news\\\/2023\\\/04\\\/lensemble-astera-prime-a-copenhague#primaryimage\",\"url\":\"https:\\\/\\\/www.revuemusicale.ch\\\/wp-content\\\/uploads\\\/2023\\\/04\\\/Ensemble-Astera-photo-DR-Agnete-Schlichtkrull.jpeg\",\"contentUrl\":\"https:\\\/\\\/www.revuemusicale.ch\\\/wp-content\\\/uploads\\\/2023\\\/04\\\/Ensemble-Astera-photo-DR-Agnete-Schlichtkrull.jpeg\",\"width\":1400,\"height\":933},{\"@type\":\"BreadcrumbList\",\"@id\":\"https:\\\/\\\/www.revuemusicale.ch\\\/news\\\/2023\\\/04\\\/lensemble-astera-prime-a-copenhague#breadcrumb\",\"itemListElement\":[{\"@type\":\"ListItem\",\"position\":1,\"name\":\"Home\",\"item\":\"https:\\\/\\\/www.revuemusicale.ch\\\/\"},{\"@type\":\"ListItem\",\"position\":2,\"name\":\"L\u2019Ensemble Astera prim\u00e9 \u00e0 Copenhague\"}]},{\"@type\":\"WebSite\",\"@id\":\"https:\\\/\\\/www.revuemusicale.ch\\\/#website\",\"url\":\"https:\\\/\\\/www.revuemusicale.ch\\\/\",\"name\":\"Revue Musicale Suisse\",\"description\":\"\",\"publisher\":{\"@id\":\"https:\\\/\\\/www.revuemusicale.ch\\\/#organization\"},\"potentialAction\":[{\"@type\":\"SearchAction\",\"target\":{\"@type\":\"EntryPoint\",\"urlTemplate\":\"https:\\\/\\\/www.revuemusicale.ch\\\/?s={search_term_string}\"},\"query-input\":{\"@type\":\"PropertyValueSpecification\",\"valueRequired\":true,\"valueName\":\"search_term_string\"}}],\"inLanguage\":\"en-US\"},{\"@type\":\"Organization\",\"@id\":\"https:\\\/\\\/www.revuemusicale.ch\\\/#organization\",\"name\":\"Revue Musicale Suisse\",\"url\":\"https:\\\/\\\/www.revuemusicale.ch\\\/\",\"logo\":{\"@type\":\"ImageObject\",\"inLanguage\":\"en-US\",\"@id\":\"https:\\\/\\\/www.revuemusicale.ch\\\/#\\\/schema\\\/logo\\\/image\\\/\",\"url\":\"https:\\\/\\\/www.revuemusicale.ch\\\/wp-content\\\/uploads\\\/2023\\\/01\\\/logo_revuemusicale_musikzeitung.jpg\",\"contentUrl\":\"https:\\\/\\\/www.revuemusicale.ch\\\/wp-content\\\/uploads\\\/2023\\\/01\\\/logo_revuemusicale_musikzeitung.jpg\",\"width\":1200,\"height\":243,\"caption\":\"Revue Musicale Suisse\"},\"image\":{\"@id\":\"https:\\\/\\\/www.revuemusicale.ch\\\/#\\\/schema\\\/logo\\\/image\\\/\"},\"sameAs\":[\"https:\\\/\\\/www.facebook.com\\\/SchweizerMusikzeitung\\\/\",\"https:\\\/\\\/x.com\\\/smusikzeitung\",\"https:\\\/\\\/www.instagram.com\\\/musikzeitung.ch\\\/?hl=de\"]},{\"@type\":\"Person\",\"@id\":\"https:\\\/\\\/www.revuemusicale.ch\\\/#\\\/schema\\\/person\\\/b2fd892c800856270b9dcc6001265712\",\"name\":\"Musikzeitung-Redaktion\",\"image\":{\"@type\":\"ImageObject\",\"inLanguage\":\"en-US\",\"@id\":\"https:\\\/\\\/secure.gravatar.com\\\/avatar\\\/0c7e6a405862e402eb76a70f8a26fc732d07c32931e9fae9ab1582911d2e8a3b?s=96&d=mm&r=g\",\"url\":\"https:\\\/\\\/secure.gravatar.com\\\/avatar\\\/0c7e6a405862e402eb76a70f8a26fc732d07c32931e9fae9ab1582911d2e8a3b?s=96&d=mm&r=g\",\"contentUrl\":\"https:\\\/\\\/secure.gravatar.com\\\/avatar\\\/0c7e6a405862e402eb76a70f8a26fc732d07c32931e9fae9ab1582911d2e8a3b?s=96&d=mm&r=g\",\"caption\":\"Musikzeitung-Redaktion\"},\"sameAs\":[\"http:\\\/\\\/wundo-docker.io\"],\"url\":\"https:\\\/\\\/www.revuemusicale.ch\\\/en\\\/author\\\/admin\"}]}<\/script>\n<!-- \/ Yoast SEO plugin. -->","yoast_head_json":{"title":"L\u2019Ensemble Astera prim\u00e9 \u00e0 Copenhague - Revue Musicale Suisse","robots":{"index":"index","follow":"follow","max-snippet":"max-snippet:-1","max-image-preview":"max-image-preview:large","max-video-preview":"max-video-preview:-1"},"canonical":"https:\/\/www.revuemusicale.ch\/en\/news\/2023\/04\/lensemble-astera-prime-a-copenhague\/","og_locale":"en_US","og_type":"article","og_title":"L\u2019Ensemble Astera prim\u00e9 \u00e0 Copenhague - Revue Musicale Suisse","og_description":"L\u2019Ensemble Astera remporte le premier prix ainsi que le prix sp\u00e9cial pour la meilleure interpr\u00e9tation de la cr\u00e9ation lors du prestigieux Concours International de Musique de Chambre Carl Nielsen.","og_url":"https:\/\/www.revuemusicale.ch\/en\/news\/2023\/04\/lensemble-astera-prime-a-copenhague\/","og_site_name":"Revue Musicale Suisse","article_publisher":"https:\/\/www.facebook.com\/SchweizerMusikzeitung\/","article_published_time":"2023-04-25T10:01:32+00:00","article_modified_time":"2023-04-27T08:49:23+00:00","og_image":[{"width":1400,"height":933,"url":"https:\/\/www.revuemusicale.ch\/wp-content\/uploads\/2023\/04\/Ensemble-Astera-photo-DR-Agnete-Schlichtkrull.jpeg","type":"image\/jpeg"}],"author":"Musikzeitung-Redaktion","twitter_card":"summary_large_image","twitter_creator":"@smusikzeitung","twitter_site":"@smusikzeitung","twitter_misc":{"Written by":"Musikzeitung-Redaktion","Est. reading time":"1 minute"},"schema":{"@context":"https:\/\/schema.org","@graph":[{"@type":"Article","@id":"https:\/\/www.revuemusicale.ch\/news\/2023\/04\/lensemble-astera-prime-a-copenhague#article","isPartOf":{"@id":"https:\/\/www.revuemusicale.ch\/news\/2023\/04\/lensemble-astera-prime-a-copenhague"},"author":{"name":"Musikzeitung-Redaktion","@id":"https:\/\/www.revuemusicale.ch\/#\/schema\/person\/b2fd892c800856270b9dcc6001265712"},"headline":"L\u2019Ensemble Astera prim\u00e9 \u00e0 Copenhague","datePublished":"2023-04-25T10:01:32+00:00","dateModified":"2023-04-27T08:49:23+00:00","mainEntityOfPage":{"@id":"https:\/\/www.revuemusicale.ch\/news\/2023\/04\/lensemble-astera-prime-a-copenhague"},"wordCount":263,"publisher":{"@id":"https:\/\/www.revuemusicale.ch\/#organization"},"image":{"@id":"https:\/\/www.revuemusicale.ch\/news\/2023\/04\/lensemble-astera-prime-a-copenhague#primaryimage"},"thumbnailUrl":"https:\/\/www.revuemusicale.ch\/wp-content\/uploads\/2023\/04\/Ensemble-Astera-photo-DR-Agnete-Schlichtkrull.jpeg","keywords":["Concours Carl Nielsen","Ensemble Astera"],"articleSection":["Classique","News"],"inLanguage":"en-US"},{"@type":"WebPage","@id":"https:\/\/www.revuemusicale.ch\/news\/2023\/04\/lensemble-astera-prime-a-copenhague","url":"https:\/\/www.revuemusicale.ch\/news\/2023\/04\/lensemble-astera-prime-a-copenhague","name":"L\u2019Ensemble Astera prim\u00e9 \u00e0 Copenhague - Revue Musicale Suisse","isPartOf":{"@id":"https:\/\/www.revuemusicale.ch\/#website"},"primaryImageOfPage":{"@id":"https:\/\/www.revuemusicale.ch\/news\/2023\/04\/lensemble-astera-prime-a-copenhague#primaryimage"},"image":{"@id":"https:\/\/www.revuemusicale.ch\/news\/2023\/04\/lensemble-astera-prime-a-copenhague#primaryimage"},"thumbnailUrl":"https:\/\/www.revuemusicale.ch\/wp-content\/uploads\/2023\/04\/Ensemble-Astera-photo-DR-Agnete-Schlichtkrull.jpeg","datePublished":"2023-04-25T10:01:32+00:00","dateModified":"2023-04-27T08:49:23+00:00","breadcrumb":{"@id":"https:\/\/www.revuemusicale.ch\/news\/2023\/04\/lensemble-astera-prime-a-copenhague#breadcrumb"},"inLanguage":"en-US","potentialAction":[{"@type":"ReadAction","target":["https:\/\/www.revuemusicale.ch\/news\/2023\/04\/lensemble-astera-prime-a-copenhague"]}]},{"@type":"ImageObject","inLanguage":"en-US","@id":"https:\/\/www.revuemusicale.ch\/news\/2023\/04\/lensemble-astera-prime-a-copenhague#primaryimage","url":"https:\/\/www.revuemusicale.ch\/wp-content\/uploads\/2023\/04\/Ensemble-Astera-photo-DR-Agnete-Schlichtkrull.jpeg","contentUrl":"https:\/\/www.revuemusicale.ch\/wp-content\/uploads\/2023\/04\/Ensemble-Astera-photo-DR-Agnete-Schlichtkrull.jpeg","width":1400,"height":933},{"@type":"BreadcrumbList","@id":"https:\/\/www.revuemusicale.ch\/news\/2023\/04\/lensemble-astera-prime-a-copenhague#breadcrumb","itemListElement":[{"@type":"ListItem","position":1,"name":"Home","item":"https:\/\/www.revuemusicale.ch\/"},{"@type":"ListItem","position":2,"name":"L\u2019Ensemble Astera prim\u00e9 \u00e0 Copenhague"}]},{"@type":"WebSite","@id":"https:\/\/www.revuemusicale.ch\/#website","url":"https:\/\/www.revuemusicale.ch\/","name":"Swiss Music Review","description":"","publisher":{"@id":"https:\/\/www.revuemusicale.ch\/#organization"},"potentialAction":[{"@type":"SearchAction","target":{"@type":"EntryPoint","urlTemplate":"https:\/\/www.revuemusicale.ch\/?s={search_term_string}"},"query-input":{"@type":"PropertyValueSpecification","valueRequired":true,"valueName":"search_term_string"}}],"inLanguage":"en-US"},{"@type":"Organization","@id":"https:\/\/www.revuemusicale.ch\/#organization","name":"Swiss Music Review","url":"https:\/\/www.revuemusicale.ch\/","logo":{"@type":"ImageObject","inLanguage":"en-US","@id":"https:\/\/www.revuemusicale.ch\/#\/schema\/logo\/image\/","url":"https:\/\/www.revuemusicale.ch\/wp-content\/uploads\/2023\/01\/logo_revuemusicale_musikzeitung.jpg","contentUrl":"https:\/\/www.revuemusicale.ch\/wp-content\/uploads\/2023\/01\/logo_revuemusicale_musikzeitung.jpg","width":1200,"height":243,"caption":"Revue Musicale Suisse"},"image":{"@id":"https:\/\/www.revuemusicale.ch\/#\/schema\/logo\/image\/"},"sameAs":["https:\/\/www.facebook.com\/SchweizerMusikzeitung\/","https:\/\/x.com\/smusikzeitung","https:\/\/www.instagram.com\/musikzeitung.ch\/?hl=de"]},{"@type":"Person","@id":"https:\/\/www.revuemusicale.ch\/#\/schema\/person\/b2fd892c800856270b9dcc6001265712","name":"Musikzeitung-Redaktion","image":{"@type":"ImageObject","inLanguage":"en-US","@id":"https:\/\/secure.gravatar.com\/avatar\/0c7e6a405862e402eb76a70f8a26fc732d07c32931e9fae9ab1582911d2e8a3b?s=96&d=mm&r=g","url":"https:\/\/secure.gravatar.com\/avatar\/0c7e6a405862e402eb76a70f8a26fc732d07c32931e9fae9ab1582911d2e8a3b?s=96&d=mm&r=g","contentUrl":"https:\/\/secure.gravatar.com\/avatar\/0c7e6a405862e402eb76a70f8a26fc732d07c32931e9fae9ab1582911d2e8a3b?s=96&d=mm&r=g","caption":"Musikzeitung-Redaktion"},"sameAs":["http:\/\/wundo-docker.io"],"url":"https:\/\/www.revuemusicale.ch\/en\/author\/admin"}]}},"publishpress_future_action":{"enabled":false,"date":"1970-01-01 01:00:00","action":"change-status","newStatus":"draft","terms":[],"taxonomy":"category","extraData":[]},"publishpress_future_workflow_manual_trigger":{"enabledWorkflows":[]},"_links":{"self":[{"href":"https:\/\/www.revuemusicale.ch\/en\/wp-json\/wp\/v2\/posts\/29590","targetHints":{"allow":["GET"]}}],"collection":[{"href":"https:\/\/www.revuemusicale.ch\/en\/wp-json\/wp\/v2\/posts"}],"about":[{"href":"https:\/\/www.revuemusicale.ch\/en\/wp-json\/wp\/v2\/types\/post"}],"author":[{"embeddable":true,"href":"https:\/\/www.revuemusicale.ch\/en\/wp-json\/wp\/v2\/users\/1"}],"replies":[{"embeddable":true,"href":"https:\/\/www.revuemusicale.ch\/en\/wp-json\/wp\/v2\/comments?post=29590"}],"version-history":[{"count":5,"href":"https:\/\/www.revuemusicale.ch\/en\/wp-json\/wp\/v2\/posts\/29590\/revisions"}],"predecessor-version":[{"id":29606,"href":"https:\/\/www.revuemusicale.ch\/en\/wp-json\/wp\/v2\/posts\/29590\/revisions\/29606"}],"wp:featuredmedia":[{"embeddable":true,"href":"https:\/\/www.revuemusicale.ch\/en\/wp-json\/wp\/v2\/media\/29594"}],"wp:attachment":[{"href":"https:\/\/www.revuemusicale.ch\/en\/wp-json\/wp\/v2\/media?parent=29590"}],"wp:term":[{"taxonomy":"category","embeddable":true,"href":"https:\/\/www.revuemusicale.ch\/en\/wp-json\/wp\/v2\/categories?post=29590"},{"taxonomy":"post_tag","embeddable":true,"href":"https:\/\/www.revuemusicale.ch\/en\/wp-json\/wp\/v2\/tags?post=29590"}],"curies":[{"name":"wp","href":"https:\/\/api.w.org\/{rel}","templated":true}]}}