{"id":29627,"date":"2023-06-01T15:29:10","date_gmt":"2023-06-01T13:29:10","guid":{"rendered":"https:\/\/www.revuemusicale.ch\/?p=29627"},"modified":"2025-04-07T16:49:01","modified_gmt":"2025-04-07T14:49:01","slug":"kancheli","status":"publish","type":"post","link":"https:\/\/www.revuemusicale.ch\/en\/critiques\/livres-et-partitions\/2023\/06\/kancheli","title":{"rendered":"Music of silence"},"content":{"rendered":"<figure id=\"attachment_29678\" aria-describedby=\"caption-attachment-29678\" style=\"width: 2805px\" class=\"wp-caption alignnone\"><img loading=\"lazy\" decoding=\"async\" class=\"wp-image-29678 size-full\" src=\"https:\/\/www.revuemusicale.ch\/wp-content\/uploads\/2023\/06\/Gia_Kancheli.jpeg\" alt=\"\" width=\"2805\" height=\"1873\" srcset=\"https:\/\/www.revuemusicale.ch\/wp-content\/uploads\/2023\/06\/Gia_Kancheli.jpeg 1400w, https:\/\/www.revuemusicale.ch\/wp-content\/uploads\/2023\/06\/Gia_Kancheli-300x200.jpeg 300w, https:\/\/www.revuemusicale.ch\/wp-content\/uploads\/2023\/06\/Gia_Kancheli-1024x684.jpeg 1024w, https:\/\/www.revuemusicale.ch\/wp-content\/uploads\/2023\/06\/Gia_Kancheli-600x400.jpeg 600w, https:\/\/www.revuemusicale.ch\/wp-content\/uploads\/2023\/06\/Gia_Kancheli-768x513.jpeg 768w, https:\/\/www.revuemusicale.ch\/wp-content\/uploads\/2023\/06\/Gia_Kancheli-1536x1026.jpeg 1536w, https:\/\/www.revuemusicale.ch\/wp-content\/uploads\/2023\/06\/Gia_Kancheli-2048x1368.jpeg 2048w, https:\/\/www.revuemusicale.ch\/wp-content\/uploads\/2023\/06\/Gia_Kancheli-262x175.jpeg 262w, https:\/\/www.revuemusicale.ch\/wp-content\/uploads\/2023\/06\/Gia_Kancheli-524x350.jpeg 524w, https:\/\/www.revuemusicale.ch\/wp-content\/uploads\/2023\/06\/Gia_Kancheli-1198x800.jpeg 1198w, https:\/\/www.revuemusicale.ch\/wp-content\/uploads\/2023\/06\/Gia_Kancheli-920x614.jpeg 920w\" sizes=\"auto, (max-width: 2805px) 100vw, 2805px\" \/><figcaption id=\"caption-attachment-29678\" class=\"wp-caption-text\">Giya Kancheli in 2010. Photo (extract): <a href=\"https:\/\/commons.wikimedia.org\/wiki\/File:Gia_Kancheli_%26_Boris_Berezovski.jpg\" target=\"_blank\" rel=\"noopener\">George Mel\/wikimedia commons CC BY-SA 2.0<\/a><\/figcaption><\/figure>\n<p>Having been trained in a vacuum within the Soviet artistic world, Georgian composer Giya Kancheli, who died in 2019 at the age of 84, took advantage of the thaw to write a few avant-garde scores, before finding his own style: modal music, deeply melancholy, deliberately simple, in which silences play a fundamental role, slow to the point of suspending all perception of time, often refined and interiorized, with extreme dynamic contrasts and veritable explosions of sound. He was notably influenced by Bart\u00f3k, Shostakovich, Stravinsky and, of course, Georgian folk music, but also by jazz and film music (by Nino Rota, among others). Best known for his orchestral works, in particular a cycle of seven symphonies, alternating lyrical, mysterious, meditative and epic passages, and numerous concertante pieces, including <em>Mourned by the Wind<\/em> He is also the author of a considerable number of works for film and theater. Long a specialist in Nordic music, the author of this monograph, Jean-Luc Caron, is a long-standing admirer of the Tbilissian, who emigrated (not exiled) to Berlin and then spent a quarter of a century in Antwerp, and whose rich humanist, mystical rather than religious personality, reflections and compositions, more than 80 of which are the subject of descriptive notes, he makes us appreciate. His book contains abundant appendices, including a catalog of works, a selective discography and a biographical dictionary of key figures connected with Kancheli.<img loading=\"lazy\" decoding=\"async\" class=\"aligncenter wp-image-29680 size-medium\" src=\"https:\/\/www.revuemusicale.ch\/wp-content\/uploads\/2023\/06\/06_crit_buch_Mettraux-193x300.jpg\" alt=\"\" width=\"193\" height=\"300\" srcset=\"https:\/\/www.revuemusicale.ch\/wp-content\/uploads\/2023\/06\/06_crit_buch_Mettraux-193x300.jpg 193w, https:\/\/www.revuemusicale.ch\/wp-content\/uploads\/2023\/06\/06_crit_buch_Mettraux-113x175.jpg 113w, https:\/\/www.revuemusicale.ch\/wp-content\/uploads\/2023\/06\/06_crit_buch_Mettraux-226x350.jpg 226w, https:\/\/www.revuemusicale.ch\/wp-content\/uploads\/2023\/06\/06_crit_buch_Mettraux-300x465.jpg 300w, https:\/\/www.revuemusicale.ch\/wp-content\/uploads\/2023\/06\/06_crit_buch_Mettraux.jpg 316w\" sizes=\"auto, (max-width: 193px) 100vw, 193px\" \/><\/p>\n<p>With little patience for descriptive symphonic poems that follow a program step by step, or for Wagnerian operas with leitmotifs imposing a grid for reading the action in progress, Debussy preferred to leave his listeners complete freedom of imagination, allowing them, by means of an unconditioned unconscious, to experience the sensations of subtle effluvia or to conceive hidden correspondences, without any constraints or marked paths. This new art of listening ran counter to the habits of the time and came as a surprise to Debussy's contemporaries, causing difficulties in the perception of some of his works. To understand this misunderstanding of Debussy's poetics, Andrea Malvano's detailed essay takes an innovative two-pronged approach to three major compositions (<em>Nocturnes<\/em>, <em>La Mer<\/em> and <em>Iberia<\/em>) by studying their reception and musical analysis of the scores. This makes it all the more clear why the author of <em>Prelude to L'Apr\u00e8s-midi d'un faune <\/em>asked for \"a little good will\" from an audience he hoped would be delicate and far from vulgar.<img loading=\"lazy\" decoding=\"async\" class=\"size-medium wp-image-29681 aligncenter\" src=\"https:\/\/www.revuemusicale.ch\/wp-content\/uploads\/2023\/06\/Malvano_Debussy_Couv-I-1200x1945-1-185x300.jpg\" alt=\"\" width=\"185\" height=\"300\" srcset=\"https:\/\/www.revuemusicale.ch\/wp-content\/uploads\/2023\/06\/Malvano_Debussy_Couv-I-1200x1945-1-185x300.jpg 185w, https:\/\/www.revuemusicale.ch\/wp-content\/uploads\/2023\/06\/Malvano_Debussy_Couv-I-1200x1945-1-632x1024.jpg 632w, https:\/\/www.revuemusicale.ch\/wp-content\/uploads\/2023\/06\/Malvano_Debussy_Couv-I-1200x1945-1-768x1245.jpg 768w, https:\/\/www.revuemusicale.ch\/wp-content\/uploads\/2023\/06\/Malvano_Debussy_Couv-I-1200x1945-1-948x1536.jpg 948w, https:\/\/www.revuemusicale.ch\/wp-content\/uploads\/2023\/06\/Malvano_Debussy_Couv-I-1200x1945-1-108x175.jpg 108w, https:\/\/www.revuemusicale.ch\/wp-content\/uploads\/2023\/06\/Malvano_Debussy_Couv-I-1200x1945-1-216x350.jpg 216w, https:\/\/www.revuemusicale.ch\/wp-content\/uploads\/2023\/06\/Malvano_Debussy_Couv-I-1200x1945-1-494x800.jpg 494w, https:\/\/www.revuemusicale.ch\/wp-content\/uploads\/2023\/06\/Malvano_Debussy_Couv-I-1200x1945-1-920x1491.jpg 920w, https:\/\/www.revuemusicale.ch\/wp-content\/uploads\/2023\/06\/Malvano_Debussy_Couv-I-1200x1945-1-300x486.jpg 300w, https:\/\/www.revuemusicale.ch\/wp-content\/uploads\/2023\/06\/Malvano_Debussy_Couv-I-1200x1945-1.jpg 617w\" sizes=\"auto, (max-width: 185px) 100vw, 185px\" \/><\/p>\n<p><em>Jean-Luc Caron: Giya Kancheli - Les m\u00e9ditations musicales d'un sage, 350 p., \u20ac 36.00, Editions l'Harmattan, Paris 2023, ISBN 978-2-14-030630-3<\/em><\/p>\n<p><em>Andrea Malvano: Debussy, un nouvel art de l'\u00e9coute, 270 p., \u20ac 25.00, Van Dieren Editeur, Paris 2022, ISBN 978-2-37466-024-0<\/em><\/p>","protected":false},"excerpt":{"rendered":"<p>Two recent works: a monograph presenting the life, thought and works of the Georgian composer Kancheli, and an essay on the reception of Debussy's work.<\/p>","protected":false},"author":1,"featured_media":29678,"comment_status":"closed","ping_status":"closed","sticky":false,"template":"","format":"standard","meta":{"_acf_changed":false,"_relevanssi_hide_post":"","_relevanssi_hide_content":"","_relevanssi_pin_for_all":"","_relevanssi_pin_keywords":"","_relevanssi_unpin_keywords":"","_relevanssi_related_keywords":"","_relevanssi_related_include_ids":"","_relevanssi_related_exclude_ids":"","_relevanssi_related_no_append":"","_relevanssi_related_not_related":"","_relevanssi_related_posts":"","_relevanssi_noindex_reason":"","pgc_sgb_lightbox_settings":"","footnotes":""},"categories":[1614,1616],"tags":[1729,1727,1726,1728],"class_list":["post-29627","post","type-post","status-publish","format-standard","has-post-thumbnail","hentry","category-critiques","category-livres-et-partitions","tag-andrea-malvano","tag-claude-debussy","tag-giya-kancheli","tag-jean-luc-caron"],"acf":[],"yoast_head":"<!-- This site is optimized with the Yoast SEO plugin v27.3 - https:\/\/yoast.com\/product\/yoast-seo-wordpress\/ -->\n<title>Musique du silence - Revue Musicale Suisse<\/title>\n<meta name=\"robots\" content=\"index, follow, max-snippet:-1, max-image-preview:large, max-video-preview:-1\" \/>\n<link rel=\"canonical\" href=\"https:\/\/www.revuemusicale.ch\/en\/critiques\/livres-et-partitions\/2023\/06\/kancheli\/\" \/>\n<meta property=\"og:locale\" content=\"en_US\" \/>\n<meta property=\"og:type\" content=\"article\" \/>\n<meta property=\"og:title\" content=\"Musique du silence - Revue Musicale Suisse\" \/>\n<meta property=\"og:description\" content=\"Deux r\u00e9cents ouvrages : une monographie pr\u00e9sentant la vie, la pens\u00e9e et les \u0153uvres du compositeur g\u00e9orgien Kancheli, et un essai consacr\u00e9 \u00e0 la r\u00e9ception de l\u2019\u0153uvre de Debussy.\" \/>\n<meta property=\"og:url\" content=\"https:\/\/www.revuemusicale.ch\/en\/critiques\/livres-et-partitions\/2023\/06\/kancheli\/\" \/>\n<meta property=\"og:site_name\" content=\"Revue Musicale Suisse\" \/>\n<meta property=\"article:publisher\" content=\"https:\/\/www.facebook.com\/SchweizerMusikzeitung\/\" \/>\n<meta property=\"article:published_time\" content=\"2023-06-01T13:29:10+00:00\" \/>\n<meta property=\"article:modified_time\" content=\"2025-04-07T14:49:01+00:00\" \/>\n<meta property=\"og:image\" content=\"https:\/\/www.revuemusicale.ch\/wp-content\/uploads\/2023\/06\/Gia_Kancheli.jpeg\" \/>\n\t<meta property=\"og:image:width\" content=\"1400\" \/>\n\t<meta property=\"og:image:height\" content=\"935\" \/>\n\t<meta property=\"og:image:type\" content=\"image\/jpeg\" \/>\n<meta name=\"author\" content=\"Musikzeitung-Redaktion\" \/>\n<meta name=\"twitter:card\" content=\"summary_large_image\" \/>\n<meta name=\"twitter:creator\" content=\"@smusikzeitung\" \/>\n<meta name=\"twitter:site\" content=\"@smusikzeitung\" \/>\n<meta name=\"twitter:label1\" content=\"Written by\" \/>\n\t<meta name=\"twitter:data1\" content=\"Musikzeitung-Redaktion\" \/>\n\t<meta name=\"twitter:label2\" content=\"Est. reading time\" \/>\n\t<meta name=\"twitter:data2\" content=\"3 minutes\" \/>\n<script type=\"application\/ld+json\" class=\"yoast-schema-graph\">{\"@context\":\"https:\\\/\\\/schema.org\",\"@graph\":[{\"@type\":\"Article\",\"@id\":\"https:\\\/\\\/www.revuemusicale.ch\\\/critiques\\\/livres-et-partitions\\\/2023\\\/06\\\/kancheli#article\",\"isPartOf\":{\"@id\":\"https:\\\/\\\/www.revuemusicale.ch\\\/critiques\\\/livres-et-partitions\\\/2023\\\/06\\\/kancheli\"},\"author\":{\"name\":\"Musikzeitung-Redaktion\",\"@id\":\"https:\\\/\\\/www.revuemusicale.ch\\\/#\\\/schema\\\/person\\\/b2fd892c800856270b9dcc6001265712\"},\"headline\":\"Musique du silence\",\"datePublished\":\"2023-06-01T13:29:10+00:00\",\"dateModified\":\"2025-04-07T14:49:01+00:00\",\"mainEntityOfPage\":{\"@id\":\"https:\\\/\\\/www.revuemusicale.ch\\\/critiques\\\/livres-et-partitions\\\/2023\\\/06\\\/kancheli\"},\"wordCount\":530,\"publisher\":{\"@id\":\"https:\\\/\\\/www.revuemusicale.ch\\\/#organization\"},\"image\":{\"@id\":\"https:\\\/\\\/www.revuemusicale.ch\\\/critiques\\\/livres-et-partitions\\\/2023\\\/06\\\/kancheli#primaryimage\"},\"thumbnailUrl\":\"https:\\\/\\\/www.revuemusicale.ch\\\/wp-content\\\/uploads\\\/2023\\\/06\\\/Gia_Kancheli.jpeg\",\"keywords\":[\"Andrea Malvano\",\"Claude Debussy\",\"Giya Kancheli\",\"Jean-Luc Caron\"],\"articleSection\":[\"Critiques\",\"Livres et partitions\"],\"inLanguage\":\"en-US\"},{\"@type\":\"WebPage\",\"@id\":\"https:\\\/\\\/www.revuemusicale.ch\\\/critiques\\\/livres-et-partitions\\\/2023\\\/06\\\/kancheli\",\"url\":\"https:\\\/\\\/www.revuemusicale.ch\\\/critiques\\\/livres-et-partitions\\\/2023\\\/06\\\/kancheli\",\"name\":\"Musique du silence - Revue Musicale Suisse\",\"isPartOf\":{\"@id\":\"https:\\\/\\\/www.revuemusicale.ch\\\/#website\"},\"primaryImageOfPage\":{\"@id\":\"https:\\\/\\\/www.revuemusicale.ch\\\/critiques\\\/livres-et-partitions\\\/2023\\\/06\\\/kancheli#primaryimage\"},\"image\":{\"@id\":\"https:\\\/\\\/www.revuemusicale.ch\\\/critiques\\\/livres-et-partitions\\\/2023\\\/06\\\/kancheli#primaryimage\"},\"thumbnailUrl\":\"https:\\\/\\\/www.revuemusicale.ch\\\/wp-content\\\/uploads\\\/2023\\\/06\\\/Gia_Kancheli.jpeg\",\"datePublished\":\"2023-06-01T13:29:10+00:00\",\"dateModified\":\"2025-04-07T14:49:01+00:00\",\"breadcrumb\":{\"@id\":\"https:\\\/\\\/www.revuemusicale.ch\\\/critiques\\\/livres-et-partitions\\\/2023\\\/06\\\/kancheli#breadcrumb\"},\"inLanguage\":\"en-US\",\"potentialAction\":[{\"@type\":\"ReadAction\",\"target\":[\"https:\\\/\\\/www.revuemusicale.ch\\\/critiques\\\/livres-et-partitions\\\/2023\\\/06\\\/kancheli\"]}]},{\"@type\":\"ImageObject\",\"inLanguage\":\"en-US\",\"@id\":\"https:\\\/\\\/www.revuemusicale.ch\\\/critiques\\\/livres-et-partitions\\\/2023\\\/06\\\/kancheli#primaryimage\",\"url\":\"https:\\\/\\\/www.revuemusicale.ch\\\/wp-content\\\/uploads\\\/2023\\\/06\\\/Gia_Kancheli.jpeg\",\"contentUrl\":\"https:\\\/\\\/www.revuemusicale.ch\\\/wp-content\\\/uploads\\\/2023\\\/06\\\/Gia_Kancheli.jpeg\",\"width\":1400,\"height\":935},{\"@type\":\"BreadcrumbList\",\"@id\":\"https:\\\/\\\/www.revuemusicale.ch\\\/critiques\\\/livres-et-partitions\\\/2023\\\/06\\\/kancheli#breadcrumb\",\"itemListElement\":[{\"@type\":\"ListItem\",\"position\":1,\"name\":\"Home\",\"item\":\"https:\\\/\\\/www.revuemusicale.ch\\\/\"},{\"@type\":\"ListItem\",\"position\":2,\"name\":\"Musique du silence\"}]},{\"@type\":\"WebSite\",\"@id\":\"https:\\\/\\\/www.revuemusicale.ch\\\/#website\",\"url\":\"https:\\\/\\\/www.revuemusicale.ch\\\/\",\"name\":\"Revue Musicale Suisse\",\"description\":\"\",\"publisher\":{\"@id\":\"https:\\\/\\\/www.revuemusicale.ch\\\/#organization\"},\"potentialAction\":[{\"@type\":\"SearchAction\",\"target\":{\"@type\":\"EntryPoint\",\"urlTemplate\":\"https:\\\/\\\/www.revuemusicale.ch\\\/?s={search_term_string}\"},\"query-input\":{\"@type\":\"PropertyValueSpecification\",\"valueRequired\":true,\"valueName\":\"search_term_string\"}}],\"inLanguage\":\"en-US\"},{\"@type\":\"Organization\",\"@id\":\"https:\\\/\\\/www.revuemusicale.ch\\\/#organization\",\"name\":\"Revue Musicale Suisse\",\"url\":\"https:\\\/\\\/www.revuemusicale.ch\\\/\",\"logo\":{\"@type\":\"ImageObject\",\"inLanguage\":\"en-US\",\"@id\":\"https:\\\/\\\/www.revuemusicale.ch\\\/#\\\/schema\\\/logo\\\/image\\\/\",\"url\":\"https:\\\/\\\/www.revuemusicale.ch\\\/wp-content\\\/uploads\\\/2023\\\/01\\\/logo_revuemusicale_musikzeitung.jpg\",\"contentUrl\":\"https:\\\/\\\/www.revuemusicale.ch\\\/wp-content\\\/uploads\\\/2023\\\/01\\\/logo_revuemusicale_musikzeitung.jpg\",\"width\":1200,\"height\":243,\"caption\":\"Revue Musicale Suisse\"},\"image\":{\"@id\":\"https:\\\/\\\/www.revuemusicale.ch\\\/#\\\/schema\\\/logo\\\/image\\\/\"},\"sameAs\":[\"https:\\\/\\\/www.facebook.com\\\/SchweizerMusikzeitung\\\/\",\"https:\\\/\\\/x.com\\\/smusikzeitung\",\"https:\\\/\\\/www.instagram.com\\\/musikzeitung.ch\\\/?hl=de\"]},{\"@type\":\"Person\",\"@id\":\"https:\\\/\\\/www.revuemusicale.ch\\\/#\\\/schema\\\/person\\\/b2fd892c800856270b9dcc6001265712\",\"name\":\"Musikzeitung-Redaktion\",\"image\":{\"@type\":\"ImageObject\",\"inLanguage\":\"en-US\",\"@id\":\"https:\\\/\\\/secure.gravatar.com\\\/avatar\\\/0c7e6a405862e402eb76a70f8a26fc732d07c32931e9fae9ab1582911d2e8a3b?s=96&d=mm&r=g\",\"url\":\"https:\\\/\\\/secure.gravatar.com\\\/avatar\\\/0c7e6a405862e402eb76a70f8a26fc732d07c32931e9fae9ab1582911d2e8a3b?s=96&d=mm&r=g\",\"contentUrl\":\"https:\\\/\\\/secure.gravatar.com\\\/avatar\\\/0c7e6a405862e402eb76a70f8a26fc732d07c32931e9fae9ab1582911d2e8a3b?s=96&d=mm&r=g\",\"caption\":\"Musikzeitung-Redaktion\"},\"sameAs\":[\"http:\\\/\\\/wundo-docker.io\"],\"url\":\"https:\\\/\\\/www.revuemusicale.ch\\\/en\\\/author\\\/admin\"}]}<\/script>\n<!-- \/ Yoast SEO plugin. -->","yoast_head_json":{"title":"Musique du silence - Revue Musicale Suisse","robots":{"index":"index","follow":"follow","max-snippet":"max-snippet:-1","max-image-preview":"max-image-preview:large","max-video-preview":"max-video-preview:-1"},"canonical":"https:\/\/www.revuemusicale.ch\/en\/critiques\/livres-et-partitions\/2023\/06\/kancheli\/","og_locale":"en_US","og_type":"article","og_title":"Musique du silence - Revue Musicale Suisse","og_description":"Deux r\u00e9cents ouvrages : une monographie pr\u00e9sentant la vie, la pens\u00e9e et les \u0153uvres du compositeur g\u00e9orgien Kancheli, et un essai consacr\u00e9 \u00e0 la r\u00e9ception de l\u2019\u0153uvre de Debussy.","og_url":"https:\/\/www.revuemusicale.ch\/en\/critiques\/livres-et-partitions\/2023\/06\/kancheli\/","og_site_name":"Revue Musicale Suisse","article_publisher":"https:\/\/www.facebook.com\/SchweizerMusikzeitung\/","article_published_time":"2023-06-01T13:29:10+00:00","article_modified_time":"2025-04-07T14:49:01+00:00","og_image":[{"width":1400,"height":935,"url":"https:\/\/www.revuemusicale.ch\/wp-content\/uploads\/2023\/06\/Gia_Kancheli.jpeg","type":"image\/jpeg"}],"author":"Musikzeitung-Redaktion","twitter_card":"summary_large_image","twitter_creator":"@smusikzeitung","twitter_site":"@smusikzeitung","twitter_misc":{"Written by":"Musikzeitung-Redaktion","Est. reading time":"3 minutes"},"schema":{"@context":"https:\/\/schema.org","@graph":[{"@type":"Article","@id":"https:\/\/www.revuemusicale.ch\/critiques\/livres-et-partitions\/2023\/06\/kancheli#article","isPartOf":{"@id":"https:\/\/www.revuemusicale.ch\/critiques\/livres-et-partitions\/2023\/06\/kancheli"},"author":{"name":"Musikzeitung-Redaktion","@id":"https:\/\/www.revuemusicale.ch\/#\/schema\/person\/b2fd892c800856270b9dcc6001265712"},"headline":"Musique du silence","datePublished":"2023-06-01T13:29:10+00:00","dateModified":"2025-04-07T14:49:01+00:00","mainEntityOfPage":{"@id":"https:\/\/www.revuemusicale.ch\/critiques\/livres-et-partitions\/2023\/06\/kancheli"},"wordCount":530,"publisher":{"@id":"https:\/\/www.revuemusicale.ch\/#organization"},"image":{"@id":"https:\/\/www.revuemusicale.ch\/critiques\/livres-et-partitions\/2023\/06\/kancheli#primaryimage"},"thumbnailUrl":"https:\/\/www.revuemusicale.ch\/wp-content\/uploads\/2023\/06\/Gia_Kancheli.jpeg","keywords":["Andrea Malvano","Claude Debussy","Giya Kancheli","Jean-Luc Caron"],"articleSection":["Critiques","Livres et partitions"],"inLanguage":"en-US"},{"@type":"WebPage","@id":"https:\/\/www.revuemusicale.ch\/critiques\/livres-et-partitions\/2023\/06\/kancheli","url":"https:\/\/www.revuemusicale.ch\/critiques\/livres-et-partitions\/2023\/06\/kancheli","name":"Musique du silence - Revue Musicale Suisse","isPartOf":{"@id":"https:\/\/www.revuemusicale.ch\/#website"},"primaryImageOfPage":{"@id":"https:\/\/www.revuemusicale.ch\/critiques\/livres-et-partitions\/2023\/06\/kancheli#primaryimage"},"image":{"@id":"https:\/\/www.revuemusicale.ch\/critiques\/livres-et-partitions\/2023\/06\/kancheli#primaryimage"},"thumbnailUrl":"https:\/\/www.revuemusicale.ch\/wp-content\/uploads\/2023\/06\/Gia_Kancheli.jpeg","datePublished":"2023-06-01T13:29:10+00:00","dateModified":"2025-04-07T14:49:01+00:00","breadcrumb":{"@id":"https:\/\/www.revuemusicale.ch\/critiques\/livres-et-partitions\/2023\/06\/kancheli#breadcrumb"},"inLanguage":"en-US","potentialAction":[{"@type":"ReadAction","target":["https:\/\/www.revuemusicale.ch\/critiques\/livres-et-partitions\/2023\/06\/kancheli"]}]},{"@type":"ImageObject","inLanguage":"en-US","@id":"https:\/\/www.revuemusicale.ch\/critiques\/livres-et-partitions\/2023\/06\/kancheli#primaryimage","url":"https:\/\/www.revuemusicale.ch\/wp-content\/uploads\/2023\/06\/Gia_Kancheli.jpeg","contentUrl":"https:\/\/www.revuemusicale.ch\/wp-content\/uploads\/2023\/06\/Gia_Kancheli.jpeg","width":1400,"height":935},{"@type":"BreadcrumbList","@id":"https:\/\/www.revuemusicale.ch\/critiques\/livres-et-partitions\/2023\/06\/kancheli#breadcrumb","itemListElement":[{"@type":"ListItem","position":1,"name":"Home","item":"https:\/\/www.revuemusicale.ch\/"},{"@type":"ListItem","position":2,"name":"Musique du silence"}]},{"@type":"WebSite","@id":"https:\/\/www.revuemusicale.ch\/#website","url":"https:\/\/www.revuemusicale.ch\/","name":"Swiss Music Review","description":"","publisher":{"@id":"https:\/\/www.revuemusicale.ch\/#organization"},"potentialAction":[{"@type":"SearchAction","target":{"@type":"EntryPoint","urlTemplate":"https:\/\/www.revuemusicale.ch\/?s={search_term_string}"},"query-input":{"@type":"PropertyValueSpecification","valueRequired":true,"valueName":"search_term_string"}}],"inLanguage":"en-US"},{"@type":"Organization","@id":"https:\/\/www.revuemusicale.ch\/#organization","name":"Swiss Music Review","url":"https:\/\/www.revuemusicale.ch\/","logo":{"@type":"ImageObject","inLanguage":"en-US","@id":"https:\/\/www.revuemusicale.ch\/#\/schema\/logo\/image\/","url":"https:\/\/www.revuemusicale.ch\/wp-content\/uploads\/2023\/01\/logo_revuemusicale_musikzeitung.jpg","contentUrl":"https:\/\/www.revuemusicale.ch\/wp-content\/uploads\/2023\/01\/logo_revuemusicale_musikzeitung.jpg","width":1200,"height":243,"caption":"Revue Musicale Suisse"},"image":{"@id":"https:\/\/www.revuemusicale.ch\/#\/schema\/logo\/image\/"},"sameAs":["https:\/\/www.facebook.com\/SchweizerMusikzeitung\/","https:\/\/x.com\/smusikzeitung","https:\/\/www.instagram.com\/musikzeitung.ch\/?hl=de"]},{"@type":"Person","@id":"https:\/\/www.revuemusicale.ch\/#\/schema\/person\/b2fd892c800856270b9dcc6001265712","name":"Musikzeitung-Redaktion","image":{"@type":"ImageObject","inLanguage":"en-US","@id":"https:\/\/secure.gravatar.com\/avatar\/0c7e6a405862e402eb76a70f8a26fc732d07c32931e9fae9ab1582911d2e8a3b?s=96&d=mm&r=g","url":"https:\/\/secure.gravatar.com\/avatar\/0c7e6a405862e402eb76a70f8a26fc732d07c32931e9fae9ab1582911d2e8a3b?s=96&d=mm&r=g","contentUrl":"https:\/\/secure.gravatar.com\/avatar\/0c7e6a405862e402eb76a70f8a26fc732d07c32931e9fae9ab1582911d2e8a3b?s=96&d=mm&r=g","caption":"Musikzeitung-Redaktion"},"sameAs":["http:\/\/wundo-docker.io"],"url":"https:\/\/www.revuemusicale.ch\/en\/author\/admin"}]}},"publishpress_future_action":{"enabled":false,"date":"1970-01-01 01:00:00","action":"change-status","newStatus":"draft","terms":[],"taxonomy":"category","extraData":[]},"publishpress_future_workflow_manual_trigger":{"enabledWorkflows":[]},"_links":{"self":[{"href":"https:\/\/www.revuemusicale.ch\/en\/wp-json\/wp\/v2\/posts\/29627","targetHints":{"allow":["GET"]}}],"collection":[{"href":"https:\/\/www.revuemusicale.ch\/en\/wp-json\/wp\/v2\/posts"}],"about":[{"href":"https:\/\/www.revuemusicale.ch\/en\/wp-json\/wp\/v2\/types\/post"}],"author":[{"embeddable":true,"href":"https:\/\/www.revuemusicale.ch\/en\/wp-json\/wp\/v2\/users\/1"}],"replies":[{"embeddable":true,"href":"https:\/\/www.revuemusicale.ch\/en\/wp-json\/wp\/v2\/comments?post=29627"}],"version-history":[{"count":4,"href":"https:\/\/www.revuemusicale.ch\/en\/wp-json\/wp\/v2\/posts\/29627\/revisions"}],"predecessor-version":[{"id":29683,"href":"https:\/\/www.revuemusicale.ch\/en\/wp-json\/wp\/v2\/posts\/29627\/revisions\/29683"}],"wp:featuredmedia":[{"embeddable":true,"href":"https:\/\/www.revuemusicale.ch\/en\/wp-json\/wp\/v2\/media\/29678"}],"wp:attachment":[{"href":"https:\/\/www.revuemusicale.ch\/en\/wp-json\/wp\/v2\/media?parent=29627"}],"wp:term":[{"taxonomy":"category","embeddable":true,"href":"https:\/\/www.revuemusicale.ch\/en\/wp-json\/wp\/v2\/categories?post=29627"},{"taxonomy":"post_tag","embeddable":true,"href":"https:\/\/www.revuemusicale.ch\/en\/wp-json\/wp\/v2\/tags?post=29627"}],"curies":[{"name":"wp","href":"https:\/\/api.w.org\/{rel}","templated":true}]}}