{"id":29633,"date":"2023-05-31T09:00:27","date_gmt":"2023-05-31T07:00:27","guid":{"rendered":"https:\/\/www.revuemusicale.ch\/?p=29633"},"modified":"2023-06-28T16:58:15","modified_gmt":"2023-06-28T14:58:15","slug":"numero-6-2023-focus-volume","status":"publish","type":"post","link":"https:\/\/www.revuemusicale.ch\/en\/smz\/2023\/05\/numero-6-2023-focus-volume","title":{"rendered":"Issue 6\/2023 - Focus on \"volume"},"content":{"rendered":"<figure id=\"attachment_44965\" aria-describedby=\"caption-attachment-44965\" style=\"width: 1400px\" class=\"wp-caption alignnone\"><img loading=\"lazy\" decoding=\"async\" class=\"size-full wp-image-44965\" src=\"https:\/\/www.musikzeitung.ch\/wp-content\/uploads\/2023\/05\/SMZ_6-2023_Titel.jpg\" alt=\"\" width=\"1400\" height=\"835\" \/><figcaption id=\"caption-attachment-44965\" class=\"wp-caption-text\">Title image: Olivier Spinnler, photographed by Holger Jacob<\/figcaption><\/figure>\n<h3>Table of contents<\/h3>\n<p><strong>Focus<\/strong><\/p>\n<div class=\"page\" title=\"Page 4\">\n<div class=\"layoutArea\">\n<div class=\"column\">\n<p><strong><em>Strong and gentle over time<\/em><\/strong><br \/>\n<em>Is the volume part of the work or part of the interpretation?<\/em><\/p>\n<div class=\"page\" title=\"Page 4\">\n<div class=\"layoutArea\">\n<div class=\"column\">\n<p>\"Stronger and stronger is a quest for stimulation\".<br \/>\nWhat influence does loudness have on the human mind?<\/p>\n<\/div>\n<\/div>\n<\/div>\n<\/div>\n<\/div>\n<div class=\"layoutArea\">\n<div class=\"column\">\n<div class=\"page\" title=\"Page 4\">\n<div class=\"layoutArea\">\n<div class=\"column\">\n<p><strong><em>Chopping with love and respect<\/em><\/strong><br \/>\n<em>The compositional method of amproprification<\/em><\/p>\n<\/div>\n<\/div>\n<\/div>\n<p><strong>Music in the body<\/strong><br \/>\nDivert the volume, feel the vibration<\/p>\n<\/div>\n<\/div>\n<\/div>\n<p><em>\u00a0<\/em><em>(italics = French summary of the original German article)<\/em><\/p>\n<p>&nbsp;<\/p>\n<p><strong>Reviews<\/strong><\/p>\n<p><a href=\"https:\/\/www.revuemusicale.ch\/en\/critiques\/\" target=\"_blank\" rel=\"noopener\">Book, record and sheet music reviews<\/a><\/p>\n<p><strong>Echo<\/strong><\/p>\n<p><strong>250 Jahre Hans Georg N\u00e4geli<\/strong><\/p>\n<p><a href=\"https:\/\/www.rts.ch\/audio-podcast\/2023\/audio\/les-abysses-26122241.html\" target=\"_blank\" rel=\"noopener\"><strong>Radio Francesco - the abyss<\/strong><\/a><\/p>\n<p><a href=\"https:\/\/www.musikzeitung.ch\/berichte\/2023\/05\/nachdenken-ueber-den-krieg-songs-of-wars-i-have-seen\" target=\"_blank\" rel=\"noopener\"><strong>Nachdenken \u00fcber den Krieg<\/strong><\/a><br \/>\n<a href=\"https:\/\/www.musikzeitung.ch\/berichte\/2023\/05\/nachdenken-ueber-den-krieg-songs-of-wars-i-have-seen\" target=\"_blank\" rel=\"noopener\"><em>Songs of Wars I Have Seen<\/em> von Heiner Goebbels\u00a0<\/a><\/p>\n<p><a href=\"https:\/\/www.musikzeitung.ch\/berichte\/2023\/05\/lied_basel_23\" target=\"_blank\" rel=\"noopener\"><strong>Was Lieder mit uns machen<\/strong><\/a><br \/>\n<a href=\"https:\/\/www.musikzeitung.ch\/berichte\/2023\/05\/lied_basel_23\" target=\"_blank\" rel=\"noopener\">Das Motto \"gef\u00e4hrlich leben\" am 4. Liedfestival in Basel\u00a0<\/a><\/p>\n<p><a href=\"https:\/\/www.musikzeitung.ch\/berichte\/2023\/05\/interdisziplinaere-musiktherapeutische-ansaetze\" target=\"_blank\" rel=\"noopener\"><strong>Interdisziplin\u00e4re musiktherapeutische Ans\u00e4tze<\/strong><\/a><br \/>\n<a href=\"https:\/\/www.musikzeitung.ch\/berichte\/2023\/05\/interdisziplinaere-musiktherapeutische-ansaetze\" target=\"_blank\" rel=\"noopener\">Fachtagung in Basel<\/a><\/p>\n<p><strong>Carte blanche to William Blank<br \/>\n<\/strong>Our damaged ear<\/p>\n<p>&nbsp;<\/p>\n<p><strong>Basis<\/strong><\/p>\n<p>Articles and information from associations:<\/p>\n<p><a href=\"https:\/\/www.musikzeitung.ch\/basis\/eov\/\" target=\"_blank\" rel=\"noopener\">Eidgen\u00f6ssischer Orchesterverband (EOV) \/ Soci\u00e9t\u00e9 F\u00e9d\u00e9rale des Orchestres (SFO)<\/a><\/p>\n<p><a href=\"https:\/\/www.musikzeitung.ch\/basis\/kmhss\/\" target=\"_blank\" rel=\"noopener\">Konferenz Musikhochschulen Schweiz (KMHS) \/ Conference of Swiss Colleges of Music (CHEMS)<\/a><\/p>\n<p><a href=\"https:\/\/www.musikzeitung.ch\/basis\/kalaidos\/\" target=\"_blank\" rel=\"noopener\">Kalaidos Musikhochschule \/ Kalaidos High School of Music<\/a><\/p>\n<p><a href=\"https:\/\/www.musikzeitung.ch\/basis\/smr\/\" target=\"_blank\" rel=\"noopener\">Schweizer Musikrat (SMR) \/ Swiss Music Council (CSM)<\/a><\/p>\n<p><a href=\"https:\/\/www.musikzeitung.ch\/basis\/chorama\/\" target=\"_blank\" rel=\"noopener\">CHorama<\/a><\/p>\n<p><a href=\"https:\/\/www.musikzeitung.ch\/basis\/smm\/\" target=\"_blank\" rel=\"noopener\">Schweizerische Gesellschaft f\u00fcr Musik-Medizin (SMM) \/ Swiss Association for Music Medicine (SMM)<\/a><\/p>\n<p><a href=\"https:\/\/www.musikzeitung.ch\/basis\/smg\/\">Schweizerische Musikforschende Gesellschaft (SMG) \/ Swiss Musicological Society (SSM)<\/a><\/p>\n<p><a href=\"https:\/\/www.musikzeitung.ch\/basis\/smv\/\">Schweizerischer Musikerverband (SMV) \/ Union Suisse des Artistes Musiciens (USDAM)<\/a><\/p>\n<p><a href=\"https:\/\/www.musikzeitung.ch\/basis\/smpv\/\">Schweizerischer Musikp\u00e4dagogischer Verband (SMPV) \/ Soci\u00e9t\u00e9 Suisse de P\u00e9dagogie Musicale (SSPM)<\/a><\/p>\n<p><a href=\"https:\/\/www.musikzeitung.ch\/basis\/sonart\/\" target=\"_blank\" rel=\"noopener\">SONART - Musikschaffende Schweiz<\/a><\/p>\n<p><a href=\"https:\/\/www.musikzeitung.ch\/basis\/sjmw\/\">Stiftung Schweizerischer Jugendmusikwettbewerb (SJMW)<\/a><\/p>\n<p><a href=\"https:\/\/www.musikzeitung.ch\/basis\/arosa-kultur\/\" target=\"_blank\" rel=\"noopener\">Arosa Kultur<\/a><\/p>\n<p><a href=\"https:\/\/www.musikzeitung.ch\/basis\/suisa\/\" target=\"_blank\" rel=\"noopener\">SUISA - Genossenschaft der Urheber und Verleger von Musik<\/a><\/p>\n<p><a href=\"https:\/\/www.musikzeitung.ch\/basis\/vms\/\" target=\"_blank\" rel=\"noopener\">Verband Musikschulen Schweiz (VMS) \/ Swiss Association of Music Schools (ASEM)<\/a><\/p>\n<p>&nbsp;<\/p>\n<p><strong>Strong and weak<br \/>\n<\/strong>Torsten M\u00f6ller's riddle<\/p>\n<p>________________________________________<\/p>\n<p><a href=\"mailto:contact@musikzeitung.ch\"><strong>Order this issue for CHF 8.- (+ CHF 2.- postage)<\/strong><\/a><\/p>","protected":false},"excerpt":{"rendered":"<p>Table des mati\u00e8res Focus Fort et doucement au fil du temps Le volume fait-il partie de l\u2019\u0153uvre ou de l&rsquo;interpr\u00e9tation ? \u00ab Le toujours plus fort est une que\u0302te de stimulation \u00bb Quelle est l\u2019influence du volume sonore sur l\u2019esprit humain ? Hacher avec amour et respect La me\u0301thode compositionnelle de l\u2019amproprification La musique dans [&hellip;]<\/p>\n","protected":false},"author":1,"featured_media":29658,"comment_status":"closed","ping_status":"closed","sticky":false,"template":"","format":"standard","meta":{"_acf_changed":false,"_relevanssi_hide_post":"","_relevanssi_hide_content":"","_relevanssi_pin_for_all":"","_relevanssi_pin_keywords":"","_relevanssi_unpin_keywords":"","_relevanssi_related_keywords":"","_relevanssi_related_include_ids":"","_relevanssi_related_exclude_ids":"","_relevanssi_related_no_append":"","_relevanssi_related_not_related":"","_relevanssi_related_posts":"","_relevanssi_noindex_reason":"","pgc_sgb_lightbox_settings":"","footnotes":""},"categories":[1565],"tags":[1725,1724,1722,1723],"class_list":["post-29633","post","type-post","status-publish","format-standard","has-post-thumbnail","hentry","category-smz","tag-amproprification","tag-dr-spinnler","tag-guerre-du-volume","tag-sensimus"],"acf":[],"yoast_head":"<!-- This site is optimized with the Yoast SEO plugin v27.3 - https:\/\/yoast.com\/product\/yoast-seo-wordpress\/ -->\n<title>Num\u00e9ro 6\/2023 \u2013 Focus \u00abvolume\u00bb - Revue Musicale Suisse<\/title>\n<meta name=\"description\" content=\"L&#039;\u00e9dition de juin 2023 de la Revue Musicale Suisse dont le focus est le \u00abvolume\u00bb. Table des mati\u00e8res avec liens sur les articles en ligne.\" \/>\n<meta name=\"robots\" content=\"index, follow, max-snippet:-1, max-image-preview:large, max-video-preview:-1\" \/>\n<link rel=\"canonical\" href=\"https:\/\/www.revuemusicale.ch\/en\/smz\/2023\/05\/numero-6-2023-focus-volume\/\" \/>\n<meta property=\"og:locale\" content=\"en_US\" \/>\n<meta property=\"og:type\" content=\"article\" \/>\n<meta property=\"og:title\" content=\"Num\u00e9ro 6\/2023 \u2013 Focus \u00abvolume\u00bb - Revue Musicale Suisse\" \/>\n<meta property=\"og:description\" content=\"L&#039;\u00e9dition de juin 2023 de la Revue Musicale Suisse dont le focus est le \u00abvolume\u00bb. Table des mati\u00e8res avec liens sur les articles en ligne.\" \/>\n<meta property=\"og:url\" content=\"https:\/\/www.revuemusicale.ch\/en\/smz\/2023\/05\/numero-6-2023-focus-volume\/\" \/>\n<meta property=\"og:site_name\" content=\"Revue Musicale Suisse\" \/>\n<meta property=\"article:publisher\" content=\"https:\/\/www.facebook.com\/SchweizerMusikzeitung\/\" \/>\n<meta property=\"article:published_time\" content=\"2023-05-31T07:00:27+00:00\" \/>\n<meta property=\"article:modified_time\" content=\"2023-06-28T14:58:15+00:00\" \/>\n<meta property=\"og:image\" content=\"https:\/\/www.revuemusicale.ch\/wp-content\/uploads\/2023\/05\/SMZ_6-2023_Titel.jpg\" \/>\n\t<meta property=\"og:image:width\" content=\"1400\" \/>\n\t<meta property=\"og:image:height\" content=\"835\" \/>\n\t<meta property=\"og:image:type\" content=\"image\/jpeg\" \/>\n<meta name=\"author\" content=\"Musikzeitung-Redaktion\" \/>\n<meta name=\"twitter:card\" content=\"summary_large_image\" \/>\n<meta name=\"twitter:creator\" content=\"@smusikzeitung\" \/>\n<meta name=\"twitter:site\" content=\"@smusikzeitung\" \/>\n<meta name=\"twitter:label1\" content=\"Written by\" \/>\n\t<meta name=\"twitter:data1\" content=\"Musikzeitung-Redaktion\" \/>\n\t<meta name=\"twitter:label2\" content=\"Est. reading time\" \/>\n\t<meta name=\"twitter:data2\" content=\"2 minutes\" \/>\n<script type=\"application\/ld+json\" class=\"yoast-schema-graph\">{\"@context\":\"https:\\\/\\\/schema.org\",\"@graph\":[{\"@type\":\"Article\",\"@id\":\"https:\\\/\\\/www.revuemusicale.ch\\\/smz\\\/2023\\\/05\\\/numero-6-2023-focus-volume#article\",\"isPartOf\":{\"@id\":\"https:\\\/\\\/www.revuemusicale.ch\\\/smz\\\/2023\\\/05\\\/numero-6-2023-focus-volume\"},\"author\":{\"name\":\"Musikzeitung-Redaktion\",\"@id\":\"https:\\\/\\\/www.revuemusicale.ch\\\/#\\\/schema\\\/person\\\/b2fd892c800856270b9dcc6001265712\"},\"headline\":\"Num\u00e9ro 6\\\/2023 \u2013 Focus \u00abvolume\u00bb\",\"datePublished\":\"2023-05-31T07:00:27+00:00\",\"dateModified\":\"2023-06-28T14:58:15+00:00\",\"mainEntityOfPage\":{\"@id\":\"https:\\\/\\\/www.revuemusicale.ch\\\/smz\\\/2023\\\/05\\\/numero-6-2023-focus-volume\"},\"wordCount\":305,\"publisher\":{\"@id\":\"https:\\\/\\\/www.revuemusicale.ch\\\/#organization\"},\"image\":{\"@id\":\"https:\\\/\\\/www.revuemusicale.ch\\\/smz\\\/2023\\\/05\\\/numero-6-2023-focus-volume#primaryimage\"},\"thumbnailUrl\":\"https:\\\/\\\/www.revuemusicale.ch\\\/wp-content\\\/uploads\\\/2023\\\/05\\\/SMZ_6-2023_Titel.jpg\",\"keywords\":[\"Amproprification\",\"Dr Spinnler\",\"Guerre du volume\",\"Sensimus\"],\"articleSection\":[\"SMZ\"],\"inLanguage\":\"en-US\"},{\"@type\":\"WebPage\",\"@id\":\"https:\\\/\\\/www.revuemusicale.ch\\\/smz\\\/2023\\\/05\\\/numero-6-2023-focus-volume\",\"url\":\"https:\\\/\\\/www.revuemusicale.ch\\\/smz\\\/2023\\\/05\\\/numero-6-2023-focus-volume\",\"name\":\"Num\u00e9ro 6\\\/2023 \u2013 Focus \u00abvolume\u00bb - Revue Musicale Suisse\",\"isPartOf\":{\"@id\":\"https:\\\/\\\/www.revuemusicale.ch\\\/#website\"},\"primaryImageOfPage\":{\"@id\":\"https:\\\/\\\/www.revuemusicale.ch\\\/smz\\\/2023\\\/05\\\/numero-6-2023-focus-volume#primaryimage\"},\"image\":{\"@id\":\"https:\\\/\\\/www.revuemusicale.ch\\\/smz\\\/2023\\\/05\\\/numero-6-2023-focus-volume#primaryimage\"},\"thumbnailUrl\":\"https:\\\/\\\/www.revuemusicale.ch\\\/wp-content\\\/uploads\\\/2023\\\/05\\\/SMZ_6-2023_Titel.jpg\",\"datePublished\":\"2023-05-31T07:00:27+00:00\",\"dateModified\":\"2023-06-28T14:58:15+00:00\",\"description\":\"L'\u00e9dition de juin 2023 de la Revue Musicale Suisse dont le focus est le \u00abvolume\u00bb. Table des mati\u00e8res avec liens sur les articles en ligne.\",\"breadcrumb\":{\"@id\":\"https:\\\/\\\/www.revuemusicale.ch\\\/smz\\\/2023\\\/05\\\/numero-6-2023-focus-volume#breadcrumb\"},\"inLanguage\":\"en-US\",\"potentialAction\":[{\"@type\":\"ReadAction\",\"target\":[\"https:\\\/\\\/www.revuemusicale.ch\\\/smz\\\/2023\\\/05\\\/numero-6-2023-focus-volume\"]}]},{\"@type\":\"ImageObject\",\"inLanguage\":\"en-US\",\"@id\":\"https:\\\/\\\/www.revuemusicale.ch\\\/smz\\\/2023\\\/05\\\/numero-6-2023-focus-volume#primaryimage\",\"url\":\"https:\\\/\\\/www.revuemusicale.ch\\\/wp-content\\\/uploads\\\/2023\\\/05\\\/SMZ_6-2023_Titel.jpg\",\"contentUrl\":\"https:\\\/\\\/www.revuemusicale.ch\\\/wp-content\\\/uploads\\\/2023\\\/05\\\/SMZ_6-2023_Titel.jpg\",\"width\":1400,\"height\":835},{\"@type\":\"BreadcrumbList\",\"@id\":\"https:\\\/\\\/www.revuemusicale.ch\\\/smz\\\/2023\\\/05\\\/numero-6-2023-focus-volume#breadcrumb\",\"itemListElement\":[{\"@type\":\"ListItem\",\"position\":1,\"name\":\"Home\",\"item\":\"https:\\\/\\\/www.revuemusicale.ch\\\/\"},{\"@type\":\"ListItem\",\"position\":2,\"name\":\"Num\u00e9ro 6\\\/2023 \u2013 Focus \u00abvolume\u00bb\"}]},{\"@type\":\"WebSite\",\"@id\":\"https:\\\/\\\/www.revuemusicale.ch\\\/#website\",\"url\":\"https:\\\/\\\/www.revuemusicale.ch\\\/\",\"name\":\"Revue Musicale Suisse\",\"description\":\"\",\"publisher\":{\"@id\":\"https:\\\/\\\/www.revuemusicale.ch\\\/#organization\"},\"potentialAction\":[{\"@type\":\"SearchAction\",\"target\":{\"@type\":\"EntryPoint\",\"urlTemplate\":\"https:\\\/\\\/www.revuemusicale.ch\\\/?s={search_term_string}\"},\"query-input\":{\"@type\":\"PropertyValueSpecification\",\"valueRequired\":true,\"valueName\":\"search_term_string\"}}],\"inLanguage\":\"en-US\"},{\"@type\":\"Organization\",\"@id\":\"https:\\\/\\\/www.revuemusicale.ch\\\/#organization\",\"name\":\"Revue Musicale Suisse\",\"url\":\"https:\\\/\\\/www.revuemusicale.ch\\\/\",\"logo\":{\"@type\":\"ImageObject\",\"inLanguage\":\"en-US\",\"@id\":\"https:\\\/\\\/www.revuemusicale.ch\\\/#\\\/schema\\\/logo\\\/image\\\/\",\"url\":\"https:\\\/\\\/www.revuemusicale.ch\\\/wp-content\\\/uploads\\\/2023\\\/01\\\/logo_revuemusicale_musikzeitung.jpg\",\"contentUrl\":\"https:\\\/\\\/www.revuemusicale.ch\\\/wp-content\\\/uploads\\\/2023\\\/01\\\/logo_revuemusicale_musikzeitung.jpg\",\"width\":1200,\"height\":243,\"caption\":\"Revue Musicale Suisse\"},\"image\":{\"@id\":\"https:\\\/\\\/www.revuemusicale.ch\\\/#\\\/schema\\\/logo\\\/image\\\/\"},\"sameAs\":[\"https:\\\/\\\/www.facebook.com\\\/SchweizerMusikzeitung\\\/\",\"https:\\\/\\\/x.com\\\/smusikzeitung\",\"https:\\\/\\\/www.instagram.com\\\/musikzeitung.ch\\\/?hl=de\"]},{\"@type\":\"Person\",\"@id\":\"https:\\\/\\\/www.revuemusicale.ch\\\/#\\\/schema\\\/person\\\/b2fd892c800856270b9dcc6001265712\",\"name\":\"Musikzeitung-Redaktion\",\"image\":{\"@type\":\"ImageObject\",\"inLanguage\":\"en-US\",\"@id\":\"https:\\\/\\\/secure.gravatar.com\\\/avatar\\\/0c7e6a405862e402eb76a70f8a26fc732d07c32931e9fae9ab1582911d2e8a3b?s=96&d=mm&r=g\",\"url\":\"https:\\\/\\\/secure.gravatar.com\\\/avatar\\\/0c7e6a405862e402eb76a70f8a26fc732d07c32931e9fae9ab1582911d2e8a3b?s=96&d=mm&r=g\",\"contentUrl\":\"https:\\\/\\\/secure.gravatar.com\\\/avatar\\\/0c7e6a405862e402eb76a70f8a26fc732d07c32931e9fae9ab1582911d2e8a3b?s=96&d=mm&r=g\",\"caption\":\"Musikzeitung-Redaktion\"},\"sameAs\":[\"http:\\\/\\\/wundo-docker.io\"],\"url\":\"https:\\\/\\\/www.revuemusicale.ch\\\/en\\\/author\\\/admin\"}]}<\/script>\n<!-- \/ Yoast SEO plugin. -->","yoast_head_json":{"title":"Num\u00e9ro 6\/2023 \u2013 Focus \u00abvolume\u00bb - Revue Musicale Suisse","description":"L'\u00e9dition de juin 2023 de la Revue Musicale Suisse dont le focus est le \u00abvolume\u00bb. Table des mati\u00e8res avec liens sur les articles en ligne.","robots":{"index":"index","follow":"follow","max-snippet":"max-snippet:-1","max-image-preview":"max-image-preview:large","max-video-preview":"max-video-preview:-1"},"canonical":"https:\/\/www.revuemusicale.ch\/en\/smz\/2023\/05\/numero-6-2023-focus-volume\/","og_locale":"en_US","og_type":"article","og_title":"Num\u00e9ro 6\/2023 \u2013 Focus \u00abvolume\u00bb - Revue Musicale Suisse","og_description":"L'\u00e9dition de juin 2023 de la Revue Musicale Suisse dont le focus est le \u00abvolume\u00bb. Table des mati\u00e8res avec liens sur les articles en ligne.","og_url":"https:\/\/www.revuemusicale.ch\/en\/smz\/2023\/05\/numero-6-2023-focus-volume\/","og_site_name":"Revue Musicale Suisse","article_publisher":"https:\/\/www.facebook.com\/SchweizerMusikzeitung\/","article_published_time":"2023-05-31T07:00:27+00:00","article_modified_time":"2023-06-28T14:58:15+00:00","og_image":[{"width":1400,"height":835,"url":"https:\/\/www.revuemusicale.ch\/wp-content\/uploads\/2023\/05\/SMZ_6-2023_Titel.jpg","type":"image\/jpeg"}],"author":"Musikzeitung-Redaktion","twitter_card":"summary_large_image","twitter_creator":"@smusikzeitung","twitter_site":"@smusikzeitung","twitter_misc":{"Written by":"Musikzeitung-Redaktion","Est. reading time":"2 minutes"},"schema":{"@context":"https:\/\/schema.org","@graph":[{"@type":"Article","@id":"https:\/\/www.revuemusicale.ch\/smz\/2023\/05\/numero-6-2023-focus-volume#article","isPartOf":{"@id":"https:\/\/www.revuemusicale.ch\/smz\/2023\/05\/numero-6-2023-focus-volume"},"author":{"name":"Musikzeitung-Redaktion","@id":"https:\/\/www.revuemusicale.ch\/#\/schema\/person\/b2fd892c800856270b9dcc6001265712"},"headline":"Num\u00e9ro 6\/2023 \u2013 Focus \u00abvolume\u00bb","datePublished":"2023-05-31T07:00:27+00:00","dateModified":"2023-06-28T14:58:15+00:00","mainEntityOfPage":{"@id":"https:\/\/www.revuemusicale.ch\/smz\/2023\/05\/numero-6-2023-focus-volume"},"wordCount":305,"publisher":{"@id":"https:\/\/www.revuemusicale.ch\/#organization"},"image":{"@id":"https:\/\/www.revuemusicale.ch\/smz\/2023\/05\/numero-6-2023-focus-volume#primaryimage"},"thumbnailUrl":"https:\/\/www.revuemusicale.ch\/wp-content\/uploads\/2023\/05\/SMZ_6-2023_Titel.jpg","keywords":["Amproprification","Dr Spinnler","Guerre du volume","Sensimus"],"articleSection":["SMZ"],"inLanguage":"en-US"},{"@type":"WebPage","@id":"https:\/\/www.revuemusicale.ch\/smz\/2023\/05\/numero-6-2023-focus-volume","url":"https:\/\/www.revuemusicale.ch\/smz\/2023\/05\/numero-6-2023-focus-volume","name":"Num\u00e9ro 6\/2023 \u2013 Focus \u00abvolume\u00bb - Revue Musicale Suisse","isPartOf":{"@id":"https:\/\/www.revuemusicale.ch\/#website"},"primaryImageOfPage":{"@id":"https:\/\/www.revuemusicale.ch\/smz\/2023\/05\/numero-6-2023-focus-volume#primaryimage"},"image":{"@id":"https:\/\/www.revuemusicale.ch\/smz\/2023\/05\/numero-6-2023-focus-volume#primaryimage"},"thumbnailUrl":"https:\/\/www.revuemusicale.ch\/wp-content\/uploads\/2023\/05\/SMZ_6-2023_Titel.jpg","datePublished":"2023-05-31T07:00:27+00:00","dateModified":"2023-06-28T14:58:15+00:00","description":"L'\u00e9dition de juin 2023 de la Revue Musicale Suisse dont le focus est le \u00abvolume\u00bb. Table des mati\u00e8res avec liens sur les articles en ligne.","breadcrumb":{"@id":"https:\/\/www.revuemusicale.ch\/smz\/2023\/05\/numero-6-2023-focus-volume#breadcrumb"},"inLanguage":"en-US","potentialAction":[{"@type":"ReadAction","target":["https:\/\/www.revuemusicale.ch\/smz\/2023\/05\/numero-6-2023-focus-volume"]}]},{"@type":"ImageObject","inLanguage":"en-US","@id":"https:\/\/www.revuemusicale.ch\/smz\/2023\/05\/numero-6-2023-focus-volume#primaryimage","url":"https:\/\/www.revuemusicale.ch\/wp-content\/uploads\/2023\/05\/SMZ_6-2023_Titel.jpg","contentUrl":"https:\/\/www.revuemusicale.ch\/wp-content\/uploads\/2023\/05\/SMZ_6-2023_Titel.jpg","width":1400,"height":835},{"@type":"BreadcrumbList","@id":"https:\/\/www.revuemusicale.ch\/smz\/2023\/05\/numero-6-2023-focus-volume#breadcrumb","itemListElement":[{"@type":"ListItem","position":1,"name":"Home","item":"https:\/\/www.revuemusicale.ch\/"},{"@type":"ListItem","position":2,"name":"Num\u00e9ro 6\/2023 \u2013 Focus \u00abvolume\u00bb"}]},{"@type":"WebSite","@id":"https:\/\/www.revuemusicale.ch\/#website","url":"https:\/\/www.revuemusicale.ch\/","name":"Swiss Music Review","description":"","publisher":{"@id":"https:\/\/www.revuemusicale.ch\/#organization"},"potentialAction":[{"@type":"SearchAction","target":{"@type":"EntryPoint","urlTemplate":"https:\/\/www.revuemusicale.ch\/?s={search_term_string}"},"query-input":{"@type":"PropertyValueSpecification","valueRequired":true,"valueName":"search_term_string"}}],"inLanguage":"en-US"},{"@type":"Organization","@id":"https:\/\/www.revuemusicale.ch\/#organization","name":"Swiss Music Review","url":"https:\/\/www.revuemusicale.ch\/","logo":{"@type":"ImageObject","inLanguage":"en-US","@id":"https:\/\/www.revuemusicale.ch\/#\/schema\/logo\/image\/","url":"https:\/\/www.revuemusicale.ch\/wp-content\/uploads\/2023\/01\/logo_revuemusicale_musikzeitung.jpg","contentUrl":"https:\/\/www.revuemusicale.ch\/wp-content\/uploads\/2023\/01\/logo_revuemusicale_musikzeitung.jpg","width":1200,"height":243,"caption":"Revue Musicale Suisse"},"image":{"@id":"https:\/\/www.revuemusicale.ch\/#\/schema\/logo\/image\/"},"sameAs":["https:\/\/www.facebook.com\/SchweizerMusikzeitung\/","https:\/\/x.com\/smusikzeitung","https:\/\/www.instagram.com\/musikzeitung.ch\/?hl=de"]},{"@type":"Person","@id":"https:\/\/www.revuemusicale.ch\/#\/schema\/person\/b2fd892c800856270b9dcc6001265712","name":"Musikzeitung-Redaktion","image":{"@type":"ImageObject","inLanguage":"en-US","@id":"https:\/\/secure.gravatar.com\/avatar\/0c7e6a405862e402eb76a70f8a26fc732d07c32931e9fae9ab1582911d2e8a3b?s=96&d=mm&r=g","url":"https:\/\/secure.gravatar.com\/avatar\/0c7e6a405862e402eb76a70f8a26fc732d07c32931e9fae9ab1582911d2e8a3b?s=96&d=mm&r=g","contentUrl":"https:\/\/secure.gravatar.com\/avatar\/0c7e6a405862e402eb76a70f8a26fc732d07c32931e9fae9ab1582911d2e8a3b?s=96&d=mm&r=g","caption":"Musikzeitung-Redaktion"},"sameAs":["http:\/\/wundo-docker.io"],"url":"https:\/\/www.revuemusicale.ch\/en\/author\/admin"}]}},"publishpress_future_action":{"enabled":false,"date":"1970-01-01 01:00:00","action":"change-status","newStatus":"draft","terms":[],"taxonomy":"category","extraData":[]},"publishpress_future_workflow_manual_trigger":{"enabledWorkflows":[]},"_links":{"self":[{"href":"https:\/\/www.revuemusicale.ch\/en\/wp-json\/wp\/v2\/posts\/29633","targetHints":{"allow":["GET"]}}],"collection":[{"href":"https:\/\/www.revuemusicale.ch\/en\/wp-json\/wp\/v2\/posts"}],"about":[{"href":"https:\/\/www.revuemusicale.ch\/en\/wp-json\/wp\/v2\/types\/post"}],"author":[{"embeddable":true,"href":"https:\/\/www.revuemusicale.ch\/en\/wp-json\/wp\/v2\/users\/1"}],"replies":[{"embeddable":true,"href":"https:\/\/www.revuemusicale.ch\/en\/wp-json\/wp\/v2\/comments?post=29633"}],"version-history":[{"count":2,"href":"https:\/\/www.revuemusicale.ch\/en\/wp-json\/wp\/v2\/posts\/29633\/revisions"}],"predecessor-version":[{"id":29724,"href":"https:\/\/www.revuemusicale.ch\/en\/wp-json\/wp\/v2\/posts\/29633\/revisions\/29724"}],"wp:featuredmedia":[{"embeddable":true,"href":"https:\/\/www.revuemusicale.ch\/en\/wp-json\/wp\/v2\/media\/29658"}],"wp:attachment":[{"href":"https:\/\/www.revuemusicale.ch\/en\/wp-json\/wp\/v2\/media?parent=29633"}],"wp:term":[{"taxonomy":"category","embeddable":true,"href":"https:\/\/www.revuemusicale.ch\/en\/wp-json\/wp\/v2\/categories?post=29633"},{"taxonomy":"post_tag","embeddable":true,"href":"https:\/\/www.revuemusicale.ch\/en\/wp-json\/wp\/v2\/tags?post=29633"}],"curies":[{"name":"wp","href":"https:\/\/api.w.org\/{rel}","templated":true}]}}