{"id":29721,"date":"2023-06-28T14:13:03","date_gmt":"2023-06-28T12:13:03","guid":{"rendered":"https:\/\/www.revuemusicale.ch\/?p=29721"},"modified":"2023-09-06T09:03:20","modified_gmt":"2023-09-06T07:03:20","slug":"numero-7-8-2023-focus-montagne","status":"publish","type":"post","link":"https:\/\/www.revuemusicale.ch\/en\/smz\/2023\/06\/numero-7-8-2023-focus-montagne","title":{"rendered":"Issue 7-8\/2023 - Focus on mountains"},"content":{"rendered":"<figure id=\"attachment_45777\" aria-describedby=\"caption-attachment-45777\" style=\"width: 1400px\" class=\"wp-caption alignnone\"><img loading=\"lazy\" decoding=\"async\" class=\"wp-image-45777 size-full\" src=\"https:\/\/www.musikzeitung.ch\/wp-content\/uploads\/2023\/06\/Titel_7_8.jpg\" alt=\"\" width=\"1400\" height=\"835\" \/><figcaption id=\"caption-attachment-45777\" class=\"wp-caption-text\">Photo: Sara Oswald, photographed by Holger Jacob<\/figcaption><\/figure>\n<h3>Table of contents<\/h3>\n<h3><strong>Focus<\/strong><\/h3>\n<p class=\"p1\"><strong><span class=\"s1\"><i>What the mountains awaken in me<br \/>\n<\/i><\/span><\/strong><span class=\"s1\"><i>Interview with Sara Oswald<\/i><\/span><\/p>\n<p class=\"p1\"><strong><span class=\"s1\">The mysterious arrival of a <\/span><span class=\"s1\">ancestral instrument in Valais<br \/>\n<\/span><\/strong><span class=\"s1\">The fifes and drums of Val d'Anniviers<\/span><\/p>\n<p class=\"p1\"><strong><span class=\"s1\"><i>Alpine landscapes in music<br \/>\n<\/i><\/span><\/strong><span class=\"s1\"><i>Lieder by Krenek and Schoeck<\/i> | 7<\/span><\/p>\n<p class=\"p1\"><strong><span class=\"s1\">Preferred locations for <\/span><span class=\"s1\">festivals in relief<br \/>\n<\/span><\/strong><span class=\"s1\">Examples from Valais and Jura<\/span><\/p>\n<p><em>(italics = French summary of the original German article)<\/em><\/p>\n<p>&nbsp;<\/p>\n<p><strong>Reviews<\/strong><\/p>\n<p><a href=\"https:\/\/www.revuemusicale.ch\/en\/critiques\/\" target=\"_blank\" rel=\"noopener\">Book, record and sheet music reviews<\/a><\/p>\n<p>&nbsp;<\/p>\n<h3><strong>Echo<\/strong><\/h3>\n<p><strong><a href=\"https:\/\/www.musikzeitung.ch\/berichte\/2023\/06\/lola-blau-im-gruenen\" target=\"_blank\" rel=\"noopener\">Lola Blau im Gr\u00fcnen<\/a><br \/>\n<\/strong>Schmissige Kreisler-Show auf der Moosegg<\/p>\n<p><a href=\"https:\/\/www.rts.ch\/audio-podcast\/2022\/audio\/des-dragons-25877270.html\" target=\"_blank\" rel=\"noopener\"><strong>Radio Francesco - dragons<\/strong><\/a><\/p>\n<p><strong>An anniversary edition<\/strong><br \/>\nPiano \u00e0 Saint-Ursanne celebrates its 20th anniversary<\/p>\n<p><strong>Der \"Reger-Pianist\" Hermann Wiebel<\/strong><br \/>\nSeine Zeit als Soloklarinettist beim Z\u00fcrcher Tonhalle-Orchester<\/p>\n<p><a href=\"https:\/\/www.musikzeitung.ch\/dossiers\/2023\/06\/kurt-widmer-ein-universal-informierter-saenger\" target=\"_blank\" rel=\"noopener\"><strong>Kurt Widmer<\/strong><\/a><br \/>\nEin universal informierter S\u00e4nger<\/p>\n<p><a href=\"https:\/\/www.musikzeitung.ch\/dossiers\/2023\/06\/mario-venzago-als-komponist\" target=\"_blank\" rel=\"noopener\"><strong>Mario Venzago<\/strong><\/a><br \/>\nDer Dirigent als Komponist<\/p>\n<p><a href=\"https:\/\/www.musikzeitung.ch\/berichte\/2023\/06\/filigranes-an-den-lucerne-guitar-concerts\" target=\"_blank\" rel=\"noopener\"><strong>Watermark Kl\u00e4nge<\/strong><\/a><br \/>\nLucerne Guitar Concerts<\/p>\n<p><a href=\"https:\/\/www.musikzeitung.ch\/berichte\/2023\/05\/junge-choere-grosse-klasse\" target=\"_blank\" rel=\"noopener\"><strong>Junge Ch\u00f6re, grosse Klasse<\/strong><\/a><br \/>\n13. Europ\u00e4isches Jugendchorfestival Basel<\/p>\n<p><a href=\"https:\/\/www.musikzeitung.ch\/berichte\/2023\/06\/eine-verunglueckte-oper-am-theater-basel\" target=\"_blank\" rel=\"noopener\"><strong>\"Vergeigt - Oper<\/strong><\/a><br \/>\nEine verungl\u00fcckte Oper am Stadttheater Basel<\/p>\n<p><a href=\"https:\/\/www.musikzeitung.ch\/anlaesse\/2023\/06\/durch-die-zuercher-musikgeschichte-spazieren\" target=\"_blank\" rel=\"noopener\"><strong>Ein Spaziergang durch die Z\u00fcrcher Musikgeschichte<\/strong><\/a><br \/>\nAudiowalk von Simona Ryser und Roger Nickl<\/p>\n<p><a href=\"https:\/\/www.musikzeitung.ch\/berichte\/2023\/06\/parkinson-symptomen-mit-musik-begegnen\" target=\"_blank\" rel=\"noopener\"><strong>Parkinson-Symptomen mit Musik begegnen<\/strong><\/a><br \/>\nForschung im Konzert<\/p>\n<p><a href=\"https:\/\/www.revuemusicale.ch\/en\/campus\/haute-ecole-de-musique\/2023\/06\/mediation-musicale\/\" target=\"_blank\" rel=\"noopener\"><strong>How do you inspire people to discover what they don't know?<\/strong><\/a><br \/>\nMusical mediation<\/p>\n<p>&nbsp;<\/p>\n<h3><strong>Basis<\/strong><\/h3>\n<p>Articles and information from associations:<\/p>\n<p><a href=\"https:\/\/www.musikzeitung.ch\/basis\/eov\/\" target=\"_blank\" rel=\"noopener\">Eidgen\u00f6ssischer Orchesterverband (EOV) \/ Soci\u00e9t\u00e9 F\u00e9d\u00e9rale des Orchestres (SFO)<\/a><\/p>\n<p><a href=\"https:\/\/www.musikzeitung.ch\/basis\/kmhs\" target=\"_blank\" rel=\"noopener\">Konferenz Musikhochschulen Schweiz (KMHS) \/ Conference of Swiss Colleges of Music (CHEMS)<\/a><\/p>\n<p><a href=\"https:\/\/www.musikzeitung.ch\/basis\/kalaidos\/\" target=\"_blank\" rel=\"noopener\">Kalaidos Musikhochschule \/ Kalaidos High School of Music<\/a><\/p>\n<p><a href=\"https:\/\/www.musikzeitung.ch\/basis\/smr\/\" target=\"_blank\" rel=\"noopener\">Schweizer Musikrat (SMR) \/ Swiss Music Council (CSM)<\/a><\/p>\n<p><a href=\"https:\/\/www.musikzeitung.ch\/basis\/chorama\/\" target=\"_blank\" rel=\"noopener\">CHorama<\/a><\/p>\n<p><a href=\"https:\/\/www.musikzeitung.ch\/basis\/smm\/\" target=\"_blank\" rel=\"noopener\">Schweizerische Gesellschaft f\u00fcr Musik-Medizin (SMM) \/ Swiss Association for Music Medicine (SMM)<\/a><\/p>\n<p><a href=\"https:\/\/www.musikzeitung.ch\/basis\/smg\/\" target=\"_blank\" rel=\"noopener\">Schweizerische Musikforschende Gesellschaft (SMG) \/ Swiss Musicological Society (SSM)<\/a><\/p>\n<p><a href=\"https:\/\/www.musikzeitung.ch\/basis\/smv\/\" target=\"_blank\" rel=\"noopener\">Schweizerischer Musikerverband (SMV) \/ Union Suisse des Artistes Musiciens (USDAM)<\/a><\/p>\n<p><a href=\"https:\/\/www.musikzeitung.ch\/basis\/smpv\/\" target=\"_blank\" rel=\"noopener\">Schweizerischer Musikp\u00e4dagogischer Verband (SMPV) \/ Soci\u00e9t\u00e9 Suisse de P\u00e9dagogie Musicale (SSPM)<\/a><\/p>\n<p><a href=\"https:\/\/www.musikzeitung.ch\/basis\/sonart\/\" target=\"_blank\" rel=\"noopener\">SONART - Musikschaffende Schweiz<\/a><\/p>\n<p><a href=\"https:\/\/www.musikzeitung.ch\/basis\/sjmw\/\" target=\"_blank\" rel=\"noopener\">Stiftung Schweizerischer Jugendmusikwettbewerb (SJMW)<\/a><\/p>\n<p><a href=\"https:\/\/www.musikzeitung.ch\/basis\/arosa-kultur\/\" target=\"_blank\" rel=\"noopener\">Arosa Kultur<\/a><\/p>\n<p><a href=\"https:\/\/www.musikzeitung.ch\/basis\/suisa\/\" target=\"_blank\" rel=\"noopener\">SUISA - Genossenschaft der Urheber und Verleger von Musik<\/a><\/p>\n<p><a href=\"https:\/\/www.musikzeitung.ch\/basis\/vms\/\" target=\"_blank\" rel=\"noopener\">Verband Musikschulen Schweiz (VMS) \/ Swiss Association of Music Schools (ASEM)<\/a><\/p>\n<p>&nbsp;<\/p>\n<p><strong>Mountain tour with orchestra<br \/>\n<\/strong>Michael Kube's riddle<\/p>\n<p>________________________________________<\/p>\n<p><strong><a href=\"mailto:contact@musikzeitung.ch\">Order this issue for CHF 8.- (+ CHF 2.- postage)<\/a><\/strong><\/p>","protected":false},"excerpt":{"rendered":"<p>Table des mati\u00e8res Focus Ce que les montagnes r\u00e9veillent en moi Entretien avec Sara Oswald L\u2019arriv\u00e9e myst\u00e9rieuse d\u2019un instrument ancestral en Valais Les fifres et tambours du Val d\u2019Anniviers Paysages alpins en musique Lieder de Krenek et Schoeck |\u20027 Des lieux de pr\u00e9dilection pour des festivals en relief Exemples en Valais et au Jura (en [&hellip;]<\/p>\n","protected":false},"author":1,"featured_media":29727,"comment_status":"closed","ping_status":"closed","sticky":false,"template":"","format":"standard","meta":{"_acf_changed":false,"_relevanssi_hide_post":"","_relevanssi_hide_content":"","_relevanssi_pin_for_all":"","_relevanssi_pin_keywords":"","_relevanssi_unpin_keywords":"","_relevanssi_related_keywords":"","_relevanssi_related_include_ids":"","_relevanssi_related_exclude_ids":"","_relevanssi_related_no_append":"","_relevanssi_related_not_related":"","_relevanssi_related_posts":"","_relevanssi_noindex_reason":"","pgc_sgb_lightbox_settings":"","footnotes":""},"categories":[1565],"tags":[1744,1751,1746,1743,1745,1747,1748,1749,1750],"class_list":["post-29721","post","type-post","status-publish","format-standard","has-post-thumbnail","hentry","category-smz","tag-ernst-krenek","tag-festivals","tag-fifre","tag-montagnes","tag-othmar-schoeck","tag-sara-oswald","tag-spiegelberg-festival","tag-val-danniviers","tag-zermatt-music-festival-academy"],"acf":[],"yoast_head":"<!-- This site is optimized with the Yoast SEO plugin v27.3 - https:\/\/yoast.com\/product\/yoast-seo-wordpress\/ -->\n<title>Num\u00e9ro 7-8\/2023 \u2013 Focus \u00abmontagne\u00bb - Revue Musicale Suisse<\/title>\n<meta name=\"robots\" content=\"index, follow, max-snippet:-1, max-image-preview:large, max-video-preview:-1\" \/>\n<link rel=\"canonical\" href=\"https:\/\/www.revuemusicale.ch\/en\/smz\/2023\/06\/numero-7-8-2023-focus-montagne\/\" \/>\n<meta property=\"og:locale\" content=\"en_US\" \/>\n<meta property=\"og:type\" content=\"article\" \/>\n<meta property=\"og:title\" content=\"Num\u00e9ro 7-8\/2023 \u2013 Focus \u00abmontagne\u00bb - Revue Musicale Suisse\" \/>\n<meta property=\"og:description\" content=\"Table des mati\u00e8res Focus Ce que les montagnes r\u00e9veillent en moi Entretien avec Sara Oswald L\u2019arriv\u00e9e myst\u00e9rieuse d\u2019un instrument ancestral en Valais Les fifres et tambours du Val d\u2019Anniviers Paysages alpins en musique Lieder de Krenek et Schoeck |\u20027 Des lieux de pr\u00e9dilection pour des festivals en relief Exemples en Valais et au Jura (en [&hellip;]\" \/>\n<meta property=\"og:url\" content=\"https:\/\/www.revuemusicale.ch\/en\/smz\/2023\/06\/numero-7-8-2023-focus-montagne\/\" \/>\n<meta property=\"og:site_name\" content=\"Revue Musicale Suisse\" \/>\n<meta property=\"article:publisher\" content=\"https:\/\/www.facebook.com\/SchweizerMusikzeitung\/\" \/>\n<meta property=\"article:published_time\" content=\"2023-06-28T12:13:03+00:00\" \/>\n<meta property=\"article:modified_time\" content=\"2023-09-06T07:03:20+00:00\" \/>\n<meta property=\"og:image\" content=\"https:\/\/www.revuemusicale.ch\/wp-content\/uploads\/2023\/06\/Titel_7_8.jpg\" \/>\n\t<meta property=\"og:image:width\" content=\"1400\" \/>\n\t<meta property=\"og:image:height\" content=\"835\" \/>\n\t<meta property=\"og:image:type\" content=\"image\/jpeg\" \/>\n<meta name=\"author\" content=\"Musikzeitung-Redaktion\" \/>\n<meta name=\"twitter:card\" content=\"summary_large_image\" \/>\n<meta name=\"twitter:creator\" content=\"@smusikzeitung\" \/>\n<meta name=\"twitter:site\" content=\"@smusikzeitung\" \/>\n<meta name=\"twitter:label1\" content=\"Written by\" \/>\n\t<meta name=\"twitter:data1\" content=\"Musikzeitung-Redaktion\" \/>\n\t<meta name=\"twitter:label2\" content=\"Est. reading time\" \/>\n\t<meta name=\"twitter:data2\" content=\"2 minutes\" \/>\n<script type=\"application\/ld+json\" class=\"yoast-schema-graph\">{\"@context\":\"https:\\\/\\\/schema.org\",\"@graph\":[{\"@type\":\"Article\",\"@id\":\"https:\\\/\\\/www.revuemusicale.ch\\\/smz\\\/2023\\\/06\\\/numero-7-8-2023-focus-montagne#article\",\"isPartOf\":{\"@id\":\"https:\\\/\\\/www.revuemusicale.ch\\\/smz\\\/2023\\\/06\\\/numero-7-8-2023-focus-montagne\"},\"author\":{\"name\":\"Musikzeitung-Redaktion\",\"@id\":\"https:\\\/\\\/www.revuemusicale.ch\\\/#\\\/schema\\\/person\\\/b2fd892c800856270b9dcc6001265712\"},\"headline\":\"Num\u00e9ro 7-8\\\/2023 \u2013 Focus \u00abmontagne\u00bb\",\"datePublished\":\"2023-06-28T12:13:03+00:00\",\"dateModified\":\"2023-09-06T07:03:20+00:00\",\"mainEntityOfPage\":{\"@id\":\"https:\\\/\\\/www.revuemusicale.ch\\\/smz\\\/2023\\\/06\\\/numero-7-8-2023-focus-montagne\"},\"wordCount\":362,\"publisher\":{\"@id\":\"https:\\\/\\\/www.revuemusicale.ch\\\/#organization\"},\"image\":{\"@id\":\"https:\\\/\\\/www.revuemusicale.ch\\\/smz\\\/2023\\\/06\\\/numero-7-8-2023-focus-montagne#primaryimage\"},\"thumbnailUrl\":\"https:\\\/\\\/www.revuemusicale.ch\\\/wp-content\\\/uploads\\\/2023\\\/06\\\/Titel_7_8.jpg\",\"keywords\":[\"Ernst Krenek\",\"festivals\",\"fifre\",\"montagnes\",\"Othmar Schoeck\",\"Sara Oswald\",\"Spiegelberg Festival\",\"Val d'Anniviers\",\"Zermatt Music Festival &amp; Academy\"],\"articleSection\":[\"SMZ\"],\"inLanguage\":\"en-US\"},{\"@type\":\"WebPage\",\"@id\":\"https:\\\/\\\/www.revuemusicale.ch\\\/smz\\\/2023\\\/06\\\/numero-7-8-2023-focus-montagne\",\"url\":\"https:\\\/\\\/www.revuemusicale.ch\\\/smz\\\/2023\\\/06\\\/numero-7-8-2023-focus-montagne\",\"name\":\"Num\u00e9ro 7-8\\\/2023 \u2013 Focus \u00abmontagne\u00bb - Revue Musicale Suisse\",\"isPartOf\":{\"@id\":\"https:\\\/\\\/www.revuemusicale.ch\\\/#website\"},\"primaryImageOfPage\":{\"@id\":\"https:\\\/\\\/www.revuemusicale.ch\\\/smz\\\/2023\\\/06\\\/numero-7-8-2023-focus-montagne#primaryimage\"},\"image\":{\"@id\":\"https:\\\/\\\/www.revuemusicale.ch\\\/smz\\\/2023\\\/06\\\/numero-7-8-2023-focus-montagne#primaryimage\"},\"thumbnailUrl\":\"https:\\\/\\\/www.revuemusicale.ch\\\/wp-content\\\/uploads\\\/2023\\\/06\\\/Titel_7_8.jpg\",\"datePublished\":\"2023-06-28T12:13:03+00:00\",\"dateModified\":\"2023-09-06T07:03:20+00:00\",\"breadcrumb\":{\"@id\":\"https:\\\/\\\/www.revuemusicale.ch\\\/smz\\\/2023\\\/06\\\/numero-7-8-2023-focus-montagne#breadcrumb\"},\"inLanguage\":\"en-US\",\"potentialAction\":[{\"@type\":\"ReadAction\",\"target\":[\"https:\\\/\\\/www.revuemusicale.ch\\\/smz\\\/2023\\\/06\\\/numero-7-8-2023-focus-montagne\"]}]},{\"@type\":\"ImageObject\",\"inLanguage\":\"en-US\",\"@id\":\"https:\\\/\\\/www.revuemusicale.ch\\\/smz\\\/2023\\\/06\\\/numero-7-8-2023-focus-montagne#primaryimage\",\"url\":\"https:\\\/\\\/www.revuemusicale.ch\\\/wp-content\\\/uploads\\\/2023\\\/06\\\/Titel_7_8.jpg\",\"contentUrl\":\"https:\\\/\\\/www.revuemusicale.ch\\\/wp-content\\\/uploads\\\/2023\\\/06\\\/Titel_7_8.jpg\",\"width\":1400,\"height\":835},{\"@type\":\"BreadcrumbList\",\"@id\":\"https:\\\/\\\/www.revuemusicale.ch\\\/smz\\\/2023\\\/06\\\/numero-7-8-2023-focus-montagne#breadcrumb\",\"itemListElement\":[{\"@type\":\"ListItem\",\"position\":1,\"name\":\"Home\",\"item\":\"https:\\\/\\\/www.revuemusicale.ch\\\/\"},{\"@type\":\"ListItem\",\"position\":2,\"name\":\"Num\u00e9ro 7-8\\\/2023 \u2013 Focus \u00abmontagne\u00bb\"}]},{\"@type\":\"WebSite\",\"@id\":\"https:\\\/\\\/www.revuemusicale.ch\\\/#website\",\"url\":\"https:\\\/\\\/www.revuemusicale.ch\\\/\",\"name\":\"Revue Musicale Suisse\",\"description\":\"\",\"publisher\":{\"@id\":\"https:\\\/\\\/www.revuemusicale.ch\\\/#organization\"},\"potentialAction\":[{\"@type\":\"SearchAction\",\"target\":{\"@type\":\"EntryPoint\",\"urlTemplate\":\"https:\\\/\\\/www.revuemusicale.ch\\\/?s={search_term_string}\"},\"query-input\":{\"@type\":\"PropertyValueSpecification\",\"valueRequired\":true,\"valueName\":\"search_term_string\"}}],\"inLanguage\":\"en-US\"},{\"@type\":\"Organization\",\"@id\":\"https:\\\/\\\/www.revuemusicale.ch\\\/#organization\",\"name\":\"Revue Musicale Suisse\",\"url\":\"https:\\\/\\\/www.revuemusicale.ch\\\/\",\"logo\":{\"@type\":\"ImageObject\",\"inLanguage\":\"en-US\",\"@id\":\"https:\\\/\\\/www.revuemusicale.ch\\\/#\\\/schema\\\/logo\\\/image\\\/\",\"url\":\"https:\\\/\\\/www.revuemusicale.ch\\\/wp-content\\\/uploads\\\/2023\\\/01\\\/logo_revuemusicale_musikzeitung.jpg\",\"contentUrl\":\"https:\\\/\\\/www.revuemusicale.ch\\\/wp-content\\\/uploads\\\/2023\\\/01\\\/logo_revuemusicale_musikzeitung.jpg\",\"width\":1200,\"height\":243,\"caption\":\"Revue Musicale Suisse\"},\"image\":{\"@id\":\"https:\\\/\\\/www.revuemusicale.ch\\\/#\\\/schema\\\/logo\\\/image\\\/\"},\"sameAs\":[\"https:\\\/\\\/www.facebook.com\\\/SchweizerMusikzeitung\\\/\",\"https:\\\/\\\/x.com\\\/smusikzeitung\",\"https:\\\/\\\/www.instagram.com\\\/musikzeitung.ch\\\/?hl=de\"]},{\"@type\":\"Person\",\"@id\":\"https:\\\/\\\/www.revuemusicale.ch\\\/#\\\/schema\\\/person\\\/b2fd892c800856270b9dcc6001265712\",\"name\":\"Musikzeitung-Redaktion\",\"image\":{\"@type\":\"ImageObject\",\"inLanguage\":\"en-US\",\"@id\":\"https:\\\/\\\/secure.gravatar.com\\\/avatar\\\/0c7e6a405862e402eb76a70f8a26fc732d07c32931e9fae9ab1582911d2e8a3b?s=96&d=mm&r=g\",\"url\":\"https:\\\/\\\/secure.gravatar.com\\\/avatar\\\/0c7e6a405862e402eb76a70f8a26fc732d07c32931e9fae9ab1582911d2e8a3b?s=96&d=mm&r=g\",\"contentUrl\":\"https:\\\/\\\/secure.gravatar.com\\\/avatar\\\/0c7e6a405862e402eb76a70f8a26fc732d07c32931e9fae9ab1582911d2e8a3b?s=96&d=mm&r=g\",\"caption\":\"Musikzeitung-Redaktion\"},\"sameAs\":[\"http:\\\/\\\/wundo-docker.io\"],\"url\":\"https:\\\/\\\/www.revuemusicale.ch\\\/en\\\/author\\\/admin\"}]}<\/script>\n<!-- \/ Yoast SEO plugin. -->","yoast_head_json":{"title":"Num\u00e9ro 7-8\/2023 \u2013 Focus \u00abmontagne\u00bb - Revue Musicale Suisse","robots":{"index":"index","follow":"follow","max-snippet":"max-snippet:-1","max-image-preview":"max-image-preview:large","max-video-preview":"max-video-preview:-1"},"canonical":"https:\/\/www.revuemusicale.ch\/en\/smz\/2023\/06\/numero-7-8-2023-focus-montagne\/","og_locale":"en_US","og_type":"article","og_title":"Num\u00e9ro 7-8\/2023 \u2013 Focus \u00abmontagne\u00bb - Revue Musicale Suisse","og_description":"Table des mati\u00e8res Focus Ce que les montagnes r\u00e9veillent en moi Entretien avec Sara Oswald L\u2019arriv\u00e9e myst\u00e9rieuse d\u2019un instrument ancestral en Valais Les fifres et tambours du Val d\u2019Anniviers Paysages alpins en musique Lieder de Krenek et Schoeck |\u20027 Des lieux de pr\u00e9dilection pour des festivals en relief Exemples en Valais et au Jura (en [&hellip;]","og_url":"https:\/\/www.revuemusicale.ch\/en\/smz\/2023\/06\/numero-7-8-2023-focus-montagne\/","og_site_name":"Revue Musicale Suisse","article_publisher":"https:\/\/www.facebook.com\/SchweizerMusikzeitung\/","article_published_time":"2023-06-28T12:13:03+00:00","article_modified_time":"2023-09-06T07:03:20+00:00","og_image":[{"width":1400,"height":835,"url":"https:\/\/www.revuemusicale.ch\/wp-content\/uploads\/2023\/06\/Titel_7_8.jpg","type":"image\/jpeg"}],"author":"Musikzeitung-Redaktion","twitter_card":"summary_large_image","twitter_creator":"@smusikzeitung","twitter_site":"@smusikzeitung","twitter_misc":{"Written by":"Musikzeitung-Redaktion","Est. reading time":"2 minutes"},"schema":{"@context":"https:\/\/schema.org","@graph":[{"@type":"Article","@id":"https:\/\/www.revuemusicale.ch\/smz\/2023\/06\/numero-7-8-2023-focus-montagne#article","isPartOf":{"@id":"https:\/\/www.revuemusicale.ch\/smz\/2023\/06\/numero-7-8-2023-focus-montagne"},"author":{"name":"Musikzeitung-Redaktion","@id":"https:\/\/www.revuemusicale.ch\/#\/schema\/person\/b2fd892c800856270b9dcc6001265712"},"headline":"Num\u00e9ro 7-8\/2023 \u2013 Focus \u00abmontagne\u00bb","datePublished":"2023-06-28T12:13:03+00:00","dateModified":"2023-09-06T07:03:20+00:00","mainEntityOfPage":{"@id":"https:\/\/www.revuemusicale.ch\/smz\/2023\/06\/numero-7-8-2023-focus-montagne"},"wordCount":362,"publisher":{"@id":"https:\/\/www.revuemusicale.ch\/#organization"},"image":{"@id":"https:\/\/www.revuemusicale.ch\/smz\/2023\/06\/numero-7-8-2023-focus-montagne#primaryimage"},"thumbnailUrl":"https:\/\/www.revuemusicale.ch\/wp-content\/uploads\/2023\/06\/Titel_7_8.jpg","keywords":["Ernst Krenek","festivals","fifre","montagnes","Othmar Schoeck","Sara Oswald","Spiegelberg Festival","Val d'Anniviers","Zermatt Music Festival &amp; Academy"],"articleSection":["SMZ"],"inLanguage":"en-US"},{"@type":"WebPage","@id":"https:\/\/www.revuemusicale.ch\/smz\/2023\/06\/numero-7-8-2023-focus-montagne","url":"https:\/\/www.revuemusicale.ch\/smz\/2023\/06\/numero-7-8-2023-focus-montagne","name":"Num\u00e9ro 7-8\/2023 \u2013 Focus \u00abmontagne\u00bb - Revue Musicale Suisse","isPartOf":{"@id":"https:\/\/www.revuemusicale.ch\/#website"},"primaryImageOfPage":{"@id":"https:\/\/www.revuemusicale.ch\/smz\/2023\/06\/numero-7-8-2023-focus-montagne#primaryimage"},"image":{"@id":"https:\/\/www.revuemusicale.ch\/smz\/2023\/06\/numero-7-8-2023-focus-montagne#primaryimage"},"thumbnailUrl":"https:\/\/www.revuemusicale.ch\/wp-content\/uploads\/2023\/06\/Titel_7_8.jpg","datePublished":"2023-06-28T12:13:03+00:00","dateModified":"2023-09-06T07:03:20+00:00","breadcrumb":{"@id":"https:\/\/www.revuemusicale.ch\/smz\/2023\/06\/numero-7-8-2023-focus-montagne#breadcrumb"},"inLanguage":"en-US","potentialAction":[{"@type":"ReadAction","target":["https:\/\/www.revuemusicale.ch\/smz\/2023\/06\/numero-7-8-2023-focus-montagne"]}]},{"@type":"ImageObject","inLanguage":"en-US","@id":"https:\/\/www.revuemusicale.ch\/smz\/2023\/06\/numero-7-8-2023-focus-montagne#primaryimage","url":"https:\/\/www.revuemusicale.ch\/wp-content\/uploads\/2023\/06\/Titel_7_8.jpg","contentUrl":"https:\/\/www.revuemusicale.ch\/wp-content\/uploads\/2023\/06\/Titel_7_8.jpg","width":1400,"height":835},{"@type":"BreadcrumbList","@id":"https:\/\/www.revuemusicale.ch\/smz\/2023\/06\/numero-7-8-2023-focus-montagne#breadcrumb","itemListElement":[{"@type":"ListItem","position":1,"name":"Home","item":"https:\/\/www.revuemusicale.ch\/"},{"@type":"ListItem","position":2,"name":"Num\u00e9ro 7-8\/2023 \u2013 Focus \u00abmontagne\u00bb"}]},{"@type":"WebSite","@id":"https:\/\/www.revuemusicale.ch\/#website","url":"https:\/\/www.revuemusicale.ch\/","name":"Swiss Music Review","description":"","publisher":{"@id":"https:\/\/www.revuemusicale.ch\/#organization"},"potentialAction":[{"@type":"SearchAction","target":{"@type":"EntryPoint","urlTemplate":"https:\/\/www.revuemusicale.ch\/?s={search_term_string}"},"query-input":{"@type":"PropertyValueSpecification","valueRequired":true,"valueName":"search_term_string"}}],"inLanguage":"en-US"},{"@type":"Organization","@id":"https:\/\/www.revuemusicale.ch\/#organization","name":"Swiss Music Review","url":"https:\/\/www.revuemusicale.ch\/","logo":{"@type":"ImageObject","inLanguage":"en-US","@id":"https:\/\/www.revuemusicale.ch\/#\/schema\/logo\/image\/","url":"https:\/\/www.revuemusicale.ch\/wp-content\/uploads\/2023\/01\/logo_revuemusicale_musikzeitung.jpg","contentUrl":"https:\/\/www.revuemusicale.ch\/wp-content\/uploads\/2023\/01\/logo_revuemusicale_musikzeitung.jpg","width":1200,"height":243,"caption":"Revue Musicale Suisse"},"image":{"@id":"https:\/\/www.revuemusicale.ch\/#\/schema\/logo\/image\/"},"sameAs":["https:\/\/www.facebook.com\/SchweizerMusikzeitung\/","https:\/\/x.com\/smusikzeitung","https:\/\/www.instagram.com\/musikzeitung.ch\/?hl=de"]},{"@type":"Person","@id":"https:\/\/www.revuemusicale.ch\/#\/schema\/person\/b2fd892c800856270b9dcc6001265712","name":"Musikzeitung-Redaktion","image":{"@type":"ImageObject","inLanguage":"en-US","@id":"https:\/\/secure.gravatar.com\/avatar\/0c7e6a405862e402eb76a70f8a26fc732d07c32931e9fae9ab1582911d2e8a3b?s=96&d=mm&r=g","url":"https:\/\/secure.gravatar.com\/avatar\/0c7e6a405862e402eb76a70f8a26fc732d07c32931e9fae9ab1582911d2e8a3b?s=96&d=mm&r=g","contentUrl":"https:\/\/secure.gravatar.com\/avatar\/0c7e6a405862e402eb76a70f8a26fc732d07c32931e9fae9ab1582911d2e8a3b?s=96&d=mm&r=g","caption":"Musikzeitung-Redaktion"},"sameAs":["http:\/\/wundo-docker.io"],"url":"https:\/\/www.revuemusicale.ch\/en\/author\/admin"}]}},"publishpress_future_action":{"enabled":false,"date":"1970-01-01 01:00:00","action":"change-status","newStatus":"draft","terms":[],"taxonomy":"category","extraData":[]},"publishpress_future_workflow_manual_trigger":{"enabledWorkflows":[]},"_links":{"self":[{"href":"https:\/\/www.revuemusicale.ch\/en\/wp-json\/wp\/v2\/posts\/29721","targetHints":{"allow":["GET"]}}],"collection":[{"href":"https:\/\/www.revuemusicale.ch\/en\/wp-json\/wp\/v2\/posts"}],"about":[{"href":"https:\/\/www.revuemusicale.ch\/en\/wp-json\/wp\/v2\/types\/post"}],"author":[{"embeddable":true,"href":"https:\/\/www.revuemusicale.ch\/en\/wp-json\/wp\/v2\/users\/1"}],"replies":[{"embeddable":true,"href":"https:\/\/www.revuemusicale.ch\/en\/wp-json\/wp\/v2\/comments?post=29721"}],"version-history":[{"count":4,"href":"https:\/\/www.revuemusicale.ch\/en\/wp-json\/wp\/v2\/posts\/29721\/revisions"}],"predecessor-version":[{"id":29726,"href":"https:\/\/www.revuemusicale.ch\/en\/wp-json\/wp\/v2\/posts\/29721\/revisions\/29726"}],"wp:featuredmedia":[{"embeddable":true,"href":"https:\/\/www.revuemusicale.ch\/en\/wp-json\/wp\/v2\/media\/29727"}],"wp:attachment":[{"href":"https:\/\/www.revuemusicale.ch\/en\/wp-json\/wp\/v2\/media?parent=29721"}],"wp:term":[{"taxonomy":"category","embeddable":true,"href":"https:\/\/www.revuemusicale.ch\/en\/wp-json\/wp\/v2\/categories?post=29721"},{"taxonomy":"post_tag","embeddable":true,"href":"https:\/\/www.revuemusicale.ch\/en\/wp-json\/wp\/v2\/tags?post=29721"}],"curies":[{"name":"wp","href":"https:\/\/api.w.org\/{rel}","templated":true}]}}