{"id":29771,"date":"2023-09-06T08:22:18","date_gmt":"2023-09-06T06:22:18","guid":{"rendered":"https:\/\/www.revuemusicale.ch\/?p=29771"},"modified":"2023-09-06T10:51:13","modified_gmt":"2023-09-06T08:51:13","slug":"les-hautes-ecoles-de-musique-suisses-et-le-tissu-associatif-des-chorales","status":"publish","type":"post","link":"https:\/\/www.revuemusicale.ch\/en\/basis\/chems\/2023\/09\/les-hautes-ecoles-de-musique-suisses-et-le-tissu-associatif-des-chorales","title":{"rendered":"Swiss music academies and choral associations"},"content":{"rendered":"<p class=\"p1\"><span class=\"s1\">The commitment and creativity of HEM students and alumni are interwoven with the passion of amateur choristers, contributing to the vitality and richness of the Swiss musical landscape, highlighting the extraordinarily rich regional roots of Swiss amateur choirs and the links that bind them to the country's HEMs.<span class=\"Apple-converted-space\">\u00a0<\/span><\/span><\/p>\n<h3 class=\"p2\"><strong><span class=\"s2\">Outstanding regional roots for enhanced employability<\/span><\/strong><\/h3>\n<p class=\"p1\"><span class=\"s1\">By international standards, Switzerland boasts a remarkable density of choirs. According to the Swiss Federal Statistical Office, there are almost 2,000 non-professional choirs in the country, with cantonal concentrations sometimes very high (for example, one out of every thirty-five inhabitants of Fribourg is a choir member). In this favorable environment, interactions are naturally created between the HEMs and the fabric of amateur choir associations. Firmly rooted in local communities, their sheer numbers create an impressive cultural network that extends across the whole country, and their deep involvement in society contributes to a dense and diversified musical fabric in which HEMs play a part.<\/span><\/p>\n<p class=\"p3\"><span class=\"s1\">Indeed, HEM students and alumni are a crucial element in this form of partnership. Their professional training, combined with their commitment to the service of music, enriches the ranks of amateur choirs by bringing a high level of musical competence and a thorough understanding of music. In return, the choirs' commitments to instrumentalists, conductors and singers provide valuable career opportunities.<span class=\"Apple-converted-space\">\u00a0<\/span><\/span><\/p>\n<p class=\"p3\"><span class=\"s1\">According to Emmanuel Junod, co-founder of Geneva-based vocal ensemble Pierre de Lune and conductor of the choir: \"HEM alumni and students bring indispensable skills to our vocal training. Their musical expertise raises our level of performance and enables us to give concerts of even higher quality, both for the audience and for the vocal ensemble's amateur choristers, who often feel inspired by these reinforcements and soloists.\"<\/span><\/p>\n<h3 class=\"p2\"><strong><span class=\"s2\">One thing all (higher) music schools have in common<span class=\"Apple-converted-space\">\u00a0<\/span><\/span><\/strong><\/h3>\n<p class=\"p1\"><span class=\"s1\">Far from being an isolated phenomenon, the link between Swiss HEMs and the amateur choral milieu is a common thread that unites all the country's (higher) music schools. Each institution recognizes the importance of this symbiosis for Swiss musical culture as a whole, and virtually all of them - from the local music school to the cantonal conservatory to the HEM - offer courses that help to nurture and enliven this national cultural wealth.<span class=\"Apple-converted-space\">\u00a0<\/span><\/span><\/p>\n<p class=\"p3\"><span class=\"s1\">As far as the HEMs are concerned, this translates into a wide range of Bachelor's, Master's and continuing education courses, whether in choral conducting, church music, early music or contemporary music, or in project management and training for instrumentalists and singers. Collaboration with amateur choirs is also an integral part of the teaching programs, particularly in terms of musical mediation and the development of the musician's role in and for society.<span class=\"Apple-converted-space\">\u00a0<\/span><\/span><\/p>\n<p class=\"p3\"><span class=\"s1\">Emmanuel Junod's concluding words echo these elements: \"My background is in Music and Musicology, so I was trained as a professional musician, but today I see myself as a free electron, able to bring together different people from both the HEM and the world of enlightened amateurs. All the efforts made to strengthen the average musical culture of the Swiss population, in order to renew and even expand the number of people with a taste for a demanding form of music that constitutes our common heritage, is part of the DNA of our country, which is distinguished from others by this very fabric.<br \/>\nexceptional choral music.<\/span><\/p>","protected":false},"excerpt":{"rendered":"<p>As part of Switzerland's tertiary music education landscape, the Swiss Universities of Music (HEM) play a central role in the training of professional musicians. At the heart of this dynamic lies a highly interesting link with the fabric of amateur choir associations. <\/p>","protected":false},"author":1,"featured_media":29772,"comment_status":"closed","ping_status":"closed","sticky":false,"template":"","format":"standard","meta":{"_acf_changed":false,"_relevanssi_hide_post":"","_relevanssi_hide_content":"","_relevanssi_pin_for_all":"","_relevanssi_pin_keywords":"","_relevanssi_unpin_keywords":"","_relevanssi_related_keywords":"","_relevanssi_related_include_ids":"","_relevanssi_related_exclude_ids":"","_relevanssi_related_no_append":"","_relevanssi_related_not_related":"","_relevanssi_related_posts":"","_relevanssi_noindex_reason":"","pgc_sgb_lightbox_settings":"","footnotes":""},"categories":[31,1563],"tags":[1789,1788],"class_list":["post-29771","post","type-post","status-publish","format-standard","has-post-thumbnail","hentry","category-basis","category-chems","tag-choristes-amateurs","tag-hautes-ecoles-de-musique"],"acf":[],"yoast_head":"<!-- This site is optimized with the Yoast SEO plugin v27.3 - https:\/\/yoast.com\/product\/yoast-seo-wordpress\/ -->\n<title>Les hautes \u00e9coles de musique suisses et le tissu associatif des chorales - Revue Musicale Suisse<\/title>\n<meta name=\"robots\" content=\"index, follow, max-snippet:-1, max-image-preview:large, max-video-preview:-1\" \/>\n<link rel=\"canonical\" href=\"https:\/\/www.revuemusicale.ch\/en\/basis\/chems\/2023\/09\/les-hautes-ecoles-de-musique-suisses-et-le-tissu-associatif-des-chorales\/\" \/>\n<meta property=\"og:locale\" content=\"en_US\" \/>\n<meta property=\"og:type\" content=\"article\" \/>\n<meta property=\"og:title\" content=\"Les hautes \u00e9coles de musique suisses et le tissu associatif des chorales - Revue Musicale Suisse\" \/>\n<meta property=\"og:description\" content=\"Au sein du paysage tertiaire d\u2019enseignement de la musique en Suisse, les hautes \u00e9coles de musique (HEM) jouent un r\u00f4le central dans la formation des musicien-nes professionnel-les. Au c\u0153ur de cette dynamique se noue un lien \u00e9minemment int\u00e9ressant avec le tissu associatif des ch\u0153urs amateurs.\" \/>\n<meta property=\"og:url\" content=\"https:\/\/www.revuemusicale.ch\/en\/basis\/chems\/2023\/09\/les-hautes-ecoles-de-musique-suisses-et-le-tissu-associatif-des-chorales\/\" \/>\n<meta property=\"og:site_name\" content=\"Revue Musicale Suisse\" \/>\n<meta property=\"article:publisher\" content=\"https:\/\/www.facebook.com\/SchweizerMusikzeitung\/\" \/>\n<meta property=\"article:published_time\" content=\"2023-09-06T06:22:18+00:00\" \/>\n<meta property=\"article:modified_time\" content=\"2023-09-06T08:51:13+00:00\" \/>\n<meta property=\"og:image\" content=\"https:\/\/www.revuemusicale.ch\/wp-content\/uploads\/2023\/09\/La-densite-remarquable-de-chorales-en-Suisse-permet-a-toutes-les-HEM-du-pays-de-creer-des-collaborations-fructueuses.jpg\" \/>\n\t<meta property=\"og:image:width\" content=\"1000\" \/>\n\t<meta property=\"og:image:height\" content=\"500\" \/>\n\t<meta property=\"og:image:type\" content=\"image\/jpeg\" \/>\n<meta name=\"author\" content=\"Musikzeitung-Redaktion\" \/>\n<meta name=\"twitter:card\" content=\"summary_large_image\" \/>\n<meta name=\"twitter:creator\" content=\"@smusikzeitung\" \/>\n<meta name=\"twitter:site\" content=\"@smusikzeitung\" \/>\n<meta name=\"twitter:label1\" content=\"Written by\" \/>\n\t<meta name=\"twitter:data1\" content=\"Musikzeitung-Redaktion\" \/>\n\t<meta name=\"twitter:label2\" content=\"Est. reading time\" \/>\n\t<meta name=\"twitter:data2\" content=\"3 minutes\" \/>\n<script type=\"application\/ld+json\" class=\"yoast-schema-graph\">{\"@context\":\"https:\\\/\\\/schema.org\",\"@graph\":[{\"@type\":\"Article\",\"@id\":\"https:\\\/\\\/www.revuemusicale.ch\\\/basis\\\/chems\\\/2023\\\/09\\\/les-hautes-ecoles-de-musique-suisses-et-le-tissu-associatif-des-chorales#article\",\"isPartOf\":{\"@id\":\"https:\\\/\\\/www.revuemusicale.ch\\\/basis\\\/chems\\\/2023\\\/09\\\/les-hautes-ecoles-de-musique-suisses-et-le-tissu-associatif-des-chorales\"},\"author\":{\"name\":\"Musikzeitung-Redaktion\",\"@id\":\"https:\\\/\\\/www.revuemusicale.ch\\\/#\\\/schema\\\/person\\\/b2fd892c800856270b9dcc6001265712\"},\"headline\":\"Les hautes \u00e9coles de musique suisses et le tissu associatif des chorales\",\"datePublished\":\"2023-09-06T06:22:18+00:00\",\"dateModified\":\"2023-09-06T08:51:13+00:00\",\"mainEntityOfPage\":{\"@id\":\"https:\\\/\\\/www.revuemusicale.ch\\\/basis\\\/chems\\\/2023\\\/09\\\/les-hautes-ecoles-de-musique-suisses-et-le-tissu-associatif-des-chorales\"},\"wordCount\":664,\"publisher\":{\"@id\":\"https:\\\/\\\/www.revuemusicale.ch\\\/#organization\"},\"image\":{\"@id\":\"https:\\\/\\\/www.revuemusicale.ch\\\/basis\\\/chems\\\/2023\\\/09\\\/les-hautes-ecoles-de-musique-suisses-et-le-tissu-associatif-des-chorales#primaryimage\"},\"thumbnailUrl\":\"https:\\\/\\\/www.revuemusicale.ch\\\/wp-content\\\/uploads\\\/2023\\\/09\\\/La-densite-remarquable-de-chorales-en-Suisse-permet-a-toutes-les-HEM-du-pays-de-creer-des-collaborations-fructueuses.jpg\",\"keywords\":[\"choristes amateurs\",\"hautes \u00e9coles de musique\"],\"articleSection\":[\"Basis\",\"CHEMS\"],\"inLanguage\":\"en-US\"},{\"@type\":\"WebPage\",\"@id\":\"https:\\\/\\\/www.revuemusicale.ch\\\/basis\\\/chems\\\/2023\\\/09\\\/les-hautes-ecoles-de-musique-suisses-et-le-tissu-associatif-des-chorales\",\"url\":\"https:\\\/\\\/www.revuemusicale.ch\\\/basis\\\/chems\\\/2023\\\/09\\\/les-hautes-ecoles-de-musique-suisses-et-le-tissu-associatif-des-chorales\",\"name\":\"Les hautes \u00e9coles de musique suisses et le tissu associatif des chorales - Revue Musicale Suisse\",\"isPartOf\":{\"@id\":\"https:\\\/\\\/www.revuemusicale.ch\\\/#website\"},\"primaryImageOfPage\":{\"@id\":\"https:\\\/\\\/www.revuemusicale.ch\\\/basis\\\/chems\\\/2023\\\/09\\\/les-hautes-ecoles-de-musique-suisses-et-le-tissu-associatif-des-chorales#primaryimage\"},\"image\":{\"@id\":\"https:\\\/\\\/www.revuemusicale.ch\\\/basis\\\/chems\\\/2023\\\/09\\\/les-hautes-ecoles-de-musique-suisses-et-le-tissu-associatif-des-chorales#primaryimage\"},\"thumbnailUrl\":\"https:\\\/\\\/www.revuemusicale.ch\\\/wp-content\\\/uploads\\\/2023\\\/09\\\/La-densite-remarquable-de-chorales-en-Suisse-permet-a-toutes-les-HEM-du-pays-de-creer-des-collaborations-fructueuses.jpg\",\"datePublished\":\"2023-09-06T06:22:18+00:00\",\"dateModified\":\"2023-09-06T08:51:13+00:00\",\"breadcrumb\":{\"@id\":\"https:\\\/\\\/www.revuemusicale.ch\\\/basis\\\/chems\\\/2023\\\/09\\\/les-hautes-ecoles-de-musique-suisses-et-le-tissu-associatif-des-chorales#breadcrumb\"},\"inLanguage\":\"en-US\",\"potentialAction\":[{\"@type\":\"ReadAction\",\"target\":[\"https:\\\/\\\/www.revuemusicale.ch\\\/basis\\\/chems\\\/2023\\\/09\\\/les-hautes-ecoles-de-musique-suisses-et-le-tissu-associatif-des-chorales\"]}]},{\"@type\":\"ImageObject\",\"inLanguage\":\"en-US\",\"@id\":\"https:\\\/\\\/www.revuemusicale.ch\\\/basis\\\/chems\\\/2023\\\/09\\\/les-hautes-ecoles-de-musique-suisses-et-le-tissu-associatif-des-chorales#primaryimage\",\"url\":\"https:\\\/\\\/www.revuemusicale.ch\\\/wp-content\\\/uploads\\\/2023\\\/09\\\/La-densite-remarquable-de-chorales-en-Suisse-permet-a-toutes-les-HEM-du-pays-de-creer-des-collaborations-fructueuses.jpg\",\"contentUrl\":\"https:\\\/\\\/www.revuemusicale.ch\\\/wp-content\\\/uploads\\\/2023\\\/09\\\/La-densite-remarquable-de-chorales-en-Suisse-permet-a-toutes-les-HEM-du-pays-de-creer-des-collaborations-fructueuses.jpg\",\"width\":1000,\"height\":500},{\"@type\":\"BreadcrumbList\",\"@id\":\"https:\\\/\\\/www.revuemusicale.ch\\\/basis\\\/chems\\\/2023\\\/09\\\/les-hautes-ecoles-de-musique-suisses-et-le-tissu-associatif-des-chorales#breadcrumb\",\"itemListElement\":[{\"@type\":\"ListItem\",\"position\":1,\"name\":\"Home\",\"item\":\"https:\\\/\\\/www.revuemusicale.ch\\\/\"},{\"@type\":\"ListItem\",\"position\":2,\"name\":\"Les hautes \u00e9coles de musique suisses et le tissu associatif des chorales\"}]},{\"@type\":\"WebSite\",\"@id\":\"https:\\\/\\\/www.revuemusicale.ch\\\/#website\",\"url\":\"https:\\\/\\\/www.revuemusicale.ch\\\/\",\"name\":\"Revue Musicale Suisse\",\"description\":\"\",\"publisher\":{\"@id\":\"https:\\\/\\\/www.revuemusicale.ch\\\/#organization\"},\"potentialAction\":[{\"@type\":\"SearchAction\",\"target\":{\"@type\":\"EntryPoint\",\"urlTemplate\":\"https:\\\/\\\/www.revuemusicale.ch\\\/?s={search_term_string}\"},\"query-input\":{\"@type\":\"PropertyValueSpecification\",\"valueRequired\":true,\"valueName\":\"search_term_string\"}}],\"inLanguage\":\"en-US\"},{\"@type\":\"Organization\",\"@id\":\"https:\\\/\\\/www.revuemusicale.ch\\\/#organization\",\"name\":\"Revue Musicale Suisse\",\"url\":\"https:\\\/\\\/www.revuemusicale.ch\\\/\",\"logo\":{\"@type\":\"ImageObject\",\"inLanguage\":\"en-US\",\"@id\":\"https:\\\/\\\/www.revuemusicale.ch\\\/#\\\/schema\\\/logo\\\/image\\\/\",\"url\":\"https:\\\/\\\/www.revuemusicale.ch\\\/wp-content\\\/uploads\\\/2023\\\/01\\\/logo_revuemusicale_musikzeitung.jpg\",\"contentUrl\":\"https:\\\/\\\/www.revuemusicale.ch\\\/wp-content\\\/uploads\\\/2023\\\/01\\\/logo_revuemusicale_musikzeitung.jpg\",\"width\":1200,\"height\":243,\"caption\":\"Revue Musicale Suisse\"},\"image\":{\"@id\":\"https:\\\/\\\/www.revuemusicale.ch\\\/#\\\/schema\\\/logo\\\/image\\\/\"},\"sameAs\":[\"https:\\\/\\\/www.facebook.com\\\/SchweizerMusikzeitung\\\/\",\"https:\\\/\\\/x.com\\\/smusikzeitung\",\"https:\\\/\\\/www.instagram.com\\\/musikzeitung.ch\\\/?hl=de\"]},{\"@type\":\"Person\",\"@id\":\"https:\\\/\\\/www.revuemusicale.ch\\\/#\\\/schema\\\/person\\\/b2fd892c800856270b9dcc6001265712\",\"name\":\"Musikzeitung-Redaktion\",\"image\":{\"@type\":\"ImageObject\",\"inLanguage\":\"en-US\",\"@id\":\"https:\\\/\\\/secure.gravatar.com\\\/avatar\\\/0c7e6a405862e402eb76a70f8a26fc732d07c32931e9fae9ab1582911d2e8a3b?s=96&d=mm&r=g\",\"url\":\"https:\\\/\\\/secure.gravatar.com\\\/avatar\\\/0c7e6a405862e402eb76a70f8a26fc732d07c32931e9fae9ab1582911d2e8a3b?s=96&d=mm&r=g\",\"contentUrl\":\"https:\\\/\\\/secure.gravatar.com\\\/avatar\\\/0c7e6a405862e402eb76a70f8a26fc732d07c32931e9fae9ab1582911d2e8a3b?s=96&d=mm&r=g\",\"caption\":\"Musikzeitung-Redaktion\"},\"sameAs\":[\"http:\\\/\\\/wundo-docker.io\"],\"url\":\"https:\\\/\\\/www.revuemusicale.ch\\\/en\\\/author\\\/admin\"}]}<\/script>\n<!-- \/ Yoast SEO plugin. -->","yoast_head_json":{"title":"Swiss music academies and choral associations - Swiss Music Review","robots":{"index":"index","follow":"follow","max-snippet":"max-snippet:-1","max-image-preview":"max-image-preview:large","max-video-preview":"max-video-preview:-1"},"canonical":"https:\/\/www.revuemusicale.ch\/en\/basis\/chems\/2023\/09\/les-hautes-ecoles-de-musique-suisses-et-le-tissu-associatif-des-chorales\/","og_locale":"en_US","og_type":"article","og_title":"Les hautes \u00e9coles de musique suisses et le tissu associatif des chorales - Revue Musicale Suisse","og_description":"Au sein du paysage tertiaire d\u2019enseignement de la musique en Suisse, les hautes \u00e9coles de musique (HEM) jouent un r\u00f4le central dans la formation des musicien-nes professionnel-les. Au c\u0153ur de cette dynamique se noue un lien \u00e9minemment int\u00e9ressant avec le tissu associatif des ch\u0153urs amateurs.","og_url":"https:\/\/www.revuemusicale.ch\/en\/basis\/chems\/2023\/09\/les-hautes-ecoles-de-musique-suisses-et-le-tissu-associatif-des-chorales\/","og_site_name":"Revue Musicale Suisse","article_publisher":"https:\/\/www.facebook.com\/SchweizerMusikzeitung\/","article_published_time":"2023-09-06T06:22:18+00:00","article_modified_time":"2023-09-06T08:51:13+00:00","og_image":[{"width":1000,"height":500,"url":"https:\/\/www.revuemusicale.ch\/wp-content\/uploads\/2023\/09\/La-densite-remarquable-de-chorales-en-Suisse-permet-a-toutes-les-HEM-du-pays-de-creer-des-collaborations-fructueuses.jpg","type":"image\/jpeg"}],"author":"Musikzeitung-Redaktion","twitter_card":"summary_large_image","twitter_creator":"@smusikzeitung","twitter_site":"@smusikzeitung","twitter_misc":{"Written by":"Musikzeitung-Redaktion","Est. reading time":"3 minutes"},"schema":{"@context":"https:\/\/schema.org","@graph":[{"@type":"Article","@id":"https:\/\/www.revuemusicale.ch\/basis\/chems\/2023\/09\/les-hautes-ecoles-de-musique-suisses-et-le-tissu-associatif-des-chorales#article","isPartOf":{"@id":"https:\/\/www.revuemusicale.ch\/basis\/chems\/2023\/09\/les-hautes-ecoles-de-musique-suisses-et-le-tissu-associatif-des-chorales"},"author":{"name":"Musikzeitung-Redaktion","@id":"https:\/\/www.revuemusicale.ch\/#\/schema\/person\/b2fd892c800856270b9dcc6001265712"},"headline":"Les hautes \u00e9coles de musique suisses et le tissu associatif des chorales","datePublished":"2023-09-06T06:22:18+00:00","dateModified":"2023-09-06T08:51:13+00:00","mainEntityOfPage":{"@id":"https:\/\/www.revuemusicale.ch\/basis\/chems\/2023\/09\/les-hautes-ecoles-de-musique-suisses-et-le-tissu-associatif-des-chorales"},"wordCount":664,"publisher":{"@id":"https:\/\/www.revuemusicale.ch\/#organization"},"image":{"@id":"https:\/\/www.revuemusicale.ch\/basis\/chems\/2023\/09\/les-hautes-ecoles-de-musique-suisses-et-le-tissu-associatif-des-chorales#primaryimage"},"thumbnailUrl":"https:\/\/www.revuemusicale.ch\/wp-content\/uploads\/2023\/09\/La-densite-remarquable-de-chorales-en-Suisse-permet-a-toutes-les-HEM-du-pays-de-creer-des-collaborations-fructueuses.jpg","keywords":["choristes amateurs","hautes \u00e9coles de musique"],"articleSection":["Basis","CHEMS"],"inLanguage":"en-US"},{"@type":"WebPage","@id":"https:\/\/www.revuemusicale.ch\/basis\/chems\/2023\/09\/les-hautes-ecoles-de-musique-suisses-et-le-tissu-associatif-des-chorales","url":"https:\/\/www.revuemusicale.ch\/basis\/chems\/2023\/09\/les-hautes-ecoles-de-musique-suisses-et-le-tissu-associatif-des-chorales","name":"Swiss music academies and choral associations - Swiss Music Review","isPartOf":{"@id":"https:\/\/www.revuemusicale.ch\/#website"},"primaryImageOfPage":{"@id":"https:\/\/www.revuemusicale.ch\/basis\/chems\/2023\/09\/les-hautes-ecoles-de-musique-suisses-et-le-tissu-associatif-des-chorales#primaryimage"},"image":{"@id":"https:\/\/www.revuemusicale.ch\/basis\/chems\/2023\/09\/les-hautes-ecoles-de-musique-suisses-et-le-tissu-associatif-des-chorales#primaryimage"},"thumbnailUrl":"https:\/\/www.revuemusicale.ch\/wp-content\/uploads\/2023\/09\/La-densite-remarquable-de-chorales-en-Suisse-permet-a-toutes-les-HEM-du-pays-de-creer-des-collaborations-fructueuses.jpg","datePublished":"2023-09-06T06:22:18+00:00","dateModified":"2023-09-06T08:51:13+00:00","breadcrumb":{"@id":"https:\/\/www.revuemusicale.ch\/basis\/chems\/2023\/09\/les-hautes-ecoles-de-musique-suisses-et-le-tissu-associatif-des-chorales#breadcrumb"},"inLanguage":"en-US","potentialAction":[{"@type":"ReadAction","target":["https:\/\/www.revuemusicale.ch\/basis\/chems\/2023\/09\/les-hautes-ecoles-de-musique-suisses-et-le-tissu-associatif-des-chorales"]}]},{"@type":"ImageObject","inLanguage":"en-US","@id":"https:\/\/www.revuemusicale.ch\/basis\/chems\/2023\/09\/les-hautes-ecoles-de-musique-suisses-et-le-tissu-associatif-des-chorales#primaryimage","url":"https:\/\/www.revuemusicale.ch\/wp-content\/uploads\/2023\/09\/La-densite-remarquable-de-chorales-en-Suisse-permet-a-toutes-les-HEM-du-pays-de-creer-des-collaborations-fructueuses.jpg","contentUrl":"https:\/\/www.revuemusicale.ch\/wp-content\/uploads\/2023\/09\/La-densite-remarquable-de-chorales-en-Suisse-permet-a-toutes-les-HEM-du-pays-de-creer-des-collaborations-fructueuses.jpg","width":1000,"height":500},{"@type":"BreadcrumbList","@id":"https:\/\/www.revuemusicale.ch\/basis\/chems\/2023\/09\/les-hautes-ecoles-de-musique-suisses-et-le-tissu-associatif-des-chorales#breadcrumb","itemListElement":[{"@type":"ListItem","position":1,"name":"Home","item":"https:\/\/www.revuemusicale.ch\/"},{"@type":"ListItem","position":2,"name":"Les hautes \u00e9coles de musique suisses et le tissu associatif des chorales"}]},{"@type":"WebSite","@id":"https:\/\/www.revuemusicale.ch\/#website","url":"https:\/\/www.revuemusicale.ch\/","name":"Swiss Music Review","description":"","publisher":{"@id":"https:\/\/www.revuemusicale.ch\/#organization"},"potentialAction":[{"@type":"SearchAction","target":{"@type":"EntryPoint","urlTemplate":"https:\/\/www.revuemusicale.ch\/?s={search_term_string}"},"query-input":{"@type":"PropertyValueSpecification","valueRequired":true,"valueName":"search_term_string"}}],"inLanguage":"en-US"},{"@type":"Organization","@id":"https:\/\/www.revuemusicale.ch\/#organization","name":"Swiss Music Review","url":"https:\/\/www.revuemusicale.ch\/","logo":{"@type":"ImageObject","inLanguage":"en-US","@id":"https:\/\/www.revuemusicale.ch\/#\/schema\/logo\/image\/","url":"https:\/\/www.revuemusicale.ch\/wp-content\/uploads\/2023\/01\/logo_revuemusicale_musikzeitung.jpg","contentUrl":"https:\/\/www.revuemusicale.ch\/wp-content\/uploads\/2023\/01\/logo_revuemusicale_musikzeitung.jpg","width":1200,"height":243,"caption":"Revue Musicale Suisse"},"image":{"@id":"https:\/\/www.revuemusicale.ch\/#\/schema\/logo\/image\/"},"sameAs":["https:\/\/www.facebook.com\/SchweizerMusikzeitung\/","https:\/\/x.com\/smusikzeitung","https:\/\/www.instagram.com\/musikzeitung.ch\/?hl=de"]},{"@type":"Person","@id":"https:\/\/www.revuemusicale.ch\/#\/schema\/person\/b2fd892c800856270b9dcc6001265712","name":"Musikzeitung-Redaktion","image":{"@type":"ImageObject","inLanguage":"en-US","@id":"https:\/\/secure.gravatar.com\/avatar\/0c7e6a405862e402eb76a70f8a26fc732d07c32931e9fae9ab1582911d2e8a3b?s=96&d=mm&r=g","url":"https:\/\/secure.gravatar.com\/avatar\/0c7e6a405862e402eb76a70f8a26fc732d07c32931e9fae9ab1582911d2e8a3b?s=96&d=mm&r=g","contentUrl":"https:\/\/secure.gravatar.com\/avatar\/0c7e6a405862e402eb76a70f8a26fc732d07c32931e9fae9ab1582911d2e8a3b?s=96&d=mm&r=g","caption":"Musikzeitung-Redaktion"},"sameAs":["http:\/\/wundo-docker.io"],"url":"https:\/\/www.revuemusicale.ch\/en\/author\/admin"}]}},"publishpress_future_action":{"enabled":false,"date":"1970-01-01 01:00:00","action":"change-status","newStatus":"draft","terms":[],"taxonomy":"category","extraData":[]},"publishpress_future_workflow_manual_trigger":{"enabledWorkflows":[]},"_links":{"self":[{"href":"https:\/\/www.revuemusicale.ch\/en\/wp-json\/wp\/v2\/posts\/29771","targetHints":{"allow":["GET"]}}],"collection":[{"href":"https:\/\/www.revuemusicale.ch\/en\/wp-json\/wp\/v2\/posts"}],"about":[{"href":"https:\/\/www.revuemusicale.ch\/en\/wp-json\/wp\/v2\/types\/post"}],"author":[{"embeddable":true,"href":"https:\/\/www.revuemusicale.ch\/en\/wp-json\/wp\/v2\/users\/1"}],"replies":[{"embeddable":true,"href":"https:\/\/www.revuemusicale.ch\/en\/wp-json\/wp\/v2\/comments?post=29771"}],"version-history":[{"count":2,"href":"https:\/\/www.revuemusicale.ch\/en\/wp-json\/wp\/v2\/posts\/29771\/revisions"}],"predecessor-version":[{"id":29787,"href":"https:\/\/www.revuemusicale.ch\/en\/wp-json\/wp\/v2\/posts\/29771\/revisions\/29787"}],"wp:featuredmedia":[{"embeddable":true,"href":"https:\/\/www.revuemusicale.ch\/en\/wp-json\/wp\/v2\/media\/29772"}],"wp:attachment":[{"href":"https:\/\/www.revuemusicale.ch\/en\/wp-json\/wp\/v2\/media?parent=29771"}],"wp:term":[{"taxonomy":"category","embeddable":true,"href":"https:\/\/www.revuemusicale.ch\/en\/wp-json\/wp\/v2\/categories?post=29771"},{"taxonomy":"post_tag","embeddable":true,"href":"https:\/\/www.revuemusicale.ch\/en\/wp-json\/wp\/v2\/tags?post=29771"}],"curies":[{"name":"wp","href":"https:\/\/api.w.org\/{rel}","templated":true}]}}