{"id":29818,"date":"2023-09-27T10:02:32","date_gmt":"2023-09-27T08:02:32","guid":{"rendered":"https:\/\/www.revuemusicale.ch\/?p=29818"},"modified":"2023-09-27T10:02:32","modified_gmt":"2023-09-27T08:02:32","slug":"quand-lecole-obligatoire-et-les-ecoles-de-musique-tirent-sur-la-meme-corde","status":"publish","type":"post","link":"https:\/\/www.revuemusicale.ch\/en\/basis\/asem\/2023\/09\/quand-lecole-obligatoire-et-les-ecoles-de-musique-tirent-sur-la-meme-corde","title":{"rendered":"When compulsory schools and music schools pull on the same rope"},"content":{"rendered":"<p><img loading=\"lazy\" decoding=\"async\" class=\"alignnone size-full wp-image-29816\" src=\"https:\/\/www.revuemusicale.ch\/wp-content\/uploads\/2023\/09\/WhatsApp-Image-2023-09-20-at-11.24.13-1.jpeg\" alt=\"\" width=\"1333\" height=\"1000\" srcset=\"https:\/\/www.revuemusicale.ch\/wp-content\/uploads\/2023\/09\/WhatsApp-Image-2023-09-20-at-11.24.13-1.jpeg 1333w, https:\/\/www.revuemusicale.ch\/wp-content\/uploads\/2023\/09\/WhatsApp-Image-2023-09-20-at-11.24.13-1-300x225.jpeg 300w, https:\/\/www.revuemusicale.ch\/wp-content\/uploads\/2023\/09\/WhatsApp-Image-2023-09-20-at-11.24.13-1-1024x768.jpeg 1024w, https:\/\/www.revuemusicale.ch\/wp-content\/uploads\/2023\/09\/WhatsApp-Image-2023-09-20-at-11.24.13-1-768x576.jpeg 768w, https:\/\/www.revuemusicale.ch\/wp-content\/uploads\/2023\/09\/WhatsApp-Image-2023-09-20-at-11.24.13-1-1536x1152.jpeg 1536w, https:\/\/www.revuemusicale.ch\/wp-content\/uploads\/2023\/09\/WhatsApp-Image-2023-09-20-at-11.24.13-1-233x175.jpeg 233w, https:\/\/www.revuemusicale.ch\/wp-content\/uploads\/2023\/09\/WhatsApp-Image-2023-09-20-at-11.24.13-1-467x350.jpeg 467w, https:\/\/www.revuemusicale.ch\/wp-content\/uploads\/2023\/09\/WhatsApp-Image-2023-09-20-at-11.24.13-1-1067x800.jpeg 1067w, https:\/\/www.revuemusicale.ch\/wp-content\/uploads\/2023\/09\/WhatsApp-Image-2023-09-20-at-11.24.13-1-920x690.jpeg 920w, https:\/\/www.revuemusicale.ch\/wp-content\/uploads\/2023\/09\/WhatsApp-Image-2023-09-20-at-11.24.13-1-1400x1050.jpeg 1400w\" sizes=\"auto, (max-width: 1333px) 100vw, 1333px\" \/><\/p>\n<p><em>Photo: Margot M\u00fcller<\/em><\/p>\n<p class=\"p1\">The theme of this year's conference was collaboration between music schools and compulsory education. Prior to the conference, music schools were asked in a survey what types of projects and collaborations currently exist. The results showed that the range is very broad, and that in many places collaboration is regular and institutionalized. Music and movement\" is an integral part of day-to-day teaching at many music schools. Many collaborate on annual projects. These include theme weeks, instrument presentations, concerts and group workshops. Another very frequent form of collaboration is for one-off events of some scale, such as concerts or musicals, often at Christmas time.<\/p>\n<p class=\"p1\">Two examples of institutionalized collaboration were briefly presented at the regional conference. In addition, a short film by<a href=\"https:\/\/www.emsa-zentrum.de\/\">EMSA<\/a> contributed to the discussion. The EMSA model (German acronym for \"A (music) school for all\"), which originated in Germany and comprises various modules, aims to deepen collaboration between music schools and compulsory schools at both pedagogical and structural levels. It is based on the appointment of two coordinators, one from the compulsory school and the other from the music school. They are responsible for ensuring that processes and procedures are organized reliably and professionally, so as to provide a solid basis for collaboration.<\/p>\n<p class=\"p1\">The ensuing round-table and group discussions were very lively. Most participants described the collaboration between music schools and compulsory schools as desirable and fruitful. Two important elements were highlighted: firstly, the collaboration should be legally institutionalized. And secondly, music teachers, who are often used to teaching one-to-one, should be given the opportunity to acquire the necessary tools for group teaching through basic and further training.<\/p>\n<p class=\"p1\">Philippe Kr\u00fcttli and Eva Crastan, from the ASEM Board, and Andrea Kumpe and Matthjas Bieri, from the Lucerne University of Music, thanked the participants for their contributions and stimulating discussions, before inviting them to a buffet.<\/p>","protected":false},"excerpt":{"rendered":"<p>On September 20, 2023, some 50 directors of music schools from the cantons of Central Switzerland gathered for an exchange and their regional conference. The event is organized annually under the joint responsibility of ASEM and the Lucerne University of Music.<\/p>","protected":false},"author":21891,"featured_media":29816,"comment_status":"closed","ping_status":"closed","sticky":false,"template":"","format":"standard","meta":{"_acf_changed":false,"_relevanssi_hide_post":"","_relevanssi_hide_content":"","_relevanssi_pin_for_all":"","_relevanssi_pin_keywords":"","_relevanssi_unpin_keywords":"","_relevanssi_related_keywords":"","_relevanssi_related_include_ids":"","_relevanssi_related_exclude_ids":"","_relevanssi_related_no_append":"","_relevanssi_related_not_related":"","_relevanssi_related_posts":"","_relevanssi_noindex_reason":"","pgc_sgb_lightbox_settings":"","footnotes":""},"categories":[56],"tags":[],"class_list":["post-29818","post","type-post","status-publish","format-standard","has-post-thumbnail","hentry","category-asem"],"acf":[],"yoast_head":"<!-- This site is optimized with the Yoast SEO plugin v27.3 - https:\/\/yoast.com\/product\/yoast-seo-wordpress\/ -->\n<title>Quand l\u2019\u00e9cole obligatoire et les \u00e9coles de musique tirent sur la m\u00eame corde - Revue Musicale Suisse<\/title>\n<meta name=\"robots\" content=\"index, follow, max-snippet:-1, max-image-preview:large, max-video-preview:-1\" \/>\n<link rel=\"canonical\" href=\"https:\/\/www.revuemusicale.ch\/en\/basis\/asem\/2023\/09\/quand-lecole-obligatoire-et-les-ecoles-de-musique-tirent-sur-la-meme-corde\/\" \/>\n<meta property=\"og:locale\" content=\"en_US\" \/>\n<meta property=\"og:type\" content=\"article\" \/>\n<meta property=\"og:title\" content=\"Quand l\u2019\u00e9cole obligatoire et les \u00e9coles de musique tirent sur la m\u00eame corde - Revue Musicale Suisse\" \/>\n<meta property=\"og:description\" content=\"Le 20 septembre 2023, une cinquantaine de directrices et directeurs d\u2019\u00e9coles de musique des cantons de Suisse centrale se sont r\u00e9unis pour un \u00e9change et leur conf\u00e9rence r\u00e9gionale.\u00a0La manifestation est organis\u00e9e annuellement sous la responsabilit\u00e9 conjointe de l\u2019ASEM et de la Haute \u00e9cole de Lucerne \u2013 Musique.\" \/>\n<meta property=\"og:url\" content=\"https:\/\/www.revuemusicale.ch\/en\/basis\/asem\/2023\/09\/quand-lecole-obligatoire-et-les-ecoles-de-musique-tirent-sur-la-meme-corde\/\" \/>\n<meta property=\"og:site_name\" content=\"Revue Musicale Suisse\" \/>\n<meta property=\"article:publisher\" content=\"https:\/\/www.facebook.com\/SchweizerMusikzeitung\/\" \/>\n<meta property=\"article:published_time\" content=\"2023-09-27T08:02:32+00:00\" \/>\n<meta property=\"og:image\" content=\"https:\/\/www.revuemusicale.ch\/wp-content\/uploads\/2023\/09\/WhatsApp-Image-2023-09-20-at-11.24.13-1.jpeg\" \/>\n\t<meta property=\"og:image:width\" content=\"1333\" \/>\n\t<meta property=\"og:image:height\" content=\"1000\" \/>\n\t<meta property=\"og:image:type\" content=\"image\/jpeg\" \/>\n<meta name=\"author\" content=\"Anicia Kohler\" \/>\n<meta name=\"twitter:card\" content=\"summary_large_image\" \/>\n<meta name=\"twitter:creator\" content=\"@smusikzeitung\" \/>\n<meta name=\"twitter:site\" content=\"@smusikzeitung\" \/>\n<meta name=\"twitter:label1\" content=\"Written by\" \/>\n\t<meta name=\"twitter:data1\" content=\"Anicia Kohler\" \/>\n\t<meta name=\"twitter:label2\" content=\"Est. reading time\" \/>\n\t<meta name=\"twitter:data2\" content=\"2 minutes\" \/>\n<script type=\"application\/ld+json\" class=\"yoast-schema-graph\">{\"@context\":\"https:\\\/\\\/schema.org\",\"@graph\":[{\"@type\":\"Article\",\"@id\":\"https:\\\/\\\/www.revuemusicale.ch\\\/basis\\\/asem\\\/2023\\\/09\\\/quand-lecole-obligatoire-et-les-ecoles-de-musique-tirent-sur-la-meme-corde#article\",\"isPartOf\":{\"@id\":\"https:\\\/\\\/www.revuemusicale.ch\\\/basis\\\/asem\\\/2023\\\/09\\\/quand-lecole-obligatoire-et-les-ecoles-de-musique-tirent-sur-la-meme-corde\"},\"author\":{\"name\":\"Anicia Kohler\",\"@id\":\"https:\\\/\\\/www.revuemusicale.ch\\\/#\\\/schema\\\/person\\\/e4ba37136bd24461e8c7874590a4762f\"},\"headline\":\"Quand l\u2019\u00e9cole obligatoire et les \u00e9coles de musique tirent sur la m\u00eame corde\",\"datePublished\":\"2023-09-27T08:02:32+00:00\",\"mainEntityOfPage\":{\"@id\":\"https:\\\/\\\/www.revuemusicale.ch\\\/basis\\\/asem\\\/2023\\\/09\\\/quand-lecole-obligatoire-et-les-ecoles-de-musique-tirent-sur-la-meme-corde\"},\"wordCount\":451,\"publisher\":{\"@id\":\"https:\\\/\\\/www.revuemusicale.ch\\\/#organization\"},\"image\":{\"@id\":\"https:\\\/\\\/www.revuemusicale.ch\\\/basis\\\/asem\\\/2023\\\/09\\\/quand-lecole-obligatoire-et-les-ecoles-de-musique-tirent-sur-la-meme-corde#primaryimage\"},\"thumbnailUrl\":\"https:\\\/\\\/www.revuemusicale.ch\\\/wp-content\\\/uploads\\\/2023\\\/09\\\/WhatsApp-Image-2023-09-20-at-11.24.13-1.jpeg\",\"articleSection\":[\"ASEM\"],\"inLanguage\":\"en-US\"},{\"@type\":\"WebPage\",\"@id\":\"https:\\\/\\\/www.revuemusicale.ch\\\/basis\\\/asem\\\/2023\\\/09\\\/quand-lecole-obligatoire-et-les-ecoles-de-musique-tirent-sur-la-meme-corde\",\"url\":\"https:\\\/\\\/www.revuemusicale.ch\\\/basis\\\/asem\\\/2023\\\/09\\\/quand-lecole-obligatoire-et-les-ecoles-de-musique-tirent-sur-la-meme-corde\",\"name\":\"Quand l\u2019\u00e9cole obligatoire et les \u00e9coles de musique tirent sur la m\u00eame corde - Revue Musicale Suisse\",\"isPartOf\":{\"@id\":\"https:\\\/\\\/www.revuemusicale.ch\\\/#website\"},\"primaryImageOfPage\":{\"@id\":\"https:\\\/\\\/www.revuemusicale.ch\\\/basis\\\/asem\\\/2023\\\/09\\\/quand-lecole-obligatoire-et-les-ecoles-de-musique-tirent-sur-la-meme-corde#primaryimage\"},\"image\":{\"@id\":\"https:\\\/\\\/www.revuemusicale.ch\\\/basis\\\/asem\\\/2023\\\/09\\\/quand-lecole-obligatoire-et-les-ecoles-de-musique-tirent-sur-la-meme-corde#primaryimage\"},\"thumbnailUrl\":\"https:\\\/\\\/www.revuemusicale.ch\\\/wp-content\\\/uploads\\\/2023\\\/09\\\/WhatsApp-Image-2023-09-20-at-11.24.13-1.jpeg\",\"datePublished\":\"2023-09-27T08:02:32+00:00\",\"breadcrumb\":{\"@id\":\"https:\\\/\\\/www.revuemusicale.ch\\\/basis\\\/asem\\\/2023\\\/09\\\/quand-lecole-obligatoire-et-les-ecoles-de-musique-tirent-sur-la-meme-corde#breadcrumb\"},\"inLanguage\":\"en-US\",\"potentialAction\":[{\"@type\":\"ReadAction\",\"target\":[\"https:\\\/\\\/www.revuemusicale.ch\\\/basis\\\/asem\\\/2023\\\/09\\\/quand-lecole-obligatoire-et-les-ecoles-de-musique-tirent-sur-la-meme-corde\"]}]},{\"@type\":\"ImageObject\",\"inLanguage\":\"en-US\",\"@id\":\"https:\\\/\\\/www.revuemusicale.ch\\\/basis\\\/asem\\\/2023\\\/09\\\/quand-lecole-obligatoire-et-les-ecoles-de-musique-tirent-sur-la-meme-corde#primaryimage\",\"url\":\"https:\\\/\\\/www.revuemusicale.ch\\\/wp-content\\\/uploads\\\/2023\\\/09\\\/WhatsApp-Image-2023-09-20-at-11.24.13-1.jpeg\",\"contentUrl\":\"https:\\\/\\\/www.revuemusicale.ch\\\/wp-content\\\/uploads\\\/2023\\\/09\\\/WhatsApp-Image-2023-09-20-at-11.24.13-1.jpeg\",\"width\":1333,\"height\":1000},{\"@type\":\"BreadcrumbList\",\"@id\":\"https:\\\/\\\/www.revuemusicale.ch\\\/basis\\\/asem\\\/2023\\\/09\\\/quand-lecole-obligatoire-et-les-ecoles-de-musique-tirent-sur-la-meme-corde#breadcrumb\",\"itemListElement\":[{\"@type\":\"ListItem\",\"position\":1,\"name\":\"Home\",\"item\":\"https:\\\/\\\/www.revuemusicale.ch\\\/\"},{\"@type\":\"ListItem\",\"position\":2,\"name\":\"Quand l\u2019\u00e9cole obligatoire et les \u00e9coles de musique tirent sur la m\u00eame corde\"}]},{\"@type\":\"WebSite\",\"@id\":\"https:\\\/\\\/www.revuemusicale.ch\\\/#website\",\"url\":\"https:\\\/\\\/www.revuemusicale.ch\\\/\",\"name\":\"Revue Musicale Suisse\",\"description\":\"\",\"publisher\":{\"@id\":\"https:\\\/\\\/www.revuemusicale.ch\\\/#organization\"},\"potentialAction\":[{\"@type\":\"SearchAction\",\"target\":{\"@type\":\"EntryPoint\",\"urlTemplate\":\"https:\\\/\\\/www.revuemusicale.ch\\\/?s={search_term_string}\"},\"query-input\":{\"@type\":\"PropertyValueSpecification\",\"valueRequired\":true,\"valueName\":\"search_term_string\"}}],\"inLanguage\":\"en-US\"},{\"@type\":\"Organization\",\"@id\":\"https:\\\/\\\/www.revuemusicale.ch\\\/#organization\",\"name\":\"Revue Musicale Suisse\",\"url\":\"https:\\\/\\\/www.revuemusicale.ch\\\/\",\"logo\":{\"@type\":\"ImageObject\",\"inLanguage\":\"en-US\",\"@id\":\"https:\\\/\\\/www.revuemusicale.ch\\\/#\\\/schema\\\/logo\\\/image\\\/\",\"url\":\"https:\\\/\\\/www.revuemusicale.ch\\\/wp-content\\\/uploads\\\/2023\\\/01\\\/logo_revuemusicale_musikzeitung.jpg\",\"contentUrl\":\"https:\\\/\\\/www.revuemusicale.ch\\\/wp-content\\\/uploads\\\/2023\\\/01\\\/logo_revuemusicale_musikzeitung.jpg\",\"width\":1200,\"height\":243,\"caption\":\"Revue Musicale Suisse\"},\"image\":{\"@id\":\"https:\\\/\\\/www.revuemusicale.ch\\\/#\\\/schema\\\/logo\\\/image\\\/\"},\"sameAs\":[\"https:\\\/\\\/www.facebook.com\\\/SchweizerMusikzeitung\\\/\",\"https:\\\/\\\/x.com\\\/smusikzeitung\",\"https:\\\/\\\/www.instagram.com\\\/musikzeitung.ch\\\/?hl=de\"]},{\"@type\":\"Person\",\"@id\":\"https:\\\/\\\/www.revuemusicale.ch\\\/#\\\/schema\\\/person\\\/e4ba37136bd24461e8c7874590a4762f\",\"name\":\"Anicia Kohler\",\"image\":{\"@type\":\"ImageObject\",\"inLanguage\":\"en-US\",\"@id\":\"https:\\\/\\\/secure.gravatar.com\\\/avatar\\\/6ea00b417b00b657b92c811768262d33fd76a3d20dcab3e19ff7f2a1eedf1412?s=96&d=mm&r=g\",\"url\":\"https:\\\/\\\/secure.gravatar.com\\\/avatar\\\/6ea00b417b00b657b92c811768262d33fd76a3d20dcab3e19ff7f2a1eedf1412?s=96&d=mm&r=g\",\"contentUrl\":\"https:\\\/\\\/secure.gravatar.com\\\/avatar\\\/6ea00b417b00b657b92c811768262d33fd76a3d20dcab3e19ff7f2a1eedf1412?s=96&d=mm&r=g\",\"caption\":\"Anicia Kohler\"},\"url\":\"https:\\\/\\\/www.revuemusicale.ch\\\/en\\\/author\\\/anicia-kohler\"}]}<\/script>\n<!-- \/ Yoast SEO plugin. -->","yoast_head_json":{"title":"Quand l\u2019\u00e9cole obligatoire et les \u00e9coles de musique tirent sur la m\u00eame corde - Revue Musicale Suisse","robots":{"index":"index","follow":"follow","max-snippet":"max-snippet:-1","max-image-preview":"max-image-preview:large","max-video-preview":"max-video-preview:-1"},"canonical":"https:\/\/www.revuemusicale.ch\/en\/basis\/asem\/2023\/09\/quand-lecole-obligatoire-et-les-ecoles-de-musique-tirent-sur-la-meme-corde\/","og_locale":"en_US","og_type":"article","og_title":"Quand l\u2019\u00e9cole obligatoire et les \u00e9coles de musique tirent sur la m\u00eame corde - Revue Musicale Suisse","og_description":"Le 20 septembre 2023, une cinquantaine de directrices et directeurs d\u2019\u00e9coles de musique des cantons de Suisse centrale se sont r\u00e9unis pour un \u00e9change et leur conf\u00e9rence r\u00e9gionale.\u00a0La manifestation est organis\u00e9e annuellement sous la responsabilit\u00e9 conjointe de l\u2019ASEM et de la Haute \u00e9cole de Lucerne \u2013 Musique.","og_url":"https:\/\/www.revuemusicale.ch\/en\/basis\/asem\/2023\/09\/quand-lecole-obligatoire-et-les-ecoles-de-musique-tirent-sur-la-meme-corde\/","og_site_name":"Revue Musicale Suisse","article_publisher":"https:\/\/www.facebook.com\/SchweizerMusikzeitung\/","article_published_time":"2023-09-27T08:02:32+00:00","og_image":[{"width":1333,"height":1000,"url":"https:\/\/www.revuemusicale.ch\/wp-content\/uploads\/2023\/09\/WhatsApp-Image-2023-09-20-at-11.24.13-1.jpeg","type":"image\/jpeg"}],"author":"Anicia Kohler","twitter_card":"summary_large_image","twitter_creator":"@smusikzeitung","twitter_site":"@smusikzeitung","twitter_misc":{"Written by":"Anicia Kohler","Est. reading time":"2 minutes"},"schema":{"@context":"https:\/\/schema.org","@graph":[{"@type":"Article","@id":"https:\/\/www.revuemusicale.ch\/basis\/asem\/2023\/09\/quand-lecole-obligatoire-et-les-ecoles-de-musique-tirent-sur-la-meme-corde#article","isPartOf":{"@id":"https:\/\/www.revuemusicale.ch\/basis\/asem\/2023\/09\/quand-lecole-obligatoire-et-les-ecoles-de-musique-tirent-sur-la-meme-corde"},"author":{"name":"Anicia Kohler","@id":"https:\/\/www.revuemusicale.ch\/#\/schema\/person\/e4ba37136bd24461e8c7874590a4762f"},"headline":"Quand l\u2019\u00e9cole obligatoire et les \u00e9coles de musique tirent sur la m\u00eame corde","datePublished":"2023-09-27T08:02:32+00:00","mainEntityOfPage":{"@id":"https:\/\/www.revuemusicale.ch\/basis\/asem\/2023\/09\/quand-lecole-obligatoire-et-les-ecoles-de-musique-tirent-sur-la-meme-corde"},"wordCount":451,"publisher":{"@id":"https:\/\/www.revuemusicale.ch\/#organization"},"image":{"@id":"https:\/\/www.revuemusicale.ch\/basis\/asem\/2023\/09\/quand-lecole-obligatoire-et-les-ecoles-de-musique-tirent-sur-la-meme-corde#primaryimage"},"thumbnailUrl":"https:\/\/www.revuemusicale.ch\/wp-content\/uploads\/2023\/09\/WhatsApp-Image-2023-09-20-at-11.24.13-1.jpeg","articleSection":["ASEM"],"inLanguage":"en-US"},{"@type":"WebPage","@id":"https:\/\/www.revuemusicale.ch\/basis\/asem\/2023\/09\/quand-lecole-obligatoire-et-les-ecoles-de-musique-tirent-sur-la-meme-corde","url":"https:\/\/www.revuemusicale.ch\/basis\/asem\/2023\/09\/quand-lecole-obligatoire-et-les-ecoles-de-musique-tirent-sur-la-meme-corde","name":"Quand l\u2019\u00e9cole obligatoire et les \u00e9coles de musique tirent sur la m\u00eame corde - Revue Musicale Suisse","isPartOf":{"@id":"https:\/\/www.revuemusicale.ch\/#website"},"primaryImageOfPage":{"@id":"https:\/\/www.revuemusicale.ch\/basis\/asem\/2023\/09\/quand-lecole-obligatoire-et-les-ecoles-de-musique-tirent-sur-la-meme-corde#primaryimage"},"image":{"@id":"https:\/\/www.revuemusicale.ch\/basis\/asem\/2023\/09\/quand-lecole-obligatoire-et-les-ecoles-de-musique-tirent-sur-la-meme-corde#primaryimage"},"thumbnailUrl":"https:\/\/www.revuemusicale.ch\/wp-content\/uploads\/2023\/09\/WhatsApp-Image-2023-09-20-at-11.24.13-1.jpeg","datePublished":"2023-09-27T08:02:32+00:00","breadcrumb":{"@id":"https:\/\/www.revuemusicale.ch\/basis\/asem\/2023\/09\/quand-lecole-obligatoire-et-les-ecoles-de-musique-tirent-sur-la-meme-corde#breadcrumb"},"inLanguage":"en-US","potentialAction":[{"@type":"ReadAction","target":["https:\/\/www.revuemusicale.ch\/basis\/asem\/2023\/09\/quand-lecole-obligatoire-et-les-ecoles-de-musique-tirent-sur-la-meme-corde"]}]},{"@type":"ImageObject","inLanguage":"en-US","@id":"https:\/\/www.revuemusicale.ch\/basis\/asem\/2023\/09\/quand-lecole-obligatoire-et-les-ecoles-de-musique-tirent-sur-la-meme-corde#primaryimage","url":"https:\/\/www.revuemusicale.ch\/wp-content\/uploads\/2023\/09\/WhatsApp-Image-2023-09-20-at-11.24.13-1.jpeg","contentUrl":"https:\/\/www.revuemusicale.ch\/wp-content\/uploads\/2023\/09\/WhatsApp-Image-2023-09-20-at-11.24.13-1.jpeg","width":1333,"height":1000},{"@type":"BreadcrumbList","@id":"https:\/\/www.revuemusicale.ch\/basis\/asem\/2023\/09\/quand-lecole-obligatoire-et-les-ecoles-de-musique-tirent-sur-la-meme-corde#breadcrumb","itemListElement":[{"@type":"ListItem","position":1,"name":"Home","item":"https:\/\/www.revuemusicale.ch\/"},{"@type":"ListItem","position":2,"name":"Quand l\u2019\u00e9cole obligatoire et les \u00e9coles de musique tirent sur la m\u00eame corde"}]},{"@type":"WebSite","@id":"https:\/\/www.revuemusicale.ch\/#website","url":"https:\/\/www.revuemusicale.ch\/","name":"Swiss Music Review","description":"","publisher":{"@id":"https:\/\/www.revuemusicale.ch\/#organization"},"potentialAction":[{"@type":"SearchAction","target":{"@type":"EntryPoint","urlTemplate":"https:\/\/www.revuemusicale.ch\/?s={search_term_string}"},"query-input":{"@type":"PropertyValueSpecification","valueRequired":true,"valueName":"search_term_string"}}],"inLanguage":"en-US"},{"@type":"Organization","@id":"https:\/\/www.revuemusicale.ch\/#organization","name":"Swiss Music Review","url":"https:\/\/www.revuemusicale.ch\/","logo":{"@type":"ImageObject","inLanguage":"en-US","@id":"https:\/\/www.revuemusicale.ch\/#\/schema\/logo\/image\/","url":"https:\/\/www.revuemusicale.ch\/wp-content\/uploads\/2023\/01\/logo_revuemusicale_musikzeitung.jpg","contentUrl":"https:\/\/www.revuemusicale.ch\/wp-content\/uploads\/2023\/01\/logo_revuemusicale_musikzeitung.jpg","width":1200,"height":243,"caption":"Revue Musicale Suisse"},"image":{"@id":"https:\/\/www.revuemusicale.ch\/#\/schema\/logo\/image\/"},"sameAs":["https:\/\/www.facebook.com\/SchweizerMusikzeitung\/","https:\/\/x.com\/smusikzeitung","https:\/\/www.instagram.com\/musikzeitung.ch\/?hl=de"]},{"@type":"Person","@id":"https:\/\/www.revuemusicale.ch\/#\/schema\/person\/e4ba37136bd24461e8c7874590a4762f","name":"Anicia Kohler","image":{"@type":"ImageObject","inLanguage":"en-US","@id":"https:\/\/secure.gravatar.com\/avatar\/6ea00b417b00b657b92c811768262d33fd76a3d20dcab3e19ff7f2a1eedf1412?s=96&d=mm&r=g","url":"https:\/\/secure.gravatar.com\/avatar\/6ea00b417b00b657b92c811768262d33fd76a3d20dcab3e19ff7f2a1eedf1412?s=96&d=mm&r=g","contentUrl":"https:\/\/secure.gravatar.com\/avatar\/6ea00b417b00b657b92c811768262d33fd76a3d20dcab3e19ff7f2a1eedf1412?s=96&d=mm&r=g","caption":"Anicia Kohler"},"url":"https:\/\/www.revuemusicale.ch\/en\/author\/anicia-kohler"}]}},"publishpress_future_action":{"enabled":false,"date":"1970-01-01 01:00:00","action":"change-status","newStatus":"draft","terms":[],"taxonomy":"category","extraData":[]},"publishpress_future_workflow_manual_trigger":{"enabledWorkflows":[]},"_links":{"self":[{"href":"https:\/\/www.revuemusicale.ch\/en\/wp-json\/wp\/v2\/posts\/29818","targetHints":{"allow":["GET"]}}],"collection":[{"href":"https:\/\/www.revuemusicale.ch\/en\/wp-json\/wp\/v2\/posts"}],"about":[{"href":"https:\/\/www.revuemusicale.ch\/en\/wp-json\/wp\/v2\/types\/post"}],"author":[{"embeddable":true,"href":"https:\/\/www.revuemusicale.ch\/en\/wp-json\/wp\/v2\/users\/21891"}],"replies":[{"embeddable":true,"href":"https:\/\/www.revuemusicale.ch\/en\/wp-json\/wp\/v2\/comments?post=29818"}],"version-history":[{"count":1,"href":"https:\/\/www.revuemusicale.ch\/en\/wp-json\/wp\/v2\/posts\/29818\/revisions"}],"predecessor-version":[{"id":29819,"href":"https:\/\/www.revuemusicale.ch\/en\/wp-json\/wp\/v2\/posts\/29818\/revisions\/29819"}],"wp:featuredmedia":[{"embeddable":true,"href":"https:\/\/www.revuemusicale.ch\/en\/wp-json\/wp\/v2\/media\/29816"}],"wp:attachment":[{"href":"https:\/\/www.revuemusicale.ch\/en\/wp-json\/wp\/v2\/media?parent=29818"}],"wp:term":[{"taxonomy":"category","embeddable":true,"href":"https:\/\/www.revuemusicale.ch\/en\/wp-json\/wp\/v2\/categories?post=29818"},{"taxonomy":"post_tag","embeddable":true,"href":"https:\/\/www.revuemusicale.ch\/en\/wp-json\/wp\/v2\/tags?post=29818"}],"curies":[{"name":"wp","href":"https:\/\/api.w.org\/{rel}","templated":true}]}}