{"id":29835,"date":"2023-10-25T10:00:25","date_gmt":"2023-10-25T08:00:25","guid":{"rendered":"https:\/\/www.revuemusicale.ch\/?p=29835"},"modified":"2023-11-29T09:10:46","modified_gmt":"2023-11-29T08:10:46","slug":"numero-11-2023-focus-geneve","status":"publish","type":"post","link":"https:\/\/www.revuemusicale.ch\/en\/smz\/2023\/10\/numero-11-2023-focus-geneve","title":{"rendered":"Issue 11\/2023 - Focus \"Geneva"},"content":{"rendered":"<h3><img loading=\"lazy\" decoding=\"async\" class=\"size-large wp-image-48598 alignnone\" src=\"https:\/\/www.musikzeitung.ch\/wp-content\/uploads\/2023\/10\/SMZ-11-2023_Cover-1024x710.jpg\" alt=\"\" width=\"768\" height=\"533\" \/><\/h3>\n<h3>Table of contents<\/h3>\n<h3><strong>Focus<\/strong><\/h3>\n<p class=\"InhaltLauftextInhalt\"><span class=\"InhaltklTitelundSeitenzahl\"><span lang=\"DE-CH\"><strong>Artistic teaching must be at the heart of education<\/strong><br \/>\n<\/span><\/span><span lang=\"DE-CH\">Interview with Philippe R\u00e9gana, Director of the CPM in Geneva<\/span><\/p>\n<p class=\"InhaltLauftextInhalt\"><em><span class=\"InhaltklTitelSprachekursiv\"><span lang=\"DE-CH\"><strong>On the road to Mont Blanc<\/strong><br \/>\n<\/span><\/span><span class=\"InhaltLauftextSprache\"><span lang=\"DE-CH\">The development of Geneva's music scene<\/span><\/span><\/em><\/p>\n<p class=\"InhaltRubrikInhalt\"><em><span class=\"InhaltklTitelSprachekursiv\"><span lang=\"DE-CH\"><strong>The sound of squats<\/strong><br \/>\n<\/span><\/span><\/em><span class=\"kursivx52\"><span lang=\"DE-CH\"><em>Geneva's music scene is thriving like never before<\/em><br \/>\n<a href=\"https:\/\/open.spotify.com\/playlist\/6FiM182hEjKyvxkIPMz6FL?si=e98d80048ba34a68&amp;nd=1\" target=\"_blank\" rel=\"noopener\">Links to the Geneva Playlist<\/a><\/span><\/span><\/p>\n<p class=\"InhaltLauftextInhalt\"><span class=\"InhaltklTitelundSeitenzahl\"><span lang=\"DE-CH\"><strong>Composing in the city of Calvin<\/strong><br \/>\n<\/span><\/span><span lang=\"DE-CH\">A selection of Geneva composers over the centuries<\/span><\/p>\n<p><em>(Italics = French summary of the German article)<\/em><\/p>\n<h3><strong><br \/>\nReviews<\/strong><\/h3>\n<p><a href=\"https:\/\/www.revuemusicale.ch\/en\/categorie\/critiques\/\">Book, record and sheet music reviews<\/a><\/p>\n<p>&nbsp;<\/p>\n<h3><strong>Echo<\/strong><\/h3>\n<p><strong>Una per tutti, tutti per una<\/strong><br \/>\nLa Festa federale della musica popolare di Bellinzona<\/p>\n<p><strong>H\u00e9l\u00e8ne de Montgeroult competition in Romont<\/strong><br \/>\nFor young pianists<\/p>\n<p><strong>Musikalienhandel in der Nische<\/strong><br \/>\nEine Umschau<\/p>\n<p><a href=\"https:\/\/www.rts.ch\/audio-podcast\/2023\/audio\/far-west-26177821.html\" target=\"_blank\" rel=\"noopener\"><strong>Radio Francesco<\/strong><\/a><br \/>\nFar west | Wilder Westen<\/p>\n<p><strong>Lutherie sauvage and music for all<\/strong><br \/>\nPlay at your own pace<\/p>\n<p><strong>Let's chat...<\/strong><br \/>\nabout ethnomusicology in Geneva<\/p>\n<p><strong>Carte blanche <\/strong>\u00e0<strong>\u00a0Thomas Meyer<br \/>\n<\/strong>A crazy little idea...<strong><br \/>\n<\/strong><\/p>\n<h3><strong><br \/>\nBasis<\/strong><\/h3>\n<p>Articles and association news<\/p>\n<p><a href=\"https:\/\/www.musikzeitung.ch\/basis\/eov\/\" target=\"_blank\" rel=\"noopener\">Eidgen\u00f6ssischer Orchesterverband (EOV) \/ Soci\u00e9t\u00e9 F\u00e9d\u00e9rale des Orchestres (SFO)<\/a><\/p>\n<p><a href=\"https:\/\/www.musikzeitung.ch\/basis\/kmhs\" target=\"_blank\" rel=\"noopener\">Konferenz Musikhochschulen Schweiz (KMHS) \/ Conference of Swiss Colleges of Music (CHEMS)<\/a><\/p>\n<p><a href=\"https:\/\/www.musikzeitung.ch\/basis\/kalaidos\/\" target=\"_blank\" rel=\"noopener\">Kalaidos Musikhochschule \/ Kalaidos High School of Music<\/a><\/p>\n<p><a href=\"https:\/\/www.musikzeitung.ch\/basis\/smr\/\" target=\"_blank\" rel=\"noopener\">Schweizer Musikrat (SMR) \/ Swiss Music Council (CSM)<\/a><\/p>\n<p><a href=\"https:\/\/www.musikzeitung.ch\/basis\/chorama\/\" target=\"_blank\" rel=\"noopener\">CHorama<\/a><\/p>\n<p><a href=\"https:\/\/www.musikzeitung.ch\/basis\/smm\/\" target=\"_blank\" rel=\"noopener\">Schweizerische Gesellschaft f\u00fcr Musik-Medizin (SMM) \/ Swiss Association for Music Medicine (SMM)<\/a><\/p>\n<p><a href=\"https:\/\/www.musikzeitung.ch\/basis\/smg\/\" target=\"_blank\" rel=\"noopener\">Schweizerische Musikforschende Gesellschaft (SMG) \/ Swiss Musicological Society (SSM)<\/a><\/p>\n<p><a href=\"https:\/\/www.musikzeitung.ch\/basis\/smv\/\" target=\"_blank\" rel=\"noopener\">Schweizerischer Musikerverband (SMV) \/ Union Suisse des Artistes Musiciens (USDAM)<\/a><\/p>\n<p><a href=\"https:\/\/www.musikzeitung.ch\/basis\/smpv\/\" target=\"_blank\" rel=\"noopener\">Schweizerischer Musikp\u00e4dagogischer Verband (SMPV) \/ Soci\u00e9t\u00e9 Suisse de P\u00e9dagogie Musicale (SSPM)<\/a><\/p>\n<p><a href=\"https:\/\/www.musikzeitung.ch\/basis\/sonart\/\" target=\"_blank\" rel=\"noopener\">SONART - Musikschaffende Schweiz<\/a><\/p>\n<p><a href=\"https:\/\/www.musikzeitung.ch\/basis\/sjmw\/\" target=\"_blank\" rel=\"noopener\">Stiftung Schweizerischer Jugendmusikwettbewerb (SJMW)<\/a><\/p>\n<p><a href=\"https:\/\/www.musikzeitung.ch\/basis\/arosa-kultur\/\" target=\"_blank\" rel=\"noopener\">Arosa Kultur<\/a><\/p>\n<p><a href=\"https:\/\/www.musikzeitung.ch\/basis\/suisa\/\" target=\"_blank\" rel=\"noopener\">SUISA - Genossenschaft der Urheber und Verleger von Musik<\/a><\/p>\n<p><a href=\"https:\/\/www.musikzeitung.ch\/basis\/vms\/\" target=\"_blank\" rel=\"noopener\">Verband Musikschulen Schweiz (VMS) \/ Swiss Association of Music Schools (ASEM)<\/a><\/p>\n<p>&nbsp;<\/p>\n<p><strong>An Argentine gaucho in Geneva<br \/>\n<\/strong>Dirk Wieschollek's riddle<\/p>\n<p>________________________________________<\/p>\n<p><a href=\"mailto:contact@musikzeitung.ch\"><strong>Order this issue for CHF 8.- (+ CHF 2.- postage)<\/strong><\/a><\/p>","protected":false},"excerpt":{"rendered":"<p>Table des mati\u00e8res Focus L\u2019enseignement artistique doit \u00eatre au c\u0153ur de l\u2019\u00e9ducation Entretien avec Philippe R\u00e9gana, \u00addirecteur du CPM \u00e0 Gen\u00e8ve Sur la route du Mont Blanc Le d\u00e9veloppement de la sc\u00e8ne \u00admusicale \u00e0 Gen\u00e8ve Le son des squats La sc\u00e8ne musicale genevoise est plus florissante que jamais Liens vers la Playlist Geneva Composer dans [&hellip;]<\/p>\n","protected":false},"author":1,"featured_media":29848,"comment_status":"closed","ping_status":"closed","sticky":false,"template":"","format":"standard","meta":{"_acf_changed":false,"_relevanssi_hide_post":"","_relevanssi_hide_content":"","_relevanssi_pin_for_all":"","_relevanssi_pin_keywords":"","_relevanssi_unpin_keywords":"","_relevanssi_related_keywords":"","_relevanssi_related_include_ids":"","_relevanssi_related_exclude_ids":"","_relevanssi_related_no_append":"","_relevanssi_related_not_related":"","_relevanssi_related_posts":"","_relevanssi_noindex_reason":"","pgc_sgb_lightbox_settings":"","footnotes":""},"categories":[1565],"tags":[1805,1806,1807,1808,1809,1810,1811,1812,1813,1814,1815,1816,1817,1818,1819,1820,1821,1822,1823,1824,1825,1826,1827,1828,1829],"class_list":["post-29835","post","type-post","status-publish","format-standard","has-post-thumbnail","hentry","category-smz","tag-bongo-joe","tag-calvin","tag-cave12","tag-cheptel-records","tag-concours-helene-de-montgeroult","tag-conservatoire-populaire-demusique","tag-cyril-yeterian","tag-dead-brothers","tag-esther-elizabeth-velkiers","tag-ethnomusicologie","tag-fabrice-contri","tag-festa-federale-della-musica-popolare","tag-geneve","tag-genf","tag-joue-a-ton-rythme","tag-madeleine-leclair","tag-mauro-harsch","tag-musikalienhandel","tag-philippe-regana","tag-psautier-de-geneve","tag-robin-girod","tag-sobrio","tag-societe-de-musique","tag-urs-frauchiger","tag-varnish-la-piscine"],"acf":[],"yoast_head":"<!-- This site is optimized with the Yoast SEO plugin v27.3 - https:\/\/yoast.com\/product\/yoast-seo-wordpress\/ -->\n<title>Num\u00e9ro 11\/2023 \u2013 Focus \u00abGen\u00e8ve\u00bb - Revue Musicale Suisse<\/title>\n<meta name=\"robots\" content=\"index, follow, max-snippet:-1, max-image-preview:large, max-video-preview:-1\" \/>\n<link rel=\"canonical\" href=\"https:\/\/www.revuemusicale.ch\/en\/smz\/2023\/10\/numero-11-2023-focus-geneve\/\" \/>\n<meta property=\"og:locale\" content=\"en_US\" \/>\n<meta property=\"og:type\" content=\"article\" \/>\n<meta property=\"og:title\" content=\"Num\u00e9ro 11\/2023 \u2013 Focus \u00abGen\u00e8ve\u00bb - Revue Musicale Suisse\" \/>\n<meta property=\"og:description\" content=\"Table des mati\u00e8res Focus L\u2019enseignement artistique doit \u00eatre au c\u0153ur de l\u2019\u00e9ducation Entretien avec Philippe R\u00e9gana, \u00addirecteur du CPM \u00e0 Gen\u00e8ve Sur la route du Mont Blanc Le d\u00e9veloppement de la sc\u00e8ne \u00admusicale \u00e0 Gen\u00e8ve Le son des squats La sc\u00e8ne musicale genevoise est plus florissante que jamais Liens vers la Playlist Geneva Composer dans [&hellip;]\" \/>\n<meta property=\"og:url\" content=\"https:\/\/www.revuemusicale.ch\/en\/smz\/2023\/10\/numero-11-2023-focus-geneve\/\" \/>\n<meta property=\"og:site_name\" content=\"Revue Musicale Suisse\" \/>\n<meta property=\"article:publisher\" content=\"https:\/\/www.facebook.com\/SchweizerMusikzeitung\/\" \/>\n<meta property=\"article:published_time\" content=\"2023-10-25T08:00:25+00:00\" \/>\n<meta property=\"article:modified_time\" content=\"2023-11-29T08:10:46+00:00\" \/>\n<meta property=\"og:image\" content=\"https:\/\/www.revuemusicale.ch\/wp-content\/uploads\/2023\/10\/SMZ-11-2023_Cover.jpg\" \/>\n\t<meta property=\"og:image:width\" content=\"1299\" \/>\n\t<meta property=\"og:image:height\" content=\"901\" \/>\n\t<meta property=\"og:image:type\" content=\"image\/jpeg\" \/>\n<meta name=\"author\" content=\"Musikzeitung-Redaktion\" \/>\n<meta name=\"twitter:card\" content=\"summary_large_image\" \/>\n<meta name=\"twitter:creator\" content=\"@smusikzeitung\" \/>\n<meta name=\"twitter:site\" content=\"@smusikzeitung\" \/>\n<meta name=\"twitter:label1\" content=\"Written by\" \/>\n\t<meta name=\"twitter:data1\" content=\"Musikzeitung-Redaktion\" \/>\n\t<meta name=\"twitter:label2\" content=\"Est. reading time\" \/>\n\t<meta name=\"twitter:data2\" content=\"2 minutes\" \/>\n<script type=\"application\/ld+json\" class=\"yoast-schema-graph\">{\"@context\":\"https:\\\/\\\/schema.org\",\"@graph\":[{\"@type\":\"Article\",\"@id\":\"https:\\\/\\\/www.revuemusicale.ch\\\/smz\\\/2023\\\/10\\\/numero-11-2023-focus-geneve#article\",\"isPartOf\":{\"@id\":\"https:\\\/\\\/www.revuemusicale.ch\\\/smz\\\/2023\\\/10\\\/numero-11-2023-focus-geneve\"},\"author\":{\"name\":\"Musikzeitung-Redaktion\",\"@id\":\"https:\\\/\\\/www.revuemusicale.ch\\\/#\\\/schema\\\/person\\\/b2fd892c800856270b9dcc6001265712\"},\"headline\":\"Num\u00e9ro 11\\\/2023 \u2013 Focus \u00abGen\u00e8ve\u00bb\",\"datePublished\":\"2023-10-25T08:00:25+00:00\",\"dateModified\":\"2023-11-29T08:10:46+00:00\",\"mainEntityOfPage\":{\"@id\":\"https:\\\/\\\/www.revuemusicale.ch\\\/smz\\\/2023\\\/10\\\/numero-11-2023-focus-geneve\"},\"wordCount\":311,\"publisher\":{\"@id\":\"https:\\\/\\\/www.revuemusicale.ch\\\/#organization\"},\"image\":{\"@id\":\"https:\\\/\\\/www.revuemusicale.ch\\\/smz\\\/2023\\\/10\\\/numero-11-2023-focus-geneve#primaryimage\"},\"thumbnailUrl\":\"https:\\\/\\\/www.revuemusicale.ch\\\/wp-content\\\/uploads\\\/2023\\\/10\\\/SMZ-11-2023_Cover.jpg\",\"keywords\":[\"Bongo Joe\",\"Calvin\",\"Cave12\",\"Cheptel Records\",\"Concours H\u00e9l\u00e8ne de Montgeroult\",\"Conservatoire Populaire deMusique\",\"Cyril Yeterian\",\"Dead Brothers\",\"Esther Elizabeth Velkiers\",\"Ethnomusicologie\",\"Fabrice Contri\",\"Festa federale della musica popolare\",\"Gen\u00e8ve\",\"Genf\",\"Joue \u00e0 ton rythme\",\"Madeleine Leclair\",\"Mauro Harsch\",\"Musikalienhandel\",\"Philippe R\u00e9gana\",\"Psautier de Gen\u00e8ve\",\"Robin Girod\",\"Sobrio\",\"Soci\u00e9t\u00e9 de musique\",\"Urs Frauchiger\",\"Varnish la Piscine\"],\"articleSection\":[\"SMZ\"],\"inLanguage\":\"en-US\"},{\"@type\":\"WebPage\",\"@id\":\"https:\\\/\\\/www.revuemusicale.ch\\\/smz\\\/2023\\\/10\\\/numero-11-2023-focus-geneve\",\"url\":\"https:\\\/\\\/www.revuemusicale.ch\\\/smz\\\/2023\\\/10\\\/numero-11-2023-focus-geneve\",\"name\":\"Num\u00e9ro 11\\\/2023 \u2013 Focus \u00abGen\u00e8ve\u00bb - Revue Musicale Suisse\",\"isPartOf\":{\"@id\":\"https:\\\/\\\/www.revuemusicale.ch\\\/#website\"},\"primaryImageOfPage\":{\"@id\":\"https:\\\/\\\/www.revuemusicale.ch\\\/smz\\\/2023\\\/10\\\/numero-11-2023-focus-geneve#primaryimage\"},\"image\":{\"@id\":\"https:\\\/\\\/www.revuemusicale.ch\\\/smz\\\/2023\\\/10\\\/numero-11-2023-focus-geneve#primaryimage\"},\"thumbnailUrl\":\"https:\\\/\\\/www.revuemusicale.ch\\\/wp-content\\\/uploads\\\/2023\\\/10\\\/SMZ-11-2023_Cover.jpg\",\"datePublished\":\"2023-10-25T08:00:25+00:00\",\"dateModified\":\"2023-11-29T08:10:46+00:00\",\"breadcrumb\":{\"@id\":\"https:\\\/\\\/www.revuemusicale.ch\\\/smz\\\/2023\\\/10\\\/numero-11-2023-focus-geneve#breadcrumb\"},\"inLanguage\":\"en-US\",\"potentialAction\":[{\"@type\":\"ReadAction\",\"target\":[\"https:\\\/\\\/www.revuemusicale.ch\\\/smz\\\/2023\\\/10\\\/numero-11-2023-focus-geneve\"]}]},{\"@type\":\"ImageObject\",\"inLanguage\":\"en-US\",\"@id\":\"https:\\\/\\\/www.revuemusicale.ch\\\/smz\\\/2023\\\/10\\\/numero-11-2023-focus-geneve#primaryimage\",\"url\":\"https:\\\/\\\/www.revuemusicale.ch\\\/wp-content\\\/uploads\\\/2023\\\/10\\\/SMZ-11-2023_Cover.jpg\",\"contentUrl\":\"https:\\\/\\\/www.revuemusicale.ch\\\/wp-content\\\/uploads\\\/2023\\\/10\\\/SMZ-11-2023_Cover.jpg\",\"width\":1299,\"height\":901},{\"@type\":\"BreadcrumbList\",\"@id\":\"https:\\\/\\\/www.revuemusicale.ch\\\/smz\\\/2023\\\/10\\\/numero-11-2023-focus-geneve#breadcrumb\",\"itemListElement\":[{\"@type\":\"ListItem\",\"position\":1,\"name\":\"Home\",\"item\":\"https:\\\/\\\/www.revuemusicale.ch\\\/\"},{\"@type\":\"ListItem\",\"position\":2,\"name\":\"Num\u00e9ro 11\\\/2023 \u2013 Focus \u00abGen\u00e8ve\u00bb\"}]},{\"@type\":\"WebSite\",\"@id\":\"https:\\\/\\\/www.revuemusicale.ch\\\/#website\",\"url\":\"https:\\\/\\\/www.revuemusicale.ch\\\/\",\"name\":\"Revue Musicale Suisse\",\"description\":\"\",\"publisher\":{\"@id\":\"https:\\\/\\\/www.revuemusicale.ch\\\/#organization\"},\"potentialAction\":[{\"@type\":\"SearchAction\",\"target\":{\"@type\":\"EntryPoint\",\"urlTemplate\":\"https:\\\/\\\/www.revuemusicale.ch\\\/?s={search_term_string}\"},\"query-input\":{\"@type\":\"PropertyValueSpecification\",\"valueRequired\":true,\"valueName\":\"search_term_string\"}}],\"inLanguage\":\"en-US\"},{\"@type\":\"Organization\",\"@id\":\"https:\\\/\\\/www.revuemusicale.ch\\\/#organization\",\"name\":\"Revue Musicale Suisse\",\"url\":\"https:\\\/\\\/www.revuemusicale.ch\\\/\",\"logo\":{\"@type\":\"ImageObject\",\"inLanguage\":\"en-US\",\"@id\":\"https:\\\/\\\/www.revuemusicale.ch\\\/#\\\/schema\\\/logo\\\/image\\\/\",\"url\":\"https:\\\/\\\/www.revuemusicale.ch\\\/wp-content\\\/uploads\\\/2023\\\/01\\\/logo_revuemusicale_musikzeitung.jpg\",\"contentUrl\":\"https:\\\/\\\/www.revuemusicale.ch\\\/wp-content\\\/uploads\\\/2023\\\/01\\\/logo_revuemusicale_musikzeitung.jpg\",\"width\":1200,\"height\":243,\"caption\":\"Revue Musicale Suisse\"},\"image\":{\"@id\":\"https:\\\/\\\/www.revuemusicale.ch\\\/#\\\/schema\\\/logo\\\/image\\\/\"},\"sameAs\":[\"https:\\\/\\\/www.facebook.com\\\/SchweizerMusikzeitung\\\/\",\"https:\\\/\\\/x.com\\\/smusikzeitung\",\"https:\\\/\\\/www.instagram.com\\\/musikzeitung.ch\\\/?hl=de\"]},{\"@type\":\"Person\",\"@id\":\"https:\\\/\\\/www.revuemusicale.ch\\\/#\\\/schema\\\/person\\\/b2fd892c800856270b9dcc6001265712\",\"name\":\"Musikzeitung-Redaktion\",\"image\":{\"@type\":\"ImageObject\",\"inLanguage\":\"en-US\",\"@id\":\"https:\\\/\\\/secure.gravatar.com\\\/avatar\\\/0c7e6a405862e402eb76a70f8a26fc732d07c32931e9fae9ab1582911d2e8a3b?s=96&d=mm&r=g\",\"url\":\"https:\\\/\\\/secure.gravatar.com\\\/avatar\\\/0c7e6a405862e402eb76a70f8a26fc732d07c32931e9fae9ab1582911d2e8a3b?s=96&d=mm&r=g\",\"contentUrl\":\"https:\\\/\\\/secure.gravatar.com\\\/avatar\\\/0c7e6a405862e402eb76a70f8a26fc732d07c32931e9fae9ab1582911d2e8a3b?s=96&d=mm&r=g\",\"caption\":\"Musikzeitung-Redaktion\"},\"sameAs\":[\"http:\\\/\\\/wundo-docker.io\"],\"url\":\"https:\\\/\\\/www.revuemusicale.ch\\\/en\\\/author\\\/admin\"}]}<\/script>\n<!-- \/ Yoast SEO plugin. -->","yoast_head_json":{"title":"Num\u00e9ro 11\/2023 \u2013 Focus \u00abGen\u00e8ve\u00bb - Revue Musicale Suisse","robots":{"index":"index","follow":"follow","max-snippet":"max-snippet:-1","max-image-preview":"max-image-preview:large","max-video-preview":"max-video-preview:-1"},"canonical":"https:\/\/www.revuemusicale.ch\/en\/smz\/2023\/10\/numero-11-2023-focus-geneve\/","og_locale":"en_US","og_type":"article","og_title":"Num\u00e9ro 11\/2023 \u2013 Focus \u00abGen\u00e8ve\u00bb - Revue Musicale Suisse","og_description":"Table des mati\u00e8res Focus L\u2019enseignement artistique doit \u00eatre au c\u0153ur de l\u2019\u00e9ducation Entretien avec Philippe R\u00e9gana, \u00addirecteur du CPM \u00e0 Gen\u00e8ve Sur la route du Mont Blanc Le d\u00e9veloppement de la sc\u00e8ne \u00admusicale \u00e0 Gen\u00e8ve Le son des squats La sc\u00e8ne musicale genevoise est plus florissante que jamais Liens vers la Playlist Geneva Composer dans [&hellip;]","og_url":"https:\/\/www.revuemusicale.ch\/en\/smz\/2023\/10\/numero-11-2023-focus-geneve\/","og_site_name":"Revue Musicale Suisse","article_publisher":"https:\/\/www.facebook.com\/SchweizerMusikzeitung\/","article_published_time":"2023-10-25T08:00:25+00:00","article_modified_time":"2023-11-29T08:10:46+00:00","og_image":[{"width":1299,"height":901,"url":"https:\/\/www.revuemusicale.ch\/wp-content\/uploads\/2023\/10\/SMZ-11-2023_Cover.jpg","type":"image\/jpeg"}],"author":"Musikzeitung-Redaktion","twitter_card":"summary_large_image","twitter_creator":"@smusikzeitung","twitter_site":"@smusikzeitung","twitter_misc":{"Written by":"Musikzeitung-Redaktion","Est. reading time":"2 minutes"},"schema":{"@context":"https:\/\/schema.org","@graph":[{"@type":"Article","@id":"https:\/\/www.revuemusicale.ch\/smz\/2023\/10\/numero-11-2023-focus-geneve#article","isPartOf":{"@id":"https:\/\/www.revuemusicale.ch\/smz\/2023\/10\/numero-11-2023-focus-geneve"},"author":{"name":"Musikzeitung-Redaktion","@id":"https:\/\/www.revuemusicale.ch\/#\/schema\/person\/b2fd892c800856270b9dcc6001265712"},"headline":"Num\u00e9ro 11\/2023 \u2013 Focus \u00abGen\u00e8ve\u00bb","datePublished":"2023-10-25T08:00:25+00:00","dateModified":"2023-11-29T08:10:46+00:00","mainEntityOfPage":{"@id":"https:\/\/www.revuemusicale.ch\/smz\/2023\/10\/numero-11-2023-focus-geneve"},"wordCount":311,"publisher":{"@id":"https:\/\/www.revuemusicale.ch\/#organization"},"image":{"@id":"https:\/\/www.revuemusicale.ch\/smz\/2023\/10\/numero-11-2023-focus-geneve#primaryimage"},"thumbnailUrl":"https:\/\/www.revuemusicale.ch\/wp-content\/uploads\/2023\/10\/SMZ-11-2023_Cover.jpg","keywords":["Bongo Joe","Calvin","Cave12","Cheptel Records","Concours H\u00e9l\u00e8ne de Montgeroult","Conservatoire Populaire deMusique","Cyril Yeterian","Dead Brothers","Esther Elizabeth Velkiers","Ethnomusicologie","Fabrice Contri","Festa federale della musica popolare","Gen\u00e8ve","Genf","Joue \u00e0 ton rythme","Madeleine Leclair","Mauro Harsch","Musikalienhandel","Philippe R\u00e9gana","Psautier de Gen\u00e8ve","Robin Girod","Sobrio","Soci\u00e9t\u00e9 de musique","Urs Frauchiger","Varnish la Piscine"],"articleSection":["SMZ"],"inLanguage":"en-US"},{"@type":"WebPage","@id":"https:\/\/www.revuemusicale.ch\/smz\/2023\/10\/numero-11-2023-focus-geneve","url":"https:\/\/www.revuemusicale.ch\/smz\/2023\/10\/numero-11-2023-focus-geneve","name":"Num\u00e9ro 11\/2023 \u2013 Focus \u00abGen\u00e8ve\u00bb - Revue Musicale Suisse","isPartOf":{"@id":"https:\/\/www.revuemusicale.ch\/#website"},"primaryImageOfPage":{"@id":"https:\/\/www.revuemusicale.ch\/smz\/2023\/10\/numero-11-2023-focus-geneve#primaryimage"},"image":{"@id":"https:\/\/www.revuemusicale.ch\/smz\/2023\/10\/numero-11-2023-focus-geneve#primaryimage"},"thumbnailUrl":"https:\/\/www.revuemusicale.ch\/wp-content\/uploads\/2023\/10\/SMZ-11-2023_Cover.jpg","datePublished":"2023-10-25T08:00:25+00:00","dateModified":"2023-11-29T08:10:46+00:00","breadcrumb":{"@id":"https:\/\/www.revuemusicale.ch\/smz\/2023\/10\/numero-11-2023-focus-geneve#breadcrumb"},"inLanguage":"en-US","potentialAction":[{"@type":"ReadAction","target":["https:\/\/www.revuemusicale.ch\/smz\/2023\/10\/numero-11-2023-focus-geneve"]}]},{"@type":"ImageObject","inLanguage":"en-US","@id":"https:\/\/www.revuemusicale.ch\/smz\/2023\/10\/numero-11-2023-focus-geneve#primaryimage","url":"https:\/\/www.revuemusicale.ch\/wp-content\/uploads\/2023\/10\/SMZ-11-2023_Cover.jpg","contentUrl":"https:\/\/www.revuemusicale.ch\/wp-content\/uploads\/2023\/10\/SMZ-11-2023_Cover.jpg","width":1299,"height":901},{"@type":"BreadcrumbList","@id":"https:\/\/www.revuemusicale.ch\/smz\/2023\/10\/numero-11-2023-focus-geneve#breadcrumb","itemListElement":[{"@type":"ListItem","position":1,"name":"Home","item":"https:\/\/www.revuemusicale.ch\/"},{"@type":"ListItem","position":2,"name":"Num\u00e9ro 11\/2023 \u2013 Focus \u00abGen\u00e8ve\u00bb"}]},{"@type":"WebSite","@id":"https:\/\/www.revuemusicale.ch\/#website","url":"https:\/\/www.revuemusicale.ch\/","name":"Swiss Music Review","description":"","publisher":{"@id":"https:\/\/www.revuemusicale.ch\/#organization"},"potentialAction":[{"@type":"SearchAction","target":{"@type":"EntryPoint","urlTemplate":"https:\/\/www.revuemusicale.ch\/?s={search_term_string}"},"query-input":{"@type":"PropertyValueSpecification","valueRequired":true,"valueName":"search_term_string"}}],"inLanguage":"en-US"},{"@type":"Organization","@id":"https:\/\/www.revuemusicale.ch\/#organization","name":"Swiss Music Review","url":"https:\/\/www.revuemusicale.ch\/","logo":{"@type":"ImageObject","inLanguage":"en-US","@id":"https:\/\/www.revuemusicale.ch\/#\/schema\/logo\/image\/","url":"https:\/\/www.revuemusicale.ch\/wp-content\/uploads\/2023\/01\/logo_revuemusicale_musikzeitung.jpg","contentUrl":"https:\/\/www.revuemusicale.ch\/wp-content\/uploads\/2023\/01\/logo_revuemusicale_musikzeitung.jpg","width":1200,"height":243,"caption":"Revue Musicale Suisse"},"image":{"@id":"https:\/\/www.revuemusicale.ch\/#\/schema\/logo\/image\/"},"sameAs":["https:\/\/www.facebook.com\/SchweizerMusikzeitung\/","https:\/\/x.com\/smusikzeitung","https:\/\/www.instagram.com\/musikzeitung.ch\/?hl=de"]},{"@type":"Person","@id":"https:\/\/www.revuemusicale.ch\/#\/schema\/person\/b2fd892c800856270b9dcc6001265712","name":"Musikzeitung-Redaktion","image":{"@type":"ImageObject","inLanguage":"en-US","@id":"https:\/\/secure.gravatar.com\/avatar\/0c7e6a405862e402eb76a70f8a26fc732d07c32931e9fae9ab1582911d2e8a3b?s=96&d=mm&r=g","url":"https:\/\/secure.gravatar.com\/avatar\/0c7e6a405862e402eb76a70f8a26fc732d07c32931e9fae9ab1582911d2e8a3b?s=96&d=mm&r=g","contentUrl":"https:\/\/secure.gravatar.com\/avatar\/0c7e6a405862e402eb76a70f8a26fc732d07c32931e9fae9ab1582911d2e8a3b?s=96&d=mm&r=g","caption":"Musikzeitung-Redaktion"},"sameAs":["http:\/\/wundo-docker.io"],"url":"https:\/\/www.revuemusicale.ch\/en\/author\/admin"}]}},"publishpress_future_action":{"enabled":false,"date":"1970-01-01 01:00:00","action":"change-status","newStatus":"draft","terms":[],"taxonomy":"category","extraData":[]},"publishpress_future_workflow_manual_trigger":{"enabledWorkflows":[]},"_links":{"self":[{"href":"https:\/\/www.revuemusicale.ch\/en\/wp-json\/wp\/v2\/posts\/29835","targetHints":{"allow":["GET"]}}],"collection":[{"href":"https:\/\/www.revuemusicale.ch\/en\/wp-json\/wp\/v2\/posts"}],"about":[{"href":"https:\/\/www.revuemusicale.ch\/en\/wp-json\/wp\/v2\/types\/post"}],"author":[{"embeddable":true,"href":"https:\/\/www.revuemusicale.ch\/en\/wp-json\/wp\/v2\/users\/1"}],"replies":[{"embeddable":true,"href":"https:\/\/www.revuemusicale.ch\/en\/wp-json\/wp\/v2\/comments?post=29835"}],"version-history":[{"count":7,"href":"https:\/\/www.revuemusicale.ch\/en\/wp-json\/wp\/v2\/posts\/29835\/revisions"}],"predecessor-version":[{"id":29869,"href":"https:\/\/www.revuemusicale.ch\/en\/wp-json\/wp\/v2\/posts\/29835\/revisions\/29869"}],"wp:featuredmedia":[{"embeddable":true,"href":"https:\/\/www.revuemusicale.ch\/en\/wp-json\/wp\/v2\/media\/29848"}],"wp:attachment":[{"href":"https:\/\/www.revuemusicale.ch\/en\/wp-json\/wp\/v2\/media?parent=29835"}],"wp:term":[{"taxonomy":"category","embeddable":true,"href":"https:\/\/www.revuemusicale.ch\/en\/wp-json\/wp\/v2\/categories?post=29835"},{"taxonomy":"post_tag","embeddable":true,"href":"https:\/\/www.revuemusicale.ch\/en\/wp-json\/wp\/v2\/tags?post=29835"}],"curies":[{"name":"wp","href":"https:\/\/api.w.org\/{rel}","templated":true}]}}