{"id":29845,"date":"2023-10-25T10:00:01","date_gmt":"2023-10-25T08:00:01","guid":{"rendered":"https:\/\/www.revuemusicale.ch\/?p=29845"},"modified":"2023-10-25T11:54:41","modified_gmt":"2023-10-25T09:54:41","slug":"journee-sante-musique","status":"publish","type":"post","link":"https:\/\/www.revuemusicale.ch\/en\/basis\/smm\/2023\/10\/journee-sante-musique","title":{"rendered":"Health and Music Day"},"content":{"rendered":"<p class=\"p1\"><span class=\"s1\">The Health Day, organized by Swissmedmusica in collaboration with the Swiss Performers' Foundation (SIS) and leading industry associations, offers an opportunity to learn about prevention and mental health concepts in the daily lives of musicians. Top-level speakers from the fields of music medicine, bodywork and pedagogical practice will provide an overview of current developments in healthy musical practice. The day is open to all interested parties, professionals and amateurs alike. It will be bilingual (German\/French), with simultaneous translation. <span class=\"Apple-converted-space\">\u00a0<\/span><\/span><\/p>\n<p class=\"p2\"><span class=\"s1\">Teams from Swiss music colleges (HSLU-M Lucerne, ZHdK Zurich, HEMU Geneva), who integrate sustainable health concepts into their training courses, will provide information on empowerment strategies and offers for healthy music schools. Associations, therapists and specialist teachers will be providing information in the form of a panel discussion and practical testimonials.<span class=\"Apple-converted-space\">\u00a0<\/span><\/span><\/p>\n<p class=\"p2\"><span class=\"s1\">Swissmedmusica is partnering the Swiss Society for Music Pedagogy (SSPM), Sonart - Creators of Music in Switzerland and the Swiss Association of Music Schools (ASEM) for Music Health Day. In addition to the Day, Swissmedmusica offers a free, independent national advisory service and a network of doctors and therapists with expertise in music medicine. <span class=\"Apple-converted-space\">\u00a0<\/span><\/span><\/p>\n<p class=\"p2\"><span class=\"s1\">On Health Day, Swissmedmusica, the former Swiss Society for Music Medicine, will also be presenting a directory of verified and reliable health services for the music industry, accessible via the Internet.<\/span><\/p>\n<h3 class=\"p3\"><strong><span class=\"s2\">Become a member<\/span><\/strong><\/h3>\n<p class=\"p1\"><span class=\"s1\">Swissmedmusica membership is open to musicians, doctors, psychologists, therapists, institutions, organizations, supporting members and donors. Members enjoy exclusive access to our network and to our newsletter containing information on events, new publications and news from the world of music medicine. A registration form can be found on the Swissmedmusica website.<\/span><\/p>\n<h3 class=\"p5\"><strong><span class=\"s1\">News<\/span><span class=\"s3\"><span class=\"Apple-converted-space\">\u00a0<\/span><\/span><\/strong><\/h3>\n<p class=\"p5\"><span class=\"s3\">Symposium and registration :<span class=\"Apple-converted-space\">\u00a0<\/span><\/span><a href=\"http:\/\/swissmedmusica.ch\/fr\/aktuelles-symposium\"><span class=\"s3\">swissmedmusica.ch\/en\/aktuelles-symposium<\/span><\/a><\/p>\n<p class=\"p5\"><span class=\"s3\">Consulting services : <a href=\"http:\/\/swissmedmusica.ch\/fr\/beratung\">swissmedmusica.ch\/en\/beratung<\/a><\/span><\/p>","protected":false},"excerpt":{"rendered":"<p>On November 11, 2023 in Fribourg, Swissmedmusica will provide a platform for all aspects of healthy musical practice.<\/p>","protected":false},"author":1,"featured_media":29852,"comment_status":"closed","ping_status":"closed","sticky":false,"template":"","format":"standard","meta":{"_acf_changed":false,"_relevanssi_hide_post":"","_relevanssi_hide_content":"","_relevanssi_pin_for_all":"","_relevanssi_pin_keywords":"","_relevanssi_unpin_keywords":"","_relevanssi_related_keywords":"","_relevanssi_related_include_ids":"","_relevanssi_related_exclude_ids":"","_relevanssi_related_no_append":"","_relevanssi_related_not_related":"","_relevanssi_related_posts":"","_relevanssi_noindex_reason":"","pgc_sgb_lightbox_settings":"","footnotes":""},"categories":[31,50],"tags":[1830],"class_list":["post-29845","post","type-post","status-publish","format-standard","has-post-thumbnail","hentry","category-basis","category-smm","tag-swissmedmusica"],"acf":[],"yoast_head":"<!-- This site is optimized with the Yoast SEO plugin v27.3 - https:\/\/yoast.com\/product\/yoast-seo-wordpress\/ -->\n<title>Journ\u00e9e sant\u00e9 musique - Revue Musicale Suisse<\/title>\n<meta name=\"description\" content=\"Swissmedmusica r\u00e9alise le 11 novembre 2023 \u00e0 Fribourg une plateforme pour tous les aspects de la pratique musicale en bonne sant\u00e9.\" \/>\n<meta name=\"robots\" content=\"index, follow, max-snippet:-1, max-image-preview:large, max-video-preview:-1\" \/>\n<link rel=\"canonical\" href=\"https:\/\/www.revuemusicale.ch\/en\/basis\/smm\/2023\/10\/journee-sante-musique\/\" \/>\n<meta property=\"og:locale\" content=\"en_US\" \/>\n<meta property=\"og:type\" content=\"article\" \/>\n<meta property=\"og:title\" content=\"Journ\u00e9e sant\u00e9 musique - Revue Musicale Suisse\" \/>\n<meta property=\"og:description\" content=\"Swissmedmusica r\u00e9alise le 11 novembre 2023 \u00e0 Fribourg une plateforme pour tous les aspects de la pratique musicale en bonne sant\u00e9.\" \/>\n<meta property=\"og:url\" content=\"https:\/\/www.revuemusicale.ch\/en\/basis\/smm\/2023\/10\/journee-sante-musique\/\" \/>\n<meta property=\"og:site_name\" content=\"Revue Musicale Suisse\" \/>\n<meta property=\"article:publisher\" content=\"https:\/\/www.facebook.com\/SchweizerMusikzeitung\/\" \/>\n<meta property=\"article:published_time\" content=\"2023-10-25T08:00:01+00:00\" \/>\n<meta property=\"article:modified_time\" content=\"2023-10-25T09:54:41+00:00\" \/>\n<meta property=\"og:image\" content=\"https:\/\/www.revuemusicale.ch\/wp-content\/uploads\/2023\/10\/Logo-Medmusica_200.jpg\" \/>\n\t<meta property=\"og:image:width\" content=\"567\" \/>\n\t<meta property=\"og:image:height\" content=\"283\" \/>\n\t<meta property=\"og:image:type\" content=\"image\/jpeg\" \/>\n<meta name=\"author\" content=\"Musikzeitung-Redaktion\" \/>\n<meta name=\"twitter:card\" content=\"summary_large_image\" \/>\n<meta name=\"twitter:creator\" content=\"@smusikzeitung\" \/>\n<meta name=\"twitter:site\" content=\"@smusikzeitung\" \/>\n<meta name=\"twitter:label1\" content=\"Written by\" \/>\n\t<meta name=\"twitter:data1\" content=\"Musikzeitung-Redaktion\" \/>\n\t<meta name=\"twitter:label2\" content=\"Est. reading time\" \/>\n\t<meta name=\"twitter:data2\" content=\"2 minutes\" \/>\n<script type=\"application\/ld+json\" class=\"yoast-schema-graph\">{\"@context\":\"https:\\\/\\\/schema.org\",\"@graph\":[{\"@type\":\"Article\",\"@id\":\"https:\\\/\\\/www.revuemusicale.ch\\\/basis\\\/smm\\\/2023\\\/10\\\/journee-sante-musique#article\",\"isPartOf\":{\"@id\":\"https:\\\/\\\/www.revuemusicale.ch\\\/basis\\\/smm\\\/2023\\\/10\\\/journee-sante-musique\"},\"author\":{\"name\":\"Musikzeitung-Redaktion\",\"@id\":\"https:\\\/\\\/www.revuemusicale.ch\\\/#\\\/schema\\\/person\\\/b2fd892c800856270b9dcc6001265712\"},\"headline\":\"Journ\u00e9e sant\u00e9 musique\",\"datePublished\":\"2023-10-25T08:00:01+00:00\",\"dateModified\":\"2023-10-25T09:54:41+00:00\",\"mainEntityOfPage\":{\"@id\":\"https:\\\/\\\/www.revuemusicale.ch\\\/basis\\\/smm\\\/2023\\\/10\\\/journee-sante-musique\"},\"wordCount\":395,\"publisher\":{\"@id\":\"https:\\\/\\\/www.revuemusicale.ch\\\/#organization\"},\"image\":{\"@id\":\"https:\\\/\\\/www.revuemusicale.ch\\\/basis\\\/smm\\\/2023\\\/10\\\/journee-sante-musique#primaryimage\"},\"thumbnailUrl\":\"https:\\\/\\\/www.revuemusicale.ch\\\/wp-content\\\/uploads\\\/2023\\\/10\\\/Logo-Medmusica_200.jpg\",\"keywords\":[\"Swissmedmusica\"],\"articleSection\":[\"Basis\",\"SMM\"],\"inLanguage\":\"en-US\"},{\"@type\":\"WebPage\",\"@id\":\"https:\\\/\\\/www.revuemusicale.ch\\\/basis\\\/smm\\\/2023\\\/10\\\/journee-sante-musique\",\"url\":\"https:\\\/\\\/www.revuemusicale.ch\\\/basis\\\/smm\\\/2023\\\/10\\\/journee-sante-musique\",\"name\":\"Journ\u00e9e sant\u00e9 musique - Revue Musicale Suisse\",\"isPartOf\":{\"@id\":\"https:\\\/\\\/www.revuemusicale.ch\\\/#website\"},\"primaryImageOfPage\":{\"@id\":\"https:\\\/\\\/www.revuemusicale.ch\\\/basis\\\/smm\\\/2023\\\/10\\\/journee-sante-musique#primaryimage\"},\"image\":{\"@id\":\"https:\\\/\\\/www.revuemusicale.ch\\\/basis\\\/smm\\\/2023\\\/10\\\/journee-sante-musique#primaryimage\"},\"thumbnailUrl\":\"https:\\\/\\\/www.revuemusicale.ch\\\/wp-content\\\/uploads\\\/2023\\\/10\\\/Logo-Medmusica_200.jpg\",\"datePublished\":\"2023-10-25T08:00:01+00:00\",\"dateModified\":\"2023-10-25T09:54:41+00:00\",\"description\":\"Swissmedmusica r\u00e9alise le 11 novembre 2023 \u00e0 Fribourg une plateforme pour tous les aspects de la pratique musicale en bonne sant\u00e9.\",\"breadcrumb\":{\"@id\":\"https:\\\/\\\/www.revuemusicale.ch\\\/basis\\\/smm\\\/2023\\\/10\\\/journee-sante-musique#breadcrumb\"},\"inLanguage\":\"en-US\",\"potentialAction\":[{\"@type\":\"ReadAction\",\"target\":[\"https:\\\/\\\/www.revuemusicale.ch\\\/basis\\\/smm\\\/2023\\\/10\\\/journee-sante-musique\"]}]},{\"@type\":\"ImageObject\",\"inLanguage\":\"en-US\",\"@id\":\"https:\\\/\\\/www.revuemusicale.ch\\\/basis\\\/smm\\\/2023\\\/10\\\/journee-sante-musique#primaryimage\",\"url\":\"https:\\\/\\\/www.revuemusicale.ch\\\/wp-content\\\/uploads\\\/2023\\\/10\\\/Logo-Medmusica_200.jpg\",\"contentUrl\":\"https:\\\/\\\/www.revuemusicale.ch\\\/wp-content\\\/uploads\\\/2023\\\/10\\\/Logo-Medmusica_200.jpg\",\"width\":567,\"height\":283},{\"@type\":\"BreadcrumbList\",\"@id\":\"https:\\\/\\\/www.revuemusicale.ch\\\/basis\\\/smm\\\/2023\\\/10\\\/journee-sante-musique#breadcrumb\",\"itemListElement\":[{\"@type\":\"ListItem\",\"position\":1,\"name\":\"Home\",\"item\":\"https:\\\/\\\/www.revuemusicale.ch\\\/\"},{\"@type\":\"ListItem\",\"position\":2,\"name\":\"Journ\u00e9e sant\u00e9 musique\"}]},{\"@type\":\"WebSite\",\"@id\":\"https:\\\/\\\/www.revuemusicale.ch\\\/#website\",\"url\":\"https:\\\/\\\/www.revuemusicale.ch\\\/\",\"name\":\"Revue Musicale Suisse\",\"description\":\"\",\"publisher\":{\"@id\":\"https:\\\/\\\/www.revuemusicale.ch\\\/#organization\"},\"potentialAction\":[{\"@type\":\"SearchAction\",\"target\":{\"@type\":\"EntryPoint\",\"urlTemplate\":\"https:\\\/\\\/www.revuemusicale.ch\\\/?s={search_term_string}\"},\"query-input\":{\"@type\":\"PropertyValueSpecification\",\"valueRequired\":true,\"valueName\":\"search_term_string\"}}],\"inLanguage\":\"en-US\"},{\"@type\":\"Organization\",\"@id\":\"https:\\\/\\\/www.revuemusicale.ch\\\/#organization\",\"name\":\"Revue Musicale Suisse\",\"url\":\"https:\\\/\\\/www.revuemusicale.ch\\\/\",\"logo\":{\"@type\":\"ImageObject\",\"inLanguage\":\"en-US\",\"@id\":\"https:\\\/\\\/www.revuemusicale.ch\\\/#\\\/schema\\\/logo\\\/image\\\/\",\"url\":\"https:\\\/\\\/www.revuemusicale.ch\\\/wp-content\\\/uploads\\\/2023\\\/01\\\/logo_revuemusicale_musikzeitung.jpg\",\"contentUrl\":\"https:\\\/\\\/www.revuemusicale.ch\\\/wp-content\\\/uploads\\\/2023\\\/01\\\/logo_revuemusicale_musikzeitung.jpg\",\"width\":1200,\"height\":243,\"caption\":\"Revue Musicale Suisse\"},\"image\":{\"@id\":\"https:\\\/\\\/www.revuemusicale.ch\\\/#\\\/schema\\\/logo\\\/image\\\/\"},\"sameAs\":[\"https:\\\/\\\/www.facebook.com\\\/SchweizerMusikzeitung\\\/\",\"https:\\\/\\\/x.com\\\/smusikzeitung\",\"https:\\\/\\\/www.instagram.com\\\/musikzeitung.ch\\\/?hl=de\"]},{\"@type\":\"Person\",\"@id\":\"https:\\\/\\\/www.revuemusicale.ch\\\/#\\\/schema\\\/person\\\/b2fd892c800856270b9dcc6001265712\",\"name\":\"Musikzeitung-Redaktion\",\"image\":{\"@type\":\"ImageObject\",\"inLanguage\":\"en-US\",\"@id\":\"https:\\\/\\\/secure.gravatar.com\\\/avatar\\\/0c7e6a405862e402eb76a70f8a26fc732d07c32931e9fae9ab1582911d2e8a3b?s=96&d=mm&r=g\",\"url\":\"https:\\\/\\\/secure.gravatar.com\\\/avatar\\\/0c7e6a405862e402eb76a70f8a26fc732d07c32931e9fae9ab1582911d2e8a3b?s=96&d=mm&r=g\",\"contentUrl\":\"https:\\\/\\\/secure.gravatar.com\\\/avatar\\\/0c7e6a405862e402eb76a70f8a26fc732d07c32931e9fae9ab1582911d2e8a3b?s=96&d=mm&r=g\",\"caption\":\"Musikzeitung-Redaktion\"},\"sameAs\":[\"http:\\\/\\\/wundo-docker.io\"],\"url\":\"https:\\\/\\\/www.revuemusicale.ch\\\/en\\\/author\\\/admin\"}]}<\/script>\n<!-- \/ Yoast SEO plugin. -->","yoast_head_json":{"title":"Music Health Day - Swiss Music Review","description":"On November 11, 2023 in Fribourg, Swissmedmusica will provide a platform for all aspects of healthy musical practice.","robots":{"index":"index","follow":"follow","max-snippet":"max-snippet:-1","max-image-preview":"max-image-preview:large","max-video-preview":"max-video-preview:-1"},"canonical":"https:\/\/www.revuemusicale.ch\/en\/basis\/smm\/2023\/10\/journee-sante-musique\/","og_locale":"en_US","og_type":"article","og_title":"Journ\u00e9e sant\u00e9 musique - Revue Musicale Suisse","og_description":"Swissmedmusica r\u00e9alise le 11 novembre 2023 \u00e0 Fribourg une plateforme pour tous les aspects de la pratique musicale en bonne sant\u00e9.","og_url":"https:\/\/www.revuemusicale.ch\/en\/basis\/smm\/2023\/10\/journee-sante-musique\/","og_site_name":"Revue Musicale Suisse","article_publisher":"https:\/\/www.facebook.com\/SchweizerMusikzeitung\/","article_published_time":"2023-10-25T08:00:01+00:00","article_modified_time":"2023-10-25T09:54:41+00:00","og_image":[{"width":567,"height":283,"url":"https:\/\/www.revuemusicale.ch\/wp-content\/uploads\/2023\/10\/Logo-Medmusica_200.jpg","type":"image\/jpeg"}],"author":"Musikzeitung-Redaktion","twitter_card":"summary_large_image","twitter_creator":"@smusikzeitung","twitter_site":"@smusikzeitung","twitter_misc":{"Written by":"Musikzeitung-Redaktion","Est. reading time":"2 minutes"},"schema":{"@context":"https:\/\/schema.org","@graph":[{"@type":"Article","@id":"https:\/\/www.revuemusicale.ch\/basis\/smm\/2023\/10\/journee-sante-musique#article","isPartOf":{"@id":"https:\/\/www.revuemusicale.ch\/basis\/smm\/2023\/10\/journee-sante-musique"},"author":{"name":"Musikzeitung-Redaktion","@id":"https:\/\/www.revuemusicale.ch\/#\/schema\/person\/b2fd892c800856270b9dcc6001265712"},"headline":"Journ\u00e9e sant\u00e9 musique","datePublished":"2023-10-25T08:00:01+00:00","dateModified":"2023-10-25T09:54:41+00:00","mainEntityOfPage":{"@id":"https:\/\/www.revuemusicale.ch\/basis\/smm\/2023\/10\/journee-sante-musique"},"wordCount":395,"publisher":{"@id":"https:\/\/www.revuemusicale.ch\/#organization"},"image":{"@id":"https:\/\/www.revuemusicale.ch\/basis\/smm\/2023\/10\/journee-sante-musique#primaryimage"},"thumbnailUrl":"https:\/\/www.revuemusicale.ch\/wp-content\/uploads\/2023\/10\/Logo-Medmusica_200.jpg","keywords":["Swissmedmusica"],"articleSection":["Basis","SMM"],"inLanguage":"en-US"},{"@type":"WebPage","@id":"https:\/\/www.revuemusicale.ch\/basis\/smm\/2023\/10\/journee-sante-musique","url":"https:\/\/www.revuemusicale.ch\/basis\/smm\/2023\/10\/journee-sante-musique","name":"Music Health Day - Swiss Music Review","isPartOf":{"@id":"https:\/\/www.revuemusicale.ch\/#website"},"primaryImageOfPage":{"@id":"https:\/\/www.revuemusicale.ch\/basis\/smm\/2023\/10\/journee-sante-musique#primaryimage"},"image":{"@id":"https:\/\/www.revuemusicale.ch\/basis\/smm\/2023\/10\/journee-sante-musique#primaryimage"},"thumbnailUrl":"https:\/\/www.revuemusicale.ch\/wp-content\/uploads\/2023\/10\/Logo-Medmusica_200.jpg","datePublished":"2023-10-25T08:00:01+00:00","dateModified":"2023-10-25T09:54:41+00:00","description":"On November 11, 2023 in Fribourg, Swissmedmusica will provide a platform for all aspects of healthy musical practice.","breadcrumb":{"@id":"https:\/\/www.revuemusicale.ch\/basis\/smm\/2023\/10\/journee-sante-musique#breadcrumb"},"inLanguage":"en-US","potentialAction":[{"@type":"ReadAction","target":["https:\/\/www.revuemusicale.ch\/basis\/smm\/2023\/10\/journee-sante-musique"]}]},{"@type":"ImageObject","inLanguage":"en-US","@id":"https:\/\/www.revuemusicale.ch\/basis\/smm\/2023\/10\/journee-sante-musique#primaryimage","url":"https:\/\/www.revuemusicale.ch\/wp-content\/uploads\/2023\/10\/Logo-Medmusica_200.jpg","contentUrl":"https:\/\/www.revuemusicale.ch\/wp-content\/uploads\/2023\/10\/Logo-Medmusica_200.jpg","width":567,"height":283},{"@type":"BreadcrumbList","@id":"https:\/\/www.revuemusicale.ch\/basis\/smm\/2023\/10\/journee-sante-musique#breadcrumb","itemListElement":[{"@type":"ListItem","position":1,"name":"Home","item":"https:\/\/www.revuemusicale.ch\/"},{"@type":"ListItem","position":2,"name":"Journ\u00e9e sant\u00e9 musique"}]},{"@type":"WebSite","@id":"https:\/\/www.revuemusicale.ch\/#website","url":"https:\/\/www.revuemusicale.ch\/","name":"Swiss Music Review","description":"","publisher":{"@id":"https:\/\/www.revuemusicale.ch\/#organization"},"potentialAction":[{"@type":"SearchAction","target":{"@type":"EntryPoint","urlTemplate":"https:\/\/www.revuemusicale.ch\/?s={search_term_string}"},"query-input":{"@type":"PropertyValueSpecification","valueRequired":true,"valueName":"search_term_string"}}],"inLanguage":"en-US"},{"@type":"Organization","@id":"https:\/\/www.revuemusicale.ch\/#organization","name":"Swiss Music Review","url":"https:\/\/www.revuemusicale.ch\/","logo":{"@type":"ImageObject","inLanguage":"en-US","@id":"https:\/\/www.revuemusicale.ch\/#\/schema\/logo\/image\/","url":"https:\/\/www.revuemusicale.ch\/wp-content\/uploads\/2023\/01\/logo_revuemusicale_musikzeitung.jpg","contentUrl":"https:\/\/www.revuemusicale.ch\/wp-content\/uploads\/2023\/01\/logo_revuemusicale_musikzeitung.jpg","width":1200,"height":243,"caption":"Revue Musicale Suisse"},"image":{"@id":"https:\/\/www.revuemusicale.ch\/#\/schema\/logo\/image\/"},"sameAs":["https:\/\/www.facebook.com\/SchweizerMusikzeitung\/","https:\/\/x.com\/smusikzeitung","https:\/\/www.instagram.com\/musikzeitung.ch\/?hl=de"]},{"@type":"Person","@id":"https:\/\/www.revuemusicale.ch\/#\/schema\/person\/b2fd892c800856270b9dcc6001265712","name":"Musikzeitung-Redaktion","image":{"@type":"ImageObject","inLanguage":"en-US","@id":"https:\/\/secure.gravatar.com\/avatar\/0c7e6a405862e402eb76a70f8a26fc732d07c32931e9fae9ab1582911d2e8a3b?s=96&d=mm&r=g","url":"https:\/\/secure.gravatar.com\/avatar\/0c7e6a405862e402eb76a70f8a26fc732d07c32931e9fae9ab1582911d2e8a3b?s=96&d=mm&r=g","contentUrl":"https:\/\/secure.gravatar.com\/avatar\/0c7e6a405862e402eb76a70f8a26fc732d07c32931e9fae9ab1582911d2e8a3b?s=96&d=mm&r=g","caption":"Musikzeitung-Redaktion"},"sameAs":["http:\/\/wundo-docker.io"],"url":"https:\/\/www.revuemusicale.ch\/en\/author\/admin"}]}},"publishpress_future_action":{"enabled":false,"date":"1970-01-01 01:00:00","action":"change-status","newStatus":"draft","terms":[],"taxonomy":"category","extraData":[]},"publishpress_future_workflow_manual_trigger":{"enabledWorkflows":[]},"_links":{"self":[{"href":"https:\/\/www.revuemusicale.ch\/en\/wp-json\/wp\/v2\/posts\/29845","targetHints":{"allow":["GET"]}}],"collection":[{"href":"https:\/\/www.revuemusicale.ch\/en\/wp-json\/wp\/v2\/posts"}],"about":[{"href":"https:\/\/www.revuemusicale.ch\/en\/wp-json\/wp\/v2\/types\/post"}],"author":[{"embeddable":true,"href":"https:\/\/www.revuemusicale.ch\/en\/wp-json\/wp\/v2\/users\/1"}],"replies":[{"embeddable":true,"href":"https:\/\/www.revuemusicale.ch\/en\/wp-json\/wp\/v2\/comments?post=29845"}],"version-history":[{"count":3,"href":"https:\/\/www.revuemusicale.ch\/en\/wp-json\/wp\/v2\/posts\/29845\/revisions"}],"predecessor-version":[{"id":29851,"href":"https:\/\/www.revuemusicale.ch\/en\/wp-json\/wp\/v2\/posts\/29845\/revisions\/29851"}],"wp:featuredmedia":[{"embeddable":true,"href":"https:\/\/www.revuemusicale.ch\/en\/wp-json\/wp\/v2\/media\/29852"}],"wp:attachment":[{"href":"https:\/\/www.revuemusicale.ch\/en\/wp-json\/wp\/v2\/media?parent=29845"}],"wp:term":[{"taxonomy":"category","embeddable":true,"href":"https:\/\/www.revuemusicale.ch\/en\/wp-json\/wp\/v2\/categories?post=29845"},{"taxonomy":"post_tag","embeddable":true,"href":"https:\/\/www.revuemusicale.ch\/en\/wp-json\/wp\/v2\/tags?post=29845"}],"curies":[{"name":"wp","href":"https:\/\/api.w.org\/{rel}","templated":true}]}}