{"id":29877,"date":"2023-10-27T01:32:41","date_gmt":"2023-10-26T23:32:41","guid":{"rendered":"https:\/\/www.revuemusicale.ch\/?p=29877"},"modified":"2023-10-28T23:28:17","modified_gmt":"2023-10-28T21:28:17","slug":"tourne-vers-la-vie","status":"publish","type":"post","link":"https:\/\/www.revuemusicale.ch\/en\/basis\/usdam\/2023\/10\/tourne-vers-la-vie","title":{"rendered":"Resolutely focused on life"},"content":{"rendered":"<figure id=\"attachment_29878\" aria-describedby=\"caption-attachment-29878\" style=\"width: 300px\" class=\"wp-caption alignnone\"><img loading=\"lazy\" decoding=\"async\" class=\"wp-image-29878 size-medium\" src=\"https:\/\/www.revuemusicale.ch\/wp-content\/uploads\/2023\/10\/3a-Heinz-Marti-capture-decran-300x169.jpg\" alt=\"\" width=\"300\" height=\"169\" srcset=\"https:\/\/www.revuemusicale.ch\/wp-content\/uploads\/2023\/10\/3a-Heinz-Marti-capture-decran-300x169.jpg 300w, https:\/\/www.revuemusicale.ch\/wp-content\/uploads\/2023\/10\/3a-Heinz-Marti-capture-decran-1024x576.jpg 1024w, https:\/\/www.revuemusicale.ch\/wp-content\/uploads\/2023\/10\/3a-Heinz-Marti-capture-decran-768x432.jpg 768w, https:\/\/www.revuemusicale.ch\/wp-content\/uploads\/2023\/10\/3a-Heinz-Marti-capture-decran-1536x864.jpg 1536w, https:\/\/www.revuemusicale.ch\/wp-content\/uploads\/2023\/10\/3a-Heinz-Marti-capture-decran-311x175.jpg 311w, https:\/\/www.revuemusicale.ch\/wp-content\/uploads\/2023\/10\/3a-Heinz-Marti-capture-decran-622x350.jpg 622w, https:\/\/www.revuemusicale.ch\/wp-content\/uploads\/2023\/10\/3a-Heinz-Marti-capture-decran-1422x800.jpg 1422w, https:\/\/www.revuemusicale.ch\/wp-content\/uploads\/2023\/10\/3a-Heinz-Marti-capture-decran-920x518.jpg 920w, https:\/\/www.revuemusicale.ch\/wp-content\/uploads\/2023\/10\/3a-Heinz-Marti-capture-decran.jpg 1400w\" sizes=\"auto, (max-width: 300px) 100vw, 300px\" \/><figcaption id=\"caption-attachment-29878\" class=\"wp-caption-text\">Heinz Marti (1934-2023)<\/figcaption><\/figure>\n<p>\"You have moved the USDAM forward and changed it decisively\", said Hans Martin Ulbrich in his speech on the occasion of Heinz Marti's honorary membership of the USDAM. We can only agree with this statement if we recall all he has achieved for the Union: not only was he behind the revision of the USDAM statutes, but he also initiated the setting up of the USDAM Foundation and prepared the USDAM's accession to the Swiss Trade Union Association. The design of a new USDAM corporate identity and logo, as well as the launch of the Union's website, are also due to his initiative, as are the establishment of the independent members' conference and the introduction of an old-age pension scheme for this category of members. Heinz Marti was also instrumental in the creation of the Swiss Music Review, which resulted from the merger of several specialist journals. The redesign of the orchestral training courses in Biel and the co-founding and support of the SON Foundation took place during his term as USDAM Central President. He also represented the USDAM on the board of FIM, the International Federation of Musicians, and took part in sessions and congresses around the world.<\/p>\n<p><strong>Violist, trade unionist and composer<\/strong><\/p>\n<p>As a violist, Heinz Marti worked first with the Zurich Chamber Orchestra, then with the Zurich-based Radio Orchestra, and from 1968 with the Tonhalle and Opera Orchestras. After the separation of the two orchestras in 1981\/82, he remained active with the Opera Orchestra until his retirement in 1996. He was a committee member, and later president, of the Zurich section of the USDAM, as well as the orchestra's staff representative on the Tonhalle committee. For him, his composing activity was by no means a secondary occupation: he even revealed in an interview that he had always considered composition a priority. Having trained with two of Switzerland's most important composers, S\u00e1ndor Veress and Klaus Huber, Marti is the author of a catalog of some eighty works, some of which have been widely performed. In his speech on the occasion of his eightieth birthday, Alfred Zimmerlin described his work as a composer as follows: \"Heinz Marti consistently chose his path early on, when he was still regarded as an avant-gardist. With hindsight, we no longer perceive the fact that he then wanted to become more intelligible and comprehensible as an aesthetic break, as was understood at the time, but rather as a coherent reflection on what he was already doing: composing with a certain rigor of construction, working with simple elements, easily comprehensible in detail but whose result is nevertheless complex. For him, the human was and remains the measure. In his compositions, Heinz Marti always kept in touch with the surrounding world. In his own commentary on his major orchestral work <em>Wachsende Bedrohung <\/em>(<em>Growing threat<\/em> 1984\/85), he wrote that his play was born \"under the oppressive impression of the inexorable advance of modern civilization's destruction of the environment\". In his <em>Muotathaler Nachtmusik <\/em>for Schwyz accordion and string orchestra (1998), he convincingly combines Swiss folk music with contemporary music.<\/p>\n<p><strong>Diverse interests<\/strong><\/p>\n<p>His fellow musicians describe Marti as a man with a sense of social responsibility and a keen sense of justice, who was both humorous and cordial, but also critical, and to whom the improvement of musicians' working conditions was as important as their pension provision. No less important for him was the goal of ensuring that the profession of musician was better perceived, recognized and appreciated. In all his varied activities, Marti remained resolutely focused on life; he was highly cultured and appreciated other cultures (and their cuisines). In 1978, he bought a mountain pasture in Ticino, which he farmed every summer.<\/p>\n<p>With Heinz Marti, Swiss musical life has lost a remarkable instrumentalist, composer and campaigner for our magnificent profession.<\/p>","protected":false},"excerpt":{"rendered":"<p>On September 2, Heinz Marti, long-time Central President and honorary member of the Swiss Union, passed away.<br \/>\ndes Artistes Musiciens. Born in 1934, this musician was of great importance to our association.<\/p>","protected":false},"author":21897,"featured_media":29878,"comment_status":"closed","ping_status":"closed","sticky":false,"template":"","format":"standard","meta":{"_acf_changed":false,"_relevanssi_hide_post":"","_relevanssi_hide_content":"","_relevanssi_pin_for_all":"","_relevanssi_pin_keywords":"","_relevanssi_unpin_keywords":"","_relevanssi_related_keywords":"","_relevanssi_related_include_ids":"","_relevanssi_related_exclude_ids":"","_relevanssi_related_no_append":"","_relevanssi_related_not_related":"","_relevanssi_related_posts":"","_relevanssi_noindex_reason":"","pgc_sgb_lightbox_settings":"","footnotes":""},"categories":[53],"tags":[1842],"class_list":["post-29877","post","type-post","status-publish","format-standard","has-post-thumbnail","hentry","category-usdam","tag-heinz-marti"],"acf":[],"yoast_head":"<!-- This site is optimized with the Yoast SEO plugin v27.3 - https:\/\/yoast.com\/product\/yoast-seo-wordpress\/ -->\n<title>R\u00e9solument tourn\u00e9 vers la vie - Revue Musicale Suisse<\/title>\n<meta name=\"robots\" content=\"index, follow, max-snippet:-1, max-image-preview:large, max-video-preview:-1\" \/>\n<link rel=\"canonical\" href=\"https:\/\/www.revuemusicale.ch\/en\/basis\/usdam\/2023\/10\/tourne-vers-la-vie\/\" \/>\n<meta property=\"og:locale\" content=\"en_US\" \/>\n<meta property=\"og:type\" content=\"article\" \/>\n<meta property=\"og:title\" content=\"R\u00e9solument tourn\u00e9 vers la vie - Revue Musicale Suisse\" \/>\n<meta property=\"og:description\" content=\"Le 2 septembre dernier disparaissait Heinz Marti, qui fut longtemps pr\u00e9sident central et membre d\u2019honneur de l\u2019Union Suisse  des Artistes Musiciens. N\u00e9 en 1934, ce musicien a \u00e9t\u00e9 d\u2019une grande importance pour notre association.\" \/>\n<meta property=\"og:url\" content=\"https:\/\/www.revuemusicale.ch\/en\/basis\/usdam\/2023\/10\/tourne-vers-la-vie\/\" \/>\n<meta property=\"og:site_name\" content=\"Revue Musicale Suisse\" \/>\n<meta property=\"article:publisher\" content=\"https:\/\/www.facebook.com\/SchweizerMusikzeitung\/\" \/>\n<meta property=\"article:published_time\" content=\"2023-10-26T23:32:41+00:00\" \/>\n<meta property=\"article:modified_time\" content=\"2023-10-28T21:28:17+00:00\" \/>\n<meta property=\"og:image\" content=\"https:\/\/www.revuemusicale.ch\/wp-content\/uploads\/2023\/10\/3a-Heinz-Marti-capture-decran.jpg\" \/>\n\t<meta property=\"og:image:width\" content=\"1400\" \/>\n\t<meta property=\"og:image:height\" content=\"788\" \/>\n\t<meta property=\"og:image:type\" content=\"image\/jpeg\" \/>\n<meta name=\"author\" content=\"Laurent Mettraux\" \/>\n<meta name=\"twitter:card\" content=\"summary_large_image\" \/>\n<meta name=\"twitter:creator\" content=\"@smusikzeitung\" \/>\n<meta name=\"twitter:site\" content=\"@smusikzeitung\" \/>\n<meta name=\"twitter:label1\" content=\"Written by\" \/>\n\t<meta name=\"twitter:data1\" content=\"Laurent Mettraux\" \/>\n\t<meta name=\"twitter:label2\" content=\"Est. reading time\" \/>\n\t<meta name=\"twitter:data2\" content=\"4 minutes\" \/>\n<script type=\"application\/ld+json\" class=\"yoast-schema-graph\">{\"@context\":\"https:\\\/\\\/schema.org\",\"@graph\":[{\"@type\":\"Article\",\"@id\":\"https:\\\/\\\/www.revuemusicale.ch\\\/basis\\\/usdam\\\/2023\\\/10\\\/tourne-vers-la-vie#article\",\"isPartOf\":{\"@id\":\"https:\\\/\\\/www.revuemusicale.ch\\\/basis\\\/usdam\\\/2023\\\/10\\\/tourne-vers-la-vie\"},\"author\":{\"name\":\"Laurent Mettraux\",\"@id\":\"https:\\\/\\\/www.revuemusicale.ch\\\/#\\\/schema\\\/person\\\/fb6400330a942eecc4b494064fce59be\"},\"headline\":\"R\u00e9solument tourn\u00e9 vers la vie\",\"datePublished\":\"2023-10-26T23:32:41+00:00\",\"dateModified\":\"2023-10-28T21:28:17+00:00\",\"mainEntityOfPage\":{\"@id\":\"https:\\\/\\\/www.revuemusicale.ch\\\/basis\\\/usdam\\\/2023\\\/10\\\/tourne-vers-la-vie\"},\"wordCount\":807,\"publisher\":{\"@id\":\"https:\\\/\\\/www.revuemusicale.ch\\\/#organization\"},\"image\":{\"@id\":\"https:\\\/\\\/www.revuemusicale.ch\\\/basis\\\/usdam\\\/2023\\\/10\\\/tourne-vers-la-vie#primaryimage\"},\"thumbnailUrl\":\"https:\\\/\\\/www.revuemusicale.ch\\\/wp-content\\\/uploads\\\/2023\\\/10\\\/3a-Heinz-Marti-capture-decran.jpg\",\"keywords\":[\"Heinz Marti\"],\"articleSection\":[\"USDAM\"],\"inLanguage\":\"en-US\"},{\"@type\":\"WebPage\",\"@id\":\"https:\\\/\\\/www.revuemusicale.ch\\\/basis\\\/usdam\\\/2023\\\/10\\\/tourne-vers-la-vie\",\"url\":\"https:\\\/\\\/www.revuemusicale.ch\\\/basis\\\/usdam\\\/2023\\\/10\\\/tourne-vers-la-vie\",\"name\":\"R\u00e9solument tourn\u00e9 vers la vie - Revue Musicale Suisse\",\"isPartOf\":{\"@id\":\"https:\\\/\\\/www.revuemusicale.ch\\\/#website\"},\"primaryImageOfPage\":{\"@id\":\"https:\\\/\\\/www.revuemusicale.ch\\\/basis\\\/usdam\\\/2023\\\/10\\\/tourne-vers-la-vie#primaryimage\"},\"image\":{\"@id\":\"https:\\\/\\\/www.revuemusicale.ch\\\/basis\\\/usdam\\\/2023\\\/10\\\/tourne-vers-la-vie#primaryimage\"},\"thumbnailUrl\":\"https:\\\/\\\/www.revuemusicale.ch\\\/wp-content\\\/uploads\\\/2023\\\/10\\\/3a-Heinz-Marti-capture-decran.jpg\",\"datePublished\":\"2023-10-26T23:32:41+00:00\",\"dateModified\":\"2023-10-28T21:28:17+00:00\",\"breadcrumb\":{\"@id\":\"https:\\\/\\\/www.revuemusicale.ch\\\/basis\\\/usdam\\\/2023\\\/10\\\/tourne-vers-la-vie#breadcrumb\"},\"inLanguage\":\"en-US\",\"potentialAction\":[{\"@type\":\"ReadAction\",\"target\":[\"https:\\\/\\\/www.revuemusicale.ch\\\/basis\\\/usdam\\\/2023\\\/10\\\/tourne-vers-la-vie\"]}]},{\"@type\":\"ImageObject\",\"inLanguage\":\"en-US\",\"@id\":\"https:\\\/\\\/www.revuemusicale.ch\\\/basis\\\/usdam\\\/2023\\\/10\\\/tourne-vers-la-vie#primaryimage\",\"url\":\"https:\\\/\\\/www.revuemusicale.ch\\\/wp-content\\\/uploads\\\/2023\\\/10\\\/3a-Heinz-Marti-capture-decran.jpg\",\"contentUrl\":\"https:\\\/\\\/www.revuemusicale.ch\\\/wp-content\\\/uploads\\\/2023\\\/10\\\/3a-Heinz-Marti-capture-decran.jpg\",\"width\":1400,\"height\":788,\"caption\":\"Heinz Marti (1934-2023)\"},{\"@type\":\"BreadcrumbList\",\"@id\":\"https:\\\/\\\/www.revuemusicale.ch\\\/basis\\\/usdam\\\/2023\\\/10\\\/tourne-vers-la-vie#breadcrumb\",\"itemListElement\":[{\"@type\":\"ListItem\",\"position\":1,\"name\":\"Home\",\"item\":\"https:\\\/\\\/www.revuemusicale.ch\\\/\"},{\"@type\":\"ListItem\",\"position\":2,\"name\":\"R\u00e9solument tourn\u00e9 vers la vie\"}]},{\"@type\":\"WebSite\",\"@id\":\"https:\\\/\\\/www.revuemusicale.ch\\\/#website\",\"url\":\"https:\\\/\\\/www.revuemusicale.ch\\\/\",\"name\":\"Revue Musicale Suisse\",\"description\":\"\",\"publisher\":{\"@id\":\"https:\\\/\\\/www.revuemusicale.ch\\\/#organization\"},\"potentialAction\":[{\"@type\":\"SearchAction\",\"target\":{\"@type\":\"EntryPoint\",\"urlTemplate\":\"https:\\\/\\\/www.revuemusicale.ch\\\/?s={search_term_string}\"},\"query-input\":{\"@type\":\"PropertyValueSpecification\",\"valueRequired\":true,\"valueName\":\"search_term_string\"}}],\"inLanguage\":\"en-US\"},{\"@type\":\"Organization\",\"@id\":\"https:\\\/\\\/www.revuemusicale.ch\\\/#organization\",\"name\":\"Revue Musicale Suisse\",\"url\":\"https:\\\/\\\/www.revuemusicale.ch\\\/\",\"logo\":{\"@type\":\"ImageObject\",\"inLanguage\":\"en-US\",\"@id\":\"https:\\\/\\\/www.revuemusicale.ch\\\/#\\\/schema\\\/logo\\\/image\\\/\",\"url\":\"https:\\\/\\\/www.revuemusicale.ch\\\/wp-content\\\/uploads\\\/2023\\\/01\\\/logo_revuemusicale_musikzeitung.jpg\",\"contentUrl\":\"https:\\\/\\\/www.revuemusicale.ch\\\/wp-content\\\/uploads\\\/2023\\\/01\\\/logo_revuemusicale_musikzeitung.jpg\",\"width\":1200,\"height\":243,\"caption\":\"Revue Musicale Suisse\"},\"image\":{\"@id\":\"https:\\\/\\\/www.revuemusicale.ch\\\/#\\\/schema\\\/logo\\\/image\\\/\"},\"sameAs\":[\"https:\\\/\\\/www.facebook.com\\\/SchweizerMusikzeitung\\\/\",\"https:\\\/\\\/x.com\\\/smusikzeitung\",\"https:\\\/\\\/www.instagram.com\\\/musikzeitung.ch\\\/?hl=de\"]},{\"@type\":\"Person\",\"@id\":\"https:\\\/\\\/www.revuemusicale.ch\\\/#\\\/schema\\\/person\\\/fb6400330a942eecc4b494064fce59be\",\"name\":\"Laurent Mettraux\",\"image\":{\"@type\":\"ImageObject\",\"inLanguage\":\"en-US\",\"@id\":\"https:\\\/\\\/secure.gravatar.com\\\/avatar\\\/0ff4c55a3beaca23cf8ac030f6a4d207c5c42f40aa03f3accbc97af09da0d956?s=96&d=mm&r=g\",\"url\":\"https:\\\/\\\/secure.gravatar.com\\\/avatar\\\/0ff4c55a3beaca23cf8ac030f6a4d207c5c42f40aa03f3accbc97af09da0d956?s=96&d=mm&r=g\",\"contentUrl\":\"https:\\\/\\\/secure.gravatar.com\\\/avatar\\\/0ff4c55a3beaca23cf8ac030f6a4d207c5c42f40aa03f3accbc97af09da0d956?s=96&d=mm&r=g\",\"caption\":\"Laurent Mettraux\"},\"url\":\"https:\\\/\\\/www.revuemusicale.ch\\\/en\\\/author\\\/laurent-mettraux\"}]}<\/script>\n<!-- \/ Yoast SEO plugin. -->","yoast_head_json":{"title":"R\u00e9solument tourn\u00e9 vers la vie - Revue Musicale Suisse","robots":{"index":"index","follow":"follow","max-snippet":"max-snippet:-1","max-image-preview":"max-image-preview:large","max-video-preview":"max-video-preview:-1"},"canonical":"https:\/\/www.revuemusicale.ch\/en\/basis\/usdam\/2023\/10\/tourne-vers-la-vie\/","og_locale":"en_US","og_type":"article","og_title":"R\u00e9solument tourn\u00e9 vers la vie - Revue Musicale Suisse","og_description":"Le 2 septembre dernier disparaissait Heinz Marti, qui fut longtemps pr\u00e9sident central et membre d\u2019honneur de l\u2019Union Suisse  des Artistes Musiciens. N\u00e9 en 1934, ce musicien a \u00e9t\u00e9 d\u2019une grande importance pour notre association.","og_url":"https:\/\/www.revuemusicale.ch\/en\/basis\/usdam\/2023\/10\/tourne-vers-la-vie\/","og_site_name":"Revue Musicale Suisse","article_publisher":"https:\/\/www.facebook.com\/SchweizerMusikzeitung\/","article_published_time":"2023-10-26T23:32:41+00:00","article_modified_time":"2023-10-28T21:28:17+00:00","og_image":[{"width":1400,"height":788,"url":"https:\/\/www.revuemusicale.ch\/wp-content\/uploads\/2023\/10\/3a-Heinz-Marti-capture-decran.jpg","type":"image\/jpeg"}],"author":"Laurent Mettraux","twitter_card":"summary_large_image","twitter_creator":"@smusikzeitung","twitter_site":"@smusikzeitung","twitter_misc":{"Written by":"Laurent Mettraux","Est. reading time":"4 minutes"},"schema":{"@context":"https:\/\/schema.org","@graph":[{"@type":"Article","@id":"https:\/\/www.revuemusicale.ch\/basis\/usdam\/2023\/10\/tourne-vers-la-vie#article","isPartOf":{"@id":"https:\/\/www.revuemusicale.ch\/basis\/usdam\/2023\/10\/tourne-vers-la-vie"},"author":{"name":"Laurent Mettraux","@id":"https:\/\/www.revuemusicale.ch\/#\/schema\/person\/fb6400330a942eecc4b494064fce59be"},"headline":"R\u00e9solument tourn\u00e9 vers la vie","datePublished":"2023-10-26T23:32:41+00:00","dateModified":"2023-10-28T21:28:17+00:00","mainEntityOfPage":{"@id":"https:\/\/www.revuemusicale.ch\/basis\/usdam\/2023\/10\/tourne-vers-la-vie"},"wordCount":807,"publisher":{"@id":"https:\/\/www.revuemusicale.ch\/#organization"},"image":{"@id":"https:\/\/www.revuemusicale.ch\/basis\/usdam\/2023\/10\/tourne-vers-la-vie#primaryimage"},"thumbnailUrl":"https:\/\/www.revuemusicale.ch\/wp-content\/uploads\/2023\/10\/3a-Heinz-Marti-capture-decran.jpg","keywords":["Heinz Marti"],"articleSection":["USDAM"],"inLanguage":"en-US"},{"@type":"WebPage","@id":"https:\/\/www.revuemusicale.ch\/basis\/usdam\/2023\/10\/tourne-vers-la-vie","url":"https:\/\/www.revuemusicale.ch\/basis\/usdam\/2023\/10\/tourne-vers-la-vie","name":"R\u00e9solument tourn\u00e9 vers la vie - Revue Musicale Suisse","isPartOf":{"@id":"https:\/\/www.revuemusicale.ch\/#website"},"primaryImageOfPage":{"@id":"https:\/\/www.revuemusicale.ch\/basis\/usdam\/2023\/10\/tourne-vers-la-vie#primaryimage"},"image":{"@id":"https:\/\/www.revuemusicale.ch\/basis\/usdam\/2023\/10\/tourne-vers-la-vie#primaryimage"},"thumbnailUrl":"https:\/\/www.revuemusicale.ch\/wp-content\/uploads\/2023\/10\/3a-Heinz-Marti-capture-decran.jpg","datePublished":"2023-10-26T23:32:41+00:00","dateModified":"2023-10-28T21:28:17+00:00","breadcrumb":{"@id":"https:\/\/www.revuemusicale.ch\/basis\/usdam\/2023\/10\/tourne-vers-la-vie#breadcrumb"},"inLanguage":"en-US","potentialAction":[{"@type":"ReadAction","target":["https:\/\/www.revuemusicale.ch\/basis\/usdam\/2023\/10\/tourne-vers-la-vie"]}]},{"@type":"ImageObject","inLanguage":"en-US","@id":"https:\/\/www.revuemusicale.ch\/basis\/usdam\/2023\/10\/tourne-vers-la-vie#primaryimage","url":"https:\/\/www.revuemusicale.ch\/wp-content\/uploads\/2023\/10\/3a-Heinz-Marti-capture-decran.jpg","contentUrl":"https:\/\/www.revuemusicale.ch\/wp-content\/uploads\/2023\/10\/3a-Heinz-Marti-capture-decran.jpg","width":1400,"height":788,"caption":"Heinz Marti (1934-2023)"},{"@type":"BreadcrumbList","@id":"https:\/\/www.revuemusicale.ch\/basis\/usdam\/2023\/10\/tourne-vers-la-vie#breadcrumb","itemListElement":[{"@type":"ListItem","position":1,"name":"Home","item":"https:\/\/www.revuemusicale.ch\/"},{"@type":"ListItem","position":2,"name":"R\u00e9solument tourn\u00e9 vers la vie"}]},{"@type":"WebSite","@id":"https:\/\/www.revuemusicale.ch\/#website","url":"https:\/\/www.revuemusicale.ch\/","name":"Swiss Music Review","description":"","publisher":{"@id":"https:\/\/www.revuemusicale.ch\/#organization"},"potentialAction":[{"@type":"SearchAction","target":{"@type":"EntryPoint","urlTemplate":"https:\/\/www.revuemusicale.ch\/?s={search_term_string}"},"query-input":{"@type":"PropertyValueSpecification","valueRequired":true,"valueName":"search_term_string"}}],"inLanguage":"en-US"},{"@type":"Organization","@id":"https:\/\/www.revuemusicale.ch\/#organization","name":"Swiss Music Review","url":"https:\/\/www.revuemusicale.ch\/","logo":{"@type":"ImageObject","inLanguage":"en-US","@id":"https:\/\/www.revuemusicale.ch\/#\/schema\/logo\/image\/","url":"https:\/\/www.revuemusicale.ch\/wp-content\/uploads\/2023\/01\/logo_revuemusicale_musikzeitung.jpg","contentUrl":"https:\/\/www.revuemusicale.ch\/wp-content\/uploads\/2023\/01\/logo_revuemusicale_musikzeitung.jpg","width":1200,"height":243,"caption":"Revue Musicale Suisse"},"image":{"@id":"https:\/\/www.revuemusicale.ch\/#\/schema\/logo\/image\/"},"sameAs":["https:\/\/www.facebook.com\/SchweizerMusikzeitung\/","https:\/\/x.com\/smusikzeitung","https:\/\/www.instagram.com\/musikzeitung.ch\/?hl=de"]},{"@type":"Person","@id":"https:\/\/www.revuemusicale.ch\/#\/schema\/person\/fb6400330a942eecc4b494064fce59be","name":"Laurent Mettraux","image":{"@type":"ImageObject","inLanguage":"en-US","@id":"https:\/\/secure.gravatar.com\/avatar\/0ff4c55a3beaca23cf8ac030f6a4d207c5c42f40aa03f3accbc97af09da0d956?s=96&d=mm&r=g","url":"https:\/\/secure.gravatar.com\/avatar\/0ff4c55a3beaca23cf8ac030f6a4d207c5c42f40aa03f3accbc97af09da0d956?s=96&d=mm&r=g","contentUrl":"https:\/\/secure.gravatar.com\/avatar\/0ff4c55a3beaca23cf8ac030f6a4d207c5c42f40aa03f3accbc97af09da0d956?s=96&d=mm&r=g","caption":"Laurent Mettraux"},"url":"https:\/\/www.revuemusicale.ch\/en\/author\/laurent-mettraux"}]}},"publishpress_future_action":{"enabled":false,"date":"1970-01-01 01:00:00","action":"change-status","newStatus":"draft","terms":[],"taxonomy":"category","extraData":[]},"publishpress_future_workflow_manual_trigger":{"enabledWorkflows":[]},"_links":{"self":[{"href":"https:\/\/www.revuemusicale.ch\/en\/wp-json\/wp\/v2\/posts\/29877","targetHints":{"allow":["GET"]}}],"collection":[{"href":"https:\/\/www.revuemusicale.ch\/en\/wp-json\/wp\/v2\/posts"}],"about":[{"href":"https:\/\/www.revuemusicale.ch\/en\/wp-json\/wp\/v2\/types\/post"}],"author":[{"embeddable":true,"href":"https:\/\/www.revuemusicale.ch\/en\/wp-json\/wp\/v2\/users\/21897"}],"replies":[{"embeddable":true,"href":"https:\/\/www.revuemusicale.ch\/en\/wp-json\/wp\/v2\/comments?post=29877"}],"version-history":[{"count":9,"href":"https:\/\/www.revuemusicale.ch\/en\/wp-json\/wp\/v2\/posts\/29877\/revisions"}],"predecessor-version":[{"id":29892,"href":"https:\/\/www.revuemusicale.ch\/en\/wp-json\/wp\/v2\/posts\/29877\/revisions\/29892"}],"wp:featuredmedia":[{"embeddable":true,"href":"https:\/\/www.revuemusicale.ch\/en\/wp-json\/wp\/v2\/media\/29878"}],"wp:attachment":[{"href":"https:\/\/www.revuemusicale.ch\/en\/wp-json\/wp\/v2\/media?parent=29877"}],"wp:term":[{"taxonomy":"category","embeddable":true,"href":"https:\/\/www.revuemusicale.ch\/en\/wp-json\/wp\/v2\/categories?post=29877"},{"taxonomy":"post_tag","embeddable":true,"href":"https:\/\/www.revuemusicale.ch\/en\/wp-json\/wp\/v2\/tags?post=29877"}],"curies":[{"name":"wp","href":"https:\/\/api.w.org\/{rel}","templated":true}]}}