{"id":29923,"date":"2023-11-09T15:21:28","date_gmt":"2023-11-09T14:21:28","guid":{"rendered":"https:\/\/www.revuemusicale.ch\/?p=29923"},"modified":"2024-04-09T11:20:19","modified_gmt":"2024-04-09T09:20:19","slug":"nouvelle-offre-de-soutien-a-la-releve-pour-les-big-bands","status":"publish","type":"post","link":"https:\/\/www.revuemusicale.ch\/en\/news\/2023\/11\/nouvelle-offre-de-soutien-a-la-releve-pour-les-big-bands","title":{"rendered":"New offer of support for up-and-coming big bands"},"content":{"rendered":"<p>&nbsp;<\/p>\n<figure id=\"attachment_29924\" aria-describedby=\"caption-attachment-29924\" style=\"width: 800px\" class=\"wp-caption alignnone\"><img loading=\"lazy\" decoding=\"async\" class=\"size-full wp-image-29924\" src=\"https:\/\/www.revuemusicale.ch\/wp-content\/uploads\/2023\/11\/JoeHaiderInitiant.jpg\" alt=\"\" width=\"800\" height=\"528\" srcset=\"https:\/\/www.revuemusicale.ch\/wp-content\/uploads\/2023\/11\/JoeHaiderInitiant.jpg 800w, https:\/\/www.revuemusicale.ch\/wp-content\/uploads\/2023\/11\/JoeHaiderInitiant-300x198.jpg 300w, https:\/\/www.revuemusicale.ch\/wp-content\/uploads\/2023\/11\/JoeHaiderInitiant-768x507.jpg 768w, https:\/\/www.revuemusicale.ch\/wp-content\/uploads\/2023\/11\/JoeHaiderInitiant-265x175.jpg 265w, https:\/\/www.revuemusicale.ch\/wp-content\/uploads\/2023\/11\/JoeHaiderInitiant-530x350.jpg 530w\" sizes=\"auto, (max-width: 800px) 100vw, 800px\" \/><figcaption id=\"caption-attachment-29924\" class=\"wp-caption-text\">Joe Haider. Photo : DR<\/figcaption><\/figure>\n<p>Joe\u02bcs Youth Jazz Orchestra.ch has launched a call for applications from young musicians aged 16 to 22 who are interested in jazz, particularly big band playing and solo improvisation. Residents of Switzerland can apply until July 6, 2024, for auditions to be held in August and September. The idea is to form a big band that will rehearse from October 4 to 10, 2024 in Uster, culminating in a concert.<\/p>\n<p>In addition to Joe Haider, pianist, composer, bandleader and long-time director of the Swiss Jazz School in Berne, the project is co-directed by Claus Reichstaller, Director of the Jazz Institute at Munich University of Music and Theater, and Uster trumpeter Bernhard Schoch. The participants will also be supported by a large team of teachers. Further concerts are planned in Switzerland and neighbouring countries.<\/p>\n<p><a href=\"http:\/\/joesyouthjazzorchestra.ch\/\" target=\"_blank\" rel=\"noopener\">joesyouthjazzorchestra.ch<\/a><\/p>","protected":false},"excerpt":{"rendered":"<p>The association \"Joe\u02bcs Youth Jazz Orchestra.ch\" was founded this autumn under the impetus of Joe Haider. Its main aim is to promote young jazz talent.<\/p>","protected":false},"author":1,"featured_media":29924,"comment_status":"closed","ping_status":"closed","sticky":false,"template":"","format":"standard","meta":{"_acf_changed":false,"_relevanssi_hide_post":"","_relevanssi_hide_content":"","_relevanssi_pin_for_all":"","_relevanssi_pin_keywords":"","_relevanssi_unpin_keywords":"","_relevanssi_related_keywords":"","_relevanssi_related_include_ids":"","_relevanssi_related_exclude_ids":"","_relevanssi_related_no_append":"","_relevanssi_related_not_related":"","_relevanssi_related_posts":"","_relevanssi_noindex_reason":"","pgc_sgb_lightbox_settings":"","footnotes":""},"categories":[68,27],"tags":[1858,1859,1857],"class_list":["post-29923","post","type-post","status-publish","format-standard","has-post-thumbnail","hentry","category-jazz","category-news","tag-big-band","tag-jazz","tag-joe-haider"],"acf":[],"yoast_head":"<!-- This site is optimized with the Yoast SEO plugin v27.3 - https:\/\/yoast.com\/product\/yoast-seo-wordpress\/ -->\n<title>Nouvelle offre de soutien \u00e0 la rel\u00e8ve pour les big bands - Revue Musicale Suisse<\/title>\n<meta name=\"robots\" content=\"index, follow, max-snippet:-1, max-image-preview:large, max-video-preview:-1\" \/>\n<link rel=\"canonical\" href=\"https:\/\/www.revuemusicale.ch\/en\/news\/2023\/11\/nouvelle-offre-de-soutien-a-la-releve-pour-les-big-bands\/\" \/>\n<meta property=\"og:locale\" content=\"en_US\" \/>\n<meta property=\"og:type\" content=\"article\" \/>\n<meta property=\"og:title\" content=\"Nouvelle offre de soutien \u00e0 la rel\u00e8ve pour les big bands - Revue Musicale Suisse\" \/>\n<meta property=\"og:description\" content=\"L\u2019association \u00ab Joe\u02bcs Youth Jazz Orchestra.ch \u00bb a \u00e9t\u00e9 fond\u00e9e cet automne sous l\u2019impulsion de Joe Haider. Son objectif principal est de promouvoir les jeunes talents dans le domaine du jazz.\" \/>\n<meta property=\"og:url\" content=\"https:\/\/www.revuemusicale.ch\/en\/news\/2023\/11\/nouvelle-offre-de-soutien-a-la-releve-pour-les-big-bands\/\" \/>\n<meta property=\"og:site_name\" content=\"Revue Musicale Suisse\" \/>\n<meta property=\"article:publisher\" content=\"https:\/\/www.facebook.com\/SchweizerMusikzeitung\/\" \/>\n<meta property=\"article:published_time\" content=\"2023-11-09T14:21:28+00:00\" \/>\n<meta property=\"article:modified_time\" content=\"2024-04-09T09:20:19+00:00\" \/>\n<meta property=\"og:image\" content=\"https:\/\/www.revuemusicale.ch\/wp-content\/uploads\/2023\/11\/JoeHaiderInitiant.jpg\" \/>\n\t<meta property=\"og:image:width\" content=\"800\" \/>\n\t<meta property=\"og:image:height\" content=\"528\" \/>\n\t<meta property=\"og:image:type\" content=\"image\/jpeg\" \/>\n<meta name=\"author\" content=\"Musikzeitung-Redaktion\" \/>\n<meta name=\"twitter:card\" content=\"summary_large_image\" \/>\n<meta name=\"twitter:creator\" content=\"@smusikzeitung\" \/>\n<meta name=\"twitter:site\" content=\"@smusikzeitung\" \/>\n<meta name=\"twitter:label1\" content=\"Written by\" \/>\n\t<meta name=\"twitter:data1\" content=\"Musikzeitung-Redaktion\" \/>\n\t<meta name=\"twitter:label2\" content=\"Est. reading time\" \/>\n\t<meta name=\"twitter:data2\" content=\"1 minute\" \/>\n<script type=\"application\/ld+json\" class=\"yoast-schema-graph\">{\"@context\":\"https:\\\/\\\/schema.org\",\"@graph\":[{\"@type\":\"Article\",\"@id\":\"https:\\\/\\\/www.revuemusicale.ch\\\/news\\\/2023\\\/11\\\/nouvelle-offre-de-soutien-a-la-releve-pour-les-big-bands#article\",\"isPartOf\":{\"@id\":\"https:\\\/\\\/www.revuemusicale.ch\\\/news\\\/2023\\\/11\\\/nouvelle-offre-de-soutien-a-la-releve-pour-les-big-bands\"},\"author\":{\"name\":\"Musikzeitung-Redaktion\",\"@id\":\"https:\\\/\\\/www.revuemusicale.ch\\\/#\\\/schema\\\/person\\\/b2fd892c800856270b9dcc6001265712\"},\"headline\":\"Nouvelle offre de soutien \u00e0 la rel\u00e8ve pour les big bands\",\"datePublished\":\"2023-11-09T14:21:28+00:00\",\"dateModified\":\"2024-04-09T09:20:19+00:00\",\"mainEntityOfPage\":{\"@id\":\"https:\\\/\\\/www.revuemusicale.ch\\\/news\\\/2023\\\/11\\\/nouvelle-offre-de-soutien-a-la-releve-pour-les-big-bands\"},\"wordCount\":193,\"publisher\":{\"@id\":\"https:\\\/\\\/www.revuemusicale.ch\\\/#organization\"},\"image\":{\"@id\":\"https:\\\/\\\/www.revuemusicale.ch\\\/news\\\/2023\\\/11\\\/nouvelle-offre-de-soutien-a-la-releve-pour-les-big-bands#primaryimage\"},\"thumbnailUrl\":\"https:\\\/\\\/www.revuemusicale.ch\\\/wp-content\\\/uploads\\\/2023\\\/11\\\/JoeHaiderInitiant.jpg\",\"keywords\":[\"Big Band\",\"Jazz\",\"Joe Haider\"],\"articleSection\":[\"Jazz\",\"News\"],\"inLanguage\":\"en-US\"},{\"@type\":\"WebPage\",\"@id\":\"https:\\\/\\\/www.revuemusicale.ch\\\/news\\\/2023\\\/11\\\/nouvelle-offre-de-soutien-a-la-releve-pour-les-big-bands\",\"url\":\"https:\\\/\\\/www.revuemusicale.ch\\\/news\\\/2023\\\/11\\\/nouvelle-offre-de-soutien-a-la-releve-pour-les-big-bands\",\"name\":\"Nouvelle offre de soutien \u00e0 la rel\u00e8ve pour les big bands - Revue Musicale Suisse\",\"isPartOf\":{\"@id\":\"https:\\\/\\\/www.revuemusicale.ch\\\/#website\"},\"primaryImageOfPage\":{\"@id\":\"https:\\\/\\\/www.revuemusicale.ch\\\/news\\\/2023\\\/11\\\/nouvelle-offre-de-soutien-a-la-releve-pour-les-big-bands#primaryimage\"},\"image\":{\"@id\":\"https:\\\/\\\/www.revuemusicale.ch\\\/news\\\/2023\\\/11\\\/nouvelle-offre-de-soutien-a-la-releve-pour-les-big-bands#primaryimage\"},\"thumbnailUrl\":\"https:\\\/\\\/www.revuemusicale.ch\\\/wp-content\\\/uploads\\\/2023\\\/11\\\/JoeHaiderInitiant.jpg\",\"datePublished\":\"2023-11-09T14:21:28+00:00\",\"dateModified\":\"2024-04-09T09:20:19+00:00\",\"breadcrumb\":{\"@id\":\"https:\\\/\\\/www.revuemusicale.ch\\\/news\\\/2023\\\/11\\\/nouvelle-offre-de-soutien-a-la-releve-pour-les-big-bands#breadcrumb\"},\"inLanguage\":\"en-US\",\"potentialAction\":[{\"@type\":\"ReadAction\",\"target\":[\"https:\\\/\\\/www.revuemusicale.ch\\\/news\\\/2023\\\/11\\\/nouvelle-offre-de-soutien-a-la-releve-pour-les-big-bands\"]}]},{\"@type\":\"ImageObject\",\"inLanguage\":\"en-US\",\"@id\":\"https:\\\/\\\/www.revuemusicale.ch\\\/news\\\/2023\\\/11\\\/nouvelle-offre-de-soutien-a-la-releve-pour-les-big-bands#primaryimage\",\"url\":\"https:\\\/\\\/www.revuemusicale.ch\\\/wp-content\\\/uploads\\\/2023\\\/11\\\/JoeHaiderInitiant.jpg\",\"contentUrl\":\"https:\\\/\\\/www.revuemusicale.ch\\\/wp-content\\\/uploads\\\/2023\\\/11\\\/JoeHaiderInitiant.jpg\",\"width\":800,\"height\":528,\"caption\":\"Joe Haider. Photo : DR\"},{\"@type\":\"BreadcrumbList\",\"@id\":\"https:\\\/\\\/www.revuemusicale.ch\\\/news\\\/2023\\\/11\\\/nouvelle-offre-de-soutien-a-la-releve-pour-les-big-bands#breadcrumb\",\"itemListElement\":[{\"@type\":\"ListItem\",\"position\":1,\"name\":\"Home\",\"item\":\"https:\\\/\\\/www.revuemusicale.ch\\\/\"},{\"@type\":\"ListItem\",\"position\":2,\"name\":\"Nouvelle offre de soutien \u00e0 la rel\u00e8ve pour les big bands\"}]},{\"@type\":\"WebSite\",\"@id\":\"https:\\\/\\\/www.revuemusicale.ch\\\/#website\",\"url\":\"https:\\\/\\\/www.revuemusicale.ch\\\/\",\"name\":\"Revue Musicale Suisse\",\"description\":\"\",\"publisher\":{\"@id\":\"https:\\\/\\\/www.revuemusicale.ch\\\/#organization\"},\"potentialAction\":[{\"@type\":\"SearchAction\",\"target\":{\"@type\":\"EntryPoint\",\"urlTemplate\":\"https:\\\/\\\/www.revuemusicale.ch\\\/?s={search_term_string}\"},\"query-input\":{\"@type\":\"PropertyValueSpecification\",\"valueRequired\":true,\"valueName\":\"search_term_string\"}}],\"inLanguage\":\"en-US\"},{\"@type\":\"Organization\",\"@id\":\"https:\\\/\\\/www.revuemusicale.ch\\\/#organization\",\"name\":\"Revue Musicale Suisse\",\"url\":\"https:\\\/\\\/www.revuemusicale.ch\\\/\",\"logo\":{\"@type\":\"ImageObject\",\"inLanguage\":\"en-US\",\"@id\":\"https:\\\/\\\/www.revuemusicale.ch\\\/#\\\/schema\\\/logo\\\/image\\\/\",\"url\":\"https:\\\/\\\/www.revuemusicale.ch\\\/wp-content\\\/uploads\\\/2023\\\/01\\\/logo_revuemusicale_musikzeitung.jpg\",\"contentUrl\":\"https:\\\/\\\/www.revuemusicale.ch\\\/wp-content\\\/uploads\\\/2023\\\/01\\\/logo_revuemusicale_musikzeitung.jpg\",\"width\":1200,\"height\":243,\"caption\":\"Revue Musicale Suisse\"},\"image\":{\"@id\":\"https:\\\/\\\/www.revuemusicale.ch\\\/#\\\/schema\\\/logo\\\/image\\\/\"},\"sameAs\":[\"https:\\\/\\\/www.facebook.com\\\/SchweizerMusikzeitung\\\/\",\"https:\\\/\\\/x.com\\\/smusikzeitung\",\"https:\\\/\\\/www.instagram.com\\\/musikzeitung.ch\\\/?hl=de\"]},{\"@type\":\"Person\",\"@id\":\"https:\\\/\\\/www.revuemusicale.ch\\\/#\\\/schema\\\/person\\\/b2fd892c800856270b9dcc6001265712\",\"name\":\"Musikzeitung-Redaktion\",\"image\":{\"@type\":\"ImageObject\",\"inLanguage\":\"en-US\",\"@id\":\"https:\\\/\\\/secure.gravatar.com\\\/avatar\\\/0c7e6a405862e402eb76a70f8a26fc732d07c32931e9fae9ab1582911d2e8a3b?s=96&d=mm&r=g\",\"url\":\"https:\\\/\\\/secure.gravatar.com\\\/avatar\\\/0c7e6a405862e402eb76a70f8a26fc732d07c32931e9fae9ab1582911d2e8a3b?s=96&d=mm&r=g\",\"contentUrl\":\"https:\\\/\\\/secure.gravatar.com\\\/avatar\\\/0c7e6a405862e402eb76a70f8a26fc732d07c32931e9fae9ab1582911d2e8a3b?s=96&d=mm&r=g\",\"caption\":\"Musikzeitung-Redaktion\"},\"sameAs\":[\"http:\\\/\\\/wundo-docker.io\"],\"url\":\"https:\\\/\\\/www.revuemusicale.ch\\\/en\\\/author\\\/admin\"}]}<\/script>\n<!-- \/ Yoast SEO plugin. -->","yoast_head_json":{"title":"Nouvelle offre de soutien \u00e0 la rel\u00e8ve pour les big bands - Revue Musicale Suisse","robots":{"index":"index","follow":"follow","max-snippet":"max-snippet:-1","max-image-preview":"max-image-preview:large","max-video-preview":"max-video-preview:-1"},"canonical":"https:\/\/www.revuemusicale.ch\/en\/news\/2023\/11\/nouvelle-offre-de-soutien-a-la-releve-pour-les-big-bands\/","og_locale":"en_US","og_type":"article","og_title":"Nouvelle offre de soutien \u00e0 la rel\u00e8ve pour les big bands - Revue Musicale Suisse","og_description":"L\u2019association \u00ab Joe\u02bcs Youth Jazz Orchestra.ch \u00bb a \u00e9t\u00e9 fond\u00e9e cet automne sous l\u2019impulsion de Joe Haider. Son objectif principal est de promouvoir les jeunes talents dans le domaine du jazz.","og_url":"https:\/\/www.revuemusicale.ch\/en\/news\/2023\/11\/nouvelle-offre-de-soutien-a-la-releve-pour-les-big-bands\/","og_site_name":"Revue Musicale Suisse","article_publisher":"https:\/\/www.facebook.com\/SchweizerMusikzeitung\/","article_published_time":"2023-11-09T14:21:28+00:00","article_modified_time":"2024-04-09T09:20:19+00:00","og_image":[{"width":800,"height":528,"url":"https:\/\/www.revuemusicale.ch\/wp-content\/uploads\/2023\/11\/JoeHaiderInitiant.jpg","type":"image\/jpeg"}],"author":"Musikzeitung-Redaktion","twitter_card":"summary_large_image","twitter_creator":"@smusikzeitung","twitter_site":"@smusikzeitung","twitter_misc":{"Written by":"Musikzeitung-Redaktion","Est. reading time":"1 minute"},"schema":{"@context":"https:\/\/schema.org","@graph":[{"@type":"Article","@id":"https:\/\/www.revuemusicale.ch\/news\/2023\/11\/nouvelle-offre-de-soutien-a-la-releve-pour-les-big-bands#article","isPartOf":{"@id":"https:\/\/www.revuemusicale.ch\/news\/2023\/11\/nouvelle-offre-de-soutien-a-la-releve-pour-les-big-bands"},"author":{"name":"Musikzeitung-Redaktion","@id":"https:\/\/www.revuemusicale.ch\/#\/schema\/person\/b2fd892c800856270b9dcc6001265712"},"headline":"Nouvelle offre de soutien \u00e0 la rel\u00e8ve pour les big bands","datePublished":"2023-11-09T14:21:28+00:00","dateModified":"2024-04-09T09:20:19+00:00","mainEntityOfPage":{"@id":"https:\/\/www.revuemusicale.ch\/news\/2023\/11\/nouvelle-offre-de-soutien-a-la-releve-pour-les-big-bands"},"wordCount":193,"publisher":{"@id":"https:\/\/www.revuemusicale.ch\/#organization"},"image":{"@id":"https:\/\/www.revuemusicale.ch\/news\/2023\/11\/nouvelle-offre-de-soutien-a-la-releve-pour-les-big-bands#primaryimage"},"thumbnailUrl":"https:\/\/www.revuemusicale.ch\/wp-content\/uploads\/2023\/11\/JoeHaiderInitiant.jpg","keywords":["Big Band","Jazz","Joe Haider"],"articleSection":["Jazz","News"],"inLanguage":"en-US"},{"@type":"WebPage","@id":"https:\/\/www.revuemusicale.ch\/news\/2023\/11\/nouvelle-offre-de-soutien-a-la-releve-pour-les-big-bands","url":"https:\/\/www.revuemusicale.ch\/news\/2023\/11\/nouvelle-offre-de-soutien-a-la-releve-pour-les-big-bands","name":"Nouvelle offre de soutien \u00e0 la rel\u00e8ve pour les big bands - Revue Musicale Suisse","isPartOf":{"@id":"https:\/\/www.revuemusicale.ch\/#website"},"primaryImageOfPage":{"@id":"https:\/\/www.revuemusicale.ch\/news\/2023\/11\/nouvelle-offre-de-soutien-a-la-releve-pour-les-big-bands#primaryimage"},"image":{"@id":"https:\/\/www.revuemusicale.ch\/news\/2023\/11\/nouvelle-offre-de-soutien-a-la-releve-pour-les-big-bands#primaryimage"},"thumbnailUrl":"https:\/\/www.revuemusicale.ch\/wp-content\/uploads\/2023\/11\/JoeHaiderInitiant.jpg","datePublished":"2023-11-09T14:21:28+00:00","dateModified":"2024-04-09T09:20:19+00:00","breadcrumb":{"@id":"https:\/\/www.revuemusicale.ch\/news\/2023\/11\/nouvelle-offre-de-soutien-a-la-releve-pour-les-big-bands#breadcrumb"},"inLanguage":"en-US","potentialAction":[{"@type":"ReadAction","target":["https:\/\/www.revuemusicale.ch\/news\/2023\/11\/nouvelle-offre-de-soutien-a-la-releve-pour-les-big-bands"]}]},{"@type":"ImageObject","inLanguage":"en-US","@id":"https:\/\/www.revuemusicale.ch\/news\/2023\/11\/nouvelle-offre-de-soutien-a-la-releve-pour-les-big-bands#primaryimage","url":"https:\/\/www.revuemusicale.ch\/wp-content\/uploads\/2023\/11\/JoeHaiderInitiant.jpg","contentUrl":"https:\/\/www.revuemusicale.ch\/wp-content\/uploads\/2023\/11\/JoeHaiderInitiant.jpg","width":800,"height":528,"caption":"Joe Haider. Photo : DR"},{"@type":"BreadcrumbList","@id":"https:\/\/www.revuemusicale.ch\/news\/2023\/11\/nouvelle-offre-de-soutien-a-la-releve-pour-les-big-bands#breadcrumb","itemListElement":[{"@type":"ListItem","position":1,"name":"Home","item":"https:\/\/www.revuemusicale.ch\/"},{"@type":"ListItem","position":2,"name":"Nouvelle offre de soutien \u00e0 la rel\u00e8ve pour les big bands"}]},{"@type":"WebSite","@id":"https:\/\/www.revuemusicale.ch\/#website","url":"https:\/\/www.revuemusicale.ch\/","name":"Swiss Music Review","description":"","publisher":{"@id":"https:\/\/www.revuemusicale.ch\/#organization"},"potentialAction":[{"@type":"SearchAction","target":{"@type":"EntryPoint","urlTemplate":"https:\/\/www.revuemusicale.ch\/?s={search_term_string}"},"query-input":{"@type":"PropertyValueSpecification","valueRequired":true,"valueName":"search_term_string"}}],"inLanguage":"en-US"},{"@type":"Organization","@id":"https:\/\/www.revuemusicale.ch\/#organization","name":"Swiss Music Review","url":"https:\/\/www.revuemusicale.ch\/","logo":{"@type":"ImageObject","inLanguage":"en-US","@id":"https:\/\/www.revuemusicale.ch\/#\/schema\/logo\/image\/","url":"https:\/\/www.revuemusicale.ch\/wp-content\/uploads\/2023\/01\/logo_revuemusicale_musikzeitung.jpg","contentUrl":"https:\/\/www.revuemusicale.ch\/wp-content\/uploads\/2023\/01\/logo_revuemusicale_musikzeitung.jpg","width":1200,"height":243,"caption":"Revue Musicale Suisse"},"image":{"@id":"https:\/\/www.revuemusicale.ch\/#\/schema\/logo\/image\/"},"sameAs":["https:\/\/www.facebook.com\/SchweizerMusikzeitung\/","https:\/\/x.com\/smusikzeitung","https:\/\/www.instagram.com\/musikzeitung.ch\/?hl=de"]},{"@type":"Person","@id":"https:\/\/www.revuemusicale.ch\/#\/schema\/person\/b2fd892c800856270b9dcc6001265712","name":"Musikzeitung-Redaktion","image":{"@type":"ImageObject","inLanguage":"en-US","@id":"https:\/\/secure.gravatar.com\/avatar\/0c7e6a405862e402eb76a70f8a26fc732d07c32931e9fae9ab1582911d2e8a3b?s=96&d=mm&r=g","url":"https:\/\/secure.gravatar.com\/avatar\/0c7e6a405862e402eb76a70f8a26fc732d07c32931e9fae9ab1582911d2e8a3b?s=96&d=mm&r=g","contentUrl":"https:\/\/secure.gravatar.com\/avatar\/0c7e6a405862e402eb76a70f8a26fc732d07c32931e9fae9ab1582911d2e8a3b?s=96&d=mm&r=g","caption":"Musikzeitung-Redaktion"},"sameAs":["http:\/\/wundo-docker.io"],"url":"https:\/\/www.revuemusicale.ch\/en\/author\/admin"}]}},"publishpress_future_action":{"enabled":false,"date":"1970-01-01 01:00:00","action":"change-status","newStatus":"draft","terms":[],"taxonomy":"category","extraData":[]},"publishpress_future_workflow_manual_trigger":{"enabledWorkflows":[]},"_links":{"self":[{"href":"https:\/\/www.revuemusicale.ch\/en\/wp-json\/wp\/v2\/posts\/29923","targetHints":{"allow":["GET"]}}],"collection":[{"href":"https:\/\/www.revuemusicale.ch\/en\/wp-json\/wp\/v2\/posts"}],"about":[{"href":"https:\/\/www.revuemusicale.ch\/en\/wp-json\/wp\/v2\/types\/post"}],"author":[{"embeddable":true,"href":"https:\/\/www.revuemusicale.ch\/en\/wp-json\/wp\/v2\/users\/1"}],"replies":[{"embeddable":true,"href":"https:\/\/www.revuemusicale.ch\/en\/wp-json\/wp\/v2\/comments?post=29923"}],"version-history":[{"count":4,"href":"https:\/\/www.revuemusicale.ch\/en\/wp-json\/wp\/v2\/posts\/29923\/revisions"}],"predecessor-version":[{"id":30227,"href":"https:\/\/www.revuemusicale.ch\/en\/wp-json\/wp\/v2\/posts\/29923\/revisions\/30227"}],"wp:featuredmedia":[{"embeddable":true,"href":"https:\/\/www.revuemusicale.ch\/en\/wp-json\/wp\/v2\/media\/29924"}],"wp:attachment":[{"href":"https:\/\/www.revuemusicale.ch\/en\/wp-json\/wp\/v2\/media?parent=29923"}],"wp:term":[{"taxonomy":"category","embeddable":true,"href":"https:\/\/www.revuemusicale.ch\/en\/wp-json\/wp\/v2\/categories?post=29923"},{"taxonomy":"post_tag","embeddable":true,"href":"https:\/\/www.revuemusicale.ch\/en\/wp-json\/wp\/v2\/tags?post=29923"}],"curies":[{"name":"wp","href":"https:\/\/api.w.org\/{rel}","templated":true}]}}