{"id":29950,"date":"2023-11-20T16:17:53","date_gmt":"2023-11-20T15:17:53","guid":{"rendered":"https:\/\/www.revuemusicale.ch\/?p=29950"},"modified":"2024-01-22T17:24:57","modified_gmt":"2024-01-22T16:24:57","slug":"se-sentir-bien-cest-rester-motive","status":"publish","type":"post","link":"https:\/\/www.revuemusicale.ch\/en\/compte-rendu\/2023\/11\/se-sentir-bien-cest-rester-motive","title":{"rendered":"Feeling good keeps you motivated"},"content":{"rendered":"<figure id=\"attachment_29951\" aria-describedby=\"caption-attachment-29951\" style=\"width: 1357px\" class=\"wp-caption alignnone\"><img loading=\"lazy\" decoding=\"async\" class=\"wp-image-29951 size-full\" src=\"https:\/\/www.revuemusicale.ch\/wp-content\/uploads\/2023\/11\/12_Echo_Symposium_SMM_Auftakt.jpg\" alt=\"\" width=\"1357\" height=\"1000\" srcset=\"https:\/\/www.revuemusicale.ch\/wp-content\/uploads\/2023\/11\/12_Echo_Symposium_SMM_Auftakt.jpg 1357w, https:\/\/www.revuemusicale.ch\/wp-content\/uploads\/2023\/11\/12_Echo_Symposium_SMM_Auftakt-300x221.jpg 300w, https:\/\/www.revuemusicale.ch\/wp-content\/uploads\/2023\/11\/12_Echo_Symposium_SMM_Auftakt-1024x754.jpg 1024w, https:\/\/www.revuemusicale.ch\/wp-content\/uploads\/2023\/11\/12_Echo_Symposium_SMM_Auftakt-768x566.jpg 768w, https:\/\/www.revuemusicale.ch\/wp-content\/uploads\/2023\/11\/12_Echo_Symposium_SMM_Auftakt-1536x1132.jpg 1536w, https:\/\/www.revuemusicale.ch\/wp-content\/uploads\/2023\/11\/12_Echo_Symposium_SMM_Auftakt-2048x1509.jpg 2048w, https:\/\/www.revuemusicale.ch\/wp-content\/uploads\/2023\/11\/12_Echo_Symposium_SMM_Auftakt-238x175.jpg 238w, https:\/\/www.revuemusicale.ch\/wp-content\/uploads\/2023\/11\/12_Echo_Symposium_SMM_Auftakt-475x350.jpg 475w, https:\/\/www.revuemusicale.ch\/wp-content\/uploads\/2023\/11\/12_Echo_Symposium_SMM_Auftakt-1086x800.jpg 1086w, https:\/\/www.revuemusicale.ch\/wp-content\/uploads\/2023\/11\/12_Echo_Symposium_SMM_Auftakt-920x678.jpg 920w, https:\/\/www.revuemusicale.ch\/wp-content\/uploads\/2023\/11\/12_Echo_Symposium_SMM_Auftakt-1400x1031.jpg 1400w\" sizes=\"auto, (max-width: 1357px) 100vw, 1357px\" \/><figcaption id=\"caption-attachment-29951\" class=\"wp-caption-text\">To open the evening, Justine Pittet (violin), Nino Overney (viola) and Edgar Dupr\u00e9 (cello) from the Conservatoire de Fribourg played Ernst von Dohn\u00e1nyi's String Trio Op. 10. Photo: Swissmedmusica<\/figcaption><\/figure>\n<p>For a long time, prevention in music education was a taboo subject, according to Pia Bucher, founding member of the Swiss Society of Musical Medicine, now Swissmedmusica SMM, in her welcome message to the Swiss Performing Artists Foundation SIS. No one wanted to admit that musicians didn't always feel well. But the pandemic has brought about a change in mentality. Social security makes a major contribution to good mental and physical health. That's why Pia Buchher advised those present to visit the \"sein-oder-nichtsein.ch\" pension portal for people working in the cultural sector and find out more about the options available.<\/p>\n<h3><strong>Self-determined music-making<\/strong><\/h3>\n<p>Anke Grell reminded us that, for children and young people, music instruction is often the only time they spend alone with an adult outside the family. The responsibility this places on music teachers goes without saying. Playful teaching adapted to individual needs helps to maintain the motivation to play and practice music. Pupils are encouraged to discover how hard they have to work to achieve their goals, and must be able to take responsibility for their own practice according to their level of training. The result is an intrinsic motivation that lasts longer than that imposed by the family environment or over-ambitious teachers.<\/p>\n<p>Oliver Margulies astonished the audience by declaring that three quarters of professional musicians have health problems linked to their profession. Tensions, poor posture and one-sided efforts lead them to experience pain as early as their teens. That's why it's so important for students at music colleges to receive individual support in their musical physiology. Those who feel good while making music remain motivated, and those who work as music educators can, thanks to the knowledge they acquire, have a very positive impact on their students.<\/p>\n<p>Carine Tripet Li\u00e8vre made a passionate plea for individual support for music students in the event of failure. She described motivation as an engine fueled by commitment and effort. Students recognize the efforts that lead to success.<\/p>\n<p>If this reward is absent, the teacher must restart the broken engine by proposing a task that can be solved immediately, for example in the next lesson.<\/p>\n<p>According to Antonia Pfeiffer, the fear of performing in public can be countered with positive affirmations and can be \"tapped away\": the method is called PEP and involves tapping on acupuncture points while mentally placing oneself in an anxiety-provoking or stress-inducing situation.<\/p>\n<p><strong>\u00a0<\/strong><strong>Emotional engagement brings interaction<\/strong><\/p>\n<p>As after every presentation, moderator Isabelle Freymond tried at this point to motivate the audience to ask questions. \"Could the lack of questions be due to the lack of connection with practice?\" someone asked. - The topics covered were all practice-related, and the presentations were rich in information. It was a little tiring, however, for the speakers to simply read out their PowerPoint presentations. A few interactive elements would undoubtedly have been an additional source of motivation.<\/p>\n<figure id=\"attachment_29952\" aria-describedby=\"caption-attachment-29952\" style=\"width: 2457px\" class=\"wp-caption alignnone\"><img loading=\"lazy\" decoding=\"async\" class=\"wp-image-29952 size-full\" src=\"https:\/\/www.revuemusicale.ch\/wp-content\/uploads\/2023\/11\/christian_studler_-Foto_-zvg.jpg\" alt=\"\" width=\"2457\" height=\"1794\" srcset=\"https:\/\/www.revuemusicale.ch\/wp-content\/uploads\/2023\/11\/christian_studler_-Foto_-zvg.jpg 1370w, https:\/\/www.revuemusicale.ch\/wp-content\/uploads\/2023\/11\/christian_studler_-Foto_-zvg-300x219.jpg 300w, https:\/\/www.revuemusicale.ch\/wp-content\/uploads\/2023\/11\/christian_studler_-Foto_-zvg-1024x748.jpg 1024w, https:\/\/www.revuemusicale.ch\/wp-content\/uploads\/2023\/11\/christian_studler_-Foto_-zvg-768x561.jpg 768w, https:\/\/www.revuemusicale.ch\/wp-content\/uploads\/2023\/11\/christian_studler_-Foto_-zvg-1536x1122.jpg 1536w, https:\/\/www.revuemusicale.ch\/wp-content\/uploads\/2023\/11\/christian_studler_-Foto_-zvg-2048x1495.jpg 2048w, https:\/\/www.revuemusicale.ch\/wp-content\/uploads\/2023\/11\/christian_studler_-Foto_-zvg-240x175.jpg 240w, https:\/\/www.revuemusicale.ch\/wp-content\/uploads\/2023\/11\/christian_studler_-Foto_-zvg-479x350.jpg 479w, https:\/\/www.revuemusicale.ch\/wp-content\/uploads\/2023\/11\/christian_studler_-Foto_-zvg-1096x800.jpg 1096w, https:\/\/www.revuemusicale.ch\/wp-content\/uploads\/2023\/11\/christian_studler_-Foto_-zvg-920x672.jpg 920w, https:\/\/www.revuemusicale.ch\/wp-content\/uploads\/2023\/11\/christian_studler_-Foto_-zvg-1400x1022.jpg 1400w\" sizes=\"auto, (max-width: 2457px) 100vw, 2457px\" \/><figcaption id=\"caption-attachment-29952\" class=\"wp-caption-text\">Christian Studler. Photo: Swissmedmusica<\/figcaption><\/figure>\n<p>The perfect moment, then, for Christian Studler's talk: he spoke about his practice as a musician and flute teacher. \"Fears are at home in the musician's soul\", he declared, finding it frightening that at the Bern University of the Arts, entire classes swallow beta-blockers before every performance. His remedy for instilling a fear of public performance is a culture of feedback, in which students feel accepted for who they are. The emphasis should not be on the obligation to perform and the fight against mistakes. Instead, criticism should show how much already exists, how much is good, and how we can build on it. We believed him when he said that he had trained people during his teaching, not musical machines. Interestingly, his talk generated an avalanche of questions. It was a demonstration of how genuine commitment and emotion can motivate!<\/p>\n<p>The 19th<sup>e<\/sup> he SMM symposium, which was bilingual with simultaneous translation, was perfectly organized by President Wolfgang B\u00f6hler and his team. Breaks and the aperitif that followed provided time for lively discussions with colleagues from the fields of music, music pedagogy, medicine, psychology and therapy, while exhibition stands offered information on new teaching methods, auxiliary instrument accessories and prevention methods. In fact, prevention has been at the heart of the organization since the name change to Swissmedmusica.<\/p>\n<p>It's all the more reason for us to attend the anniversary symposium next year!<\/p>","protected":false},"excerpt":{"rendered":"<p>Swissmedmusica held its symposium on Saturday, November 11 in Fribourg under the title \"Are you motivated?\"<\/p>","protected":false},"author":1,"featured_media":29951,"comment_status":"closed","ping_status":"closed","sticky":false,"template":"","format":"standard","meta":{"_acf_changed":false,"_relevanssi_hide_post":"","_relevanssi_hide_content":"","_relevanssi_pin_for_all":"","_relevanssi_pin_keywords":"","_relevanssi_unpin_keywords":"","_relevanssi_related_keywords":"","_relevanssi_related_include_ids":"","_relevanssi_related_exclude_ids":"","_relevanssi_related_no_append":"","_relevanssi_related_not_related":"","_relevanssi_related_posts":"","_relevanssi_noindex_reason":"","pgc_sgb_lightbox_settings":"","footnotes":""},"categories":[1860],"tags":[1864,1867,1866,1863,1865,1862,1830,1861],"class_list":["post-29950","post","type-post","status-publish","format-standard","has-post-thumbnail","hentry","category-compte-rendu","tag-anke-grell","tag-antonia-pfeiffer","tag-carine-tripet-lievre","tag-christian-studler","tag-oliver-margulies","tag-prevention","tag-swissmedmusica","tag-wolfgang-bohler"],"acf":[],"yoast_head":"<!-- This site is optimized with the Yoast SEO plugin v27.3 - https:\/\/yoast.com\/product\/yoast-seo-wordpress\/ -->\n<title>Se sentir bien, c\u2019est rester motiv\u00e9 - Revue Musicale Suisse<\/title>\n<meta name=\"description\" content=\"Swissmedmusica a tenu son symposium le samedi 11 novembre dernier \u00e0 Fribourg sous le titre \u00ab Are you motivated ? \u00bb\" \/>\n<meta name=\"robots\" content=\"index, follow, max-snippet:-1, max-image-preview:large, max-video-preview:-1\" \/>\n<link rel=\"canonical\" href=\"https:\/\/www.revuemusicale.ch\/en\/compte-rendu\/2023\/11\/se-sentir-bien-cest-rester-motive\/\" \/>\n<meta property=\"og:locale\" content=\"en_US\" \/>\n<meta property=\"og:type\" content=\"article\" \/>\n<meta property=\"og:title\" content=\"Se sentir bien, c\u2019est rester motiv\u00e9 - Revue Musicale Suisse\" \/>\n<meta property=\"og:description\" content=\"Swissmedmusica a tenu son symposium le samedi 11 novembre dernier \u00e0 Fribourg sous le titre \u00ab Are you motivated ? \u00bb\" \/>\n<meta property=\"og:url\" content=\"https:\/\/www.revuemusicale.ch\/en\/compte-rendu\/2023\/11\/se-sentir-bien-cest-rester-motive\/\" \/>\n<meta property=\"og:site_name\" content=\"Revue Musicale Suisse\" \/>\n<meta property=\"article:publisher\" content=\"https:\/\/www.facebook.com\/SchweizerMusikzeitung\/\" \/>\n<meta property=\"article:published_time\" content=\"2023-11-20T15:17:53+00:00\" \/>\n<meta property=\"article:modified_time\" content=\"2024-01-22T16:24:57+00:00\" \/>\n<meta property=\"og:image\" content=\"https:\/\/www.revuemusicale.ch\/wp-content\/uploads\/2023\/11\/12_Echo_Symposium_SMM_Auftakt.jpg\" \/>\n\t<meta property=\"og:image:width\" content=\"1357\" \/>\n\t<meta property=\"og:image:height\" content=\"1000\" \/>\n\t<meta property=\"og:image:type\" content=\"image\/jpeg\" \/>\n<meta name=\"author\" content=\"Musikzeitung-Redaktion\" \/>\n<meta name=\"twitter:card\" content=\"summary_large_image\" \/>\n<meta name=\"twitter:creator\" content=\"@smusikzeitung\" \/>\n<meta name=\"twitter:site\" content=\"@smusikzeitung\" \/>\n<meta name=\"twitter:label1\" content=\"Written by\" \/>\n\t<meta name=\"twitter:data1\" content=\"Musikzeitung-Redaktion\" \/>\n\t<meta name=\"twitter:label2\" content=\"Est. reading time\" \/>\n\t<meta name=\"twitter:data2\" content=\"5 minutes\" \/>\n<script type=\"application\/ld+json\" class=\"yoast-schema-graph\">{\"@context\":\"https:\\\/\\\/schema.org\",\"@graph\":[{\"@type\":\"Article\",\"@id\":\"https:\\\/\\\/www.revuemusicale.ch\\\/compte-rendu\\\/2023\\\/11\\\/se-sentir-bien-cest-rester-motive#article\",\"isPartOf\":{\"@id\":\"https:\\\/\\\/www.revuemusicale.ch\\\/compte-rendu\\\/2023\\\/11\\\/se-sentir-bien-cest-rester-motive\"},\"author\":{\"name\":\"Musikzeitung-Redaktion\",\"@id\":\"https:\\\/\\\/www.revuemusicale.ch\\\/#\\\/schema\\\/person\\\/b2fd892c800856270b9dcc6001265712\"},\"headline\":\"Se sentir bien, c\u2019est rester motiv\u00e9\",\"datePublished\":\"2023-11-20T15:17:53+00:00\",\"dateModified\":\"2024-01-22T16:24:57+00:00\",\"mainEntityOfPage\":{\"@id\":\"https:\\\/\\\/www.revuemusicale.ch\\\/compte-rendu\\\/2023\\\/11\\\/se-sentir-bien-cest-rester-motive\"},\"wordCount\":1019,\"publisher\":{\"@id\":\"https:\\\/\\\/www.revuemusicale.ch\\\/#organization\"},\"image\":{\"@id\":\"https:\\\/\\\/www.revuemusicale.ch\\\/compte-rendu\\\/2023\\\/11\\\/se-sentir-bien-cest-rester-motive#primaryimage\"},\"thumbnailUrl\":\"https:\\\/\\\/www.revuemusicale.ch\\\/wp-content\\\/uploads\\\/2023\\\/11\\\/12_Echo_Symposium_SMM_Auftakt.jpg\",\"keywords\":[\"Anke Grell\",\"Antonia Pfeiffer\",\"Carine Tripet Li\u00e8vre\",\"Christian Studler\",\"Oliver Margulies\",\"pr\u00e9vention\",\"Swissmedmusica\",\"Wolfgang B\u00f6hler\"],\"articleSection\":[\"Compte rendu\"],\"inLanguage\":\"en-US\"},{\"@type\":\"WebPage\",\"@id\":\"https:\\\/\\\/www.revuemusicale.ch\\\/compte-rendu\\\/2023\\\/11\\\/se-sentir-bien-cest-rester-motive\",\"url\":\"https:\\\/\\\/www.revuemusicale.ch\\\/compte-rendu\\\/2023\\\/11\\\/se-sentir-bien-cest-rester-motive\",\"name\":\"Se sentir bien, c\u2019est rester motiv\u00e9 - Revue Musicale Suisse\",\"isPartOf\":{\"@id\":\"https:\\\/\\\/www.revuemusicale.ch\\\/#website\"},\"primaryImageOfPage\":{\"@id\":\"https:\\\/\\\/www.revuemusicale.ch\\\/compte-rendu\\\/2023\\\/11\\\/se-sentir-bien-cest-rester-motive#primaryimage\"},\"image\":{\"@id\":\"https:\\\/\\\/www.revuemusicale.ch\\\/compte-rendu\\\/2023\\\/11\\\/se-sentir-bien-cest-rester-motive#primaryimage\"},\"thumbnailUrl\":\"https:\\\/\\\/www.revuemusicale.ch\\\/wp-content\\\/uploads\\\/2023\\\/11\\\/12_Echo_Symposium_SMM_Auftakt.jpg\",\"datePublished\":\"2023-11-20T15:17:53+00:00\",\"dateModified\":\"2024-01-22T16:24:57+00:00\",\"description\":\"Swissmedmusica a tenu son symposium le samedi 11 novembre dernier \u00e0 Fribourg sous le titre \u00ab Are you motivated ? \u00bb\",\"breadcrumb\":{\"@id\":\"https:\\\/\\\/www.revuemusicale.ch\\\/compte-rendu\\\/2023\\\/11\\\/se-sentir-bien-cest-rester-motive#breadcrumb\"},\"inLanguage\":\"en-US\",\"potentialAction\":[{\"@type\":\"ReadAction\",\"target\":[\"https:\\\/\\\/www.revuemusicale.ch\\\/compte-rendu\\\/2023\\\/11\\\/se-sentir-bien-cest-rester-motive\"]}]},{\"@type\":\"ImageObject\",\"inLanguage\":\"en-US\",\"@id\":\"https:\\\/\\\/www.revuemusicale.ch\\\/compte-rendu\\\/2023\\\/11\\\/se-sentir-bien-cest-rester-motive#primaryimage\",\"url\":\"https:\\\/\\\/www.revuemusicale.ch\\\/wp-content\\\/uploads\\\/2023\\\/11\\\/12_Echo_Symposium_SMM_Auftakt.jpg\",\"contentUrl\":\"https:\\\/\\\/www.revuemusicale.ch\\\/wp-content\\\/uploads\\\/2023\\\/11\\\/12_Echo_Symposium_SMM_Auftakt.jpg\",\"width\":1357,\"height\":1000},{\"@type\":\"BreadcrumbList\",\"@id\":\"https:\\\/\\\/www.revuemusicale.ch\\\/compte-rendu\\\/2023\\\/11\\\/se-sentir-bien-cest-rester-motive#breadcrumb\",\"itemListElement\":[{\"@type\":\"ListItem\",\"position\":1,\"name\":\"Home\",\"item\":\"https:\\\/\\\/www.revuemusicale.ch\\\/\"},{\"@type\":\"ListItem\",\"position\":2,\"name\":\"Se sentir bien, c\u2019est rester motiv\u00e9\"}]},{\"@type\":\"WebSite\",\"@id\":\"https:\\\/\\\/www.revuemusicale.ch\\\/#website\",\"url\":\"https:\\\/\\\/www.revuemusicale.ch\\\/\",\"name\":\"Revue Musicale Suisse\",\"description\":\"\",\"publisher\":{\"@id\":\"https:\\\/\\\/www.revuemusicale.ch\\\/#organization\"},\"potentialAction\":[{\"@type\":\"SearchAction\",\"target\":{\"@type\":\"EntryPoint\",\"urlTemplate\":\"https:\\\/\\\/www.revuemusicale.ch\\\/?s={search_term_string}\"},\"query-input\":{\"@type\":\"PropertyValueSpecification\",\"valueRequired\":true,\"valueName\":\"search_term_string\"}}],\"inLanguage\":\"en-US\"},{\"@type\":\"Organization\",\"@id\":\"https:\\\/\\\/www.revuemusicale.ch\\\/#organization\",\"name\":\"Revue Musicale Suisse\",\"url\":\"https:\\\/\\\/www.revuemusicale.ch\\\/\",\"logo\":{\"@type\":\"ImageObject\",\"inLanguage\":\"en-US\",\"@id\":\"https:\\\/\\\/www.revuemusicale.ch\\\/#\\\/schema\\\/logo\\\/image\\\/\",\"url\":\"https:\\\/\\\/www.revuemusicale.ch\\\/wp-content\\\/uploads\\\/2023\\\/01\\\/logo_revuemusicale_musikzeitung.jpg\",\"contentUrl\":\"https:\\\/\\\/www.revuemusicale.ch\\\/wp-content\\\/uploads\\\/2023\\\/01\\\/logo_revuemusicale_musikzeitung.jpg\",\"width\":1200,\"height\":243,\"caption\":\"Revue Musicale Suisse\"},\"image\":{\"@id\":\"https:\\\/\\\/www.revuemusicale.ch\\\/#\\\/schema\\\/logo\\\/image\\\/\"},\"sameAs\":[\"https:\\\/\\\/www.facebook.com\\\/SchweizerMusikzeitung\\\/\",\"https:\\\/\\\/x.com\\\/smusikzeitung\",\"https:\\\/\\\/www.instagram.com\\\/musikzeitung.ch\\\/?hl=de\"]},{\"@type\":\"Person\",\"@id\":\"https:\\\/\\\/www.revuemusicale.ch\\\/#\\\/schema\\\/person\\\/b2fd892c800856270b9dcc6001265712\",\"name\":\"Musikzeitung-Redaktion\",\"image\":{\"@type\":\"ImageObject\",\"inLanguage\":\"en-US\",\"@id\":\"https:\\\/\\\/secure.gravatar.com\\\/avatar\\\/0c7e6a405862e402eb76a70f8a26fc732d07c32931e9fae9ab1582911d2e8a3b?s=96&d=mm&r=g\",\"url\":\"https:\\\/\\\/secure.gravatar.com\\\/avatar\\\/0c7e6a405862e402eb76a70f8a26fc732d07c32931e9fae9ab1582911d2e8a3b?s=96&d=mm&r=g\",\"contentUrl\":\"https:\\\/\\\/secure.gravatar.com\\\/avatar\\\/0c7e6a405862e402eb76a70f8a26fc732d07c32931e9fae9ab1582911d2e8a3b?s=96&d=mm&r=g\",\"caption\":\"Musikzeitung-Redaktion\"},\"sameAs\":[\"http:\\\/\\\/wundo-docker.io\"],\"url\":\"https:\\\/\\\/www.revuemusicale.ch\\\/en\\\/author\\\/admin\"}]}<\/script>\n<!-- \/ Yoast SEO plugin. -->","yoast_head_json":{"title":"Se sentir bien, c\u2019est rester motiv\u00e9 - Revue Musicale Suisse","description":"Swissmedmusica held its symposium on Saturday, November 11 in Fribourg under the title \"Are you motivated?\"","robots":{"index":"index","follow":"follow","max-snippet":"max-snippet:-1","max-image-preview":"max-image-preview:large","max-video-preview":"max-video-preview:-1"},"canonical":"https:\/\/www.revuemusicale.ch\/en\/compte-rendu\/2023\/11\/se-sentir-bien-cest-rester-motive\/","og_locale":"en_US","og_type":"article","og_title":"Se sentir bien, c\u2019est rester motiv\u00e9 - Revue Musicale Suisse","og_description":"Swissmedmusica a tenu son symposium le samedi 11 novembre dernier \u00e0 Fribourg sous le titre \u00ab Are you motivated ? \u00bb","og_url":"https:\/\/www.revuemusicale.ch\/en\/compte-rendu\/2023\/11\/se-sentir-bien-cest-rester-motive\/","og_site_name":"Revue Musicale Suisse","article_publisher":"https:\/\/www.facebook.com\/SchweizerMusikzeitung\/","article_published_time":"2023-11-20T15:17:53+00:00","article_modified_time":"2024-01-22T16:24:57+00:00","og_image":[{"width":1357,"height":1000,"url":"https:\/\/www.revuemusicale.ch\/wp-content\/uploads\/2023\/11\/12_Echo_Symposium_SMM_Auftakt.jpg","type":"image\/jpeg"}],"author":"Musikzeitung-Redaktion","twitter_card":"summary_large_image","twitter_creator":"@smusikzeitung","twitter_site":"@smusikzeitung","twitter_misc":{"Written by":"Musikzeitung-Redaktion","Est. reading time":"5 minutes"},"schema":{"@context":"https:\/\/schema.org","@graph":[{"@type":"Article","@id":"https:\/\/www.revuemusicale.ch\/compte-rendu\/2023\/11\/se-sentir-bien-cest-rester-motive#article","isPartOf":{"@id":"https:\/\/www.revuemusicale.ch\/compte-rendu\/2023\/11\/se-sentir-bien-cest-rester-motive"},"author":{"name":"Musikzeitung-Redaktion","@id":"https:\/\/www.revuemusicale.ch\/#\/schema\/person\/b2fd892c800856270b9dcc6001265712"},"headline":"Se sentir bien, c\u2019est rester motiv\u00e9","datePublished":"2023-11-20T15:17:53+00:00","dateModified":"2024-01-22T16:24:57+00:00","mainEntityOfPage":{"@id":"https:\/\/www.revuemusicale.ch\/compte-rendu\/2023\/11\/se-sentir-bien-cest-rester-motive"},"wordCount":1019,"publisher":{"@id":"https:\/\/www.revuemusicale.ch\/#organization"},"image":{"@id":"https:\/\/www.revuemusicale.ch\/compte-rendu\/2023\/11\/se-sentir-bien-cest-rester-motive#primaryimage"},"thumbnailUrl":"https:\/\/www.revuemusicale.ch\/wp-content\/uploads\/2023\/11\/12_Echo_Symposium_SMM_Auftakt.jpg","keywords":["Anke Grell","Antonia Pfeiffer","Carine Tripet Li\u00e8vre","Christian Studler","Oliver Margulies","pr\u00e9vention","Swissmedmusica","Wolfgang B\u00f6hler"],"articleSection":["Compte rendu"],"inLanguage":"en-US"},{"@type":"WebPage","@id":"https:\/\/www.revuemusicale.ch\/compte-rendu\/2023\/11\/se-sentir-bien-cest-rester-motive","url":"https:\/\/www.revuemusicale.ch\/compte-rendu\/2023\/11\/se-sentir-bien-cest-rester-motive","name":"Se sentir bien, c\u2019est rester motiv\u00e9 - Revue Musicale Suisse","isPartOf":{"@id":"https:\/\/www.revuemusicale.ch\/#website"},"primaryImageOfPage":{"@id":"https:\/\/www.revuemusicale.ch\/compte-rendu\/2023\/11\/se-sentir-bien-cest-rester-motive#primaryimage"},"image":{"@id":"https:\/\/www.revuemusicale.ch\/compte-rendu\/2023\/11\/se-sentir-bien-cest-rester-motive#primaryimage"},"thumbnailUrl":"https:\/\/www.revuemusicale.ch\/wp-content\/uploads\/2023\/11\/12_Echo_Symposium_SMM_Auftakt.jpg","datePublished":"2023-11-20T15:17:53+00:00","dateModified":"2024-01-22T16:24:57+00:00","description":"Swissmedmusica held its symposium on Saturday, November 11 in Fribourg under the title \"Are you motivated?\"","breadcrumb":{"@id":"https:\/\/www.revuemusicale.ch\/compte-rendu\/2023\/11\/se-sentir-bien-cest-rester-motive#breadcrumb"},"inLanguage":"en-US","potentialAction":[{"@type":"ReadAction","target":["https:\/\/www.revuemusicale.ch\/compte-rendu\/2023\/11\/se-sentir-bien-cest-rester-motive"]}]},{"@type":"ImageObject","inLanguage":"en-US","@id":"https:\/\/www.revuemusicale.ch\/compte-rendu\/2023\/11\/se-sentir-bien-cest-rester-motive#primaryimage","url":"https:\/\/www.revuemusicale.ch\/wp-content\/uploads\/2023\/11\/12_Echo_Symposium_SMM_Auftakt.jpg","contentUrl":"https:\/\/www.revuemusicale.ch\/wp-content\/uploads\/2023\/11\/12_Echo_Symposium_SMM_Auftakt.jpg","width":1357,"height":1000},{"@type":"BreadcrumbList","@id":"https:\/\/www.revuemusicale.ch\/compte-rendu\/2023\/11\/se-sentir-bien-cest-rester-motive#breadcrumb","itemListElement":[{"@type":"ListItem","position":1,"name":"Home","item":"https:\/\/www.revuemusicale.ch\/"},{"@type":"ListItem","position":2,"name":"Se sentir bien, c\u2019est rester motiv\u00e9"}]},{"@type":"WebSite","@id":"https:\/\/www.revuemusicale.ch\/#website","url":"https:\/\/www.revuemusicale.ch\/","name":"Swiss Music Review","description":"","publisher":{"@id":"https:\/\/www.revuemusicale.ch\/#organization"},"potentialAction":[{"@type":"SearchAction","target":{"@type":"EntryPoint","urlTemplate":"https:\/\/www.revuemusicale.ch\/?s={search_term_string}"},"query-input":{"@type":"PropertyValueSpecification","valueRequired":true,"valueName":"search_term_string"}}],"inLanguage":"en-US"},{"@type":"Organization","@id":"https:\/\/www.revuemusicale.ch\/#organization","name":"Swiss Music Review","url":"https:\/\/www.revuemusicale.ch\/","logo":{"@type":"ImageObject","inLanguage":"en-US","@id":"https:\/\/www.revuemusicale.ch\/#\/schema\/logo\/image\/","url":"https:\/\/www.revuemusicale.ch\/wp-content\/uploads\/2023\/01\/logo_revuemusicale_musikzeitung.jpg","contentUrl":"https:\/\/www.revuemusicale.ch\/wp-content\/uploads\/2023\/01\/logo_revuemusicale_musikzeitung.jpg","width":1200,"height":243,"caption":"Revue Musicale Suisse"},"image":{"@id":"https:\/\/www.revuemusicale.ch\/#\/schema\/logo\/image\/"},"sameAs":["https:\/\/www.facebook.com\/SchweizerMusikzeitung\/","https:\/\/x.com\/smusikzeitung","https:\/\/www.instagram.com\/musikzeitung.ch\/?hl=de"]},{"@type":"Person","@id":"https:\/\/www.revuemusicale.ch\/#\/schema\/person\/b2fd892c800856270b9dcc6001265712","name":"Musikzeitung-Redaktion","image":{"@type":"ImageObject","inLanguage":"en-US","@id":"https:\/\/secure.gravatar.com\/avatar\/0c7e6a405862e402eb76a70f8a26fc732d07c32931e9fae9ab1582911d2e8a3b?s=96&d=mm&r=g","url":"https:\/\/secure.gravatar.com\/avatar\/0c7e6a405862e402eb76a70f8a26fc732d07c32931e9fae9ab1582911d2e8a3b?s=96&d=mm&r=g","contentUrl":"https:\/\/secure.gravatar.com\/avatar\/0c7e6a405862e402eb76a70f8a26fc732d07c32931e9fae9ab1582911d2e8a3b?s=96&d=mm&r=g","caption":"Musikzeitung-Redaktion"},"sameAs":["http:\/\/wundo-docker.io"],"url":"https:\/\/www.revuemusicale.ch\/en\/author\/admin"}]}},"publishpress_future_action":{"enabled":false,"date":"1970-01-01 01:00:00","action":"change-status","newStatus":"draft","terms":[],"taxonomy":"category","extraData":[]},"publishpress_future_workflow_manual_trigger":{"enabledWorkflows":[]},"_links":{"self":[{"href":"https:\/\/www.revuemusicale.ch\/en\/wp-json\/wp\/v2\/posts\/29950","targetHints":{"allow":["GET"]}}],"collection":[{"href":"https:\/\/www.revuemusicale.ch\/en\/wp-json\/wp\/v2\/posts"}],"about":[{"href":"https:\/\/www.revuemusicale.ch\/en\/wp-json\/wp\/v2\/types\/post"}],"author":[{"embeddable":true,"href":"https:\/\/www.revuemusicale.ch\/en\/wp-json\/wp\/v2\/users\/1"}],"replies":[{"embeddable":true,"href":"https:\/\/www.revuemusicale.ch\/en\/wp-json\/wp\/v2\/comments?post=29950"}],"version-history":[{"count":1,"href":"https:\/\/www.revuemusicale.ch\/en\/wp-json\/wp\/v2\/posts\/29950\/revisions"}],"predecessor-version":[{"id":29953,"href":"https:\/\/www.revuemusicale.ch\/en\/wp-json\/wp\/v2\/posts\/29950\/revisions\/29953"}],"wp:featuredmedia":[{"embeddable":true,"href":"https:\/\/www.revuemusicale.ch\/en\/wp-json\/wp\/v2\/media\/29951"}],"wp:attachment":[{"href":"https:\/\/www.revuemusicale.ch\/en\/wp-json\/wp\/v2\/media?parent=29950"}],"wp:term":[{"taxonomy":"category","embeddable":true,"href":"https:\/\/www.revuemusicale.ch\/en\/wp-json\/wp\/v2\/categories?post=29950"},{"taxonomy":"post_tag","embeddable":true,"href":"https:\/\/www.revuemusicale.ch\/en\/wp-json\/wp\/v2\/tags?post=29950"}],"curies":[{"name":"wp","href":"https:\/\/api.w.org\/{rel}","templated":true}]}}