{"id":29973,"date":"2023-11-29T10:14:05","date_gmt":"2023-11-29T09:14:05","guid":{"rendered":"https:\/\/www.revuemusicale.ch\/?p=29973"},"modified":"2023-12-01T10:50:06","modified_gmt":"2023-12-01T09:50:06","slug":"maennerstimmen","status":"publish","type":"post","link":"https:\/\/www.revuemusicale.ch\/en\/critiques\/disques\/2023\/11\/maennerstimmen","title":{"rendered":"Intense sensory experience"},"content":{"rendered":"<figure id=\"attachment_29974\" aria-describedby=\"caption-attachment-29974\" style=\"width: 1200px\" class=\"wp-caption alignnone\"><img loading=\"lazy\" decoding=\"async\" class=\"wp-image-29974 size-full\" src=\"https:\/\/www.revuemusicale.ch\/wp-content\/uploads\/2023\/11\/Maennerstimmen_Basel_2022.jpg\" alt=\"\" width=\"1200\" height=\"800\" srcset=\"https:\/\/www.revuemusicale.ch\/wp-content\/uploads\/2023\/11\/Maennerstimmen_Basel_2022.jpg 1200w, https:\/\/www.revuemusicale.ch\/wp-content\/uploads\/2023\/11\/Maennerstimmen_Basel_2022-300x200.jpg 300w, https:\/\/www.revuemusicale.ch\/wp-content\/uploads\/2023\/11\/Maennerstimmen_Basel_2022-1024x683.jpg 1024w, https:\/\/www.revuemusicale.ch\/wp-content\/uploads\/2023\/11\/Maennerstimmen_Basel_2022-600x400.jpg 600w, https:\/\/www.revuemusicale.ch\/wp-content\/uploads\/2023\/11\/Maennerstimmen_Basel_2022-768x512.jpg 768w, https:\/\/www.revuemusicale.ch\/wp-content\/uploads\/2023\/11\/Maennerstimmen_Basel_2022-263x175.jpg 263w, https:\/\/www.revuemusicale.ch\/wp-content\/uploads\/2023\/11\/Maennerstimmen_Basel_2022-525x350.jpg 525w, https:\/\/www.revuemusicale.ch\/wp-content\/uploads\/2023\/11\/Maennerstimmen_Basel_2022-920x613.jpg 920w\" sizes=\"auto, (max-width: 1200px) 100vw, 1200px\" \/><figcaption id=\"caption-attachment-29974\" class=\"wp-caption-text\">M\u00e4nnerstimmen Basel on the road in 2022. Photo: Pascal St\u00e4deli<\/figcaption><\/figure>\n<p>Men's choirs may evoke in you a somewhat frozen, old-fashioned image of vocal music. Dressed in old-fashioned three-piece suits, these gentlemen will speak to your tender soul of the beauties of the fatherland, the benefits of wine or of maidens evoking a distant past. If this is what you're talking about, you've probably missed a train, as the vast majority of male choruses are now far from the Steffisburg M\u00e4nnerchor maliciously mocked by Gilles. If, however, you persist in your opinions, this recording will undoubtedly change your mind.<\/p>\n<p>Few choirs are as recognizable as the M\u00e4nnerstimmen Basel. Wearing knickerbockers and suspenders, their appearance immediately sets them apart. A far cry from the three-piece suit mentioned earlier. That's the bottle. But the intoxication comes from the sound of these young singers (most of them under 35) and the energy they bring to a repertoire rich in discoveries.<\/p>\n<p>Pieces by Ivo Antognini, Hans Huber, Carl R\u00fctti, Albert Jenny, Paul Schaller and Darius Milhaud, among others, take us off the beaten track, and that's good. For dessert, the only work in the traditional repertoire of male choirs in Western Switzerland: <em>Jura land<\/em> by Paul Miche!<\/p>\n<p>Like the magnificent cover photo, these compositions take us to icy landscapes. The flame emanating from the M\u00e4nnerstimmen Basel, animated by Oliver Rudin's breath, warms our hearts. A common thread: the Madeleine flood in Basel in 1480. The M\u00e4nnerstimmen exude incredible energy, both in their power and in their infinite sweetness. Vocal projection is crisp, with a desire for clarity and a total absence of vibrato. The result is harmonic purity that never fails.<\/p>\n<p>The metaphor of icy landscapes combined with the warmth of the performance creates an intense, contrasting sensory experience, evoking a range of emotions, from coldness and loneliness to warmth and emotional connection. A disc to listen to on these foggy days!<img loading=\"lazy\" decoding=\"async\" class=\"aligncenter wp-image-29976 size-medium\" src=\"https:\/\/www.revuemusicale.ch\/wp-content\/uploads\/2023\/11\/12_crit_cd_Dagon-300x300.jpg\" alt=\"\" width=\"300\" height=\"300\" srcset=\"https:\/\/www.revuemusicale.ch\/wp-content\/uploads\/2023\/11\/12_crit_cd_Dagon-300x300.jpg 300w, https:\/\/www.revuemusicale.ch\/wp-content\/uploads\/2023\/11\/12_crit_cd_Dagon-175x175.jpg 175w, https:\/\/www.revuemusicale.ch\/wp-content\/uploads\/2023\/11\/12_crit_cd_Dagon-350x350.jpg 350w, https:\/\/www.revuemusicale.ch\/wp-content\/uploads\/2023\/11\/12_crit_cd_Dagon-250x250.jpg 250w, https:\/\/www.revuemusicale.ch\/wp-content\/uploads\/2023\/11\/12_crit_cd_Dagon-150x150.jpg 150w, https:\/\/www.revuemusicale.ch\/wp-content\/uploads\/2023\/11\/12_crit_cd_Dagon-100x100.jpg 100w, https:\/\/www.revuemusicale.ch\/wp-content\/uploads\/2023\/11\/12_crit_cd_Dagon-24x24.jpg 24w, https:\/\/www.revuemusicale.ch\/wp-content\/uploads\/2023\/11\/12_crit_cd_Dagon-48x48.jpg 48w, https:\/\/www.revuemusicale.ch\/wp-content\/uploads\/2023\/11\/12_crit_cd_Dagon-96x96.jpg 96w, https:\/\/www.revuemusicale.ch\/wp-content\/uploads\/2023\/11\/12_crit_cd_Dagon.jpg 500w\" sizes=\"auto, (max-width: 300px) 100vw, 300px\" \/><\/p>\n<p><em>Diluvium. M\u00e4nnerstimmen Basel, Leitung Oliver Rudin, David Rossel. <\/em><a href=\"http:\/\/www.maennerstimmen.ch\"><em>maennerstimmen.ch<\/em><\/a><\/p>","protected":false},"excerpt":{"rendered":"<p>The Baltic choir presents pieces by Ivo Antognini, Hans Huber, Carl R\u00fctti, Albert Jenny, Paul Schaller and Darius Milhaud, among others.<\/p>","protected":false},"author":1,"featured_media":29974,"comment_status":"closed","ping_status":"closed","sticky":false,"template":"","format":"standard","meta":{"_acf_changed":false,"_relevanssi_hide_post":"","_relevanssi_hide_content":"","_relevanssi_pin_for_all":"","_relevanssi_pin_keywords":"","_relevanssi_unpin_keywords":"","_relevanssi_related_keywords":"","_relevanssi_related_include_ids":"","_relevanssi_related_exclude_ids":"","_relevanssi_related_no_append":"","_relevanssi_related_not_related":"","_relevanssi_related_posts":"","_relevanssi_noindex_reason":"","pgc_sgb_lightbox_settings":"","footnotes":""},"categories":[1614,1615],"tags":[1881,1880,1879,1882],"class_list":["post-29973","post","type-post","status-publish","format-standard","has-post-thumbnail","hentry","category-critiques","category-disques","tag-choeurs-dhommes","tag-diluvium","tag-mannerstimmen-basel","tag-oliver-rudin"],"acf":[],"yoast_head":"<!-- This site is optimized with the Yoast SEO plugin v27.3 - https:\/\/yoast.com\/product\/yoast-seo-wordpress\/ -->\n<title>Exp\u00e9rience sensorielle intense - Revue Musicale Suisse<\/title>\n<meta name=\"robots\" content=\"index, follow, max-snippet:-1, max-image-preview:large, max-video-preview:-1\" \/>\n<link rel=\"canonical\" href=\"https:\/\/www.revuemusicale.ch\/en\/critiques\/disques\/2023\/11\/maennerstimmen\/\" \/>\n<meta property=\"og:locale\" content=\"en_US\" \/>\n<meta property=\"og:type\" content=\"article\" \/>\n<meta property=\"og:title\" content=\"Exp\u00e9rience sensorielle intense - Revue Musicale Suisse\" \/>\n<meta property=\"og:description\" content=\"Le ch\u0153urs balois pr\u00e9sente des pi\u00e8ces d\u2019Ivo Antognini, Hans Huber, Carl R\u00fctti, Albert Jenny, Paul Schaller et Darius Milhaud entre autres.\" \/>\n<meta property=\"og:url\" content=\"https:\/\/www.revuemusicale.ch\/en\/critiques\/disques\/2023\/11\/maennerstimmen\/\" \/>\n<meta property=\"og:site_name\" content=\"Revue Musicale Suisse\" \/>\n<meta property=\"article:publisher\" content=\"https:\/\/www.facebook.com\/SchweizerMusikzeitung\/\" \/>\n<meta property=\"article:published_time\" content=\"2023-11-29T09:14:05+00:00\" \/>\n<meta property=\"article:modified_time\" content=\"2023-12-01T09:50:06+00:00\" \/>\n<meta property=\"og:image\" content=\"https:\/\/www.revuemusicale.ch\/wp-content\/uploads\/2023\/11\/Maennerstimmen_Basel_2022.jpg\" \/>\n\t<meta property=\"og:image:width\" content=\"1200\" \/>\n\t<meta property=\"og:image:height\" content=\"800\" \/>\n\t<meta property=\"og:image:type\" content=\"image\/jpeg\" \/>\n<meta name=\"author\" content=\"Musikzeitung-Redaktion\" \/>\n<meta name=\"twitter:card\" content=\"summary_large_image\" \/>\n<meta name=\"twitter:creator\" content=\"@smusikzeitung\" \/>\n<meta name=\"twitter:site\" content=\"@smusikzeitung\" \/>\n<meta name=\"twitter:label1\" content=\"Written by\" \/>\n\t<meta name=\"twitter:data1\" content=\"Musikzeitung-Redaktion\" \/>\n\t<meta name=\"twitter:label2\" content=\"Est. reading time\" \/>\n\t<meta name=\"twitter:data2\" content=\"2 minutes\" \/>\n<script type=\"application\/ld+json\" class=\"yoast-schema-graph\">{\"@context\":\"https:\\\/\\\/schema.org\",\"@graph\":[{\"@type\":\"Article\",\"@id\":\"https:\\\/\\\/www.revuemusicale.ch\\\/critiques\\\/disques\\\/2023\\\/11\\\/maennerstimmen#article\",\"isPartOf\":{\"@id\":\"https:\\\/\\\/www.revuemusicale.ch\\\/critiques\\\/disques\\\/2023\\\/11\\\/maennerstimmen\"},\"author\":{\"name\":\"Musikzeitung-Redaktion\",\"@id\":\"https:\\\/\\\/www.revuemusicale.ch\\\/#\\\/schema\\\/person\\\/b2fd892c800856270b9dcc6001265712\"},\"headline\":\"Exp\u00e9rience sensorielle intense\",\"datePublished\":\"2023-11-29T09:14:05+00:00\",\"dateModified\":\"2023-12-01T09:50:06+00:00\",\"mainEntityOfPage\":{\"@id\":\"https:\\\/\\\/www.revuemusicale.ch\\\/critiques\\\/disques\\\/2023\\\/11\\\/maennerstimmen\"},\"wordCount\":416,\"publisher\":{\"@id\":\"https:\\\/\\\/www.revuemusicale.ch\\\/#organization\"},\"image\":{\"@id\":\"https:\\\/\\\/www.revuemusicale.ch\\\/critiques\\\/disques\\\/2023\\\/11\\\/maennerstimmen#primaryimage\"},\"thumbnailUrl\":\"https:\\\/\\\/www.revuemusicale.ch\\\/wp-content\\\/uploads\\\/2023\\\/11\\\/Maennerstimmen_Basel_2022.jpg\",\"keywords\":[\"ch\u0153urs d\u2019hommes\",\"Diluvium\",\"M\u00e4nnerstimmen Basel\",\"Oliver Rudin\"],\"articleSection\":[\"Critiques\",\"Disques\"],\"inLanguage\":\"en-US\"},{\"@type\":\"WebPage\",\"@id\":\"https:\\\/\\\/www.revuemusicale.ch\\\/critiques\\\/disques\\\/2023\\\/11\\\/maennerstimmen\",\"url\":\"https:\\\/\\\/www.revuemusicale.ch\\\/critiques\\\/disques\\\/2023\\\/11\\\/maennerstimmen\",\"name\":\"Exp\u00e9rience sensorielle intense - Revue Musicale Suisse\",\"isPartOf\":{\"@id\":\"https:\\\/\\\/www.revuemusicale.ch\\\/#website\"},\"primaryImageOfPage\":{\"@id\":\"https:\\\/\\\/www.revuemusicale.ch\\\/critiques\\\/disques\\\/2023\\\/11\\\/maennerstimmen#primaryimage\"},\"image\":{\"@id\":\"https:\\\/\\\/www.revuemusicale.ch\\\/critiques\\\/disques\\\/2023\\\/11\\\/maennerstimmen#primaryimage\"},\"thumbnailUrl\":\"https:\\\/\\\/www.revuemusicale.ch\\\/wp-content\\\/uploads\\\/2023\\\/11\\\/Maennerstimmen_Basel_2022.jpg\",\"datePublished\":\"2023-11-29T09:14:05+00:00\",\"dateModified\":\"2023-12-01T09:50:06+00:00\",\"breadcrumb\":{\"@id\":\"https:\\\/\\\/www.revuemusicale.ch\\\/critiques\\\/disques\\\/2023\\\/11\\\/maennerstimmen#breadcrumb\"},\"inLanguage\":\"en-US\",\"potentialAction\":[{\"@type\":\"ReadAction\",\"target\":[\"https:\\\/\\\/www.revuemusicale.ch\\\/critiques\\\/disques\\\/2023\\\/11\\\/maennerstimmen\"]}]},{\"@type\":\"ImageObject\",\"inLanguage\":\"en-US\",\"@id\":\"https:\\\/\\\/www.revuemusicale.ch\\\/critiques\\\/disques\\\/2023\\\/11\\\/maennerstimmen#primaryimage\",\"url\":\"https:\\\/\\\/www.revuemusicale.ch\\\/wp-content\\\/uploads\\\/2023\\\/11\\\/Maennerstimmen_Basel_2022.jpg\",\"contentUrl\":\"https:\\\/\\\/www.revuemusicale.ch\\\/wp-content\\\/uploads\\\/2023\\\/11\\\/Maennerstimmen_Basel_2022.jpg\",\"width\":1200,\"height\":800},{\"@type\":\"BreadcrumbList\",\"@id\":\"https:\\\/\\\/www.revuemusicale.ch\\\/critiques\\\/disques\\\/2023\\\/11\\\/maennerstimmen#breadcrumb\",\"itemListElement\":[{\"@type\":\"ListItem\",\"position\":1,\"name\":\"Home\",\"item\":\"https:\\\/\\\/www.revuemusicale.ch\\\/\"},{\"@type\":\"ListItem\",\"position\":2,\"name\":\"Exp\u00e9rience sensorielle intense\"}]},{\"@type\":\"WebSite\",\"@id\":\"https:\\\/\\\/www.revuemusicale.ch\\\/#website\",\"url\":\"https:\\\/\\\/www.revuemusicale.ch\\\/\",\"name\":\"Revue Musicale Suisse\",\"description\":\"\",\"publisher\":{\"@id\":\"https:\\\/\\\/www.revuemusicale.ch\\\/#organization\"},\"potentialAction\":[{\"@type\":\"SearchAction\",\"target\":{\"@type\":\"EntryPoint\",\"urlTemplate\":\"https:\\\/\\\/www.revuemusicale.ch\\\/?s={search_term_string}\"},\"query-input\":{\"@type\":\"PropertyValueSpecification\",\"valueRequired\":true,\"valueName\":\"search_term_string\"}}],\"inLanguage\":\"en-US\"},{\"@type\":\"Organization\",\"@id\":\"https:\\\/\\\/www.revuemusicale.ch\\\/#organization\",\"name\":\"Revue Musicale Suisse\",\"url\":\"https:\\\/\\\/www.revuemusicale.ch\\\/\",\"logo\":{\"@type\":\"ImageObject\",\"inLanguage\":\"en-US\",\"@id\":\"https:\\\/\\\/www.revuemusicale.ch\\\/#\\\/schema\\\/logo\\\/image\\\/\",\"url\":\"https:\\\/\\\/www.revuemusicale.ch\\\/wp-content\\\/uploads\\\/2023\\\/01\\\/logo_revuemusicale_musikzeitung.jpg\",\"contentUrl\":\"https:\\\/\\\/www.revuemusicale.ch\\\/wp-content\\\/uploads\\\/2023\\\/01\\\/logo_revuemusicale_musikzeitung.jpg\",\"width\":1200,\"height\":243,\"caption\":\"Revue Musicale Suisse\"},\"image\":{\"@id\":\"https:\\\/\\\/www.revuemusicale.ch\\\/#\\\/schema\\\/logo\\\/image\\\/\"},\"sameAs\":[\"https:\\\/\\\/www.facebook.com\\\/SchweizerMusikzeitung\\\/\",\"https:\\\/\\\/x.com\\\/smusikzeitung\",\"https:\\\/\\\/www.instagram.com\\\/musikzeitung.ch\\\/?hl=de\"]},{\"@type\":\"Person\",\"@id\":\"https:\\\/\\\/www.revuemusicale.ch\\\/#\\\/schema\\\/person\\\/b2fd892c800856270b9dcc6001265712\",\"name\":\"Musikzeitung-Redaktion\",\"image\":{\"@type\":\"ImageObject\",\"inLanguage\":\"en-US\",\"@id\":\"https:\\\/\\\/secure.gravatar.com\\\/avatar\\\/0c7e6a405862e402eb76a70f8a26fc732d07c32931e9fae9ab1582911d2e8a3b?s=96&d=mm&r=g\",\"url\":\"https:\\\/\\\/secure.gravatar.com\\\/avatar\\\/0c7e6a405862e402eb76a70f8a26fc732d07c32931e9fae9ab1582911d2e8a3b?s=96&d=mm&r=g\",\"contentUrl\":\"https:\\\/\\\/secure.gravatar.com\\\/avatar\\\/0c7e6a405862e402eb76a70f8a26fc732d07c32931e9fae9ab1582911d2e8a3b?s=96&d=mm&r=g\",\"caption\":\"Musikzeitung-Redaktion\"},\"sameAs\":[\"http:\\\/\\\/wundo-docker.io\"],\"url\":\"https:\\\/\\\/www.revuemusicale.ch\\\/en\\\/author\\\/admin\"}]}<\/script>\n<!-- \/ Yoast SEO plugin. -->","yoast_head_json":{"title":"Exp\u00e9rience sensorielle intense - Revue Musicale Suisse","robots":{"index":"index","follow":"follow","max-snippet":"max-snippet:-1","max-image-preview":"max-image-preview:large","max-video-preview":"max-video-preview:-1"},"canonical":"https:\/\/www.revuemusicale.ch\/en\/critiques\/disques\/2023\/11\/maennerstimmen\/","og_locale":"en_US","og_type":"article","og_title":"Exp\u00e9rience sensorielle intense - Revue Musicale Suisse","og_description":"Le ch\u0153urs balois pr\u00e9sente des pi\u00e8ces d\u2019Ivo Antognini, Hans Huber, Carl R\u00fctti, Albert Jenny, Paul Schaller et Darius Milhaud entre autres.","og_url":"https:\/\/www.revuemusicale.ch\/en\/critiques\/disques\/2023\/11\/maennerstimmen\/","og_site_name":"Revue Musicale Suisse","article_publisher":"https:\/\/www.facebook.com\/SchweizerMusikzeitung\/","article_published_time":"2023-11-29T09:14:05+00:00","article_modified_time":"2023-12-01T09:50:06+00:00","og_image":[{"width":1200,"height":800,"url":"https:\/\/www.revuemusicale.ch\/wp-content\/uploads\/2023\/11\/Maennerstimmen_Basel_2022.jpg","type":"image\/jpeg"}],"author":"Musikzeitung-Redaktion","twitter_card":"summary_large_image","twitter_creator":"@smusikzeitung","twitter_site":"@smusikzeitung","twitter_misc":{"Written by":"Musikzeitung-Redaktion","Est. reading time":"2 minutes"},"schema":{"@context":"https:\/\/schema.org","@graph":[{"@type":"Article","@id":"https:\/\/www.revuemusicale.ch\/critiques\/disques\/2023\/11\/maennerstimmen#article","isPartOf":{"@id":"https:\/\/www.revuemusicale.ch\/critiques\/disques\/2023\/11\/maennerstimmen"},"author":{"name":"Musikzeitung-Redaktion","@id":"https:\/\/www.revuemusicale.ch\/#\/schema\/person\/b2fd892c800856270b9dcc6001265712"},"headline":"Exp\u00e9rience sensorielle intense","datePublished":"2023-11-29T09:14:05+00:00","dateModified":"2023-12-01T09:50:06+00:00","mainEntityOfPage":{"@id":"https:\/\/www.revuemusicale.ch\/critiques\/disques\/2023\/11\/maennerstimmen"},"wordCount":416,"publisher":{"@id":"https:\/\/www.revuemusicale.ch\/#organization"},"image":{"@id":"https:\/\/www.revuemusicale.ch\/critiques\/disques\/2023\/11\/maennerstimmen#primaryimage"},"thumbnailUrl":"https:\/\/www.revuemusicale.ch\/wp-content\/uploads\/2023\/11\/Maennerstimmen_Basel_2022.jpg","keywords":["ch\u0153urs d\u2019hommes","Diluvium","M\u00e4nnerstimmen Basel","Oliver Rudin"],"articleSection":["Critiques","Disques"],"inLanguage":"en-US"},{"@type":"WebPage","@id":"https:\/\/www.revuemusicale.ch\/critiques\/disques\/2023\/11\/maennerstimmen","url":"https:\/\/www.revuemusicale.ch\/critiques\/disques\/2023\/11\/maennerstimmen","name":"Exp\u00e9rience sensorielle intense - Revue Musicale Suisse","isPartOf":{"@id":"https:\/\/www.revuemusicale.ch\/#website"},"primaryImageOfPage":{"@id":"https:\/\/www.revuemusicale.ch\/critiques\/disques\/2023\/11\/maennerstimmen#primaryimage"},"image":{"@id":"https:\/\/www.revuemusicale.ch\/critiques\/disques\/2023\/11\/maennerstimmen#primaryimage"},"thumbnailUrl":"https:\/\/www.revuemusicale.ch\/wp-content\/uploads\/2023\/11\/Maennerstimmen_Basel_2022.jpg","datePublished":"2023-11-29T09:14:05+00:00","dateModified":"2023-12-01T09:50:06+00:00","breadcrumb":{"@id":"https:\/\/www.revuemusicale.ch\/critiques\/disques\/2023\/11\/maennerstimmen#breadcrumb"},"inLanguage":"en-US","potentialAction":[{"@type":"ReadAction","target":["https:\/\/www.revuemusicale.ch\/critiques\/disques\/2023\/11\/maennerstimmen"]}]},{"@type":"ImageObject","inLanguage":"en-US","@id":"https:\/\/www.revuemusicale.ch\/critiques\/disques\/2023\/11\/maennerstimmen#primaryimage","url":"https:\/\/www.revuemusicale.ch\/wp-content\/uploads\/2023\/11\/Maennerstimmen_Basel_2022.jpg","contentUrl":"https:\/\/www.revuemusicale.ch\/wp-content\/uploads\/2023\/11\/Maennerstimmen_Basel_2022.jpg","width":1200,"height":800},{"@type":"BreadcrumbList","@id":"https:\/\/www.revuemusicale.ch\/critiques\/disques\/2023\/11\/maennerstimmen#breadcrumb","itemListElement":[{"@type":"ListItem","position":1,"name":"Home","item":"https:\/\/www.revuemusicale.ch\/"},{"@type":"ListItem","position":2,"name":"Exp\u00e9rience sensorielle intense"}]},{"@type":"WebSite","@id":"https:\/\/www.revuemusicale.ch\/#website","url":"https:\/\/www.revuemusicale.ch\/","name":"Swiss Music Review","description":"","publisher":{"@id":"https:\/\/www.revuemusicale.ch\/#organization"},"potentialAction":[{"@type":"SearchAction","target":{"@type":"EntryPoint","urlTemplate":"https:\/\/www.revuemusicale.ch\/?s={search_term_string}"},"query-input":{"@type":"PropertyValueSpecification","valueRequired":true,"valueName":"search_term_string"}}],"inLanguage":"en-US"},{"@type":"Organization","@id":"https:\/\/www.revuemusicale.ch\/#organization","name":"Swiss Music Review","url":"https:\/\/www.revuemusicale.ch\/","logo":{"@type":"ImageObject","inLanguage":"en-US","@id":"https:\/\/www.revuemusicale.ch\/#\/schema\/logo\/image\/","url":"https:\/\/www.revuemusicale.ch\/wp-content\/uploads\/2023\/01\/logo_revuemusicale_musikzeitung.jpg","contentUrl":"https:\/\/www.revuemusicale.ch\/wp-content\/uploads\/2023\/01\/logo_revuemusicale_musikzeitung.jpg","width":1200,"height":243,"caption":"Revue Musicale Suisse"},"image":{"@id":"https:\/\/www.revuemusicale.ch\/#\/schema\/logo\/image\/"},"sameAs":["https:\/\/www.facebook.com\/SchweizerMusikzeitung\/","https:\/\/x.com\/smusikzeitung","https:\/\/www.instagram.com\/musikzeitung.ch\/?hl=de"]},{"@type":"Person","@id":"https:\/\/www.revuemusicale.ch\/#\/schema\/person\/b2fd892c800856270b9dcc6001265712","name":"Musikzeitung-Redaktion","image":{"@type":"ImageObject","inLanguage":"en-US","@id":"https:\/\/secure.gravatar.com\/avatar\/0c7e6a405862e402eb76a70f8a26fc732d07c32931e9fae9ab1582911d2e8a3b?s=96&d=mm&r=g","url":"https:\/\/secure.gravatar.com\/avatar\/0c7e6a405862e402eb76a70f8a26fc732d07c32931e9fae9ab1582911d2e8a3b?s=96&d=mm&r=g","contentUrl":"https:\/\/secure.gravatar.com\/avatar\/0c7e6a405862e402eb76a70f8a26fc732d07c32931e9fae9ab1582911d2e8a3b?s=96&d=mm&r=g","caption":"Musikzeitung-Redaktion"},"sameAs":["http:\/\/wundo-docker.io"],"url":"https:\/\/www.revuemusicale.ch\/en\/author\/admin"}]}},"publishpress_future_action":{"enabled":false,"date":"1970-01-01 01:00:00","action":"change-status","newStatus":"draft","terms":[],"taxonomy":"category","extraData":[]},"publishpress_future_workflow_manual_trigger":{"enabledWorkflows":[]},"_links":{"self":[{"href":"https:\/\/www.revuemusicale.ch\/en\/wp-json\/wp\/v2\/posts\/29973","targetHints":{"allow":["GET"]}}],"collection":[{"href":"https:\/\/www.revuemusicale.ch\/en\/wp-json\/wp\/v2\/posts"}],"about":[{"href":"https:\/\/www.revuemusicale.ch\/en\/wp-json\/wp\/v2\/types\/post"}],"author":[{"embeddable":true,"href":"https:\/\/www.revuemusicale.ch\/en\/wp-json\/wp\/v2\/users\/1"}],"replies":[{"embeddable":true,"href":"https:\/\/www.revuemusicale.ch\/en\/wp-json\/wp\/v2\/comments?post=29973"}],"version-history":[{"count":4,"href":"https:\/\/www.revuemusicale.ch\/en\/wp-json\/wp\/v2\/posts\/29973\/revisions"}],"predecessor-version":[{"id":29981,"href":"https:\/\/www.revuemusicale.ch\/en\/wp-json\/wp\/v2\/posts\/29973\/revisions\/29981"}],"wp:featuredmedia":[{"embeddable":true,"href":"https:\/\/www.revuemusicale.ch\/en\/wp-json\/wp\/v2\/media\/29974"}],"wp:attachment":[{"href":"https:\/\/www.revuemusicale.ch\/en\/wp-json\/wp\/v2\/media?parent=29973"}],"wp:term":[{"taxonomy":"category","embeddable":true,"href":"https:\/\/www.revuemusicale.ch\/en\/wp-json\/wp\/v2\/categories?post=29973"},{"taxonomy":"post_tag","embeddable":true,"href":"https:\/\/www.revuemusicale.ch\/en\/wp-json\/wp\/v2\/tags?post=29973"}],"curies":[{"name":"wp","href":"https:\/\/api.w.org\/{rel}","templated":true}]}}