{"id":29980,"date":"2023-11-28T10:41:14","date_gmt":"2023-11-28T09:41:14","guid":{"rendered":"https:\/\/www.revuemusicale.ch\/?p=29980"},"modified":"2023-11-28T10:41:14","modified_gmt":"2023-11-28T09:41:14","slug":"vml","status":"publish","type":"post","link":"https:\/\/www.revuemusicale.ch\/en\/basis\/asem\/2023\/11\/vml","title":{"rendered":"From 33 to 22 music schools"},"content":{"rendered":"<p><img loading=\"lazy\" decoding=\"async\" class=\"alignnone size-full wp-image-29982\" src=\"https:\/\/www.revuemusicale.ch\/wp-content\/uploads\/2023\/11\/GV_23_01.jpg\" alt=\"\" width=\"1386\" height=\"623\" srcset=\"https:\/\/www.revuemusicale.ch\/wp-content\/uploads\/2023\/11\/GV_23_01.jpg 1386w, https:\/\/www.revuemusicale.ch\/wp-content\/uploads\/2023\/11\/GV_23_01-300x135.jpg 300w, https:\/\/www.revuemusicale.ch\/wp-content\/uploads\/2023\/11\/GV_23_01-1024x460.jpg 1024w, https:\/\/www.revuemusicale.ch\/wp-content\/uploads\/2023\/11\/GV_23_01-768x345.jpg 768w, https:\/\/www.revuemusicale.ch\/wp-content\/uploads\/2023\/11\/GV_23_01-375x169.jpg 375w, https:\/\/www.revuemusicale.ch\/wp-content\/uploads\/2023\/11\/GV_23_01-760x342.jpg 760w, https:\/\/www.revuemusicale.ch\/wp-content\/uploads\/2023\/11\/GV_23_01-920x414.jpg 920w\" sizes=\"auto, (max-width: 1386px) 100vw, 1386px\" \/><\/p>\n<p><em>The cantonal association of music schools in the canton of Lucerne (VML) celebrates its 20th anniversary. Photo: VML<\/em><\/p>\n<p class=\"p1\">The many mergers taking place in the canton were prompted by the reform of tasks and finances (AFR18) approved by the electorate. In order to support financially weak communes, the canton now covers half the costs of all state schools, including music schools, which are included in the Education Act. To qualify, however, they must have a minimum enrolment of 500 students. The association of music schools in the canton of Lucerne (MML) approved this development from the outset. \"Mergers have been, and still are, a lot of work for all concerned,\" points out Ursula Kleeb, Director of the Adligenswil-Udigenswil Music School and the Canton of Lucerne's delegate to the ASEM. \"But they do help to improve harmonization and quality, while giving teaching staff greater security with regard to activity rates.\"<\/p>\n<h3>Facts and figures<\/h3>\n<p class=\"p1\">The canton's 22 music schools have around 800 teachers and 26,000 enrolments. They offer a wide range of branches, from individual instruction (including traditional instruments such as the Schwyz accordion) to ensembles. Collaboration with wind music societies is intensive and much appreciated by both partners: \"We attach great importance to wind music,\" stresses Ursula Kleeb.<span class=\"Apple-converted-space\">\u00a0<\/span><\/p>\n<p class=\"p1\">Twice a year, the VML organizes a meeting of the canton's music school directors. These meetings are always well attended, as the need for exchange is considerable, particularly in view of the transformations undertaken in recent years.<span class=\"Apple-converted-space\">\u00a0<\/span><\/p>\n<p class=\"p1\">Talented children and young people have already been benefiting from the cantonal incentive program since 2014. In addition, numerous regional competitions and the Central Switzerland Youth Music Competition offer students the chance to showcase their skills.<\/p>","protected":false},"excerpt":{"rendered":"<p>Music schools in the canton of Lucerne underwent a major transformation last year. They have regrouped into regional music schools, simplified their processes and improved the quality of their offerings. <\/p>","protected":false},"author":21891,"featured_media":29982,"comment_status":"closed","ping_status":"closed","sticky":false,"template":"","format":"standard","meta":{"_acf_changed":false,"_relevanssi_hide_post":"","_relevanssi_hide_content":"","_relevanssi_pin_for_all":"","_relevanssi_pin_keywords":"","_relevanssi_unpin_keywords":"","_relevanssi_related_keywords":"","_relevanssi_related_include_ids":"","_relevanssi_related_exclude_ids":"","_relevanssi_related_no_append":"","_relevanssi_related_not_related":"","_relevanssi_related_posts":"","_relevanssi_noindex_reason":"","pgc_sgb_lightbox_settings":"","footnotes":""},"categories":[56],"tags":[],"class_list":["post-29980","post","type-post","status-publish","format-standard","has-post-thumbnail","hentry","category-asem"],"acf":[],"yoast_head":"<!-- This site is optimized with the Yoast SEO plugin v27.3 - https:\/\/yoast.com\/product\/yoast-seo-wordpress\/ -->\n<title>De 33 \u00e0 22 \u00e9coles de musique - Revue Musicale Suisse<\/title>\n<meta name=\"description\" content=\"Les 22 \u00e9coles de musique du canton de Lucerne comptent environ 800 enseignantes et enseignants et enregistrent 26\u2019000 inscriptions.\" \/>\n<meta name=\"robots\" content=\"index, follow, max-snippet:-1, max-image-preview:large, max-video-preview:-1\" \/>\n<link rel=\"canonical\" href=\"https:\/\/www.revuemusicale.ch\/en\/basis\/asem\/2023\/11\/vml\/\" \/>\n<meta property=\"og:locale\" content=\"en_US\" \/>\n<meta property=\"og:type\" content=\"article\" \/>\n<meta property=\"og:title\" content=\"De 33 \u00e0 22 \u00e9coles de musique - Revue Musicale Suisse\" \/>\n<meta property=\"og:description\" content=\"Les 22 \u00e9coles de musique du canton de Lucerne comptent environ 800 enseignantes et enseignants et enregistrent 26\u2019000 inscriptions.\" \/>\n<meta property=\"og:url\" content=\"https:\/\/www.revuemusicale.ch\/en\/basis\/asem\/2023\/11\/vml\/\" \/>\n<meta property=\"og:site_name\" content=\"Revue Musicale Suisse\" \/>\n<meta property=\"article:publisher\" content=\"https:\/\/www.facebook.com\/SchweizerMusikzeitung\/\" \/>\n<meta property=\"article:published_time\" content=\"2023-11-28T09:41:14+00:00\" \/>\n<meta property=\"og:image\" content=\"https:\/\/www.revuemusicale.ch\/wp-content\/uploads\/2023\/11\/GV_23_01.jpg\" \/>\n\t<meta property=\"og:image:width\" content=\"1386\" \/>\n\t<meta property=\"og:image:height\" content=\"623\" \/>\n\t<meta property=\"og:image:type\" content=\"image\/jpeg\" \/>\n<meta name=\"author\" content=\"Anicia Kohler\" \/>\n<meta name=\"twitter:card\" content=\"summary_large_image\" \/>\n<meta name=\"twitter:creator\" content=\"@smusikzeitung\" \/>\n<meta name=\"twitter:site\" content=\"@smusikzeitung\" \/>\n<meta name=\"twitter:label1\" content=\"Written by\" \/>\n\t<meta name=\"twitter:data1\" content=\"Anicia Kohler\" \/>\n\t<meta name=\"twitter:label2\" content=\"Est. reading time\" \/>\n\t<meta name=\"twitter:data2\" content=\"2 minutes\" \/>\n<script type=\"application\/ld+json\" class=\"yoast-schema-graph\">{\"@context\":\"https:\\\/\\\/schema.org\",\"@graph\":[{\"@type\":\"Article\",\"@id\":\"https:\\\/\\\/www.revuemusicale.ch\\\/basis\\\/asem\\\/2023\\\/11\\\/vml#article\",\"isPartOf\":{\"@id\":\"https:\\\/\\\/www.revuemusicale.ch\\\/basis\\\/asem\\\/2023\\\/11\\\/vml\"},\"author\":{\"name\":\"Anicia Kohler\",\"@id\":\"https:\\\/\\\/www.revuemusicale.ch\\\/#\\\/schema\\\/person\\\/e4ba37136bd24461e8c7874590a4762f\"},\"headline\":\"De 33 \u00e0 22 \u00e9coles de musique\",\"datePublished\":\"2023-11-28T09:41:14+00:00\",\"mainEntityOfPage\":{\"@id\":\"https:\\\/\\\/www.revuemusicale.ch\\\/basis\\\/asem\\\/2023\\\/11\\\/vml\"},\"wordCount\":354,\"publisher\":{\"@id\":\"https:\\\/\\\/www.revuemusicale.ch\\\/#organization\"},\"image\":{\"@id\":\"https:\\\/\\\/www.revuemusicale.ch\\\/basis\\\/asem\\\/2023\\\/11\\\/vml#primaryimage\"},\"thumbnailUrl\":\"https:\\\/\\\/www.revuemusicale.ch\\\/wp-content\\\/uploads\\\/2023\\\/11\\\/GV_23_01.jpg\",\"articleSection\":[\"ASEM\"],\"inLanguage\":\"en-US\"},{\"@type\":\"WebPage\",\"@id\":\"https:\\\/\\\/www.revuemusicale.ch\\\/basis\\\/asem\\\/2023\\\/11\\\/vml\",\"url\":\"https:\\\/\\\/www.revuemusicale.ch\\\/basis\\\/asem\\\/2023\\\/11\\\/vml\",\"name\":\"De 33 \u00e0 22 \u00e9coles de musique - Revue Musicale Suisse\",\"isPartOf\":{\"@id\":\"https:\\\/\\\/www.revuemusicale.ch\\\/#website\"},\"primaryImageOfPage\":{\"@id\":\"https:\\\/\\\/www.revuemusicale.ch\\\/basis\\\/asem\\\/2023\\\/11\\\/vml#primaryimage\"},\"image\":{\"@id\":\"https:\\\/\\\/www.revuemusicale.ch\\\/basis\\\/asem\\\/2023\\\/11\\\/vml#primaryimage\"},\"thumbnailUrl\":\"https:\\\/\\\/www.revuemusicale.ch\\\/wp-content\\\/uploads\\\/2023\\\/11\\\/GV_23_01.jpg\",\"datePublished\":\"2023-11-28T09:41:14+00:00\",\"description\":\"Les 22 \u00e9coles de musique du canton de Lucerne comptent environ 800 enseignantes et enseignants et enregistrent 26\u2019000 inscriptions.\",\"breadcrumb\":{\"@id\":\"https:\\\/\\\/www.revuemusicale.ch\\\/basis\\\/asem\\\/2023\\\/11\\\/vml#breadcrumb\"},\"inLanguage\":\"en-US\",\"potentialAction\":[{\"@type\":\"ReadAction\",\"target\":[\"https:\\\/\\\/www.revuemusicale.ch\\\/basis\\\/asem\\\/2023\\\/11\\\/vml\"]}]},{\"@type\":\"ImageObject\",\"inLanguage\":\"en-US\",\"@id\":\"https:\\\/\\\/www.revuemusicale.ch\\\/basis\\\/asem\\\/2023\\\/11\\\/vml#primaryimage\",\"url\":\"https:\\\/\\\/www.revuemusicale.ch\\\/wp-content\\\/uploads\\\/2023\\\/11\\\/GV_23_01.jpg\",\"contentUrl\":\"https:\\\/\\\/www.revuemusicale.ch\\\/wp-content\\\/uploads\\\/2023\\\/11\\\/GV_23_01.jpg\",\"width\":1386,\"height\":623},{\"@type\":\"BreadcrumbList\",\"@id\":\"https:\\\/\\\/www.revuemusicale.ch\\\/basis\\\/asem\\\/2023\\\/11\\\/vml#breadcrumb\",\"itemListElement\":[{\"@type\":\"ListItem\",\"position\":1,\"name\":\"Home\",\"item\":\"https:\\\/\\\/www.revuemusicale.ch\\\/\"},{\"@type\":\"ListItem\",\"position\":2,\"name\":\"De 33 \u00e0 22 \u00e9coles de musique\"}]},{\"@type\":\"WebSite\",\"@id\":\"https:\\\/\\\/www.revuemusicale.ch\\\/#website\",\"url\":\"https:\\\/\\\/www.revuemusicale.ch\\\/\",\"name\":\"Revue Musicale Suisse\",\"description\":\"\",\"publisher\":{\"@id\":\"https:\\\/\\\/www.revuemusicale.ch\\\/#organization\"},\"potentialAction\":[{\"@type\":\"SearchAction\",\"target\":{\"@type\":\"EntryPoint\",\"urlTemplate\":\"https:\\\/\\\/www.revuemusicale.ch\\\/?s={search_term_string}\"},\"query-input\":{\"@type\":\"PropertyValueSpecification\",\"valueRequired\":true,\"valueName\":\"search_term_string\"}}],\"inLanguage\":\"en-US\"},{\"@type\":\"Organization\",\"@id\":\"https:\\\/\\\/www.revuemusicale.ch\\\/#organization\",\"name\":\"Revue Musicale Suisse\",\"url\":\"https:\\\/\\\/www.revuemusicale.ch\\\/\",\"logo\":{\"@type\":\"ImageObject\",\"inLanguage\":\"en-US\",\"@id\":\"https:\\\/\\\/www.revuemusicale.ch\\\/#\\\/schema\\\/logo\\\/image\\\/\",\"url\":\"https:\\\/\\\/www.revuemusicale.ch\\\/wp-content\\\/uploads\\\/2023\\\/01\\\/logo_revuemusicale_musikzeitung.jpg\",\"contentUrl\":\"https:\\\/\\\/www.revuemusicale.ch\\\/wp-content\\\/uploads\\\/2023\\\/01\\\/logo_revuemusicale_musikzeitung.jpg\",\"width\":1200,\"height\":243,\"caption\":\"Revue Musicale Suisse\"},\"image\":{\"@id\":\"https:\\\/\\\/www.revuemusicale.ch\\\/#\\\/schema\\\/logo\\\/image\\\/\"},\"sameAs\":[\"https:\\\/\\\/www.facebook.com\\\/SchweizerMusikzeitung\\\/\",\"https:\\\/\\\/x.com\\\/smusikzeitung\",\"https:\\\/\\\/www.instagram.com\\\/musikzeitung.ch\\\/?hl=de\"]},{\"@type\":\"Person\",\"@id\":\"https:\\\/\\\/www.revuemusicale.ch\\\/#\\\/schema\\\/person\\\/e4ba37136bd24461e8c7874590a4762f\",\"name\":\"Anicia Kohler\",\"image\":{\"@type\":\"ImageObject\",\"inLanguage\":\"en-US\",\"@id\":\"https:\\\/\\\/secure.gravatar.com\\\/avatar\\\/6ea00b417b00b657b92c811768262d33fd76a3d20dcab3e19ff7f2a1eedf1412?s=96&d=mm&r=g\",\"url\":\"https:\\\/\\\/secure.gravatar.com\\\/avatar\\\/6ea00b417b00b657b92c811768262d33fd76a3d20dcab3e19ff7f2a1eedf1412?s=96&d=mm&r=g\",\"contentUrl\":\"https:\\\/\\\/secure.gravatar.com\\\/avatar\\\/6ea00b417b00b657b92c811768262d33fd76a3d20dcab3e19ff7f2a1eedf1412?s=96&d=mm&r=g\",\"caption\":\"Anicia Kohler\"},\"url\":\"https:\\\/\\\/www.revuemusicale.ch\\\/en\\\/author\\\/anicia-kohler\"}]}<\/script>\n<!-- \/ Yoast SEO plugin. -->","yoast_head_json":{"title":"De 33 \u00e0 22 \u00e9coles de musique - Revue Musicale Suisse","description":"Les 22 \u00e9coles de musique du canton de Lucerne comptent environ 800 enseignantes et enseignants et enregistrent 26\u2019000 inscriptions.","robots":{"index":"index","follow":"follow","max-snippet":"max-snippet:-1","max-image-preview":"max-image-preview:large","max-video-preview":"max-video-preview:-1"},"canonical":"https:\/\/www.revuemusicale.ch\/en\/basis\/asem\/2023\/11\/vml\/","og_locale":"en_US","og_type":"article","og_title":"De 33 \u00e0 22 \u00e9coles de musique - Revue Musicale Suisse","og_description":"Les 22 \u00e9coles de musique du canton de Lucerne comptent environ 800 enseignantes et enseignants et enregistrent 26\u2019000 inscriptions.","og_url":"https:\/\/www.revuemusicale.ch\/en\/basis\/asem\/2023\/11\/vml\/","og_site_name":"Revue Musicale Suisse","article_publisher":"https:\/\/www.facebook.com\/SchweizerMusikzeitung\/","article_published_time":"2023-11-28T09:41:14+00:00","og_image":[{"width":1386,"height":623,"url":"https:\/\/www.revuemusicale.ch\/wp-content\/uploads\/2023\/11\/GV_23_01.jpg","type":"image\/jpeg"}],"author":"Anicia Kohler","twitter_card":"summary_large_image","twitter_creator":"@smusikzeitung","twitter_site":"@smusikzeitung","twitter_misc":{"Written by":"Anicia Kohler","Est. reading time":"2 minutes"},"schema":{"@context":"https:\/\/schema.org","@graph":[{"@type":"Article","@id":"https:\/\/www.revuemusicale.ch\/basis\/asem\/2023\/11\/vml#article","isPartOf":{"@id":"https:\/\/www.revuemusicale.ch\/basis\/asem\/2023\/11\/vml"},"author":{"name":"Anicia Kohler","@id":"https:\/\/www.revuemusicale.ch\/#\/schema\/person\/e4ba37136bd24461e8c7874590a4762f"},"headline":"De 33 \u00e0 22 \u00e9coles de musique","datePublished":"2023-11-28T09:41:14+00:00","mainEntityOfPage":{"@id":"https:\/\/www.revuemusicale.ch\/basis\/asem\/2023\/11\/vml"},"wordCount":354,"publisher":{"@id":"https:\/\/www.revuemusicale.ch\/#organization"},"image":{"@id":"https:\/\/www.revuemusicale.ch\/basis\/asem\/2023\/11\/vml#primaryimage"},"thumbnailUrl":"https:\/\/www.revuemusicale.ch\/wp-content\/uploads\/2023\/11\/GV_23_01.jpg","articleSection":["ASEM"],"inLanguage":"en-US"},{"@type":"WebPage","@id":"https:\/\/www.revuemusicale.ch\/basis\/asem\/2023\/11\/vml","url":"https:\/\/www.revuemusicale.ch\/basis\/asem\/2023\/11\/vml","name":"De 33 \u00e0 22 \u00e9coles de musique - Revue Musicale Suisse","isPartOf":{"@id":"https:\/\/www.revuemusicale.ch\/#website"},"primaryImageOfPage":{"@id":"https:\/\/www.revuemusicale.ch\/basis\/asem\/2023\/11\/vml#primaryimage"},"image":{"@id":"https:\/\/www.revuemusicale.ch\/basis\/asem\/2023\/11\/vml#primaryimage"},"thumbnailUrl":"https:\/\/www.revuemusicale.ch\/wp-content\/uploads\/2023\/11\/GV_23_01.jpg","datePublished":"2023-11-28T09:41:14+00:00","description":"Les 22 \u00e9coles de musique du canton de Lucerne comptent environ 800 enseignantes et enseignants et enregistrent 26\u2019000 inscriptions.","breadcrumb":{"@id":"https:\/\/www.revuemusicale.ch\/basis\/asem\/2023\/11\/vml#breadcrumb"},"inLanguage":"en-US","potentialAction":[{"@type":"ReadAction","target":["https:\/\/www.revuemusicale.ch\/basis\/asem\/2023\/11\/vml"]}]},{"@type":"ImageObject","inLanguage":"en-US","@id":"https:\/\/www.revuemusicale.ch\/basis\/asem\/2023\/11\/vml#primaryimage","url":"https:\/\/www.revuemusicale.ch\/wp-content\/uploads\/2023\/11\/GV_23_01.jpg","contentUrl":"https:\/\/www.revuemusicale.ch\/wp-content\/uploads\/2023\/11\/GV_23_01.jpg","width":1386,"height":623},{"@type":"BreadcrumbList","@id":"https:\/\/www.revuemusicale.ch\/basis\/asem\/2023\/11\/vml#breadcrumb","itemListElement":[{"@type":"ListItem","position":1,"name":"Home","item":"https:\/\/www.revuemusicale.ch\/"},{"@type":"ListItem","position":2,"name":"De 33 \u00e0 22 \u00e9coles de musique"}]},{"@type":"WebSite","@id":"https:\/\/www.revuemusicale.ch\/#website","url":"https:\/\/www.revuemusicale.ch\/","name":"Swiss Music Review","description":"","publisher":{"@id":"https:\/\/www.revuemusicale.ch\/#organization"},"potentialAction":[{"@type":"SearchAction","target":{"@type":"EntryPoint","urlTemplate":"https:\/\/www.revuemusicale.ch\/?s={search_term_string}"},"query-input":{"@type":"PropertyValueSpecification","valueRequired":true,"valueName":"search_term_string"}}],"inLanguage":"en-US"},{"@type":"Organization","@id":"https:\/\/www.revuemusicale.ch\/#organization","name":"Swiss Music Review","url":"https:\/\/www.revuemusicale.ch\/","logo":{"@type":"ImageObject","inLanguage":"en-US","@id":"https:\/\/www.revuemusicale.ch\/#\/schema\/logo\/image\/","url":"https:\/\/www.revuemusicale.ch\/wp-content\/uploads\/2023\/01\/logo_revuemusicale_musikzeitung.jpg","contentUrl":"https:\/\/www.revuemusicale.ch\/wp-content\/uploads\/2023\/01\/logo_revuemusicale_musikzeitung.jpg","width":1200,"height":243,"caption":"Revue Musicale Suisse"},"image":{"@id":"https:\/\/www.revuemusicale.ch\/#\/schema\/logo\/image\/"},"sameAs":["https:\/\/www.facebook.com\/SchweizerMusikzeitung\/","https:\/\/x.com\/smusikzeitung","https:\/\/www.instagram.com\/musikzeitung.ch\/?hl=de"]},{"@type":"Person","@id":"https:\/\/www.revuemusicale.ch\/#\/schema\/person\/e4ba37136bd24461e8c7874590a4762f","name":"Anicia Kohler","image":{"@type":"ImageObject","inLanguage":"en-US","@id":"https:\/\/secure.gravatar.com\/avatar\/6ea00b417b00b657b92c811768262d33fd76a3d20dcab3e19ff7f2a1eedf1412?s=96&d=mm&r=g","url":"https:\/\/secure.gravatar.com\/avatar\/6ea00b417b00b657b92c811768262d33fd76a3d20dcab3e19ff7f2a1eedf1412?s=96&d=mm&r=g","contentUrl":"https:\/\/secure.gravatar.com\/avatar\/6ea00b417b00b657b92c811768262d33fd76a3d20dcab3e19ff7f2a1eedf1412?s=96&d=mm&r=g","caption":"Anicia Kohler"},"url":"https:\/\/www.revuemusicale.ch\/en\/author\/anicia-kohler"}]}},"publishpress_future_action":{"enabled":false,"date":"1970-01-01 01:00:00","action":"change-status","newStatus":"draft","terms":[],"taxonomy":"category","extraData":[]},"publishpress_future_workflow_manual_trigger":{"enabledWorkflows":[]},"_links":{"self":[{"href":"https:\/\/www.revuemusicale.ch\/en\/wp-json\/wp\/v2\/posts\/29980","targetHints":{"allow":["GET"]}}],"collection":[{"href":"https:\/\/www.revuemusicale.ch\/en\/wp-json\/wp\/v2\/posts"}],"about":[{"href":"https:\/\/www.revuemusicale.ch\/en\/wp-json\/wp\/v2\/types\/post"}],"author":[{"embeddable":true,"href":"https:\/\/www.revuemusicale.ch\/en\/wp-json\/wp\/v2\/users\/21891"}],"replies":[{"embeddable":true,"href":"https:\/\/www.revuemusicale.ch\/en\/wp-json\/wp\/v2\/comments?post=29980"}],"version-history":[{"count":1,"href":"https:\/\/www.revuemusicale.ch\/en\/wp-json\/wp\/v2\/posts\/29980\/revisions"}],"predecessor-version":[{"id":29983,"href":"https:\/\/www.revuemusicale.ch\/en\/wp-json\/wp\/v2\/posts\/29980\/revisions\/29983"}],"wp:featuredmedia":[{"embeddable":true,"href":"https:\/\/www.revuemusicale.ch\/en\/wp-json\/wp\/v2\/media\/29982"}],"wp:attachment":[{"href":"https:\/\/www.revuemusicale.ch\/en\/wp-json\/wp\/v2\/media?parent=29980"}],"wp:term":[{"taxonomy":"category","embeddable":true,"href":"https:\/\/www.revuemusicale.ch\/en\/wp-json\/wp\/v2\/categories?post=29980"},{"taxonomy":"post_tag","embeddable":true,"href":"https:\/\/www.revuemusicale.ch\/en\/wp-json\/wp\/v2\/tags?post=29980"}],"curies":[{"name":"wp","href":"https:\/\/api.w.org\/{rel}","templated":true}]}}