{"id":29988,"date":"2023-11-29T19:52:11","date_gmt":"2023-11-29T18:52:11","guid":{"rendered":"https:\/\/www.revuemusicale.ch\/?p=29988"},"modified":"2023-11-29T19:52:11","modified_gmt":"2023-11-29T18:52:11","slug":"assemble-des-delegue-es","status":"publish","type":"post","link":"https:\/\/www.revuemusicale.ch\/en\/basis\/asem\/2023\/11\/assemble-des-delegue-es","title":{"rendered":"Delegates' Meeting"},"content":{"rendered":"<figure id=\"attachment_29989\" aria-describedby=\"caption-attachment-29989\" style=\"width: 585px\" class=\"wp-caption alignnone\"><img loading=\"lazy\" decoding=\"async\" class=\"wp-image-29989\" src=\"https:\/\/www.revuemusicale.ch\/wp-content\/uploads\/2023\/11\/20231124_104623.jpg\" alt=\"\" width=\"585\" height=\"439\" srcset=\"https:\/\/www.revuemusicale.ch\/wp-content\/uploads\/2023\/11\/20231124_104623.jpg 1333w, https:\/\/www.revuemusicale.ch\/wp-content\/uploads\/2023\/11\/20231124_104623-300x225.jpg 300w, https:\/\/www.revuemusicale.ch\/wp-content\/uploads\/2023\/11\/20231124_104623-1024x768.jpg 1024w, https:\/\/www.revuemusicale.ch\/wp-content\/uploads\/2023\/11\/20231124_104623-768x576.jpg 768w, https:\/\/www.revuemusicale.ch\/wp-content\/uploads\/2023\/11\/20231124_104623-1536x1152.jpg 1536w, https:\/\/www.revuemusicale.ch\/wp-content\/uploads\/2023\/11\/20231124_104623-2048x1536.jpg 2048w, https:\/\/www.revuemusicale.ch\/wp-content\/uploads\/2023\/11\/20231124_104623-233x175.jpg 233w, https:\/\/www.revuemusicale.ch\/wp-content\/uploads\/2023\/11\/20231124_104623-467x350.jpg 467w, https:\/\/www.revuemusicale.ch\/wp-content\/uploads\/2023\/11\/20231124_104623-1067x800.jpg 1067w, https:\/\/www.revuemusicale.ch\/wp-content\/uploads\/2023\/11\/20231124_104623-920x690.jpg 920w, https:\/\/www.revuemusicale.ch\/wp-content\/uploads\/2023\/11\/20231124_104623-1400x1050.jpg 1400w\" sizes=\"auto, (max-width: 585px) 100vw, 585px\" \/><figcaption id=\"caption-attachment-29989\" class=\"wp-caption-text\">Delegates' Meeting, November 24, 2023 (Photos: Margot M\u00fcller)<\/figcaption><\/figure>\n<p class=\"p1\">Philippe Kr\u00fcttli, President of the association, welcomed those present and, in particular, St\u00e9phanie K\u00fcffer Weber (canton of Valais) and Reto In\u00e4bnit (canton of Berne) as new delegates. The budget and the multi-year objectives plan 2024 - 2028, which defines ASEM's tasks and projects - from talent development and networking to digitization and statistics - were unanimously approved.<span class=\"Apple-converted-space\">\u00a0<\/span><\/p>\n<h3 class=\"p1\"><b>Message culture 2025-2028 and Jeunes Talents Music<\/b><\/h3>\n<p class=\"p1\">La phase de consultation sur le Message culture 2025- 2028 a pris fin le 22 septembre dernier. L\u2019ASEM a r\u00e9dig\u00e9 \u00e0 cette occasion une r\u00e9ponse d\u00e9taill\u00e9e, sur laquelle Philippe Kr\u00fcttli est revenu lors de l\u2019AD. La r\u00e9ponse int\u00e9grale est disponible ici: https:\/\/www.verband-musikschulen.ch\/de\/downloads-links\/dokumentensammlung\/Download\/529\/VN_Antwort%20VMS23_d_Final_21092023.pdf.<\/p>\n<p class=\"p1\">Work is continuing on the \"Jeunes Talents Musique\" program. Sixteen cantons have already received financial support from the Federal Office of Culture to launch the process. The following cantons have already signed a service agreement:<\/p>\n<ul class=\"ul1\">\n<li class=\"li3\"><span class=\"s2\">Bern<\/span><\/li>\n<li class=\"li3\"><span class=\"s2\">Lucerne<\/span><\/li>\n<li class=\"li3\"><span class=\"s2\">Nidwalden<\/span><\/li>\n<li class=\"li3\"><span class=\"s2\">St. Gallen<span class=\"Apple-converted-space\">\u00a0<\/span><\/span><\/li>\n<li class=\"li3\"><span class=\"s2\">Vaud<\/span><\/li>\n<li class=\"li3\"><span class=\"s2\">Zurich<\/span><\/li>\n<\/ul>\n<p class=\"p1\">Some cantons are on the verge of obtaining the service agreement, while several others are in the process of negotiating.<\/p>\n<p class=\"p1\">ASEM will publish the cantonal \"Jeunes Talents Musique\" programs on its website as soon as they have been approved by the Federal Office of Culture.<\/p>\n<h3 class=\"p1\"><b>Cooperation between cantons<\/b><\/h3>\n<p class=\"p1\">The ASEM Board is calling on the cantons to collaborate on two projects. Firstly, it is seeking representation from the cantonal associations for the Statistics 2025 working group, which is responsible for gathering detailed information from the cantons.<\/p>\n<p class=\"p1\">The cantons are also invited to contribute to the digitization concept. The concept will be made available to music schools in digital, dynamic form, and will be presented to a sounding board made up of specialists from the world of music schools (directors or teachers with digital skills).<\/p>\n<h3 class=\"p1\"><b>ASEM contact with cantonal associations<\/b><\/h3>\n<p class=\"p1\">There are currently two regional conferences attended by managers and other interested parties from several cantons for the purposes of exchange and further training: the Central Switzerland Regional Conference and the French-speaking Conference. The committee has proposed that it should no longer initiate conferences itself, but instead encourage regular contact between committee members and the cantonal associations. This proposal was approved by the delegates.<\/p>\n<h3 class=\"p1\"><b>News from the cantons<\/b><\/h3>\n<p class=\"p1\">Information from the cantons is an important item on the agenda of delegates' meetings. Several delegates reported on the progress of the \"Jeunes Talents Musique\" incentive program, as well as on cantonal music school laws that are in the planning or consultation phase, or have recently been passed. The discussions highlighted the diversity of the music school landscape in Switzerland.<\/p>\n<h3 class=\"p1\"><b>Jubilee 2025<\/b><\/h3>\n<p class=\"p1\">In two years' time, the Swiss Association of Music Schools will be celebrating its 50th anniversary.<span class=\"s3\"><sup>e<\/sup><\/span> anniversary. This will be a good opportunity to draw public attention to the music schools. In summer\/autumn 2025, a radio tour through all the cantons is planned, in collaboration with the Pestalozzi Children's Village. In January 2024, the cantonal associations will be invited to nominate music schools. This colorful musical tour will conclude on November 21, 2025 with a celebration in Berne.<\/p>\n<h3 class=\"p5\"><b>Professional profile<\/b><\/h3>\n<p class=\"p6\">Finally, committee members Christian Braun and Philippe M\u00fcller presented the newly revised professional profile of \"music teacher\", thanking the members of the enlarged working group who were present. The work, they stressed, had been very intense but fruitful. The result is a new, forward-looking reference document for this varied profession ((hier verlinken)), which can serve as an instrument for both school development and political work.<\/p>\n<figure id=\"attachment_29990\" aria-describedby=\"caption-attachment-29990\" style=\"width: 671px\" class=\"wp-caption alignnone\"><img loading=\"lazy\" decoding=\"async\" class=\"wp-image-29990\" src=\"https:\/\/www.revuemusicale.ch\/wp-content\/uploads\/2023\/11\/20231124_125253.jpg\" alt=\"\" width=\"671\" height=\"503\" srcset=\"https:\/\/www.revuemusicale.ch\/wp-content\/uploads\/2023\/11\/20231124_125253.jpg 1333w, https:\/\/www.revuemusicale.ch\/wp-content\/uploads\/2023\/11\/20231124_125253-300x225.jpg 300w, https:\/\/www.revuemusicale.ch\/wp-content\/uploads\/2023\/11\/20231124_125253-1024x768.jpg 1024w, https:\/\/www.revuemusicale.ch\/wp-content\/uploads\/2023\/11\/20231124_125253-768x576.jpg 768w, https:\/\/www.revuemusicale.ch\/wp-content\/uploads\/2023\/11\/20231124_125253-1536x1152.jpg 1536w, https:\/\/www.revuemusicale.ch\/wp-content\/uploads\/2023\/11\/20231124_125253-2048x1536.jpg 2048w, https:\/\/www.revuemusicale.ch\/wp-content\/uploads\/2023\/11\/20231124_125253-233x175.jpg 233w, https:\/\/www.revuemusicale.ch\/wp-content\/uploads\/2023\/11\/20231124_125253-467x350.jpg 467w, https:\/\/www.revuemusicale.ch\/wp-content\/uploads\/2023\/11\/20231124_125253-1067x800.jpg 1067w, https:\/\/www.revuemusicale.ch\/wp-content\/uploads\/2023\/11\/20231124_125253-920x690.jpg 920w, https:\/\/www.revuemusicale.ch\/wp-content\/uploads\/2023\/11\/20231124_125253-1400x1050.jpg 1400w\" sizes=\"auto, (max-width: 671px) 100vw, 671px\" \/><figcaption id=\"caption-attachment-29990\" class=\"wp-caption-text\">Members of the \"professional profile\" working group, from left to right: Adrian Meyer, Beat Hofstetter, Lionel Z\u00fcrcher, Marcel Blanchard, C\u00e9line Shuler<\/figcaption><\/figure>","protected":false},"excerpt":{"rendered":"<p>Current situation and outlook - The cantonal representatives met in November for the Delegates' Meeting. Among the topics on the agenda were exchanges between the cantons and the association's 50th anniversary in 2025.<\/p>","protected":false},"author":21891,"featured_media":29989,"comment_status":"closed","ping_status":"closed","sticky":false,"template":"","format":"standard","meta":{"_acf_changed":false,"_relevanssi_hide_post":"","_relevanssi_hide_content":"","_relevanssi_pin_for_all":"","_relevanssi_pin_keywords":"","_relevanssi_unpin_keywords":"","_relevanssi_related_keywords":"","_relevanssi_related_include_ids":"","_relevanssi_related_exclude_ids":"","_relevanssi_related_no_append":"","_relevanssi_related_not_related":"","_relevanssi_related_posts":"","_relevanssi_noindex_reason":"","pgc_sgb_lightbox_settings":"","footnotes":""},"categories":[56],"tags":[],"class_list":["post-29988","post","type-post","status-publish","format-standard","has-post-thumbnail","hentry","category-asem"],"acf":[],"yoast_head":"<!-- This site is optimized with the Yoast SEO plugin v27.3 - https:\/\/yoast.com\/product\/yoast-seo-wordpress\/ -->\n<title>Assembl\u00e9 des d\u00e9l\u00e9gu\u00e9-es - Revue Musicale Suisse<\/title>\n<meta name=\"robots\" content=\"index, follow, max-snippet:-1, max-image-preview:large, max-video-preview:-1\" \/>\n<link rel=\"canonical\" href=\"https:\/\/www.revuemusicale.ch\/en\/basis\/asem\/2023\/11\/assemble-des-delegue-es\/\" \/>\n<meta property=\"og:locale\" content=\"en_US\" \/>\n<meta property=\"og:type\" content=\"article\" \/>\n<meta property=\"og:title\" content=\"Assembl\u00e9 des d\u00e9l\u00e9gu\u00e9-es - Revue Musicale Suisse\" \/>\n<meta property=\"og:description\" content=\"Etat des lieux et perspectives - Les repr\u00e9sentations cantonales se sont r\u00e9unies en novembre pour l\u2019assembl\u00e9e des d\u00e9l\u00e9gu\u00e9s. Au programme figuraient notamment l\u2019\u00e9change entre les cantons ainsi que le 50e anniversaire de l\u2019association en 2025.\" \/>\n<meta property=\"og:url\" content=\"https:\/\/www.revuemusicale.ch\/en\/basis\/asem\/2023\/11\/assemble-des-delegue-es\/\" \/>\n<meta property=\"og:site_name\" content=\"Revue Musicale Suisse\" \/>\n<meta property=\"article:publisher\" content=\"https:\/\/www.facebook.com\/SchweizerMusikzeitung\/\" \/>\n<meta property=\"article:published_time\" content=\"2023-11-29T18:52:11+00:00\" \/>\n<meta property=\"og:image\" content=\"https:\/\/www.revuemusicale.ch\/wp-content\/uploads\/2023\/11\/20231124_104623.jpg\" \/>\n\t<meta property=\"og:image:width\" content=\"1333\" \/>\n\t<meta property=\"og:image:height\" content=\"1000\" \/>\n\t<meta property=\"og:image:type\" content=\"image\/jpeg\" \/>\n<meta name=\"author\" content=\"Anicia Kohler\" \/>\n<meta name=\"twitter:card\" content=\"summary_large_image\" \/>\n<meta name=\"twitter:creator\" content=\"@smusikzeitung\" \/>\n<meta name=\"twitter:site\" content=\"@smusikzeitung\" \/>\n<meta name=\"twitter:label1\" content=\"Written by\" \/>\n\t<meta name=\"twitter:data1\" content=\"Anicia Kohler\" \/>\n\t<meta name=\"twitter:label2\" content=\"Est. reading time\" \/>\n\t<meta name=\"twitter:data2\" content=\"4 minutes\" \/>\n<script type=\"application\/ld+json\" class=\"yoast-schema-graph\">{\"@context\":\"https:\\\/\\\/schema.org\",\"@graph\":[{\"@type\":\"Article\",\"@id\":\"https:\\\/\\\/www.revuemusicale.ch\\\/basis\\\/asem\\\/2023\\\/11\\\/assemble-des-delegue-es#article\",\"isPartOf\":{\"@id\":\"https:\\\/\\\/www.revuemusicale.ch\\\/basis\\\/asem\\\/2023\\\/11\\\/assemble-des-delegue-es\"},\"author\":{\"name\":\"Anicia Kohler\",\"@id\":\"https:\\\/\\\/www.revuemusicale.ch\\\/#\\\/schema\\\/person\\\/e4ba37136bd24461e8c7874590a4762f\"},\"headline\":\"Assembl\u00e9 des d\u00e9l\u00e9gu\u00e9-es\",\"datePublished\":\"2023-11-29T18:52:11+00:00\",\"mainEntityOfPage\":{\"@id\":\"https:\\\/\\\/www.revuemusicale.ch\\\/basis\\\/asem\\\/2023\\\/11\\\/assemble-des-delegue-es\"},\"wordCount\":812,\"publisher\":{\"@id\":\"https:\\\/\\\/www.revuemusicale.ch\\\/#organization\"},\"image\":{\"@id\":\"https:\\\/\\\/www.revuemusicale.ch\\\/basis\\\/asem\\\/2023\\\/11\\\/assemble-des-delegue-es#primaryimage\"},\"thumbnailUrl\":\"https:\\\/\\\/www.revuemusicale.ch\\\/wp-content\\\/uploads\\\/2023\\\/11\\\/20231124_104623.jpg\",\"articleSection\":[\"ASEM\"],\"inLanguage\":\"en-US\"},{\"@type\":\"WebPage\",\"@id\":\"https:\\\/\\\/www.revuemusicale.ch\\\/basis\\\/asem\\\/2023\\\/11\\\/assemble-des-delegue-es\",\"url\":\"https:\\\/\\\/www.revuemusicale.ch\\\/basis\\\/asem\\\/2023\\\/11\\\/assemble-des-delegue-es\",\"name\":\"Assembl\u00e9 des d\u00e9l\u00e9gu\u00e9-es - Revue Musicale Suisse\",\"isPartOf\":{\"@id\":\"https:\\\/\\\/www.revuemusicale.ch\\\/#website\"},\"primaryImageOfPage\":{\"@id\":\"https:\\\/\\\/www.revuemusicale.ch\\\/basis\\\/asem\\\/2023\\\/11\\\/assemble-des-delegue-es#primaryimage\"},\"image\":{\"@id\":\"https:\\\/\\\/www.revuemusicale.ch\\\/basis\\\/asem\\\/2023\\\/11\\\/assemble-des-delegue-es#primaryimage\"},\"thumbnailUrl\":\"https:\\\/\\\/www.revuemusicale.ch\\\/wp-content\\\/uploads\\\/2023\\\/11\\\/20231124_104623.jpg\",\"datePublished\":\"2023-11-29T18:52:11+00:00\",\"breadcrumb\":{\"@id\":\"https:\\\/\\\/www.revuemusicale.ch\\\/basis\\\/asem\\\/2023\\\/11\\\/assemble-des-delegue-es#breadcrumb\"},\"inLanguage\":\"en-US\",\"potentialAction\":[{\"@type\":\"ReadAction\",\"target\":[\"https:\\\/\\\/www.revuemusicale.ch\\\/basis\\\/asem\\\/2023\\\/11\\\/assemble-des-delegue-es\"]}]},{\"@type\":\"ImageObject\",\"inLanguage\":\"en-US\",\"@id\":\"https:\\\/\\\/www.revuemusicale.ch\\\/basis\\\/asem\\\/2023\\\/11\\\/assemble-des-delegue-es#primaryimage\",\"url\":\"https:\\\/\\\/www.revuemusicale.ch\\\/wp-content\\\/uploads\\\/2023\\\/11\\\/20231124_104623.jpg\",\"contentUrl\":\"https:\\\/\\\/www.revuemusicale.ch\\\/wp-content\\\/uploads\\\/2023\\\/11\\\/20231124_104623.jpg\",\"width\":1333,\"height\":1000,\"caption\":\"Assembl\u00e9 des d\u00e9l\u00e9gu\u00e9-es du 24 novembre 2023\"},{\"@type\":\"BreadcrumbList\",\"@id\":\"https:\\\/\\\/www.revuemusicale.ch\\\/basis\\\/asem\\\/2023\\\/11\\\/assemble-des-delegue-es#breadcrumb\",\"itemListElement\":[{\"@type\":\"ListItem\",\"position\":1,\"name\":\"Home\",\"item\":\"https:\\\/\\\/www.revuemusicale.ch\\\/\"},{\"@type\":\"ListItem\",\"position\":2,\"name\":\"Assembl\u00e9 des d\u00e9l\u00e9gu\u00e9-es\"}]},{\"@type\":\"WebSite\",\"@id\":\"https:\\\/\\\/www.revuemusicale.ch\\\/#website\",\"url\":\"https:\\\/\\\/www.revuemusicale.ch\\\/\",\"name\":\"Revue Musicale Suisse\",\"description\":\"\",\"publisher\":{\"@id\":\"https:\\\/\\\/www.revuemusicale.ch\\\/#organization\"},\"potentialAction\":[{\"@type\":\"SearchAction\",\"target\":{\"@type\":\"EntryPoint\",\"urlTemplate\":\"https:\\\/\\\/www.revuemusicale.ch\\\/?s={search_term_string}\"},\"query-input\":{\"@type\":\"PropertyValueSpecification\",\"valueRequired\":true,\"valueName\":\"search_term_string\"}}],\"inLanguage\":\"en-US\"},{\"@type\":\"Organization\",\"@id\":\"https:\\\/\\\/www.revuemusicale.ch\\\/#organization\",\"name\":\"Revue Musicale Suisse\",\"url\":\"https:\\\/\\\/www.revuemusicale.ch\\\/\",\"logo\":{\"@type\":\"ImageObject\",\"inLanguage\":\"en-US\",\"@id\":\"https:\\\/\\\/www.revuemusicale.ch\\\/#\\\/schema\\\/logo\\\/image\\\/\",\"url\":\"https:\\\/\\\/www.revuemusicale.ch\\\/wp-content\\\/uploads\\\/2023\\\/01\\\/logo_revuemusicale_musikzeitung.jpg\",\"contentUrl\":\"https:\\\/\\\/www.revuemusicale.ch\\\/wp-content\\\/uploads\\\/2023\\\/01\\\/logo_revuemusicale_musikzeitung.jpg\",\"width\":1200,\"height\":243,\"caption\":\"Revue Musicale Suisse\"},\"image\":{\"@id\":\"https:\\\/\\\/www.revuemusicale.ch\\\/#\\\/schema\\\/logo\\\/image\\\/\"},\"sameAs\":[\"https:\\\/\\\/www.facebook.com\\\/SchweizerMusikzeitung\\\/\",\"https:\\\/\\\/x.com\\\/smusikzeitung\",\"https:\\\/\\\/www.instagram.com\\\/musikzeitung.ch\\\/?hl=de\"]},{\"@type\":\"Person\",\"@id\":\"https:\\\/\\\/www.revuemusicale.ch\\\/#\\\/schema\\\/person\\\/e4ba37136bd24461e8c7874590a4762f\",\"name\":\"Anicia Kohler\",\"image\":{\"@type\":\"ImageObject\",\"inLanguage\":\"en-US\",\"@id\":\"https:\\\/\\\/secure.gravatar.com\\\/avatar\\\/6ea00b417b00b657b92c811768262d33fd76a3d20dcab3e19ff7f2a1eedf1412?s=96&d=mm&r=g\",\"url\":\"https:\\\/\\\/secure.gravatar.com\\\/avatar\\\/6ea00b417b00b657b92c811768262d33fd76a3d20dcab3e19ff7f2a1eedf1412?s=96&d=mm&r=g\",\"contentUrl\":\"https:\\\/\\\/secure.gravatar.com\\\/avatar\\\/6ea00b417b00b657b92c811768262d33fd76a3d20dcab3e19ff7f2a1eedf1412?s=96&d=mm&r=g\",\"caption\":\"Anicia Kohler\"},\"url\":\"https:\\\/\\\/www.revuemusicale.ch\\\/en\\\/author\\\/anicia-kohler\"}]}<\/script>\n<!-- \/ Yoast SEO plugin. -->","yoast_head_json":{"title":"Assembl\u00e9 des d\u00e9l\u00e9gu\u00e9-es - Revue Musicale Suisse","robots":{"index":"index","follow":"follow","max-snippet":"max-snippet:-1","max-image-preview":"max-image-preview:large","max-video-preview":"max-video-preview:-1"},"canonical":"https:\/\/www.revuemusicale.ch\/en\/basis\/asem\/2023\/11\/assemble-des-delegue-es\/","og_locale":"en_US","og_type":"article","og_title":"Assembl\u00e9 des d\u00e9l\u00e9gu\u00e9-es - Revue Musicale Suisse","og_description":"Etat des lieux et perspectives - Les repr\u00e9sentations cantonales se sont r\u00e9unies en novembre pour l\u2019assembl\u00e9e des d\u00e9l\u00e9gu\u00e9s. Au programme figuraient notamment l\u2019\u00e9change entre les cantons ainsi que le 50e anniversaire de l\u2019association en 2025.","og_url":"https:\/\/www.revuemusicale.ch\/en\/basis\/asem\/2023\/11\/assemble-des-delegue-es\/","og_site_name":"Revue Musicale Suisse","article_publisher":"https:\/\/www.facebook.com\/SchweizerMusikzeitung\/","article_published_time":"2023-11-29T18:52:11+00:00","og_image":[{"width":1333,"height":1000,"url":"https:\/\/www.revuemusicale.ch\/wp-content\/uploads\/2023\/11\/20231124_104623.jpg","type":"image\/jpeg"}],"author":"Anicia Kohler","twitter_card":"summary_large_image","twitter_creator":"@smusikzeitung","twitter_site":"@smusikzeitung","twitter_misc":{"Written by":"Anicia Kohler","Est. reading time":"4 minutes"},"schema":{"@context":"https:\/\/schema.org","@graph":[{"@type":"Article","@id":"https:\/\/www.revuemusicale.ch\/basis\/asem\/2023\/11\/assemble-des-delegue-es#article","isPartOf":{"@id":"https:\/\/www.revuemusicale.ch\/basis\/asem\/2023\/11\/assemble-des-delegue-es"},"author":{"name":"Anicia Kohler","@id":"https:\/\/www.revuemusicale.ch\/#\/schema\/person\/e4ba37136bd24461e8c7874590a4762f"},"headline":"Assembl\u00e9 des d\u00e9l\u00e9gu\u00e9-es","datePublished":"2023-11-29T18:52:11+00:00","mainEntityOfPage":{"@id":"https:\/\/www.revuemusicale.ch\/basis\/asem\/2023\/11\/assemble-des-delegue-es"},"wordCount":812,"publisher":{"@id":"https:\/\/www.revuemusicale.ch\/#organization"},"image":{"@id":"https:\/\/www.revuemusicale.ch\/basis\/asem\/2023\/11\/assemble-des-delegue-es#primaryimage"},"thumbnailUrl":"https:\/\/www.revuemusicale.ch\/wp-content\/uploads\/2023\/11\/20231124_104623.jpg","articleSection":["ASEM"],"inLanguage":"en-US"},{"@type":"WebPage","@id":"https:\/\/www.revuemusicale.ch\/basis\/asem\/2023\/11\/assemble-des-delegue-es","url":"https:\/\/www.revuemusicale.ch\/basis\/asem\/2023\/11\/assemble-des-delegue-es","name":"Assembl\u00e9 des d\u00e9l\u00e9gu\u00e9-es - Revue Musicale Suisse","isPartOf":{"@id":"https:\/\/www.revuemusicale.ch\/#website"},"primaryImageOfPage":{"@id":"https:\/\/www.revuemusicale.ch\/basis\/asem\/2023\/11\/assemble-des-delegue-es#primaryimage"},"image":{"@id":"https:\/\/www.revuemusicale.ch\/basis\/asem\/2023\/11\/assemble-des-delegue-es#primaryimage"},"thumbnailUrl":"https:\/\/www.revuemusicale.ch\/wp-content\/uploads\/2023\/11\/20231124_104623.jpg","datePublished":"2023-11-29T18:52:11+00:00","breadcrumb":{"@id":"https:\/\/www.revuemusicale.ch\/basis\/asem\/2023\/11\/assemble-des-delegue-es#breadcrumb"},"inLanguage":"en-US","potentialAction":[{"@type":"ReadAction","target":["https:\/\/www.revuemusicale.ch\/basis\/asem\/2023\/11\/assemble-des-delegue-es"]}]},{"@type":"ImageObject","inLanguage":"en-US","@id":"https:\/\/www.revuemusicale.ch\/basis\/asem\/2023\/11\/assemble-des-delegue-es#primaryimage","url":"https:\/\/www.revuemusicale.ch\/wp-content\/uploads\/2023\/11\/20231124_104623.jpg","contentUrl":"https:\/\/www.revuemusicale.ch\/wp-content\/uploads\/2023\/11\/20231124_104623.jpg","width":1333,"height":1000,"caption":"Assembl\u00e9 des d\u00e9l\u00e9gu\u00e9-es du 24 novembre 2023"},{"@type":"BreadcrumbList","@id":"https:\/\/www.revuemusicale.ch\/basis\/asem\/2023\/11\/assemble-des-delegue-es#breadcrumb","itemListElement":[{"@type":"ListItem","position":1,"name":"Home","item":"https:\/\/www.revuemusicale.ch\/"},{"@type":"ListItem","position":2,"name":"Assembl\u00e9 des d\u00e9l\u00e9gu\u00e9-es"}]},{"@type":"WebSite","@id":"https:\/\/www.revuemusicale.ch\/#website","url":"https:\/\/www.revuemusicale.ch\/","name":"Swiss Music Review","description":"","publisher":{"@id":"https:\/\/www.revuemusicale.ch\/#organization"},"potentialAction":[{"@type":"SearchAction","target":{"@type":"EntryPoint","urlTemplate":"https:\/\/www.revuemusicale.ch\/?s={search_term_string}"},"query-input":{"@type":"PropertyValueSpecification","valueRequired":true,"valueName":"search_term_string"}}],"inLanguage":"en-US"},{"@type":"Organization","@id":"https:\/\/www.revuemusicale.ch\/#organization","name":"Swiss Music Review","url":"https:\/\/www.revuemusicale.ch\/","logo":{"@type":"ImageObject","inLanguage":"en-US","@id":"https:\/\/www.revuemusicale.ch\/#\/schema\/logo\/image\/","url":"https:\/\/www.revuemusicale.ch\/wp-content\/uploads\/2023\/01\/logo_revuemusicale_musikzeitung.jpg","contentUrl":"https:\/\/www.revuemusicale.ch\/wp-content\/uploads\/2023\/01\/logo_revuemusicale_musikzeitung.jpg","width":1200,"height":243,"caption":"Revue Musicale Suisse"},"image":{"@id":"https:\/\/www.revuemusicale.ch\/#\/schema\/logo\/image\/"},"sameAs":["https:\/\/www.facebook.com\/SchweizerMusikzeitung\/","https:\/\/x.com\/smusikzeitung","https:\/\/www.instagram.com\/musikzeitung.ch\/?hl=de"]},{"@type":"Person","@id":"https:\/\/www.revuemusicale.ch\/#\/schema\/person\/e4ba37136bd24461e8c7874590a4762f","name":"Anicia Kohler","image":{"@type":"ImageObject","inLanguage":"en-US","@id":"https:\/\/secure.gravatar.com\/avatar\/6ea00b417b00b657b92c811768262d33fd76a3d20dcab3e19ff7f2a1eedf1412?s=96&d=mm&r=g","url":"https:\/\/secure.gravatar.com\/avatar\/6ea00b417b00b657b92c811768262d33fd76a3d20dcab3e19ff7f2a1eedf1412?s=96&d=mm&r=g","contentUrl":"https:\/\/secure.gravatar.com\/avatar\/6ea00b417b00b657b92c811768262d33fd76a3d20dcab3e19ff7f2a1eedf1412?s=96&d=mm&r=g","caption":"Anicia Kohler"},"url":"https:\/\/www.revuemusicale.ch\/en\/author\/anicia-kohler"}]}},"publishpress_future_action":{"enabled":false,"date":"1970-01-01 01:00:00","action":"change-status","newStatus":"draft","terms":[],"taxonomy":"category","extraData":[]},"publishpress_future_workflow_manual_trigger":{"enabledWorkflows":[]},"_links":{"self":[{"href":"https:\/\/www.revuemusicale.ch\/en\/wp-json\/wp\/v2\/posts\/29988","targetHints":{"allow":["GET"]}}],"collection":[{"href":"https:\/\/www.revuemusicale.ch\/en\/wp-json\/wp\/v2\/posts"}],"about":[{"href":"https:\/\/www.revuemusicale.ch\/en\/wp-json\/wp\/v2\/types\/post"}],"author":[{"embeddable":true,"href":"https:\/\/www.revuemusicale.ch\/en\/wp-json\/wp\/v2\/users\/21891"}],"replies":[{"embeddable":true,"href":"https:\/\/www.revuemusicale.ch\/en\/wp-json\/wp\/v2\/comments?post=29988"}],"version-history":[{"count":3,"href":"https:\/\/www.revuemusicale.ch\/en\/wp-json\/wp\/v2\/posts\/29988\/revisions"}],"predecessor-version":[{"id":30014,"href":"https:\/\/www.revuemusicale.ch\/en\/wp-json\/wp\/v2\/posts\/29988\/revisions\/30014"}],"wp:featuredmedia":[{"embeddable":true,"href":"https:\/\/www.revuemusicale.ch\/en\/wp-json\/wp\/v2\/media\/29989"}],"wp:attachment":[{"href":"https:\/\/www.revuemusicale.ch\/en\/wp-json\/wp\/v2\/media?parent=29988"}],"wp:term":[{"taxonomy":"category","embeddable":true,"href":"https:\/\/www.revuemusicale.ch\/en\/wp-json\/wp\/v2\/categories?post=29988"},{"taxonomy":"post_tag","embeddable":true,"href":"https:\/\/www.revuemusicale.ch\/en\/wp-json\/wp\/v2\/tags?post=29988"}],"curies":[{"name":"wp","href":"https:\/\/api.w.org\/{rel}","templated":true}]}}