{"id":29994,"date":"2023-11-28T14:29:08","date_gmt":"2023-11-28T13:29:08","guid":{"rendered":"https:\/\/www.revuemusicale.ch\/?p=29994"},"modified":"2023-11-28T15:00:04","modified_gmt":"2023-11-28T14:00:04","slug":"profil-pedagogie-musicale","status":"publish","type":"post","link":"https:\/\/www.revuemusicale.ch\/en\/news\/pedagogie\/2023\/11\/profil-pedagogie-musicale","title":{"rendered":"\"360-degree panorama of musical training\"."},"content":{"rendered":"<figure id=\"attachment_29995\" aria-describedby=\"caption-attachment-29995\" style=\"width: 1000px\" class=\"wp-caption alignnone\"><img loading=\"lazy\" decoding=\"async\" class=\"size-full wp-image-29995\" src=\"https:\/\/www.revuemusicale.ch\/wp-content\/uploads\/2023\/11\/Depositphotos_159479256_S.jpg\" alt=\"\" width=\"1000\" height=\"667\" srcset=\"https:\/\/www.revuemusicale.ch\/wp-content\/uploads\/2023\/11\/Depositphotos_159479256_S.jpg 1000w, https:\/\/www.revuemusicale.ch\/wp-content\/uploads\/2023\/11\/Depositphotos_159479256_S-300x200.jpg 300w, https:\/\/www.revuemusicale.ch\/wp-content\/uploads\/2023\/11\/Depositphotos_159479256_S-600x400.jpg 600w, https:\/\/www.revuemusicale.ch\/wp-content\/uploads\/2023\/11\/Depositphotos_159479256_S-768x512.jpg 768w, https:\/\/www.revuemusicale.ch\/wp-content\/uploads\/2023\/11\/Depositphotos_159479256_S-262x175.jpg 262w, https:\/\/www.revuemusicale.ch\/wp-content\/uploads\/2023\/11\/Depositphotos_159479256_S-525x350.jpg 525w, https:\/\/www.revuemusicale.ch\/wp-content\/uploads\/2023\/11\/Depositphotos_159479256_S-920x614.jpg 920w\" sizes=\"auto, (max-width: 1000px) 100vw, 1000px\" \/><figcaption id=\"caption-attachment-29995\" class=\"wp-caption-text\">Symbolic image. Photo: fransz\/depositphotos.com<\/figcaption><\/figure>\n<p>The path for future music teachers is well mapped out. After passing the entrance exams for a university, students complete a Bachelor's and Master's degree, the latter with a focus on music pedagogy and specialized didactics. They then go on to teach as freelancers or in a music school, often on a part-time basis in order to retain sufficient space for their own artistic work. This concise summary doesn't quite do justice to the many possibilities available after graduation. What exactly is music teaching? Individual instrumental instruction for school-age children? Running a music and movement program? Leading a parent-child singing workshop, senior ensemble, youth orchestra, musical groups of all styles?  Team teaching with compulsory school teachers? Organizing and directing musicals and concerts? Developing a range of creative music on the smartphone or computer?<\/p>\n<h3><strong>Unifying understanding of the profession<\/strong><\/h3>\n<p>In November 2023, the working group, made up of members of various associations and representatives of universities and music schools from all over Switzerland, published the <em>Professional profile - Music teacher<\/em>. This document is intended to serve as a basis of reference for music students, music colleges, education authorities and politicians alike. Conceived as an update of the guidelines drawn up in 2006, it provides an overview in four chapters of topics such as the educational mission, vocational and continuing training, and the teaching and learning of music.<\/p>\n<h3><strong>The student at the center<\/strong><\/h3>\n<p>The working group attached particular importance to the principle of a \"student-centered\" approach. Music teachers must adapt to the person they are addressing. In particular, they need to take into account the different biographies and individual experiences of their students. To do this, teachers need to adopt an inclusive approach and be sensitive to the diversity of needs and particular learning profiles. As C\u00e9line Shuler, head of the Rythmique Suisse secretariat, points out, this approach is of decisive importance in the field of music and movement, particularly when it integrates the bodily dimension.<\/p>\n<h3><strong>General support and talent development: music for all<\/strong><\/h3>\n<p>The professional profile also emphasizes that music teachers are ambassadors for music education and are committed to equal opportunities. \"According to Marcel Blanchard, Director of the Zurich Conservatory's School of Music, \"Music teachers lead their students to practice music both broadly and at a high level. Similarly, Matteo Piazza, President of the Ticino music school association FeSMuT (Federazione delle Scuole di Musica Ticinesi), stresses the importance of equal opportunities in music education, as enshrined in Article 67a of the Swiss Federal Constitution.<\/p>\n<h3><strong>Continuing to evolve and reflect<\/strong><\/h3>\n<p>The principle of lifelong learning also applies to music pedagogy. This learning can take many forms. The guidelines mention coaching, team teaching and participation in continuing education programs in both the pedagogical and artistic fields.<\/p>\n<h3><strong>Raising public awareness<\/strong><\/h3>\n<p>Music teachers in the sense of the professional profile are creative people, musical role models, able to motivate, possess organizational and project management skills, but can also be spontaneous if necessary, interested in current developments and able to collaborate in different teams. But are there any music teachers who meet such high standards? \"Yes, of course, many aspects are not new and are already experienced in this way,\" says Christian Braun, Director of the St. Gallen School of Music. \"Unfortunately, many facets of this remarkable profession are not yet public knowledge,\" adds Philippe M\u00fcller, director of the Cercle L\u00e9manique d'\u00c9tudes Musicales in Lutry. Julien Feltin, Director of the Ecole de Jazz et de Musique Actuelle in Lausanne, describes the document as a \"360-degree panorama of musical training in Switzerland\". For the working group, it is clear that the professional profile must serve as a source of inspiration and a basis for reflection and evolution. At the same time, it must highlight the potential of music training, with the aim of continuing and improving the integration of the offering throughout Switzerland, both structurally and politically.<\/p>\n<p>&nbsp;<\/p>\n<p>The professional profile is available<br \/>\nin German <a href=\"https:\/\/www.verband-musikschulen.ch\/de\/musikschule\/musikpaedagogik\/berufsleitbild\" target=\"_blank\" rel=\"noopener\">https:\/\/www.verband-musikschulen.ch\/de\/musikschule\/musikpaedagogik\/berufsleitbild<\/a><br \/>\nin French <a href=\"https:\/\/www.verband-musikschulen.ch\/fr\/musikschule\/musikpaedagogik\/berufsleitbild\" target=\"_blank\" rel=\"noopener\">https:\/\/www.verband-musikschulen.ch\/fr\/musikschule\/musikpaedagogik\/berufsleitbild<\/a><br \/>\nin Italian <a href=\"https:\/\/www.verband-musikschulen.ch\/it\/musikschule\/musikpaedagogik\/berufsleitbild\" target=\"_blank\" rel=\"noopener\">https:\/\/www.verband-musikschulen.ch\/it\/musikschule\/musikpaedagogik\/berufsleitbild<\/a><\/p>","protected":false},"excerpt":{"rendered":"<p>Do-re-mi for two in a small room: is this the daily routine of a music teacher? Since June 2021, an enlarged working group under the leadership of the Swiss Association of Music Schools has been closely examining the profession and developing a modern professional profile. <\/p>","protected":false},"author":1,"featured_media":29995,"comment_status":"closed","ping_status":"closed","sticky":false,"template":"","format":"standard","meta":{"_acf_changed":false,"_relevanssi_hide_post":"","_relevanssi_hide_content":"","_relevanssi_pin_for_all":"","_relevanssi_pin_keywords":"","_relevanssi_unpin_keywords":"","_relevanssi_related_keywords":"","_relevanssi_related_include_ids":"","_relevanssi_related_exclude_ids":"","_relevanssi_related_no_append":"","_relevanssi_related_not_related":"","_relevanssi_related_posts":"","_relevanssi_noindex_reason":"","pgc_sgb_lightbox_settings":"","footnotes":""},"categories":[1884,27,1883],"tags":[1886,1887,1891,1888,1889,1890,1885],"class_list":["post-29994","post","type-post","status-publish","format-standard","has-post-thumbnail","hentry","category-formation-initiale-et-continue","category-news","category-pedagogie","tag-asem","tag-association-suisse-des-ecoles-de-musique","tag-formation-musicale","tag-pedagogie-musicale","tag-professeur-de-musique","tag-professeure-de-musique","tag-profil-professionnel"],"acf":[],"yoast_head":"<!-- This site is optimized with the Yoast SEO plugin v27.3 - https:\/\/yoast.com\/product\/yoast-seo-wordpress\/ -->\n<title>\u00abPanorama \u00e0 360 degr\u00e9s de la formation musicale\u00bb - Revue Musicale Suisse<\/title>\n<meta name=\"robots\" content=\"index, follow, max-snippet:-1, max-image-preview:large, max-video-preview:-1\" \/>\n<link rel=\"canonical\" href=\"https:\/\/www.revuemusicale.ch\/en\/news\/pedagogie\/2023\/11\/profil-pedagogie-musicale\/\" \/>\n<meta property=\"og:locale\" content=\"en_US\" \/>\n<meta property=\"og:type\" content=\"article\" \/>\n<meta property=\"og:title\" content=\"\u00abPanorama \u00e0 360 degr\u00e9s de la formation musicale\u00bb - Revue Musicale Suisse\" \/>\n<meta property=\"og:description\" content=\"Do-r\u00e9-mi \u00e0 deux dans une petite salle: est-ce cela le quotidien d\u2019une professeure, d\u2019un professeur de musique? Depuis juin 2021, un groupe de travail \u00e9largi plac\u00e9 sous la direction de l\u2019Association suisse des \u00e9coles de musique s\u2019est pench\u00e9 attentivement sur la profession et a d\u00e9velopp\u00e9 une profil professionnel moderne.\" \/>\n<meta property=\"og:url\" content=\"https:\/\/www.revuemusicale.ch\/en\/news\/pedagogie\/2023\/11\/profil-pedagogie-musicale\/\" \/>\n<meta property=\"og:site_name\" content=\"Revue Musicale Suisse\" \/>\n<meta property=\"article:publisher\" content=\"https:\/\/www.facebook.com\/SchweizerMusikzeitung\/\" \/>\n<meta property=\"article:published_time\" content=\"2023-11-28T13:29:08+00:00\" \/>\n<meta property=\"article:modified_time\" content=\"2023-11-28T14:00:04+00:00\" \/>\n<meta property=\"og:image\" content=\"https:\/\/www.revuemusicale.ch\/wp-content\/uploads\/2023\/11\/Depositphotos_159479256_S.jpg\" \/>\n\t<meta property=\"og:image:width\" content=\"1000\" \/>\n\t<meta property=\"og:image:height\" content=\"667\" \/>\n\t<meta property=\"og:image:type\" content=\"image\/jpeg\" \/>\n<meta name=\"author\" content=\"Musikzeitung-Redaktion\" \/>\n<meta name=\"twitter:card\" content=\"summary_large_image\" \/>\n<meta name=\"twitter:creator\" content=\"@smusikzeitung\" \/>\n<meta name=\"twitter:site\" content=\"@smusikzeitung\" \/>\n<meta name=\"twitter:label1\" content=\"Written by\" \/>\n\t<meta name=\"twitter:data1\" content=\"Musikzeitung-Redaktion\" \/>\n\t<meta name=\"twitter:label2\" content=\"Est. reading time\" \/>\n\t<meta name=\"twitter:data2\" content=\"5 minutes\" \/>\n<script type=\"application\/ld+json\" class=\"yoast-schema-graph\">{\"@context\":\"https:\\\/\\\/schema.org\",\"@graph\":[{\"@type\":\"Article\",\"@id\":\"https:\\\/\\\/www.revuemusicale.ch\\\/news\\\/pedagogie\\\/2023\\\/11\\\/profil-pedagogie-musicale#article\",\"isPartOf\":{\"@id\":\"https:\\\/\\\/www.revuemusicale.ch\\\/news\\\/pedagogie\\\/2023\\\/11\\\/profil-pedagogie-musicale\"},\"author\":{\"name\":\"Musikzeitung-Redaktion\",\"@id\":\"https:\\\/\\\/www.revuemusicale.ch\\\/#\\\/schema\\\/person\\\/b2fd892c800856270b9dcc6001265712\"},\"headline\":\"\u00abPanorama \u00e0 360 degr\u00e9s de la formation musicale\u00bb\",\"datePublished\":\"2023-11-28T13:29:08+00:00\",\"dateModified\":\"2023-11-28T14:00:04+00:00\",\"mainEntityOfPage\":{\"@id\":\"https:\\\/\\\/www.revuemusicale.ch\\\/news\\\/pedagogie\\\/2023\\\/11\\\/profil-pedagogie-musicale\"},\"wordCount\":932,\"publisher\":{\"@id\":\"https:\\\/\\\/www.revuemusicale.ch\\\/#organization\"},\"image\":{\"@id\":\"https:\\\/\\\/www.revuemusicale.ch\\\/news\\\/pedagogie\\\/2023\\\/11\\\/profil-pedagogie-musicale#primaryimage\"},\"thumbnailUrl\":\"https:\\\/\\\/www.revuemusicale.ch\\\/wp-content\\\/uploads\\\/2023\\\/11\\\/Depositphotos_159479256_S.jpg\",\"keywords\":[\"ASEM\",\"Association suisse des \u00e9coles de musique\",\"formation musicale\",\"p\u00e9dagogie musicale\",\"professeur de musique\",\"professeure de musique\",\"Profil professionnel\"],\"articleSection\":[\"Formation initiale et continue\",\"News\",\"P\u00e9dagogie\"],\"inLanguage\":\"en-US\"},{\"@type\":\"WebPage\",\"@id\":\"https:\\\/\\\/www.revuemusicale.ch\\\/news\\\/pedagogie\\\/2023\\\/11\\\/profil-pedagogie-musicale\",\"url\":\"https:\\\/\\\/www.revuemusicale.ch\\\/news\\\/pedagogie\\\/2023\\\/11\\\/profil-pedagogie-musicale\",\"name\":\"\u00abPanorama \u00e0 360 degr\u00e9s de la formation musicale\u00bb - Revue Musicale Suisse\",\"isPartOf\":{\"@id\":\"https:\\\/\\\/www.revuemusicale.ch\\\/#website\"},\"primaryImageOfPage\":{\"@id\":\"https:\\\/\\\/www.revuemusicale.ch\\\/news\\\/pedagogie\\\/2023\\\/11\\\/profil-pedagogie-musicale#primaryimage\"},\"image\":{\"@id\":\"https:\\\/\\\/www.revuemusicale.ch\\\/news\\\/pedagogie\\\/2023\\\/11\\\/profil-pedagogie-musicale#primaryimage\"},\"thumbnailUrl\":\"https:\\\/\\\/www.revuemusicale.ch\\\/wp-content\\\/uploads\\\/2023\\\/11\\\/Depositphotos_159479256_S.jpg\",\"datePublished\":\"2023-11-28T13:29:08+00:00\",\"dateModified\":\"2023-11-28T14:00:04+00:00\",\"breadcrumb\":{\"@id\":\"https:\\\/\\\/www.revuemusicale.ch\\\/news\\\/pedagogie\\\/2023\\\/11\\\/profil-pedagogie-musicale#breadcrumb\"},\"inLanguage\":\"en-US\",\"potentialAction\":[{\"@type\":\"ReadAction\",\"target\":[\"https:\\\/\\\/www.revuemusicale.ch\\\/news\\\/pedagogie\\\/2023\\\/11\\\/profil-pedagogie-musicale\"]}]},{\"@type\":\"ImageObject\",\"inLanguage\":\"en-US\",\"@id\":\"https:\\\/\\\/www.revuemusicale.ch\\\/news\\\/pedagogie\\\/2023\\\/11\\\/profil-pedagogie-musicale#primaryimage\",\"url\":\"https:\\\/\\\/www.revuemusicale.ch\\\/wp-content\\\/uploads\\\/2023\\\/11\\\/Depositphotos_159479256_S.jpg\",\"contentUrl\":\"https:\\\/\\\/www.revuemusicale.ch\\\/wp-content\\\/uploads\\\/2023\\\/11\\\/Depositphotos_159479256_S.jpg\",\"width\":1000,\"height\":667,\"caption\":\"Learning to play the guitar. Music education and extracurricular lessons. Guitarist\"},{\"@type\":\"BreadcrumbList\",\"@id\":\"https:\\\/\\\/www.revuemusicale.ch\\\/news\\\/pedagogie\\\/2023\\\/11\\\/profil-pedagogie-musicale#breadcrumb\",\"itemListElement\":[{\"@type\":\"ListItem\",\"position\":1,\"name\":\"Home\",\"item\":\"https:\\\/\\\/www.revuemusicale.ch\\\/\"},{\"@type\":\"ListItem\",\"position\":2,\"name\":\"\u00abPanorama \u00e0 360 degr\u00e9s de la formation musicale\u00bb\"}]},{\"@type\":\"WebSite\",\"@id\":\"https:\\\/\\\/www.revuemusicale.ch\\\/#website\",\"url\":\"https:\\\/\\\/www.revuemusicale.ch\\\/\",\"name\":\"Revue Musicale Suisse\",\"description\":\"\",\"publisher\":{\"@id\":\"https:\\\/\\\/www.revuemusicale.ch\\\/#organization\"},\"potentialAction\":[{\"@type\":\"SearchAction\",\"target\":{\"@type\":\"EntryPoint\",\"urlTemplate\":\"https:\\\/\\\/www.revuemusicale.ch\\\/?s={search_term_string}\"},\"query-input\":{\"@type\":\"PropertyValueSpecification\",\"valueRequired\":true,\"valueName\":\"search_term_string\"}}],\"inLanguage\":\"en-US\"},{\"@type\":\"Organization\",\"@id\":\"https:\\\/\\\/www.revuemusicale.ch\\\/#organization\",\"name\":\"Revue Musicale Suisse\",\"url\":\"https:\\\/\\\/www.revuemusicale.ch\\\/\",\"logo\":{\"@type\":\"ImageObject\",\"inLanguage\":\"en-US\",\"@id\":\"https:\\\/\\\/www.revuemusicale.ch\\\/#\\\/schema\\\/logo\\\/image\\\/\",\"url\":\"https:\\\/\\\/www.revuemusicale.ch\\\/wp-content\\\/uploads\\\/2023\\\/01\\\/logo_revuemusicale_musikzeitung.jpg\",\"contentUrl\":\"https:\\\/\\\/www.revuemusicale.ch\\\/wp-content\\\/uploads\\\/2023\\\/01\\\/logo_revuemusicale_musikzeitung.jpg\",\"width\":1200,\"height\":243,\"caption\":\"Revue Musicale Suisse\"},\"image\":{\"@id\":\"https:\\\/\\\/www.revuemusicale.ch\\\/#\\\/schema\\\/logo\\\/image\\\/\"},\"sameAs\":[\"https:\\\/\\\/www.facebook.com\\\/SchweizerMusikzeitung\\\/\",\"https:\\\/\\\/x.com\\\/smusikzeitung\",\"https:\\\/\\\/www.instagram.com\\\/musikzeitung.ch\\\/?hl=de\"]},{\"@type\":\"Person\",\"@id\":\"https:\\\/\\\/www.revuemusicale.ch\\\/#\\\/schema\\\/person\\\/b2fd892c800856270b9dcc6001265712\",\"name\":\"Musikzeitung-Redaktion\",\"image\":{\"@type\":\"ImageObject\",\"inLanguage\":\"en-US\",\"@id\":\"https:\\\/\\\/secure.gravatar.com\\\/avatar\\\/0c7e6a405862e402eb76a70f8a26fc732d07c32931e9fae9ab1582911d2e8a3b?s=96&d=mm&r=g\",\"url\":\"https:\\\/\\\/secure.gravatar.com\\\/avatar\\\/0c7e6a405862e402eb76a70f8a26fc732d07c32931e9fae9ab1582911d2e8a3b?s=96&d=mm&r=g\",\"contentUrl\":\"https:\\\/\\\/secure.gravatar.com\\\/avatar\\\/0c7e6a405862e402eb76a70f8a26fc732d07c32931e9fae9ab1582911d2e8a3b?s=96&d=mm&r=g\",\"caption\":\"Musikzeitung-Redaktion\"},\"sameAs\":[\"http:\\\/\\\/wundo-docker.io\"],\"url\":\"https:\\\/\\\/www.revuemusicale.ch\\\/en\\\/author\\\/admin\"}]}<\/script>\n<!-- \/ Yoast SEO plugin. -->","yoast_head_json":{"title":"\u00abPanorama \u00e0 360 degr\u00e9s de la formation musicale\u00bb - Revue Musicale Suisse","robots":{"index":"index","follow":"follow","max-snippet":"max-snippet:-1","max-image-preview":"max-image-preview:large","max-video-preview":"max-video-preview:-1"},"canonical":"https:\/\/www.revuemusicale.ch\/en\/news\/pedagogie\/2023\/11\/profil-pedagogie-musicale\/","og_locale":"en_US","og_type":"article","og_title":"\u00abPanorama \u00e0 360 degr\u00e9s de la formation musicale\u00bb - Revue Musicale Suisse","og_description":"Do-r\u00e9-mi \u00e0 deux dans une petite salle: est-ce cela le quotidien d\u2019une professeure, d\u2019un professeur de musique? Depuis juin 2021, un groupe de travail \u00e9largi plac\u00e9 sous la direction de l\u2019Association suisse des \u00e9coles de musique s\u2019est pench\u00e9 attentivement sur la profession et a d\u00e9velopp\u00e9 une profil professionnel moderne.","og_url":"https:\/\/www.revuemusicale.ch\/en\/news\/pedagogie\/2023\/11\/profil-pedagogie-musicale\/","og_site_name":"Revue Musicale Suisse","article_publisher":"https:\/\/www.facebook.com\/SchweizerMusikzeitung\/","article_published_time":"2023-11-28T13:29:08+00:00","article_modified_time":"2023-11-28T14:00:04+00:00","og_image":[{"width":1000,"height":667,"url":"https:\/\/www.revuemusicale.ch\/wp-content\/uploads\/2023\/11\/Depositphotos_159479256_S.jpg","type":"image\/jpeg"}],"author":"Musikzeitung-Redaktion","twitter_card":"summary_large_image","twitter_creator":"@smusikzeitung","twitter_site":"@smusikzeitung","twitter_misc":{"Written by":"Musikzeitung-Redaktion","Est. reading time":"5 minutes"},"schema":{"@context":"https:\/\/schema.org","@graph":[{"@type":"Article","@id":"https:\/\/www.revuemusicale.ch\/news\/pedagogie\/2023\/11\/profil-pedagogie-musicale#article","isPartOf":{"@id":"https:\/\/www.revuemusicale.ch\/news\/pedagogie\/2023\/11\/profil-pedagogie-musicale"},"author":{"name":"Musikzeitung-Redaktion","@id":"https:\/\/www.revuemusicale.ch\/#\/schema\/person\/b2fd892c800856270b9dcc6001265712"},"headline":"\u00abPanorama \u00e0 360 degr\u00e9s de la formation musicale\u00bb","datePublished":"2023-11-28T13:29:08+00:00","dateModified":"2023-11-28T14:00:04+00:00","mainEntityOfPage":{"@id":"https:\/\/www.revuemusicale.ch\/news\/pedagogie\/2023\/11\/profil-pedagogie-musicale"},"wordCount":932,"publisher":{"@id":"https:\/\/www.revuemusicale.ch\/#organization"},"image":{"@id":"https:\/\/www.revuemusicale.ch\/news\/pedagogie\/2023\/11\/profil-pedagogie-musicale#primaryimage"},"thumbnailUrl":"https:\/\/www.revuemusicale.ch\/wp-content\/uploads\/2023\/11\/Depositphotos_159479256_S.jpg","keywords":["ASEM","Association suisse des \u00e9coles de musique","formation musicale","p\u00e9dagogie musicale","professeur de musique","professeure de musique","Profil professionnel"],"articleSection":["Formation initiale et continue","News","P\u00e9dagogie"],"inLanguage":"en-US"},{"@type":"WebPage","@id":"https:\/\/www.revuemusicale.ch\/news\/pedagogie\/2023\/11\/profil-pedagogie-musicale","url":"https:\/\/www.revuemusicale.ch\/news\/pedagogie\/2023\/11\/profil-pedagogie-musicale","name":"\u00abPanorama \u00e0 360 degr\u00e9s de la formation musicale\u00bb - Revue Musicale Suisse","isPartOf":{"@id":"https:\/\/www.revuemusicale.ch\/#website"},"primaryImageOfPage":{"@id":"https:\/\/www.revuemusicale.ch\/news\/pedagogie\/2023\/11\/profil-pedagogie-musicale#primaryimage"},"image":{"@id":"https:\/\/www.revuemusicale.ch\/news\/pedagogie\/2023\/11\/profil-pedagogie-musicale#primaryimage"},"thumbnailUrl":"https:\/\/www.revuemusicale.ch\/wp-content\/uploads\/2023\/11\/Depositphotos_159479256_S.jpg","datePublished":"2023-11-28T13:29:08+00:00","dateModified":"2023-11-28T14:00:04+00:00","breadcrumb":{"@id":"https:\/\/www.revuemusicale.ch\/news\/pedagogie\/2023\/11\/profil-pedagogie-musicale#breadcrumb"},"inLanguage":"en-US","potentialAction":[{"@type":"ReadAction","target":["https:\/\/www.revuemusicale.ch\/news\/pedagogie\/2023\/11\/profil-pedagogie-musicale"]}]},{"@type":"ImageObject","inLanguage":"en-US","@id":"https:\/\/www.revuemusicale.ch\/news\/pedagogie\/2023\/11\/profil-pedagogie-musicale#primaryimage","url":"https:\/\/www.revuemusicale.ch\/wp-content\/uploads\/2023\/11\/Depositphotos_159479256_S.jpg","contentUrl":"https:\/\/www.revuemusicale.ch\/wp-content\/uploads\/2023\/11\/Depositphotos_159479256_S.jpg","width":1000,"height":667,"caption":"Learning to play the guitar. Music education and extracurricular lessons. Guitarist"},{"@type":"BreadcrumbList","@id":"https:\/\/www.revuemusicale.ch\/news\/pedagogie\/2023\/11\/profil-pedagogie-musicale#breadcrumb","itemListElement":[{"@type":"ListItem","position":1,"name":"Home","item":"https:\/\/www.revuemusicale.ch\/"},{"@type":"ListItem","position":2,"name":"\u00abPanorama \u00e0 360 degr\u00e9s de la formation musicale\u00bb"}]},{"@type":"WebSite","@id":"https:\/\/www.revuemusicale.ch\/#website","url":"https:\/\/www.revuemusicale.ch\/","name":"Swiss Music Review","description":"","publisher":{"@id":"https:\/\/www.revuemusicale.ch\/#organization"},"potentialAction":[{"@type":"SearchAction","target":{"@type":"EntryPoint","urlTemplate":"https:\/\/www.revuemusicale.ch\/?s={search_term_string}"},"query-input":{"@type":"PropertyValueSpecification","valueRequired":true,"valueName":"search_term_string"}}],"inLanguage":"en-US"},{"@type":"Organization","@id":"https:\/\/www.revuemusicale.ch\/#organization","name":"Swiss Music Review","url":"https:\/\/www.revuemusicale.ch\/","logo":{"@type":"ImageObject","inLanguage":"en-US","@id":"https:\/\/www.revuemusicale.ch\/#\/schema\/logo\/image\/","url":"https:\/\/www.revuemusicale.ch\/wp-content\/uploads\/2023\/01\/logo_revuemusicale_musikzeitung.jpg","contentUrl":"https:\/\/www.revuemusicale.ch\/wp-content\/uploads\/2023\/01\/logo_revuemusicale_musikzeitung.jpg","width":1200,"height":243,"caption":"Revue Musicale Suisse"},"image":{"@id":"https:\/\/www.revuemusicale.ch\/#\/schema\/logo\/image\/"},"sameAs":["https:\/\/www.facebook.com\/SchweizerMusikzeitung\/","https:\/\/x.com\/smusikzeitung","https:\/\/www.instagram.com\/musikzeitung.ch\/?hl=de"]},{"@type":"Person","@id":"https:\/\/www.revuemusicale.ch\/#\/schema\/person\/b2fd892c800856270b9dcc6001265712","name":"Musikzeitung-Redaktion","image":{"@type":"ImageObject","inLanguage":"en-US","@id":"https:\/\/secure.gravatar.com\/avatar\/0c7e6a405862e402eb76a70f8a26fc732d07c32931e9fae9ab1582911d2e8a3b?s=96&d=mm&r=g","url":"https:\/\/secure.gravatar.com\/avatar\/0c7e6a405862e402eb76a70f8a26fc732d07c32931e9fae9ab1582911d2e8a3b?s=96&d=mm&r=g","contentUrl":"https:\/\/secure.gravatar.com\/avatar\/0c7e6a405862e402eb76a70f8a26fc732d07c32931e9fae9ab1582911d2e8a3b?s=96&d=mm&r=g","caption":"Musikzeitung-Redaktion"},"sameAs":["http:\/\/wundo-docker.io"],"url":"https:\/\/www.revuemusicale.ch\/en\/author\/admin"}]}},"publishpress_future_action":{"enabled":false,"date":"1970-01-01 01:00:00","action":"change-status","newStatus":"draft","terms":[],"taxonomy":"category","extraData":[]},"publishpress_future_workflow_manual_trigger":{"enabledWorkflows":[]},"_links":{"self":[{"href":"https:\/\/www.revuemusicale.ch\/en\/wp-json\/wp\/v2\/posts\/29994","targetHints":{"allow":["GET"]}}],"collection":[{"href":"https:\/\/www.revuemusicale.ch\/en\/wp-json\/wp\/v2\/posts"}],"about":[{"href":"https:\/\/www.revuemusicale.ch\/en\/wp-json\/wp\/v2\/types\/post"}],"author":[{"embeddable":true,"href":"https:\/\/www.revuemusicale.ch\/en\/wp-json\/wp\/v2\/users\/1"}],"replies":[{"embeddable":true,"href":"https:\/\/www.revuemusicale.ch\/en\/wp-json\/wp\/v2\/comments?post=29994"}],"version-history":[{"count":3,"href":"https:\/\/www.revuemusicale.ch\/en\/wp-json\/wp\/v2\/posts\/29994\/revisions"}],"predecessor-version":[{"id":29998,"href":"https:\/\/www.revuemusicale.ch\/en\/wp-json\/wp\/v2\/posts\/29994\/revisions\/29998"}],"wp:featuredmedia":[{"embeddable":true,"href":"https:\/\/www.revuemusicale.ch\/en\/wp-json\/wp\/v2\/media\/29995"}],"wp:attachment":[{"href":"https:\/\/www.revuemusicale.ch\/en\/wp-json\/wp\/v2\/media?parent=29994"}],"wp:term":[{"taxonomy":"category","embeddable":true,"href":"https:\/\/www.revuemusicale.ch\/en\/wp-json\/wp\/v2\/categories?post=29994"},{"taxonomy":"post_tag","embeddable":true,"href":"https:\/\/www.revuemusicale.ch\/en\/wp-json\/wp\/v2\/tags?post=29994"}],"curies":[{"name":"wp","href":"https:\/\/api.w.org\/{rel}","templated":true}]}}