{"id":30154,"date":"2024-03-09T21:39:05","date_gmt":"2024-03-09T20:39:05","guid":{"rendered":"https:\/\/www.revuemusicale.ch\/?p=30154"},"modified":"2024-03-09T21:39:05","modified_gmt":"2024-03-09T20:39:05","slug":"lorchestre-de-la-suisse-romande-et-son-chef-titulaire-jonathan-nott-lors-de-laction-de-solidarite-keep-northern-ballet-live","status":"publish","type":"post","link":"https:\/\/www.revuemusicale.ch\/en\/basis\/usdam\/2024\/03\/lorchestre-de-la-suisse-romande-et-son-chef-titulaire-jonathan-nott-lors-de-laction-de-solidarite-keep-northern-ballet-live","title":{"rendered":"\"Cultural vandalism"},"content":{"rendered":"<p>Founded in 1969, Northern Ballet enjoys an excellent reputation in England for its evening-long performances of action ballets. Like most major institutions, it is considered an Arts Council England Portfolio Organisation, and is therefore subsidized by public funds and National Lottery contributions. The troupe is not only popular in Leeds, where the company has had its own downtown stage since 2010, but also in many English cities, where Northern Ballet performances are regularly given. An integral part of the performances is the participation of the Northern Ballet Sinfonia, a 28-piece orchestra at home in all styles. Although the members are only engaged on a project basis, i.e. as freelancers, they remain very loyal, and in some cases have been with the orchestra for decades.<\/p>\n<p>In September 2023, bad news reached the public: from April 2024 onwards, tours would have to be carried out largely without live music. The reasons for this would be inflation, the general economic crisis and the war in Ukraine, which would have disproportionately increased energy bills and transport costs on tour. The fact that almost thirty musicians would lose their livelihoods as a result was seen, albeit perhaps regretfully, as collateral damage.<\/p>\n<p><strong>Indignation and demonstrations of solidarity<\/strong><\/p>\n<p>Spread by members of the orchestra, the news sparked great indignation, at least among those interested in culture, and was described as \"cultural vandalism\" by the English musicians' union Musicians' Union. The famous composer Claude-Michel Sch\u00f6nberg, author of the musicals <em>Les Mis\u00e9rables<\/em> and <em>Miss Saigon<\/em>who wrote <em>Wuthering Heights<\/em> and <em>Cleopatra <\/em>for Northern Ballet, said in an open letter that he had enjoyed working with Sinfonia and had been impressed by the musicians' committed playing in numerous performances across Britain. He noted that in this way, high-quality dance theater had been made accessible to thousands of people every year. Live music conveys emotion, whereas recorded music has no spontaneity and therefore makes the experience less impressive. The conductor breathes with the dancers to make the performance as exceptional as possible.<\/p>\n<p>The International Federation of Musicians (FIM), whose vice-president is USDAM central secretary Beat Santschi, condemned Northern Ballet's intentions in a letter to Arts Council England chief executive Darren Henley: \"Replacing musicians with a recording would be a major cultural regression in a country that is renowned for the value it places on live music and the exceptional quality of its artists. It would also have a devastating effect on Northern Ballet's musicians, all of whom have intermittent contracts and a significant proportion of whose income depends on touring. Music and dance lovers the world over could not understand how Arts Council England could be a silent accomplice to this alarming situation.\"<\/p>\n<p><strong>Live music is an integral part of ballet<\/strong><\/p>\n<p>Morris Stemp, head of orchestras at the Musicians' Union, also asserted that music is an integral part of a ballet, and should not and cannot be separated from it. Sinfonia's musicians now need additional income. During the interview, he also pointed out that subsidies for Northern Ballet and other institutions urgently needed to be increased, and accused the Conservative government of not supporting culture enough. Indeed, grants are said to have fallen by around 25% in recent decades. He believes that a Labour government would undoubtedly take the concerns of cultural players more seriously.<\/p>\n<p>The Orchestre de la Suisse Romande, the Tonhalle Orchestra Zurich and the Basel Symphony Orchestra have already shown their solidarity with the Sinfonia musicians by organizing actions under the banner \"Keep Northern Ballet Live\". Meanwhile, something seems to have moved on opposing fronts, perhaps as a result of national and international protests: on January 16, 2024, the ballet's management issued a statement announcing that the spring tour at least, with <em>Romeo and Juliet<\/em>would be performed with orchestra in Leeds, Sheffield, Nottingham, Norwich and London, and that a better solution for the future would be sought jointly with the union and the orchestra. But here too, we must remain vigilant: the ballet of the Grand Th\u00e9\u00e2tre de Gen\u00e8ve wishes to tour without an orchestra, but with an OSR recording, and the Op\u00e9ra de Dijon has asked the USDAM to allow it to use OSR recordings of scenic music, which has been rejected due to the provisions of tariff regulation D. The USDAM Central Committee discussed the matter at its last meeting on December 22, 2023, and confirmed its position in principle, insisting that live music should be used wherever possible, and that recordings should only be used in exceptional cases.<\/p>","protected":false},"excerpt":{"rendered":"<p>Based in the northern English city of Leeds, Northern Ballet shocked the world by announcing that, due to a lack of funds, it would henceforth be using recorded music on tour.<\/p>","protected":false},"author":21897,"featured_media":30155,"comment_status":"closed","ping_status":"closed","sticky":false,"template":"","format":"standard","meta":{"_acf_changed":false,"_relevanssi_hide_post":"","_relevanssi_hide_content":"","_relevanssi_pin_for_all":"","_relevanssi_pin_keywords":"","_relevanssi_unpin_keywords":"","_relevanssi_related_keywords":"","_relevanssi_related_include_ids":"","_relevanssi_related_exclude_ids":"","_relevanssi_related_no_append":"","_relevanssi_related_not_related":"","_relevanssi_related_posts":"","_relevanssi_noindex_reason":"","pgc_sgb_lightbox_settings":"","footnotes":""},"categories":[53],"tags":[],"class_list":["post-30154","post","type-post","status-publish","format-standard","has-post-thumbnail","hentry","category-usdam"],"acf":[],"yoast_head":"<!-- This site is optimized with the Yoast SEO plugin v27.3 - https:\/\/yoast.com\/product\/yoast-seo-wordpress\/ -->\n<title>\u00ab Vandalisme culturel \u00bb - Revue Musicale Suisse<\/title>\n<meta name=\"robots\" content=\"index, follow, max-snippet:-1, max-image-preview:large, max-video-preview:-1\" \/>\n<link rel=\"canonical\" href=\"https:\/\/www.revuemusicale.ch\/en\/basis\/usdam\/2024\/03\/lorchestre-de-la-suisse-romande-et-son-chef-titulaire-jonathan-nott-lors-de-laction-de-solidarite-keep-northern-ballet-live\/\" \/>\n<meta property=\"og:locale\" content=\"en_US\" \/>\n<meta property=\"og:type\" content=\"article\" \/>\n<meta property=\"og:title\" content=\"\u00ab Vandalisme culturel \u00bb - Revue Musicale Suisse\" \/>\n<meta property=\"og:description\" content=\"Etabli dans la ville de Leeds, au Nord de l\u2019Angleterre, le Northern Ballet a choqu\u00e9 en communicant que, par manque de moyens financiers, il utiliserait dor\u00e9navant de la musique enregistr\u00e9e lors de ses tourn\u00e9es.\" \/>\n<meta property=\"og:url\" content=\"https:\/\/www.revuemusicale.ch\/en\/basis\/usdam\/2024\/03\/lorchestre-de-la-suisse-romande-et-son-chef-titulaire-jonathan-nott-lors-de-laction-de-solidarite-keep-northern-ballet-live\/\" \/>\n<meta property=\"og:site_name\" content=\"Revue Musicale Suisse\" \/>\n<meta property=\"article:publisher\" content=\"https:\/\/www.facebook.com\/SchweizerMusikzeitung\/\" \/>\n<meta property=\"article:published_time\" content=\"2024-03-09T20:39:05+00:00\" \/>\n<meta property=\"og:image\" content=\"https:\/\/www.revuemusicale.ch\/wp-content\/uploads\/2024\/03\/1b-Keep-Northern-Ballet-Live-OSR-Marc-Sapin-1024x473.png\" \/>\n\t<meta property=\"og:image:width\" content=\"1024\" \/>\n\t<meta property=\"og:image:height\" content=\"473\" \/>\n\t<meta property=\"og:image:type\" content=\"image\/png\" \/>\n<meta name=\"author\" content=\"Laurent Mettraux\" \/>\n<meta name=\"twitter:card\" content=\"summary_large_image\" \/>\n<meta name=\"twitter:creator\" content=\"@smusikzeitung\" \/>\n<meta name=\"twitter:site\" content=\"@smusikzeitung\" \/>\n<meta name=\"twitter:label1\" content=\"Written by\" \/>\n\t<meta name=\"twitter:data1\" content=\"Laurent Mettraux\" \/>\n\t<meta name=\"twitter:label2\" content=\"Est. reading time\" \/>\n\t<meta name=\"twitter:data2\" content=\"5 minutes\" \/>\n<script type=\"application\/ld+json\" class=\"yoast-schema-graph\">{\"@context\":\"https:\\\/\\\/schema.org\",\"@graph\":[{\"@type\":\"Article\",\"@id\":\"https:\\\/\\\/www.revuemusicale.ch\\\/basis\\\/usdam\\\/2024\\\/03\\\/lorchestre-de-la-suisse-romande-et-son-chef-titulaire-jonathan-nott-lors-de-laction-de-solidarite-keep-northern-ballet-live#article\",\"isPartOf\":{\"@id\":\"https:\\\/\\\/www.revuemusicale.ch\\\/basis\\\/usdam\\\/2024\\\/03\\\/lorchestre-de-la-suisse-romande-et-son-chef-titulaire-jonathan-nott-lors-de-laction-de-solidarite-keep-northern-ballet-live\"},\"author\":{\"name\":\"Laurent Mettraux\",\"@id\":\"https:\\\/\\\/www.revuemusicale.ch\\\/#\\\/schema\\\/person\\\/fb6400330a942eecc4b494064fce59be\"},\"headline\":\"\u00ab Vandalisme culturel \u00bb\",\"datePublished\":\"2024-03-09T20:39:05+00:00\",\"mainEntityOfPage\":{\"@id\":\"https:\\\/\\\/www.revuemusicale.ch\\\/basis\\\/usdam\\\/2024\\\/03\\\/lorchestre-de-la-suisse-romande-et-son-chef-titulaire-jonathan-nott-lors-de-laction-de-solidarite-keep-northern-ballet-live\"},\"wordCount\":972,\"publisher\":{\"@id\":\"https:\\\/\\\/www.revuemusicale.ch\\\/#organization\"},\"image\":{\"@id\":\"https:\\\/\\\/www.revuemusicale.ch\\\/basis\\\/usdam\\\/2024\\\/03\\\/lorchestre-de-la-suisse-romande-et-son-chef-titulaire-jonathan-nott-lors-de-laction-de-solidarite-keep-northern-ballet-live#primaryimage\"},\"thumbnailUrl\":\"https:\\\/\\\/www.revuemusicale.ch\\\/wp-content\\\/uploads\\\/2024\\\/03\\\/1b-Keep-Northern-Ballet-Live-OSR-Marc-Sapin.png\",\"articleSection\":[\"USDAM\"],\"inLanguage\":\"en-US\"},{\"@type\":\"WebPage\",\"@id\":\"https:\\\/\\\/www.revuemusicale.ch\\\/basis\\\/usdam\\\/2024\\\/03\\\/lorchestre-de-la-suisse-romande-et-son-chef-titulaire-jonathan-nott-lors-de-laction-de-solidarite-keep-northern-ballet-live\",\"url\":\"https:\\\/\\\/www.revuemusicale.ch\\\/basis\\\/usdam\\\/2024\\\/03\\\/lorchestre-de-la-suisse-romande-et-son-chef-titulaire-jonathan-nott-lors-de-laction-de-solidarite-keep-northern-ballet-live\",\"name\":\"\u00ab Vandalisme culturel \u00bb - Revue Musicale Suisse\",\"isPartOf\":{\"@id\":\"https:\\\/\\\/www.revuemusicale.ch\\\/#website\"},\"primaryImageOfPage\":{\"@id\":\"https:\\\/\\\/www.revuemusicale.ch\\\/basis\\\/usdam\\\/2024\\\/03\\\/lorchestre-de-la-suisse-romande-et-son-chef-titulaire-jonathan-nott-lors-de-laction-de-solidarite-keep-northern-ballet-live#primaryimage\"},\"image\":{\"@id\":\"https:\\\/\\\/www.revuemusicale.ch\\\/basis\\\/usdam\\\/2024\\\/03\\\/lorchestre-de-la-suisse-romande-et-son-chef-titulaire-jonathan-nott-lors-de-laction-de-solidarite-keep-northern-ballet-live#primaryimage\"},\"thumbnailUrl\":\"https:\\\/\\\/www.revuemusicale.ch\\\/wp-content\\\/uploads\\\/2024\\\/03\\\/1b-Keep-Northern-Ballet-Live-OSR-Marc-Sapin.png\",\"datePublished\":\"2024-03-09T20:39:05+00:00\",\"breadcrumb\":{\"@id\":\"https:\\\/\\\/www.revuemusicale.ch\\\/basis\\\/usdam\\\/2024\\\/03\\\/lorchestre-de-la-suisse-romande-et-son-chef-titulaire-jonathan-nott-lors-de-laction-de-solidarite-keep-northern-ballet-live#breadcrumb\"},\"inLanguage\":\"en-US\",\"potentialAction\":[{\"@type\":\"ReadAction\",\"target\":[\"https:\\\/\\\/www.revuemusicale.ch\\\/basis\\\/usdam\\\/2024\\\/03\\\/lorchestre-de-la-suisse-romande-et-son-chef-titulaire-jonathan-nott-lors-de-laction-de-solidarite-keep-northern-ballet-live\"]}]},{\"@type\":\"ImageObject\",\"inLanguage\":\"en-US\",\"@id\":\"https:\\\/\\\/www.revuemusicale.ch\\\/basis\\\/usdam\\\/2024\\\/03\\\/lorchestre-de-la-suisse-romande-et-son-chef-titulaire-jonathan-nott-lors-de-laction-de-solidarite-keep-northern-ballet-live#primaryimage\",\"url\":\"https:\\\/\\\/www.revuemusicale.ch\\\/wp-content\\\/uploads\\\/2024\\\/03\\\/1b-Keep-Northern-Ballet-Live-OSR-Marc-Sapin.png\",\"contentUrl\":\"https:\\\/\\\/www.revuemusicale.ch\\\/wp-content\\\/uploads\\\/2024\\\/03\\\/1b-Keep-Northern-Ballet-Live-OSR-Marc-Sapin.png\",\"width\":1400,\"height\":647,\"caption\":\"L\u2019Orchestre de la Suisse Romande et son chef titulaire Jonathan Nott lors de l\u2019action de solidarit\u00e9 \u00ab Keep Northern Ballet Live \u00bb - Photo : Marc Sapin\"},{\"@type\":\"BreadcrumbList\",\"@id\":\"https:\\\/\\\/www.revuemusicale.ch\\\/basis\\\/usdam\\\/2024\\\/03\\\/lorchestre-de-la-suisse-romande-et-son-chef-titulaire-jonathan-nott-lors-de-laction-de-solidarite-keep-northern-ballet-live#breadcrumb\",\"itemListElement\":[{\"@type\":\"ListItem\",\"position\":1,\"name\":\"Home\",\"item\":\"https:\\\/\\\/www.revuemusicale.ch\\\/\"},{\"@type\":\"ListItem\",\"position\":2,\"name\":\"\u00ab Vandalisme culturel \u00bb\"}]},{\"@type\":\"WebSite\",\"@id\":\"https:\\\/\\\/www.revuemusicale.ch\\\/#website\",\"url\":\"https:\\\/\\\/www.revuemusicale.ch\\\/\",\"name\":\"Revue Musicale Suisse\",\"description\":\"\",\"publisher\":{\"@id\":\"https:\\\/\\\/www.revuemusicale.ch\\\/#organization\"},\"potentialAction\":[{\"@type\":\"SearchAction\",\"target\":{\"@type\":\"EntryPoint\",\"urlTemplate\":\"https:\\\/\\\/www.revuemusicale.ch\\\/?s={search_term_string}\"},\"query-input\":{\"@type\":\"PropertyValueSpecification\",\"valueRequired\":true,\"valueName\":\"search_term_string\"}}],\"inLanguage\":\"en-US\"},{\"@type\":\"Organization\",\"@id\":\"https:\\\/\\\/www.revuemusicale.ch\\\/#organization\",\"name\":\"Revue Musicale Suisse\",\"url\":\"https:\\\/\\\/www.revuemusicale.ch\\\/\",\"logo\":{\"@type\":\"ImageObject\",\"inLanguage\":\"en-US\",\"@id\":\"https:\\\/\\\/www.revuemusicale.ch\\\/#\\\/schema\\\/logo\\\/image\\\/\",\"url\":\"https:\\\/\\\/www.revuemusicale.ch\\\/wp-content\\\/uploads\\\/2023\\\/01\\\/logo_revuemusicale_musikzeitung.jpg\",\"contentUrl\":\"https:\\\/\\\/www.revuemusicale.ch\\\/wp-content\\\/uploads\\\/2023\\\/01\\\/logo_revuemusicale_musikzeitung.jpg\",\"width\":1200,\"height\":243,\"caption\":\"Revue Musicale Suisse\"},\"image\":{\"@id\":\"https:\\\/\\\/www.revuemusicale.ch\\\/#\\\/schema\\\/logo\\\/image\\\/\"},\"sameAs\":[\"https:\\\/\\\/www.facebook.com\\\/SchweizerMusikzeitung\\\/\",\"https:\\\/\\\/x.com\\\/smusikzeitung\",\"https:\\\/\\\/www.instagram.com\\\/musikzeitung.ch\\\/?hl=de\"]},{\"@type\":\"Person\",\"@id\":\"https:\\\/\\\/www.revuemusicale.ch\\\/#\\\/schema\\\/person\\\/fb6400330a942eecc4b494064fce59be\",\"name\":\"Laurent Mettraux\",\"image\":{\"@type\":\"ImageObject\",\"inLanguage\":\"en-US\",\"@id\":\"https:\\\/\\\/secure.gravatar.com\\\/avatar\\\/0ff4c55a3beaca23cf8ac030f6a4d207c5c42f40aa03f3accbc97af09da0d956?s=96&d=mm&r=g\",\"url\":\"https:\\\/\\\/secure.gravatar.com\\\/avatar\\\/0ff4c55a3beaca23cf8ac030f6a4d207c5c42f40aa03f3accbc97af09da0d956?s=96&d=mm&r=g\",\"contentUrl\":\"https:\\\/\\\/secure.gravatar.com\\\/avatar\\\/0ff4c55a3beaca23cf8ac030f6a4d207c5c42f40aa03f3accbc97af09da0d956?s=96&d=mm&r=g\",\"caption\":\"Laurent Mettraux\"},\"url\":\"https:\\\/\\\/www.revuemusicale.ch\\\/en\\\/author\\\/laurent-mettraux\"}]}<\/script>\n<!-- \/ Yoast SEO plugin. -->","yoast_head_json":{"title":"\u00ab Vandalisme culturel \u00bb - Revue Musicale Suisse","robots":{"index":"index","follow":"follow","max-snippet":"max-snippet:-1","max-image-preview":"max-image-preview:large","max-video-preview":"max-video-preview:-1"},"canonical":"https:\/\/www.revuemusicale.ch\/en\/basis\/usdam\/2024\/03\/lorchestre-de-la-suisse-romande-et-son-chef-titulaire-jonathan-nott-lors-de-laction-de-solidarite-keep-northern-ballet-live\/","og_locale":"en_US","og_type":"article","og_title":"\u00ab Vandalisme culturel \u00bb - Revue Musicale Suisse","og_description":"Etabli dans la ville de Leeds, au Nord de l\u2019Angleterre, le Northern Ballet a choqu\u00e9 en communicant que, par manque de moyens financiers, il utiliserait dor\u00e9navant de la musique enregistr\u00e9e lors de ses tourn\u00e9es.","og_url":"https:\/\/www.revuemusicale.ch\/en\/basis\/usdam\/2024\/03\/lorchestre-de-la-suisse-romande-et-son-chef-titulaire-jonathan-nott-lors-de-laction-de-solidarite-keep-northern-ballet-live\/","og_site_name":"Revue Musicale Suisse","article_publisher":"https:\/\/www.facebook.com\/SchweizerMusikzeitung\/","article_published_time":"2024-03-09T20:39:05+00:00","og_image":[{"width":1024,"height":473,"url":"https:\/\/www.revuemusicale.ch\/wp-content\/uploads\/2024\/03\/1b-Keep-Northern-Ballet-Live-OSR-Marc-Sapin-1024x473.png","type":"image\/png"}],"author":"Laurent Mettraux","twitter_card":"summary_large_image","twitter_creator":"@smusikzeitung","twitter_site":"@smusikzeitung","twitter_misc":{"Written by":"Laurent Mettraux","Est. reading time":"5 minutes"},"schema":{"@context":"https:\/\/schema.org","@graph":[{"@type":"Article","@id":"https:\/\/www.revuemusicale.ch\/basis\/usdam\/2024\/03\/lorchestre-de-la-suisse-romande-et-son-chef-titulaire-jonathan-nott-lors-de-laction-de-solidarite-keep-northern-ballet-live#article","isPartOf":{"@id":"https:\/\/www.revuemusicale.ch\/basis\/usdam\/2024\/03\/lorchestre-de-la-suisse-romande-et-son-chef-titulaire-jonathan-nott-lors-de-laction-de-solidarite-keep-northern-ballet-live"},"author":{"name":"Laurent Mettraux","@id":"https:\/\/www.revuemusicale.ch\/#\/schema\/person\/fb6400330a942eecc4b494064fce59be"},"headline":"\u00ab Vandalisme culturel \u00bb","datePublished":"2024-03-09T20:39:05+00:00","mainEntityOfPage":{"@id":"https:\/\/www.revuemusicale.ch\/basis\/usdam\/2024\/03\/lorchestre-de-la-suisse-romande-et-son-chef-titulaire-jonathan-nott-lors-de-laction-de-solidarite-keep-northern-ballet-live"},"wordCount":972,"publisher":{"@id":"https:\/\/www.revuemusicale.ch\/#organization"},"image":{"@id":"https:\/\/www.revuemusicale.ch\/basis\/usdam\/2024\/03\/lorchestre-de-la-suisse-romande-et-son-chef-titulaire-jonathan-nott-lors-de-laction-de-solidarite-keep-northern-ballet-live#primaryimage"},"thumbnailUrl":"https:\/\/www.revuemusicale.ch\/wp-content\/uploads\/2024\/03\/1b-Keep-Northern-Ballet-Live-OSR-Marc-Sapin.png","articleSection":["USDAM"],"inLanguage":"en-US"},{"@type":"WebPage","@id":"https:\/\/www.revuemusicale.ch\/basis\/usdam\/2024\/03\/lorchestre-de-la-suisse-romande-et-son-chef-titulaire-jonathan-nott-lors-de-laction-de-solidarite-keep-northern-ballet-live","url":"https:\/\/www.revuemusicale.ch\/basis\/usdam\/2024\/03\/lorchestre-de-la-suisse-romande-et-son-chef-titulaire-jonathan-nott-lors-de-laction-de-solidarite-keep-northern-ballet-live","name":"\u00ab Vandalisme culturel \u00bb - Revue Musicale Suisse","isPartOf":{"@id":"https:\/\/www.revuemusicale.ch\/#website"},"primaryImageOfPage":{"@id":"https:\/\/www.revuemusicale.ch\/basis\/usdam\/2024\/03\/lorchestre-de-la-suisse-romande-et-son-chef-titulaire-jonathan-nott-lors-de-laction-de-solidarite-keep-northern-ballet-live#primaryimage"},"image":{"@id":"https:\/\/www.revuemusicale.ch\/basis\/usdam\/2024\/03\/lorchestre-de-la-suisse-romande-et-son-chef-titulaire-jonathan-nott-lors-de-laction-de-solidarite-keep-northern-ballet-live#primaryimage"},"thumbnailUrl":"https:\/\/www.revuemusicale.ch\/wp-content\/uploads\/2024\/03\/1b-Keep-Northern-Ballet-Live-OSR-Marc-Sapin.png","datePublished":"2024-03-09T20:39:05+00:00","breadcrumb":{"@id":"https:\/\/www.revuemusicale.ch\/basis\/usdam\/2024\/03\/lorchestre-de-la-suisse-romande-et-son-chef-titulaire-jonathan-nott-lors-de-laction-de-solidarite-keep-northern-ballet-live#breadcrumb"},"inLanguage":"en-US","potentialAction":[{"@type":"ReadAction","target":["https:\/\/www.revuemusicale.ch\/basis\/usdam\/2024\/03\/lorchestre-de-la-suisse-romande-et-son-chef-titulaire-jonathan-nott-lors-de-laction-de-solidarite-keep-northern-ballet-live"]}]},{"@type":"ImageObject","inLanguage":"en-US","@id":"https:\/\/www.revuemusicale.ch\/basis\/usdam\/2024\/03\/lorchestre-de-la-suisse-romande-et-son-chef-titulaire-jonathan-nott-lors-de-laction-de-solidarite-keep-northern-ballet-live#primaryimage","url":"https:\/\/www.revuemusicale.ch\/wp-content\/uploads\/2024\/03\/1b-Keep-Northern-Ballet-Live-OSR-Marc-Sapin.png","contentUrl":"https:\/\/www.revuemusicale.ch\/wp-content\/uploads\/2024\/03\/1b-Keep-Northern-Ballet-Live-OSR-Marc-Sapin.png","width":1400,"height":647,"caption":"L\u2019Orchestre de la Suisse Romande et son chef titulaire Jonathan Nott lors de l\u2019action de solidarit\u00e9 \u00ab Keep Northern Ballet Live \u00bb - Photo : Marc Sapin"},{"@type":"BreadcrumbList","@id":"https:\/\/www.revuemusicale.ch\/basis\/usdam\/2024\/03\/lorchestre-de-la-suisse-romande-et-son-chef-titulaire-jonathan-nott-lors-de-laction-de-solidarite-keep-northern-ballet-live#breadcrumb","itemListElement":[{"@type":"ListItem","position":1,"name":"Home","item":"https:\/\/www.revuemusicale.ch\/"},{"@type":"ListItem","position":2,"name":"\u00ab Vandalisme culturel \u00bb"}]},{"@type":"WebSite","@id":"https:\/\/www.revuemusicale.ch\/#website","url":"https:\/\/www.revuemusicale.ch\/","name":"Swiss Music Review","description":"","publisher":{"@id":"https:\/\/www.revuemusicale.ch\/#organization"},"potentialAction":[{"@type":"SearchAction","target":{"@type":"EntryPoint","urlTemplate":"https:\/\/www.revuemusicale.ch\/?s={search_term_string}"},"query-input":{"@type":"PropertyValueSpecification","valueRequired":true,"valueName":"search_term_string"}}],"inLanguage":"en-US"},{"@type":"Organization","@id":"https:\/\/www.revuemusicale.ch\/#organization","name":"Swiss Music Review","url":"https:\/\/www.revuemusicale.ch\/","logo":{"@type":"ImageObject","inLanguage":"en-US","@id":"https:\/\/www.revuemusicale.ch\/#\/schema\/logo\/image\/","url":"https:\/\/www.revuemusicale.ch\/wp-content\/uploads\/2023\/01\/logo_revuemusicale_musikzeitung.jpg","contentUrl":"https:\/\/www.revuemusicale.ch\/wp-content\/uploads\/2023\/01\/logo_revuemusicale_musikzeitung.jpg","width":1200,"height":243,"caption":"Revue Musicale Suisse"},"image":{"@id":"https:\/\/www.revuemusicale.ch\/#\/schema\/logo\/image\/"},"sameAs":["https:\/\/www.facebook.com\/SchweizerMusikzeitung\/","https:\/\/x.com\/smusikzeitung","https:\/\/www.instagram.com\/musikzeitung.ch\/?hl=de"]},{"@type":"Person","@id":"https:\/\/www.revuemusicale.ch\/#\/schema\/person\/fb6400330a942eecc4b494064fce59be","name":"Laurent Mettraux","image":{"@type":"ImageObject","inLanguage":"en-US","@id":"https:\/\/secure.gravatar.com\/avatar\/0ff4c55a3beaca23cf8ac030f6a4d207c5c42f40aa03f3accbc97af09da0d956?s=96&d=mm&r=g","url":"https:\/\/secure.gravatar.com\/avatar\/0ff4c55a3beaca23cf8ac030f6a4d207c5c42f40aa03f3accbc97af09da0d956?s=96&d=mm&r=g","contentUrl":"https:\/\/secure.gravatar.com\/avatar\/0ff4c55a3beaca23cf8ac030f6a4d207c5c42f40aa03f3accbc97af09da0d956?s=96&d=mm&r=g","caption":"Laurent Mettraux"},"url":"https:\/\/www.revuemusicale.ch\/en\/author\/laurent-mettraux"}]}},"publishpress_future_action":{"enabled":false,"date":"1970-01-01 01:00:00","action":"change-status","newStatus":"draft","terms":[],"taxonomy":"category","extraData":[]},"publishpress_future_workflow_manual_trigger":{"enabledWorkflows":[]},"_links":{"self":[{"href":"https:\/\/www.revuemusicale.ch\/en\/wp-json\/wp\/v2\/posts\/30154","targetHints":{"allow":["GET"]}}],"collection":[{"href":"https:\/\/www.revuemusicale.ch\/en\/wp-json\/wp\/v2\/posts"}],"about":[{"href":"https:\/\/www.revuemusicale.ch\/en\/wp-json\/wp\/v2\/types\/post"}],"author":[{"embeddable":true,"href":"https:\/\/www.revuemusicale.ch\/en\/wp-json\/wp\/v2\/users\/21897"}],"replies":[{"embeddable":true,"href":"https:\/\/www.revuemusicale.ch\/en\/wp-json\/wp\/v2\/comments?post=30154"}],"version-history":[{"count":1,"href":"https:\/\/www.revuemusicale.ch\/en\/wp-json\/wp\/v2\/posts\/30154\/revisions"}],"predecessor-version":[{"id":30156,"href":"https:\/\/www.revuemusicale.ch\/en\/wp-json\/wp\/v2\/posts\/30154\/revisions\/30156"}],"wp:featuredmedia":[{"embeddable":true,"href":"https:\/\/www.revuemusicale.ch\/en\/wp-json\/wp\/v2\/media\/30155"}],"wp:attachment":[{"href":"https:\/\/www.revuemusicale.ch\/en\/wp-json\/wp\/v2\/media?parent=30154"}],"wp:term":[{"taxonomy":"category","embeddable":true,"href":"https:\/\/www.revuemusicale.ch\/en\/wp-json\/wp\/v2\/categories?post=30154"},{"taxonomy":"post_tag","embeddable":true,"href":"https:\/\/www.revuemusicale.ch\/en\/wp-json\/wp\/v2\/tags?post=30154"}],"curies":[{"name":"wp","href":"https:\/\/api.w.org\/{rel}","templated":true}]}}