{"id":30167,"date":"2024-03-27T07:00:31","date_gmt":"2024-03-27T06:00:31","guid":{"rendered":"https:\/\/www.revuemusicale.ch\/?p=30167"},"modified":"2024-03-27T10:23:08","modified_gmt":"2024-03-27T09:23:08","slug":"un-concours-pour-les-ecoles-de-musique-innovantes","status":"publish","type":"post","link":"https:\/\/www.revuemusicale.ch\/en\/basis\/asem\/2024\/03\/un-concours-pour-les-ecoles-de-musique-innovantes","title":{"rendered":"A competition for innovative music schools"},"content":{"rendered":"<p class=\"p1\"><img loading=\"lazy\" decoding=\"async\" class=\"alignnone size-full wp-image-30168\" src=\"https:\/\/www.revuemusicale.ch\/wp-content\/uploads\/2024\/03\/Instrumentenparcours-furs-Smartphone.png\" alt=\"\" width=\"2780\" height=\"1498\" srcset=\"https:\/\/www.revuemusicale.ch\/wp-content\/uploads\/2024\/03\/Instrumentenparcours-furs-Smartphone.png 1400w, https:\/\/www.revuemusicale.ch\/wp-content\/uploads\/2024\/03\/Instrumentenparcours-furs-Smartphone-300x162.png 300w, https:\/\/www.revuemusicale.ch\/wp-content\/uploads\/2024\/03\/Instrumentenparcours-furs-Smartphone-1024x552.png 1024w, https:\/\/www.revuemusicale.ch\/wp-content\/uploads\/2024\/03\/Instrumentenparcours-furs-Smartphone-768x414.png 768w, https:\/\/www.revuemusicale.ch\/wp-content\/uploads\/2024\/03\/Instrumentenparcours-furs-Smartphone-1536x828.png 1536w, https:\/\/www.revuemusicale.ch\/wp-content\/uploads\/2024\/03\/Instrumentenparcours-furs-Smartphone-2048x1104.png 2048w, https:\/\/www.revuemusicale.ch\/wp-content\/uploads\/2024\/03\/Instrumentenparcours-furs-Smartphone-325x175.png 325w, https:\/\/www.revuemusicale.ch\/wp-content\/uploads\/2024\/03\/Instrumentenparcours-furs-Smartphone-650x350.png 650w, https:\/\/www.revuemusicale.ch\/wp-content\/uploads\/2024\/03\/Instrumentenparcours-furs-Smartphone-1485x800.png 1485w, https:\/\/www.revuemusicale.ch\/wp-content\/uploads\/2024\/03\/Instrumentenparcours-furs-Smartphone-920x496.png 920w\" sizes=\"auto, (max-width: 2780px) 100vw, 2780px\" \/><\/p>\n<p><em>Oberer Sempachersee music school application<\/em><\/p>\n<p>&nbsp;<\/p>\n<p class=\"p1\">For the fifth time already, ASEM is launching a competition for music school projects. Several finalists will have the opportunity to present their projects to a large audience at the next Music Education Forum in January 2025. The total prize money is several thousand Swiss francs. Since the introduction of the competition, 36 finalists have already given an insight into the committed and creative work of Swiss music schools. The seven projects below, which have won first prize so far, give an idea of this work.<\/p>\n<p class=\"p1\"><b>Instrumentenparcours f\u00fcrs Smartphone (2022)<\/b><\/p>\n<p class=\"p1\">Every year, many music schools organize an instrument discovery day on their premises. This gives future students the opportunity to see and test instruments, so they can choose the one that will perhaps become their instrument of choice. The application developed by the Oberer Sempachersee music school is the perfect complement to these instrument discovery days. It can be adapted on a modular basis to the needs of each music school.<\/p>\n<p class=\"p1\"><b>Computer Music Department (2019)<\/b><\/p>\n<p class=\"p1\">Since 2018, the Ecole de Jazz et de Musique Actuelle de Lausanne has been offering a computer-assisted music course. Structured on five levels and made up of individual and group lessons, it is aimed at students from the age of eight.<\/p>\n<p class=\"p1\"><b>imPro - Lehrmittel f\u00fcr Improvisation (2019)<\/b><\/p>\n<p class=\"p1\">Improvisation can be learned - preferably in a fun way. The Swiss Jazz School's application offers various music schools simple access to improvisation, which can be used both as a teaching aid in instrumental classes and as an aid for exercises at home.<\/p>\n<p class=\"p1\"><b>Kleine Monster, Grosse T\u00f6ne (2017)<\/b><\/p>\n<p class=\"p1\">The K'Werk Bildschule and the Basel School of Music are collaborating on one or two image and sound workshops a year. The workshops are aimed at children and young people aged 6 to 16.<\/p>\n<p class=\"p1\"><b>CAMI: Classes with integrated music learning\u0301 (2015)<\/b><\/p>\n<p class=\"p1\">Every week, for 90 minutes, students from 4<span class=\"s1\"><sup>e<\/sup><\/span> at 8<span class=\"s1\"><sup>e<\/sup><\/span> primary year learn seven different instruments in small groups. The offer was launched in 2014 by Geneva's Conservatoire populaire de musique, danse et th\u00e9\u00e2tre.<\/p>\n<p class=\"p1\"><b>A journey through Biel's music school for elementary school classes (2015)<\/b><\/p>\n<p class=\"p1\">Elementary school classes from neighborhoods where the music school's offerings are little-known visit the music school for a morning. The project has increased the number of registrations from these neighborhoods.<\/p>\n<p class=\"p1\"><b>Jeki Bern - jedem Kind ein Instrument (2015)<\/b><\/p>\n<p class=\"p1\">The Berne Conservatory project offers a comprehensive introduction to the world of music that is accessible to all, regardless of social background or economic status. It is carried out in close collaboration with compulsory schools in school districts with problematic social indicators, and consists of groups for singing, instrumental teaching and ensemble playing.<\/p>\n<p><iframe loading=\"lazy\" src=\"\/\/www.youtube.com\/embed\/1mfa-n05hrA \" width=\"560\" height=\"314\" allowfullscreen=\"allowfullscreen\"><\/iframe><\/p>\n<p class=\"p1\"><i>Has your music school also launched a project in the fields of cooperation, integration and inclusion, new forms of teaching\/digitization and\/or expansion to new target audiences?<span class=\"Apple-converted-space\">\u00a0 <\/span>In this case, <a href=\"https:\/\/www.verband-musikschulen.ch\/fr\/musikschule\/weiterbildung\/wettbewerbgoodpractices\">simply announce it<\/a> using the online form or by pdf until April 30, 2024.<\/i><\/p>","protected":false},"excerpt":{"rendered":"<p>For some time now, music schools have not been confining themselves to individual instruction, but have also been developing innovative projects. Their directors and teaching staff are creating structures for new target audiences, improving equality of opportunity and embracing the digital age. Every two years, ASEM rewards such projects in a best practice competition.<\/p>","protected":false},"author":21891,"featured_media":30168,"comment_status":"closed","ping_status":"closed","sticky":false,"template":"","format":"standard","meta":{"_acf_changed":false,"_relevanssi_hide_post":"","_relevanssi_hide_content":"","_relevanssi_pin_for_all":"","_relevanssi_pin_keywords":"","_relevanssi_unpin_keywords":"","_relevanssi_related_keywords":"","_relevanssi_related_include_ids":"","_relevanssi_related_exclude_ids":"","_relevanssi_related_no_append":"","_relevanssi_related_not_related":"","_relevanssi_related_posts":"","_relevanssi_noindex_reason":"","pgc_sgb_lightbox_settings":"","footnotes":""},"categories":[56],"tags":[],"class_list":["post-30167","post","type-post","status-publish","format-standard","has-post-thumbnail","hentry","category-asem"],"acf":[],"yoast_head":"<!-- This site is optimized with the Yoast SEO plugin v27.3 - https:\/\/yoast.com\/product\/yoast-seo-wordpress\/ -->\n<title>Un concours pour les \u00e9coles de musique innovantes - Revue Musicale Suisse<\/title>\n<meta name=\"robots\" content=\"index, follow, max-snippet:-1, max-image-preview:large, max-video-preview:-1\" \/>\n<link rel=\"canonical\" href=\"https:\/\/www.revuemusicale.ch\/en\/basis\/asem\/2024\/03\/un-concours-pour-les-ecoles-de-musique-innovantes\/\" \/>\n<meta property=\"og:locale\" content=\"en_US\" \/>\n<meta property=\"og:type\" content=\"article\" \/>\n<meta property=\"og:title\" content=\"Un concours pour les \u00e9coles de musique innovantes - Revue Musicale Suisse\" \/>\n<meta property=\"og:description\" content=\"Depuis longtemps, les \u00e9coles de musique ne se cantonnent plus \u00e0 l\u2019enseignement individuel mais d\u00e9veloppent aussi des projets innovants. Leurs directions et corps enseignant cr\u00e9ent des structures pour de nouveaux publics cibles, am\u00e9liorent l\u2019\u00e9galit\u00e9 des chances et se mettent \u00e0 l\u2019\u00e8re du num\u00e9rique. Tous les deux ans, l\u2019ASEM r\u00e9compense ce type de projets lors d\u2019un concours de bonnes pratiques.\" \/>\n<meta property=\"og:url\" content=\"https:\/\/www.revuemusicale.ch\/en\/basis\/asem\/2024\/03\/un-concours-pour-les-ecoles-de-musique-innovantes\/\" \/>\n<meta property=\"og:site_name\" content=\"Revue Musicale Suisse\" \/>\n<meta property=\"article:publisher\" content=\"https:\/\/www.facebook.com\/SchweizerMusikzeitung\/\" \/>\n<meta property=\"article:published_time\" content=\"2024-03-27T06:00:31+00:00\" \/>\n<meta property=\"article:modified_time\" content=\"2024-03-27T09:23:08+00:00\" \/>\n<meta property=\"og:image\" content=\"https:\/\/www.revuemusicale.ch\/wp-content\/uploads\/2024\/03\/Instrumentenparcours-furs-Smartphone.png\" \/>\n\t<meta property=\"og:image:width\" content=\"1400\" \/>\n\t<meta property=\"og:image:height\" content=\"754\" \/>\n\t<meta property=\"og:image:type\" content=\"image\/png\" \/>\n<meta name=\"author\" content=\"Anicia Kohler\" \/>\n<meta name=\"twitter:card\" content=\"summary_large_image\" \/>\n<meta name=\"twitter:creator\" content=\"@smusikzeitung\" \/>\n<meta name=\"twitter:site\" content=\"@smusikzeitung\" \/>\n<meta name=\"twitter:label1\" content=\"Written by\" \/>\n\t<meta name=\"twitter:data1\" content=\"Anicia Kohler\" \/>\n\t<meta name=\"twitter:label2\" content=\"Est. reading time\" \/>\n\t<meta name=\"twitter:data2\" content=\"3 minutes\" \/>\n<script type=\"application\/ld+json\" class=\"yoast-schema-graph\">{\"@context\":\"https:\\\/\\\/schema.org\",\"@graph\":[{\"@type\":\"Article\",\"@id\":\"https:\\\/\\\/www.revuemusicale.ch\\\/basis\\\/asem\\\/2024\\\/03\\\/un-concours-pour-les-ecoles-de-musique-innovantes#article\",\"isPartOf\":{\"@id\":\"https:\\\/\\\/www.revuemusicale.ch\\\/basis\\\/asem\\\/2024\\\/03\\\/un-concours-pour-les-ecoles-de-musique-innovantes\"},\"author\":{\"name\":\"Anicia Kohler\",\"@id\":\"https:\\\/\\\/www.revuemusicale.ch\\\/#\\\/schema\\\/person\\\/e4ba37136bd24461e8c7874590a4762f\"},\"headline\":\"Un concours pour les \u00e9coles de musique innovantes\",\"datePublished\":\"2024-03-27T06:00:31+00:00\",\"dateModified\":\"2024-03-27T09:23:08+00:00\",\"mainEntityOfPage\":{\"@id\":\"https:\\\/\\\/www.revuemusicale.ch\\\/basis\\\/asem\\\/2024\\\/03\\\/un-concours-pour-les-ecoles-de-musique-innovantes\"},\"wordCount\":598,\"publisher\":{\"@id\":\"https:\\\/\\\/www.revuemusicale.ch\\\/#organization\"},\"image\":{\"@id\":\"https:\\\/\\\/www.revuemusicale.ch\\\/basis\\\/asem\\\/2024\\\/03\\\/un-concours-pour-les-ecoles-de-musique-innovantes#primaryimage\"},\"thumbnailUrl\":\"https:\\\/\\\/www.revuemusicale.ch\\\/wp-content\\\/uploads\\\/2024\\\/03\\\/Instrumentenparcours-furs-Smartphone.png\",\"articleSection\":[\"ASEM\"],\"inLanguage\":\"en-US\"},{\"@type\":\"WebPage\",\"@id\":\"https:\\\/\\\/www.revuemusicale.ch\\\/basis\\\/asem\\\/2024\\\/03\\\/un-concours-pour-les-ecoles-de-musique-innovantes\",\"url\":\"https:\\\/\\\/www.revuemusicale.ch\\\/basis\\\/asem\\\/2024\\\/03\\\/un-concours-pour-les-ecoles-de-musique-innovantes\",\"name\":\"Un concours pour les \u00e9coles de musique innovantes - Revue Musicale Suisse\",\"isPartOf\":{\"@id\":\"https:\\\/\\\/www.revuemusicale.ch\\\/#website\"},\"primaryImageOfPage\":{\"@id\":\"https:\\\/\\\/www.revuemusicale.ch\\\/basis\\\/asem\\\/2024\\\/03\\\/un-concours-pour-les-ecoles-de-musique-innovantes#primaryimage\"},\"image\":{\"@id\":\"https:\\\/\\\/www.revuemusicale.ch\\\/basis\\\/asem\\\/2024\\\/03\\\/un-concours-pour-les-ecoles-de-musique-innovantes#primaryimage\"},\"thumbnailUrl\":\"https:\\\/\\\/www.revuemusicale.ch\\\/wp-content\\\/uploads\\\/2024\\\/03\\\/Instrumentenparcours-furs-Smartphone.png\",\"datePublished\":\"2024-03-27T06:00:31+00:00\",\"dateModified\":\"2024-03-27T09:23:08+00:00\",\"breadcrumb\":{\"@id\":\"https:\\\/\\\/www.revuemusicale.ch\\\/basis\\\/asem\\\/2024\\\/03\\\/un-concours-pour-les-ecoles-de-musique-innovantes#breadcrumb\"},\"inLanguage\":\"en-US\",\"potentialAction\":[{\"@type\":\"ReadAction\",\"target\":[\"https:\\\/\\\/www.revuemusicale.ch\\\/basis\\\/asem\\\/2024\\\/03\\\/un-concours-pour-les-ecoles-de-musique-innovantes\"]}]},{\"@type\":\"ImageObject\",\"inLanguage\":\"en-US\",\"@id\":\"https:\\\/\\\/www.revuemusicale.ch\\\/basis\\\/asem\\\/2024\\\/03\\\/un-concours-pour-les-ecoles-de-musique-innovantes#primaryimage\",\"url\":\"https:\\\/\\\/www.revuemusicale.ch\\\/wp-content\\\/uploads\\\/2024\\\/03\\\/Instrumentenparcours-furs-Smartphone.png\",\"contentUrl\":\"https:\\\/\\\/www.revuemusicale.ch\\\/wp-content\\\/uploads\\\/2024\\\/03\\\/Instrumentenparcours-furs-Smartphone.png\",\"width\":1400,\"height\":754},{\"@type\":\"BreadcrumbList\",\"@id\":\"https:\\\/\\\/www.revuemusicale.ch\\\/basis\\\/asem\\\/2024\\\/03\\\/un-concours-pour-les-ecoles-de-musique-innovantes#breadcrumb\",\"itemListElement\":[{\"@type\":\"ListItem\",\"position\":1,\"name\":\"Home\",\"item\":\"https:\\\/\\\/www.revuemusicale.ch\\\/\"},{\"@type\":\"ListItem\",\"position\":2,\"name\":\"Un concours pour les \u00e9coles de musique innovantes\"}]},{\"@type\":\"WebSite\",\"@id\":\"https:\\\/\\\/www.revuemusicale.ch\\\/#website\",\"url\":\"https:\\\/\\\/www.revuemusicale.ch\\\/\",\"name\":\"Revue Musicale Suisse\",\"description\":\"\",\"publisher\":{\"@id\":\"https:\\\/\\\/www.revuemusicale.ch\\\/#organization\"},\"potentialAction\":[{\"@type\":\"SearchAction\",\"target\":{\"@type\":\"EntryPoint\",\"urlTemplate\":\"https:\\\/\\\/www.revuemusicale.ch\\\/?s={search_term_string}\"},\"query-input\":{\"@type\":\"PropertyValueSpecification\",\"valueRequired\":true,\"valueName\":\"search_term_string\"}}],\"inLanguage\":\"en-US\"},{\"@type\":\"Organization\",\"@id\":\"https:\\\/\\\/www.revuemusicale.ch\\\/#organization\",\"name\":\"Revue Musicale Suisse\",\"url\":\"https:\\\/\\\/www.revuemusicale.ch\\\/\",\"logo\":{\"@type\":\"ImageObject\",\"inLanguage\":\"en-US\",\"@id\":\"https:\\\/\\\/www.revuemusicale.ch\\\/#\\\/schema\\\/logo\\\/image\\\/\",\"url\":\"https:\\\/\\\/www.revuemusicale.ch\\\/wp-content\\\/uploads\\\/2023\\\/01\\\/logo_revuemusicale_musikzeitung.jpg\",\"contentUrl\":\"https:\\\/\\\/www.revuemusicale.ch\\\/wp-content\\\/uploads\\\/2023\\\/01\\\/logo_revuemusicale_musikzeitung.jpg\",\"width\":1200,\"height\":243,\"caption\":\"Revue Musicale Suisse\"},\"image\":{\"@id\":\"https:\\\/\\\/www.revuemusicale.ch\\\/#\\\/schema\\\/logo\\\/image\\\/\"},\"sameAs\":[\"https:\\\/\\\/www.facebook.com\\\/SchweizerMusikzeitung\\\/\",\"https:\\\/\\\/x.com\\\/smusikzeitung\",\"https:\\\/\\\/www.instagram.com\\\/musikzeitung.ch\\\/?hl=de\"]},{\"@type\":\"Person\",\"@id\":\"https:\\\/\\\/www.revuemusicale.ch\\\/#\\\/schema\\\/person\\\/e4ba37136bd24461e8c7874590a4762f\",\"name\":\"Anicia Kohler\",\"image\":{\"@type\":\"ImageObject\",\"inLanguage\":\"en-US\",\"@id\":\"https:\\\/\\\/secure.gravatar.com\\\/avatar\\\/6ea00b417b00b657b92c811768262d33fd76a3d20dcab3e19ff7f2a1eedf1412?s=96&d=mm&r=g\",\"url\":\"https:\\\/\\\/secure.gravatar.com\\\/avatar\\\/6ea00b417b00b657b92c811768262d33fd76a3d20dcab3e19ff7f2a1eedf1412?s=96&d=mm&r=g\",\"contentUrl\":\"https:\\\/\\\/secure.gravatar.com\\\/avatar\\\/6ea00b417b00b657b92c811768262d33fd76a3d20dcab3e19ff7f2a1eedf1412?s=96&d=mm&r=g\",\"caption\":\"Anicia Kohler\"},\"url\":\"https:\\\/\\\/www.revuemusicale.ch\\\/en\\\/author\\\/anicia-kohler\"}]}<\/script>\n<!-- \/ Yoast SEO plugin. -->","yoast_head_json":{"title":"A competition for innovative music schools - Swiss Music Review","robots":{"index":"index","follow":"follow","max-snippet":"max-snippet:-1","max-image-preview":"max-image-preview:large","max-video-preview":"max-video-preview:-1"},"canonical":"https:\/\/www.revuemusicale.ch\/en\/basis\/asem\/2024\/03\/un-concours-pour-les-ecoles-de-musique-innovantes\/","og_locale":"en_US","og_type":"article","og_title":"Un concours pour les \u00e9coles de musique innovantes - Revue Musicale Suisse","og_description":"Depuis longtemps, les \u00e9coles de musique ne se cantonnent plus \u00e0 l\u2019enseignement individuel mais d\u00e9veloppent aussi des projets innovants. Leurs directions et corps enseignant cr\u00e9ent des structures pour de nouveaux publics cibles, am\u00e9liorent l\u2019\u00e9galit\u00e9 des chances et se mettent \u00e0 l\u2019\u00e8re du num\u00e9rique. Tous les deux ans, l\u2019ASEM r\u00e9compense ce type de projets lors d\u2019un concours de bonnes pratiques.","og_url":"https:\/\/www.revuemusicale.ch\/en\/basis\/asem\/2024\/03\/un-concours-pour-les-ecoles-de-musique-innovantes\/","og_site_name":"Revue Musicale Suisse","article_publisher":"https:\/\/www.facebook.com\/SchweizerMusikzeitung\/","article_published_time":"2024-03-27T06:00:31+00:00","article_modified_time":"2024-03-27T09:23:08+00:00","og_image":[{"width":1400,"height":754,"url":"https:\/\/www.revuemusicale.ch\/wp-content\/uploads\/2024\/03\/Instrumentenparcours-furs-Smartphone.png","type":"image\/png"}],"author":"Anicia Kohler","twitter_card":"summary_large_image","twitter_creator":"@smusikzeitung","twitter_site":"@smusikzeitung","twitter_misc":{"Written by":"Anicia Kohler","Est. reading time":"3 minutes"},"schema":{"@context":"https:\/\/schema.org","@graph":[{"@type":"Article","@id":"https:\/\/www.revuemusicale.ch\/basis\/asem\/2024\/03\/un-concours-pour-les-ecoles-de-musique-innovantes#article","isPartOf":{"@id":"https:\/\/www.revuemusicale.ch\/basis\/asem\/2024\/03\/un-concours-pour-les-ecoles-de-musique-innovantes"},"author":{"name":"Anicia Kohler","@id":"https:\/\/www.revuemusicale.ch\/#\/schema\/person\/e4ba37136bd24461e8c7874590a4762f"},"headline":"Un concours pour les \u00e9coles de musique innovantes","datePublished":"2024-03-27T06:00:31+00:00","dateModified":"2024-03-27T09:23:08+00:00","mainEntityOfPage":{"@id":"https:\/\/www.revuemusicale.ch\/basis\/asem\/2024\/03\/un-concours-pour-les-ecoles-de-musique-innovantes"},"wordCount":598,"publisher":{"@id":"https:\/\/www.revuemusicale.ch\/#organization"},"image":{"@id":"https:\/\/www.revuemusicale.ch\/basis\/asem\/2024\/03\/un-concours-pour-les-ecoles-de-musique-innovantes#primaryimage"},"thumbnailUrl":"https:\/\/www.revuemusicale.ch\/wp-content\/uploads\/2024\/03\/Instrumentenparcours-furs-Smartphone.png","articleSection":["ASEM"],"inLanguage":"en-US"},{"@type":"WebPage","@id":"https:\/\/www.revuemusicale.ch\/basis\/asem\/2024\/03\/un-concours-pour-les-ecoles-de-musique-innovantes","url":"https:\/\/www.revuemusicale.ch\/basis\/asem\/2024\/03\/un-concours-pour-les-ecoles-de-musique-innovantes","name":"A competition for innovative music schools - Swiss Music Review","isPartOf":{"@id":"https:\/\/www.revuemusicale.ch\/#website"},"primaryImageOfPage":{"@id":"https:\/\/www.revuemusicale.ch\/basis\/asem\/2024\/03\/un-concours-pour-les-ecoles-de-musique-innovantes#primaryimage"},"image":{"@id":"https:\/\/www.revuemusicale.ch\/basis\/asem\/2024\/03\/un-concours-pour-les-ecoles-de-musique-innovantes#primaryimage"},"thumbnailUrl":"https:\/\/www.revuemusicale.ch\/wp-content\/uploads\/2024\/03\/Instrumentenparcours-furs-Smartphone.png","datePublished":"2024-03-27T06:00:31+00:00","dateModified":"2024-03-27T09:23:08+00:00","breadcrumb":{"@id":"https:\/\/www.revuemusicale.ch\/basis\/asem\/2024\/03\/un-concours-pour-les-ecoles-de-musique-innovantes#breadcrumb"},"inLanguage":"en-US","potentialAction":[{"@type":"ReadAction","target":["https:\/\/www.revuemusicale.ch\/basis\/asem\/2024\/03\/un-concours-pour-les-ecoles-de-musique-innovantes"]}]},{"@type":"ImageObject","inLanguage":"en-US","@id":"https:\/\/www.revuemusicale.ch\/basis\/asem\/2024\/03\/un-concours-pour-les-ecoles-de-musique-innovantes#primaryimage","url":"https:\/\/www.revuemusicale.ch\/wp-content\/uploads\/2024\/03\/Instrumentenparcours-furs-Smartphone.png","contentUrl":"https:\/\/www.revuemusicale.ch\/wp-content\/uploads\/2024\/03\/Instrumentenparcours-furs-Smartphone.png","width":1400,"height":754},{"@type":"BreadcrumbList","@id":"https:\/\/www.revuemusicale.ch\/basis\/asem\/2024\/03\/un-concours-pour-les-ecoles-de-musique-innovantes#breadcrumb","itemListElement":[{"@type":"ListItem","position":1,"name":"Home","item":"https:\/\/www.revuemusicale.ch\/"},{"@type":"ListItem","position":2,"name":"Un concours pour les \u00e9coles de musique innovantes"}]},{"@type":"WebSite","@id":"https:\/\/www.revuemusicale.ch\/#website","url":"https:\/\/www.revuemusicale.ch\/","name":"Swiss Music Review","description":"","publisher":{"@id":"https:\/\/www.revuemusicale.ch\/#organization"},"potentialAction":[{"@type":"SearchAction","target":{"@type":"EntryPoint","urlTemplate":"https:\/\/www.revuemusicale.ch\/?s={search_term_string}"},"query-input":{"@type":"PropertyValueSpecification","valueRequired":true,"valueName":"search_term_string"}}],"inLanguage":"en-US"},{"@type":"Organization","@id":"https:\/\/www.revuemusicale.ch\/#organization","name":"Swiss Music Review","url":"https:\/\/www.revuemusicale.ch\/","logo":{"@type":"ImageObject","inLanguage":"en-US","@id":"https:\/\/www.revuemusicale.ch\/#\/schema\/logo\/image\/","url":"https:\/\/www.revuemusicale.ch\/wp-content\/uploads\/2023\/01\/logo_revuemusicale_musikzeitung.jpg","contentUrl":"https:\/\/www.revuemusicale.ch\/wp-content\/uploads\/2023\/01\/logo_revuemusicale_musikzeitung.jpg","width":1200,"height":243,"caption":"Revue Musicale Suisse"},"image":{"@id":"https:\/\/www.revuemusicale.ch\/#\/schema\/logo\/image\/"},"sameAs":["https:\/\/www.facebook.com\/SchweizerMusikzeitung\/","https:\/\/x.com\/smusikzeitung","https:\/\/www.instagram.com\/musikzeitung.ch\/?hl=de"]},{"@type":"Person","@id":"https:\/\/www.revuemusicale.ch\/#\/schema\/person\/e4ba37136bd24461e8c7874590a4762f","name":"Anicia Kohler","image":{"@type":"ImageObject","inLanguage":"en-US","@id":"https:\/\/secure.gravatar.com\/avatar\/6ea00b417b00b657b92c811768262d33fd76a3d20dcab3e19ff7f2a1eedf1412?s=96&d=mm&r=g","url":"https:\/\/secure.gravatar.com\/avatar\/6ea00b417b00b657b92c811768262d33fd76a3d20dcab3e19ff7f2a1eedf1412?s=96&d=mm&r=g","contentUrl":"https:\/\/secure.gravatar.com\/avatar\/6ea00b417b00b657b92c811768262d33fd76a3d20dcab3e19ff7f2a1eedf1412?s=96&d=mm&r=g","caption":"Anicia Kohler"},"url":"https:\/\/www.revuemusicale.ch\/en\/author\/anicia-kohler"}]}},"publishpress_future_action":{"enabled":false,"date":"1970-01-01 01:00:00","action":"change-status","newStatus":"draft","terms":[],"taxonomy":"category","extraData":[]},"publishpress_future_workflow_manual_trigger":{"enabledWorkflows":[]},"_links":{"self":[{"href":"https:\/\/www.revuemusicale.ch\/en\/wp-json\/wp\/v2\/posts\/30167","targetHints":{"allow":["GET"]}}],"collection":[{"href":"https:\/\/www.revuemusicale.ch\/en\/wp-json\/wp\/v2\/posts"}],"about":[{"href":"https:\/\/www.revuemusicale.ch\/en\/wp-json\/wp\/v2\/types\/post"}],"author":[{"embeddable":true,"href":"https:\/\/www.revuemusicale.ch\/en\/wp-json\/wp\/v2\/users\/21891"}],"replies":[{"embeddable":true,"href":"https:\/\/www.revuemusicale.ch\/en\/wp-json\/wp\/v2\/comments?post=30167"}],"version-history":[{"count":2,"href":"https:\/\/www.revuemusicale.ch\/en\/wp-json\/wp\/v2\/posts\/30167\/revisions"}],"predecessor-version":[{"id":30170,"href":"https:\/\/www.revuemusicale.ch\/en\/wp-json\/wp\/v2\/posts\/30167\/revisions\/30170"}],"wp:featuredmedia":[{"embeddable":true,"href":"https:\/\/www.revuemusicale.ch\/en\/wp-json\/wp\/v2\/media\/30168"}],"wp:attachment":[{"href":"https:\/\/www.revuemusicale.ch\/en\/wp-json\/wp\/v2\/media?parent=30167"}],"wp:term":[{"taxonomy":"category","embeddable":true,"href":"https:\/\/www.revuemusicale.ch\/en\/wp-json\/wp\/v2\/categories?post=30167"},{"taxonomy":"post_tag","embeddable":true,"href":"https:\/\/www.revuemusicale.ch\/en\/wp-json\/wp\/v2\/tags?post=30167"}],"curies":[{"name":"wp","href":"https:\/\/api.w.org\/{rel}","templated":true}]}}