{"id":30322,"date":"2024-05-29T15:17:56","date_gmt":"2024-05-29T13:17:56","guid":{"rendered":"https:\/\/www.revuemusicale.ch\/?p=30322"},"modified":"2024-05-29T15:17:56","modified_gmt":"2024-05-29T13:17:56","slug":"cultures-musicales-et-hautes-ecoles-de-musique-articulations-tensions-et-bonnes-pratiques","status":"publish","type":"post","link":"https:\/\/www.revuemusicale.ch\/en\/basis\/chems\/2024\/05\/cultures-musicales-et-hautes-ecoles-de-musique-articulations-tensions-et-bonnes-pratiques","title":{"rendered":"Musical cultures and music colleges: articulations, tensions and best practices"},"content":{"rendered":"<p class=\"p1\"><span class=\"s1\">Against this backdrop of heightened visibility, it's time to take a closer look at professional music teaching institutions. How do these institutions relate to their own musical heritage - repertoires, practices - and to the heritages of other cultural areas? What best practices can we suggest for dealing with this question of cultures and traditions within our schools?<\/span><\/p>\n<p class=\"p2\"><span class=\"s1\">In the 19th century, music teaching in Europe gradually crystallized into specialized institutions, taking the form of conservatories or academies. These institutions often promoted national culture: the Paris Conservatoire, founded in 1795, aimed to \"train citizens\" and build \"a French school\" to counter foreign hegemony. In the spirit of the Enlightenment, such a national cultural project was combined with a universalizing, even scientific aim, proposing a conception of music as independent of cultures: the founding prospectus of the Conservatoire de Gen\u00e8ve, in 1835, insists on an a-cultural project of solfeggic literacy, through learning to read and write music.<\/span><\/p>\n<p class=\"p2\"><span class=\"s1\">It is no doubt from this tension between local promotion and universal aim that our institutions will be somewhat timid in thinking about diversity and entering into dialogue with other musical cultures. In the early years of the 20th century, for a composer like Debussy, the inspiring encounter with music from elsewhere came not from his attendance at the Conservatoire, but from the opportunities offered outside the institution by major international exhibitions. For a long time, practical art schools remained impervious to outside cultures, while universities were quick to consider non-Western arts as objects of study, within disciplines such as archaeology, art history, anthropology and its musical component, ethnomusicology.<span class=\"Apple-converted-space\">\u00a0<\/span><\/span><\/p>\n<p class=\"p2\"><span class=\"s1\">The reasons for this deafness certainly have a Eurocentric hubris component. The considerable success of Western classical music outside Europe has fed the tendency to attribute to it, in discourse, a status of universality. Contemporary and \"international popular\" music also appear to be converging towards a modernity that heralds the end of history and the end of cultures. But other models than this convergence have been imagined for thinking about the world, such as that of multiple, parallel modernities, proposed by Samuel Eisenstadt.<span class=\"Apple-converted-space\">\u00a0<\/span><\/span><\/p>\n<p class=\"p2\"><span class=\"s1\">The creation of a Master's degree in Ethnomusicology, a joint program between the Haute \u00e9cole de musique de Gen\u00e8ve, and the Universities of Geneva and Neuch\u00e2tel, was an opportunity to consolidate the practice of non-Western music within the institution. Some of these musics, such as the Gamelan of Bali or Java, have long been integrated into certain Western institutions. Others, such as Chinese or Oriental music, are less common. These practices have spread widely within our school, meeting with unhoped-for success. In addition to mastering a specific repertoire, they question the foundations of our approach to music: themes emerge, such as the relationship between the spoken and written word, virtuosity in improvisation and ornamentation, interactions within an ensemble, modes of transmission, the relationship to tradition, and so on.<span class=\"Apple-converted-space\">\u00a0 <\/span>Above all, these practices propose a decentering of the gaze.<span class=\"Apple-converted-space\">\u00a0<\/span><\/span><\/p>\n<p class=\"p2\"><span class=\"s1\">Our schools are excellent exponents of the Western classical tradition - even if authorized voices point out that this tradition has now largely shifted to East Asian countries. To keep it alive, it is essential that this tradition continue its dialogue with other music, a dialogue initiated by composers throughout the 20th century.<sup>e<\/sup> century. Our academic structures and curricula struggle to create spaces for such dialogues: our vision of the history and future of music remains one of convergence, relegating external forms to the status of protomusic, raw materials that modernity will transmute into \"true art\". Conservatories in non-Western countries are themselves struggling to balance the practice of their own traditions with that of \"international\" music. There is considerable potential in the development of intercultural dialogues to nourish and revitalize our curricula.<\/span><\/p>\n<p class=\"p4\"><strong><span class=\"s1\">Xavier Bouvier<br \/>\n<\/span><\/strong><span class=\"s2\">... is head of the ethnomusicology department at the Haute \u00e9cole de musique de Gen\u00e8ve - Neuch\u00e2tel.<\/span><\/p>","protected":false},"excerpt":{"rendered":"<p>The last two decades have seen a renewed awareness of the variety of musical cultures and practices around the world, spurred on by the 2003 UNESCO Convention for the Safeguarding of the Intangible Cultural Heritage. <\/p>","protected":false},"author":1,"featured_media":30323,"comment_status":"closed","ping_status":"closed","sticky":false,"template":"","format":"standard","meta":{"_acf_changed":false,"_relevanssi_hide_post":"","_relevanssi_hide_content":"","_relevanssi_pin_for_all":"","_relevanssi_pin_keywords":"","_relevanssi_unpin_keywords":"","_relevanssi_related_keywords":"","_relevanssi_related_include_ids":"","_relevanssi_related_exclude_ids":"","_relevanssi_related_no_append":"","_relevanssi_related_not_related":"","_relevanssi_related_posts":"","_relevanssi_noindex_reason":"","pgc_sgb_lightbox_settings":"","footnotes":""},"categories":[31,1563],"tags":[],"class_list":["post-30322","post","type-post","status-publish","format-standard","has-post-thumbnail","hentry","category-basis","category-chems"],"acf":[],"yoast_head":"<!-- This site is optimized with the Yoast SEO plugin v27.3 - https:\/\/yoast.com\/product\/yoast-seo-wordpress\/ -->\n<title>Cultures musicales et Hautes \u00e9coles de musique : articulations, tensions et bonnes pratiques - Revue Musicale Suisse<\/title>\n<meta name=\"robots\" content=\"index, follow, max-snippet:-1, max-image-preview:large, max-video-preview:-1\" \/>\n<link rel=\"canonical\" href=\"https:\/\/www.revuemusicale.ch\/en\/basis\/chems\/2024\/05\/cultures-musicales-et-hautes-ecoles-de-musique-articulations-tensions-et-bonnes-pratiques\/\" \/>\n<meta property=\"og:locale\" content=\"en_US\" \/>\n<meta property=\"og:type\" content=\"article\" \/>\n<meta property=\"og:title\" content=\"Cultures musicales et Hautes \u00e9coles de musique : articulations, tensions et bonnes pratiques - Revue Musicale Suisse\" \/>\n<meta property=\"og:description\" content=\"Les deux derni\u00e8res d\u00e9cennies ont vu \u00e9merger une prise de conscience renouvel\u00e9e de la vari\u00e9t\u00e9 des cultures et des pratiques musicales dans le monde, sous l\u2019impulsion de la Convention de l\u2019UNESCO pour la sauvegarde du patrimoine immat\u00e9riel de 2003.\" \/>\n<meta property=\"og:url\" content=\"https:\/\/www.revuemusicale.ch\/en\/basis\/chems\/2024\/05\/cultures-musicales-et-hautes-ecoles-de-musique-articulations-tensions-et-bonnes-pratiques\/\" \/>\n<meta property=\"og:site_name\" content=\"Revue Musicale Suisse\" \/>\n<meta property=\"article:publisher\" content=\"https:\/\/www.facebook.com\/SchweizerMusikzeitung\/\" \/>\n<meta property=\"article:published_time\" content=\"2024-05-29T13:17:56+00:00\" \/>\n<meta property=\"og:image\" content=\"https:\/\/www.revuemusicale.ch\/wp-content\/uploads\/2024\/05\/0624_KMHS.jpg\" \/>\n\t<meta property=\"og:image:width\" content=\"1197\" \/>\n\t<meta property=\"og:image:height\" content=\"898\" \/>\n\t<meta property=\"og:image:type\" content=\"image\/jpeg\" \/>\n<meta name=\"author\" content=\"Musikzeitung-Redaktion\" \/>\n<meta name=\"twitter:card\" content=\"summary_large_image\" \/>\n<meta name=\"twitter:creator\" content=\"@smusikzeitung\" \/>\n<meta name=\"twitter:site\" content=\"@smusikzeitung\" \/>\n<meta name=\"twitter:label1\" content=\"Written by\" \/>\n\t<meta name=\"twitter:data1\" content=\"Musikzeitung-Redaktion\" \/>\n\t<meta name=\"twitter:label2\" content=\"Est. reading time\" \/>\n\t<meta name=\"twitter:data2\" content=\"4 minutes\" \/>\n<script type=\"application\/ld+json\" class=\"yoast-schema-graph\">{\"@context\":\"https:\\\/\\\/schema.org\",\"@graph\":[{\"@type\":\"Article\",\"@id\":\"https:\\\/\\\/www.revuemusicale.ch\\\/basis\\\/chems\\\/2024\\\/05\\\/cultures-musicales-et-hautes-ecoles-de-musique-articulations-tensions-et-bonnes-pratiques#article\",\"isPartOf\":{\"@id\":\"https:\\\/\\\/www.revuemusicale.ch\\\/basis\\\/chems\\\/2024\\\/05\\\/cultures-musicales-et-hautes-ecoles-de-musique-articulations-tensions-et-bonnes-pratiques\"},\"author\":{\"name\":\"Musikzeitung-Redaktion\",\"@id\":\"https:\\\/\\\/www.revuemusicale.ch\\\/#\\\/schema\\\/person\\\/b2fd892c800856270b9dcc6001265712\"},\"headline\":\"Cultures musicales et Hautes \u00e9coles de musique : articulations, tensions et bonnes pratiques\",\"datePublished\":\"2024-05-29T13:17:56+00:00\",\"mainEntityOfPage\":{\"@id\":\"https:\\\/\\\/www.revuemusicale.ch\\\/basis\\\/chems\\\/2024\\\/05\\\/cultures-musicales-et-hautes-ecoles-de-musique-articulations-tensions-et-bonnes-pratiques\"},\"wordCount\":798,\"publisher\":{\"@id\":\"https:\\\/\\\/www.revuemusicale.ch\\\/#organization\"},\"image\":{\"@id\":\"https:\\\/\\\/www.revuemusicale.ch\\\/basis\\\/chems\\\/2024\\\/05\\\/cultures-musicales-et-hautes-ecoles-de-musique-articulations-tensions-et-bonnes-pratiques#primaryimage\"},\"thumbnailUrl\":\"https:\\\/\\\/www.revuemusicale.ch\\\/wp-content\\\/uploads\\\/2024\\\/05\\\/0624_KMHS.jpg\",\"articleSection\":[\"Basis\",\"CHEMS\"],\"inLanguage\":\"en-US\"},{\"@type\":\"WebPage\",\"@id\":\"https:\\\/\\\/www.revuemusicale.ch\\\/basis\\\/chems\\\/2024\\\/05\\\/cultures-musicales-et-hautes-ecoles-de-musique-articulations-tensions-et-bonnes-pratiques\",\"url\":\"https:\\\/\\\/www.revuemusicale.ch\\\/basis\\\/chems\\\/2024\\\/05\\\/cultures-musicales-et-hautes-ecoles-de-musique-articulations-tensions-et-bonnes-pratiques\",\"name\":\"Cultures musicales et Hautes \u00e9coles de musique : articulations, tensions et bonnes pratiques - Revue Musicale Suisse\",\"isPartOf\":{\"@id\":\"https:\\\/\\\/www.revuemusicale.ch\\\/#website\"},\"primaryImageOfPage\":{\"@id\":\"https:\\\/\\\/www.revuemusicale.ch\\\/basis\\\/chems\\\/2024\\\/05\\\/cultures-musicales-et-hautes-ecoles-de-musique-articulations-tensions-et-bonnes-pratiques#primaryimage\"},\"image\":{\"@id\":\"https:\\\/\\\/www.revuemusicale.ch\\\/basis\\\/chems\\\/2024\\\/05\\\/cultures-musicales-et-hautes-ecoles-de-musique-articulations-tensions-et-bonnes-pratiques#primaryimage\"},\"thumbnailUrl\":\"https:\\\/\\\/www.revuemusicale.ch\\\/wp-content\\\/uploads\\\/2024\\\/05\\\/0624_KMHS.jpg\",\"datePublished\":\"2024-05-29T13:17:56+00:00\",\"breadcrumb\":{\"@id\":\"https:\\\/\\\/www.revuemusicale.ch\\\/basis\\\/chems\\\/2024\\\/05\\\/cultures-musicales-et-hautes-ecoles-de-musique-articulations-tensions-et-bonnes-pratiques#breadcrumb\"},\"inLanguage\":\"en-US\",\"potentialAction\":[{\"@type\":\"ReadAction\",\"target\":[\"https:\\\/\\\/www.revuemusicale.ch\\\/basis\\\/chems\\\/2024\\\/05\\\/cultures-musicales-et-hautes-ecoles-de-musique-articulations-tensions-et-bonnes-pratiques\"]}]},{\"@type\":\"ImageObject\",\"inLanguage\":\"en-US\",\"@id\":\"https:\\\/\\\/www.revuemusicale.ch\\\/basis\\\/chems\\\/2024\\\/05\\\/cultures-musicales-et-hautes-ecoles-de-musique-articulations-tensions-et-bonnes-pratiques#primaryimage\",\"url\":\"https:\\\/\\\/www.revuemusicale.ch\\\/wp-content\\\/uploads\\\/2024\\\/05\\\/0624_KMHS.jpg\",\"contentUrl\":\"https:\\\/\\\/www.revuemusicale.ch\\\/wp-content\\\/uploads\\\/2024\\\/05\\\/0624_KMHS.jpg\",\"width\":1197,\"height\":898},{\"@type\":\"BreadcrumbList\",\"@id\":\"https:\\\/\\\/www.revuemusicale.ch\\\/basis\\\/chems\\\/2024\\\/05\\\/cultures-musicales-et-hautes-ecoles-de-musique-articulations-tensions-et-bonnes-pratiques#breadcrumb\",\"itemListElement\":[{\"@type\":\"ListItem\",\"position\":1,\"name\":\"Home\",\"item\":\"https:\\\/\\\/www.revuemusicale.ch\\\/\"},{\"@type\":\"ListItem\",\"position\":2,\"name\":\"Cultures musicales et Hautes \u00e9coles de musique : articulations, tensions et bonnes pratiques\"}]},{\"@type\":\"WebSite\",\"@id\":\"https:\\\/\\\/www.revuemusicale.ch\\\/#website\",\"url\":\"https:\\\/\\\/www.revuemusicale.ch\\\/\",\"name\":\"Revue Musicale Suisse\",\"description\":\"\",\"publisher\":{\"@id\":\"https:\\\/\\\/www.revuemusicale.ch\\\/#organization\"},\"potentialAction\":[{\"@type\":\"SearchAction\",\"target\":{\"@type\":\"EntryPoint\",\"urlTemplate\":\"https:\\\/\\\/www.revuemusicale.ch\\\/?s={search_term_string}\"},\"query-input\":{\"@type\":\"PropertyValueSpecification\",\"valueRequired\":true,\"valueName\":\"search_term_string\"}}],\"inLanguage\":\"en-US\"},{\"@type\":\"Organization\",\"@id\":\"https:\\\/\\\/www.revuemusicale.ch\\\/#organization\",\"name\":\"Revue Musicale Suisse\",\"url\":\"https:\\\/\\\/www.revuemusicale.ch\\\/\",\"logo\":{\"@type\":\"ImageObject\",\"inLanguage\":\"en-US\",\"@id\":\"https:\\\/\\\/www.revuemusicale.ch\\\/#\\\/schema\\\/logo\\\/image\\\/\",\"url\":\"https:\\\/\\\/www.revuemusicale.ch\\\/wp-content\\\/uploads\\\/2023\\\/01\\\/logo_revuemusicale_musikzeitung.jpg\",\"contentUrl\":\"https:\\\/\\\/www.revuemusicale.ch\\\/wp-content\\\/uploads\\\/2023\\\/01\\\/logo_revuemusicale_musikzeitung.jpg\",\"width\":1200,\"height\":243,\"caption\":\"Revue Musicale Suisse\"},\"image\":{\"@id\":\"https:\\\/\\\/www.revuemusicale.ch\\\/#\\\/schema\\\/logo\\\/image\\\/\"},\"sameAs\":[\"https:\\\/\\\/www.facebook.com\\\/SchweizerMusikzeitung\\\/\",\"https:\\\/\\\/x.com\\\/smusikzeitung\",\"https:\\\/\\\/www.instagram.com\\\/musikzeitung.ch\\\/?hl=de\"]},{\"@type\":\"Person\",\"@id\":\"https:\\\/\\\/www.revuemusicale.ch\\\/#\\\/schema\\\/person\\\/b2fd892c800856270b9dcc6001265712\",\"name\":\"Musikzeitung-Redaktion\",\"image\":{\"@type\":\"ImageObject\",\"inLanguage\":\"en-US\",\"@id\":\"https:\\\/\\\/secure.gravatar.com\\\/avatar\\\/0c7e6a405862e402eb76a70f8a26fc732d07c32931e9fae9ab1582911d2e8a3b?s=96&d=mm&r=g\",\"url\":\"https:\\\/\\\/secure.gravatar.com\\\/avatar\\\/0c7e6a405862e402eb76a70f8a26fc732d07c32931e9fae9ab1582911d2e8a3b?s=96&d=mm&r=g\",\"contentUrl\":\"https:\\\/\\\/secure.gravatar.com\\\/avatar\\\/0c7e6a405862e402eb76a70f8a26fc732d07c32931e9fae9ab1582911d2e8a3b?s=96&d=mm&r=g\",\"caption\":\"Musikzeitung-Redaktion\"},\"sameAs\":[\"http:\\\/\\\/wundo-docker.io\"],\"url\":\"https:\\\/\\\/www.revuemusicale.ch\\\/en\\\/author\\\/admin\"}]}<\/script>\n<!-- \/ Yoast SEO plugin. -->","yoast_head_json":{"title":"Cultures musicales et Hautes \u00e9coles de musique : articulations, tensions et bonnes pratiques - Revue Musicale Suisse","robots":{"index":"index","follow":"follow","max-snippet":"max-snippet:-1","max-image-preview":"max-image-preview:large","max-video-preview":"max-video-preview:-1"},"canonical":"https:\/\/www.revuemusicale.ch\/en\/basis\/chems\/2024\/05\/cultures-musicales-et-hautes-ecoles-de-musique-articulations-tensions-et-bonnes-pratiques\/","og_locale":"en_US","og_type":"article","og_title":"Cultures musicales et Hautes \u00e9coles de musique : articulations, tensions et bonnes pratiques - Revue Musicale Suisse","og_description":"Les deux derni\u00e8res d\u00e9cennies ont vu \u00e9merger une prise de conscience renouvel\u00e9e de la vari\u00e9t\u00e9 des cultures et des pratiques musicales dans le monde, sous l\u2019impulsion de la Convention de l\u2019UNESCO pour la sauvegarde du patrimoine immat\u00e9riel de 2003.","og_url":"https:\/\/www.revuemusicale.ch\/en\/basis\/chems\/2024\/05\/cultures-musicales-et-hautes-ecoles-de-musique-articulations-tensions-et-bonnes-pratiques\/","og_site_name":"Revue Musicale Suisse","article_publisher":"https:\/\/www.facebook.com\/SchweizerMusikzeitung\/","article_published_time":"2024-05-29T13:17:56+00:00","og_image":[{"width":1197,"height":898,"url":"https:\/\/www.revuemusicale.ch\/wp-content\/uploads\/2024\/05\/0624_KMHS.jpg","type":"image\/jpeg"}],"author":"Musikzeitung-Redaktion","twitter_card":"summary_large_image","twitter_creator":"@smusikzeitung","twitter_site":"@smusikzeitung","twitter_misc":{"Written by":"Musikzeitung-Redaktion","Est. reading time":"4 minutes"},"schema":{"@context":"https:\/\/schema.org","@graph":[{"@type":"Article","@id":"https:\/\/www.revuemusicale.ch\/basis\/chems\/2024\/05\/cultures-musicales-et-hautes-ecoles-de-musique-articulations-tensions-et-bonnes-pratiques#article","isPartOf":{"@id":"https:\/\/www.revuemusicale.ch\/basis\/chems\/2024\/05\/cultures-musicales-et-hautes-ecoles-de-musique-articulations-tensions-et-bonnes-pratiques"},"author":{"name":"Musikzeitung-Redaktion","@id":"https:\/\/www.revuemusicale.ch\/#\/schema\/person\/b2fd892c800856270b9dcc6001265712"},"headline":"Cultures musicales et Hautes \u00e9coles de musique : articulations, tensions et bonnes pratiques","datePublished":"2024-05-29T13:17:56+00:00","mainEntityOfPage":{"@id":"https:\/\/www.revuemusicale.ch\/basis\/chems\/2024\/05\/cultures-musicales-et-hautes-ecoles-de-musique-articulations-tensions-et-bonnes-pratiques"},"wordCount":798,"publisher":{"@id":"https:\/\/www.revuemusicale.ch\/#organization"},"image":{"@id":"https:\/\/www.revuemusicale.ch\/basis\/chems\/2024\/05\/cultures-musicales-et-hautes-ecoles-de-musique-articulations-tensions-et-bonnes-pratiques#primaryimage"},"thumbnailUrl":"https:\/\/www.revuemusicale.ch\/wp-content\/uploads\/2024\/05\/0624_KMHS.jpg","articleSection":["Basis","CHEMS"],"inLanguage":"en-US"},{"@type":"WebPage","@id":"https:\/\/www.revuemusicale.ch\/basis\/chems\/2024\/05\/cultures-musicales-et-hautes-ecoles-de-musique-articulations-tensions-et-bonnes-pratiques","url":"https:\/\/www.revuemusicale.ch\/basis\/chems\/2024\/05\/cultures-musicales-et-hautes-ecoles-de-musique-articulations-tensions-et-bonnes-pratiques","name":"Cultures musicales et Hautes \u00e9coles de musique : articulations, tensions et bonnes pratiques - Revue Musicale Suisse","isPartOf":{"@id":"https:\/\/www.revuemusicale.ch\/#website"},"primaryImageOfPage":{"@id":"https:\/\/www.revuemusicale.ch\/basis\/chems\/2024\/05\/cultures-musicales-et-hautes-ecoles-de-musique-articulations-tensions-et-bonnes-pratiques#primaryimage"},"image":{"@id":"https:\/\/www.revuemusicale.ch\/basis\/chems\/2024\/05\/cultures-musicales-et-hautes-ecoles-de-musique-articulations-tensions-et-bonnes-pratiques#primaryimage"},"thumbnailUrl":"https:\/\/www.revuemusicale.ch\/wp-content\/uploads\/2024\/05\/0624_KMHS.jpg","datePublished":"2024-05-29T13:17:56+00:00","breadcrumb":{"@id":"https:\/\/www.revuemusicale.ch\/basis\/chems\/2024\/05\/cultures-musicales-et-hautes-ecoles-de-musique-articulations-tensions-et-bonnes-pratiques#breadcrumb"},"inLanguage":"en-US","potentialAction":[{"@type":"ReadAction","target":["https:\/\/www.revuemusicale.ch\/basis\/chems\/2024\/05\/cultures-musicales-et-hautes-ecoles-de-musique-articulations-tensions-et-bonnes-pratiques"]}]},{"@type":"ImageObject","inLanguage":"en-US","@id":"https:\/\/www.revuemusicale.ch\/basis\/chems\/2024\/05\/cultures-musicales-et-hautes-ecoles-de-musique-articulations-tensions-et-bonnes-pratiques#primaryimage","url":"https:\/\/www.revuemusicale.ch\/wp-content\/uploads\/2024\/05\/0624_KMHS.jpg","contentUrl":"https:\/\/www.revuemusicale.ch\/wp-content\/uploads\/2024\/05\/0624_KMHS.jpg","width":1197,"height":898},{"@type":"BreadcrumbList","@id":"https:\/\/www.revuemusicale.ch\/basis\/chems\/2024\/05\/cultures-musicales-et-hautes-ecoles-de-musique-articulations-tensions-et-bonnes-pratiques#breadcrumb","itemListElement":[{"@type":"ListItem","position":1,"name":"Home","item":"https:\/\/www.revuemusicale.ch\/"},{"@type":"ListItem","position":2,"name":"Cultures musicales et Hautes \u00e9coles de musique : articulations, tensions et bonnes pratiques"}]},{"@type":"WebSite","@id":"https:\/\/www.revuemusicale.ch\/#website","url":"https:\/\/www.revuemusicale.ch\/","name":"Swiss Music Review","description":"","publisher":{"@id":"https:\/\/www.revuemusicale.ch\/#organization"},"potentialAction":[{"@type":"SearchAction","target":{"@type":"EntryPoint","urlTemplate":"https:\/\/www.revuemusicale.ch\/?s={search_term_string}"},"query-input":{"@type":"PropertyValueSpecification","valueRequired":true,"valueName":"search_term_string"}}],"inLanguage":"en-US"},{"@type":"Organization","@id":"https:\/\/www.revuemusicale.ch\/#organization","name":"Swiss Music Review","url":"https:\/\/www.revuemusicale.ch\/","logo":{"@type":"ImageObject","inLanguage":"en-US","@id":"https:\/\/www.revuemusicale.ch\/#\/schema\/logo\/image\/","url":"https:\/\/www.revuemusicale.ch\/wp-content\/uploads\/2023\/01\/logo_revuemusicale_musikzeitung.jpg","contentUrl":"https:\/\/www.revuemusicale.ch\/wp-content\/uploads\/2023\/01\/logo_revuemusicale_musikzeitung.jpg","width":1200,"height":243,"caption":"Revue Musicale Suisse"},"image":{"@id":"https:\/\/www.revuemusicale.ch\/#\/schema\/logo\/image\/"},"sameAs":["https:\/\/www.facebook.com\/SchweizerMusikzeitung\/","https:\/\/x.com\/smusikzeitung","https:\/\/www.instagram.com\/musikzeitung.ch\/?hl=de"]},{"@type":"Person","@id":"https:\/\/www.revuemusicale.ch\/#\/schema\/person\/b2fd892c800856270b9dcc6001265712","name":"Musikzeitung-Redaktion","image":{"@type":"ImageObject","inLanguage":"en-US","@id":"https:\/\/secure.gravatar.com\/avatar\/0c7e6a405862e402eb76a70f8a26fc732d07c32931e9fae9ab1582911d2e8a3b?s=96&d=mm&r=g","url":"https:\/\/secure.gravatar.com\/avatar\/0c7e6a405862e402eb76a70f8a26fc732d07c32931e9fae9ab1582911d2e8a3b?s=96&d=mm&r=g","contentUrl":"https:\/\/secure.gravatar.com\/avatar\/0c7e6a405862e402eb76a70f8a26fc732d07c32931e9fae9ab1582911d2e8a3b?s=96&d=mm&r=g","caption":"Musikzeitung-Redaktion"},"sameAs":["http:\/\/wundo-docker.io"],"url":"https:\/\/www.revuemusicale.ch\/en\/author\/admin"}]}},"publishpress_future_action":{"enabled":false,"date":"1970-01-01 01:00:00","action":"change-status","newStatus":"draft","terms":[],"taxonomy":"category","extraData":[]},"publishpress_future_workflow_manual_trigger":{"enabledWorkflows":[]},"_links":{"self":[{"href":"https:\/\/www.revuemusicale.ch\/en\/wp-json\/wp\/v2\/posts\/30322","targetHints":{"allow":["GET"]}}],"collection":[{"href":"https:\/\/www.revuemusicale.ch\/en\/wp-json\/wp\/v2\/posts"}],"about":[{"href":"https:\/\/www.revuemusicale.ch\/en\/wp-json\/wp\/v2\/types\/post"}],"author":[{"embeddable":true,"href":"https:\/\/www.revuemusicale.ch\/en\/wp-json\/wp\/v2\/users\/1"}],"replies":[{"embeddable":true,"href":"https:\/\/www.revuemusicale.ch\/en\/wp-json\/wp\/v2\/comments?post=30322"}],"version-history":[{"count":1,"href":"https:\/\/www.revuemusicale.ch\/en\/wp-json\/wp\/v2\/posts\/30322\/revisions"}],"predecessor-version":[{"id":30324,"href":"https:\/\/www.revuemusicale.ch\/en\/wp-json\/wp\/v2\/posts\/30322\/revisions\/30324"}],"wp:featuredmedia":[{"embeddable":true,"href":"https:\/\/www.revuemusicale.ch\/en\/wp-json\/wp\/v2\/media\/30323"}],"wp:attachment":[{"href":"https:\/\/www.revuemusicale.ch\/en\/wp-json\/wp\/v2\/media?parent=30322"}],"wp:term":[{"taxonomy":"category","embeddable":true,"href":"https:\/\/www.revuemusicale.ch\/en\/wp-json\/wp\/v2\/categories?post=30322"},{"taxonomy":"post_tag","embeddable":true,"href":"https:\/\/www.revuemusicale.ch\/en\/wp-json\/wp\/v2\/tags?post=30322"}],"curies":[{"name":"wp","href":"https:\/\/api.w.org\/{rel}","templated":true}]}}