{"id":30432,"date":"2021-10-27T11:40:39","date_gmt":"2021-10-27T09:40:39","guid":{"rendered":"https:\/\/www.revuemusicale.ch\/?p=30432"},"modified":"2024-06-27T11:47:20","modified_gmt":"2024-06-27T09:47:20","slug":"plaisirs-illumines","status":"publish","type":"post","link":"https:\/\/www.revuemusicale.ch\/en\/critiques\/disques\/2021\/10\/plaisirs-illumines","title":{"rendered":"The rise of \"Grosse Nachtmusik"},"content":{"rendered":"<div class=\"media picture\">\n<figure style=\"width: 554px\" class=\"wp-caption alignnone\"><img loading=\"lazy\" decoding=\"async\" src=\"https:\/\/www.revuemusicale.ch\/wp-content\/uploads\/2023\/01\/Camerata_Bern.jpg\" alt=\"L\u2019ascension de la \u00ab Grosse Nachtmusik \u00bb \" width=\"554\" height=\"341\" \/><figcaption class=\"wp-caption-text\">Camerata Bern. Photo: Julia Wesely<\/figcaption><\/figure>\n<\/div>\n<p>Mirroring the sparkling audacity of the Moldavian violinist - an actress in her own right! -The image of the twelve musicians of Camerata Bern at night, brandishing fireworks, heralds a palette of unsuspected sonorities! In this kaleidoscopic CD, these are born of almost inaudible sounds, which make the ear prick up to distant, sometimes discordant harmonies, similar to the organ's Vox humana, culminating in breathtaking, ultra-aggressive attacks. Patricia Kopatchinskaja pays homage to her team's virtuosity, imagination and perseverance - qualities comparable, she says, to those required for climbing Everest, and essential for success in Veress, Ginastera and Coll! Mixed in between these composers, movements by Kurt\u00e1g, Bart\u00f3k and Ligeti are a welcome breath of fresh air...<\/p>\n<div class=\"text-section\">\n<p>Let's turn to S\u00e1ndor Veress. In 1965\/1966, knowing every member of the fledgling Camerata Bern, the composer challenged them to uncompromising cadenzas; he dedicated his <em>Musica concertante<\/em> for twelve strings to the recently founded ensemble. Your scribe remembers the first recordings for Bremen Radio! In February 1993, a fine CD - conducted by Heinz Holliger - was produced in La Chaux-de-Fonds for ECM. But without a conductor, under the impetus of Kopatchinskaja, our masterpiece rediscovers its astonishing impetuosity! In the first movement, a back-and-forth of waves sweeps us along in ten minutes of exchanges between soli and tutti. The soothing <em>Meditation<\/em>with a very Hungarian tenderness, caresses us with her <em>rubati<\/em>but does not conceal the underlying anxiety threatening the immense <em>crescendo <\/em>on the horizon, nor the touching <em>morendo<\/em> that follows. The last movement is punctuated by an explosion of polyrhythm - barely playable without direction, but very successful!<\/p>\n<p>Alberto Ginastera arranged his Second Quartet (1956) for string orchestra in 1968. In the opening <em>Variations per i solisti,<\/em> Kopatchinskaja's solo is captivating, bathed in a gentle <em>flautando<\/em>which carries us relentlessly and agilely to powerful high notes. As for the cadenzas for cello, viola and double bass (the latter added for this version), they magnify the virtuosity of the performers. Visit <em>Scherzo fantastico<\/em>for its part, flies off with the lightness of moths, in a delicacy and precision emblematic of the musicians' rigorous listening. But it's the intensity of the<em>Adagio angoscioso<\/em> which takes us through the deepest moments: dream and reality merge in long, daring silences. Until the sudden folkloric awakening of the <em>Finale furioso<\/em> !<\/p>\n<p>Composed for Patricia Kopachinskaja, Sol Gabetta and Camerata Bern, <em>Illuminated delights<\/em> by Francisco Coll - in his time a painter inspired by Salvador Dal\u00ed - lead us into the twists and turns of his imaginary world, sometimes aggressively sprayed, stretched or, in the <em>Wiegenlied<\/em>extracted from time and hurled to the bottom of the ocean, sometimes playful, crazy in the flamenco of the <em>Scherzo fantastico<\/em> or secretly suffering in the <em>Lamento - Epilog<\/em>. While the recording captures the beauty of the violin and cello sound, it highlights a certain acoustic harshness, which illuminates ... the pleasures!<\/p>\n<p>Finally, what an original idea to leave the last word to the birdsong, brilliantly improvised on the Camerata's forty-eight strings, which gradually fades into the deep sleep of nightfall...<\/p>\n<\/div>\n<div class=\"text-section\">\n<dl class=\"picture media photo\">\n<dt><img decoding=\"async\" class=\"media photo aligncenter\" src=\"https:\/\/www.revuemusicale.ch\/wp-content\/uploads\/2023\/01\/11_crit_cd_Murray.jpg\" alt=\"Image \" \/><\/dt>\n<\/dl>\n<\/div>\n<div class=\"text-section\">\n<p><em>Illuminated delights: Veress, Ginastera, Coll. Patricia Kopatchinskaja, violin, conductor; Sol Gabetta, cello; Francisco Coll, conductor (Doppelkonzert); Camerata Bern. Alpha Classics 580 <\/em><\/p>\n<\/div>","protected":false},"excerpt":{"rendered":"<p>Camerata Bern's CD \"Plaisirs illumin\u00e9s\" offers works by Veress, Ginastera, Coll, Kurt\u00e1g, Bart\u00f3k and Ligeti.<\/p>","protected":false},"author":1,"featured_media":22942,"comment_status":"closed","ping_status":"closed","sticky":false,"template":"","format":"standard","meta":{"_acf_changed":false,"_relevanssi_hide_post":"","_relevanssi_hide_content":"","_relevanssi_pin_for_all":"","_relevanssi_pin_keywords":"","_relevanssi_unpin_keywords":"","_relevanssi_related_keywords":"","_relevanssi_related_include_ids":"","_relevanssi_related_exclude_ids":"","_relevanssi_related_no_append":"","_relevanssi_related_not_related":"","_relevanssi_related_posts":"","_relevanssi_noindex_reason":"","pgc_sgb_lightbox_settings":"","footnotes":""},"categories":[1614,1615],"tags":[],"class_list":["post-30432","post","type-post","status-publish","format-standard","has-post-thumbnail","hentry","category-critiques","category-disques"],"acf":[],"yoast_head":"<!-- This site is optimized with the Yoast SEO plugin v27.3 - https:\/\/yoast.com\/product\/yoast-seo-wordpress\/ -->\n<title>L&#039;ascension de la \u00ab Grosse Nachtmusik \u00bb - Revue Musicale Suisse<\/title>\n<meta name=\"robots\" content=\"index, follow, max-snippet:-1, max-image-preview:large, max-video-preview:-1\" \/>\n<link rel=\"canonical\" href=\"https:\/\/www.revuemusicale.ch\/en\/critiques\/disques\/2021\/10\/plaisirs-illumines\/\" \/>\n<meta property=\"og:locale\" content=\"en_US\" \/>\n<meta property=\"og:type\" content=\"article\" \/>\n<meta property=\"og:title\" content=\"L&#039;ascension de la \u00ab Grosse Nachtmusik \u00bb - Revue Musicale Suisse\" \/>\n<meta property=\"og:description\" content=\"Le CD \u00ab Plaisirs illumin\u00e9s \u00bb de la Camerata Bern offres des \u0153uvres de Veress, Ginastera, Coll, Kurt\u00e1g, Bart\u00f3k et Ligeti.\" \/>\n<meta property=\"og:url\" content=\"https:\/\/www.revuemusicale.ch\/en\/critiques\/disques\/2021\/10\/plaisirs-illumines\/\" \/>\n<meta property=\"og:site_name\" content=\"Revue Musicale Suisse\" \/>\n<meta property=\"article:publisher\" content=\"https:\/\/www.facebook.com\/SchweizerMusikzeitung\/\" \/>\n<meta property=\"article:published_time\" content=\"2021-10-27T09:40:39+00:00\" \/>\n<meta property=\"article:modified_time\" content=\"2024-06-27T09:47:20+00:00\" \/>\n<meta property=\"og:image\" content=\"https:\/\/www.revuemusicale.ch\/wp-content\/uploads\/2023\/01\/Camerata_Bern.jpg\" \/>\n\t<meta property=\"og:image:width\" content=\"554\" \/>\n\t<meta property=\"og:image:height\" content=\"341\" \/>\n\t<meta property=\"og:image:type\" content=\"image\/jpeg\" \/>\n<meta name=\"author\" content=\"Musikzeitung-Redaktion\" \/>\n<meta name=\"twitter:card\" content=\"summary_large_image\" \/>\n<meta name=\"twitter:creator\" content=\"@smusikzeitung\" \/>\n<meta name=\"twitter:site\" content=\"@smusikzeitung\" \/>\n<meta name=\"twitter:label1\" content=\"Written by\" \/>\n\t<meta name=\"twitter:data1\" content=\"Musikzeitung-Redaktion\" \/>\n\t<meta name=\"twitter:label2\" content=\"Est. reading time\" \/>\n\t<meta name=\"twitter:data2\" content=\"3 minutes\" \/>\n<script type=\"application\/ld+json\" class=\"yoast-schema-graph\">{\"@context\":\"https:\\\/\\\/schema.org\",\"@graph\":[{\"@type\":\"Article\",\"@id\":\"https:\\\/\\\/www.revuemusicale.ch\\\/critiques\\\/disques\\\/2021\\\/10\\\/plaisirs-illumines#article\",\"isPartOf\":{\"@id\":\"https:\\\/\\\/www.revuemusicale.ch\\\/critiques\\\/disques\\\/2021\\\/10\\\/plaisirs-illumines\"},\"author\":{\"name\":\"Musikzeitung-Redaktion\",\"@id\":\"https:\\\/\\\/www.revuemusicale.ch\\\/#\\\/schema\\\/person\\\/b2fd892c800856270b9dcc6001265712\"},\"headline\":\"L&rsquo;ascension de la \u00ab Grosse Nachtmusik \u00bb\",\"datePublished\":\"2021-10-27T09:40:39+00:00\",\"dateModified\":\"2024-06-27T09:47:20+00:00\",\"mainEntityOfPage\":{\"@id\":\"https:\\\/\\\/www.revuemusicale.ch\\\/critiques\\\/disques\\\/2021\\\/10\\\/plaisirs-illumines\"},\"wordCount\":616,\"publisher\":{\"@id\":\"https:\\\/\\\/www.revuemusicale.ch\\\/#organization\"},\"image\":{\"@id\":\"https:\\\/\\\/www.revuemusicale.ch\\\/critiques\\\/disques\\\/2021\\\/10\\\/plaisirs-illumines#primaryimage\"},\"thumbnailUrl\":\"https:\\\/\\\/www.revuemusicale.ch\\\/wp-content\\\/uploads\\\/2023\\\/01\\\/Camerata_Bern.jpg\",\"articleSection\":[\"Critiques\",\"Disques\"],\"inLanguage\":\"en-US\"},{\"@type\":\"WebPage\",\"@id\":\"https:\\\/\\\/www.revuemusicale.ch\\\/critiques\\\/disques\\\/2021\\\/10\\\/plaisirs-illumines\",\"url\":\"https:\\\/\\\/www.revuemusicale.ch\\\/critiques\\\/disques\\\/2021\\\/10\\\/plaisirs-illumines\",\"name\":\"L'ascension de la \u00ab Grosse Nachtmusik \u00bb - Revue Musicale Suisse\",\"isPartOf\":{\"@id\":\"https:\\\/\\\/www.revuemusicale.ch\\\/#website\"},\"primaryImageOfPage\":{\"@id\":\"https:\\\/\\\/www.revuemusicale.ch\\\/critiques\\\/disques\\\/2021\\\/10\\\/plaisirs-illumines#primaryimage\"},\"image\":{\"@id\":\"https:\\\/\\\/www.revuemusicale.ch\\\/critiques\\\/disques\\\/2021\\\/10\\\/plaisirs-illumines#primaryimage\"},\"thumbnailUrl\":\"https:\\\/\\\/www.revuemusicale.ch\\\/wp-content\\\/uploads\\\/2023\\\/01\\\/Camerata_Bern.jpg\",\"datePublished\":\"2021-10-27T09:40:39+00:00\",\"dateModified\":\"2024-06-27T09:47:20+00:00\",\"breadcrumb\":{\"@id\":\"https:\\\/\\\/www.revuemusicale.ch\\\/critiques\\\/disques\\\/2021\\\/10\\\/plaisirs-illumines#breadcrumb\"},\"inLanguage\":\"en-US\",\"potentialAction\":[{\"@type\":\"ReadAction\",\"target\":[\"https:\\\/\\\/www.revuemusicale.ch\\\/critiques\\\/disques\\\/2021\\\/10\\\/plaisirs-illumines\"]}]},{\"@type\":\"ImageObject\",\"inLanguage\":\"en-US\",\"@id\":\"https:\\\/\\\/www.revuemusicale.ch\\\/critiques\\\/disques\\\/2021\\\/10\\\/plaisirs-illumines#primaryimage\",\"url\":\"https:\\\/\\\/www.revuemusicale.ch\\\/wp-content\\\/uploads\\\/2023\\\/01\\\/Camerata_Bern.jpg\",\"contentUrl\":\"https:\\\/\\\/www.revuemusicale.ch\\\/wp-content\\\/uploads\\\/2023\\\/01\\\/Camerata_Bern.jpg\",\"width\":554,\"height\":341},{\"@type\":\"BreadcrumbList\",\"@id\":\"https:\\\/\\\/www.revuemusicale.ch\\\/critiques\\\/disques\\\/2021\\\/10\\\/plaisirs-illumines#breadcrumb\",\"itemListElement\":[{\"@type\":\"ListItem\",\"position\":1,\"name\":\"Home\",\"item\":\"https:\\\/\\\/www.revuemusicale.ch\\\/\"},{\"@type\":\"ListItem\",\"position\":2,\"name\":\"L&rsquo;ascension de la \u00ab Grosse Nachtmusik \u00bb\"}]},{\"@type\":\"WebSite\",\"@id\":\"https:\\\/\\\/www.revuemusicale.ch\\\/#website\",\"url\":\"https:\\\/\\\/www.revuemusicale.ch\\\/\",\"name\":\"Revue Musicale Suisse\",\"description\":\"\",\"publisher\":{\"@id\":\"https:\\\/\\\/www.revuemusicale.ch\\\/#organization\"},\"potentialAction\":[{\"@type\":\"SearchAction\",\"target\":{\"@type\":\"EntryPoint\",\"urlTemplate\":\"https:\\\/\\\/www.revuemusicale.ch\\\/?s={search_term_string}\"},\"query-input\":{\"@type\":\"PropertyValueSpecification\",\"valueRequired\":true,\"valueName\":\"search_term_string\"}}],\"inLanguage\":\"en-US\"},{\"@type\":\"Organization\",\"@id\":\"https:\\\/\\\/www.revuemusicale.ch\\\/#organization\",\"name\":\"Revue Musicale Suisse\",\"url\":\"https:\\\/\\\/www.revuemusicale.ch\\\/\",\"logo\":{\"@type\":\"ImageObject\",\"inLanguage\":\"en-US\",\"@id\":\"https:\\\/\\\/www.revuemusicale.ch\\\/#\\\/schema\\\/logo\\\/image\\\/\",\"url\":\"https:\\\/\\\/www.revuemusicale.ch\\\/wp-content\\\/uploads\\\/2023\\\/01\\\/logo_revuemusicale_musikzeitung.jpg\",\"contentUrl\":\"https:\\\/\\\/www.revuemusicale.ch\\\/wp-content\\\/uploads\\\/2023\\\/01\\\/logo_revuemusicale_musikzeitung.jpg\",\"width\":1200,\"height\":243,\"caption\":\"Revue Musicale Suisse\"},\"image\":{\"@id\":\"https:\\\/\\\/www.revuemusicale.ch\\\/#\\\/schema\\\/logo\\\/image\\\/\"},\"sameAs\":[\"https:\\\/\\\/www.facebook.com\\\/SchweizerMusikzeitung\\\/\",\"https:\\\/\\\/x.com\\\/smusikzeitung\",\"https:\\\/\\\/www.instagram.com\\\/musikzeitung.ch\\\/?hl=de\"]},{\"@type\":\"Person\",\"@id\":\"https:\\\/\\\/www.revuemusicale.ch\\\/#\\\/schema\\\/person\\\/b2fd892c800856270b9dcc6001265712\",\"name\":\"Musikzeitung-Redaktion\",\"image\":{\"@type\":\"ImageObject\",\"inLanguage\":\"en-US\",\"@id\":\"https:\\\/\\\/secure.gravatar.com\\\/avatar\\\/0c7e6a405862e402eb76a70f8a26fc732d07c32931e9fae9ab1582911d2e8a3b?s=96&d=mm&r=g\",\"url\":\"https:\\\/\\\/secure.gravatar.com\\\/avatar\\\/0c7e6a405862e402eb76a70f8a26fc732d07c32931e9fae9ab1582911d2e8a3b?s=96&d=mm&r=g\",\"contentUrl\":\"https:\\\/\\\/secure.gravatar.com\\\/avatar\\\/0c7e6a405862e402eb76a70f8a26fc732d07c32931e9fae9ab1582911d2e8a3b?s=96&d=mm&r=g\",\"caption\":\"Musikzeitung-Redaktion\"},\"sameAs\":[\"http:\\\/\\\/wundo-docker.io\"],\"url\":\"https:\\\/\\\/www.revuemusicale.ch\\\/en\\\/author\\\/admin\"}]}<\/script>\n<!-- \/ Yoast SEO plugin. -->","yoast_head_json":{"title":"L'ascension de la \u00ab Grosse Nachtmusik \u00bb - Revue Musicale Suisse","robots":{"index":"index","follow":"follow","max-snippet":"max-snippet:-1","max-image-preview":"max-image-preview:large","max-video-preview":"max-video-preview:-1"},"canonical":"https:\/\/www.revuemusicale.ch\/en\/critiques\/disques\/2021\/10\/plaisirs-illumines\/","og_locale":"en_US","og_type":"article","og_title":"L'ascension de la \u00ab Grosse Nachtmusik \u00bb - Revue Musicale Suisse","og_description":"Le CD \u00ab Plaisirs illumin\u00e9s \u00bb de la Camerata Bern offres des \u0153uvres de Veress, Ginastera, Coll, Kurt\u00e1g, Bart\u00f3k et Ligeti.","og_url":"https:\/\/www.revuemusicale.ch\/en\/critiques\/disques\/2021\/10\/plaisirs-illumines\/","og_site_name":"Revue Musicale Suisse","article_publisher":"https:\/\/www.facebook.com\/SchweizerMusikzeitung\/","article_published_time":"2021-10-27T09:40:39+00:00","article_modified_time":"2024-06-27T09:47:20+00:00","og_image":[{"width":554,"height":341,"url":"https:\/\/www.revuemusicale.ch\/wp-content\/uploads\/2023\/01\/Camerata_Bern.jpg","type":"image\/jpeg"}],"author":"Musikzeitung-Redaktion","twitter_card":"summary_large_image","twitter_creator":"@smusikzeitung","twitter_site":"@smusikzeitung","twitter_misc":{"Written by":"Musikzeitung-Redaktion","Est. reading time":"3 minutes"},"schema":{"@context":"https:\/\/schema.org","@graph":[{"@type":"Article","@id":"https:\/\/www.revuemusicale.ch\/critiques\/disques\/2021\/10\/plaisirs-illumines#article","isPartOf":{"@id":"https:\/\/www.revuemusicale.ch\/critiques\/disques\/2021\/10\/plaisirs-illumines"},"author":{"name":"Musikzeitung-Redaktion","@id":"https:\/\/www.revuemusicale.ch\/#\/schema\/person\/b2fd892c800856270b9dcc6001265712"},"headline":"L&rsquo;ascension de la \u00ab Grosse Nachtmusik \u00bb","datePublished":"2021-10-27T09:40:39+00:00","dateModified":"2024-06-27T09:47:20+00:00","mainEntityOfPage":{"@id":"https:\/\/www.revuemusicale.ch\/critiques\/disques\/2021\/10\/plaisirs-illumines"},"wordCount":616,"publisher":{"@id":"https:\/\/www.revuemusicale.ch\/#organization"},"image":{"@id":"https:\/\/www.revuemusicale.ch\/critiques\/disques\/2021\/10\/plaisirs-illumines#primaryimage"},"thumbnailUrl":"https:\/\/www.revuemusicale.ch\/wp-content\/uploads\/2023\/01\/Camerata_Bern.jpg","articleSection":["Critiques","Disques"],"inLanguage":"en-US"},{"@type":"WebPage","@id":"https:\/\/www.revuemusicale.ch\/critiques\/disques\/2021\/10\/plaisirs-illumines","url":"https:\/\/www.revuemusicale.ch\/critiques\/disques\/2021\/10\/plaisirs-illumines","name":"L'ascension de la \u00ab Grosse Nachtmusik \u00bb - Revue Musicale Suisse","isPartOf":{"@id":"https:\/\/www.revuemusicale.ch\/#website"},"primaryImageOfPage":{"@id":"https:\/\/www.revuemusicale.ch\/critiques\/disques\/2021\/10\/plaisirs-illumines#primaryimage"},"image":{"@id":"https:\/\/www.revuemusicale.ch\/critiques\/disques\/2021\/10\/plaisirs-illumines#primaryimage"},"thumbnailUrl":"https:\/\/www.revuemusicale.ch\/wp-content\/uploads\/2023\/01\/Camerata_Bern.jpg","datePublished":"2021-10-27T09:40:39+00:00","dateModified":"2024-06-27T09:47:20+00:00","breadcrumb":{"@id":"https:\/\/www.revuemusicale.ch\/critiques\/disques\/2021\/10\/plaisirs-illumines#breadcrumb"},"inLanguage":"en-US","potentialAction":[{"@type":"ReadAction","target":["https:\/\/www.revuemusicale.ch\/critiques\/disques\/2021\/10\/plaisirs-illumines"]}]},{"@type":"ImageObject","inLanguage":"en-US","@id":"https:\/\/www.revuemusicale.ch\/critiques\/disques\/2021\/10\/plaisirs-illumines#primaryimage","url":"https:\/\/www.revuemusicale.ch\/wp-content\/uploads\/2023\/01\/Camerata_Bern.jpg","contentUrl":"https:\/\/www.revuemusicale.ch\/wp-content\/uploads\/2023\/01\/Camerata_Bern.jpg","width":554,"height":341},{"@type":"BreadcrumbList","@id":"https:\/\/www.revuemusicale.ch\/critiques\/disques\/2021\/10\/plaisirs-illumines#breadcrumb","itemListElement":[{"@type":"ListItem","position":1,"name":"Home","item":"https:\/\/www.revuemusicale.ch\/"},{"@type":"ListItem","position":2,"name":"L&rsquo;ascension de la \u00ab Grosse Nachtmusik \u00bb"}]},{"@type":"WebSite","@id":"https:\/\/www.revuemusicale.ch\/#website","url":"https:\/\/www.revuemusicale.ch\/","name":"Swiss Music Review","description":"","publisher":{"@id":"https:\/\/www.revuemusicale.ch\/#organization"},"potentialAction":[{"@type":"SearchAction","target":{"@type":"EntryPoint","urlTemplate":"https:\/\/www.revuemusicale.ch\/?s={search_term_string}"},"query-input":{"@type":"PropertyValueSpecification","valueRequired":true,"valueName":"search_term_string"}}],"inLanguage":"en-US"},{"@type":"Organization","@id":"https:\/\/www.revuemusicale.ch\/#organization","name":"Swiss Music Review","url":"https:\/\/www.revuemusicale.ch\/","logo":{"@type":"ImageObject","inLanguage":"en-US","@id":"https:\/\/www.revuemusicale.ch\/#\/schema\/logo\/image\/","url":"https:\/\/www.revuemusicale.ch\/wp-content\/uploads\/2023\/01\/logo_revuemusicale_musikzeitung.jpg","contentUrl":"https:\/\/www.revuemusicale.ch\/wp-content\/uploads\/2023\/01\/logo_revuemusicale_musikzeitung.jpg","width":1200,"height":243,"caption":"Revue Musicale Suisse"},"image":{"@id":"https:\/\/www.revuemusicale.ch\/#\/schema\/logo\/image\/"},"sameAs":["https:\/\/www.facebook.com\/SchweizerMusikzeitung\/","https:\/\/x.com\/smusikzeitung","https:\/\/www.instagram.com\/musikzeitung.ch\/?hl=de"]},{"@type":"Person","@id":"https:\/\/www.revuemusicale.ch\/#\/schema\/person\/b2fd892c800856270b9dcc6001265712","name":"Musikzeitung-Redaktion","image":{"@type":"ImageObject","inLanguage":"en-US","@id":"https:\/\/secure.gravatar.com\/avatar\/0c7e6a405862e402eb76a70f8a26fc732d07c32931e9fae9ab1582911d2e8a3b?s=96&d=mm&r=g","url":"https:\/\/secure.gravatar.com\/avatar\/0c7e6a405862e402eb76a70f8a26fc732d07c32931e9fae9ab1582911d2e8a3b?s=96&d=mm&r=g","contentUrl":"https:\/\/secure.gravatar.com\/avatar\/0c7e6a405862e402eb76a70f8a26fc732d07c32931e9fae9ab1582911d2e8a3b?s=96&d=mm&r=g","caption":"Musikzeitung-Redaktion"},"sameAs":["http:\/\/wundo-docker.io"],"url":"https:\/\/www.revuemusicale.ch\/en\/author\/admin"}]}},"publishpress_future_action":{"enabled":false,"date":"1970-01-01 01:00:00","action":"change-status","newStatus":"draft","terms":[],"taxonomy":"category","extraData":[]},"publishpress_future_workflow_manual_trigger":{"enabledWorkflows":[]},"_links":{"self":[{"href":"https:\/\/www.revuemusicale.ch\/en\/wp-json\/wp\/v2\/posts\/30432","targetHints":{"allow":["GET"]}}],"collection":[{"href":"https:\/\/www.revuemusicale.ch\/en\/wp-json\/wp\/v2\/posts"}],"about":[{"href":"https:\/\/www.revuemusicale.ch\/en\/wp-json\/wp\/v2\/types\/post"}],"author":[{"embeddable":true,"href":"https:\/\/www.revuemusicale.ch\/en\/wp-json\/wp\/v2\/users\/1"}],"replies":[{"embeddable":true,"href":"https:\/\/www.revuemusicale.ch\/en\/wp-json\/wp\/v2\/comments?post=30432"}],"version-history":[{"count":1,"href":"https:\/\/www.revuemusicale.ch\/en\/wp-json\/wp\/v2\/posts\/30432\/revisions"}],"predecessor-version":[{"id":30433,"href":"https:\/\/www.revuemusicale.ch\/en\/wp-json\/wp\/v2\/posts\/30432\/revisions\/30433"}],"wp:featuredmedia":[{"embeddable":true,"href":"https:\/\/www.revuemusicale.ch\/en\/wp-json\/wp\/v2\/media\/22942"}],"wp:attachment":[{"href":"https:\/\/www.revuemusicale.ch\/en\/wp-json\/wp\/v2\/media?parent=30432"}],"wp:term":[{"taxonomy":"category","embeddable":true,"href":"https:\/\/www.revuemusicale.ch\/en\/wp-json\/wp\/v2\/categories?post=30432"},{"taxonomy":"post_tag","embeddable":true,"href":"https:\/\/www.revuemusicale.ch\/en\/wp-json\/wp\/v2\/tags?post=30432"}],"curies":[{"name":"wp","href":"https:\/\/api.w.org\/{rel}","templated":true}]}}