{"id":30479,"date":"2019-05-01T15:11:53","date_gmt":"2019-05-01T13:11:53","guid":{"rendered":"https:\/\/www.revuemusicale.ch\/?p=30479"},"modified":"2024-06-27T15:15:45","modified_gmt":"2024-06-27T13:15:45","slug":"les-petits-chanteurs-de-st-urs","status":"publish","type":"post","link":"https:\/\/www.revuemusicale.ch\/en\/critiques\/disques\/2019\/05\/les-petits-chanteurs-de-st-urs","title":{"rendered":"Les petits chanteurs de St Urs"},"content":{"rendered":"<figure id=\"attachment_30480\" aria-describedby=\"caption-attachment-30480\" style=\"width: 554px\" class=\"wp-caption alignnone\"><img loading=\"lazy\" decoding=\"async\" class=\"wp-image-30480 size-full\" src=\"https:\/\/www.revuemusicale.ch\/wp-content\/uploads\/2024\/06\/Singknaben.jpg\" alt=\"\" width=\"554\" height=\"369\" srcset=\"https:\/\/www.revuemusicale.ch\/wp-content\/uploads\/2024\/06\/Singknaben.jpg 554w, https:\/\/www.revuemusicale.ch\/wp-content\/uploads\/2024\/06\/Singknaben-300x200.jpg 300w, https:\/\/www.revuemusicale.ch\/wp-content\/uploads\/2024\/06\/Singknaben-18x12.jpg 18w, https:\/\/www.revuemusicale.ch\/wp-content\/uploads\/2024\/06\/Singknaben-263x175.jpg 263w, https:\/\/www.revuemusicale.ch\/wp-content\/uploads\/2024\/06\/Singknaben-525x350.jpg 525w\" sizes=\"auto, (max-width: 554px) 100vw, 554px\" \/><figcaption id=\"caption-attachment-30480\" class=\"wp-caption-text\">Photo: Singknaben<\/figcaption><\/figure>\n<p>While Germany and England have many boys' choirs, the same cannot be said of our own country. Indeed, there are some excellent children's and youth choirs in which the boys can be counted on the finger of one hand. So why continue this tradition today? Simply because it sounds very different from a mixed children's choir. And it's precisely the sound that titillates our ears in this recording by the little singers from Solothurn. With an eclectic and very demanding program, Andreas Reize knows how to lead the voices to produce a rich, round sound.<\/p>\n<p>From Croce's Renaissance to Mendelssohn's sublime\u00a0<em>Richte mich Gott<\/em>\u00a0via the <em>Magnificat<\/em> of Purcell's choral music. But the main interest lies in the discoveries on this recording. If the choir is a little less at ease in the early repertoire (the difficult <em>Magnificat<\/em> by Henry Purcell) he is outstanding in contemporary pieces. By Paul Mealor (*1975), the St Urs singers perform <em>Peace<\/em> then <em>Ubi Caritas<\/em>. We are surprised by the maturity of the sound of the tenors and basses, given that some of them have only just moulted. Some of the pieces are very challenging, both harmonically and rhythmically (<em>Alleluja<\/em> of Runestad or its famous <em>Nyon Nyon, Jubiliate<\/em> Deo, by Ticino composer Ivo Antonini (*1963), <em>Ronda Catonga<\/em>arranged by Pablo Roballo, or <em>Gaur Akelarre<\/em> by Josu Elberdin (*1976), are sung with astonishing aplomb and maturity. In addition to the redoubtable precision of the setting, the voices sound with a beautiful freedom, defying difficulties with happiness. Alongside this rather serious choral journey, there's the pleasure of sweet desserts with <em>Sing A Cappella<\/em> by Ben Parry (*1965) or <em>Skyfall<\/em> arranged for choir by Alex Turley (*1995), and the Solothurn \"standard\" (<em>S'Solothurnerlied<\/em>arrangement by Mario Ursprung (*1944)). If, all too often, we like children's and youth choirs because they're \"pretty\", we're very appreciative of the fact that this recording offers something \"beautiful\". The Singknaben from the Cathedral of Solothurn are playing in the big league!<img loading=\"lazy\" decoding=\"async\" class=\"size-full wp-image-30481 aligncenter\" src=\"https:\/\/www.revuemusicale.ch\/wp-content\/uploads\/2024\/06\/Cover_-Singknaben.jpg\" alt=\"\" width=\"180\" height=\"180\" srcset=\"https:\/\/www.revuemusicale.ch\/wp-content\/uploads\/2024\/06\/Cover_-Singknaben.jpg 180w, https:\/\/www.revuemusicale.ch\/wp-content\/uploads\/2024\/06\/Cover_-Singknaben-12x12.jpg 12w, https:\/\/www.revuemusicale.ch\/wp-content\/uploads\/2024\/06\/Cover_-Singknaben-175x175.jpg 175w, https:\/\/www.revuemusicale.ch\/wp-content\/uploads\/2024\/06\/Cover_-Singknaben-150x150.jpg 150w, https:\/\/www.revuemusicale.ch\/wp-content\/uploads\/2024\/06\/Cover_-Singknaben-100x100.jpg 100w, https:\/\/www.revuemusicale.ch\/wp-content\/uploads\/2024\/06\/Cover_-Singknaben-24x24.jpg 24w, https:\/\/www.revuemusicale.ch\/wp-content\/uploads\/2024\/06\/Cover_-Singknaben-48x48.jpg 48w, https:\/\/www.revuemusicale.ch\/wp-content\/uploads\/2024\/06\/Cover_-Singknaben-96x96.jpg 96w\" sizes=\"auto, (max-width: 180px) 100vw, 180px\" \/><\/p>\n<p><em>Sing a cappella! Singknaben der St. Ursenkathedrale Solothurn, conducted by Andreas Reize. Rondeau Productions ROP6171<\/em><\/p>","protected":false},"excerpt":{"rendered":"<p>A program featuring must-sees and new discoveries, presented by the boys' choir of St Urs Cathedral, Solothurn, conducted by Andreas Reize. <\/p>","protected":false},"author":1,"featured_media":30480,"comment_status":"closed","ping_status":"closed","sticky":false,"template":"","format":"standard","meta":{"_acf_changed":false,"_relevanssi_hide_post":"","_relevanssi_hide_content":"","_relevanssi_pin_for_all":"","_relevanssi_pin_keywords":"","_relevanssi_unpin_keywords":"","_relevanssi_related_keywords":"","_relevanssi_related_include_ids":"","_relevanssi_related_exclude_ids":"","_relevanssi_related_no_append":"","_relevanssi_related_not_related":"","_relevanssi_related_posts":"","_relevanssi_noindex_reason":"","pgc_sgb_lightbox_settings":"","footnotes":""},"categories":[1614,1615],"tags":[],"class_list":["post-30479","post","type-post","status-publish","format-standard","has-post-thumbnail","hentry","category-critiques","category-disques"],"acf":[],"yoast_head":"<!-- This site is optimized with the Yoast SEO plugin v27.3 - https:\/\/yoast.com\/product\/yoast-seo-wordpress\/ -->\n<title>Les petits chanteurs de St Urs - Revue Musicale Suisse<\/title>\n<meta name=\"robots\" content=\"index, follow, max-snippet:-1, max-image-preview:large, max-video-preview:-1\" \/>\n<link rel=\"canonical\" href=\"https:\/\/www.revuemusicale.ch\/en\/critiques\/disques\/2019\/05\/les-petits-chanteurs-de-st-urs\/\" \/>\n<meta property=\"og:locale\" content=\"en_US\" \/>\n<meta property=\"og:type\" content=\"article\" \/>\n<meta property=\"og:title\" content=\"Les petits chanteurs de St Urs - Revue Musicale Suisse\" \/>\n<meta property=\"og:description\" content=\"Un programme avec des incontournables et des d\u00e9couvertes pr\u00e9sent\u00e9s par le ch\u0153ur de gar\u00e7ons de la cath\u00e9drale St Urs de Soleure sous la direction de Andreas Reize.\" \/>\n<meta property=\"og:url\" content=\"https:\/\/www.revuemusicale.ch\/en\/critiques\/disques\/2019\/05\/les-petits-chanteurs-de-st-urs\/\" \/>\n<meta property=\"og:site_name\" content=\"Revue Musicale Suisse\" \/>\n<meta property=\"article:publisher\" content=\"https:\/\/www.facebook.com\/SchweizerMusikzeitung\/\" \/>\n<meta property=\"article:published_time\" content=\"2019-05-01T13:11:53+00:00\" \/>\n<meta property=\"article:modified_time\" content=\"2024-06-27T13:15:45+00:00\" \/>\n<meta property=\"og:image\" content=\"https:\/\/www.revuemusicale.ch\/wp-content\/uploads\/2024\/06\/Singknaben.jpg\" \/>\n\t<meta property=\"og:image:width\" content=\"554\" \/>\n\t<meta property=\"og:image:height\" content=\"369\" \/>\n\t<meta property=\"og:image:type\" content=\"image\/jpeg\" \/>\n<meta name=\"author\" content=\"Musikzeitung-Redaktion\" \/>\n<meta name=\"twitter:card\" content=\"summary_large_image\" \/>\n<meta name=\"twitter:creator\" content=\"@smusikzeitung\" \/>\n<meta name=\"twitter:site\" content=\"@smusikzeitung\" \/>\n<meta name=\"twitter:label1\" content=\"Written by\" \/>\n\t<meta name=\"twitter:data1\" content=\"Musikzeitung-Redaktion\" \/>\n\t<meta name=\"twitter:label2\" content=\"Est. reading time\" \/>\n\t<meta name=\"twitter:data2\" content=\"2 minutes\" \/>\n<script type=\"application\/ld+json\" class=\"yoast-schema-graph\">{\"@context\":\"https:\\\/\\\/schema.org\",\"@graph\":[{\"@type\":\"Article\",\"@id\":\"https:\\\/\\\/www.revuemusicale.ch\\\/critiques\\\/disques\\\/2019\\\/05\\\/les-petits-chanteurs-de-st-urs#article\",\"isPartOf\":{\"@id\":\"https:\\\/\\\/www.revuemusicale.ch\\\/critiques\\\/disques\\\/2019\\\/05\\\/les-petits-chanteurs-de-st-urs\"},\"author\":{\"name\":\"Musikzeitung-Redaktion\",\"@id\":\"https:\\\/\\\/www.revuemusicale.ch\\\/#\\\/schema\\\/person\\\/b2fd892c800856270b9dcc6001265712\"},\"headline\":\"Les petits chanteurs de St Urs\",\"datePublished\":\"2019-05-01T13:11:53+00:00\",\"dateModified\":\"2024-06-27T13:15:45+00:00\",\"mainEntityOfPage\":{\"@id\":\"https:\\\/\\\/www.revuemusicale.ch\\\/critiques\\\/disques\\\/2019\\\/05\\\/les-petits-chanteurs-de-st-urs\"},\"wordCount\":433,\"publisher\":{\"@id\":\"https:\\\/\\\/www.revuemusicale.ch\\\/#organization\"},\"image\":{\"@id\":\"https:\\\/\\\/www.revuemusicale.ch\\\/critiques\\\/disques\\\/2019\\\/05\\\/les-petits-chanteurs-de-st-urs#primaryimage\"},\"thumbnailUrl\":\"https:\\\/\\\/www.revuemusicale.ch\\\/wp-content\\\/uploads\\\/2024\\\/06\\\/Singknaben.jpg\",\"articleSection\":[\"Critiques\",\"Disques\"],\"inLanguage\":\"en-US\"},{\"@type\":\"WebPage\",\"@id\":\"https:\\\/\\\/www.revuemusicale.ch\\\/critiques\\\/disques\\\/2019\\\/05\\\/les-petits-chanteurs-de-st-urs\",\"url\":\"https:\\\/\\\/www.revuemusicale.ch\\\/critiques\\\/disques\\\/2019\\\/05\\\/les-petits-chanteurs-de-st-urs\",\"name\":\"Les petits chanteurs de St Urs - Revue Musicale Suisse\",\"isPartOf\":{\"@id\":\"https:\\\/\\\/www.revuemusicale.ch\\\/#website\"},\"primaryImageOfPage\":{\"@id\":\"https:\\\/\\\/www.revuemusicale.ch\\\/critiques\\\/disques\\\/2019\\\/05\\\/les-petits-chanteurs-de-st-urs#primaryimage\"},\"image\":{\"@id\":\"https:\\\/\\\/www.revuemusicale.ch\\\/critiques\\\/disques\\\/2019\\\/05\\\/les-petits-chanteurs-de-st-urs#primaryimage\"},\"thumbnailUrl\":\"https:\\\/\\\/www.revuemusicale.ch\\\/wp-content\\\/uploads\\\/2024\\\/06\\\/Singknaben.jpg\",\"datePublished\":\"2019-05-01T13:11:53+00:00\",\"dateModified\":\"2024-06-27T13:15:45+00:00\",\"breadcrumb\":{\"@id\":\"https:\\\/\\\/www.revuemusicale.ch\\\/critiques\\\/disques\\\/2019\\\/05\\\/les-petits-chanteurs-de-st-urs#breadcrumb\"},\"inLanguage\":\"en-US\",\"potentialAction\":[{\"@type\":\"ReadAction\",\"target\":[\"https:\\\/\\\/www.revuemusicale.ch\\\/critiques\\\/disques\\\/2019\\\/05\\\/les-petits-chanteurs-de-st-urs\"]}]},{\"@type\":\"ImageObject\",\"inLanguage\":\"en-US\",\"@id\":\"https:\\\/\\\/www.revuemusicale.ch\\\/critiques\\\/disques\\\/2019\\\/05\\\/les-petits-chanteurs-de-st-urs#primaryimage\",\"url\":\"https:\\\/\\\/www.revuemusicale.ch\\\/wp-content\\\/uploads\\\/2024\\\/06\\\/Singknaben.jpg\",\"contentUrl\":\"https:\\\/\\\/www.revuemusicale.ch\\\/wp-content\\\/uploads\\\/2024\\\/06\\\/Singknaben.jpg\",\"width\":554,\"height\":369},{\"@type\":\"BreadcrumbList\",\"@id\":\"https:\\\/\\\/www.revuemusicale.ch\\\/critiques\\\/disques\\\/2019\\\/05\\\/les-petits-chanteurs-de-st-urs#breadcrumb\",\"itemListElement\":[{\"@type\":\"ListItem\",\"position\":1,\"name\":\"Home\",\"item\":\"https:\\\/\\\/www.revuemusicale.ch\\\/\"},{\"@type\":\"ListItem\",\"position\":2,\"name\":\"Les petits chanteurs de St Urs\"}]},{\"@type\":\"WebSite\",\"@id\":\"https:\\\/\\\/www.revuemusicale.ch\\\/#website\",\"url\":\"https:\\\/\\\/www.revuemusicale.ch\\\/\",\"name\":\"Revue Musicale Suisse\",\"description\":\"\",\"publisher\":{\"@id\":\"https:\\\/\\\/www.revuemusicale.ch\\\/#organization\"},\"potentialAction\":[{\"@type\":\"SearchAction\",\"target\":{\"@type\":\"EntryPoint\",\"urlTemplate\":\"https:\\\/\\\/www.revuemusicale.ch\\\/?s={search_term_string}\"},\"query-input\":{\"@type\":\"PropertyValueSpecification\",\"valueRequired\":true,\"valueName\":\"search_term_string\"}}],\"inLanguage\":\"en-US\"},{\"@type\":\"Organization\",\"@id\":\"https:\\\/\\\/www.revuemusicale.ch\\\/#organization\",\"name\":\"Revue Musicale Suisse\",\"url\":\"https:\\\/\\\/www.revuemusicale.ch\\\/\",\"logo\":{\"@type\":\"ImageObject\",\"inLanguage\":\"en-US\",\"@id\":\"https:\\\/\\\/www.revuemusicale.ch\\\/#\\\/schema\\\/logo\\\/image\\\/\",\"url\":\"https:\\\/\\\/www.revuemusicale.ch\\\/wp-content\\\/uploads\\\/2023\\\/01\\\/logo_revuemusicale_musikzeitung.jpg\",\"contentUrl\":\"https:\\\/\\\/www.revuemusicale.ch\\\/wp-content\\\/uploads\\\/2023\\\/01\\\/logo_revuemusicale_musikzeitung.jpg\",\"width\":1200,\"height\":243,\"caption\":\"Revue Musicale Suisse\"},\"image\":{\"@id\":\"https:\\\/\\\/www.revuemusicale.ch\\\/#\\\/schema\\\/logo\\\/image\\\/\"},\"sameAs\":[\"https:\\\/\\\/www.facebook.com\\\/SchweizerMusikzeitung\\\/\",\"https:\\\/\\\/x.com\\\/smusikzeitung\",\"https:\\\/\\\/www.instagram.com\\\/musikzeitung.ch\\\/?hl=de\"]},{\"@type\":\"Person\",\"@id\":\"https:\\\/\\\/www.revuemusicale.ch\\\/#\\\/schema\\\/person\\\/b2fd892c800856270b9dcc6001265712\",\"name\":\"Musikzeitung-Redaktion\",\"image\":{\"@type\":\"ImageObject\",\"inLanguage\":\"en-US\",\"@id\":\"https:\\\/\\\/secure.gravatar.com\\\/avatar\\\/0c7e6a405862e402eb76a70f8a26fc732d07c32931e9fae9ab1582911d2e8a3b?s=96&d=mm&r=g\",\"url\":\"https:\\\/\\\/secure.gravatar.com\\\/avatar\\\/0c7e6a405862e402eb76a70f8a26fc732d07c32931e9fae9ab1582911d2e8a3b?s=96&d=mm&r=g\",\"contentUrl\":\"https:\\\/\\\/secure.gravatar.com\\\/avatar\\\/0c7e6a405862e402eb76a70f8a26fc732d07c32931e9fae9ab1582911d2e8a3b?s=96&d=mm&r=g\",\"caption\":\"Musikzeitung-Redaktion\"},\"sameAs\":[\"http:\\\/\\\/wundo-docker.io\"],\"url\":\"https:\\\/\\\/www.revuemusicale.ch\\\/en\\\/author\\\/admin\"}]}<\/script>\n<!-- \/ Yoast SEO plugin. -->","yoast_head_json":{"title":"Les petits chanteurs de St Urs - Revue Musicale Suisse","robots":{"index":"index","follow":"follow","max-snippet":"max-snippet:-1","max-image-preview":"max-image-preview:large","max-video-preview":"max-video-preview:-1"},"canonical":"https:\/\/www.revuemusicale.ch\/en\/critiques\/disques\/2019\/05\/les-petits-chanteurs-de-st-urs\/","og_locale":"en_US","og_type":"article","og_title":"Les petits chanteurs de St Urs - Revue Musicale Suisse","og_description":"Un programme avec des incontournables et des d\u00e9couvertes pr\u00e9sent\u00e9s par le ch\u0153ur de gar\u00e7ons de la cath\u00e9drale St Urs de Soleure sous la direction de Andreas Reize.","og_url":"https:\/\/www.revuemusicale.ch\/en\/critiques\/disques\/2019\/05\/les-petits-chanteurs-de-st-urs\/","og_site_name":"Revue Musicale Suisse","article_publisher":"https:\/\/www.facebook.com\/SchweizerMusikzeitung\/","article_published_time":"2019-05-01T13:11:53+00:00","article_modified_time":"2024-06-27T13:15:45+00:00","og_image":[{"width":554,"height":369,"url":"https:\/\/www.revuemusicale.ch\/wp-content\/uploads\/2024\/06\/Singknaben.jpg","type":"image\/jpeg"}],"author":"Musikzeitung-Redaktion","twitter_card":"summary_large_image","twitter_creator":"@smusikzeitung","twitter_site":"@smusikzeitung","twitter_misc":{"Written by":"Musikzeitung-Redaktion","Est. reading time":"2 minutes"},"schema":{"@context":"https:\/\/schema.org","@graph":[{"@type":"Article","@id":"https:\/\/www.revuemusicale.ch\/critiques\/disques\/2019\/05\/les-petits-chanteurs-de-st-urs#article","isPartOf":{"@id":"https:\/\/www.revuemusicale.ch\/critiques\/disques\/2019\/05\/les-petits-chanteurs-de-st-urs"},"author":{"name":"Musikzeitung-Redaktion","@id":"https:\/\/www.revuemusicale.ch\/#\/schema\/person\/b2fd892c800856270b9dcc6001265712"},"headline":"Les petits chanteurs de St Urs","datePublished":"2019-05-01T13:11:53+00:00","dateModified":"2024-06-27T13:15:45+00:00","mainEntityOfPage":{"@id":"https:\/\/www.revuemusicale.ch\/critiques\/disques\/2019\/05\/les-petits-chanteurs-de-st-urs"},"wordCount":433,"publisher":{"@id":"https:\/\/www.revuemusicale.ch\/#organization"},"image":{"@id":"https:\/\/www.revuemusicale.ch\/critiques\/disques\/2019\/05\/les-petits-chanteurs-de-st-urs#primaryimage"},"thumbnailUrl":"https:\/\/www.revuemusicale.ch\/wp-content\/uploads\/2024\/06\/Singknaben.jpg","articleSection":["Critiques","Disques"],"inLanguage":"en-US"},{"@type":"WebPage","@id":"https:\/\/www.revuemusicale.ch\/critiques\/disques\/2019\/05\/les-petits-chanteurs-de-st-urs","url":"https:\/\/www.revuemusicale.ch\/critiques\/disques\/2019\/05\/les-petits-chanteurs-de-st-urs","name":"Les petits chanteurs de St Urs - Revue Musicale Suisse","isPartOf":{"@id":"https:\/\/www.revuemusicale.ch\/#website"},"primaryImageOfPage":{"@id":"https:\/\/www.revuemusicale.ch\/critiques\/disques\/2019\/05\/les-petits-chanteurs-de-st-urs#primaryimage"},"image":{"@id":"https:\/\/www.revuemusicale.ch\/critiques\/disques\/2019\/05\/les-petits-chanteurs-de-st-urs#primaryimage"},"thumbnailUrl":"https:\/\/www.revuemusicale.ch\/wp-content\/uploads\/2024\/06\/Singknaben.jpg","datePublished":"2019-05-01T13:11:53+00:00","dateModified":"2024-06-27T13:15:45+00:00","breadcrumb":{"@id":"https:\/\/www.revuemusicale.ch\/critiques\/disques\/2019\/05\/les-petits-chanteurs-de-st-urs#breadcrumb"},"inLanguage":"en-US","potentialAction":[{"@type":"ReadAction","target":["https:\/\/www.revuemusicale.ch\/critiques\/disques\/2019\/05\/les-petits-chanteurs-de-st-urs"]}]},{"@type":"ImageObject","inLanguage":"en-US","@id":"https:\/\/www.revuemusicale.ch\/critiques\/disques\/2019\/05\/les-petits-chanteurs-de-st-urs#primaryimage","url":"https:\/\/www.revuemusicale.ch\/wp-content\/uploads\/2024\/06\/Singknaben.jpg","contentUrl":"https:\/\/www.revuemusicale.ch\/wp-content\/uploads\/2024\/06\/Singknaben.jpg","width":554,"height":369},{"@type":"BreadcrumbList","@id":"https:\/\/www.revuemusicale.ch\/critiques\/disques\/2019\/05\/les-petits-chanteurs-de-st-urs#breadcrumb","itemListElement":[{"@type":"ListItem","position":1,"name":"Home","item":"https:\/\/www.revuemusicale.ch\/"},{"@type":"ListItem","position":2,"name":"Les petits chanteurs de St Urs"}]},{"@type":"WebSite","@id":"https:\/\/www.revuemusicale.ch\/#website","url":"https:\/\/www.revuemusicale.ch\/","name":"Swiss Music Review","description":"","publisher":{"@id":"https:\/\/www.revuemusicale.ch\/#organization"},"potentialAction":[{"@type":"SearchAction","target":{"@type":"EntryPoint","urlTemplate":"https:\/\/www.revuemusicale.ch\/?s={search_term_string}"},"query-input":{"@type":"PropertyValueSpecification","valueRequired":true,"valueName":"search_term_string"}}],"inLanguage":"en-US"},{"@type":"Organization","@id":"https:\/\/www.revuemusicale.ch\/#organization","name":"Swiss Music Review","url":"https:\/\/www.revuemusicale.ch\/","logo":{"@type":"ImageObject","inLanguage":"en-US","@id":"https:\/\/www.revuemusicale.ch\/#\/schema\/logo\/image\/","url":"https:\/\/www.revuemusicale.ch\/wp-content\/uploads\/2023\/01\/logo_revuemusicale_musikzeitung.jpg","contentUrl":"https:\/\/www.revuemusicale.ch\/wp-content\/uploads\/2023\/01\/logo_revuemusicale_musikzeitung.jpg","width":1200,"height":243,"caption":"Revue Musicale Suisse"},"image":{"@id":"https:\/\/www.revuemusicale.ch\/#\/schema\/logo\/image\/"},"sameAs":["https:\/\/www.facebook.com\/SchweizerMusikzeitung\/","https:\/\/x.com\/smusikzeitung","https:\/\/www.instagram.com\/musikzeitung.ch\/?hl=de"]},{"@type":"Person","@id":"https:\/\/www.revuemusicale.ch\/#\/schema\/person\/b2fd892c800856270b9dcc6001265712","name":"Musikzeitung-Redaktion","image":{"@type":"ImageObject","inLanguage":"en-US","@id":"https:\/\/secure.gravatar.com\/avatar\/0c7e6a405862e402eb76a70f8a26fc732d07c32931e9fae9ab1582911d2e8a3b?s=96&d=mm&r=g","url":"https:\/\/secure.gravatar.com\/avatar\/0c7e6a405862e402eb76a70f8a26fc732d07c32931e9fae9ab1582911d2e8a3b?s=96&d=mm&r=g","contentUrl":"https:\/\/secure.gravatar.com\/avatar\/0c7e6a405862e402eb76a70f8a26fc732d07c32931e9fae9ab1582911d2e8a3b?s=96&d=mm&r=g","caption":"Musikzeitung-Redaktion"},"sameAs":["http:\/\/wundo-docker.io"],"url":"https:\/\/www.revuemusicale.ch\/en\/author\/admin"}]}},"publishpress_future_action":{"enabled":false,"date":"1970-01-01 01:00:00","action":"change-status","newStatus":"draft","terms":[],"taxonomy":"category","extraData":[]},"publishpress_future_workflow_manual_trigger":{"enabledWorkflows":[]},"_links":{"self":[{"href":"https:\/\/www.revuemusicale.ch\/en\/wp-json\/wp\/v2\/posts\/30479","targetHints":{"allow":["GET"]}}],"collection":[{"href":"https:\/\/www.revuemusicale.ch\/en\/wp-json\/wp\/v2\/posts"}],"about":[{"href":"https:\/\/www.revuemusicale.ch\/en\/wp-json\/wp\/v2\/types\/post"}],"author":[{"embeddable":true,"href":"https:\/\/www.revuemusicale.ch\/en\/wp-json\/wp\/v2\/users\/1"}],"replies":[{"embeddable":true,"href":"https:\/\/www.revuemusicale.ch\/en\/wp-json\/wp\/v2\/comments?post=30479"}],"version-history":[{"count":1,"href":"https:\/\/www.revuemusicale.ch\/en\/wp-json\/wp\/v2\/posts\/30479\/revisions"}],"predecessor-version":[{"id":30482,"href":"https:\/\/www.revuemusicale.ch\/en\/wp-json\/wp\/v2\/posts\/30479\/revisions\/30482"}],"wp:featuredmedia":[{"embeddable":true,"href":"https:\/\/www.revuemusicale.ch\/en\/wp-json\/wp\/v2\/media\/30480"}],"wp:attachment":[{"href":"https:\/\/www.revuemusicale.ch\/en\/wp-json\/wp\/v2\/media?parent=30479"}],"wp:term":[{"taxonomy":"category","embeddable":true,"href":"https:\/\/www.revuemusicale.ch\/en\/wp-json\/wp\/v2\/categories?post=30479"},{"taxonomy":"post_tag","embeddable":true,"href":"https:\/\/www.revuemusicale.ch\/en\/wp-json\/wp\/v2\/tags?post=30479"}],"curies":[{"name":"wp","href":"https:\/\/api.w.org\/{rel}","templated":true}]}}