{"id":30492,"date":"2018-04-27T15:30:08","date_gmt":"2018-04-27T13:30:08","guid":{"rendered":"https:\/\/www.revuemusicale.ch\/?p=30492"},"modified":"2024-06-27T15:47:44","modified_gmt":"2024-06-27T13:47:44","slug":"musiques-genevoises","status":"publish","type":"post","link":"https:\/\/www.revuemusicale.ch\/en\/critiques\/disques\/2018\/04\/musiques-genevoises","title":{"rendered":"Genevan music through the centuries"},"content":{"rendered":"<figure id=\"attachment_30493\" aria-describedby=\"caption-attachment-30493\" style=\"width: 554px\" class=\"wp-caption alignnone\"><img loading=\"lazy\" decoding=\"async\" class=\"wp-image-30493 size-full\" src=\"https:\/\/www.revuemusicale.ch\/wp-content\/uploads\/2024\/06\/Geneve.jpg\" alt=\"\" width=\"554\" height=\"357\" srcset=\"https:\/\/www.revuemusicale.ch\/wp-content\/uploads\/2024\/06\/Geneve.jpg 554w, https:\/\/www.revuemusicale.ch\/wp-content\/uploads\/2024\/06\/Geneve-300x193.jpg 300w, https:\/\/www.revuemusicale.ch\/wp-content\/uploads\/2024\/06\/Geneve-18x12.jpg 18w, https:\/\/www.revuemusicale.ch\/wp-content\/uploads\/2024\/06\/Geneve-272x175.jpg 272w, https:\/\/www.revuemusicale.ch\/wp-content\/uploads\/2024\/06\/Geneve-543x350.jpg 543w\" sizes=\"auto, (max-width: 554px) 100vw, 554px\" \/><figcaption id=\"caption-attachment-30493\" class=\"wp-caption-text\">Photo : Falcon Photograph\/flickr.com<\/figcaption><\/figure>\n<p>It's a wonderful initiative to introduce us to little-known pages written by composers of the 20th century.<sup>e<\/sup> century that have remained too confidential.<\/p>\n<p>Genevan composers? Is there a common element, apart from provenance? Calvinist austerity? Not necessarily. Sometimes, a little, all the same: despite the era, we wisely remain in the tonal or modal expanded and measured. The Geneva quartet traverses these pages with impeccable intonation. Fran\u00e7ois Payet-Labonne and Sidonie Bougamont (violins), Emmanuel Morel (viola) and Andr\u00e9 Wanders (cello) offer us a wide palette of colors in a program that begins with the quartet by Jean Binet (1893-1960). This is a work written with great skill. It reveals a fine sense of development, originality and personality.<\/p>\n<p>Pierre Wissmer (1915-1992) writes his 2<sup>e<\/sup> quartet with an eye for sonic refinement. While remaining formally within a very classical mold, the piece moves within a very broad and perfectly mastered tonal system.<\/p>\n<p>With the 2<sup>e<\/sup> quartet <em>Divertimento<\/em> by Henri Gagnebin (1886-1977), we return to a relatively more classical harmonic world. The combined influence of Debussy and Ravel is clearly evident. Written in four movements, the work reveals a fine sense of melody. A pleasant and endearing piece of music.<\/p>\n<p>It is difficult to find unity in the five movements that make up the <em>Romantic celebration<\/em> by Bernard Schul\u00e9 (1909-1996). His quartet could be film music, a genre in which the composer often dabbled. We move from one scene to another, from a rural setting to an unrelated fugue. The composer's personality is best revealed in 2.<sup>e<\/sup> movement <em>quasi improvvisata<\/em>as well as in the charming popular quotations of the 3<sup>e<\/sup> part.<\/p>\n<p>The title of these three preludes and ricercari by Bernard Reichel (1901-1992) sets the tone. The gentle rhythmic sway of the preludes lulls us into a dreamy state, sustained by the performers' beautiful half-tones. Each prelude is followed by a ricercare in which the reference to the ancients is obvious. Fortunately, however, this is not the neo-classicism fashionable at the time among certain composers in search of new ideas: there is real inspiration here. The Geneva quartet reinforces the ancient reference by its vibrato-free playing.<\/p>\n<p>The strength of this recording lies above all in the fact that the musicians manage, with great dedication, to change their style and sound to suit each page. Intelligent, sensitive interpretations. What more could you ask for?<img loading=\"lazy\" decoding=\"async\" class=\"aligncenter wp-image-30494 size-full\" src=\"https:\/\/www.revuemusicale.ch\/wp-content\/uploads\/2024\/06\/Geneve_klein.jpg\" alt=\"\" width=\"180\" height=\"162\" srcset=\"https:\/\/www.revuemusicale.ch\/wp-content\/uploads\/2024\/06\/Geneve_klein.jpg 180w, https:\/\/www.revuemusicale.ch\/wp-content\/uploads\/2024\/06\/Geneve_klein-13x12.jpg 13w\" sizes=\"auto, (max-width: 180px) 100vw, 180px\" \/><\/p>\n<p><em>Quatuor de Gen\u00e8ve: Composers from Geneva (Binet, Wissmer, Gagnebin, Schul\u00e9, Reichel). Gallo CD 1463<\/em><\/p>\n<p>&nbsp;<\/p>\n<p>Curious music lovers may have heard of Wissmer, Binet, Schul\u00e9, Gagnebin and Reichel, but I defy them to sing a melodic line by Gaspard Fritz, Friedrich Schwindl or Nicolas Scherrer! With this double-album, we're off into the great unknown. Sometimes you might think that if a composer from previous centuries has been forgotten, it's because his music wasn't of sufficient interest. Not so with this recording!<\/p>\n<p>It's a real pleasure to listen to this refined, gallant but never superficial music. All the more so as the performers articulate their discourse with remarkable acuity. Led from the violin by Florence Malgoire, the Geneva HEM Baroque Orchestra is made up of professional students who believe in what they do. The balance between strings and wind is ideal, bringing out every stratum of the sound architecture. It's both clear and perfectly homogeneous. Ideal conditions for discovering the beautiful symphonic pages of Gaspard Fritz (1716-1783) and Friedrich Schwindl (1737-1786).<\/p>\n<p>The second CD is devoted to chamber music by the above-mentioned composers, plus Nicolas Scherrer (1747-1821). The members of the \"Le Harmoniche Sfere\" ensemble bring their in-depth knowledge of this repertoire to bear on their luminous musicality. Denitsa Kasakova's lyrical violin always tells a story, supported by the ductile touch of Paolo Corsi's fortepiano, played on a magnificent instrument by Johann Andreas Stein (1782). The shimmer of Esm\u00e9 de Vries's cello is an added bonus. Thanks to their perfect complicity, but also to the excellence of the sound recording, one never has the impression of a solo instrument pulling the cover, accompanied in the shadows by instruments in the background. That's rare enough to be worth noting!<\/p>\n<p><em>(This recording accompanies the book \"Musiciens et amateurs\" by Corinne Walker, published by La Baconni\u00e8re\/Arts, cf. <a href=\"https:\/\/www.revuemusicale.ch\/en\/critiques\/2018\/03\/la-musique-a-geneve\/\" target=\"_blank\" rel=\"noopener\">review in RMS 4\/2018<\/a>, p. 16.)<img loading=\"lazy\" decoding=\"async\" class=\"size-full wp-image-30495 aligncenter\" src=\"https:\/\/www.revuemusicale.ch\/wp-content\/uploads\/2024\/06\/Geneve2.jpg\" alt=\"\" width=\"180\" height=\"180\" srcset=\"https:\/\/www.revuemusicale.ch\/wp-content\/uploads\/2024\/06\/Geneve2.jpg 180w, https:\/\/www.revuemusicale.ch\/wp-content\/uploads\/2024\/06\/Geneve2-12x12.jpg 12w, https:\/\/www.revuemusicale.ch\/wp-content\/uploads\/2024\/06\/Geneve2-175x175.jpg 175w, https:\/\/www.revuemusicale.ch\/wp-content\/uploads\/2024\/06\/Geneve2-150x150.jpg 150w, https:\/\/www.revuemusicale.ch\/wp-content\/uploads\/2024\/06\/Geneve2-100x100.jpg 100w, https:\/\/www.revuemusicale.ch\/wp-content\/uploads\/2024\/06\/Geneve2-24x24.jpg 24w, https:\/\/www.revuemusicale.ch\/wp-content\/uploads\/2024\/06\/Geneve2-48x48.jpg 48w, https:\/\/www.revuemusicale.ch\/wp-content\/uploads\/2024\/06\/Geneve2-96x96.jpg 96w\" sizes=\"auto, (max-width: 180px) 100vw, 180px\" \/><\/em><\/p>\n<p><em>Geneva in the Age of Enlightenment. Florence Malgoire, Violin and Conductor; Geneva HEM Baroque Orchestra; Paolo Corsi, Pianoforte; Le Harmoniche Sfere. Claves Rarities 50-1610\/11 (2 cd)<\/em><\/p>\n<p>&nbsp;<\/p>","protected":false},"excerpt":{"rendered":"<p>What discoveries! Five quartets by 20th-century Geneva composers (Wissmer, Binet, Schul\u00e9, Gagnebin and Reichel), followed by music from the Age of Enlightenment (Gaspard Fritz, Friedrich Schwindl and Nicolas Scherrer).<\/p>","protected":false},"author":1,"featured_media":30493,"comment_status":"closed","ping_status":"closed","sticky":false,"template":"","format":"standard","meta":{"_acf_changed":false,"_relevanssi_hide_post":"","_relevanssi_hide_content":"","_relevanssi_pin_for_all":"","_relevanssi_pin_keywords":"","_relevanssi_unpin_keywords":"","_relevanssi_related_keywords":"","_relevanssi_related_include_ids":"","_relevanssi_related_exclude_ids":"","_relevanssi_related_no_append":"","_relevanssi_related_not_related":"","_relevanssi_related_posts":"","_relevanssi_noindex_reason":"","pgc_sgb_lightbox_settings":"","footnotes":""},"categories":[1614,1615],"tags":[],"class_list":["post-30492","post","type-post","status-publish","format-standard","has-post-thumbnail","hentry","category-critiques","category-disques"],"acf":[],"yoast_head":"<!-- This site is optimized with the Yoast SEO plugin v27.3 - https:\/\/yoast.com\/product\/yoast-seo-wordpress\/ -->\n<title>Musiques genevoises \u00e0 travers les si\u00e8cles - Revue Musicale Suisse<\/title>\n<meta name=\"robots\" content=\"index, follow, max-snippet:-1, max-image-preview:large, max-video-preview:-1\" \/>\n<link rel=\"canonical\" href=\"https:\/\/www.revuemusicale.ch\/en\/critiques\/disques\/2018\/04\/musiques-genevoises\/\" \/>\n<meta property=\"og:locale\" content=\"en_US\" \/>\n<meta property=\"og:type\" content=\"article\" \/>\n<meta property=\"og:title\" content=\"Musiques genevoises \u00e0 travers les si\u00e8cles - Revue Musicale Suisse\" \/>\n<meta property=\"og:description\" content=\"Quelles d\u00e9couvertes ! Cinq quatuors de compositeurs genevois du 20e si\u00e8cle (Wissmer, Binet, Schul\u00e9, Gagnebin et Reichel), suivis de musiques du si\u00e8cle des lumi\u00e8res (Gaspard Fritz, Friedrich Schwindl et Nicolas Scherrer).\" \/>\n<meta property=\"og:url\" content=\"https:\/\/www.revuemusicale.ch\/en\/critiques\/disques\/2018\/04\/musiques-genevoises\/\" \/>\n<meta property=\"og:site_name\" content=\"Revue Musicale Suisse\" \/>\n<meta property=\"article:publisher\" content=\"https:\/\/www.facebook.com\/SchweizerMusikzeitung\/\" \/>\n<meta property=\"article:published_time\" content=\"2018-04-27T13:30:08+00:00\" \/>\n<meta property=\"article:modified_time\" content=\"2024-06-27T13:47:44+00:00\" \/>\n<meta property=\"og:image\" content=\"https:\/\/www.revuemusicale.ch\/wp-content\/uploads\/2024\/06\/Geneve.jpg\" \/>\n\t<meta property=\"og:image:width\" content=\"554\" \/>\n\t<meta property=\"og:image:height\" content=\"357\" \/>\n\t<meta property=\"og:image:type\" content=\"image\/jpeg\" \/>\n<meta name=\"author\" content=\"Musikzeitung-Redaktion\" \/>\n<meta name=\"twitter:card\" content=\"summary_large_image\" \/>\n<meta name=\"twitter:creator\" content=\"@smusikzeitung\" \/>\n<meta name=\"twitter:site\" content=\"@smusikzeitung\" \/>\n<meta name=\"twitter:label1\" content=\"Written by\" \/>\n\t<meta name=\"twitter:data1\" content=\"Musikzeitung-Redaktion\" \/>\n\t<meta name=\"twitter:label2\" content=\"Est. reading time\" \/>\n\t<meta name=\"twitter:data2\" content=\"4 minutes\" \/>\n<script type=\"application\/ld+json\" class=\"yoast-schema-graph\">{\"@context\":\"https:\\\/\\\/schema.org\",\"@graph\":[{\"@type\":\"Article\",\"@id\":\"https:\\\/\\\/www.revuemusicale.ch\\\/critiques\\\/disques\\\/2018\\\/04\\\/musiques-genevoises#article\",\"isPartOf\":{\"@id\":\"https:\\\/\\\/www.revuemusicale.ch\\\/critiques\\\/disques\\\/2018\\\/04\\\/musiques-genevoises\"},\"author\":{\"name\":\"Musikzeitung-Redaktion\",\"@id\":\"https:\\\/\\\/www.revuemusicale.ch\\\/#\\\/schema\\\/person\\\/b2fd892c800856270b9dcc6001265712\"},\"headline\":\"Musiques genevoises \u00e0 travers les si\u00e8cles\",\"datePublished\":\"2018-04-27T13:30:08+00:00\",\"dateModified\":\"2024-06-27T13:47:44+00:00\",\"mainEntityOfPage\":{\"@id\":\"https:\\\/\\\/www.revuemusicale.ch\\\/critiques\\\/disques\\\/2018\\\/04\\\/musiques-genevoises\"},\"wordCount\":866,\"publisher\":{\"@id\":\"https:\\\/\\\/www.revuemusicale.ch\\\/#organization\"},\"image\":{\"@id\":\"https:\\\/\\\/www.revuemusicale.ch\\\/critiques\\\/disques\\\/2018\\\/04\\\/musiques-genevoises#primaryimage\"},\"thumbnailUrl\":\"https:\\\/\\\/www.revuemusicale.ch\\\/wp-content\\\/uploads\\\/2024\\\/06\\\/Geneve.jpg\",\"articleSection\":[\"Critiques\",\"Disques\"],\"inLanguage\":\"en-US\"},{\"@type\":\"WebPage\",\"@id\":\"https:\\\/\\\/www.revuemusicale.ch\\\/critiques\\\/disques\\\/2018\\\/04\\\/musiques-genevoises\",\"url\":\"https:\\\/\\\/www.revuemusicale.ch\\\/critiques\\\/disques\\\/2018\\\/04\\\/musiques-genevoises\",\"name\":\"Musiques genevoises \u00e0 travers les si\u00e8cles - Revue Musicale Suisse\",\"isPartOf\":{\"@id\":\"https:\\\/\\\/www.revuemusicale.ch\\\/#website\"},\"primaryImageOfPage\":{\"@id\":\"https:\\\/\\\/www.revuemusicale.ch\\\/critiques\\\/disques\\\/2018\\\/04\\\/musiques-genevoises#primaryimage\"},\"image\":{\"@id\":\"https:\\\/\\\/www.revuemusicale.ch\\\/critiques\\\/disques\\\/2018\\\/04\\\/musiques-genevoises#primaryimage\"},\"thumbnailUrl\":\"https:\\\/\\\/www.revuemusicale.ch\\\/wp-content\\\/uploads\\\/2024\\\/06\\\/Geneve.jpg\",\"datePublished\":\"2018-04-27T13:30:08+00:00\",\"dateModified\":\"2024-06-27T13:47:44+00:00\",\"breadcrumb\":{\"@id\":\"https:\\\/\\\/www.revuemusicale.ch\\\/critiques\\\/disques\\\/2018\\\/04\\\/musiques-genevoises#breadcrumb\"},\"inLanguage\":\"en-US\",\"potentialAction\":[{\"@type\":\"ReadAction\",\"target\":[\"https:\\\/\\\/www.revuemusicale.ch\\\/critiques\\\/disques\\\/2018\\\/04\\\/musiques-genevoises\"]}]},{\"@type\":\"ImageObject\",\"inLanguage\":\"en-US\",\"@id\":\"https:\\\/\\\/www.revuemusicale.ch\\\/critiques\\\/disques\\\/2018\\\/04\\\/musiques-genevoises#primaryimage\",\"url\":\"https:\\\/\\\/www.revuemusicale.ch\\\/wp-content\\\/uploads\\\/2024\\\/06\\\/Geneve.jpg\",\"contentUrl\":\"https:\\\/\\\/www.revuemusicale.ch\\\/wp-content\\\/uploads\\\/2024\\\/06\\\/Geneve.jpg\",\"width\":554,\"height\":357},{\"@type\":\"BreadcrumbList\",\"@id\":\"https:\\\/\\\/www.revuemusicale.ch\\\/critiques\\\/disques\\\/2018\\\/04\\\/musiques-genevoises#breadcrumb\",\"itemListElement\":[{\"@type\":\"ListItem\",\"position\":1,\"name\":\"Home\",\"item\":\"https:\\\/\\\/www.revuemusicale.ch\\\/\"},{\"@type\":\"ListItem\",\"position\":2,\"name\":\"Musiques genevoises \u00e0 travers les si\u00e8cles\"}]},{\"@type\":\"WebSite\",\"@id\":\"https:\\\/\\\/www.revuemusicale.ch\\\/#website\",\"url\":\"https:\\\/\\\/www.revuemusicale.ch\\\/\",\"name\":\"Revue Musicale Suisse\",\"description\":\"\",\"publisher\":{\"@id\":\"https:\\\/\\\/www.revuemusicale.ch\\\/#organization\"},\"potentialAction\":[{\"@type\":\"SearchAction\",\"target\":{\"@type\":\"EntryPoint\",\"urlTemplate\":\"https:\\\/\\\/www.revuemusicale.ch\\\/?s={search_term_string}\"},\"query-input\":{\"@type\":\"PropertyValueSpecification\",\"valueRequired\":true,\"valueName\":\"search_term_string\"}}],\"inLanguage\":\"en-US\"},{\"@type\":\"Organization\",\"@id\":\"https:\\\/\\\/www.revuemusicale.ch\\\/#organization\",\"name\":\"Revue Musicale Suisse\",\"url\":\"https:\\\/\\\/www.revuemusicale.ch\\\/\",\"logo\":{\"@type\":\"ImageObject\",\"inLanguage\":\"en-US\",\"@id\":\"https:\\\/\\\/www.revuemusicale.ch\\\/#\\\/schema\\\/logo\\\/image\\\/\",\"url\":\"https:\\\/\\\/www.revuemusicale.ch\\\/wp-content\\\/uploads\\\/2023\\\/01\\\/logo_revuemusicale_musikzeitung.jpg\",\"contentUrl\":\"https:\\\/\\\/www.revuemusicale.ch\\\/wp-content\\\/uploads\\\/2023\\\/01\\\/logo_revuemusicale_musikzeitung.jpg\",\"width\":1200,\"height\":243,\"caption\":\"Revue Musicale Suisse\"},\"image\":{\"@id\":\"https:\\\/\\\/www.revuemusicale.ch\\\/#\\\/schema\\\/logo\\\/image\\\/\"},\"sameAs\":[\"https:\\\/\\\/www.facebook.com\\\/SchweizerMusikzeitung\\\/\",\"https:\\\/\\\/x.com\\\/smusikzeitung\",\"https:\\\/\\\/www.instagram.com\\\/musikzeitung.ch\\\/?hl=de\"]},{\"@type\":\"Person\",\"@id\":\"https:\\\/\\\/www.revuemusicale.ch\\\/#\\\/schema\\\/person\\\/b2fd892c800856270b9dcc6001265712\",\"name\":\"Musikzeitung-Redaktion\",\"image\":{\"@type\":\"ImageObject\",\"inLanguage\":\"en-US\",\"@id\":\"https:\\\/\\\/secure.gravatar.com\\\/avatar\\\/0c7e6a405862e402eb76a70f8a26fc732d07c32931e9fae9ab1582911d2e8a3b?s=96&d=mm&r=g\",\"url\":\"https:\\\/\\\/secure.gravatar.com\\\/avatar\\\/0c7e6a405862e402eb76a70f8a26fc732d07c32931e9fae9ab1582911d2e8a3b?s=96&d=mm&r=g\",\"contentUrl\":\"https:\\\/\\\/secure.gravatar.com\\\/avatar\\\/0c7e6a405862e402eb76a70f8a26fc732d07c32931e9fae9ab1582911d2e8a3b?s=96&d=mm&r=g\",\"caption\":\"Musikzeitung-Redaktion\"},\"sameAs\":[\"http:\\\/\\\/wundo-docker.io\"],\"url\":\"https:\\\/\\\/www.revuemusicale.ch\\\/en\\\/author\\\/admin\"}]}<\/script>\n<!-- \/ Yoast SEO plugin. -->","yoast_head_json":{"title":"Musiques genevoises \u00e0 travers les si\u00e8cles - Revue Musicale Suisse","robots":{"index":"index","follow":"follow","max-snippet":"max-snippet:-1","max-image-preview":"max-image-preview:large","max-video-preview":"max-video-preview:-1"},"canonical":"https:\/\/www.revuemusicale.ch\/en\/critiques\/disques\/2018\/04\/musiques-genevoises\/","og_locale":"en_US","og_type":"article","og_title":"Musiques genevoises \u00e0 travers les si\u00e8cles - Revue Musicale Suisse","og_description":"Quelles d\u00e9couvertes ! Cinq quatuors de compositeurs genevois du 20e si\u00e8cle (Wissmer, Binet, Schul\u00e9, Gagnebin et Reichel), suivis de musiques du si\u00e8cle des lumi\u00e8res (Gaspard Fritz, Friedrich Schwindl et Nicolas Scherrer).","og_url":"https:\/\/www.revuemusicale.ch\/en\/critiques\/disques\/2018\/04\/musiques-genevoises\/","og_site_name":"Revue Musicale Suisse","article_publisher":"https:\/\/www.facebook.com\/SchweizerMusikzeitung\/","article_published_time":"2018-04-27T13:30:08+00:00","article_modified_time":"2024-06-27T13:47:44+00:00","og_image":[{"width":554,"height":357,"url":"https:\/\/www.revuemusicale.ch\/wp-content\/uploads\/2024\/06\/Geneve.jpg","type":"image\/jpeg"}],"author":"Musikzeitung-Redaktion","twitter_card":"summary_large_image","twitter_creator":"@smusikzeitung","twitter_site":"@smusikzeitung","twitter_misc":{"Written by":"Musikzeitung-Redaktion","Est. reading time":"4 minutes"},"schema":{"@context":"https:\/\/schema.org","@graph":[{"@type":"Article","@id":"https:\/\/www.revuemusicale.ch\/critiques\/disques\/2018\/04\/musiques-genevoises#article","isPartOf":{"@id":"https:\/\/www.revuemusicale.ch\/critiques\/disques\/2018\/04\/musiques-genevoises"},"author":{"name":"Musikzeitung-Redaktion","@id":"https:\/\/www.revuemusicale.ch\/#\/schema\/person\/b2fd892c800856270b9dcc6001265712"},"headline":"Musiques genevoises \u00e0 travers les si\u00e8cles","datePublished":"2018-04-27T13:30:08+00:00","dateModified":"2024-06-27T13:47:44+00:00","mainEntityOfPage":{"@id":"https:\/\/www.revuemusicale.ch\/critiques\/disques\/2018\/04\/musiques-genevoises"},"wordCount":866,"publisher":{"@id":"https:\/\/www.revuemusicale.ch\/#organization"},"image":{"@id":"https:\/\/www.revuemusicale.ch\/critiques\/disques\/2018\/04\/musiques-genevoises#primaryimage"},"thumbnailUrl":"https:\/\/www.revuemusicale.ch\/wp-content\/uploads\/2024\/06\/Geneve.jpg","articleSection":["Critiques","Disques"],"inLanguage":"en-US"},{"@type":"WebPage","@id":"https:\/\/www.revuemusicale.ch\/critiques\/disques\/2018\/04\/musiques-genevoises","url":"https:\/\/www.revuemusicale.ch\/critiques\/disques\/2018\/04\/musiques-genevoises","name":"Musiques genevoises \u00e0 travers les si\u00e8cles - Revue Musicale Suisse","isPartOf":{"@id":"https:\/\/www.revuemusicale.ch\/#website"},"primaryImageOfPage":{"@id":"https:\/\/www.revuemusicale.ch\/critiques\/disques\/2018\/04\/musiques-genevoises#primaryimage"},"image":{"@id":"https:\/\/www.revuemusicale.ch\/critiques\/disques\/2018\/04\/musiques-genevoises#primaryimage"},"thumbnailUrl":"https:\/\/www.revuemusicale.ch\/wp-content\/uploads\/2024\/06\/Geneve.jpg","datePublished":"2018-04-27T13:30:08+00:00","dateModified":"2024-06-27T13:47:44+00:00","breadcrumb":{"@id":"https:\/\/www.revuemusicale.ch\/critiques\/disques\/2018\/04\/musiques-genevoises#breadcrumb"},"inLanguage":"en-US","potentialAction":[{"@type":"ReadAction","target":["https:\/\/www.revuemusicale.ch\/critiques\/disques\/2018\/04\/musiques-genevoises"]}]},{"@type":"ImageObject","inLanguage":"en-US","@id":"https:\/\/www.revuemusicale.ch\/critiques\/disques\/2018\/04\/musiques-genevoises#primaryimage","url":"https:\/\/www.revuemusicale.ch\/wp-content\/uploads\/2024\/06\/Geneve.jpg","contentUrl":"https:\/\/www.revuemusicale.ch\/wp-content\/uploads\/2024\/06\/Geneve.jpg","width":554,"height":357},{"@type":"BreadcrumbList","@id":"https:\/\/www.revuemusicale.ch\/critiques\/disques\/2018\/04\/musiques-genevoises#breadcrumb","itemListElement":[{"@type":"ListItem","position":1,"name":"Home","item":"https:\/\/www.revuemusicale.ch\/"},{"@type":"ListItem","position":2,"name":"Musiques genevoises \u00e0 travers les si\u00e8cles"}]},{"@type":"WebSite","@id":"https:\/\/www.revuemusicale.ch\/#website","url":"https:\/\/www.revuemusicale.ch\/","name":"Swiss Music Review","description":"","publisher":{"@id":"https:\/\/www.revuemusicale.ch\/#organization"},"potentialAction":[{"@type":"SearchAction","target":{"@type":"EntryPoint","urlTemplate":"https:\/\/www.revuemusicale.ch\/?s={search_term_string}"},"query-input":{"@type":"PropertyValueSpecification","valueRequired":true,"valueName":"search_term_string"}}],"inLanguage":"en-US"},{"@type":"Organization","@id":"https:\/\/www.revuemusicale.ch\/#organization","name":"Swiss Music Review","url":"https:\/\/www.revuemusicale.ch\/","logo":{"@type":"ImageObject","inLanguage":"en-US","@id":"https:\/\/www.revuemusicale.ch\/#\/schema\/logo\/image\/","url":"https:\/\/www.revuemusicale.ch\/wp-content\/uploads\/2023\/01\/logo_revuemusicale_musikzeitung.jpg","contentUrl":"https:\/\/www.revuemusicale.ch\/wp-content\/uploads\/2023\/01\/logo_revuemusicale_musikzeitung.jpg","width":1200,"height":243,"caption":"Revue Musicale Suisse"},"image":{"@id":"https:\/\/www.revuemusicale.ch\/#\/schema\/logo\/image\/"},"sameAs":["https:\/\/www.facebook.com\/SchweizerMusikzeitung\/","https:\/\/x.com\/smusikzeitung","https:\/\/www.instagram.com\/musikzeitung.ch\/?hl=de"]},{"@type":"Person","@id":"https:\/\/www.revuemusicale.ch\/#\/schema\/person\/b2fd892c800856270b9dcc6001265712","name":"Musikzeitung-Redaktion","image":{"@type":"ImageObject","inLanguage":"en-US","@id":"https:\/\/secure.gravatar.com\/avatar\/0c7e6a405862e402eb76a70f8a26fc732d07c32931e9fae9ab1582911d2e8a3b?s=96&d=mm&r=g","url":"https:\/\/secure.gravatar.com\/avatar\/0c7e6a405862e402eb76a70f8a26fc732d07c32931e9fae9ab1582911d2e8a3b?s=96&d=mm&r=g","contentUrl":"https:\/\/secure.gravatar.com\/avatar\/0c7e6a405862e402eb76a70f8a26fc732d07c32931e9fae9ab1582911d2e8a3b?s=96&d=mm&r=g","caption":"Musikzeitung-Redaktion"},"sameAs":["http:\/\/wundo-docker.io"],"url":"https:\/\/www.revuemusicale.ch\/en\/author\/admin"}]}},"publishpress_future_action":{"enabled":false,"date":"1970-01-01 01:00:00","action":"change-status","newStatus":"draft","terms":[],"taxonomy":"category","extraData":[]},"publishpress_future_workflow_manual_trigger":{"enabledWorkflows":[]},"_links":{"self":[{"href":"https:\/\/www.revuemusicale.ch\/en\/wp-json\/wp\/v2\/posts\/30492","targetHints":{"allow":["GET"]}}],"collection":[{"href":"https:\/\/www.revuemusicale.ch\/en\/wp-json\/wp\/v2\/posts"}],"about":[{"href":"https:\/\/www.revuemusicale.ch\/en\/wp-json\/wp\/v2\/types\/post"}],"author":[{"embeddable":true,"href":"https:\/\/www.revuemusicale.ch\/en\/wp-json\/wp\/v2\/users\/1"}],"replies":[{"embeddable":true,"href":"https:\/\/www.revuemusicale.ch\/en\/wp-json\/wp\/v2\/comments?post=30492"}],"version-history":[{"count":2,"href":"https:\/\/www.revuemusicale.ch\/en\/wp-json\/wp\/v2\/posts\/30492\/revisions"}],"predecessor-version":[{"id":30497,"href":"https:\/\/www.revuemusicale.ch\/en\/wp-json\/wp\/v2\/posts\/30492\/revisions\/30497"}],"wp:featuredmedia":[{"embeddable":true,"href":"https:\/\/www.revuemusicale.ch\/en\/wp-json\/wp\/v2\/media\/30493"}],"wp:attachment":[{"href":"https:\/\/www.revuemusicale.ch\/en\/wp-json\/wp\/v2\/media?parent=30492"}],"wp:term":[{"taxonomy":"category","embeddable":true,"href":"https:\/\/www.revuemusicale.ch\/en\/wp-json\/wp\/v2\/categories?post=30492"},{"taxonomy":"post_tag","embeddable":true,"href":"https:\/\/www.revuemusicale.ch\/en\/wp-json\/wp\/v2\/tags?post=30492"}],"curies":[{"name":"wp","href":"https:\/\/api.w.org\/{rel}","templated":true}]}}