{"id":30555,"date":"2013-12-04T13:58:03","date_gmt":"2013-12-04T12:58:03","guid":{"rendered":"https:\/\/www.revuemusicale.ch\/?p=30555"},"modified":"2024-07-01T14:04:35","modified_gmt":"2024-07-01T12:04:35","slug":"inspirees-par-la-nature-2","status":"publish","type":"post","link":"https:\/\/www.revuemusicale.ch\/en\/critiques\/disques\/2013\/12\/inspirees-par-la-nature-2","title":{"rendered":"Inspired by nature"},"content":{"rendered":"<div class=\"text-section\">\n<figure id=\"attachment_30557\" aria-describedby=\"caption-attachment-30557\" style=\"width: 554px\" class=\"wp-caption alignnone\"><img loading=\"lazy\" decoding=\"async\" class=\"wp-image-30557 size-full\" src=\"https:\/\/www.revuemusicale.ch\/wp-content\/uploads\/2024\/07\/Riva.jpg\" alt=\"\" width=\"554\" height=\"329\" srcset=\"https:\/\/www.revuemusicale.ch\/wp-content\/uploads\/2024\/07\/Riva.jpg 554w, https:\/\/www.revuemusicale.ch\/wp-content\/uploads\/2024\/07\/Riva-300x178.jpg 300w, https:\/\/www.revuemusicale.ch\/wp-content\/uploads\/2024\/07\/Riva-18x12.jpg 18w, https:\/\/www.revuemusicale.ch\/wp-content\/uploads\/2024\/07\/Riva-295x175.jpg 295w\" sizes=\"auto, (max-width: 554px) 100vw, 554px\" \/><figcaption id=\"caption-attachment-30557\" class=\"wp-caption-text\">French garden at Ch\u00e2teau de Gruy\u00e8res. Photo: SuperManu \/ <a href=\"https:\/\/commons.wikimedia.org\/wiki\/Category:Jardin_du_Ch%C3%A2teau_de_Gruy%C3%A8res?uselang=de#\/media\/File:Castle-gruyeres-french-garden-4.jpg\" target=\"_blank\" rel=\"noopener\">Wikimedia commons<\/a><\/figcaption><\/figure>\n<p>In its rich museum collection, the Ch\u00e2teau de Gruy\u00e8res houses a piano dating from 1835, decorated with beautiful marquetry. Its maker, Braschoss, a German living in Geneva, chose to build it with a French action, no doubt under the influence of Liszt, who lived in the town of Calvin between 1835 and 1839. To showcase this instrument with its magnificent sound, both gentle and powerful, the museum's curator, Raoul Blanchard, called on the excellent Italian-born pianist Adalberto Maria Riva. He chose works inspired by nature, as well as two sets of variations, from the still largely unknown corpus of 19th-century Swiss piano pieces. These genre pieces are typical of salon music as it might have been played by the Bovy family from Geneva, who acquired the Ch\u00e2teau de Gruy\u00e8res in 1849, and one of whose members is present on the disc: Chopin pupil Charles Bovy-Lysberg, whose work is mainly made up of some 150 delightful salon pieces for piano.<\/p>\n<p>At the time, Swiss musical life rarely went beyond a small circle of amateurs, and many of the composers established in Switzerland were of foreign origin, as witness the Hungarian Vincent Adler and the Germans Adolf Ruthardt and Paul Hahnemann, the first two established in Geneva and the latter in Yverdon and Lausanne. By contrast, Schwyz-born Joseph Joachim Raff spent his entire career in Germany. Among the most interesting works presented on this CD - in addition to <em>Melodic flowers of the Alps<\/em>from the<em>Album d'un voyageur<\/em> that Liszt composed in Switzerland - are four pieces from an early collection by Hans Huber, <em>Nachtges\u00e4nge<\/em>inspired by excerpts from Tennyson's poems, and variations written by two female composers with similar destinies: Caroline Boissier-Butini from Geneva and Fanny H\u00fcnerwadel from Aargau, both from wealthy families whose musical activity was not hindered by their families - a rare occurrence in the bourgeois society of the time.<\/p>\n<p>All these works are served up by colorful interpretations by a pianist passionate about rediscovering forgotten composers. Enhanced by superb illustrations (including interior decorations of the ch\u00e2teau), the booklet contains, in addition to an introduction by the pianist himself, interesting contributions by musicologists Jacques Tchamkerten and, on the subject of the two composers on the disc, Ir\u00e8ne Minder-Jeanneret, all translated into German and English. With its visual as well as musical beauty, this CD makes an ideal gift for the festive season, but also, at any time, a musical present that highlights a neglected and enjoyable part of Swiss music.<img loading=\"lazy\" decoding=\"async\" class=\"size-full wp-image-30556 aligncenter\" src=\"https:\/\/www.revuemusicale.ch\/wp-content\/uploads\/2024\/07\/Riva-Cover.jpg\" alt=\"\" width=\"180\" height=\"159\" srcset=\"https:\/\/www.revuemusicale.ch\/wp-content\/uploads\/2024\/07\/Riva-Cover.jpg 180w, https:\/\/www.revuemusicale.ch\/wp-content\/uploads\/2024\/07\/Riva-Cover-14x12.jpg 14w\" sizes=\"auto, (max-width: 180px) 100vw, 180px\" \/><\/p>\n<p><em>Music and nature at the Ch\u00e2teau de Gruy\u00e8res, Adalberto Maria Riva at the historic Braschoss-Liszt piano, VDE-Gallo CD-1406<\/em><\/p>\n<\/div>","protected":false},"excerpt":{"rendered":"<p>Adalberto Maria Riva at the Braschoss-Liszt piano in the Ch\u00e2teau de Gruy\u00e8res. <\/p>","protected":false},"author":1,"featured_media":30557,"comment_status":"closed","ping_status":"closed","sticky":false,"template":"","format":"standard","meta":{"_acf_changed":false,"_relevanssi_hide_post":"","_relevanssi_hide_content":"","_relevanssi_pin_for_all":"","_relevanssi_pin_keywords":"","_relevanssi_unpin_keywords":"","_relevanssi_related_keywords":"","_relevanssi_related_include_ids":"","_relevanssi_related_exclude_ids":"","_relevanssi_related_no_append":"","_relevanssi_related_not_related":"","_relevanssi_related_posts":"","_relevanssi_noindex_reason":"","pgc_sgb_lightbox_settings":"","footnotes":""},"categories":[1614,1615],"tags":[],"class_list":["post-30555","post","type-post","status-publish","format-standard","has-post-thumbnail","hentry","category-critiques","category-disques"],"acf":[],"yoast_head":"<!-- This site is optimized with the Yoast SEO plugin v27.3 - https:\/\/yoast.com\/product\/yoast-seo-wordpress\/ -->\n<title>Inspir\u00e9es par la nature - Revue Musicale Suisse<\/title>\n<meta name=\"robots\" content=\"index, follow, max-snippet:-1, max-image-preview:large, max-video-preview:-1\" \/>\n<link rel=\"canonical\" href=\"https:\/\/www.revuemusicale.ch\/en\/critiques\/disques\/2013\/12\/inspirees-par-la-nature-2\/\" \/>\n<meta property=\"og:locale\" content=\"en_US\" \/>\n<meta property=\"og:type\" content=\"article\" \/>\n<meta property=\"og:title\" content=\"Inspir\u00e9es par la nature - Revue Musicale Suisse\" \/>\n<meta property=\"og:description\" content=\"Adalberto Maria Riva au piano Braschoss-Liszt du Ch\u00e2teau de Gruy\u00e8res.\" \/>\n<meta property=\"og:url\" content=\"https:\/\/www.revuemusicale.ch\/en\/critiques\/disques\/2013\/12\/inspirees-par-la-nature-2\/\" \/>\n<meta property=\"og:site_name\" content=\"Revue Musicale Suisse\" \/>\n<meta property=\"article:publisher\" content=\"https:\/\/www.facebook.com\/SchweizerMusikzeitung\/\" \/>\n<meta property=\"article:published_time\" content=\"2013-12-04T12:58:03+00:00\" \/>\n<meta property=\"article:modified_time\" content=\"2024-07-01T12:04:35+00:00\" \/>\n<meta property=\"og:image\" content=\"https:\/\/www.revuemusicale.ch\/wp-content\/uploads\/2024\/07\/Riva.jpg\" \/>\n\t<meta property=\"og:image:width\" content=\"554\" \/>\n\t<meta property=\"og:image:height\" content=\"329\" \/>\n\t<meta property=\"og:image:type\" content=\"image\/jpeg\" \/>\n<meta name=\"author\" content=\"Musikzeitung-Redaktion\" \/>\n<meta name=\"twitter:card\" content=\"summary_large_image\" \/>\n<meta name=\"twitter:creator\" content=\"@smusikzeitung\" \/>\n<meta name=\"twitter:site\" content=\"@smusikzeitung\" \/>\n<meta name=\"twitter:label1\" content=\"Written by\" \/>\n\t<meta name=\"twitter:data1\" content=\"Musikzeitung-Redaktion\" \/>\n\t<meta name=\"twitter:label2\" content=\"Est. reading time\" \/>\n\t<meta name=\"twitter:data2\" content=\"3 minutes\" \/>\n<script type=\"application\/ld+json\" class=\"yoast-schema-graph\">{\"@context\":\"https:\\\/\\\/schema.org\",\"@graph\":[{\"@type\":\"Article\",\"@id\":\"https:\\\/\\\/www.revuemusicale.ch\\\/critiques\\\/disques\\\/2013\\\/12\\\/inspirees-par-la-nature-2#article\",\"isPartOf\":{\"@id\":\"https:\\\/\\\/www.revuemusicale.ch\\\/critiques\\\/disques\\\/2013\\\/12\\\/inspirees-par-la-nature-2\"},\"author\":{\"name\":\"Musikzeitung-Redaktion\",\"@id\":\"https:\\\/\\\/www.revuemusicale.ch\\\/#\\\/schema\\\/person\\\/b2fd892c800856270b9dcc6001265712\"},\"headline\":\"Inspir\u00e9es par la nature\",\"datePublished\":\"2013-12-04T12:58:03+00:00\",\"dateModified\":\"2024-07-01T12:04:35+00:00\",\"mainEntityOfPage\":{\"@id\":\"https:\\\/\\\/www.revuemusicale.ch\\\/critiques\\\/disques\\\/2013\\\/12\\\/inspirees-par-la-nature-2\"},\"wordCount\":541,\"publisher\":{\"@id\":\"https:\\\/\\\/www.revuemusicale.ch\\\/#organization\"},\"image\":{\"@id\":\"https:\\\/\\\/www.revuemusicale.ch\\\/critiques\\\/disques\\\/2013\\\/12\\\/inspirees-par-la-nature-2#primaryimage\"},\"thumbnailUrl\":\"https:\\\/\\\/www.revuemusicale.ch\\\/wp-content\\\/uploads\\\/2024\\\/07\\\/Riva.jpg\",\"articleSection\":[\"Critiques\",\"Disques\"],\"inLanguage\":\"en-US\"},{\"@type\":\"WebPage\",\"@id\":\"https:\\\/\\\/www.revuemusicale.ch\\\/critiques\\\/disques\\\/2013\\\/12\\\/inspirees-par-la-nature-2\",\"url\":\"https:\\\/\\\/www.revuemusicale.ch\\\/critiques\\\/disques\\\/2013\\\/12\\\/inspirees-par-la-nature-2\",\"name\":\"Inspir\u00e9es par la nature - Revue Musicale Suisse\",\"isPartOf\":{\"@id\":\"https:\\\/\\\/www.revuemusicale.ch\\\/#website\"},\"primaryImageOfPage\":{\"@id\":\"https:\\\/\\\/www.revuemusicale.ch\\\/critiques\\\/disques\\\/2013\\\/12\\\/inspirees-par-la-nature-2#primaryimage\"},\"image\":{\"@id\":\"https:\\\/\\\/www.revuemusicale.ch\\\/critiques\\\/disques\\\/2013\\\/12\\\/inspirees-par-la-nature-2#primaryimage\"},\"thumbnailUrl\":\"https:\\\/\\\/www.revuemusicale.ch\\\/wp-content\\\/uploads\\\/2024\\\/07\\\/Riva.jpg\",\"datePublished\":\"2013-12-04T12:58:03+00:00\",\"dateModified\":\"2024-07-01T12:04:35+00:00\",\"breadcrumb\":{\"@id\":\"https:\\\/\\\/www.revuemusicale.ch\\\/critiques\\\/disques\\\/2013\\\/12\\\/inspirees-par-la-nature-2#breadcrumb\"},\"inLanguage\":\"en-US\",\"potentialAction\":[{\"@type\":\"ReadAction\",\"target\":[\"https:\\\/\\\/www.revuemusicale.ch\\\/critiques\\\/disques\\\/2013\\\/12\\\/inspirees-par-la-nature-2\"]}]},{\"@type\":\"ImageObject\",\"inLanguage\":\"en-US\",\"@id\":\"https:\\\/\\\/www.revuemusicale.ch\\\/critiques\\\/disques\\\/2013\\\/12\\\/inspirees-par-la-nature-2#primaryimage\",\"url\":\"https:\\\/\\\/www.revuemusicale.ch\\\/wp-content\\\/uploads\\\/2024\\\/07\\\/Riva.jpg\",\"contentUrl\":\"https:\\\/\\\/www.revuemusicale.ch\\\/wp-content\\\/uploads\\\/2024\\\/07\\\/Riva.jpg\",\"width\":554,\"height\":329},{\"@type\":\"BreadcrumbList\",\"@id\":\"https:\\\/\\\/www.revuemusicale.ch\\\/critiques\\\/disques\\\/2013\\\/12\\\/inspirees-par-la-nature-2#breadcrumb\",\"itemListElement\":[{\"@type\":\"ListItem\",\"position\":1,\"name\":\"Home\",\"item\":\"https:\\\/\\\/www.revuemusicale.ch\\\/\"},{\"@type\":\"ListItem\",\"position\":2,\"name\":\"Inspir\u00e9es par la nature\"}]},{\"@type\":\"WebSite\",\"@id\":\"https:\\\/\\\/www.revuemusicale.ch\\\/#website\",\"url\":\"https:\\\/\\\/www.revuemusicale.ch\\\/\",\"name\":\"Revue Musicale Suisse\",\"description\":\"\",\"publisher\":{\"@id\":\"https:\\\/\\\/www.revuemusicale.ch\\\/#organization\"},\"potentialAction\":[{\"@type\":\"SearchAction\",\"target\":{\"@type\":\"EntryPoint\",\"urlTemplate\":\"https:\\\/\\\/www.revuemusicale.ch\\\/?s={search_term_string}\"},\"query-input\":{\"@type\":\"PropertyValueSpecification\",\"valueRequired\":true,\"valueName\":\"search_term_string\"}}],\"inLanguage\":\"en-US\"},{\"@type\":\"Organization\",\"@id\":\"https:\\\/\\\/www.revuemusicale.ch\\\/#organization\",\"name\":\"Revue Musicale Suisse\",\"url\":\"https:\\\/\\\/www.revuemusicale.ch\\\/\",\"logo\":{\"@type\":\"ImageObject\",\"inLanguage\":\"en-US\",\"@id\":\"https:\\\/\\\/www.revuemusicale.ch\\\/#\\\/schema\\\/logo\\\/image\\\/\",\"url\":\"https:\\\/\\\/www.revuemusicale.ch\\\/wp-content\\\/uploads\\\/2023\\\/01\\\/logo_revuemusicale_musikzeitung.jpg\",\"contentUrl\":\"https:\\\/\\\/www.revuemusicale.ch\\\/wp-content\\\/uploads\\\/2023\\\/01\\\/logo_revuemusicale_musikzeitung.jpg\",\"width\":1200,\"height\":243,\"caption\":\"Revue Musicale Suisse\"},\"image\":{\"@id\":\"https:\\\/\\\/www.revuemusicale.ch\\\/#\\\/schema\\\/logo\\\/image\\\/\"},\"sameAs\":[\"https:\\\/\\\/www.facebook.com\\\/SchweizerMusikzeitung\\\/\",\"https:\\\/\\\/x.com\\\/smusikzeitung\",\"https:\\\/\\\/www.instagram.com\\\/musikzeitung.ch\\\/?hl=de\"]},{\"@type\":\"Person\",\"@id\":\"https:\\\/\\\/www.revuemusicale.ch\\\/#\\\/schema\\\/person\\\/b2fd892c800856270b9dcc6001265712\",\"name\":\"Musikzeitung-Redaktion\",\"image\":{\"@type\":\"ImageObject\",\"inLanguage\":\"en-US\",\"@id\":\"https:\\\/\\\/secure.gravatar.com\\\/avatar\\\/0c7e6a405862e402eb76a70f8a26fc732d07c32931e9fae9ab1582911d2e8a3b?s=96&d=mm&r=g\",\"url\":\"https:\\\/\\\/secure.gravatar.com\\\/avatar\\\/0c7e6a405862e402eb76a70f8a26fc732d07c32931e9fae9ab1582911d2e8a3b?s=96&d=mm&r=g\",\"contentUrl\":\"https:\\\/\\\/secure.gravatar.com\\\/avatar\\\/0c7e6a405862e402eb76a70f8a26fc732d07c32931e9fae9ab1582911d2e8a3b?s=96&d=mm&r=g\",\"caption\":\"Musikzeitung-Redaktion\"},\"sameAs\":[\"http:\\\/\\\/wundo-docker.io\"],\"url\":\"https:\\\/\\\/www.revuemusicale.ch\\\/en\\\/author\\\/admin\"}]}<\/script>\n<!-- \/ Yoast SEO plugin. -->","yoast_head_json":{"title":"Inspired by nature - Swiss Music Review","robots":{"index":"index","follow":"follow","max-snippet":"max-snippet:-1","max-image-preview":"max-image-preview:large","max-video-preview":"max-video-preview:-1"},"canonical":"https:\/\/www.revuemusicale.ch\/en\/critiques\/disques\/2013\/12\/inspirees-par-la-nature-2\/","og_locale":"en_US","og_type":"article","og_title":"Inspir\u00e9es par la nature - Revue Musicale Suisse","og_description":"Adalberto Maria Riva au piano Braschoss-Liszt du Ch\u00e2teau de Gruy\u00e8res.","og_url":"https:\/\/www.revuemusicale.ch\/en\/critiques\/disques\/2013\/12\/inspirees-par-la-nature-2\/","og_site_name":"Revue Musicale Suisse","article_publisher":"https:\/\/www.facebook.com\/SchweizerMusikzeitung\/","article_published_time":"2013-12-04T12:58:03+00:00","article_modified_time":"2024-07-01T12:04:35+00:00","og_image":[{"width":554,"height":329,"url":"https:\/\/www.revuemusicale.ch\/wp-content\/uploads\/2024\/07\/Riva.jpg","type":"image\/jpeg"}],"author":"Musikzeitung-Redaktion","twitter_card":"summary_large_image","twitter_creator":"@smusikzeitung","twitter_site":"@smusikzeitung","twitter_misc":{"Written by":"Musikzeitung-Redaktion","Est. reading time":"3 minutes"},"schema":{"@context":"https:\/\/schema.org","@graph":[{"@type":"Article","@id":"https:\/\/www.revuemusicale.ch\/critiques\/disques\/2013\/12\/inspirees-par-la-nature-2#article","isPartOf":{"@id":"https:\/\/www.revuemusicale.ch\/critiques\/disques\/2013\/12\/inspirees-par-la-nature-2"},"author":{"name":"Musikzeitung-Redaktion","@id":"https:\/\/www.revuemusicale.ch\/#\/schema\/person\/b2fd892c800856270b9dcc6001265712"},"headline":"Inspir\u00e9es par la nature","datePublished":"2013-12-04T12:58:03+00:00","dateModified":"2024-07-01T12:04:35+00:00","mainEntityOfPage":{"@id":"https:\/\/www.revuemusicale.ch\/critiques\/disques\/2013\/12\/inspirees-par-la-nature-2"},"wordCount":541,"publisher":{"@id":"https:\/\/www.revuemusicale.ch\/#organization"},"image":{"@id":"https:\/\/www.revuemusicale.ch\/critiques\/disques\/2013\/12\/inspirees-par-la-nature-2#primaryimage"},"thumbnailUrl":"https:\/\/www.revuemusicale.ch\/wp-content\/uploads\/2024\/07\/Riva.jpg","articleSection":["Critiques","Disques"],"inLanguage":"en-US"},{"@type":"WebPage","@id":"https:\/\/www.revuemusicale.ch\/critiques\/disques\/2013\/12\/inspirees-par-la-nature-2","url":"https:\/\/www.revuemusicale.ch\/critiques\/disques\/2013\/12\/inspirees-par-la-nature-2","name":"Inspired by nature - Swiss Music Review","isPartOf":{"@id":"https:\/\/www.revuemusicale.ch\/#website"},"primaryImageOfPage":{"@id":"https:\/\/www.revuemusicale.ch\/critiques\/disques\/2013\/12\/inspirees-par-la-nature-2#primaryimage"},"image":{"@id":"https:\/\/www.revuemusicale.ch\/critiques\/disques\/2013\/12\/inspirees-par-la-nature-2#primaryimage"},"thumbnailUrl":"https:\/\/www.revuemusicale.ch\/wp-content\/uploads\/2024\/07\/Riva.jpg","datePublished":"2013-12-04T12:58:03+00:00","dateModified":"2024-07-01T12:04:35+00:00","breadcrumb":{"@id":"https:\/\/www.revuemusicale.ch\/critiques\/disques\/2013\/12\/inspirees-par-la-nature-2#breadcrumb"},"inLanguage":"en-US","potentialAction":[{"@type":"ReadAction","target":["https:\/\/www.revuemusicale.ch\/critiques\/disques\/2013\/12\/inspirees-par-la-nature-2"]}]},{"@type":"ImageObject","inLanguage":"en-US","@id":"https:\/\/www.revuemusicale.ch\/critiques\/disques\/2013\/12\/inspirees-par-la-nature-2#primaryimage","url":"https:\/\/www.revuemusicale.ch\/wp-content\/uploads\/2024\/07\/Riva.jpg","contentUrl":"https:\/\/www.revuemusicale.ch\/wp-content\/uploads\/2024\/07\/Riva.jpg","width":554,"height":329},{"@type":"BreadcrumbList","@id":"https:\/\/www.revuemusicale.ch\/critiques\/disques\/2013\/12\/inspirees-par-la-nature-2#breadcrumb","itemListElement":[{"@type":"ListItem","position":1,"name":"Home","item":"https:\/\/www.revuemusicale.ch\/"},{"@type":"ListItem","position":2,"name":"Inspir\u00e9es par la nature"}]},{"@type":"WebSite","@id":"https:\/\/www.revuemusicale.ch\/#website","url":"https:\/\/www.revuemusicale.ch\/","name":"Swiss Music Review","description":"","publisher":{"@id":"https:\/\/www.revuemusicale.ch\/#organization"},"potentialAction":[{"@type":"SearchAction","target":{"@type":"EntryPoint","urlTemplate":"https:\/\/www.revuemusicale.ch\/?s={search_term_string}"},"query-input":{"@type":"PropertyValueSpecification","valueRequired":true,"valueName":"search_term_string"}}],"inLanguage":"en-US"},{"@type":"Organization","@id":"https:\/\/www.revuemusicale.ch\/#organization","name":"Swiss Music Review","url":"https:\/\/www.revuemusicale.ch\/","logo":{"@type":"ImageObject","inLanguage":"en-US","@id":"https:\/\/www.revuemusicale.ch\/#\/schema\/logo\/image\/","url":"https:\/\/www.revuemusicale.ch\/wp-content\/uploads\/2023\/01\/logo_revuemusicale_musikzeitung.jpg","contentUrl":"https:\/\/www.revuemusicale.ch\/wp-content\/uploads\/2023\/01\/logo_revuemusicale_musikzeitung.jpg","width":1200,"height":243,"caption":"Revue Musicale Suisse"},"image":{"@id":"https:\/\/www.revuemusicale.ch\/#\/schema\/logo\/image\/"},"sameAs":["https:\/\/www.facebook.com\/SchweizerMusikzeitung\/","https:\/\/x.com\/smusikzeitung","https:\/\/www.instagram.com\/musikzeitung.ch\/?hl=de"]},{"@type":"Person","@id":"https:\/\/www.revuemusicale.ch\/#\/schema\/person\/b2fd892c800856270b9dcc6001265712","name":"Musikzeitung-Redaktion","image":{"@type":"ImageObject","inLanguage":"en-US","@id":"https:\/\/secure.gravatar.com\/avatar\/0c7e6a405862e402eb76a70f8a26fc732d07c32931e9fae9ab1582911d2e8a3b?s=96&d=mm&r=g","url":"https:\/\/secure.gravatar.com\/avatar\/0c7e6a405862e402eb76a70f8a26fc732d07c32931e9fae9ab1582911d2e8a3b?s=96&d=mm&r=g","contentUrl":"https:\/\/secure.gravatar.com\/avatar\/0c7e6a405862e402eb76a70f8a26fc732d07c32931e9fae9ab1582911d2e8a3b?s=96&d=mm&r=g","caption":"Musikzeitung-Redaktion"},"sameAs":["http:\/\/wundo-docker.io"],"url":"https:\/\/www.revuemusicale.ch\/en\/author\/admin"}]}},"publishpress_future_action":{"enabled":false,"date":"1970-01-01 01:00:00","action":"change-status","newStatus":"draft","terms":[],"taxonomy":"category","extraData":[]},"publishpress_future_workflow_manual_trigger":{"enabledWorkflows":[]},"_links":{"self":[{"href":"https:\/\/www.revuemusicale.ch\/en\/wp-json\/wp\/v2\/posts\/30555","targetHints":{"allow":["GET"]}}],"collection":[{"href":"https:\/\/www.revuemusicale.ch\/en\/wp-json\/wp\/v2\/posts"}],"about":[{"href":"https:\/\/www.revuemusicale.ch\/en\/wp-json\/wp\/v2\/types\/post"}],"author":[{"embeddable":true,"href":"https:\/\/www.revuemusicale.ch\/en\/wp-json\/wp\/v2\/users\/1"}],"replies":[{"embeddable":true,"href":"https:\/\/www.revuemusicale.ch\/en\/wp-json\/wp\/v2\/comments?post=30555"}],"version-history":[{"count":1,"href":"https:\/\/www.revuemusicale.ch\/en\/wp-json\/wp\/v2\/posts\/30555\/revisions"}],"predecessor-version":[{"id":30558,"href":"https:\/\/www.revuemusicale.ch\/en\/wp-json\/wp\/v2\/posts\/30555\/revisions\/30558"}],"wp:featuredmedia":[{"embeddable":true,"href":"https:\/\/www.revuemusicale.ch\/en\/wp-json\/wp\/v2\/media\/30557"}],"wp:attachment":[{"href":"https:\/\/www.revuemusicale.ch\/en\/wp-json\/wp\/v2\/media?parent=30555"}],"wp:term":[{"taxonomy":"category","embeddable":true,"href":"https:\/\/www.revuemusicale.ch\/en\/wp-json\/wp\/v2\/categories?post=30555"},{"taxonomy":"post_tag","embeddable":true,"href":"https:\/\/www.revuemusicale.ch\/en\/wp-json\/wp\/v2\/tags?post=30555"}],"curies":[{"name":"wp","href":"https:\/\/api.w.org\/{rel}","templated":true}]}}