{"id":30994,"date":"2024-11-26T12:35:10","date_gmt":"2024-11-26T11:35:10","guid":{"rendered":"https:\/\/www.revuemusicale.ch\/?p=30994"},"modified":"2024-11-26T12:35:10","modified_gmt":"2024-11-26T11:35:10","slug":"elvirissima-2025","status":"publish","type":"post","link":"https:\/\/www.revuemusicale.ch\/en\/basis\/sspm\/2024\/11\/elvirissima-2025","title":{"rendered":"Elvirissima 2025"},"content":{"rendered":"<p>Elvira L\u00fcthi-Wegmann, singer, singing teacher and patron of the arts from Schaffhausen, was committed to training and encouraging her singing students. Throughout her life, she was closely associated with the Swiss Society for Music Pedagogy SSPM. That's why she left a substantial bequest to the SSPM, on condition that it be used to set up a foundation whose aim is to support the most gifted Swiss students of SSPM members. To select them, the Foundation Board will again organize the \"Elvirissima\" singing competition in 2025.<\/p>\n<p>On June 9, 2025, a maximum of 20 finalists will have the opportunity to appear before the jury in a singing audition for the following prizes:<\/p>\n<p>1st prize: CHF 9'600.00<br \/>\n2nd prize: CHF 4'800.00<br \/>\n3rd prize: CHF 2'000.00<br \/>\n4th prize: CHF 1'000.00<\/p>\n<p>The Foundation Board selects the finalists after a careful examination of the applications submitted. These must each contain two video recordings of the candidates. A special feature is that the second piece must be sung a cappella. This is a relic of the pandemic era, when the online-only 2020 competition asked for, among other things, a \"home office video\". At the time, the board of trustees noted that the unaccompanied pieces made it even easier to hear who the particular musician was.<br \/>\nSwiss voice students whose voice teacher is a member of the Soci\u00e9t\u00e9 Suisse de P\u00e9dagogie Musicale SSPM and Swiss graduate singers who are themselves full members of the SSPM can register.<br \/>\nForeigners may take part if they have been resident in Switzerland for at least two years and have been studying singing for at least the fourth semester with an SSPM member, or if they themselves have been a full member of the SSPM for at least one year. The age limit is 30.<\/p>\n<p>The jury is always made up of the Board of Trustees and two external experts. For 2025, we can count on the participation of Ms. Ursula Benzing, Director of the Lucerne Opera House, and Mr. Thomas Barthel, Deputy Director of the Zurich Opera House's International Opera Studio.<\/p>\n<p>We look forward to discovering yet more beautiful voices and interesting young artistic personalities, and invite you to come to Lucerne on June 9, 2025 to watch the live audition from 10:30 a.m., and to join the young singers when the winners are announced from 4:30 p.m. onwards.<\/p>\n<p>Competition rules, a link to the entry form and information for the public can be found at www.elvirissima.ch.<\/p>\n<p><em>The Board of the Elvira-L\u00fcthi-Wegmann Foundation: Prof. Dr. Bernhard Hunziker, Dr. Lena-Lisa W\u00fcstend\u00f6rfer and Foundation Board President Marianne W\u00e4lchli<\/em><\/p>\n<p><img loading=\"lazy\" decoding=\"async\" class=\"wp-image-30995 aligncenter\" src=\"https:\/\/www.revuemusicale.ch\/wp-content\/uploads\/2024\/11\/Reglement-elvirissima.png\" alt=\"\" width=\"372\" height=\"373\" srcset=\"https:\/\/www.revuemusicale.ch\/wp-content\/uploads\/2024\/11\/Reglement-elvirissima.png 998w, https:\/\/www.revuemusicale.ch\/wp-content\/uploads\/2024\/11\/Reglement-elvirissima-300x300.png 300w, https:\/\/www.revuemusicale.ch\/wp-content\/uploads\/2024\/11\/Reglement-elvirissima-768x770.png 768w, https:\/\/www.revuemusicale.ch\/wp-content\/uploads\/2024\/11\/Reglement-elvirissima-12x12.png 12w, https:\/\/www.revuemusicale.ch\/wp-content\/uploads\/2024\/11\/Reglement-elvirissima-175x175.png 175w, https:\/\/www.revuemusicale.ch\/wp-content\/uploads\/2024\/11\/Reglement-elvirissima-349x350.png 349w, https:\/\/www.revuemusicale.ch\/wp-content\/uploads\/2024\/11\/Reglement-elvirissima-798x800.png 798w, https:\/\/www.revuemusicale.ch\/wp-content\/uploads\/2024\/11\/Reglement-elvirissima-920x922.png 920w, https:\/\/www.revuemusicale.ch\/wp-content\/uploads\/2024\/11\/Reglement-elvirissima-150x150.png 150w, https:\/\/www.revuemusicale.ch\/wp-content\/uploads\/2024\/11\/Reglement-elvirissima-100x100.png 100w, https:\/\/www.revuemusicale.ch\/wp-content\/uploads\/2024\/11\/Reglement-elvirissima-24x24.png 24w, https:\/\/www.revuemusicale.ch\/wp-content\/uploads\/2024\/11\/Reglement-elvirissima-48x48.png 48w, https:\/\/www.revuemusicale.ch\/wp-content\/uploads\/2024\/11\/Reglement-elvirissima-96x96.png 96w, https:\/\/www.revuemusicale.ch\/wp-content\/uploads\/2024\/11\/Reglement-elvirissima-250x250.png 250w\" sizes=\"auto, (max-width: 372px) 100vw, 372px\" \/><\/p>","protected":false},"excerpt":{"rendered":"<p>The next Elvira-L\u00fcthi-Wegmann Foundation Singing Competition will take place on Monday June 9, 2025 at the MaiHof in Lucerne.<\/p>","protected":false},"author":21898,"featured_media":30995,"comment_status":"closed","ping_status":"closed","sticky":false,"template":"","format":"standard","meta":{"_acf_changed":false,"_relevanssi_hide_post":"","_relevanssi_hide_content":"","_relevanssi_pin_for_all":"","_relevanssi_pin_keywords":"","_relevanssi_unpin_keywords":"","_relevanssi_related_keywords":"","_relevanssi_related_include_ids":"","_relevanssi_related_exclude_ids":"","_relevanssi_related_no_append":"","_relevanssi_related_not_related":"","_relevanssi_related_posts":"","_relevanssi_noindex_reason":"","pgc_sgb_lightbox_settings":"","footnotes":""},"categories":[51],"tags":[],"class_list":["post-30994","post","type-post","status-publish","format-standard","has-post-thumbnail","hentry","category-sspm"],"acf":[],"yoast_head":"<!-- This site is optimized with the Yoast SEO plugin v27.3 - https:\/\/yoast.com\/product\/yoast-seo-wordpress\/ -->\n<title>Elvirissima 2025 - Revue Musicale Suisse<\/title>\n<meta name=\"description\" content=\"Le prochain concours de chant de la fondation Elvira-L\u00fcthi-Wegmann aura lieu le lundi de Pentec\u00f4te 9 juin 2025 au MaiHof \u00e0 Lucerne.\" \/>\n<meta name=\"robots\" content=\"index, follow, max-snippet:-1, max-image-preview:large, max-video-preview:-1\" \/>\n<link rel=\"canonical\" href=\"https:\/\/www.revuemusicale.ch\/en\/basis\/sspm\/2024\/11\/elvirissima-2025\/\" \/>\n<meta property=\"og:locale\" content=\"en_US\" \/>\n<meta property=\"og:type\" content=\"article\" \/>\n<meta property=\"og:title\" content=\"Elvirissima 2025 - Revue Musicale Suisse\" \/>\n<meta property=\"og:description\" content=\"Le prochain concours de chant de la fondation Elvira-L\u00fcthi-Wegmann aura lieu le lundi de Pentec\u00f4te 9 juin 2025 au MaiHof \u00e0 Lucerne.\" \/>\n<meta property=\"og:url\" content=\"https:\/\/www.revuemusicale.ch\/en\/basis\/sspm\/2024\/11\/elvirissima-2025\/\" \/>\n<meta property=\"og:site_name\" content=\"Revue Musicale Suisse\" \/>\n<meta property=\"article:publisher\" content=\"https:\/\/www.facebook.com\/SchweizerMusikzeitung\/\" \/>\n<meta property=\"article:published_time\" content=\"2024-11-26T11:35:10+00:00\" \/>\n<meta property=\"og:image\" content=\"https:\/\/www.revuemusicale.ch\/wp-content\/uploads\/2024\/11\/Reglement-elvirissima.png\" \/>\n\t<meta property=\"og:image:width\" content=\"998\" \/>\n\t<meta property=\"og:image:height\" content=\"1000\" \/>\n\t<meta property=\"og:image:type\" content=\"image\/png\" \/>\n<meta name=\"author\" content=\"Marianne W\u00e4lchli\" \/>\n<meta name=\"twitter:card\" content=\"summary_large_image\" \/>\n<meta name=\"twitter:creator\" content=\"@smusikzeitung\" \/>\n<meta name=\"twitter:site\" content=\"@smusikzeitung\" \/>\n<meta name=\"twitter:label1\" content=\"Written by\" \/>\n\t<meta name=\"twitter:data1\" content=\"Marianne W\u00e4lchli\" \/>\n\t<meta name=\"twitter:label2\" content=\"Est. reading time\" \/>\n\t<meta name=\"twitter:data2\" content=\"3 minutes\" \/>\n<script type=\"application\/ld+json\" class=\"yoast-schema-graph\">{\"@context\":\"https:\\\/\\\/schema.org\",\"@graph\":[{\"@type\":\"Article\",\"@id\":\"https:\\\/\\\/www.revuemusicale.ch\\\/basis\\\/sspm\\\/2024\\\/11\\\/elvirissima-2025#article\",\"isPartOf\":{\"@id\":\"https:\\\/\\\/www.revuemusicale.ch\\\/basis\\\/sspm\\\/2024\\\/11\\\/elvirissima-2025\"},\"author\":{\"name\":\"Marianne W\u00e4lchli\",\"@id\":\"https:\\\/\\\/www.revuemusicale.ch\\\/#\\\/schema\\\/person\\\/aed9e141f1c6eabca23927825882e9bd\"},\"headline\":\"Elvirissima 2025\",\"datePublished\":\"2024-11-26T11:35:10+00:00\",\"mainEntityOfPage\":{\"@id\":\"https:\\\/\\\/www.revuemusicale.ch\\\/basis\\\/sspm\\\/2024\\\/11\\\/elvirissima-2025\"},\"wordCount\":504,\"publisher\":{\"@id\":\"https:\\\/\\\/www.revuemusicale.ch\\\/#organization\"},\"image\":{\"@id\":\"https:\\\/\\\/www.revuemusicale.ch\\\/basis\\\/sspm\\\/2024\\\/11\\\/elvirissima-2025#primaryimage\"},\"thumbnailUrl\":\"https:\\\/\\\/www.revuemusicale.ch\\\/wp-content\\\/uploads\\\/2024\\\/11\\\/Reglement-elvirissima.png\",\"articleSection\":[\"SSPM\"],\"inLanguage\":\"en-US\"},{\"@type\":\"WebPage\",\"@id\":\"https:\\\/\\\/www.revuemusicale.ch\\\/basis\\\/sspm\\\/2024\\\/11\\\/elvirissima-2025\",\"url\":\"https:\\\/\\\/www.revuemusicale.ch\\\/basis\\\/sspm\\\/2024\\\/11\\\/elvirissima-2025\",\"name\":\"Elvirissima 2025 - Revue Musicale Suisse\",\"isPartOf\":{\"@id\":\"https:\\\/\\\/www.revuemusicale.ch\\\/#website\"},\"primaryImageOfPage\":{\"@id\":\"https:\\\/\\\/www.revuemusicale.ch\\\/basis\\\/sspm\\\/2024\\\/11\\\/elvirissima-2025#primaryimage\"},\"image\":{\"@id\":\"https:\\\/\\\/www.revuemusicale.ch\\\/basis\\\/sspm\\\/2024\\\/11\\\/elvirissima-2025#primaryimage\"},\"thumbnailUrl\":\"https:\\\/\\\/www.revuemusicale.ch\\\/wp-content\\\/uploads\\\/2024\\\/11\\\/Reglement-elvirissima.png\",\"datePublished\":\"2024-11-26T11:35:10+00:00\",\"description\":\"Le prochain concours de chant de la fondation Elvira-L\u00fcthi-Wegmann aura lieu le lundi de Pentec\u00f4te 9 juin 2025 au MaiHof \u00e0 Lucerne.\",\"breadcrumb\":{\"@id\":\"https:\\\/\\\/www.revuemusicale.ch\\\/basis\\\/sspm\\\/2024\\\/11\\\/elvirissima-2025#breadcrumb\"},\"inLanguage\":\"en-US\",\"potentialAction\":[{\"@type\":\"ReadAction\",\"target\":[\"https:\\\/\\\/www.revuemusicale.ch\\\/basis\\\/sspm\\\/2024\\\/11\\\/elvirissima-2025\"]}]},{\"@type\":\"ImageObject\",\"inLanguage\":\"en-US\",\"@id\":\"https:\\\/\\\/www.revuemusicale.ch\\\/basis\\\/sspm\\\/2024\\\/11\\\/elvirissima-2025#primaryimage\",\"url\":\"https:\\\/\\\/www.revuemusicale.ch\\\/wp-content\\\/uploads\\\/2024\\\/11\\\/Reglement-elvirissima.png\",\"contentUrl\":\"https:\\\/\\\/www.revuemusicale.ch\\\/wp-content\\\/uploads\\\/2024\\\/11\\\/Reglement-elvirissima.png\",\"width\":998,\"height\":1000},{\"@type\":\"BreadcrumbList\",\"@id\":\"https:\\\/\\\/www.revuemusicale.ch\\\/basis\\\/sspm\\\/2024\\\/11\\\/elvirissima-2025#breadcrumb\",\"itemListElement\":[{\"@type\":\"ListItem\",\"position\":1,\"name\":\"Home\",\"item\":\"https:\\\/\\\/www.revuemusicale.ch\\\/\"},{\"@type\":\"ListItem\",\"position\":2,\"name\":\"Elvirissima 2025\"}]},{\"@type\":\"WebSite\",\"@id\":\"https:\\\/\\\/www.revuemusicale.ch\\\/#website\",\"url\":\"https:\\\/\\\/www.revuemusicale.ch\\\/\",\"name\":\"Revue Musicale Suisse\",\"description\":\"\",\"publisher\":{\"@id\":\"https:\\\/\\\/www.revuemusicale.ch\\\/#organization\"},\"potentialAction\":[{\"@type\":\"SearchAction\",\"target\":{\"@type\":\"EntryPoint\",\"urlTemplate\":\"https:\\\/\\\/www.revuemusicale.ch\\\/?s={search_term_string}\"},\"query-input\":{\"@type\":\"PropertyValueSpecification\",\"valueRequired\":true,\"valueName\":\"search_term_string\"}}],\"inLanguage\":\"en-US\"},{\"@type\":\"Organization\",\"@id\":\"https:\\\/\\\/www.revuemusicale.ch\\\/#organization\",\"name\":\"Revue Musicale Suisse\",\"url\":\"https:\\\/\\\/www.revuemusicale.ch\\\/\",\"logo\":{\"@type\":\"ImageObject\",\"inLanguage\":\"en-US\",\"@id\":\"https:\\\/\\\/www.revuemusicale.ch\\\/#\\\/schema\\\/logo\\\/image\\\/\",\"url\":\"https:\\\/\\\/www.revuemusicale.ch\\\/wp-content\\\/uploads\\\/2023\\\/01\\\/logo_revuemusicale_musikzeitung.jpg\",\"contentUrl\":\"https:\\\/\\\/www.revuemusicale.ch\\\/wp-content\\\/uploads\\\/2023\\\/01\\\/logo_revuemusicale_musikzeitung.jpg\",\"width\":1200,\"height\":243,\"caption\":\"Revue Musicale Suisse\"},\"image\":{\"@id\":\"https:\\\/\\\/www.revuemusicale.ch\\\/#\\\/schema\\\/logo\\\/image\\\/\"},\"sameAs\":[\"https:\\\/\\\/www.facebook.com\\\/SchweizerMusikzeitung\\\/\",\"https:\\\/\\\/x.com\\\/smusikzeitung\",\"https:\\\/\\\/www.instagram.com\\\/musikzeitung.ch\\\/?hl=de\"]},{\"@type\":\"Person\",\"@id\":\"https:\\\/\\\/www.revuemusicale.ch\\\/#\\\/schema\\\/person\\\/aed9e141f1c6eabca23927825882e9bd\",\"name\":\"Marianne W\u00e4lchli\",\"image\":{\"@type\":\"ImageObject\",\"inLanguage\":\"en-US\",\"@id\":\"https:\\\/\\\/secure.gravatar.com\\\/avatar\\\/38051b42066354b3387944d4858f0db38df9bd42750adce08eb2e6606490c55f?s=96&d=mm&r=g\",\"url\":\"https:\\\/\\\/secure.gravatar.com\\\/avatar\\\/38051b42066354b3387944d4858f0db38df9bd42750adce08eb2e6606490c55f?s=96&d=mm&r=g\",\"contentUrl\":\"https:\\\/\\\/secure.gravatar.com\\\/avatar\\\/38051b42066354b3387944d4858f0db38df9bd42750adce08eb2e6606490c55f?s=96&d=mm&r=g\",\"caption\":\"Marianne W\u00e4lchli\"},\"url\":\"https:\\\/\\\/www.revuemusicale.ch\\\/en\\\/author\\\/marianne-waelchli\"}]}<\/script>\n<!-- \/ Yoast SEO plugin. -->","yoast_head_json":{"title":"Elvirissima 2025 - Revue Musicale Suisse","description":"Le prochain concours de chant de la fondation Elvira-L\u00fcthi-Wegmann aura lieu le lundi de Pentec\u00f4te 9 juin 2025 au MaiHof \u00e0 Lucerne.","robots":{"index":"index","follow":"follow","max-snippet":"max-snippet:-1","max-image-preview":"max-image-preview:large","max-video-preview":"max-video-preview:-1"},"canonical":"https:\/\/www.revuemusicale.ch\/en\/basis\/sspm\/2024\/11\/elvirissima-2025\/","og_locale":"en_US","og_type":"article","og_title":"Elvirissima 2025 - Revue Musicale Suisse","og_description":"Le prochain concours de chant de la fondation Elvira-L\u00fcthi-Wegmann aura lieu le lundi de Pentec\u00f4te 9 juin 2025 au MaiHof \u00e0 Lucerne.","og_url":"https:\/\/www.revuemusicale.ch\/en\/basis\/sspm\/2024\/11\/elvirissima-2025\/","og_site_name":"Revue Musicale Suisse","article_publisher":"https:\/\/www.facebook.com\/SchweizerMusikzeitung\/","article_published_time":"2024-11-26T11:35:10+00:00","og_image":[{"width":998,"height":1000,"url":"https:\/\/www.revuemusicale.ch\/wp-content\/uploads\/2024\/11\/Reglement-elvirissima.png","type":"image\/png"}],"author":"Marianne W\u00e4lchli","twitter_card":"summary_large_image","twitter_creator":"@smusikzeitung","twitter_site":"@smusikzeitung","twitter_misc":{"Written by":"Marianne W\u00e4lchli","Est. reading time":"3 minutes"},"schema":{"@context":"https:\/\/schema.org","@graph":[{"@type":"Article","@id":"https:\/\/www.revuemusicale.ch\/basis\/sspm\/2024\/11\/elvirissima-2025#article","isPartOf":{"@id":"https:\/\/www.revuemusicale.ch\/basis\/sspm\/2024\/11\/elvirissima-2025"},"author":{"name":"Marianne W\u00e4lchli","@id":"https:\/\/www.revuemusicale.ch\/#\/schema\/person\/aed9e141f1c6eabca23927825882e9bd"},"headline":"Elvirissima 2025","datePublished":"2024-11-26T11:35:10+00:00","mainEntityOfPage":{"@id":"https:\/\/www.revuemusicale.ch\/basis\/sspm\/2024\/11\/elvirissima-2025"},"wordCount":504,"publisher":{"@id":"https:\/\/www.revuemusicale.ch\/#organization"},"image":{"@id":"https:\/\/www.revuemusicale.ch\/basis\/sspm\/2024\/11\/elvirissima-2025#primaryimage"},"thumbnailUrl":"https:\/\/www.revuemusicale.ch\/wp-content\/uploads\/2024\/11\/Reglement-elvirissima.png","articleSection":["SSPM"],"inLanguage":"en-US"},{"@type":"WebPage","@id":"https:\/\/www.revuemusicale.ch\/basis\/sspm\/2024\/11\/elvirissima-2025","url":"https:\/\/www.revuemusicale.ch\/basis\/sspm\/2024\/11\/elvirissima-2025","name":"Elvirissima 2025 - Revue Musicale Suisse","isPartOf":{"@id":"https:\/\/www.revuemusicale.ch\/#website"},"primaryImageOfPage":{"@id":"https:\/\/www.revuemusicale.ch\/basis\/sspm\/2024\/11\/elvirissima-2025#primaryimage"},"image":{"@id":"https:\/\/www.revuemusicale.ch\/basis\/sspm\/2024\/11\/elvirissima-2025#primaryimage"},"thumbnailUrl":"https:\/\/www.revuemusicale.ch\/wp-content\/uploads\/2024\/11\/Reglement-elvirissima.png","datePublished":"2024-11-26T11:35:10+00:00","description":"Le prochain concours de chant de la fondation Elvira-L\u00fcthi-Wegmann aura lieu le lundi de Pentec\u00f4te 9 juin 2025 au MaiHof \u00e0 Lucerne.","breadcrumb":{"@id":"https:\/\/www.revuemusicale.ch\/basis\/sspm\/2024\/11\/elvirissima-2025#breadcrumb"},"inLanguage":"en-US","potentialAction":[{"@type":"ReadAction","target":["https:\/\/www.revuemusicale.ch\/basis\/sspm\/2024\/11\/elvirissima-2025"]}]},{"@type":"ImageObject","inLanguage":"en-US","@id":"https:\/\/www.revuemusicale.ch\/basis\/sspm\/2024\/11\/elvirissima-2025#primaryimage","url":"https:\/\/www.revuemusicale.ch\/wp-content\/uploads\/2024\/11\/Reglement-elvirissima.png","contentUrl":"https:\/\/www.revuemusicale.ch\/wp-content\/uploads\/2024\/11\/Reglement-elvirissima.png","width":998,"height":1000},{"@type":"BreadcrumbList","@id":"https:\/\/www.revuemusicale.ch\/basis\/sspm\/2024\/11\/elvirissima-2025#breadcrumb","itemListElement":[{"@type":"ListItem","position":1,"name":"Home","item":"https:\/\/www.revuemusicale.ch\/"},{"@type":"ListItem","position":2,"name":"Elvirissima 2025"}]},{"@type":"WebSite","@id":"https:\/\/www.revuemusicale.ch\/#website","url":"https:\/\/www.revuemusicale.ch\/","name":"Swiss Music Review","description":"","publisher":{"@id":"https:\/\/www.revuemusicale.ch\/#organization"},"potentialAction":[{"@type":"SearchAction","target":{"@type":"EntryPoint","urlTemplate":"https:\/\/www.revuemusicale.ch\/?s={search_term_string}"},"query-input":{"@type":"PropertyValueSpecification","valueRequired":true,"valueName":"search_term_string"}}],"inLanguage":"en-US"},{"@type":"Organization","@id":"https:\/\/www.revuemusicale.ch\/#organization","name":"Swiss Music Review","url":"https:\/\/www.revuemusicale.ch\/","logo":{"@type":"ImageObject","inLanguage":"en-US","@id":"https:\/\/www.revuemusicale.ch\/#\/schema\/logo\/image\/","url":"https:\/\/www.revuemusicale.ch\/wp-content\/uploads\/2023\/01\/logo_revuemusicale_musikzeitung.jpg","contentUrl":"https:\/\/www.revuemusicale.ch\/wp-content\/uploads\/2023\/01\/logo_revuemusicale_musikzeitung.jpg","width":1200,"height":243,"caption":"Revue Musicale Suisse"},"image":{"@id":"https:\/\/www.revuemusicale.ch\/#\/schema\/logo\/image\/"},"sameAs":["https:\/\/www.facebook.com\/SchweizerMusikzeitung\/","https:\/\/x.com\/smusikzeitung","https:\/\/www.instagram.com\/musikzeitung.ch\/?hl=de"]},{"@type":"Person","@id":"https:\/\/www.revuemusicale.ch\/#\/schema\/person\/aed9e141f1c6eabca23927825882e9bd","name":"Marianne W\u00e4lchli","image":{"@type":"ImageObject","inLanguage":"en-US","@id":"https:\/\/secure.gravatar.com\/avatar\/38051b42066354b3387944d4858f0db38df9bd42750adce08eb2e6606490c55f?s=96&d=mm&r=g","url":"https:\/\/secure.gravatar.com\/avatar\/38051b42066354b3387944d4858f0db38df9bd42750adce08eb2e6606490c55f?s=96&d=mm&r=g","contentUrl":"https:\/\/secure.gravatar.com\/avatar\/38051b42066354b3387944d4858f0db38df9bd42750adce08eb2e6606490c55f?s=96&d=mm&r=g","caption":"Marianne W\u00e4lchli"},"url":"https:\/\/www.revuemusicale.ch\/en\/author\/marianne-waelchli"}]}},"publishpress_future_action":{"enabled":false,"date":"1970-01-01 01:00:00","action":"change-status","newStatus":"draft","terms":[],"taxonomy":"category","extraData":[]},"publishpress_future_workflow_manual_trigger":{"enabledWorkflows":[]},"_links":{"self":[{"href":"https:\/\/www.revuemusicale.ch\/en\/wp-json\/wp\/v2\/posts\/30994","targetHints":{"allow":["GET"]}}],"collection":[{"href":"https:\/\/www.revuemusicale.ch\/en\/wp-json\/wp\/v2\/posts"}],"about":[{"href":"https:\/\/www.revuemusicale.ch\/en\/wp-json\/wp\/v2\/types\/post"}],"author":[{"embeddable":true,"href":"https:\/\/www.revuemusicale.ch\/en\/wp-json\/wp\/v2\/users\/21898"}],"replies":[{"embeddable":true,"href":"https:\/\/www.revuemusicale.ch\/en\/wp-json\/wp\/v2\/comments?post=30994"}],"version-history":[{"count":2,"href":"https:\/\/www.revuemusicale.ch\/en\/wp-json\/wp\/v2\/posts\/30994\/revisions"}],"predecessor-version":[{"id":30997,"href":"https:\/\/www.revuemusicale.ch\/en\/wp-json\/wp\/v2\/posts\/30994\/revisions\/30997"}],"wp:featuredmedia":[{"embeddable":true,"href":"https:\/\/www.revuemusicale.ch\/en\/wp-json\/wp\/v2\/media\/30995"}],"wp:attachment":[{"href":"https:\/\/www.revuemusicale.ch\/en\/wp-json\/wp\/v2\/media?parent=30994"}],"wp:term":[{"taxonomy":"category","embeddable":true,"href":"https:\/\/www.revuemusicale.ch\/en\/wp-json\/wp\/v2\/categories?post=30994"},{"taxonomy":"post_tag","embeddable":true,"href":"https:\/\/www.revuemusicale.ch\/en\/wp-json\/wp\/v2\/tags?post=30994"}],"curies":[{"name":"wp","href":"https:\/\/api.w.org\/{rel}","templated":true}]}}