{"id":31016,"date":"2024-12-09T14:13:31","date_gmt":"2024-12-09T13:13:31","guid":{"rendered":"https:\/\/www.revuemusicale.ch\/?p=31016"},"modified":"2024-12-09T14:13:31","modified_gmt":"2024-12-09T13:13:31","slug":"jeunes-talents-musique-fort-engagement-dans-les-cantons","status":"publish","type":"post","link":"https:\/\/www.revuemusicale.ch\/en\/basis\/asem\/2024\/12\/jeunes-talents-musique-fort-engagement-dans-les-cantons","title":{"rendered":"Jeunes Talents Musique: strong commitment from the cantons"},"content":{"rendered":"<figure id=\"attachment_31017\" aria-describedby=\"caption-attachment-31017\" style=\"width: 561px\" class=\"wp-caption alignnone\"><img loading=\"lazy\" decoding=\"async\" class=\"wp-image-31017\" src=\"https:\/\/www.revuemusicale.ch\/wp-content\/uploads\/2024\/12\/DSC06548.jpg\" alt=\"\" width=\"561\" height=\"374\" srcset=\"https:\/\/www.revuemusicale.ch\/wp-content\/uploads\/2024\/12\/DSC06548.jpg 1400w, https:\/\/www.revuemusicale.ch\/wp-content\/uploads\/2024\/12\/DSC06548-300x200.jpg 300w, https:\/\/www.revuemusicale.ch\/wp-content\/uploads\/2024\/12\/DSC06548-1024x683.jpg 1024w, https:\/\/www.revuemusicale.ch\/wp-content\/uploads\/2024\/12\/DSC06548-600x400.jpg 600w, https:\/\/www.revuemusicale.ch\/wp-content\/uploads\/2024\/12\/DSC06548-768x512.jpg 768w, https:\/\/www.revuemusicale.ch\/wp-content\/uploads\/2024\/12\/DSC06548-1536x1024.jpg 1536w, https:\/\/www.revuemusicale.ch\/wp-content\/uploads\/2024\/12\/DSC06548-2048x1365.jpg 2048w, https:\/\/www.revuemusicale.ch\/wp-content\/uploads\/2024\/12\/DSC06548-18x12.jpg 18w, https:\/\/www.revuemusicale.ch\/wp-content\/uploads\/2024\/12\/DSC06548-263x175.jpg 263w, https:\/\/www.revuemusicale.ch\/wp-content\/uploads\/2024\/12\/DSC06548-525x350.jpg 525w, https:\/\/www.revuemusicale.ch\/wp-content\/uploads\/2024\/12\/DSC06548-1200x800.jpg 1200w, https:\/\/www.revuemusicale.ch\/wp-content\/uploads\/2024\/12\/DSC06548-920x613.jpg 920w\" sizes=\"auto, (max-width: 561px) 100vw, 561px\" \/><figcaption id=\"caption-attachment-31017\" class=\"wp-caption-text\">Delegates from all cantons meet in Olten to discuss the \"Jeunes Talents Musique\" program (Photos: Anicia Kohler)<\/figcaption><\/figure>\n<p class=\"p1\">\"The Jeunes Talents Musique program has developed a great momentum,\" noted Eva Crastan of the ASEM board, in her introductory message to the afternoon's fifty or so participants. ASEM President Philippe Kr\u00fcttli was also impressed by the way work was progressing in the cantons - by the end of 2024, 16 cantonal programs had already been accredited under \"Jeunes Talents Musique\", and many more were in consultation. Exchanges are all the more important to be able to learn from each other and move forward together, he noted.<\/p>\n<h3 class=\"p1\"><b>How did the \"Jeunes Talents Musique\" incentive program come about?<\/b><\/h3>\n<p class=\"p1\">Since Article 67a was enshrined in the Swiss Constitution, the Confederation and cantons have been mandated to promote musical education for children and young people. This mission covers both general promotion, which already has its own \"Youth and Music\" program, and talent promotion. In this case, numerous offers to support particularly gifted music students already exist at both cantonal and communal level, but there was a lack of national coordination. With \"Jeunes Talents Musique\" and the related framework concept, this has now been available for two years, and cantons can now have their programs accredited by the Confederation.<\/p>\n<h3 class=\"p1\"><b>Extract from the \"Jeunes Talents Musique\" framework concept<\/b><\/h3>\n<blockquote>\n<p class=\"p3\">\"Im Rahmen der Kulturbotschaft 2021-2024 hat der Bundesrat in Aussicht gestellt, Grunds\u00e4tze festzulegen sowie spezifische Massnahmen der Begabtenf\u00f6rderung einzuf\u00fchren. Mit seinem Programm \"Junge Talente Musik\" unterst\u00fctzt der Bund musikalisch begabte Kinder und Jugendliche im Rahmen von kantonalen bzw. interkantonalen Begabtenf\u00f6rderungsprogrammen. Der Bund schafft mit seinem Programm kein eigenes Begabtenf\u00f6rderungssystem, sondern baut auf kantonalen bzw. interkantonalen Begabtenf\u00f6rderungsprogrammen auf. Diese m\u00fcssen inhaltlichen und strukturellen Vorgaben nach dem vorliegenden Rahmenkonzept gen\u00fcgen, damit eine Unterst\u00fctzung durch den Bund m\u00f6glich ist. F\u00fcr die Entwicklung von entsprechenden Programmen unterst\u00fctzt der Bund die Kantone zus\u00e4tzlich mit einmaligen Finanzhilfen.\" Source: framework concept <a href=\"https:\/\/www.bak.admin.ch\/bak\/fr\/home\/sprachen-und-gesellschaft\/formation-musicale\/jung-talente-musik.html\">\"Young Music Talents<\/a>, p.2<\/p>\n<\/blockquote>\n<h3 class=\"p1\"><b>Learning from each other<\/b><\/h3>\n<p class=\"p1\">For part of the afternoon, participants were able to learn about incentive strategies with the help of a poster exhibition featuring cantonal programs. They discussed various aspects such as cantonal foundations, political structures and enrolment numbers in intensive and fruitful exchanges.<span class=\"Apple-converted-space\">\u00a0<\/span><\/p>\n<p class=\"p1\">\"Lorenzetta Zaugg concluded the afternoon's proceedings by saying: \"The strong commitment of the cantons is clear to see. Philippe Kr\u00fcttli also expressed his thanks, adding that the milestones achieved in a relatively short space of time were something to be proud of.<\/p>\n<p class=\"p1\">Information on already accredited cantonal incentive programs can be found here. <a href=\"https:\/\/www.bak.admin.ch\/bak\/fr\/home\/sprachen-und-gesellschaft\/formation-musicale\/jung-talente-musik\/unterstuetzung-kantonaler-foerderprogramme.html\">link.<\/a><\/p>\n<figure id=\"attachment_31018\" aria-describedby=\"caption-attachment-31018\" style=\"width: 621px\" class=\"wp-caption alignnone\"><img loading=\"lazy\" decoding=\"async\" class=\"wp-image-31018\" src=\"https:\/\/www.revuemusicale.ch\/wp-content\/uploads\/2024\/12\/DSC06571.jpg\" alt=\"\" width=\"621\" height=\"414\" srcset=\"https:\/\/www.revuemusicale.ch\/wp-content\/uploads\/2024\/12\/DSC06571.jpg 1400w, https:\/\/www.revuemusicale.ch\/wp-content\/uploads\/2024\/12\/DSC06571-300x200.jpg 300w, https:\/\/www.revuemusicale.ch\/wp-content\/uploads\/2024\/12\/DSC06571-1024x683.jpg 1024w, https:\/\/www.revuemusicale.ch\/wp-content\/uploads\/2024\/12\/DSC06571-600x400.jpg 600w, https:\/\/www.revuemusicale.ch\/wp-content\/uploads\/2024\/12\/DSC06571-768x512.jpg 768w, https:\/\/www.revuemusicale.ch\/wp-content\/uploads\/2024\/12\/DSC06571-1536x1024.jpg 1536w, https:\/\/www.revuemusicale.ch\/wp-content\/uploads\/2024\/12\/DSC06571-2048x1365.jpg 2048w, https:\/\/www.revuemusicale.ch\/wp-content\/uploads\/2024\/12\/DSC06571-18x12.jpg 18w, https:\/\/www.revuemusicale.ch\/wp-content\/uploads\/2024\/12\/DSC06571-263x175.jpg 263w, https:\/\/www.revuemusicale.ch\/wp-content\/uploads\/2024\/12\/DSC06571-525x350.jpg 525w, https:\/\/www.revuemusicale.ch\/wp-content\/uploads\/2024\/12\/DSC06571-1200x800.jpg 1200w, https:\/\/www.revuemusicale.ch\/wp-content\/uploads\/2024\/12\/DSC06571-920x613.jpg 920w\" sizes=\"auto, (max-width: 621px) 100vw, 621px\" \/><figcaption id=\"caption-attachment-31018\" class=\"wp-caption-text\">From left to right: Lorenzetta Zaugg (OFC), Luca Medici, Matteo Piazza (Ticino), Philippe R\u00e9gana (Geneva)<\/figcaption><\/figure>","protected":false},"excerpt":{"rendered":"<p>On November 22, the ASEM committee invited representatives from all Swiss cantons to an exchange on the promotion of musical talent at cantonal and national level. Lorenzetta Zaugg, from the Federal Office of Culture and head of the federal \"Jeunes Talents Musique\" program, was on hand to answer questions.<\/p>","protected":false},"author":21891,"featured_media":0,"comment_status":"closed","ping_status":"closed","sticky":false,"template":"","format":"standard","meta":{"_acf_changed":false,"_relevanssi_hide_post":"","_relevanssi_hide_content":"","_relevanssi_pin_for_all":"","_relevanssi_pin_keywords":"","_relevanssi_unpin_keywords":"","_relevanssi_related_keywords":"","_relevanssi_related_include_ids":"","_relevanssi_related_exclude_ids":"","_relevanssi_related_no_append":"","_relevanssi_related_not_related":"","_relevanssi_related_posts":"","_relevanssi_noindex_reason":"","pgc_sgb_lightbox_settings":"","footnotes":""},"categories":[56],"tags":[],"class_list":["post-31016","post","type-post","status-publish","format-standard","hentry","category-asem"],"acf":[],"yoast_head":"<!-- This site is optimized with the Yoast SEO plugin v27.3 - https:\/\/yoast.com\/product\/yoast-seo-wordpress\/ -->\n<title>Jeunes Talents Musique: fort engagement dans les cantons - Revue Musicale Suisse<\/title>\n<meta name=\"robots\" content=\"index, follow, max-snippet:-1, max-image-preview:large, max-video-preview:-1\" \/>\n<link rel=\"canonical\" href=\"https:\/\/www.revuemusicale.ch\/en\/basis\/asem\/2024\/12\/jeunes-talents-musique-fort-engagement-dans-les-cantons\/\" \/>\n<meta property=\"og:locale\" content=\"en_US\" \/>\n<meta property=\"og:type\" content=\"article\" \/>\n<meta property=\"og:title\" content=\"Jeunes Talents Musique: fort engagement dans les cantons - Revue Musicale Suisse\" \/>\n<meta property=\"og:description\" content=\"Le 22 novembre, le comit\u00e9 de l\u2019ASEM a invit\u00e9 des repr\u00e9sentations de tous les cantons suisses \u00e0 un \u00e9change sur l\u2019encouragement des talents musicaux au niveau cantonal et national. Lorenzetta Zaugg, de l\u2019Office f\u00e9d\u00e9ral de la culture et responsable du programme f\u00e9d\u00e9ral \u00abJeunes Talents Musique\u00bb, \u00e9tait pr\u00e9sente pour r\u00e9pondre aux questions.\" \/>\n<meta property=\"og:url\" content=\"https:\/\/www.revuemusicale.ch\/en\/basis\/asem\/2024\/12\/jeunes-talents-musique-fort-engagement-dans-les-cantons\/\" \/>\n<meta property=\"og:site_name\" content=\"Revue Musicale Suisse\" \/>\n<meta property=\"article:publisher\" content=\"https:\/\/www.facebook.com\/SchweizerMusikzeitung\/\" \/>\n<meta property=\"article:published_time\" content=\"2024-12-09T13:13:31+00:00\" \/>\n<meta property=\"og:image\" content=\"https:\/\/www.revuemusicale.ch\/wp-content\/uploads\/2024\/12\/DSC06548.jpg\" \/>\n<meta name=\"author\" content=\"Anicia Kohler\" \/>\n<meta name=\"twitter:card\" content=\"summary_large_image\" \/>\n<meta name=\"twitter:creator\" content=\"@smusikzeitung\" \/>\n<meta name=\"twitter:site\" content=\"@smusikzeitung\" \/>\n<meta name=\"twitter:label1\" content=\"Written by\" \/>\n\t<meta name=\"twitter:data1\" content=\"Anicia Kohler\" \/>\n\t<meta name=\"twitter:label2\" content=\"Est. reading time\" \/>\n\t<meta name=\"twitter:data2\" content=\"3 minutes\" \/>\n<script type=\"application\/ld+json\" class=\"yoast-schema-graph\">{\"@context\":\"https:\\\/\\\/schema.org\",\"@graph\":[{\"@type\":\"Article\",\"@id\":\"https:\\\/\\\/www.revuemusicale.ch\\\/basis\\\/asem\\\/2024\\\/12\\\/jeunes-talents-musique-fort-engagement-dans-les-cantons#article\",\"isPartOf\":{\"@id\":\"https:\\\/\\\/www.revuemusicale.ch\\\/basis\\\/asem\\\/2024\\\/12\\\/jeunes-talents-musique-fort-engagement-dans-les-cantons\"},\"author\":{\"name\":\"Anicia Kohler\",\"@id\":\"https:\\\/\\\/www.revuemusicale.ch\\\/#\\\/schema\\\/person\\\/e4ba37136bd24461e8c7874590a4762f\"},\"headline\":\"Jeunes Talents Musique: fort engagement dans les cantons\",\"datePublished\":\"2024-12-09T13:13:31+00:00\",\"mainEntityOfPage\":{\"@id\":\"https:\\\/\\\/www.revuemusicale.ch\\\/basis\\\/asem\\\/2024\\\/12\\\/jeunes-talents-musique-fort-engagement-dans-les-cantons\"},\"wordCount\":539,\"publisher\":{\"@id\":\"https:\\\/\\\/www.revuemusicale.ch\\\/#organization\"},\"image\":{\"@id\":\"https:\\\/\\\/www.revuemusicale.ch\\\/basis\\\/asem\\\/2024\\\/12\\\/jeunes-talents-musique-fort-engagement-dans-les-cantons#primaryimage\"},\"thumbnailUrl\":\"https:\\\/\\\/www.revuemusicale.ch\\\/wp-content\\\/uploads\\\/2024\\\/12\\\/DSC06548.jpg\",\"articleSection\":[\"ASEM\"],\"inLanguage\":\"en-US\"},{\"@type\":\"WebPage\",\"@id\":\"https:\\\/\\\/www.revuemusicale.ch\\\/basis\\\/asem\\\/2024\\\/12\\\/jeunes-talents-musique-fort-engagement-dans-les-cantons\",\"url\":\"https:\\\/\\\/www.revuemusicale.ch\\\/basis\\\/asem\\\/2024\\\/12\\\/jeunes-talents-musique-fort-engagement-dans-les-cantons\",\"name\":\"Jeunes Talents Musique: fort engagement dans les cantons - Revue Musicale Suisse\",\"isPartOf\":{\"@id\":\"https:\\\/\\\/www.revuemusicale.ch\\\/#website\"},\"primaryImageOfPage\":{\"@id\":\"https:\\\/\\\/www.revuemusicale.ch\\\/basis\\\/asem\\\/2024\\\/12\\\/jeunes-talents-musique-fort-engagement-dans-les-cantons#primaryimage\"},\"image\":{\"@id\":\"https:\\\/\\\/www.revuemusicale.ch\\\/basis\\\/asem\\\/2024\\\/12\\\/jeunes-talents-musique-fort-engagement-dans-les-cantons#primaryimage\"},\"thumbnailUrl\":\"https:\\\/\\\/www.revuemusicale.ch\\\/wp-content\\\/uploads\\\/2024\\\/12\\\/DSC06548.jpg\",\"datePublished\":\"2024-12-09T13:13:31+00:00\",\"breadcrumb\":{\"@id\":\"https:\\\/\\\/www.revuemusicale.ch\\\/basis\\\/asem\\\/2024\\\/12\\\/jeunes-talents-musique-fort-engagement-dans-les-cantons#breadcrumb\"},\"inLanguage\":\"en-US\",\"potentialAction\":[{\"@type\":\"ReadAction\",\"target\":[\"https:\\\/\\\/www.revuemusicale.ch\\\/basis\\\/asem\\\/2024\\\/12\\\/jeunes-talents-musique-fort-engagement-dans-les-cantons\"]}]},{\"@type\":\"ImageObject\",\"inLanguage\":\"en-US\",\"@id\":\"https:\\\/\\\/www.revuemusicale.ch\\\/basis\\\/asem\\\/2024\\\/12\\\/jeunes-talents-musique-fort-engagement-dans-les-cantons#primaryimage\",\"url\":\"https:\\\/\\\/www.revuemusicale.ch\\\/wp-content\\\/uploads\\\/2024\\\/12\\\/DSC06548.jpg\",\"contentUrl\":\"https:\\\/\\\/www.revuemusicale.ch\\\/wp-content\\\/uploads\\\/2024\\\/12\\\/DSC06548.jpg\"},{\"@type\":\"BreadcrumbList\",\"@id\":\"https:\\\/\\\/www.revuemusicale.ch\\\/basis\\\/asem\\\/2024\\\/12\\\/jeunes-talents-musique-fort-engagement-dans-les-cantons#breadcrumb\",\"itemListElement\":[{\"@type\":\"ListItem\",\"position\":1,\"name\":\"Home\",\"item\":\"https:\\\/\\\/www.revuemusicale.ch\\\/\"},{\"@type\":\"ListItem\",\"position\":2,\"name\":\"Jeunes Talents Musique: fort engagement dans les cantons\"}]},{\"@type\":\"WebSite\",\"@id\":\"https:\\\/\\\/www.revuemusicale.ch\\\/#website\",\"url\":\"https:\\\/\\\/www.revuemusicale.ch\\\/\",\"name\":\"Revue Musicale Suisse\",\"description\":\"\",\"publisher\":{\"@id\":\"https:\\\/\\\/www.revuemusicale.ch\\\/#organization\"},\"potentialAction\":[{\"@type\":\"SearchAction\",\"target\":{\"@type\":\"EntryPoint\",\"urlTemplate\":\"https:\\\/\\\/www.revuemusicale.ch\\\/?s={search_term_string}\"},\"query-input\":{\"@type\":\"PropertyValueSpecification\",\"valueRequired\":true,\"valueName\":\"search_term_string\"}}],\"inLanguage\":\"en-US\"},{\"@type\":\"Organization\",\"@id\":\"https:\\\/\\\/www.revuemusicale.ch\\\/#organization\",\"name\":\"Revue Musicale Suisse\",\"url\":\"https:\\\/\\\/www.revuemusicale.ch\\\/\",\"logo\":{\"@type\":\"ImageObject\",\"inLanguage\":\"en-US\",\"@id\":\"https:\\\/\\\/www.revuemusicale.ch\\\/#\\\/schema\\\/logo\\\/image\\\/\",\"url\":\"https:\\\/\\\/www.revuemusicale.ch\\\/wp-content\\\/uploads\\\/2023\\\/01\\\/logo_revuemusicale_musikzeitung.jpg\",\"contentUrl\":\"https:\\\/\\\/www.revuemusicale.ch\\\/wp-content\\\/uploads\\\/2023\\\/01\\\/logo_revuemusicale_musikzeitung.jpg\",\"width\":1200,\"height\":243,\"caption\":\"Revue Musicale Suisse\"},\"image\":{\"@id\":\"https:\\\/\\\/www.revuemusicale.ch\\\/#\\\/schema\\\/logo\\\/image\\\/\"},\"sameAs\":[\"https:\\\/\\\/www.facebook.com\\\/SchweizerMusikzeitung\\\/\",\"https:\\\/\\\/x.com\\\/smusikzeitung\",\"https:\\\/\\\/www.instagram.com\\\/musikzeitung.ch\\\/?hl=de\"]},{\"@type\":\"Person\",\"@id\":\"https:\\\/\\\/www.revuemusicale.ch\\\/#\\\/schema\\\/person\\\/e4ba37136bd24461e8c7874590a4762f\",\"name\":\"Anicia Kohler\",\"image\":{\"@type\":\"ImageObject\",\"inLanguage\":\"en-US\",\"@id\":\"https:\\\/\\\/secure.gravatar.com\\\/avatar\\\/6ea00b417b00b657b92c811768262d33fd76a3d20dcab3e19ff7f2a1eedf1412?s=96&d=mm&r=g\",\"url\":\"https:\\\/\\\/secure.gravatar.com\\\/avatar\\\/6ea00b417b00b657b92c811768262d33fd76a3d20dcab3e19ff7f2a1eedf1412?s=96&d=mm&r=g\",\"contentUrl\":\"https:\\\/\\\/secure.gravatar.com\\\/avatar\\\/6ea00b417b00b657b92c811768262d33fd76a3d20dcab3e19ff7f2a1eedf1412?s=96&d=mm&r=g\",\"caption\":\"Anicia Kohler\"},\"url\":\"https:\\\/\\\/www.revuemusicale.ch\\\/en\\\/author\\\/anicia-kohler\"}]}<\/script>\n<!-- \/ Yoast SEO plugin. -->","yoast_head_json":{"title":"Jeunes Talents Musique: fort engagement dans les cantons - Revue Musicale Suisse","robots":{"index":"index","follow":"follow","max-snippet":"max-snippet:-1","max-image-preview":"max-image-preview:large","max-video-preview":"max-video-preview:-1"},"canonical":"https:\/\/www.revuemusicale.ch\/en\/basis\/asem\/2024\/12\/jeunes-talents-musique-fort-engagement-dans-les-cantons\/","og_locale":"en_US","og_type":"article","og_title":"Jeunes Talents Musique: fort engagement dans les cantons - Revue Musicale Suisse","og_description":"Le 22 novembre, le comit\u00e9 de l\u2019ASEM a invit\u00e9 des repr\u00e9sentations de tous les cantons suisses \u00e0 un \u00e9change sur l\u2019encouragement des talents musicaux au niveau cantonal et national. Lorenzetta Zaugg, de l\u2019Office f\u00e9d\u00e9ral de la culture et responsable du programme f\u00e9d\u00e9ral \u00abJeunes Talents Musique\u00bb, \u00e9tait pr\u00e9sente pour r\u00e9pondre aux questions.","og_url":"https:\/\/www.revuemusicale.ch\/en\/basis\/asem\/2024\/12\/jeunes-talents-musique-fort-engagement-dans-les-cantons\/","og_site_name":"Revue Musicale Suisse","article_publisher":"https:\/\/www.facebook.com\/SchweizerMusikzeitung\/","article_published_time":"2024-12-09T13:13:31+00:00","og_image":[{"url":"https:\/\/www.revuemusicale.ch\/wp-content\/uploads\/2024\/12\/DSC06548.jpg","type":"","width":"","height":""}],"author":"Anicia Kohler","twitter_card":"summary_large_image","twitter_creator":"@smusikzeitung","twitter_site":"@smusikzeitung","twitter_misc":{"Written by":"Anicia Kohler","Est. reading time":"3 minutes"},"schema":{"@context":"https:\/\/schema.org","@graph":[{"@type":"Article","@id":"https:\/\/www.revuemusicale.ch\/basis\/asem\/2024\/12\/jeunes-talents-musique-fort-engagement-dans-les-cantons#article","isPartOf":{"@id":"https:\/\/www.revuemusicale.ch\/basis\/asem\/2024\/12\/jeunes-talents-musique-fort-engagement-dans-les-cantons"},"author":{"name":"Anicia Kohler","@id":"https:\/\/www.revuemusicale.ch\/#\/schema\/person\/e4ba37136bd24461e8c7874590a4762f"},"headline":"Jeunes Talents Musique: fort engagement dans les cantons","datePublished":"2024-12-09T13:13:31+00:00","mainEntityOfPage":{"@id":"https:\/\/www.revuemusicale.ch\/basis\/asem\/2024\/12\/jeunes-talents-musique-fort-engagement-dans-les-cantons"},"wordCount":539,"publisher":{"@id":"https:\/\/www.revuemusicale.ch\/#organization"},"image":{"@id":"https:\/\/www.revuemusicale.ch\/basis\/asem\/2024\/12\/jeunes-talents-musique-fort-engagement-dans-les-cantons#primaryimage"},"thumbnailUrl":"https:\/\/www.revuemusicale.ch\/wp-content\/uploads\/2024\/12\/DSC06548.jpg","articleSection":["ASEM"],"inLanguage":"en-US"},{"@type":"WebPage","@id":"https:\/\/www.revuemusicale.ch\/basis\/asem\/2024\/12\/jeunes-talents-musique-fort-engagement-dans-les-cantons","url":"https:\/\/www.revuemusicale.ch\/basis\/asem\/2024\/12\/jeunes-talents-musique-fort-engagement-dans-les-cantons","name":"Jeunes Talents Musique: fort engagement dans les cantons - Revue Musicale Suisse","isPartOf":{"@id":"https:\/\/www.revuemusicale.ch\/#website"},"primaryImageOfPage":{"@id":"https:\/\/www.revuemusicale.ch\/basis\/asem\/2024\/12\/jeunes-talents-musique-fort-engagement-dans-les-cantons#primaryimage"},"image":{"@id":"https:\/\/www.revuemusicale.ch\/basis\/asem\/2024\/12\/jeunes-talents-musique-fort-engagement-dans-les-cantons#primaryimage"},"thumbnailUrl":"https:\/\/www.revuemusicale.ch\/wp-content\/uploads\/2024\/12\/DSC06548.jpg","datePublished":"2024-12-09T13:13:31+00:00","breadcrumb":{"@id":"https:\/\/www.revuemusicale.ch\/basis\/asem\/2024\/12\/jeunes-talents-musique-fort-engagement-dans-les-cantons#breadcrumb"},"inLanguage":"en-US","potentialAction":[{"@type":"ReadAction","target":["https:\/\/www.revuemusicale.ch\/basis\/asem\/2024\/12\/jeunes-talents-musique-fort-engagement-dans-les-cantons"]}]},{"@type":"ImageObject","inLanguage":"en-US","@id":"https:\/\/www.revuemusicale.ch\/basis\/asem\/2024\/12\/jeunes-talents-musique-fort-engagement-dans-les-cantons#primaryimage","url":"https:\/\/www.revuemusicale.ch\/wp-content\/uploads\/2024\/12\/DSC06548.jpg","contentUrl":"https:\/\/www.revuemusicale.ch\/wp-content\/uploads\/2024\/12\/DSC06548.jpg"},{"@type":"BreadcrumbList","@id":"https:\/\/www.revuemusicale.ch\/basis\/asem\/2024\/12\/jeunes-talents-musique-fort-engagement-dans-les-cantons#breadcrumb","itemListElement":[{"@type":"ListItem","position":1,"name":"Home","item":"https:\/\/www.revuemusicale.ch\/"},{"@type":"ListItem","position":2,"name":"Jeunes Talents Musique: fort engagement dans les cantons"}]},{"@type":"WebSite","@id":"https:\/\/www.revuemusicale.ch\/#website","url":"https:\/\/www.revuemusicale.ch\/","name":"Swiss Music Review","description":"","publisher":{"@id":"https:\/\/www.revuemusicale.ch\/#organization"},"potentialAction":[{"@type":"SearchAction","target":{"@type":"EntryPoint","urlTemplate":"https:\/\/www.revuemusicale.ch\/?s={search_term_string}"},"query-input":{"@type":"PropertyValueSpecification","valueRequired":true,"valueName":"search_term_string"}}],"inLanguage":"en-US"},{"@type":"Organization","@id":"https:\/\/www.revuemusicale.ch\/#organization","name":"Swiss Music Review","url":"https:\/\/www.revuemusicale.ch\/","logo":{"@type":"ImageObject","inLanguage":"en-US","@id":"https:\/\/www.revuemusicale.ch\/#\/schema\/logo\/image\/","url":"https:\/\/www.revuemusicale.ch\/wp-content\/uploads\/2023\/01\/logo_revuemusicale_musikzeitung.jpg","contentUrl":"https:\/\/www.revuemusicale.ch\/wp-content\/uploads\/2023\/01\/logo_revuemusicale_musikzeitung.jpg","width":1200,"height":243,"caption":"Revue Musicale Suisse"},"image":{"@id":"https:\/\/www.revuemusicale.ch\/#\/schema\/logo\/image\/"},"sameAs":["https:\/\/www.facebook.com\/SchweizerMusikzeitung\/","https:\/\/x.com\/smusikzeitung","https:\/\/www.instagram.com\/musikzeitung.ch\/?hl=de"]},{"@type":"Person","@id":"https:\/\/www.revuemusicale.ch\/#\/schema\/person\/e4ba37136bd24461e8c7874590a4762f","name":"Anicia Kohler","image":{"@type":"ImageObject","inLanguage":"en-US","@id":"https:\/\/secure.gravatar.com\/avatar\/6ea00b417b00b657b92c811768262d33fd76a3d20dcab3e19ff7f2a1eedf1412?s=96&d=mm&r=g","url":"https:\/\/secure.gravatar.com\/avatar\/6ea00b417b00b657b92c811768262d33fd76a3d20dcab3e19ff7f2a1eedf1412?s=96&d=mm&r=g","contentUrl":"https:\/\/secure.gravatar.com\/avatar\/6ea00b417b00b657b92c811768262d33fd76a3d20dcab3e19ff7f2a1eedf1412?s=96&d=mm&r=g","caption":"Anicia Kohler"},"url":"https:\/\/www.revuemusicale.ch\/en\/author\/anicia-kohler"}]}},"publishpress_future_action":{"enabled":false,"date":"1970-01-01 01:00:00","action":"change-status","newStatus":"draft","terms":[],"taxonomy":"category","extraData":[]},"publishpress_future_workflow_manual_trigger":{"enabledWorkflows":[]},"_links":{"self":[{"href":"https:\/\/www.revuemusicale.ch\/en\/wp-json\/wp\/v2\/posts\/31016","targetHints":{"allow":["GET"]}}],"collection":[{"href":"https:\/\/www.revuemusicale.ch\/en\/wp-json\/wp\/v2\/posts"}],"about":[{"href":"https:\/\/www.revuemusicale.ch\/en\/wp-json\/wp\/v2\/types\/post"}],"author":[{"embeddable":true,"href":"https:\/\/www.revuemusicale.ch\/en\/wp-json\/wp\/v2\/users\/21891"}],"replies":[{"embeddable":true,"href":"https:\/\/www.revuemusicale.ch\/en\/wp-json\/wp\/v2\/comments?post=31016"}],"version-history":[{"count":1,"href":"https:\/\/www.revuemusicale.ch\/en\/wp-json\/wp\/v2\/posts\/31016\/revisions"}],"predecessor-version":[{"id":31020,"href":"https:\/\/www.revuemusicale.ch\/en\/wp-json\/wp\/v2\/posts\/31016\/revisions\/31020"}],"wp:attachment":[{"href":"https:\/\/www.revuemusicale.ch\/en\/wp-json\/wp\/v2\/media?parent=31016"}],"wp:term":[{"taxonomy":"category","embeddable":true,"href":"https:\/\/www.revuemusicale.ch\/en\/wp-json\/wp\/v2\/categories?post=31016"},{"taxonomy":"post_tag","embeddable":true,"href":"https:\/\/www.revuemusicale.ch\/en\/wp-json\/wp\/v2\/tags?post=31016"}],"curies":[{"name":"wp","href":"https:\/\/api.w.org\/{rel}","templated":true}]}}