{"id":31063,"date":"2025-01-23T14:36:44","date_gmt":"2025-01-23T13:36:44","guid":{"rendered":"https:\/\/www.revuemusicale.ch\/?p=31063"},"modified":"2025-01-23T14:43:06","modified_gmt":"2025-01-23T13:43:06","slug":"linnovation-et-les-ecoles-de-musique-quelle-approche-adopter","status":"publish","type":"post","link":"https:\/\/www.revuemusicale.ch\/en\/basis\/asem\/2025\/01\/linnovation-et-les-ecoles-de-musique-quelle-approche-adopter","title":{"rendered":"Innovation and music schools: what approach to take?"},"content":{"rendered":"<figure id=\"attachment_31064\" aria-describedby=\"caption-attachment-31064\" style=\"width: 491px\" class=\"wp-caption alignnone\"><img loading=\"lazy\" decoding=\"async\" class=\"wp-image-31064\" src=\"https:\/\/www.revuemusicale.ch\/wp-content\/uploads\/2025\/01\/C2A3140.jpg\" alt=\"\" width=\"491\" height=\"327\" srcset=\"https:\/\/www.revuemusicale.ch\/wp-content\/uploads\/2025\/01\/C2A3140.jpg 1400w, https:\/\/www.revuemusicale.ch\/wp-content\/uploads\/2025\/01\/C2A3140-300x200.jpg 300w, https:\/\/www.revuemusicale.ch\/wp-content\/uploads\/2025\/01\/C2A3140-1024x683.jpg 1024w, https:\/\/www.revuemusicale.ch\/wp-content\/uploads\/2025\/01\/C2A3140-600x400.jpg 600w, https:\/\/www.revuemusicale.ch\/wp-content\/uploads\/2025\/01\/C2A3140-768x512.jpg 768w, https:\/\/www.revuemusicale.ch\/wp-content\/uploads\/2025\/01\/C2A3140-1536x1025.jpg 1536w, https:\/\/www.revuemusicale.ch\/wp-content\/uploads\/2025\/01\/C2A3140-18x12.jpg 18w, https:\/\/www.revuemusicale.ch\/wp-content\/uploads\/2025\/01\/C2A3140-262x175.jpg 262w, https:\/\/www.revuemusicale.ch\/wp-content\/uploads\/2025\/01\/C2A3140-525x350.jpg 525w, https:\/\/www.revuemusicale.ch\/wp-content\/uploads\/2025\/01\/C2A3140-1199x800.jpg 1199w, https:\/\/www.revuemusicale.ch\/wp-content\/uploads\/2025\/01\/C2A3140-920x614.jpg 920w\" sizes=\"auto, (max-width: 491px) 100vw, 491px\" \/><figcaption id=\"caption-attachment-31064\" class=\"wp-caption-text\">FFM: discussions and interviews (Photo: Gabi Pavanello)<\/figcaption><\/figure>\n<h3>Becoming a futurologist<\/h3>\n<p class=\"p1\">We live in a world that is constantly changing and evolving, and it's difficult, if not impossible, and above all pointless, to try to escape this reality: such was the general observation of the speakers. Raphael Gielgen encouraged audience members to take on the role of futurologist, and actively participate in shaping the future.<\/p>\n<p class=\"p1\">In his view, it's worth developing new skills and analyzing them. He considers the power of storytelling and ritual to help create a desirable future to be particularly important, and sees music as having particular potential for establishing such a link.<\/p>\n<p class=\"p1\">Barbara Josef also emphasized the power of \"we\": \"The challenge is to find a strong 'we' in an individualized world.\" It's about cultivating common values. She believes that the time for innovation and individuality is over: we are living in an era of \"omnicrise\", in which resilience and teamwork are more necessary than ever.<\/p>\n<h3 class=\"p1\"><b>Preserve, optimize - and reduce where necessary<\/b><b><\/b><\/h3>\n<p class=\"p1\">School development specialist Stephan Huber presented his BIO+ method. \"Schools need innovation\", he said in his introduction. The key question is strategy.<\/p>\n<p class=\"p1\">The BIO+ approach (an acronym for <b>b<\/b>ewahren (conserve), <b>i<\/b>nnovieren (to innovate) and <b>o<\/b>ptimieren (optimize), means striking a balance between these three aspects, while being mindful of available resources (reducing or suspending what is costly and of little use).<\/p>\n<p class=\"p1\">Stephan Huber also emphasized that it's better to look for treasures than mistakes, in the knowledge that the work is never finished, and that it's therefore wise to focus on what's positive and gratifying. In conclusion, he wished the principals present courage: \"Running a school means making courageous decisions. I wish you all the tact you need to do so.\"<\/p>\n<h3 class=\"p1\"><b>Artificial intelligence and music teaching<\/b><b><\/b><\/h3>\n<p class=\"p1\">How has artificial intelligence (AI) evolved? What can it do today - and how can we use it? After a historical sketch of AI by Gilbert Nouno (Haute \u00e9cole de musique de Gen\u00e8ve), Richard Eastes, who supported ASEM in developing a digital concept, gave concrete pointers on how to use ChatGPT.<\/p>\n<p class=\"p1\">For example, he stressed the importance of prompt engineering (<i>prompt engineering<\/i>): AI can only provide useful answers if it is assigned a role, a tone, a mission and a format in advance.<\/p>\n<p class=\"p1\">With regard to music teaching, the two speakers see four tasks for AI: that of reference work, assistant, sparring partner and pen-pusher. Various concrete applications are proposed for this purpose, such as AI-based playback, or the preparation of exercises or an exercise program.<\/p>\n<p class=\"p1\">Finally, they asked the AI to summarize the conference in the form of a song. ChatGPT wrote a text, and the Suno music tool composed the music to accompany it in the styles requested (Trash Metal and Reggae). Extract from the generated texts: \"Algorithmen tanzen durch die Melodie, verleihen der Musik neue Magie.\" (Algorithms dance with melody, giving music a new magic).<\/p>\n<h3 class=\"p1\"><b>Building tomorrow's music school with Legos<\/b><b><\/b><\/h3>\n<p class=\"p1\">Last but not least, participants discussed the <i>design thinking<\/i> with the Zukunftslabor team in Baden. \"We want to get down to work straight away\", announced Simona Hofmann: identifying needs, developing ideas and prototypes, applying and perfecting them. The participants, divided into four different workshops, examined various issues relating to the music school institution and computer-aided music composition.<\/p>\n<p class=\"p1\">\"It was great to be able to build Legos again,\" said one participant at the Lego Serious Play workshop, where the ideal music school was built and discussed, but also laughed at - as in the other rooms elsewhere. At the end, the ideas for new events\/concerts and target groups developed in a very short time garnered much applause, as did the songs that several groups had created with the help of AI.<\/p>\n<figure id=\"attachment_31066\" aria-describedby=\"caption-attachment-31066\" style=\"width: 507px\" class=\"wp-caption alignnone\"><img loading=\"lazy\" decoding=\"async\" class=\"wp-image-31066\" src=\"https:\/\/www.revuemusicale.ch\/wp-content\/uploads\/2025\/01\/C2A4070.jpg\" alt=\"\" width=\"507\" height=\"338\" srcset=\"https:\/\/www.revuemusicale.ch\/wp-content\/uploads\/2025\/01\/C2A4070.jpg 1400w, https:\/\/www.revuemusicale.ch\/wp-content\/uploads\/2025\/01\/C2A4070-300x200.jpg 300w, https:\/\/www.revuemusicale.ch\/wp-content\/uploads\/2025\/01\/C2A4070-1024x683.jpg 1024w, https:\/\/www.revuemusicale.ch\/wp-content\/uploads\/2025\/01\/C2A4070-600x400.jpg 600w, https:\/\/www.revuemusicale.ch\/wp-content\/uploads\/2025\/01\/C2A4070-768x512.jpg 768w, https:\/\/www.revuemusicale.ch\/wp-content\/uploads\/2025\/01\/C2A4070-1536x1025.jpg 1536w, https:\/\/www.revuemusicale.ch\/wp-content\/uploads\/2025\/01\/C2A4070-18x12.jpg 18w, https:\/\/www.revuemusicale.ch\/wp-content\/uploads\/2025\/01\/C2A4070-262x175.jpg 262w, https:\/\/www.revuemusicale.ch\/wp-content\/uploads\/2025\/01\/C2A4070-525x350.jpg 525w, https:\/\/www.revuemusicale.ch\/wp-content\/uploads\/2025\/01\/C2A4070-1199x800.jpg 1199w, https:\/\/www.revuemusicale.ch\/wp-content\/uploads\/2025\/01\/C2A4070-920x614.jpg 920w\" sizes=\"auto, (max-width: 507px) 100vw, 507px\" \/><figcaption id=\"caption-attachment-31066\" class=\"wp-caption-text\">Lego Serious Play (Photo: Gabi Pavanello)<\/figcaption><\/figure>\n<h3 class=\"p1\"><b>Two first prizes for inclusive projects<\/b><b><\/b><\/h3>\n<p class=\"p1\">As part of the best practice competition, ten innovative projects from Swiss music schools were presented to the jury and the public by means of videos and live interviews. The M\u00fcnchenstein School of Music was awarded second prize for its project \"<a href=\"https:\/\/www.verband-musikschulen.ch\/media\/Wettbewerb%202024\/Infografiken\/06_Musikschule%20M%C3%BCnchenstein_standard.pdf\"><span class=\"s1\">Klingende Schulen<\/span><\/a>\"and the People's Choice Award went to <span class=\"s2\">the Alpnach music school for its \"Musikschule plus\" school development project. <\/span><\/p>\n<p class=\"p1\"><span class=\"s2\">The jury unanimously decided to award not one, but two first prizes, one to <\/span>Oberemmental music school for \"<a href=\"https:\/\/www.verband-musikschulen.ch\/media\/Wettbewerb%202024\/Infografiken\/07_MS%20Oberemmental%20WB%20standard.pdf\"><span class=\"s3\">The Happy Fridays<\/span><\/a>\"the other to the Ecole de jazz et de musique actuelle EJMA Valais for its \"<a href=\"https:\/\/www.verband-musikschulen.ch\/media\/Wettbewerb%202024\/Infografiken\/01_EJMA%20Valais_final%20Druck%20digital_1.pdf\">Musicians beyond disability<\/a>\"(more details in the next issue).<\/p>\n<h3 class=\"p1\"><b>Live on air: the radio bus<\/b><b><\/b><\/h3>\n<p class=\"p1\">A class from the Baden cantonal school produced a live broadcast with the Pestalozzi Children's Foundation radio bus, and asked the guests some fascinating questions. Over the course of the year, the radio bus will visit music schools all over Switzerland - an action undertaken as part of the 50th anniversary of the Pestalozzi Children's Foundation.<span class=\"s4\"><sup>e<\/sup><\/span> anniversary.<\/p>\n<p class=\"p1\">A special event marked the launch of the jubilee: the unveiling of ASEM's new visual identity. The new logo plays on the visual representation of frequencies, and the colors are fresh and cheerful: a first highlight for ASEM's fiftieth anniversary year.<\/p>\n<figure id=\"attachment_31065\" aria-describedby=\"caption-attachment-31065\" style=\"width: 530px\" class=\"wp-caption alignnone\"><img loading=\"lazy\" decoding=\"async\" class=\"wp-image-31065\" src=\"https:\/\/www.revuemusicale.ch\/wp-content\/uploads\/2025\/01\/C2A3458.jpg\" alt=\"\" width=\"530\" height=\"353\" srcset=\"https:\/\/www.revuemusicale.ch\/wp-content\/uploads\/2025\/01\/C2A3458.jpg 1400w, https:\/\/www.revuemusicale.ch\/wp-content\/uploads\/2025\/01\/C2A3458-300x200.jpg 300w, https:\/\/www.revuemusicale.ch\/wp-content\/uploads\/2025\/01\/C2A3458-1024x683.jpg 1024w, https:\/\/www.revuemusicale.ch\/wp-content\/uploads\/2025\/01\/C2A3458-600x400.jpg 600w, https:\/\/www.revuemusicale.ch\/wp-content\/uploads\/2025\/01\/C2A3458-768x512.jpg 768w, https:\/\/www.revuemusicale.ch\/wp-content\/uploads\/2025\/01\/C2A3458-1536x1025.jpg 1536w, https:\/\/www.revuemusicale.ch\/wp-content\/uploads\/2025\/01\/C2A3458-18x12.jpg 18w, https:\/\/www.revuemusicale.ch\/wp-content\/uploads\/2025\/01\/C2A3458-262x175.jpg 262w, https:\/\/www.revuemusicale.ch\/wp-content\/uploads\/2025\/01\/C2A3458-525x350.jpg 525w, https:\/\/www.revuemusicale.ch\/wp-content\/uploads\/2025\/01\/C2A3458-1199x800.jpg 1199w, https:\/\/www.revuemusicale.ch\/wp-content\/uploads\/2025\/01\/C2A3458-920x614.jpg 920w\" sizes=\"auto, (max-width: 530px) 100vw, 530px\" \/><figcaption id=\"caption-attachment-31065\" class=\"wp-caption-text\">Radiobus: the tour begins (Photo: Gabi Pavanello)<\/figcaption><\/figure>","protected":false},"excerpt":{"rendered":"<p>Around 200 participants gathered in Baden on January 17 and 18 for the Music Training Forum. They discussed innovation, participation and design thinking. Guest speakers such as vitra trend watcher Raphael Gielgen, economist and entrepreneur Barbara Josef, and artificial intelligence specialist Raphael-Emmanuel Eastes tackled fundamental questions, which then led to intensive discussions over a shared buffet.<\/p>","protected":false},"author":21891,"featured_media":0,"comment_status":"closed","ping_status":"closed","sticky":false,"template":"","format":"standard","meta":{"_acf_changed":false,"_relevanssi_hide_post":"","_relevanssi_hide_content":"","_relevanssi_pin_for_all":"","_relevanssi_pin_keywords":"","_relevanssi_unpin_keywords":"","_relevanssi_related_keywords":"","_relevanssi_related_include_ids":"","_relevanssi_related_exclude_ids":"","_relevanssi_related_no_append":"","_relevanssi_related_not_related":"","_relevanssi_related_posts":"","_relevanssi_noindex_reason":"","pgc_sgb_lightbox_settings":"","footnotes":""},"categories":[56],"tags":[],"class_list":["post-31063","post","type-post","status-publish","format-standard","hentry","category-asem"],"acf":[],"yoast_head":"<!-- This site is optimized with the Yoast SEO plugin v27.3 - https:\/\/yoast.com\/product\/yoast-seo-wordpress\/ -->\n<title>L\u2019innovation et les \u00e9coles de musique: quelle approche adopter? - Revue Musicale Suisse<\/title>\n<meta name=\"robots\" content=\"index, follow, max-snippet:-1, max-image-preview:large, max-video-preview:-1\" \/>\n<link rel=\"canonical\" href=\"https:\/\/www.revuemusicale.ch\/en\/basis\/asem\/2025\/01\/linnovation-et-les-ecoles-de-musique-quelle-approche-adopter\/\" \/>\n<meta property=\"og:locale\" content=\"en_US\" \/>\n<meta property=\"og:type\" content=\"article\" \/>\n<meta property=\"og:title\" content=\"L\u2019innovation et les \u00e9coles de musique: quelle approche adopter? - Revue Musicale Suisse\" \/>\n<meta property=\"og:description\" content=\"Environ 200 participantes et participants se sont retrouv\u00e9s les 17 et 18 janvier \u00e0 Baden lors du Forum sur la formation musicale. Ils y ont discut\u00e9 d\u2019innovation, de participation et de design thinking. Les personnes invit\u00e9es, comme Raphael Gielgen, observateur de tendances \u00e0 vitra, Barbara Josef, \u00e9conomiste et entrepreneure, ou encore le sp\u00e9cialiste en intelligence artificielle Raphael-Emmanuel Eastes, ont abord\u00e9 des questions de fond, qui ont ensuite donn\u00e9 lieu \u00e0 des discussions intensives lors d\u2019un buffet pris en commun.\" \/>\n<meta property=\"og:url\" content=\"https:\/\/www.revuemusicale.ch\/en\/basis\/asem\/2025\/01\/linnovation-et-les-ecoles-de-musique-quelle-approche-adopter\/\" \/>\n<meta property=\"og:site_name\" content=\"Revue Musicale Suisse\" \/>\n<meta property=\"article:publisher\" content=\"https:\/\/www.facebook.com\/SchweizerMusikzeitung\/\" \/>\n<meta property=\"article:published_time\" content=\"2025-01-23T13:36:44+00:00\" \/>\n<meta property=\"article:modified_time\" content=\"2025-01-23T13:43:06+00:00\" \/>\n<meta property=\"og:image\" content=\"https:\/\/www.revuemusicale.ch\/wp-content\/uploads\/2025\/01\/C2A3140.jpg\" \/>\n<meta name=\"author\" content=\"Anicia Kohler\" \/>\n<meta name=\"twitter:card\" content=\"summary_large_image\" \/>\n<meta name=\"twitter:creator\" content=\"@smusikzeitung\" \/>\n<meta name=\"twitter:site\" content=\"@smusikzeitung\" \/>\n<meta name=\"twitter:label1\" content=\"Written by\" \/>\n\t<meta name=\"twitter:data1\" content=\"Anicia Kohler\" \/>\n\t<meta name=\"twitter:label2\" content=\"Est. reading time\" \/>\n\t<meta name=\"twitter:data2\" content=\"6 minutes\" \/>\n<script type=\"application\/ld+json\" class=\"yoast-schema-graph\">{\"@context\":\"https:\\\/\\\/schema.org\",\"@graph\":[{\"@type\":\"Article\",\"@id\":\"https:\\\/\\\/www.revuemusicale.ch\\\/basis\\\/asem\\\/2025\\\/01\\\/linnovation-et-les-ecoles-de-musique-quelle-approche-adopter#article\",\"isPartOf\":{\"@id\":\"https:\\\/\\\/www.revuemusicale.ch\\\/basis\\\/asem\\\/2025\\\/01\\\/linnovation-et-les-ecoles-de-musique-quelle-approche-adopter\"},\"author\":{\"name\":\"Anicia Kohler\",\"@id\":\"https:\\\/\\\/www.revuemusicale.ch\\\/#\\\/schema\\\/person\\\/e4ba37136bd24461e8c7874590a4762f\"},\"headline\":\"L\u2019innovation et les \u00e9coles de musique: quelle approche adopter?\",\"datePublished\":\"2025-01-23T13:36:44+00:00\",\"dateModified\":\"2025-01-23T13:43:06+00:00\",\"mainEntityOfPage\":{\"@id\":\"https:\\\/\\\/www.revuemusicale.ch\\\/basis\\\/asem\\\/2025\\\/01\\\/linnovation-et-les-ecoles-de-musique-quelle-approche-adopter\"},\"wordCount\":1120,\"publisher\":{\"@id\":\"https:\\\/\\\/www.revuemusicale.ch\\\/#organization\"},\"image\":{\"@id\":\"https:\\\/\\\/www.revuemusicale.ch\\\/basis\\\/asem\\\/2025\\\/01\\\/linnovation-et-les-ecoles-de-musique-quelle-approche-adopter#primaryimage\"},\"thumbnailUrl\":\"https:\\\/\\\/www.revuemusicale.ch\\\/wp-content\\\/uploads\\\/2025\\\/01\\\/C2A3140.jpg\",\"articleSection\":[\"ASEM\"],\"inLanguage\":\"en-US\"},{\"@type\":\"WebPage\",\"@id\":\"https:\\\/\\\/www.revuemusicale.ch\\\/basis\\\/asem\\\/2025\\\/01\\\/linnovation-et-les-ecoles-de-musique-quelle-approche-adopter\",\"url\":\"https:\\\/\\\/www.revuemusicale.ch\\\/basis\\\/asem\\\/2025\\\/01\\\/linnovation-et-les-ecoles-de-musique-quelle-approche-adopter\",\"name\":\"L\u2019innovation et les \u00e9coles de musique: quelle approche adopter? - Revue Musicale Suisse\",\"isPartOf\":{\"@id\":\"https:\\\/\\\/www.revuemusicale.ch\\\/#website\"},\"primaryImageOfPage\":{\"@id\":\"https:\\\/\\\/www.revuemusicale.ch\\\/basis\\\/asem\\\/2025\\\/01\\\/linnovation-et-les-ecoles-de-musique-quelle-approche-adopter#primaryimage\"},\"image\":{\"@id\":\"https:\\\/\\\/www.revuemusicale.ch\\\/basis\\\/asem\\\/2025\\\/01\\\/linnovation-et-les-ecoles-de-musique-quelle-approche-adopter#primaryimage\"},\"thumbnailUrl\":\"https:\\\/\\\/www.revuemusicale.ch\\\/wp-content\\\/uploads\\\/2025\\\/01\\\/C2A3140.jpg\",\"datePublished\":\"2025-01-23T13:36:44+00:00\",\"dateModified\":\"2025-01-23T13:43:06+00:00\",\"breadcrumb\":{\"@id\":\"https:\\\/\\\/www.revuemusicale.ch\\\/basis\\\/asem\\\/2025\\\/01\\\/linnovation-et-les-ecoles-de-musique-quelle-approche-adopter#breadcrumb\"},\"inLanguage\":\"en-US\",\"potentialAction\":[{\"@type\":\"ReadAction\",\"target\":[\"https:\\\/\\\/www.revuemusicale.ch\\\/basis\\\/asem\\\/2025\\\/01\\\/linnovation-et-les-ecoles-de-musique-quelle-approche-adopter\"]}]},{\"@type\":\"ImageObject\",\"inLanguage\":\"en-US\",\"@id\":\"https:\\\/\\\/www.revuemusicale.ch\\\/basis\\\/asem\\\/2025\\\/01\\\/linnovation-et-les-ecoles-de-musique-quelle-approche-adopter#primaryimage\",\"url\":\"https:\\\/\\\/www.revuemusicale.ch\\\/wp-content\\\/uploads\\\/2025\\\/01\\\/C2A3140.jpg\",\"contentUrl\":\"https:\\\/\\\/www.revuemusicale.ch\\\/wp-content\\\/uploads\\\/2025\\\/01\\\/C2A3140.jpg\"},{\"@type\":\"BreadcrumbList\",\"@id\":\"https:\\\/\\\/www.revuemusicale.ch\\\/basis\\\/asem\\\/2025\\\/01\\\/linnovation-et-les-ecoles-de-musique-quelle-approche-adopter#breadcrumb\",\"itemListElement\":[{\"@type\":\"ListItem\",\"position\":1,\"name\":\"Home\",\"item\":\"https:\\\/\\\/www.revuemusicale.ch\\\/\"},{\"@type\":\"ListItem\",\"position\":2,\"name\":\"L\u2019innovation et les \u00e9coles de musique: quelle approche adopter?\"}]},{\"@type\":\"WebSite\",\"@id\":\"https:\\\/\\\/www.revuemusicale.ch\\\/#website\",\"url\":\"https:\\\/\\\/www.revuemusicale.ch\\\/\",\"name\":\"Revue Musicale Suisse\",\"description\":\"\",\"publisher\":{\"@id\":\"https:\\\/\\\/www.revuemusicale.ch\\\/#organization\"},\"potentialAction\":[{\"@type\":\"SearchAction\",\"target\":{\"@type\":\"EntryPoint\",\"urlTemplate\":\"https:\\\/\\\/www.revuemusicale.ch\\\/?s={search_term_string}\"},\"query-input\":{\"@type\":\"PropertyValueSpecification\",\"valueRequired\":true,\"valueName\":\"search_term_string\"}}],\"inLanguage\":\"en-US\"},{\"@type\":\"Organization\",\"@id\":\"https:\\\/\\\/www.revuemusicale.ch\\\/#organization\",\"name\":\"Revue Musicale Suisse\",\"url\":\"https:\\\/\\\/www.revuemusicale.ch\\\/\",\"logo\":{\"@type\":\"ImageObject\",\"inLanguage\":\"en-US\",\"@id\":\"https:\\\/\\\/www.revuemusicale.ch\\\/#\\\/schema\\\/logo\\\/image\\\/\",\"url\":\"https:\\\/\\\/www.revuemusicale.ch\\\/wp-content\\\/uploads\\\/2023\\\/01\\\/logo_revuemusicale_musikzeitung.jpg\",\"contentUrl\":\"https:\\\/\\\/www.revuemusicale.ch\\\/wp-content\\\/uploads\\\/2023\\\/01\\\/logo_revuemusicale_musikzeitung.jpg\",\"width\":1200,\"height\":243,\"caption\":\"Revue Musicale Suisse\"},\"image\":{\"@id\":\"https:\\\/\\\/www.revuemusicale.ch\\\/#\\\/schema\\\/logo\\\/image\\\/\"},\"sameAs\":[\"https:\\\/\\\/www.facebook.com\\\/SchweizerMusikzeitung\\\/\",\"https:\\\/\\\/x.com\\\/smusikzeitung\",\"https:\\\/\\\/www.instagram.com\\\/musikzeitung.ch\\\/?hl=de\"]},{\"@type\":\"Person\",\"@id\":\"https:\\\/\\\/www.revuemusicale.ch\\\/#\\\/schema\\\/person\\\/e4ba37136bd24461e8c7874590a4762f\",\"name\":\"Anicia Kohler\",\"image\":{\"@type\":\"ImageObject\",\"inLanguage\":\"en-US\",\"@id\":\"https:\\\/\\\/secure.gravatar.com\\\/avatar\\\/6ea00b417b00b657b92c811768262d33fd76a3d20dcab3e19ff7f2a1eedf1412?s=96&d=mm&r=g\",\"url\":\"https:\\\/\\\/secure.gravatar.com\\\/avatar\\\/6ea00b417b00b657b92c811768262d33fd76a3d20dcab3e19ff7f2a1eedf1412?s=96&d=mm&r=g\",\"contentUrl\":\"https:\\\/\\\/secure.gravatar.com\\\/avatar\\\/6ea00b417b00b657b92c811768262d33fd76a3d20dcab3e19ff7f2a1eedf1412?s=96&d=mm&r=g\",\"caption\":\"Anicia Kohler\"},\"url\":\"https:\\\/\\\/www.revuemusicale.ch\\\/en\\\/author\\\/anicia-kohler\"}]}<\/script>\n<!-- \/ Yoast SEO plugin. -->","yoast_head_json":{"title":"L\u2019innovation et les \u00e9coles de musique: quelle approche adopter? - Revue Musicale Suisse","robots":{"index":"index","follow":"follow","max-snippet":"max-snippet:-1","max-image-preview":"max-image-preview:large","max-video-preview":"max-video-preview:-1"},"canonical":"https:\/\/www.revuemusicale.ch\/en\/basis\/asem\/2025\/01\/linnovation-et-les-ecoles-de-musique-quelle-approche-adopter\/","og_locale":"en_US","og_type":"article","og_title":"L\u2019innovation et les \u00e9coles de musique: quelle approche adopter? - Revue Musicale Suisse","og_description":"Environ 200 participantes et participants se sont retrouv\u00e9s les 17 et 18 janvier \u00e0 Baden lors du Forum sur la formation musicale. Ils y ont discut\u00e9 d\u2019innovation, de participation et de design thinking. Les personnes invit\u00e9es, comme Raphael Gielgen, observateur de tendances \u00e0 vitra, Barbara Josef, \u00e9conomiste et entrepreneure, ou encore le sp\u00e9cialiste en intelligence artificielle Raphael-Emmanuel Eastes, ont abord\u00e9 des questions de fond, qui ont ensuite donn\u00e9 lieu \u00e0 des discussions intensives lors d\u2019un buffet pris en commun.","og_url":"https:\/\/www.revuemusicale.ch\/en\/basis\/asem\/2025\/01\/linnovation-et-les-ecoles-de-musique-quelle-approche-adopter\/","og_site_name":"Revue Musicale Suisse","article_publisher":"https:\/\/www.facebook.com\/SchweizerMusikzeitung\/","article_published_time":"2025-01-23T13:36:44+00:00","article_modified_time":"2025-01-23T13:43:06+00:00","og_image":[{"url":"https:\/\/www.revuemusicale.ch\/wp-content\/uploads\/2025\/01\/C2A3140.jpg","type":"","width":"","height":""}],"author":"Anicia Kohler","twitter_card":"summary_large_image","twitter_creator":"@smusikzeitung","twitter_site":"@smusikzeitung","twitter_misc":{"Written by":"Anicia Kohler","Est. reading time":"6 minutes"},"schema":{"@context":"https:\/\/schema.org","@graph":[{"@type":"Article","@id":"https:\/\/www.revuemusicale.ch\/basis\/asem\/2025\/01\/linnovation-et-les-ecoles-de-musique-quelle-approche-adopter#article","isPartOf":{"@id":"https:\/\/www.revuemusicale.ch\/basis\/asem\/2025\/01\/linnovation-et-les-ecoles-de-musique-quelle-approche-adopter"},"author":{"name":"Anicia Kohler","@id":"https:\/\/www.revuemusicale.ch\/#\/schema\/person\/e4ba37136bd24461e8c7874590a4762f"},"headline":"L\u2019innovation et les \u00e9coles de musique: quelle approche adopter?","datePublished":"2025-01-23T13:36:44+00:00","dateModified":"2025-01-23T13:43:06+00:00","mainEntityOfPage":{"@id":"https:\/\/www.revuemusicale.ch\/basis\/asem\/2025\/01\/linnovation-et-les-ecoles-de-musique-quelle-approche-adopter"},"wordCount":1120,"publisher":{"@id":"https:\/\/www.revuemusicale.ch\/#organization"},"image":{"@id":"https:\/\/www.revuemusicale.ch\/basis\/asem\/2025\/01\/linnovation-et-les-ecoles-de-musique-quelle-approche-adopter#primaryimage"},"thumbnailUrl":"https:\/\/www.revuemusicale.ch\/wp-content\/uploads\/2025\/01\/C2A3140.jpg","articleSection":["ASEM"],"inLanguage":"en-US"},{"@type":"WebPage","@id":"https:\/\/www.revuemusicale.ch\/basis\/asem\/2025\/01\/linnovation-et-les-ecoles-de-musique-quelle-approche-adopter","url":"https:\/\/www.revuemusicale.ch\/basis\/asem\/2025\/01\/linnovation-et-les-ecoles-de-musique-quelle-approche-adopter","name":"L\u2019innovation et les \u00e9coles de musique: quelle approche adopter? - Revue Musicale Suisse","isPartOf":{"@id":"https:\/\/www.revuemusicale.ch\/#website"},"primaryImageOfPage":{"@id":"https:\/\/www.revuemusicale.ch\/basis\/asem\/2025\/01\/linnovation-et-les-ecoles-de-musique-quelle-approche-adopter#primaryimage"},"image":{"@id":"https:\/\/www.revuemusicale.ch\/basis\/asem\/2025\/01\/linnovation-et-les-ecoles-de-musique-quelle-approche-adopter#primaryimage"},"thumbnailUrl":"https:\/\/www.revuemusicale.ch\/wp-content\/uploads\/2025\/01\/C2A3140.jpg","datePublished":"2025-01-23T13:36:44+00:00","dateModified":"2025-01-23T13:43:06+00:00","breadcrumb":{"@id":"https:\/\/www.revuemusicale.ch\/basis\/asem\/2025\/01\/linnovation-et-les-ecoles-de-musique-quelle-approche-adopter#breadcrumb"},"inLanguage":"en-US","potentialAction":[{"@type":"ReadAction","target":["https:\/\/www.revuemusicale.ch\/basis\/asem\/2025\/01\/linnovation-et-les-ecoles-de-musique-quelle-approche-adopter"]}]},{"@type":"ImageObject","inLanguage":"en-US","@id":"https:\/\/www.revuemusicale.ch\/basis\/asem\/2025\/01\/linnovation-et-les-ecoles-de-musique-quelle-approche-adopter#primaryimage","url":"https:\/\/www.revuemusicale.ch\/wp-content\/uploads\/2025\/01\/C2A3140.jpg","contentUrl":"https:\/\/www.revuemusicale.ch\/wp-content\/uploads\/2025\/01\/C2A3140.jpg"},{"@type":"BreadcrumbList","@id":"https:\/\/www.revuemusicale.ch\/basis\/asem\/2025\/01\/linnovation-et-les-ecoles-de-musique-quelle-approche-adopter#breadcrumb","itemListElement":[{"@type":"ListItem","position":1,"name":"Home","item":"https:\/\/www.revuemusicale.ch\/"},{"@type":"ListItem","position":2,"name":"L\u2019innovation et les \u00e9coles de musique: quelle approche adopter?"}]},{"@type":"WebSite","@id":"https:\/\/www.revuemusicale.ch\/#website","url":"https:\/\/www.revuemusicale.ch\/","name":"Swiss Music Review","description":"","publisher":{"@id":"https:\/\/www.revuemusicale.ch\/#organization"},"potentialAction":[{"@type":"SearchAction","target":{"@type":"EntryPoint","urlTemplate":"https:\/\/www.revuemusicale.ch\/?s={search_term_string}"},"query-input":{"@type":"PropertyValueSpecification","valueRequired":true,"valueName":"search_term_string"}}],"inLanguage":"en-US"},{"@type":"Organization","@id":"https:\/\/www.revuemusicale.ch\/#organization","name":"Swiss Music Review","url":"https:\/\/www.revuemusicale.ch\/","logo":{"@type":"ImageObject","inLanguage":"en-US","@id":"https:\/\/www.revuemusicale.ch\/#\/schema\/logo\/image\/","url":"https:\/\/www.revuemusicale.ch\/wp-content\/uploads\/2023\/01\/logo_revuemusicale_musikzeitung.jpg","contentUrl":"https:\/\/www.revuemusicale.ch\/wp-content\/uploads\/2023\/01\/logo_revuemusicale_musikzeitung.jpg","width":1200,"height":243,"caption":"Revue Musicale Suisse"},"image":{"@id":"https:\/\/www.revuemusicale.ch\/#\/schema\/logo\/image\/"},"sameAs":["https:\/\/www.facebook.com\/SchweizerMusikzeitung\/","https:\/\/x.com\/smusikzeitung","https:\/\/www.instagram.com\/musikzeitung.ch\/?hl=de"]},{"@type":"Person","@id":"https:\/\/www.revuemusicale.ch\/#\/schema\/person\/e4ba37136bd24461e8c7874590a4762f","name":"Anicia Kohler","image":{"@type":"ImageObject","inLanguage":"en-US","@id":"https:\/\/secure.gravatar.com\/avatar\/6ea00b417b00b657b92c811768262d33fd76a3d20dcab3e19ff7f2a1eedf1412?s=96&d=mm&r=g","url":"https:\/\/secure.gravatar.com\/avatar\/6ea00b417b00b657b92c811768262d33fd76a3d20dcab3e19ff7f2a1eedf1412?s=96&d=mm&r=g","contentUrl":"https:\/\/secure.gravatar.com\/avatar\/6ea00b417b00b657b92c811768262d33fd76a3d20dcab3e19ff7f2a1eedf1412?s=96&d=mm&r=g","caption":"Anicia Kohler"},"url":"https:\/\/www.revuemusicale.ch\/en\/author\/anicia-kohler"}]}},"publishpress_future_action":{"enabled":false,"date":"1970-01-01 01:00:00","action":"change-status","newStatus":"draft","terms":[],"taxonomy":"category","extraData":[]},"publishpress_future_workflow_manual_trigger":{"enabledWorkflows":[]},"_links":{"self":[{"href":"https:\/\/www.revuemusicale.ch\/en\/wp-json\/wp\/v2\/posts\/31063","targetHints":{"allow":["GET"]}}],"collection":[{"href":"https:\/\/www.revuemusicale.ch\/en\/wp-json\/wp\/v2\/posts"}],"about":[{"href":"https:\/\/www.revuemusicale.ch\/en\/wp-json\/wp\/v2\/types\/post"}],"author":[{"embeddable":true,"href":"https:\/\/www.revuemusicale.ch\/en\/wp-json\/wp\/v2\/users\/21891"}],"replies":[{"embeddable":true,"href":"https:\/\/www.revuemusicale.ch\/en\/wp-json\/wp\/v2\/comments?post=31063"}],"version-history":[{"count":3,"href":"https:\/\/www.revuemusicale.ch\/en\/wp-json\/wp\/v2\/posts\/31063\/revisions"}],"predecessor-version":[{"id":31069,"href":"https:\/\/www.revuemusicale.ch\/en\/wp-json\/wp\/v2\/posts\/31063\/revisions\/31069"}],"wp:attachment":[{"href":"https:\/\/www.revuemusicale.ch\/en\/wp-json\/wp\/v2\/media?parent=31063"}],"wp:term":[{"taxonomy":"category","embeddable":true,"href":"https:\/\/www.revuemusicale.ch\/en\/wp-json\/wp\/v2\/categories?post=31063"},{"taxonomy":"post_tag","embeddable":true,"href":"https:\/\/www.revuemusicale.ch\/en\/wp-json\/wp\/v2\/tags?post=31063"}],"curies":[{"name":"wp","href":"https:\/\/api.w.org\/{rel}","templated":true}]}}